{"id":301073,"date":"2025-01-28T11:45:05","date_gmt":"2025-01-28T10:45:05","guid":{"rendered":null},"modified":"2025-01-28T11:50:45","modified_gmt":"2025-01-28T10:50:45","slug":"el-supremo-rechaza-anular-el-nombramiento-de-garcia-ortiz-como-fiscal-general-del-estado","status":"publish","type":"post","link":"https:\/\/www.eltriangle.eu\/es\/2025\/01\/28\/el-supremo-rechaza-anular-el-nombramiento-de-garcia-ortiz-como-fiscal-general-del-estado\/","title":{"rendered":"El Supremo rechaza anular el nombramiento de Garc\u00eda Ortiz como fiscal general del Estado"},"content":{"rendered":"<p>La secci\u00f3n cuarta de la sala tercera del <strong>Tribunal Supremo<\/strong> ha desestimado el recurso contencioso administrativo que la <strong>Asociaci\u00f3n Profesional Independiente de Fiscales (APIF)<\/strong> hab\u00eda interpuesto contra el decreto de nombramiento de <strong>\u00c1lvaro Garc\u00eda Ortiz<\/strong> como fiscal general del Estado. La APIF argumentaba en el escrito que Garc\u00eda Ortiz no es id\u00f3neo para ocupar el cargo porque no es un jurista de \u00abreconocido prestigio\u00bb.<\/p>\n<p>Los magistrados del Supremo, sin embargo, han rechazado el recurso por unanimidad un d\u00eda antes de que el fiscal general comparezca ante el alto tribunal para declarar como investigado por un supuesto delito de revelaci\u00f3n de secretos, en relaci\u00f3n con la filtraci\u00f3n del correo del abogado de <strong>Alberto Gonz\u00e1lez Amador<\/strong>, la pareja de la presidenta de la Comunidad de Madrid, <strong> Isabel D\u00edaz Ayuso<\/strong>.<\/p>\n","protected":false},"excerpt":{"rendered":"<p>La secci\u00f3n cuarta de la sala tercera del Tribunal Supremo ha desestimado el recurso contencioso administrativo que la Asociaci\u00f3n Profesional Independiente de Fiscales (APIF) hab\u00eda interpuesto contra el decreto de nombramiento de \u00c1lvaro Garc\u00eda Ortiz como fiscal general del Estado. La APIF argumentaba en el escrito que Garc\u00eda Ortiz no es id\u00f3neo para ocupar el &#8230; <a title=\"El Supremo rechaza anular el nombramiento de Garc\u00eda Ortiz como fiscal general del Estado\" class=\"read-more\" href=\"https:\/\/www.eltriangle.eu\/es\/2025\/01\/28\/el-supremo-rechaza-anular-el-nombramiento-de-garcia-ortiz-como-fiscal-general-del-estado\/\" aria-label=\"Leer m\u00e1s sobre El Supremo rechaza anular el nombramiento de Garc\u00eda Ortiz como fiscal general del Estado\">Leer m\u00e1s<\/a><\/p>\n","protected":false},"author":179,"featured_media":241758,"comment_status":"open","ping_status":"closed","sticky":false,"template":"","format":"standard","meta":{"_acf_changed":false,"pmpro_default_level":"","footnotes":""},"categories":[24,74,96],"tags":[3928,279],"class_list":["post-301073","post","type-post","status-publish","format-standard","has-post-thumbnail","hentry","category-actualidad","category-poderes","category-tribunales","tag-alvaro-garcia-ortiz-es","tag-tribunal-supremo","lh_instant_articles-syndicate-yes","pmpro-has-access"],"acf":[],"yoast_head":"<!-- This site is optimized with the Yoast SEO plugin v27.4 - https:\/\/yoast.com\/product\/yoast-seo-wordpress\/ -->\n<title>El Supremo rechaza anular el nombramiento de Garc\u00eda Ortiz como fiscal general del Estado - El Triangle<\/title>\n<meta name=\"description\" content=\"La secci\u00f3n cuarta de la sala tercera del Tribunal Supremo ha desestimado el recurso contencioso administrativo que la Asociaci\u00f3n Profesional Independiente\" class=\"yoast-seo-meta-tag\" \/>\n<meta name=\"robots\" content=\"index, follow, max-snippet:-1, max-image-preview:large, max-video-preview:-1\" \/>\n<link rel=\"canonical\" href=\"https:\/\/www.eltriangle.eu\/es\/2025\/01\/28\/el-supremo-rechaza-anular-el-nombramiento-de-garcia-ortiz-como-fiscal-general-del-estado\/\" class=\"yoast-seo-meta-tag\" \/>\n<meta property=\"og:locale\" content=\"es_ES\" class=\"yoast-seo-meta-tag\" \/>\n<meta property=\"og:type\" content=\"article\" class=\"yoast-seo-meta-tag\" \/>\n<meta property=\"og:title\" content=\"El Supremo rechaza anular el nombramiento de Garc\u00eda Ortiz como fiscal general del Estado - El Triangle\" class=\"yoast-seo-meta-tag\" \/>\n<meta property=\"og:description\" content=\"La secci\u00f3n cuarta de la sala tercera del Tribunal Supremo ha desestimado el recurso contencioso administrativo que la Asociaci\u00f3n Profesional Independiente\" class=\"yoast-seo-meta-tag\" \/>\n<meta property=\"og:url\" content=\"https:\/\/www.eltriangle.eu\/es\/2025\/01\/28\/el-supremo-rechaza-anular-el-nombramiento-de-garcia-ortiz-como-fiscal-general-del-estado\/\" class=\"yoast-seo-meta-tag\" \/>\n<meta property=\"og:site_name\" content=\"El Triangle\" class=\"yoast-seo-meta-tag\" \/>\n<meta property=\"article:publisher\" content=\"https:\/\/www.facebook.com\/El-Triangle-Diari-101787399020302\" class=\"yoast-seo-meta-tag\" \/>\n<meta property=\"article:published_time\" content=\"2025-01-28T10:45:05+00:00\" class=\"yoast-seo-meta-tag\" \/>\n<meta property=\"article:modified_time\" content=\"2025-01-28T10:50:45+00:00\" class=\"yoast-seo-meta-tag\" \/>\n<meta property=\"og:image\" content=\"https:\/\/www.eltriangle.eu\/wp-content\/uploads\/2024\/02\/35793ca6-7be2-45f4-9b75-adbd2b7926ff-e1707322458371.jpg\" class=\"yoast-seo-meta-tag\" \/>\n\t<meta property=\"og:image:width\" content=\"1200\" class=\"yoast-seo-meta-tag\" \/>\n\t<meta property=\"og:image:height\" content=\"800\" class=\"yoast-seo-meta-tag\" \/>\n\t<meta property=\"og:image:type\" content=\"image\/jpeg\" class=\"yoast-seo-meta-tag\" \/>\n<meta name=\"author\" content=\"Redacci\u00f3 \/ ACN\" class=\"yoast-seo-meta-tag\" \/>\n<meta name=\"twitter:card\" content=\"summary_large_image\" class=\"yoast-seo-meta-tag\" \/>\n<meta name=\"twitter:creator\" content=\"@El_Triangle\" class=\"yoast-seo-meta-tag\" \/>\n<meta name=\"twitter:site\" content=\"@El_Triangle\" class=\"yoast-seo-meta-tag\" \/>\n<meta name=\"twitter:label1\" content=\"Escrito por\" class=\"yoast-seo-meta-tag\" \/>\n\t<meta name=\"twitter:data1\" content=\"Redacci\u00f3 \/ ACN\" class=\"yoast-seo-meta-tag\" \/>\n\t<meta name=\"twitter:label2\" content=\"Tiempo de lectura\" class=\"yoast-seo-meta-tag\" \/>\n\t<meta name=\"twitter:data2\" content=\"1 minuto\" class=\"yoast-seo-meta-tag\" \/>\n<script type=\"application\/ld+json\" class=\"yoast-schema-graph\">{\"@context\":\"https:\\\/\\\/schema.org\",\"@graph\":[{\"@type\":\"NewsArticle\",\"@id\":\"https:\\\/\\\/www.eltriangle.eu\\\/es\\\/2025\\\/01\\\/28\\\/el-supremo-rechaza-anular-el-nombramiento-de-garcia-ortiz-como-fiscal-general-del-estado\\\/#article\",\"isPartOf\":{\"@id\":\"https:\\\/\\\/www.eltriangle.eu\\\/es\\\/2025\\\/01\\\/28\\\/el-supremo-rechaza-anular-el-nombramiento-de-garcia-ortiz-como-fiscal-general-del-estado\\\/\"},\"author\":{\"name\":\"Redacci\u00f3 \\\/ ACN\",\"@id\":\"https:\\\/\\\/www.eltriangle.eu\\\/es\\\/#\\\/schema\\\/person\\\/6e5938f06dd4dcd413779558fbf437d9\"},\"headline\":\"El Supremo rechaza anular el nombramiento de Garc\u00eda Ortiz como fiscal general del Estado\",\"datePublished\":\"2025-01-28T10:45:05+00:00\",\"dateModified\":\"2025-01-28T10:50:45+00:00\",\"mainEntityOfPage\":{\"@id\":\"https:\\\/\\\/www.eltriangle.eu\\\/es\\\/2025\\\/01\\\/28\\\/el-supremo-rechaza-anular-el-nombramiento-de-garcia-ortiz-como-fiscal-general-del-estado\\\/\"},\"wordCount\":154,\"commentCount\":0,\"publisher\":{\"@id\":\"https:\\\/\\\/www.eltriangle.eu\\\/es\\\/#organization\"},\"image\":{\"@id\":\"https:\\\/\\\/www.eltriangle.eu\\\/es\\\/2025\\\/01\\\/28\\\/el-supremo-rechaza-anular-el-nombramiento-de-garcia-ortiz-como-fiscal-general-del-estado\\\/#primaryimage\"},\"thumbnailUrl\":\"https:\\\/\\\/www.eltriangle.eu\\\/wp-content\\\/uploads\\\/2024\\\/02\\\/35793ca6-7be2-45f4-9b75-adbd2b7926ff-e1707322458371.jpg\",\"keywords\":[\"\u00c1lvaro Garc\u00eda Ortiz\",\"Tribunal Supremo\"],\"articleSection\":[\"Actualidad\",\"Poderes\",\"Tribunales\"],\"inLanguage\":\"es\",\"potentialAction\":[{\"@type\":\"CommentAction\",\"name\":\"Comment\",\"target\":[\"https:\\\/\\\/www.eltriangle.eu\\\/es\\\/2025\\\/01\\\/28\\\/el-supremo-rechaza-anular-el-nombramiento-de-garcia-ortiz-como-fiscal-general-del-estado\\\/#respond\"]}]},{\"@type\":\"WebPage\",\"@id\":\"https:\\\/\\\/www.eltriangle.eu\\\/es\\\/2025\\\/01\\\/28\\\/el-supremo-rechaza-anular-el-nombramiento-de-garcia-ortiz-como-fiscal-general-del-estado\\\/\",\"url\":\"https:\\\/\\\/www.eltriangle.eu\\\/es\\\/2025\\\/01\\\/28\\\/el-supremo-rechaza-anular-el-nombramiento-de-garcia-ortiz-como-fiscal-general-del-estado\\\/\",\"name\":\"El Supremo rechaza anular el nombramiento de Garc\u00eda Ortiz como fiscal general del Estado - El Triangle\",\"isPartOf\":{\"@id\":\"https:\\\/\\\/www.eltriangle.eu\\\/es\\\/#website\"},\"primaryImageOfPage\":{\"@id\":\"https:\\\/\\\/www.eltriangle.eu\\\/es\\\/2025\\\/01\\\/28\\\/el-supremo-rechaza-anular-el-nombramiento-de-garcia-ortiz-como-fiscal-general-del-estado\\\/#primaryimage\"},\"image\":{\"@id\":\"https:\\\/\\\/www.eltriangle.eu\\\/es\\\/2025\\\/01\\\/28\\\/el-supremo-rechaza-anular-el-nombramiento-de-garcia-ortiz-como-fiscal-general-del-estado\\\/#primaryimage\"},\"thumbnailUrl\":\"https:\\\/\\\/www.eltriangle.eu\\\/wp-content\\\/uploads\\\/2024\\\/02\\\/35793ca6-7be2-45f4-9b75-adbd2b7926ff-e1707322458371.jpg\",\"datePublished\":\"2025-01-28T10:45:05+00:00\",\"dateModified\":\"2025-01-28T10:50:45+00:00\",\"description\":\"La secci\u00f3n cuarta de la sala tercera del Tribunal Supremo ha desestimado el recurso contencioso administrativo que la Asociaci\u00f3n Profesional Independiente\",\"breadcrumb\":{\"@id\":\"https:\\\/\\\/www.eltriangle.eu\\\/es\\\/2025\\\/01\\\/28\\\/el-supremo-rechaza-anular-el-nombramiento-de-garcia-ortiz-como-fiscal-general-del-estado\\\/#breadcrumb\"},\"inLanguage\":\"es\",\"potentialAction\":[{\"@type\":\"ReadAction\",\"target\":[\"https:\\\/\\\/www.eltriangle.eu\\\/es\\\/2025\\\/01\\\/28\\\/el-supremo-rechaza-anular-el-nombramiento-de-garcia-ortiz-como-fiscal-general-del-estado\\\/\"]}]},{\"@type\":\"ImageObject\",\"inLanguage\":\"es\",\"@id\":\"https:\\\/\\\/www.eltriangle.eu\\\/es\\\/2025\\\/01\\\/28\\\/el-supremo-rechaza-anular-el-nombramiento-de-garcia-ortiz-como-fiscal-general-del-estado\\\/#primaryimage\",\"url\":\"https:\\\/\\\/www.eltriangle.eu\\\/wp-content\\\/uploads\\\/2024\\\/02\\\/35793ca6-7be2-45f4-9b75-adbd2b7926ff-e1707322458371.jpg\",\"contentUrl\":\"https:\\\/\\\/www.eltriangle.eu\\\/wp-content\\\/uploads\\\/2024\\\/02\\\/35793ca6-7be2-45f4-9b75-adbd2b7926ff-e1707322458371.jpg\",\"width\":1200,\"height\":800,\"caption\":\"El fiscal general del Estado, \u00c1lvaro Garc\u00eda Ortiz, momentos antes de la Junta de Fiscales de Catalu\u00f1a (ACN)\"},{\"@type\":\"BreadcrumbList\",\"@id\":\"https:\\\/\\\/www.eltriangle.eu\\\/es\\\/2025\\\/01\\\/28\\\/el-supremo-rechaza-anular-el-nombramiento-de-garcia-ortiz-como-fiscal-general-del-estado\\\/#breadcrumb\",\"itemListElement\":[{\"@type\":\"ListItem\",\"position\":1,\"name\":\"Portada\",\"item\":\"https:\\\/\\\/www.eltriangle.eu\\\/es\\\/\"},{\"@type\":\"ListItem\",\"position\":2,\"name\":\"El Supremo rechaza anular el nombramiento de Garc\u00eda Ortiz como fiscal general del Estado\"}]},{\"@type\":\"WebSite\",\"@id\":\"https:\\\/\\\/www.eltriangle.eu\\\/es\\\/#website\",\"url\":\"https:\\\/\\\/www.eltriangle.eu\\\/es\\\/\",\"name\":\"El Triangle\",\"description\":\"El Triangle \u00e9s un Diari d&#039;informaci\u00f3 general, editat a Catalunya i escrit en llengua catalana, especialitzat en investigaci\u00f3 period\u00edstica\",\"publisher\":{\"@id\":\"https:\\\/\\\/www.eltriangle.eu\\\/es\\\/#organization\"},\"potentialAction\":[{\"@type\":\"SearchAction\",\"target\":{\"@type\":\"EntryPoint\",\"urlTemplate\":\"https:\\\/\\\/www.eltriangle.eu\\\/es\\\/?s={search_term_string}\"},\"query-input\":{\"@type\":\"PropertyValueSpecification\",\"valueRequired\":true,\"valueName\":\"search_term_string\"}}],\"inLanguage\":\"es\"},{\"@type\":[\"Organization\",\"NewsMediaOrganization\"],\"@id\":\"https:\\\/\\\/www.eltriangle.eu\\\/es\\\/#organization\",\"name\":\"El Triangle\",\"url\":\"https:\\\/\\\/www.eltriangle.eu\\\/es\\\/\",\"logo\":{\"@type\":\"ImageObject\",\"inLanguage\":\"es\",\"@id\":\"https:\\\/\\\/www.eltriangle.eu\\\/es\\\/#\\\/schema\\\/logo\\\/image\\\/\",\"url\":\"https:\\\/\\\/www.eltriangle.eu\\\/wp-content\\\/uploads\\\/2020\\\/11\\\/triangle_logo-ajustado.jpg\",\"contentUrl\":\"https:\\\/\\\/www.eltriangle.eu\\\/wp-content\\\/uploads\\\/2020\\\/11\\\/triangle_logo-ajustado.jpg\",\"width\":521,\"height\":92,\"caption\":\"El Triangle\"},\"image\":{\"@id\":\"https:\\\/\\\/www.eltriangle.eu\\\/es\\\/#\\\/schema\\\/logo\\\/image\\\/\"},\"sameAs\":[\"https:\\\/\\\/www.facebook.com\\\/El-Triangle-Diari-101787399020302\",\"https:\\\/\\\/x.com\\\/El_Triangle\",\"https:\\\/\\\/www.youtube.com\\\/channel\\\/UCTIjmYEMYSpdGonuAgNhbcg\"]},{\"@type\":\"Person\",\"@id\":\"https:\\\/\\\/www.eltriangle.eu\\\/es\\\/#\\\/schema\\\/person\\\/6e5938f06dd4dcd413779558fbf437d9\",\"name\":\"Redacci\u00f3 \\\/ ACN\",\"image\":{\"@type\":\"ImageObject\",\"inLanguage\":\"es\",\"@id\":\"\\\/\\\/www.gravatar.com\\\/avatar\\\/a5bc366245a614da74d9f8d49d1b53bf?s=96&#038;r=g&#038;d=mm\",\"url\":\"\\\/\\\/www.gravatar.com\\\/avatar\\\/a5bc366245a614da74d9f8d49d1b53bf?s=96&#038;r=g&#038;d=mm\",\"contentUrl\":\"\\\/\\\/www.gravatar.com\\\/avatar\\\/a5bc366245a614da74d9f8d49d1b53bf?s=96&#038;r=g&#038;d=mm\",\"caption\":\"Redacci\u00f3 \\\/ ACN\"},\"url\":\"https:\\\/\\\/www.eltriangle.eu\\\/es\\\/author\\\/redaccioacn\\\/\"},{\"@type\":\"SiteNavigationElement\",\"@id\":\"https:\\\/\\\/www.eltriangle.eu\\\/es\\\/#site-navigation\",\"cssSelector\":[\".cib-main-menu\"]},{\"@type\":\"WPHeader\",\"@id\":\"https:\\\/\\\/www.eltriangle.eu\\\/es\\\/#header\",\"cssSelector\":[\".cib-header\"]},{\"@type\":\"WPFooter\",\"@id\":\"https:\\\/\\\/www.eltriangle.eu\\\/es\\\/#footer\",\"cssSelector\":[\".cib-footer\"]}]}<\/script>\n<!-- \/ Yoast SEO plugin. -->","yoast_head_json":{"title":"El Supremo rechaza anular el nombramiento de Garc\u00eda Ortiz como fiscal general del Estado - El Triangle","description":"La secci\u00f3n cuarta de la sala tercera del Tribunal Supremo ha desestimado el recurso contencioso administrativo que la Asociaci\u00f3n Profesional Independiente","robots":{"index":"index","follow":"follow","max-snippet":"max-snippet:-1","max-image-preview":"max-image-preview:large","max-video-preview":"max-video-preview:-1"},"canonical":"https:\/\/www.eltriangle.eu\/es\/2025\/01\/28\/el-supremo-rechaza-anular-el-nombramiento-de-garcia-ortiz-como-fiscal-general-del-estado\/","og_locale":"es_ES","og_type":"article","og_title":"El Supremo rechaza anular el nombramiento de Garc\u00eda Ortiz como fiscal general del Estado - El Triangle","og_description":"La secci\u00f3n cuarta de la sala tercera del Tribunal Supremo ha desestimado el recurso contencioso administrativo que la Asociaci\u00f3n Profesional Independiente","og_url":"https:\/\/www.eltriangle.eu\/es\/2025\/01\/28\/el-supremo-rechaza-anular-el-nombramiento-de-garcia-ortiz-como-fiscal-general-del-estado\/","og_site_name":"El Triangle","article_publisher":"https:\/\/www.facebook.com\/El-Triangle-Diari-101787399020302","article_published_time":"2025-01-28T10:45:05+00:00","article_modified_time":"2025-01-28T10:50:45+00:00","og_image":[{"width":1200,"height":800,"url":"https:\/\/www.eltriangle.eu\/wp-content\/uploads\/2024\/02\/35793ca6-7be2-45f4-9b75-adbd2b7926ff-e1707322458371.jpg","type":"image\/jpeg"}],"author":"Redacci\u00f3 \/ ACN","twitter_card":"summary_large_image","twitter_creator":"@El_Triangle","twitter_site":"@El_Triangle","twitter_misc":{"Escrito por":"Redacci\u00f3 \/ ACN","Tiempo de lectura":"1 minuto"},"schema":{"@context":"https:\/\/schema.org","@graph":[{"@type":"NewsArticle","@id":"https:\/\/www.eltriangle.eu\/es\/2025\/01\/28\/el-supremo-rechaza-anular-el-nombramiento-de-garcia-ortiz-como-fiscal-general-del-estado\/#article","isPartOf":{"@id":"https:\/\/www.eltriangle.eu\/es\/2025\/01\/28\/el-supremo-rechaza-anular-el-nombramiento-de-garcia-ortiz-como-fiscal-general-del-estado\/"},"author":{"name":"Redacci\u00f3 \/ ACN","@id":"https:\/\/www.eltriangle.eu\/es\/#\/schema\/person\/6e5938f06dd4dcd413779558fbf437d9"},"headline":"El Supremo rechaza anular el nombramiento de Garc\u00eda Ortiz como fiscal general del Estado","datePublished":"2025-01-28T10:45:05+00:00","dateModified":"2025-01-28T10:50:45+00:00","mainEntityOfPage":{"@id":"https:\/\/www.eltriangle.eu\/es\/2025\/01\/28\/el-supremo-rechaza-anular-el-nombramiento-de-garcia-ortiz-como-fiscal-general-del-estado\/"},"wordCount":154,"commentCount":0,"publisher":{"@id":"https:\/\/www.eltriangle.eu\/es\/#organization"},"image":{"@id":"https:\/\/www.eltriangle.eu\/es\/2025\/01\/28\/el-supremo-rechaza-anular-el-nombramiento-de-garcia-ortiz-como-fiscal-general-del-estado\/#primaryimage"},"thumbnailUrl":"https:\/\/www.eltriangle.eu\/wp-content\/uploads\/2024\/02\/35793ca6-7be2-45f4-9b75-adbd2b7926ff-e1707322458371.jpg","keywords":["\u00c1lvaro Garc\u00eda Ortiz","Tribunal Supremo"],"articleSection":["Actualidad","Poderes","Tribunales"],"inLanguage":"es","potentialAction":[{"@type":"CommentAction","name":"Comment","target":["https:\/\/www.eltriangle.eu\/es\/2025\/01\/28\/el-supremo-rechaza-anular-el-nombramiento-de-garcia-ortiz-como-fiscal-general-del-estado\/#respond"]}]},{"@type":"WebPage","@id":"https:\/\/www.eltriangle.eu\/es\/2025\/01\/28\/el-supremo-rechaza-anular-el-nombramiento-de-garcia-ortiz-como-fiscal-general-del-estado\/","url":"https:\/\/www.eltriangle.eu\/es\/2025\/01\/28\/el-supremo-rechaza-anular-el-nombramiento-de-garcia-ortiz-como-fiscal-general-del-estado\/","name":"El Supremo rechaza anular el nombramiento de Garc\u00eda Ortiz como fiscal general del Estado - El Triangle","isPartOf":{"@id":"https:\/\/www.eltriangle.eu\/es\/#website"},"primaryImageOfPage":{"@id":"https:\/\/www.eltriangle.eu\/es\/2025\/01\/28\/el-supremo-rechaza-anular-el-nombramiento-de-garcia-ortiz-como-fiscal-general-del-estado\/#primaryimage"},"image":{"@id":"https:\/\/www.eltriangle.eu\/es\/2025\/01\/28\/el-supremo-rechaza-anular-el-nombramiento-de-garcia-ortiz-como-fiscal-general-del-estado\/#primaryimage"},"thumbnailUrl":"https:\/\/www.eltriangle.eu\/wp-content\/uploads\/2024\/02\/35793ca6-7be2-45f4-9b75-adbd2b7926ff-e1707322458371.jpg","datePublished":"2025-01-28T10:45:05+00:00","dateModified":"2025-01-28T10:50:45+00:00","description":"La secci\u00f3n cuarta de la sala tercera del Tribunal Supremo ha desestimado el recurso contencioso administrativo que la Asociaci\u00f3n Profesional Independiente","breadcrumb":{"@id":"https:\/\/www.eltriangle.eu\/es\/2025\/01\/28\/el-supremo-rechaza-anular-el-nombramiento-de-garcia-ortiz-como-fiscal-general-del-estado\/#breadcrumb"},"inLanguage":"es","potentialAction":[{"@type":"ReadAction","target":["https:\/\/www.eltriangle.eu\/es\/2025\/01\/28\/el-supremo-rechaza-anular-el-nombramiento-de-garcia-ortiz-como-fiscal-general-del-estado\/"]}]},{"@type":"ImageObject","inLanguage":"es","@id":"https:\/\/www.eltriangle.eu\/es\/2025\/01\/28\/el-supremo-rechaza-anular-el-nombramiento-de-garcia-ortiz-como-fiscal-general-del-estado\/#primaryimage","url":"https:\/\/www.eltriangle.eu\/wp-content\/uploads\/2024\/02\/35793ca6-7be2-45f4-9b75-adbd2b7926ff-e1707322458371.jpg","contentUrl":"https:\/\/www.eltriangle.eu\/wp-content\/uploads\/2024\/02\/35793ca6-7be2-45f4-9b75-adbd2b7926ff-e1707322458371.jpg","width":1200,"height":800,"caption":"El fiscal general del Estado, \u00c1lvaro Garc\u00eda Ortiz, momentos antes de la Junta de Fiscales de Catalu\u00f1a (ACN)"},{"@type":"BreadcrumbList","@id":"https:\/\/www.eltriangle.eu\/es\/2025\/01\/28\/el-supremo-rechaza-anular-el-nombramiento-de-garcia-ortiz-como-fiscal-general-del-estado\/#breadcrumb","itemListElement":[{"@type":"ListItem","position":1,"name":"Portada","item":"https:\/\/www.eltriangle.eu\/es\/"},{"@type":"ListItem","position":2,"name":"El Supremo rechaza anular el nombramiento de Garc\u00eda Ortiz como fiscal general del Estado"}]},{"@type":"WebSite","@id":"https:\/\/www.eltriangle.eu\/es\/#website","url":"https:\/\/www.eltriangle.eu\/es\/","name":"El Triangle","description":"El Triangle \u00e9s un Diari d&#039;informaci\u00f3 general, editat a Catalunya i escrit en llengua catalana, especialitzat en investigaci\u00f3 period\u00edstica","publisher":{"@id":"https:\/\/www.eltriangle.eu\/es\/#organization"},"potentialAction":[{"@type":"SearchAction","target":{"@type":"EntryPoint","urlTemplate":"https:\/\/www.eltriangle.eu\/es\/?s={search_term_string}"},"query-input":{"@type":"PropertyValueSpecification","valueRequired":true,"valueName":"search_term_string"}}],"inLanguage":"es"},{"@type":["Organization","NewsMediaOrganization"],"@id":"https:\/\/www.eltriangle.eu\/es\/#organization","name":"El Triangle","url":"https:\/\/www.eltriangle.eu\/es\/","logo":{"@type":"ImageObject","inLanguage":"es","@id":"https:\/\/www.eltriangle.eu\/es\/#\/schema\/logo\/image\/","url":"https:\/\/www.eltriangle.eu\/wp-content\/uploads\/2020\/11\/triangle_logo-ajustado.jpg","contentUrl":"https:\/\/www.eltriangle.eu\/wp-content\/uploads\/2020\/11\/triangle_logo-ajustado.jpg","width":521,"height":92,"caption":"El Triangle"},"image":{"@id":"https:\/\/www.eltriangle.eu\/es\/#\/schema\/logo\/image\/"},"sameAs":["https:\/\/www.facebook.com\/El-Triangle-Diari-101787399020302","https:\/\/x.com\/El_Triangle","https:\/\/www.youtube.com\/channel\/UCTIjmYEMYSpdGonuAgNhbcg"]},{"@type":"Person","@id":"https:\/\/www.eltriangle.eu\/es\/#\/schema\/person\/6e5938f06dd4dcd413779558fbf437d9","name":"Redacci\u00f3 \/ ACN","image":{"@type":"ImageObject","inLanguage":"es","@id":"\/\/www.gravatar.com\/avatar\/a5bc366245a614da74d9f8d49d1b53bf?s=96&#038;r=g&#038;d=mm","url":"\/\/www.gravatar.com\/avatar\/a5bc366245a614da74d9f8d49d1b53bf?s=96&#038;r=g&#038;d=mm","contentUrl":"\/\/www.gravatar.com\/avatar\/a5bc366245a614da74d9f8d49d1b53bf?s=96&#038;r=g&#038;d=mm","caption":"Redacci\u00f3 \/ ACN"},"url":"https:\/\/www.eltriangle.eu\/es\/author\/redaccioacn\/"},{"@type":"SiteNavigationElement","@id":"https:\/\/www.eltriangle.eu\/es\/#site-navigation","cssSelector":[".cib-main-menu"]},{"@type":"WPHeader","@id":"https:\/\/www.eltriangle.eu\/es\/#header","cssSelector":[".cib-header"]},{"@type":"WPFooter","@id":"https:\/\/www.eltriangle.eu\/es\/#footer","cssSelector":[".cib-footer"]}]}},"amp_enabled":true,"_links":{"self":[{"href":"https:\/\/www.eltriangle.eu\/es\/wp-json\/wp\/v2\/posts\/301073","targetHints":{"allow":["GET"]}}],"collection":[{"href":"https:\/\/www.eltriangle.eu\/es\/wp-json\/wp\/v2\/posts"}],"about":[{"href":"https:\/\/www.eltriangle.eu\/es\/wp-json\/wp\/v2\/types\/post"}],"author":[{"embeddable":true,"href":"https:\/\/www.eltriangle.eu\/es\/wp-json\/wp\/v2\/users\/179"}],"replies":[{"embeddable":true,"href":"https:\/\/www.eltriangle.eu\/es\/wp-json\/wp\/v2\/comments?post=301073"}],"version-history":[{"count":0,"href":"https:\/\/www.eltriangle.eu\/es\/wp-json\/wp\/v2\/posts\/301073\/revisions"}],"wp:featuredmedia":[{"embeddable":true,"href":"https:\/\/www.eltriangle.eu\/es\/wp-json\/wp\/v2\/media\/241758"}],"wp:attachment":[{"href":"https:\/\/www.eltriangle.eu\/es\/wp-json\/wp\/v2\/media?parent=301073"}],"wp:term":[{"taxonomy":"category","embeddable":true,"href":"https:\/\/www.eltriangle.eu\/es\/wp-json\/wp\/v2\/categories?post=301073"},{"taxonomy":"post_tag","embeddable":true,"href":"https:\/\/www.eltriangle.eu\/es\/wp-json\/wp\/v2\/tags?post=301073"}],"curies":[{"name":"wp","href":"https:\/\/api.w.org\/{rel}","templated":true}]}}