{"id":300987,"date":"2025-01-28T09:14:44","date_gmt":"2025-01-28T08:14:44","guid":{"rendered":null},"modified":"2025-01-28T14:15:29","modified_gmt":"2025-01-28T13:15:29","slug":"valtonyc-acusa-a-comin-de-hacer-transferencias-personales-de-la-cuenta-del-consejo-de-la-republica","status":"publish","type":"post","link":"https:\/\/www.eltriangle.eu\/es\/2025\/01\/28\/valtonyc-acusa-a-comin-de-hacer-transferencias-personales-de-la-cuenta-del-consejo-de-la-republica\/","title":{"rendered":"Valt\u00f2nyc acusa a Com\u00edn de hacer \u00abtransferencias personales\u00bb de la cuenta del Consejo de la Rep\u00fablica"},"content":{"rendered":"<p>El <strong>rapero Valtonyc<\/strong> ha acusado a <strong>Toni Com\u00edn<\/strong> este lunes de hacer \u00abtransferencias personales\u00bb de la cuenta del<strong> Consell de la Rep\u00fablica<\/strong>. El rapero lo ha dicho despu\u00e9s de que el candidato a presidir la entidad soberanista se haya mostrado desconcertado hoy en rueda de prensa por un mensaje del artista en la red social X en el que recomendaba apartarlo de cualquier organizaci\u00f3n.<\/p>\n<p>Como respuesta a este desconcierto, Valtonyc ha colgado un comunicado en X en el que tambi\u00e9n afirma que \u00abprioriz\u00f3 el pago de deudas a una empresa de su confianza con las donaciones producidas por el retorno del presidente\u00bb <strong>Carles Puigdemont<\/strong>. \u00abNo puedo seguir silenciando estos hechos mientras se sigue manipulando la buena fe de la ciudadan\u00eda\u00bb, explica el cantante mallorqu\u00edn.<\/p>\n<p>En el comunicado, Valtonyc explica que al saber que la auditor\u00eda relacionada con los gastos de Com\u00edn al Consejo de la Rep\u00fablica se hab\u00eda rectificado abord\u00f3 el tema \u00absin imaginar que los responsables de la auditor\u00eda responder\u00edan con la contundencia de admitir que Com\u00edn estaba mintiendo y que hab\u00eda ejercido presiones para alterar los resultados\u00bb.<\/p>\n<p>Tambi\u00e9n indica que la \u00faltima vez que habl\u00f3 con Com\u00edn fue \u00abhace m\u00e1s de un a\u00f1o\u00bb, cuando le envi\u00f3 una carta inform\u00e1ndole de que \u00abcomo responsable inform\u00e1tico de las donaciones\u00bb al Consejo de la Rep\u00fablica \u00abhab\u00eda descubierto transferencias personales a su cuenta mientras las deudas del Consejo con los proveedores crec\u00edan y las donaciones disminu\u00edan\u00bb. \u00c9l mismo, afirma, era uno de esos proveedores, \u00abcon facturas pendientes de seis meses\u00bb.<\/p>\n<p>Asegura que cuando reclam\u00f3 el pago Com\u00edn lo tild\u00f3 \u00abde insolidario\u00bb porque los ingresos eran para proveedores \u00abcon m\u00e1s necesidades\u00bb, como los que eran padres de familia. \u00abEse d\u00eda volv\u00ed a vivir lo que hab\u00eda visto durante a\u00f1os: su uso reiterado del chantaje emocional\u00bb, afirma Valtonyc.<\/p>\n<p>Pero a\u00f1ade que gracias a su rol inform\u00e1tico en <strong>Catglobal<\/strong>, pod\u00eda ver los movimientos de las cuentas, un hecho que Com\u00edn \u00abignoraba\u00bb, y asegura que cuando m\u00e1s tarde lo \u00abconfront\u00f3\u00bb por estos hechos, \u00absu justificaci\u00f3n fue que el dinero era suyo, ya que una parte pertenec\u00eda a los exiliados, y que de hecho la caja de resistencia le deb\u00eda dinero\u00bb.<\/p>\n<p>Pero Valtonyc afirma que \u00absab\u00eda que ning\u00fan otro exiliado hab\u00eda hecho uso de estos fondos y muchos m\u00e1s de esta manera\u00bb. Y a\u00f1ade: \u00abM\u00e1s tarde intent\u00f3 justificarse con el coste del funeral de su madre, una afirmaci\u00f3n que descubr\u00ed que era falsa, ya que \u00e9ste hab\u00eda sido cubierto por otra asociaci\u00f3n\u00bb.<\/p>\n<p>Al mismo tiempo indica que \u00abuno de los \u00faltimos esc\u00e1ndalos\u00bb fue \u00abpriorizar el pago de deudas a una empresa de su confianza con las donaciones producidas por el retorno del presidente\u00bb Carles Puigdemont, fondos que \u00abpodr\u00edan haber servido para apoyar a los mossos suspendidos de trabajo\u00bb. \u00abYa pas\u00f3, que una persona que cuestion\u00f3 el trato favorable de esta empresa fue despedida injustamente\u00bb, remacha.<\/p>\n<p>Valtonyc asegura que ha \u00abcallado durante mucho tiempo por respeto\u00bb a personas como Puigdemont o <strong>Llu\u00eds Puig<\/strong>, a los que considera \u00abfamilia\u00bb. Pero a\u00f1ade que no puede \u00abseguir silenciando estos hechos mientras se sigue manipulando la buena fe de la ciudadan\u00eda\u00bb.<\/p>\n<p>Y acaba considerando Com\u00edn un pol\u00edtico \u00abh\u00e1bil\u00bb al que no ha apoyado nunca, \u00abcapaz de mantenerse en pie a pesar de los esc\u00e1ndalos\u00bb y un \u00abpeligro potencial si controla herramientas (en declive, pero a\u00fan potentes) como lo es el Consejo\u00bb.<\/p>\n<p>Al mismo tiempo le acusa de actuar \u00abde manera ego\u00edsta\u00bb durante las negociaciones de la amnist\u00eda \u00abpriorizando sus intereses personales por encima del bien colectivo\u00bb. Por todo ello anima a Junts per Catalunya a investigar \u00absi esta persona representa los valores que deber\u00eda defender en el Parlamento Europeo o en cualquier otra instituci\u00f3n en nombre de los ciudadanos de Catalu\u00f1a\u00bb.<\/p>\n","protected":false},"excerpt":{"rendered":"<p>El rapero Valtonyc ha acusado a Toni Com\u00edn este lunes de hacer \u00abtransferencias personales\u00bb de la cuenta del Consell de la Rep\u00fablica. El rapero lo ha dicho despu\u00e9s de que el candidato a presidir la entidad soberanista se haya mostrado desconcertado hoy en rueda de prensa por un mensaje del artista en la red social &#8230; <a title=\"Valt\u00f2nyc acusa a Com\u00edn de hacer \u00abtransferencias personales\u00bb de la cuenta del Consejo de la Rep\u00fablica\" class=\"read-more\" href=\"https:\/\/www.eltriangle.eu\/es\/2025\/01\/28\/valtonyc-acusa-a-comin-de-hacer-transferencias-personales-de-la-cuenta-del-consejo-de-la-republica\/\" aria-label=\"Leer m\u00e1s sobre Valt\u00f2nyc acusa a Com\u00edn de hacer \u00abtransferencias personales\u00bb de la cuenta del Consejo de la Rep\u00fablica\">Leer m\u00e1s<\/a><\/p>\n","protected":false},"author":93,"featured_media":224856,"comment_status":"open","ping_status":"closed","sticky":false,"template":"","format":"standard","meta":{"_acf_changed":false,"pmpro_default_level":"","footnotes":""},"categories":[24,74],"tags":[4500,6277,3703,690,306,460],"class_list":["post-300987","post","type-post","status-publish","format-standard","has-post-thumbnail","hentry","category-actualidad","category-poderes","tag-carles-puigdemont-es-3","tag-catglobal-es","tag-consell-de-la-republica-es","tag-lluis-puig-es","tag-toni-comin-es","tag-valtonyc-es","lh_instant_articles-syndicate-yes","pmpro-has-access"],"acf":[],"yoast_head":"<!-- This site is optimized with the Yoast SEO plugin v27.4 - https:\/\/yoast.com\/product\/yoast-seo-wordpress\/ -->\n<title>Valt\u00f2nyc acusa a Com\u00edn de hacer &quot;transferencias personales&quot; de la cuenta del Consejo de la Rep\u00fablica - El Triangle<\/title>\n<meta name=\"description\" content=\"El rapero Valtonyc ha acusado a Toni Com\u00edn este lunes de hacer &quot;transferencias personales&quot; de la cuenta del Consell de la Rep\u00fablica. El rapero lo ha dicho\" class=\"yoast-seo-meta-tag\" \/>\n<meta name=\"robots\" content=\"index, follow, max-snippet:-1, max-image-preview:large, max-video-preview:-1\" \/>\n<link rel=\"canonical\" href=\"https:\/\/www.eltriangle.eu\/es\/2025\/01\/28\/valtonyc-acusa-a-comin-de-hacer-transferencias-personales-de-la-cuenta-del-consejo-de-la-republica\/\" class=\"yoast-seo-meta-tag\" \/>\n<meta property=\"og:locale\" content=\"es_ES\" class=\"yoast-seo-meta-tag\" \/>\n<meta property=\"og:type\" content=\"article\" class=\"yoast-seo-meta-tag\" \/>\n<meta property=\"og:title\" content=\"Valt\u00f2nyc acusa a Com\u00edn de hacer &quot;transferencias personales&quot; de la cuenta del Consejo de la Rep\u00fablica - El Triangle\" class=\"yoast-seo-meta-tag\" \/>\n<meta property=\"og:description\" content=\"El rapero Valtonyc ha acusado a Toni Com\u00edn este lunes de hacer &quot;transferencias personales&quot; de la cuenta del Consell de la Rep\u00fablica. El rapero lo ha dicho\" class=\"yoast-seo-meta-tag\" \/>\n<meta property=\"og:url\" content=\"https:\/\/www.eltriangle.eu\/es\/2025\/01\/28\/valtonyc-acusa-a-comin-de-hacer-transferencias-personales-de-la-cuenta-del-consejo-de-la-republica\/\" class=\"yoast-seo-meta-tag\" \/>\n<meta property=\"og:site_name\" content=\"El Triangle\" class=\"yoast-seo-meta-tag\" \/>\n<meta property=\"article:publisher\" content=\"https:\/\/www.facebook.com\/El-Triangle-Diari-101787399020302\" class=\"yoast-seo-meta-tag\" \/>\n<meta property=\"article:published_time\" content=\"2025-01-28T08:14:44+00:00\" class=\"yoast-seo-meta-tag\" \/>\n<meta property=\"article:modified_time\" content=\"2025-01-28T13:15:29+00:00\" class=\"yoast-seo-meta-tag\" \/>\n<meta property=\"og:image\" content=\"https:\/\/www.eltriangle.eu\/wp-content\/uploads\/2023\/10\/captura-de-pantalla-2023-10-31-122120.jpg\" class=\"yoast-seo-meta-tag\" \/>\n\t<meta property=\"og:image:width\" content=\"1200\" class=\"yoast-seo-meta-tag\" \/>\n\t<meta property=\"og:image:height\" content=\"743\" class=\"yoast-seo-meta-tag\" \/>\n\t<meta property=\"og:image:type\" content=\"image\/jpeg\" class=\"yoast-seo-meta-tag\" \/>\n<meta name=\"author\" content=\"redaccio\" class=\"yoast-seo-meta-tag\" \/>\n<meta name=\"twitter:card\" content=\"summary_large_image\" class=\"yoast-seo-meta-tag\" \/>\n<meta name=\"twitter:creator\" content=\"@El_Triangle\" class=\"yoast-seo-meta-tag\" \/>\n<meta name=\"twitter:site\" content=\"@El_Triangle\" class=\"yoast-seo-meta-tag\" \/>\n<meta name=\"twitter:label1\" content=\"Escrito por\" class=\"yoast-seo-meta-tag\" \/>\n\t<meta name=\"twitter:data1\" content=\"redaccio\" class=\"yoast-seo-meta-tag\" \/>\n\t<meta name=\"twitter:label2\" content=\"Tiempo de lectura\" class=\"yoast-seo-meta-tag\" \/>\n\t<meta name=\"twitter:data2\" content=\"3 minutos\" class=\"yoast-seo-meta-tag\" \/>\n<script type=\"application\/ld+json\" class=\"yoast-schema-graph\">{\"@context\":\"https:\\\/\\\/schema.org\",\"@graph\":[{\"@type\":\"NewsArticle\",\"@id\":\"https:\\\/\\\/www.eltriangle.eu\\\/es\\\/2025\\\/01\\\/28\\\/valtonyc-acusa-a-comin-de-hacer-transferencias-personales-de-la-cuenta-del-consejo-de-la-republica\\\/#article\",\"isPartOf\":{\"@id\":\"https:\\\/\\\/www.eltriangle.eu\\\/es\\\/2025\\\/01\\\/28\\\/valtonyc-acusa-a-comin-de-hacer-transferencias-personales-de-la-cuenta-del-consejo-de-la-republica\\\/\"},\"author\":{\"name\":\"redaccio\",\"@id\":\"https:\\\/\\\/www.eltriangle.eu\\\/es\\\/#\\\/schema\\\/person\\\/7e5bff7fe0202e362b26fcec2bd6f383\"},\"headline\":\"Valt\u00f2nyc acusa a Com\u00edn de hacer \u00abtransferencias personales\u00bb de la cuenta del Consejo de la Rep\u00fablica\",\"datePublished\":\"2025-01-28T08:14:44+00:00\",\"dateModified\":\"2025-01-28T13:15:29+00:00\",\"mainEntityOfPage\":{\"@id\":\"https:\\\/\\\/www.eltriangle.eu\\\/es\\\/2025\\\/01\\\/28\\\/valtonyc-acusa-a-comin-de-hacer-transferencias-personales-de-la-cuenta-del-consejo-de-la-republica\\\/\"},\"wordCount\":690,\"commentCount\":0,\"publisher\":{\"@id\":\"https:\\\/\\\/www.eltriangle.eu\\\/es\\\/#organization\"},\"image\":{\"@id\":\"https:\\\/\\\/www.eltriangle.eu\\\/es\\\/2025\\\/01\\\/28\\\/valtonyc-acusa-a-comin-de-hacer-transferencias-personales-de-la-cuenta-del-consejo-de-la-republica\\\/#primaryimage\"},\"thumbnailUrl\":\"https:\\\/\\\/www.eltriangle.eu\\\/wp-content\\\/uploads\\\/2023\\\/10\\\/captura-de-pantalla-2023-10-31-122120.jpg\",\"keywords\":[\"Carles Puigdemont\",\"Catglobal\",\"Consell de la Rep\u00fablica\",\"Llu\u00eds Puig\",\"Toni Com\u00edn\",\"Valt\u00f2nyc\"],\"articleSection\":[\"Actualidad\",\"Poderes\"],\"inLanguage\":\"es\",\"potentialAction\":[{\"@type\":\"CommentAction\",\"name\":\"Comment\",\"target\":[\"https:\\\/\\\/www.eltriangle.eu\\\/es\\\/2025\\\/01\\\/28\\\/valtonyc-acusa-a-comin-de-hacer-transferencias-personales-de-la-cuenta-del-consejo-de-la-republica\\\/#respond\"]}]},{\"@type\":\"WebPage\",\"@id\":\"https:\\\/\\\/www.eltriangle.eu\\\/es\\\/2025\\\/01\\\/28\\\/valtonyc-acusa-a-comin-de-hacer-transferencias-personales-de-la-cuenta-del-consejo-de-la-republica\\\/\",\"url\":\"https:\\\/\\\/www.eltriangle.eu\\\/es\\\/2025\\\/01\\\/28\\\/valtonyc-acusa-a-comin-de-hacer-transferencias-personales-de-la-cuenta-del-consejo-de-la-republica\\\/\",\"name\":\"Valt\u00f2nyc acusa a Com\u00edn de hacer \\\"transferencias personales\\\" de la cuenta del Consejo de la Rep\u00fablica - El Triangle\",\"isPartOf\":{\"@id\":\"https:\\\/\\\/www.eltriangle.eu\\\/es\\\/#website\"},\"primaryImageOfPage\":{\"@id\":\"https:\\\/\\\/www.eltriangle.eu\\\/es\\\/2025\\\/01\\\/28\\\/valtonyc-acusa-a-comin-de-hacer-transferencias-personales-de-la-cuenta-del-consejo-de-la-republica\\\/#primaryimage\"},\"image\":{\"@id\":\"https:\\\/\\\/www.eltriangle.eu\\\/es\\\/2025\\\/01\\\/28\\\/valtonyc-acusa-a-comin-de-hacer-transferencias-personales-de-la-cuenta-del-consejo-de-la-republica\\\/#primaryimage\"},\"thumbnailUrl\":\"https:\\\/\\\/www.eltriangle.eu\\\/wp-content\\\/uploads\\\/2023\\\/10\\\/captura-de-pantalla-2023-10-31-122120.jpg\",\"datePublished\":\"2025-01-28T08:14:44+00:00\",\"dateModified\":\"2025-01-28T13:15:29+00:00\",\"description\":\"El rapero Valtonyc ha acusado a Toni Com\u00edn este lunes de hacer \\\"transferencias personales\\\" de la cuenta del Consell de la Rep\u00fablica. El rapero lo ha dicho\",\"breadcrumb\":{\"@id\":\"https:\\\/\\\/www.eltriangle.eu\\\/es\\\/2025\\\/01\\\/28\\\/valtonyc-acusa-a-comin-de-hacer-transferencias-personales-de-la-cuenta-del-consejo-de-la-republica\\\/#breadcrumb\"},\"inLanguage\":\"es\",\"potentialAction\":[{\"@type\":\"ReadAction\",\"target\":[\"https:\\\/\\\/www.eltriangle.eu\\\/es\\\/2025\\\/01\\\/28\\\/valtonyc-acusa-a-comin-de-hacer-transferencias-personales-de-la-cuenta-del-consejo-de-la-republica\\\/\"]}]},{\"@type\":\"ImageObject\",\"inLanguage\":\"es\",\"@id\":\"https:\\\/\\\/www.eltriangle.eu\\\/es\\\/2025\\\/01\\\/28\\\/valtonyc-acusa-a-comin-de-hacer-transferencias-personales-de-la-cuenta-del-consejo-de-la-republica\\\/#primaryimage\",\"url\":\"https:\\\/\\\/www.eltriangle.eu\\\/wp-content\\\/uploads\\\/2023\\\/10\\\/captura-de-pantalla-2023-10-31-122120.jpg\",\"contentUrl\":\"https:\\\/\\\/www.eltriangle.eu\\\/wp-content\\\/uploads\\\/2023\\\/10\\\/captura-de-pantalla-2023-10-31-122120.jpg\",\"width\":1200,\"height\":743,\"caption\":\"El rapero Valt\u00f2nyc despu\u00e9s de conocer la sentencia que rechazaba la extradici\u00f3n (ACN)\"},{\"@type\":\"BreadcrumbList\",\"@id\":\"https:\\\/\\\/www.eltriangle.eu\\\/es\\\/2025\\\/01\\\/28\\\/valtonyc-acusa-a-comin-de-hacer-transferencias-personales-de-la-cuenta-del-consejo-de-la-republica\\\/#breadcrumb\",\"itemListElement\":[{\"@type\":\"ListItem\",\"position\":1,\"name\":\"Portada\",\"item\":\"https:\\\/\\\/www.eltriangle.eu\\\/es\\\/\"},{\"@type\":\"ListItem\",\"position\":2,\"name\":\"Valt\u00f2nyc acusa a Com\u00edn de hacer \u00abtransferencias personales\u00bb de la cuenta del Consejo de la Rep\u00fablica\"}]},{\"@type\":\"WebSite\",\"@id\":\"https:\\\/\\\/www.eltriangle.eu\\\/es\\\/#website\",\"url\":\"https:\\\/\\\/www.eltriangle.eu\\\/es\\\/\",\"name\":\"El Triangle\",\"description\":\"El Triangle \u00e9s un Diari d&#039;informaci\u00f3 general, editat a Catalunya i escrit en llengua catalana, especialitzat en investigaci\u00f3 period\u00edstica\",\"publisher\":{\"@id\":\"https:\\\/\\\/www.eltriangle.eu\\\/es\\\/#organization\"},\"potentialAction\":[{\"@type\":\"SearchAction\",\"target\":{\"@type\":\"EntryPoint\",\"urlTemplate\":\"https:\\\/\\\/www.eltriangle.eu\\\/es\\\/?s={search_term_string}\"},\"query-input\":{\"@type\":\"PropertyValueSpecification\",\"valueRequired\":true,\"valueName\":\"search_term_string\"}}],\"inLanguage\":\"es\"},{\"@type\":[\"Organization\",\"NewsMediaOrganization\"],\"@id\":\"https:\\\/\\\/www.eltriangle.eu\\\/es\\\/#organization\",\"name\":\"El Triangle\",\"url\":\"https:\\\/\\\/www.eltriangle.eu\\\/es\\\/\",\"logo\":{\"@type\":\"ImageObject\",\"inLanguage\":\"es\",\"@id\":\"https:\\\/\\\/www.eltriangle.eu\\\/es\\\/#\\\/schema\\\/logo\\\/image\\\/\",\"url\":\"https:\\\/\\\/www.eltriangle.eu\\\/wp-content\\\/uploads\\\/2020\\\/11\\\/triangle_logo-ajustado.jpg\",\"contentUrl\":\"https:\\\/\\\/www.eltriangle.eu\\\/wp-content\\\/uploads\\\/2020\\\/11\\\/triangle_logo-ajustado.jpg\",\"width\":521,\"height\":92,\"caption\":\"El Triangle\"},\"image\":{\"@id\":\"https:\\\/\\\/www.eltriangle.eu\\\/es\\\/#\\\/schema\\\/logo\\\/image\\\/\"},\"sameAs\":[\"https:\\\/\\\/www.facebook.com\\\/El-Triangle-Diari-101787399020302\",\"https:\\\/\\\/x.com\\\/El_Triangle\",\"https:\\\/\\\/www.youtube.com\\\/channel\\\/UCTIjmYEMYSpdGonuAgNhbcg\"]},{\"@type\":\"Person\",\"@id\":\"https:\\\/\\\/www.eltriangle.eu\\\/es\\\/#\\\/schema\\\/person\\\/7e5bff7fe0202e362b26fcec2bd6f383\",\"name\":\"redaccio\",\"image\":{\"@type\":\"ImageObject\",\"inLanguage\":\"es\",\"@id\":\"\\\/\\\/www.gravatar.com\\\/avatar\\\/5661b3e51fe6027f31ed1f408d22a917?s=96&#038;r=g&#038;d=mm\",\"url\":\"\\\/\\\/www.gravatar.com\\\/avatar\\\/5661b3e51fe6027f31ed1f408d22a917?s=96&#038;r=g&#038;d=mm\",\"contentUrl\":\"\\\/\\\/www.gravatar.com\\\/avatar\\\/5661b3e51fe6027f31ed1f408d22a917?s=96&#038;r=g&#038;d=mm\",\"caption\":\"redaccio\"},\"url\":\"https:\\\/\\\/www.eltriangle.eu\\\/es\\\/author\\\/redaccio\\\/\"},{\"@type\":\"SiteNavigationElement\",\"@id\":\"https:\\\/\\\/www.eltriangle.eu\\\/es\\\/#site-navigation\",\"cssSelector\":[\".cib-main-menu\"]},{\"@type\":\"WPHeader\",\"@id\":\"https:\\\/\\\/www.eltriangle.eu\\\/es\\\/#header\",\"cssSelector\":[\".cib-header\"]},{\"@type\":\"WPFooter\",\"@id\":\"https:\\\/\\\/www.eltriangle.eu\\\/es\\\/#footer\",\"cssSelector\":[\".cib-footer\"]}]}<\/script>\n<!-- \/ Yoast SEO plugin. -->","yoast_head_json":{"title":"Valt\u00f2nyc acusa a Com\u00edn de hacer \"transferencias personales\" de la cuenta del Consejo de la Rep\u00fablica - El Triangle","description":"El rapero Valtonyc ha acusado a Toni Com\u00edn este lunes de hacer \"transferencias personales\" de la cuenta del Consell de la Rep\u00fablica. El rapero lo ha dicho","robots":{"index":"index","follow":"follow","max-snippet":"max-snippet:-1","max-image-preview":"max-image-preview:large","max-video-preview":"max-video-preview:-1"},"canonical":"https:\/\/www.eltriangle.eu\/es\/2025\/01\/28\/valtonyc-acusa-a-comin-de-hacer-transferencias-personales-de-la-cuenta-del-consejo-de-la-republica\/","og_locale":"es_ES","og_type":"article","og_title":"Valt\u00f2nyc acusa a Com\u00edn de hacer \"transferencias personales\" de la cuenta del Consejo de la Rep\u00fablica - El Triangle","og_description":"El rapero Valtonyc ha acusado a Toni Com\u00edn este lunes de hacer \"transferencias personales\" de la cuenta del Consell de la Rep\u00fablica. El rapero lo ha dicho","og_url":"https:\/\/www.eltriangle.eu\/es\/2025\/01\/28\/valtonyc-acusa-a-comin-de-hacer-transferencias-personales-de-la-cuenta-del-consejo-de-la-republica\/","og_site_name":"El Triangle","article_publisher":"https:\/\/www.facebook.com\/El-Triangle-Diari-101787399020302","article_published_time":"2025-01-28T08:14:44+00:00","article_modified_time":"2025-01-28T13:15:29+00:00","og_image":[{"width":1200,"height":743,"url":"https:\/\/www.eltriangle.eu\/wp-content\/uploads\/2023\/10\/captura-de-pantalla-2023-10-31-122120.jpg","type":"image\/jpeg"}],"author":"redaccio","twitter_card":"summary_large_image","twitter_creator":"@El_Triangle","twitter_site":"@El_Triangle","twitter_misc":{"Escrito por":"redaccio","Tiempo de lectura":"3 minutos"},"schema":{"@context":"https:\/\/schema.org","@graph":[{"@type":"NewsArticle","@id":"https:\/\/www.eltriangle.eu\/es\/2025\/01\/28\/valtonyc-acusa-a-comin-de-hacer-transferencias-personales-de-la-cuenta-del-consejo-de-la-republica\/#article","isPartOf":{"@id":"https:\/\/www.eltriangle.eu\/es\/2025\/01\/28\/valtonyc-acusa-a-comin-de-hacer-transferencias-personales-de-la-cuenta-del-consejo-de-la-republica\/"},"author":{"name":"redaccio","@id":"https:\/\/www.eltriangle.eu\/es\/#\/schema\/person\/7e5bff7fe0202e362b26fcec2bd6f383"},"headline":"Valt\u00f2nyc acusa a Com\u00edn de hacer \u00abtransferencias personales\u00bb de la cuenta del Consejo de la Rep\u00fablica","datePublished":"2025-01-28T08:14:44+00:00","dateModified":"2025-01-28T13:15:29+00:00","mainEntityOfPage":{"@id":"https:\/\/www.eltriangle.eu\/es\/2025\/01\/28\/valtonyc-acusa-a-comin-de-hacer-transferencias-personales-de-la-cuenta-del-consejo-de-la-republica\/"},"wordCount":690,"commentCount":0,"publisher":{"@id":"https:\/\/www.eltriangle.eu\/es\/#organization"},"image":{"@id":"https:\/\/www.eltriangle.eu\/es\/2025\/01\/28\/valtonyc-acusa-a-comin-de-hacer-transferencias-personales-de-la-cuenta-del-consejo-de-la-republica\/#primaryimage"},"thumbnailUrl":"https:\/\/www.eltriangle.eu\/wp-content\/uploads\/2023\/10\/captura-de-pantalla-2023-10-31-122120.jpg","keywords":["Carles Puigdemont","Catglobal","Consell de la Rep\u00fablica","Llu\u00eds Puig","Toni Com\u00edn","Valt\u00f2nyc"],"articleSection":["Actualidad","Poderes"],"inLanguage":"es","potentialAction":[{"@type":"CommentAction","name":"Comment","target":["https:\/\/www.eltriangle.eu\/es\/2025\/01\/28\/valtonyc-acusa-a-comin-de-hacer-transferencias-personales-de-la-cuenta-del-consejo-de-la-republica\/#respond"]}]},{"@type":"WebPage","@id":"https:\/\/www.eltriangle.eu\/es\/2025\/01\/28\/valtonyc-acusa-a-comin-de-hacer-transferencias-personales-de-la-cuenta-del-consejo-de-la-republica\/","url":"https:\/\/www.eltriangle.eu\/es\/2025\/01\/28\/valtonyc-acusa-a-comin-de-hacer-transferencias-personales-de-la-cuenta-del-consejo-de-la-republica\/","name":"Valt\u00f2nyc acusa a Com\u00edn de hacer \"transferencias personales\" de la cuenta del Consejo de la Rep\u00fablica - El Triangle","isPartOf":{"@id":"https:\/\/www.eltriangle.eu\/es\/#website"},"primaryImageOfPage":{"@id":"https:\/\/www.eltriangle.eu\/es\/2025\/01\/28\/valtonyc-acusa-a-comin-de-hacer-transferencias-personales-de-la-cuenta-del-consejo-de-la-republica\/#primaryimage"},"image":{"@id":"https:\/\/www.eltriangle.eu\/es\/2025\/01\/28\/valtonyc-acusa-a-comin-de-hacer-transferencias-personales-de-la-cuenta-del-consejo-de-la-republica\/#primaryimage"},"thumbnailUrl":"https:\/\/www.eltriangle.eu\/wp-content\/uploads\/2023\/10\/captura-de-pantalla-2023-10-31-122120.jpg","datePublished":"2025-01-28T08:14:44+00:00","dateModified":"2025-01-28T13:15:29+00:00","description":"El rapero Valtonyc ha acusado a Toni Com\u00edn este lunes de hacer \"transferencias personales\" de la cuenta del Consell de la Rep\u00fablica. El rapero lo ha dicho","breadcrumb":{"@id":"https:\/\/www.eltriangle.eu\/es\/2025\/01\/28\/valtonyc-acusa-a-comin-de-hacer-transferencias-personales-de-la-cuenta-del-consejo-de-la-republica\/#breadcrumb"},"inLanguage":"es","potentialAction":[{"@type":"ReadAction","target":["https:\/\/www.eltriangle.eu\/es\/2025\/01\/28\/valtonyc-acusa-a-comin-de-hacer-transferencias-personales-de-la-cuenta-del-consejo-de-la-republica\/"]}]},{"@type":"ImageObject","inLanguage":"es","@id":"https:\/\/www.eltriangle.eu\/es\/2025\/01\/28\/valtonyc-acusa-a-comin-de-hacer-transferencias-personales-de-la-cuenta-del-consejo-de-la-republica\/#primaryimage","url":"https:\/\/www.eltriangle.eu\/wp-content\/uploads\/2023\/10\/captura-de-pantalla-2023-10-31-122120.jpg","contentUrl":"https:\/\/www.eltriangle.eu\/wp-content\/uploads\/2023\/10\/captura-de-pantalla-2023-10-31-122120.jpg","width":1200,"height":743,"caption":"El rapero Valt\u00f2nyc despu\u00e9s de conocer la sentencia que rechazaba la extradici\u00f3n (ACN)"},{"@type":"BreadcrumbList","@id":"https:\/\/www.eltriangle.eu\/es\/2025\/01\/28\/valtonyc-acusa-a-comin-de-hacer-transferencias-personales-de-la-cuenta-del-consejo-de-la-republica\/#breadcrumb","itemListElement":[{"@type":"ListItem","position":1,"name":"Portada","item":"https:\/\/www.eltriangle.eu\/es\/"},{"@type":"ListItem","position":2,"name":"Valt\u00f2nyc acusa a Com\u00edn de hacer \u00abtransferencias personales\u00bb de la cuenta del Consejo de la Rep\u00fablica"}]},{"@type":"WebSite","@id":"https:\/\/www.eltriangle.eu\/es\/#website","url":"https:\/\/www.eltriangle.eu\/es\/","name":"El Triangle","description":"El Triangle \u00e9s un Diari d&#039;informaci\u00f3 general, editat a Catalunya i escrit en llengua catalana, especialitzat en investigaci\u00f3 period\u00edstica","publisher":{"@id":"https:\/\/www.eltriangle.eu\/es\/#organization"},"potentialAction":[{"@type":"SearchAction","target":{"@type":"EntryPoint","urlTemplate":"https:\/\/www.eltriangle.eu\/es\/?s={search_term_string}"},"query-input":{"@type":"PropertyValueSpecification","valueRequired":true,"valueName":"search_term_string"}}],"inLanguage":"es"},{"@type":["Organization","NewsMediaOrganization"],"@id":"https:\/\/www.eltriangle.eu\/es\/#organization","name":"El Triangle","url":"https:\/\/www.eltriangle.eu\/es\/","logo":{"@type":"ImageObject","inLanguage":"es","@id":"https:\/\/www.eltriangle.eu\/es\/#\/schema\/logo\/image\/","url":"https:\/\/www.eltriangle.eu\/wp-content\/uploads\/2020\/11\/triangle_logo-ajustado.jpg","contentUrl":"https:\/\/www.eltriangle.eu\/wp-content\/uploads\/2020\/11\/triangle_logo-ajustado.jpg","width":521,"height":92,"caption":"El Triangle"},"image":{"@id":"https:\/\/www.eltriangle.eu\/es\/#\/schema\/logo\/image\/"},"sameAs":["https:\/\/www.facebook.com\/El-Triangle-Diari-101787399020302","https:\/\/x.com\/El_Triangle","https:\/\/www.youtube.com\/channel\/UCTIjmYEMYSpdGonuAgNhbcg"]},{"@type":"Person","@id":"https:\/\/www.eltriangle.eu\/es\/#\/schema\/person\/7e5bff7fe0202e362b26fcec2bd6f383","name":"redaccio","image":{"@type":"ImageObject","inLanguage":"es","@id":"\/\/www.gravatar.com\/avatar\/5661b3e51fe6027f31ed1f408d22a917?s=96&#038;r=g&#038;d=mm","url":"\/\/www.gravatar.com\/avatar\/5661b3e51fe6027f31ed1f408d22a917?s=96&#038;r=g&#038;d=mm","contentUrl":"\/\/www.gravatar.com\/avatar\/5661b3e51fe6027f31ed1f408d22a917?s=96&#038;r=g&#038;d=mm","caption":"redaccio"},"url":"https:\/\/www.eltriangle.eu\/es\/author\/redaccio\/"},{"@type":"SiteNavigationElement","@id":"https:\/\/www.eltriangle.eu\/es\/#site-navigation","cssSelector":[".cib-main-menu"]},{"@type":"WPHeader","@id":"https:\/\/www.eltriangle.eu\/es\/#header","cssSelector":[".cib-header"]},{"@type":"WPFooter","@id":"https:\/\/www.eltriangle.eu\/es\/#footer","cssSelector":[".cib-footer"]}]}},"amp_enabled":true,"_links":{"self":[{"href":"https:\/\/www.eltriangle.eu\/es\/wp-json\/wp\/v2\/posts\/300987","targetHints":{"allow":["GET"]}}],"collection":[{"href":"https:\/\/www.eltriangle.eu\/es\/wp-json\/wp\/v2\/posts"}],"about":[{"href":"https:\/\/www.eltriangle.eu\/es\/wp-json\/wp\/v2\/types\/post"}],"author":[{"embeddable":true,"href":"https:\/\/www.eltriangle.eu\/es\/wp-json\/wp\/v2\/users\/93"}],"replies":[{"embeddable":true,"href":"https:\/\/www.eltriangle.eu\/es\/wp-json\/wp\/v2\/comments?post=300987"}],"version-history":[{"count":0,"href":"https:\/\/www.eltriangle.eu\/es\/wp-json\/wp\/v2\/posts\/300987\/revisions"}],"wp:featuredmedia":[{"embeddable":true,"href":"https:\/\/www.eltriangle.eu\/es\/wp-json\/wp\/v2\/media\/224856"}],"wp:attachment":[{"href":"https:\/\/www.eltriangle.eu\/es\/wp-json\/wp\/v2\/media?parent=300987"}],"wp:term":[{"taxonomy":"category","embeddable":true,"href":"https:\/\/www.eltriangle.eu\/es\/wp-json\/wp\/v2\/categories?post=300987"},{"taxonomy":"post_tag","embeddable":true,"href":"https:\/\/www.eltriangle.eu\/es\/wp-json\/wp\/v2\/tags?post=300987"}],"curies":[{"name":"wp","href":"https:\/\/api.w.org\/{rel}","templated":true}]}}