{"id":296810,"date":"2025-01-03T13:00:31","date_gmt":"2025-01-03T12:00:31","guid":{"rendered":null},"modified":"2025-01-03T17:57:07","modified_gmt":"2025-01-03T16:57:07","slug":"la-uco-cree-que-el-fiscal-general-cambio-de-movil-despues-de-que-el-ts-le-abriera-una-investigacion","status":"publish","type":"post","link":"https:\/\/www.eltriangle.eu\/es\/2025\/01\/03\/la-uco-cree-que-el-fiscal-general-cambio-de-movil-despues-de-que-el-ts-le-abriera-una-investigacion\/","title":{"rendered":"La UCO cree que el fiscal general cambi\u00f3 de m\u00f3vil despu\u00e9s de que el TS le abriera una investigaci\u00f3n"},"content":{"rendered":"<p>La <strong>Guardia Civil<\/strong> cree que el fiscal general del Estado, <strong>\u00c1lvaro Garc\u00eda Ortiz<\/strong>, cambi\u00f3 de tel\u00e9fono m\u00f3vil siete d\u00edas despu\u00e9s de que el <strong>Tribunal Supremo (TS)<\/strong> le abriera una investigaci\u00f3n por un presunto delito de revelaci\u00f3n de secretos por la filtraci\u00f3n de informaciones sobre <strong>Alberto Gonz\u00e1lez Amador<\/strong>, pareja de la presidenta de Madrid, <strong>Isabel D\u00edaz Ayuso<\/strong> (PP).<\/p>\n<p>Tal y como consta en un informe de la <strong>Unidad Central Operativa (UCO)<\/strong> del cuerpo policial que ha consultado la Agencia Catalana de Noticias (ACN), el cambio se hizo el 23 de octubre pasado. Hace unas semanas, la UCO ya inform\u00f3 de que no hab\u00eda encontrado ninguna prueba en el tel\u00e9fono m\u00f3vil y en el ordenador del fiscal general.<\/p>\n<p>\u00abCero mensajes que pertenezcan a cualquier clase de aplicaci\u00f3n de mensajer\u00eda instant\u00e1nea en el periodo analizado\u00bb, indicaron.<\/p>\n","protected":false},"excerpt":{"rendered":"<p>La Guardia Civil cree que el fiscal general del Estado, \u00c1lvaro Garc\u00eda Ortiz, cambi\u00f3 de tel\u00e9fono m\u00f3vil siete d\u00edas despu\u00e9s de que el Tribunal Supremo (TS) le abriera una investigaci\u00f3n por un presunto delito de revelaci\u00f3n de secretos por la filtraci\u00f3n de informaciones sobre Alberto Gonz\u00e1lez Amador, pareja de la presidenta de Madrid, Isabel D\u00edaz &#8230; <a title=\"La UCO cree que el fiscal general cambi\u00f3 de m\u00f3vil despu\u00e9s de que el TS le abriera una investigaci\u00f3n\" class=\"read-more\" href=\"https:\/\/www.eltriangle.eu\/es\/2025\/01\/03\/la-uco-cree-que-el-fiscal-general-cambio-de-movil-despues-de-que-el-ts-le-abriera-una-investigacion\/\" aria-label=\"Leer m\u00e1s sobre La UCO cree que el fiscal general cambi\u00f3 de m\u00f3vil despu\u00e9s de que el TS le abriera una investigaci\u00f3n\">Leer m\u00e1s<\/a><\/p>\n","protected":false},"author":179,"featured_media":266621,"comment_status":"open","ping_status":"closed","sticky":false,"template":"","format":"standard","meta":{"_acf_changed":false,"pmpro_default_level":"","footnotes":""},"categories":[24,74],"tags":[3928,282,337],"class_list":["post-296810","post","type-post","status-publish","format-standard","has-post-thumbnail","hentry","category-actualidad","category-poderes","tag-alvaro-garcia-ortiz-es","tag-guardia-civil-es","tag-isabel-diaz-ayuso-es","lh_instant_articles-syndicate-yes","pmpro-has-access"],"acf":[],"yoast_head":"<!-- This site is optimized with the Yoast SEO plugin v27.4 - https:\/\/yoast.com\/product\/yoast-seo-wordpress\/ -->\n<title>La UCO cree que el fiscal general cambi\u00f3 de m\u00f3vil despu\u00e9s de que el TS le abriera una investigaci\u00f3n - El Triangle<\/title>\n<meta name=\"description\" content=\"La Guardia Civil cree que el fiscal general del Estado, \u00c1lvaro Garc\u00eda Ortiz, cambi\u00f3 de tel\u00e9fono m\u00f3vil siete d\u00edas despu\u00e9s de que el Tribunal Supremo (TS)\" class=\"yoast-seo-meta-tag\" \/>\n<meta name=\"robots\" content=\"index, follow, max-snippet:-1, max-image-preview:large, max-video-preview:-1\" \/>\n<link rel=\"canonical\" href=\"https:\/\/www.eltriangle.eu\/es\/2025\/01\/03\/la-uco-cree-que-el-fiscal-general-cambio-de-movil-despues-de-que-el-ts-le-abriera-una-investigacion\/\" class=\"yoast-seo-meta-tag\" \/>\n<meta property=\"og:locale\" content=\"es_ES\" class=\"yoast-seo-meta-tag\" \/>\n<meta property=\"og:type\" content=\"article\" class=\"yoast-seo-meta-tag\" \/>\n<meta property=\"og:title\" content=\"La UCO cree que el fiscal general cambi\u00f3 de m\u00f3vil despu\u00e9s de que el TS le abriera una investigaci\u00f3n - El Triangle\" class=\"yoast-seo-meta-tag\" \/>\n<meta property=\"og:description\" content=\"La Guardia Civil cree que el fiscal general del Estado, \u00c1lvaro Garc\u00eda Ortiz, cambi\u00f3 de tel\u00e9fono m\u00f3vil siete d\u00edas despu\u00e9s de que el Tribunal Supremo (TS)\" class=\"yoast-seo-meta-tag\" \/>\n<meta property=\"og:url\" content=\"https:\/\/www.eltriangle.eu\/es\/2025\/01\/03\/la-uco-cree-que-el-fiscal-general-cambio-de-movil-despues-de-que-el-ts-le-abriera-una-investigacion\/\" class=\"yoast-seo-meta-tag\" \/>\n<meta property=\"og:site_name\" content=\"El Triangle\" class=\"yoast-seo-meta-tag\" \/>\n<meta property=\"article:publisher\" content=\"https:\/\/www.facebook.com\/El-Triangle-Diari-101787399020302\" class=\"yoast-seo-meta-tag\" \/>\n<meta property=\"article:published_time\" content=\"2025-01-03T12:00:31+00:00\" class=\"yoast-seo-meta-tag\" \/>\n<meta property=\"article:modified_time\" content=\"2025-01-03T16:57:07+00:00\" class=\"yoast-seo-meta-tag\" \/>\n<meta property=\"og:image\" content=\"https:\/\/www.eltriangle.eu\/wp-content\/uploads\/2024\/06\/el-fiscal-general-de-lestat-alvaro-garcia-ortiz-foto-acn-marta-vidal.jpg\" class=\"yoast-seo-meta-tag\" \/>\n\t<meta property=\"og:image:width\" content=\"1200\" class=\"yoast-seo-meta-tag\" \/>\n\t<meta property=\"og:image:height\" content=\"800\" class=\"yoast-seo-meta-tag\" \/>\n\t<meta property=\"og:image:type\" content=\"image\/jpeg\" class=\"yoast-seo-meta-tag\" \/>\n<meta name=\"author\" content=\"Redacci\u00f3 \/ ACN\" class=\"yoast-seo-meta-tag\" \/>\n<meta name=\"twitter:card\" content=\"summary_large_image\" class=\"yoast-seo-meta-tag\" \/>\n<meta name=\"twitter:creator\" content=\"@El_Triangle\" class=\"yoast-seo-meta-tag\" \/>\n<meta name=\"twitter:site\" content=\"@El_Triangle\" class=\"yoast-seo-meta-tag\" \/>\n<meta name=\"twitter:label1\" content=\"Escrito por\" class=\"yoast-seo-meta-tag\" \/>\n\t<meta name=\"twitter:data1\" content=\"Redacci\u00f3 \/ ACN\" class=\"yoast-seo-meta-tag\" \/>\n\t<meta name=\"twitter:label2\" content=\"Tiempo de lectura\" class=\"yoast-seo-meta-tag\" \/>\n\t<meta name=\"twitter:data2\" content=\"1 minuto\" class=\"yoast-seo-meta-tag\" \/>\n<script type=\"application\/ld+json\" class=\"yoast-schema-graph\">{\"@context\":\"https:\\\/\\\/schema.org\",\"@graph\":[{\"@type\":\"NewsArticle\",\"@id\":\"https:\\\/\\\/www.eltriangle.eu\\\/es\\\/2025\\\/01\\\/03\\\/la-uco-cree-que-el-fiscal-general-cambio-de-movil-despues-de-que-el-ts-le-abriera-una-investigacion\\\/#article\",\"isPartOf\":{\"@id\":\"https:\\\/\\\/www.eltriangle.eu\\\/es\\\/2025\\\/01\\\/03\\\/la-uco-cree-que-el-fiscal-general-cambio-de-movil-despues-de-que-el-ts-le-abriera-una-investigacion\\\/\"},\"author\":{\"name\":\"Redacci\u00f3 \\\/ ACN\",\"@id\":\"https:\\\/\\\/www.eltriangle.eu\\\/es\\\/#\\\/schema\\\/person\\\/6e5938f06dd4dcd413779558fbf437d9\"},\"headline\":\"La UCO cree que el fiscal general cambi\u00f3 de m\u00f3vil despu\u00e9s de que el TS le abriera una investigaci\u00f3n\",\"datePublished\":\"2025-01-03T12:00:31+00:00\",\"dateModified\":\"2025-01-03T16:57:07+00:00\",\"mainEntityOfPage\":{\"@id\":\"https:\\\/\\\/www.eltriangle.eu\\\/es\\\/2025\\\/01\\\/03\\\/la-uco-cree-que-el-fiscal-general-cambio-de-movil-despues-de-que-el-ts-le-abriera-una-investigacion\\\/\"},\"wordCount\":170,\"commentCount\":0,\"publisher\":{\"@id\":\"https:\\\/\\\/www.eltriangle.eu\\\/es\\\/#organization\"},\"image\":{\"@id\":\"https:\\\/\\\/www.eltriangle.eu\\\/es\\\/2025\\\/01\\\/03\\\/la-uco-cree-que-el-fiscal-general-cambio-de-movil-despues-de-que-el-ts-le-abriera-una-investigacion\\\/#primaryimage\"},\"thumbnailUrl\":\"https:\\\/\\\/www.eltriangle.eu\\\/wp-content\\\/uploads\\\/2024\\\/06\\\/el-fiscal-general-de-lestat-alvaro-garcia-ortiz-foto-acn-marta-vidal.jpg\",\"keywords\":[\"\u00c1lvaro Garc\u00eda Ortiz\",\"Guardia Civil\",\"Isabel D\u00edaz Ayuso\"],\"articleSection\":[\"Actualidad\",\"Poderes\"],\"inLanguage\":\"es\",\"potentialAction\":[{\"@type\":\"CommentAction\",\"name\":\"Comment\",\"target\":[\"https:\\\/\\\/www.eltriangle.eu\\\/es\\\/2025\\\/01\\\/03\\\/la-uco-cree-que-el-fiscal-general-cambio-de-movil-despues-de-que-el-ts-le-abriera-una-investigacion\\\/#respond\"]}]},{\"@type\":\"WebPage\",\"@id\":\"https:\\\/\\\/www.eltriangle.eu\\\/es\\\/2025\\\/01\\\/03\\\/la-uco-cree-que-el-fiscal-general-cambio-de-movil-despues-de-que-el-ts-le-abriera-una-investigacion\\\/\",\"url\":\"https:\\\/\\\/www.eltriangle.eu\\\/es\\\/2025\\\/01\\\/03\\\/la-uco-cree-que-el-fiscal-general-cambio-de-movil-despues-de-que-el-ts-le-abriera-una-investigacion\\\/\",\"name\":\"La UCO cree que el fiscal general cambi\u00f3 de m\u00f3vil despu\u00e9s de que el TS le abriera una investigaci\u00f3n - El Triangle\",\"isPartOf\":{\"@id\":\"https:\\\/\\\/www.eltriangle.eu\\\/es\\\/#website\"},\"primaryImageOfPage\":{\"@id\":\"https:\\\/\\\/www.eltriangle.eu\\\/es\\\/2025\\\/01\\\/03\\\/la-uco-cree-que-el-fiscal-general-cambio-de-movil-despues-de-que-el-ts-le-abriera-una-investigacion\\\/#primaryimage\"},\"image\":{\"@id\":\"https:\\\/\\\/www.eltriangle.eu\\\/es\\\/2025\\\/01\\\/03\\\/la-uco-cree-que-el-fiscal-general-cambio-de-movil-despues-de-que-el-ts-le-abriera-una-investigacion\\\/#primaryimage\"},\"thumbnailUrl\":\"https:\\\/\\\/www.eltriangle.eu\\\/wp-content\\\/uploads\\\/2024\\\/06\\\/el-fiscal-general-de-lestat-alvaro-garcia-ortiz-foto-acn-marta-vidal.jpg\",\"datePublished\":\"2025-01-03T12:00:31+00:00\",\"dateModified\":\"2025-01-03T16:57:07+00:00\",\"description\":\"La Guardia Civil cree que el fiscal general del Estado, \u00c1lvaro Garc\u00eda Ortiz, cambi\u00f3 de tel\u00e9fono m\u00f3vil siete d\u00edas despu\u00e9s de que el Tribunal Supremo (TS)\",\"breadcrumb\":{\"@id\":\"https:\\\/\\\/www.eltriangle.eu\\\/es\\\/2025\\\/01\\\/03\\\/la-uco-cree-que-el-fiscal-general-cambio-de-movil-despues-de-que-el-ts-le-abriera-una-investigacion\\\/#breadcrumb\"},\"inLanguage\":\"es\",\"potentialAction\":[{\"@type\":\"ReadAction\",\"target\":[\"https:\\\/\\\/www.eltriangle.eu\\\/es\\\/2025\\\/01\\\/03\\\/la-uco-cree-que-el-fiscal-general-cambio-de-movil-despues-de-que-el-ts-le-abriera-una-investigacion\\\/\"]}]},{\"@type\":\"ImageObject\",\"inLanguage\":\"es\",\"@id\":\"https:\\\/\\\/www.eltriangle.eu\\\/es\\\/2025\\\/01\\\/03\\\/la-uco-cree-que-el-fiscal-general-cambio-de-movil-despues-de-que-el-ts-le-abriera-una-investigacion\\\/#primaryimage\",\"url\":\"https:\\\/\\\/www.eltriangle.eu\\\/wp-content\\\/uploads\\\/2024\\\/06\\\/el-fiscal-general-de-lestat-alvaro-garcia-ortiz-foto-acn-marta-vidal.jpg\",\"contentUrl\":\"https:\\\/\\\/www.eltriangle.eu\\\/wp-content\\\/uploads\\\/2024\\\/06\\\/el-fiscal-general-de-lestat-alvaro-garcia-ortiz-foto-acn-marta-vidal.jpg\",\"width\":1200,\"height\":800,\"caption\":\"General\"},{\"@type\":\"BreadcrumbList\",\"@id\":\"https:\\\/\\\/www.eltriangle.eu\\\/es\\\/2025\\\/01\\\/03\\\/la-uco-cree-que-el-fiscal-general-cambio-de-movil-despues-de-que-el-ts-le-abriera-una-investigacion\\\/#breadcrumb\",\"itemListElement\":[{\"@type\":\"ListItem\",\"position\":1,\"name\":\"Portada\",\"item\":\"https:\\\/\\\/www.eltriangle.eu\\\/es\\\/\"},{\"@type\":\"ListItem\",\"position\":2,\"name\":\"La UCO cree que el fiscal general cambi\u00f3 de m\u00f3vil despu\u00e9s de que el TS le abriera una investigaci\u00f3n\"}]},{\"@type\":\"WebSite\",\"@id\":\"https:\\\/\\\/www.eltriangle.eu\\\/es\\\/#website\",\"url\":\"https:\\\/\\\/www.eltriangle.eu\\\/es\\\/\",\"name\":\"El Triangle\",\"description\":\"El Triangle \u00e9s un Diari d&#039;informaci\u00f3 general, editat a Catalunya i escrit en llengua catalana, especialitzat en investigaci\u00f3 period\u00edstica\",\"publisher\":{\"@id\":\"https:\\\/\\\/www.eltriangle.eu\\\/es\\\/#organization\"},\"potentialAction\":[{\"@type\":\"SearchAction\",\"target\":{\"@type\":\"EntryPoint\",\"urlTemplate\":\"https:\\\/\\\/www.eltriangle.eu\\\/es\\\/?s={search_term_string}\"},\"query-input\":{\"@type\":\"PropertyValueSpecification\",\"valueRequired\":true,\"valueName\":\"search_term_string\"}}],\"inLanguage\":\"es\"},{\"@type\":[\"Organization\",\"NewsMediaOrganization\"],\"@id\":\"https:\\\/\\\/www.eltriangle.eu\\\/es\\\/#organization\",\"name\":\"El Triangle\",\"url\":\"https:\\\/\\\/www.eltriangle.eu\\\/es\\\/\",\"logo\":{\"@type\":\"ImageObject\",\"inLanguage\":\"es\",\"@id\":\"https:\\\/\\\/www.eltriangle.eu\\\/es\\\/#\\\/schema\\\/logo\\\/image\\\/\",\"url\":\"https:\\\/\\\/www.eltriangle.eu\\\/wp-content\\\/uploads\\\/2020\\\/11\\\/triangle_logo-ajustado.jpg\",\"contentUrl\":\"https:\\\/\\\/www.eltriangle.eu\\\/wp-content\\\/uploads\\\/2020\\\/11\\\/triangle_logo-ajustado.jpg\",\"width\":521,\"height\":92,\"caption\":\"El Triangle\"},\"image\":{\"@id\":\"https:\\\/\\\/www.eltriangle.eu\\\/es\\\/#\\\/schema\\\/logo\\\/image\\\/\"},\"sameAs\":[\"https:\\\/\\\/www.facebook.com\\\/El-Triangle-Diari-101787399020302\",\"https:\\\/\\\/x.com\\\/El_Triangle\",\"https:\\\/\\\/www.youtube.com\\\/channel\\\/UCTIjmYEMYSpdGonuAgNhbcg\"]},{\"@type\":\"Person\",\"@id\":\"https:\\\/\\\/www.eltriangle.eu\\\/es\\\/#\\\/schema\\\/person\\\/6e5938f06dd4dcd413779558fbf437d9\",\"name\":\"Redacci\u00f3 \\\/ ACN\",\"image\":{\"@type\":\"ImageObject\",\"inLanguage\":\"es\",\"@id\":\"\\\/\\\/www.gravatar.com\\\/avatar\\\/a5bc366245a614da74d9f8d49d1b53bf?s=96&#038;r=g&#038;d=mm\",\"url\":\"\\\/\\\/www.gravatar.com\\\/avatar\\\/a5bc366245a614da74d9f8d49d1b53bf?s=96&#038;r=g&#038;d=mm\",\"contentUrl\":\"\\\/\\\/www.gravatar.com\\\/avatar\\\/a5bc366245a614da74d9f8d49d1b53bf?s=96&#038;r=g&#038;d=mm\",\"caption\":\"Redacci\u00f3 \\\/ ACN\"},\"url\":\"https:\\\/\\\/www.eltriangle.eu\\\/es\\\/author\\\/redaccioacn\\\/\"},{\"@type\":\"SiteNavigationElement\",\"@id\":\"https:\\\/\\\/www.eltriangle.eu\\\/es\\\/#site-navigation\",\"cssSelector\":[\".cib-main-menu\"]},{\"@type\":\"WPHeader\",\"@id\":\"https:\\\/\\\/www.eltriangle.eu\\\/es\\\/#header\",\"cssSelector\":[\".cib-header\"]},{\"@type\":\"WPFooter\",\"@id\":\"https:\\\/\\\/www.eltriangle.eu\\\/es\\\/#footer\",\"cssSelector\":[\".cib-footer\"]}]}<\/script>\n<!-- \/ Yoast SEO plugin. -->","yoast_head_json":{"title":"La UCO cree que el fiscal general cambi\u00f3 de m\u00f3vil despu\u00e9s de que el TS le abriera una investigaci\u00f3n - El Triangle","description":"La Guardia Civil cree que el fiscal general del Estado, \u00c1lvaro Garc\u00eda Ortiz, cambi\u00f3 de tel\u00e9fono m\u00f3vil siete d\u00edas despu\u00e9s de que el Tribunal Supremo (TS)","robots":{"index":"index","follow":"follow","max-snippet":"max-snippet:-1","max-image-preview":"max-image-preview:large","max-video-preview":"max-video-preview:-1"},"canonical":"https:\/\/www.eltriangle.eu\/es\/2025\/01\/03\/la-uco-cree-que-el-fiscal-general-cambio-de-movil-despues-de-que-el-ts-le-abriera-una-investigacion\/","og_locale":"es_ES","og_type":"article","og_title":"La UCO cree que el fiscal general cambi\u00f3 de m\u00f3vil despu\u00e9s de que el TS le abriera una investigaci\u00f3n - El Triangle","og_description":"La Guardia Civil cree que el fiscal general del Estado, \u00c1lvaro Garc\u00eda Ortiz, cambi\u00f3 de tel\u00e9fono m\u00f3vil siete d\u00edas despu\u00e9s de que el Tribunal Supremo (TS)","og_url":"https:\/\/www.eltriangle.eu\/es\/2025\/01\/03\/la-uco-cree-que-el-fiscal-general-cambio-de-movil-despues-de-que-el-ts-le-abriera-una-investigacion\/","og_site_name":"El Triangle","article_publisher":"https:\/\/www.facebook.com\/El-Triangle-Diari-101787399020302","article_published_time":"2025-01-03T12:00:31+00:00","article_modified_time":"2025-01-03T16:57:07+00:00","og_image":[{"width":1200,"height":800,"url":"https:\/\/www.eltriangle.eu\/wp-content\/uploads\/2024\/06\/el-fiscal-general-de-lestat-alvaro-garcia-ortiz-foto-acn-marta-vidal.jpg","type":"image\/jpeg"}],"author":"Redacci\u00f3 \/ ACN","twitter_card":"summary_large_image","twitter_creator":"@El_Triangle","twitter_site":"@El_Triangle","twitter_misc":{"Escrito por":"Redacci\u00f3 \/ ACN","Tiempo de lectura":"1 minuto"},"schema":{"@context":"https:\/\/schema.org","@graph":[{"@type":"NewsArticle","@id":"https:\/\/www.eltriangle.eu\/es\/2025\/01\/03\/la-uco-cree-que-el-fiscal-general-cambio-de-movil-despues-de-que-el-ts-le-abriera-una-investigacion\/#article","isPartOf":{"@id":"https:\/\/www.eltriangle.eu\/es\/2025\/01\/03\/la-uco-cree-que-el-fiscal-general-cambio-de-movil-despues-de-que-el-ts-le-abriera-una-investigacion\/"},"author":{"name":"Redacci\u00f3 \/ ACN","@id":"https:\/\/www.eltriangle.eu\/es\/#\/schema\/person\/6e5938f06dd4dcd413779558fbf437d9"},"headline":"La UCO cree que el fiscal general cambi\u00f3 de m\u00f3vil despu\u00e9s de que el TS le abriera una investigaci\u00f3n","datePublished":"2025-01-03T12:00:31+00:00","dateModified":"2025-01-03T16:57:07+00:00","mainEntityOfPage":{"@id":"https:\/\/www.eltriangle.eu\/es\/2025\/01\/03\/la-uco-cree-que-el-fiscal-general-cambio-de-movil-despues-de-que-el-ts-le-abriera-una-investigacion\/"},"wordCount":170,"commentCount":0,"publisher":{"@id":"https:\/\/www.eltriangle.eu\/es\/#organization"},"image":{"@id":"https:\/\/www.eltriangle.eu\/es\/2025\/01\/03\/la-uco-cree-que-el-fiscal-general-cambio-de-movil-despues-de-que-el-ts-le-abriera-una-investigacion\/#primaryimage"},"thumbnailUrl":"https:\/\/www.eltriangle.eu\/wp-content\/uploads\/2024\/06\/el-fiscal-general-de-lestat-alvaro-garcia-ortiz-foto-acn-marta-vidal.jpg","keywords":["\u00c1lvaro Garc\u00eda Ortiz","Guardia Civil","Isabel D\u00edaz Ayuso"],"articleSection":["Actualidad","Poderes"],"inLanguage":"es","potentialAction":[{"@type":"CommentAction","name":"Comment","target":["https:\/\/www.eltriangle.eu\/es\/2025\/01\/03\/la-uco-cree-que-el-fiscal-general-cambio-de-movil-despues-de-que-el-ts-le-abriera-una-investigacion\/#respond"]}]},{"@type":"WebPage","@id":"https:\/\/www.eltriangle.eu\/es\/2025\/01\/03\/la-uco-cree-que-el-fiscal-general-cambio-de-movil-despues-de-que-el-ts-le-abriera-una-investigacion\/","url":"https:\/\/www.eltriangle.eu\/es\/2025\/01\/03\/la-uco-cree-que-el-fiscal-general-cambio-de-movil-despues-de-que-el-ts-le-abriera-una-investigacion\/","name":"La UCO cree que el fiscal general cambi\u00f3 de m\u00f3vil despu\u00e9s de que el TS le abriera una investigaci\u00f3n - El Triangle","isPartOf":{"@id":"https:\/\/www.eltriangle.eu\/es\/#website"},"primaryImageOfPage":{"@id":"https:\/\/www.eltriangle.eu\/es\/2025\/01\/03\/la-uco-cree-que-el-fiscal-general-cambio-de-movil-despues-de-que-el-ts-le-abriera-una-investigacion\/#primaryimage"},"image":{"@id":"https:\/\/www.eltriangle.eu\/es\/2025\/01\/03\/la-uco-cree-que-el-fiscal-general-cambio-de-movil-despues-de-que-el-ts-le-abriera-una-investigacion\/#primaryimage"},"thumbnailUrl":"https:\/\/www.eltriangle.eu\/wp-content\/uploads\/2024\/06\/el-fiscal-general-de-lestat-alvaro-garcia-ortiz-foto-acn-marta-vidal.jpg","datePublished":"2025-01-03T12:00:31+00:00","dateModified":"2025-01-03T16:57:07+00:00","description":"La Guardia Civil cree que el fiscal general del Estado, \u00c1lvaro Garc\u00eda Ortiz, cambi\u00f3 de tel\u00e9fono m\u00f3vil siete d\u00edas despu\u00e9s de que el Tribunal Supremo (TS)","breadcrumb":{"@id":"https:\/\/www.eltriangle.eu\/es\/2025\/01\/03\/la-uco-cree-que-el-fiscal-general-cambio-de-movil-despues-de-que-el-ts-le-abriera-una-investigacion\/#breadcrumb"},"inLanguage":"es","potentialAction":[{"@type":"ReadAction","target":["https:\/\/www.eltriangle.eu\/es\/2025\/01\/03\/la-uco-cree-que-el-fiscal-general-cambio-de-movil-despues-de-que-el-ts-le-abriera-una-investigacion\/"]}]},{"@type":"ImageObject","inLanguage":"es","@id":"https:\/\/www.eltriangle.eu\/es\/2025\/01\/03\/la-uco-cree-que-el-fiscal-general-cambio-de-movil-despues-de-que-el-ts-le-abriera-una-investigacion\/#primaryimage","url":"https:\/\/www.eltriangle.eu\/wp-content\/uploads\/2024\/06\/el-fiscal-general-de-lestat-alvaro-garcia-ortiz-foto-acn-marta-vidal.jpg","contentUrl":"https:\/\/www.eltriangle.eu\/wp-content\/uploads\/2024\/06\/el-fiscal-general-de-lestat-alvaro-garcia-ortiz-foto-acn-marta-vidal.jpg","width":1200,"height":800,"caption":"General"},{"@type":"BreadcrumbList","@id":"https:\/\/www.eltriangle.eu\/es\/2025\/01\/03\/la-uco-cree-que-el-fiscal-general-cambio-de-movil-despues-de-que-el-ts-le-abriera-una-investigacion\/#breadcrumb","itemListElement":[{"@type":"ListItem","position":1,"name":"Portada","item":"https:\/\/www.eltriangle.eu\/es\/"},{"@type":"ListItem","position":2,"name":"La UCO cree que el fiscal general cambi\u00f3 de m\u00f3vil despu\u00e9s de que el TS le abriera una investigaci\u00f3n"}]},{"@type":"WebSite","@id":"https:\/\/www.eltriangle.eu\/es\/#website","url":"https:\/\/www.eltriangle.eu\/es\/","name":"El Triangle","description":"El Triangle \u00e9s un Diari d&#039;informaci\u00f3 general, editat a Catalunya i escrit en llengua catalana, especialitzat en investigaci\u00f3 period\u00edstica","publisher":{"@id":"https:\/\/www.eltriangle.eu\/es\/#organization"},"potentialAction":[{"@type":"SearchAction","target":{"@type":"EntryPoint","urlTemplate":"https:\/\/www.eltriangle.eu\/es\/?s={search_term_string}"},"query-input":{"@type":"PropertyValueSpecification","valueRequired":true,"valueName":"search_term_string"}}],"inLanguage":"es"},{"@type":["Organization","NewsMediaOrganization"],"@id":"https:\/\/www.eltriangle.eu\/es\/#organization","name":"El Triangle","url":"https:\/\/www.eltriangle.eu\/es\/","logo":{"@type":"ImageObject","inLanguage":"es","@id":"https:\/\/www.eltriangle.eu\/es\/#\/schema\/logo\/image\/","url":"https:\/\/www.eltriangle.eu\/wp-content\/uploads\/2020\/11\/triangle_logo-ajustado.jpg","contentUrl":"https:\/\/www.eltriangle.eu\/wp-content\/uploads\/2020\/11\/triangle_logo-ajustado.jpg","width":521,"height":92,"caption":"El Triangle"},"image":{"@id":"https:\/\/www.eltriangle.eu\/es\/#\/schema\/logo\/image\/"},"sameAs":["https:\/\/www.facebook.com\/El-Triangle-Diari-101787399020302","https:\/\/x.com\/El_Triangle","https:\/\/www.youtube.com\/channel\/UCTIjmYEMYSpdGonuAgNhbcg"]},{"@type":"Person","@id":"https:\/\/www.eltriangle.eu\/es\/#\/schema\/person\/6e5938f06dd4dcd413779558fbf437d9","name":"Redacci\u00f3 \/ ACN","image":{"@type":"ImageObject","inLanguage":"es","@id":"\/\/www.gravatar.com\/avatar\/a5bc366245a614da74d9f8d49d1b53bf?s=96&#038;r=g&#038;d=mm","url":"\/\/www.gravatar.com\/avatar\/a5bc366245a614da74d9f8d49d1b53bf?s=96&#038;r=g&#038;d=mm","contentUrl":"\/\/www.gravatar.com\/avatar\/a5bc366245a614da74d9f8d49d1b53bf?s=96&#038;r=g&#038;d=mm","caption":"Redacci\u00f3 \/ ACN"},"url":"https:\/\/www.eltriangle.eu\/es\/author\/redaccioacn\/"},{"@type":"SiteNavigationElement","@id":"https:\/\/www.eltriangle.eu\/es\/#site-navigation","cssSelector":[".cib-main-menu"]},{"@type":"WPHeader","@id":"https:\/\/www.eltriangle.eu\/es\/#header","cssSelector":[".cib-header"]},{"@type":"WPFooter","@id":"https:\/\/www.eltriangle.eu\/es\/#footer","cssSelector":[".cib-footer"]}]}},"amp_enabled":true,"_links":{"self":[{"href":"https:\/\/www.eltriangle.eu\/es\/wp-json\/wp\/v2\/posts\/296810","targetHints":{"allow":["GET"]}}],"collection":[{"href":"https:\/\/www.eltriangle.eu\/es\/wp-json\/wp\/v2\/posts"}],"about":[{"href":"https:\/\/www.eltriangle.eu\/es\/wp-json\/wp\/v2\/types\/post"}],"author":[{"embeddable":true,"href":"https:\/\/www.eltriangle.eu\/es\/wp-json\/wp\/v2\/users\/179"}],"replies":[{"embeddable":true,"href":"https:\/\/www.eltriangle.eu\/es\/wp-json\/wp\/v2\/comments?post=296810"}],"version-history":[{"count":0,"href":"https:\/\/www.eltriangle.eu\/es\/wp-json\/wp\/v2\/posts\/296810\/revisions"}],"wp:featuredmedia":[{"embeddable":true,"href":"https:\/\/www.eltriangle.eu\/es\/wp-json\/wp\/v2\/media\/266621"}],"wp:attachment":[{"href":"https:\/\/www.eltriangle.eu\/es\/wp-json\/wp\/v2\/media?parent=296810"}],"wp:term":[{"taxonomy":"category","embeddable":true,"href":"https:\/\/www.eltriangle.eu\/es\/wp-json\/wp\/v2\/categories?post=296810"},{"taxonomy":"post_tag","embeddable":true,"href":"https:\/\/www.eltriangle.eu\/es\/wp-json\/wp\/v2\/tags?post=296810"}],"curies":[{"name":"wp","href":"https:\/\/api.w.org\/{rel}","templated":true}]}}