{"id":293472,"date":"2024-12-10T19:00:55","date_gmt":"2024-12-10T18:00:55","guid":{"rendered":null},"modified":"2024-12-10T20:18:43","modified_gmt":"2024-12-10T19:18:43","slug":"el-grupo-de-multilinguismo-del-parlamento-europeo-trata-por-primera-vez-el-uso-del-catalan","status":"publish","type":"post","link":"https:\/\/www.eltriangle.eu\/es\/2024\/12\/10\/el-grupo-de-multilinguismo-del-parlamento-europeo-trata-por-primera-vez-el-uso-del-catalan\/","title":{"rendered":"El grupo de multiling\u00fcismo del Parlamento Europeo trata por primera vez el catal\u00e1n"},"content":{"rendered":"<p>El grupo de trabajo <strong>de las Lenguas de los Ciudadanos del Parlamento Europeo<\/strong> -del que forman parte los eurodiputados del PP <strong>Esteban Gonz\u00e1lez Pons<\/strong> y del PSC <strong>Javi L\u00f3pez<\/strong>&#8211; <strong>ha tratado por primera vez el uso del catal\u00e1n, el vasco y el gallego<\/strong> en la c\u00e1mara europea en una reuni\u00f3n \u00abconstructiva\u00bb. <\/p>\n<p>Fuentes parlamentarias han informado de que el grupo, que est\u00e1 pendiente de recibir un informe de los servicios t\u00e9cnicos de la Euroc\u00e1mara sobre la viabilidad del uso de las tres lenguas cooficiales del Estado, <strong>contin\u00faa analizando los aspectos jur\u00eddicos y log\u00edsticos de la medida<\/strong>. <\/p>\n<p>Al mismo tiempo, han subrayado que la instituci\u00f3n, si bien no tiene la obligaci\u00f3n de suscribir un acuerdo administrativo con el gobierno espa\u00f1ol para sacar adelante la medida, s\u00ed tiene la \u00abposibilidad y capacidad\u00bb de contraerlo. <\/p>\n","protected":false},"excerpt":{"rendered":"<p>El grupo de trabajo de las Lenguas de los Ciudadanos del Parlamento Europeo -del que forman parte los eurodiputados del PP Esteban Gonz\u00e1lez Pons y del PSC Javi L\u00f3pez&#8211; ha tratado por primera vez el uso del catal\u00e1n, el vasco y el gallego en la c\u00e1mara europea en una reuni\u00f3n \u00abconstructiva\u00bb. Fuentes parlamentarias han informado &#8230; <a title=\"El grupo de multiling\u00fcismo del Parlamento Europeo trata por primera vez el catal\u00e1n\" class=\"read-more\" href=\"https:\/\/www.eltriangle.eu\/es\/2024\/12\/10\/el-grupo-de-multilinguismo-del-parlamento-europeo-trata-por-primera-vez-el-uso-del-catalan\/\" aria-label=\"Leer m\u00e1s sobre El grupo de multiling\u00fcismo del Parlamento Europeo trata por primera vez el catal\u00e1n\">Leer m\u00e1s<\/a><\/p>\n","protected":false},"author":97,"featured_media":199790,"comment_status":"open","ping_status":"closed","sticky":false,"template":"","format":"standard","meta":{"_acf_changed":false,"pmpro_default_level":"","footnotes":""},"categories":[24,74],"tags":[2175,277],"class_list":["post-293472","post","type-post","status-publish","format-standard","has-post-thumbnail","hentry","category-actualidad","category-poderes","tag-catalan","tag-parlamento-europeo","lh_instant_articles-syndicate-yes","pmpro-has-access"],"acf":[],"yoast_head":"<!-- This site is optimized with the Yoast SEO plugin v27.4 - https:\/\/yoast.com\/product\/yoast-seo-wordpress\/ -->\n<title>El grupo de multiling\u00fcismo del Parlamento Europeo trata por primera vez el catal\u00e1n - El Triangle<\/title>\n<meta name=\"description\" content=\"El grupo de trabajo de las Lenguas de los Ciudadanos del Parlamento Europeo -del que forman parte los eurodiputados del PP Esteban Gonz\u00e1lez Pons y del PSC\" class=\"yoast-seo-meta-tag\" \/>\n<meta name=\"robots\" content=\"index, follow, max-snippet:-1, max-image-preview:large, max-video-preview:-1\" \/>\n<link rel=\"canonical\" href=\"https:\/\/www.eltriangle.eu\/es\/2024\/12\/10\/el-grupo-de-multilinguismo-del-parlamento-europeo-trata-por-primera-vez-el-uso-del-catalan\/\" class=\"yoast-seo-meta-tag\" \/>\n<meta property=\"og:locale\" content=\"es_ES\" class=\"yoast-seo-meta-tag\" \/>\n<meta property=\"og:type\" content=\"article\" class=\"yoast-seo-meta-tag\" \/>\n<meta property=\"og:title\" content=\"El grupo de multiling\u00fcismo del Parlamento Europeo trata por primera vez el catal\u00e1n - El Triangle\" class=\"yoast-seo-meta-tag\" \/>\n<meta property=\"og:description\" content=\"El grupo de trabajo de las Lenguas de los Ciudadanos del Parlamento Europeo -del que forman parte los eurodiputados del PP Esteban Gonz\u00e1lez Pons y del PSC\" class=\"yoast-seo-meta-tag\" \/>\n<meta property=\"og:url\" content=\"https:\/\/www.eltriangle.eu\/es\/2024\/12\/10\/el-grupo-de-multilinguismo-del-parlamento-europeo-trata-por-primera-vez-el-uso-del-catalan\/\" class=\"yoast-seo-meta-tag\" \/>\n<meta property=\"og:site_name\" content=\"El Triangle\" class=\"yoast-seo-meta-tag\" \/>\n<meta property=\"article:publisher\" content=\"https:\/\/www.facebook.com\/El-Triangle-Diari-101787399020302\" class=\"yoast-seo-meta-tag\" \/>\n<meta property=\"article:published_time\" content=\"2024-12-10T18:00:55+00:00\" class=\"yoast-seo-meta-tag\" \/>\n<meta property=\"article:modified_time\" content=\"2024-12-10T19:18:43+00:00\" class=\"yoast-seo-meta-tag\" \/>\n<meta property=\"og:image\" content=\"https:\/\/www.eltriangle.eu\/wp-content\/uploads\/2023\/06\/3d2f53f0-ff34-4cae-ac39-7ff7ad88fd14-e1686830151680.jpg\" class=\"yoast-seo-meta-tag\" \/>\n\t<meta property=\"og:image:width\" content=\"1200\" class=\"yoast-seo-meta-tag\" \/>\n\t<meta property=\"og:image:height\" content=\"800\" class=\"yoast-seo-meta-tag\" \/>\n\t<meta property=\"og:image:type\" content=\"image\/jpeg\" class=\"yoast-seo-meta-tag\" \/>\n<meta name=\"author\" content=\"xavier\" class=\"yoast-seo-meta-tag\" \/>\n<meta name=\"twitter:card\" content=\"summary_large_image\" class=\"yoast-seo-meta-tag\" \/>\n<meta name=\"twitter:creator\" content=\"@El_Triangle\" class=\"yoast-seo-meta-tag\" \/>\n<meta name=\"twitter:site\" content=\"@El_Triangle\" class=\"yoast-seo-meta-tag\" \/>\n<meta name=\"twitter:label1\" content=\"Escrito por\" class=\"yoast-seo-meta-tag\" \/>\n\t<meta name=\"twitter:data1\" content=\"xavier\" class=\"yoast-seo-meta-tag\" \/>\n\t<meta name=\"twitter:label2\" content=\"Tiempo de lectura\" class=\"yoast-seo-meta-tag\" \/>\n\t<meta name=\"twitter:data2\" content=\"1 minuto\" class=\"yoast-seo-meta-tag\" \/>\n<script type=\"application\/ld+json\" class=\"yoast-schema-graph\">{\"@context\":\"https:\\\/\\\/schema.org\",\"@graph\":[{\"@type\":\"NewsArticle\",\"@id\":\"https:\\\/\\\/www.eltriangle.eu\\\/es\\\/2024\\\/12\\\/10\\\/el-grupo-de-multilinguismo-del-parlamento-europeo-trata-por-primera-vez-el-uso-del-catalan\\\/#article\",\"isPartOf\":{\"@id\":\"https:\\\/\\\/www.eltriangle.eu\\\/es\\\/2024\\\/12\\\/10\\\/el-grupo-de-multilinguismo-del-parlamento-europeo-trata-por-primera-vez-el-uso-del-catalan\\\/\"},\"author\":{\"name\":\"xavier\",\"@id\":\"https:\\\/\\\/www.eltriangle.eu\\\/es\\\/#\\\/schema\\\/person\\\/df9cb61ef0b061092c35cf7a8636dfc6\"},\"headline\":\"El grupo de multiling\u00fcismo del Parlamento Europeo trata por primera vez el catal\u00e1n\",\"datePublished\":\"2024-12-10T18:00:55+00:00\",\"dateModified\":\"2024-12-10T19:18:43+00:00\",\"mainEntityOfPage\":{\"@id\":\"https:\\\/\\\/www.eltriangle.eu\\\/es\\\/2024\\\/12\\\/10\\\/el-grupo-de-multilinguismo-del-parlamento-europeo-trata-por-primera-vez-el-uso-del-catalan\\\/\"},\"wordCount\":159,\"commentCount\":0,\"publisher\":{\"@id\":\"https:\\\/\\\/www.eltriangle.eu\\\/es\\\/#organization\"},\"image\":{\"@id\":\"https:\\\/\\\/www.eltriangle.eu\\\/es\\\/2024\\\/12\\\/10\\\/el-grupo-de-multilinguismo-del-parlamento-europeo-trata-por-primera-vez-el-uso-del-catalan\\\/#primaryimage\"},\"thumbnailUrl\":\"https:\\\/\\\/www.eltriangle.eu\\\/wp-content\\\/uploads\\\/2023\\\/06\\\/3d2f53f0-ff34-4cae-ac39-7ff7ad88fd14-e1686830151680.jpg\",\"keywords\":[\"catal\u00e1n\",\"Parlamento Europeo\"],\"articleSection\":[\"Actualidad\",\"Poderes\"],\"inLanguage\":\"es\",\"potentialAction\":[{\"@type\":\"CommentAction\",\"name\":\"Comment\",\"target\":[\"https:\\\/\\\/www.eltriangle.eu\\\/es\\\/2024\\\/12\\\/10\\\/el-grupo-de-multilinguismo-del-parlamento-europeo-trata-por-primera-vez-el-uso-del-catalan\\\/#respond\"]}]},{\"@type\":\"WebPage\",\"@id\":\"https:\\\/\\\/www.eltriangle.eu\\\/es\\\/2024\\\/12\\\/10\\\/el-grupo-de-multilinguismo-del-parlamento-europeo-trata-por-primera-vez-el-uso-del-catalan\\\/\",\"url\":\"https:\\\/\\\/www.eltriangle.eu\\\/es\\\/2024\\\/12\\\/10\\\/el-grupo-de-multilinguismo-del-parlamento-europeo-trata-por-primera-vez-el-uso-del-catalan\\\/\",\"name\":\"El grupo de multiling\u00fcismo del Parlamento Europeo trata por primera vez el catal\u00e1n - El Triangle\",\"isPartOf\":{\"@id\":\"https:\\\/\\\/www.eltriangle.eu\\\/es\\\/#website\"},\"primaryImageOfPage\":{\"@id\":\"https:\\\/\\\/www.eltriangle.eu\\\/es\\\/2024\\\/12\\\/10\\\/el-grupo-de-multilinguismo-del-parlamento-europeo-trata-por-primera-vez-el-uso-del-catalan\\\/#primaryimage\"},\"image\":{\"@id\":\"https:\\\/\\\/www.eltriangle.eu\\\/es\\\/2024\\\/12\\\/10\\\/el-grupo-de-multilinguismo-del-parlamento-europeo-trata-por-primera-vez-el-uso-del-catalan\\\/#primaryimage\"},\"thumbnailUrl\":\"https:\\\/\\\/www.eltriangle.eu\\\/wp-content\\\/uploads\\\/2023\\\/06\\\/3d2f53f0-ff34-4cae-ac39-7ff7ad88fd14-e1686830151680.jpg\",\"datePublished\":\"2024-12-10T18:00:55+00:00\",\"dateModified\":\"2024-12-10T19:18:43+00:00\",\"description\":\"El grupo de trabajo de las Lenguas de los Ciudadanos del Parlamento Europeo -del que forman parte los eurodiputados del PP Esteban Gonz\u00e1lez Pons y del PSC\",\"breadcrumb\":{\"@id\":\"https:\\\/\\\/www.eltriangle.eu\\\/es\\\/2024\\\/12\\\/10\\\/el-grupo-de-multilinguismo-del-parlamento-europeo-trata-por-primera-vez-el-uso-del-catalan\\\/#breadcrumb\"},\"inLanguage\":\"es\",\"potentialAction\":[{\"@type\":\"ReadAction\",\"target\":[\"https:\\\/\\\/www.eltriangle.eu\\\/es\\\/2024\\\/12\\\/10\\\/el-grupo-de-multilinguismo-del-parlamento-europeo-trata-por-primera-vez-el-uso-del-catalan\\\/\"]}]},{\"@type\":\"ImageObject\",\"inLanguage\":\"es\",\"@id\":\"https:\\\/\\\/www.eltriangle.eu\\\/es\\\/2024\\\/12\\\/10\\\/el-grupo-de-multilinguismo-del-parlamento-europeo-trata-por-primera-vez-el-uso-del-catalan\\\/#primaryimage\",\"url\":\"https:\\\/\\\/www.eltriangle.eu\\\/wp-content\\\/uploads\\\/2023\\\/06\\\/3d2f53f0-ff34-4cae-ac39-7ff7ad88fd14-e1686830151680.jpg\",\"contentUrl\":\"https:\\\/\\\/www.eltriangle.eu\\\/wp-content\\\/uploads\\\/2023\\\/06\\\/3d2f53f0-ff34-4cae-ac39-7ff7ad88fd14-e1686830151680.jpg\",\"width\":1200,\"height\":800,\"caption\":\"Votaci\u00f3n del pleno del Parlamento Europeo en Estrasburgo (UE\\\/ACN)\"},{\"@type\":\"BreadcrumbList\",\"@id\":\"https:\\\/\\\/www.eltriangle.eu\\\/es\\\/2024\\\/12\\\/10\\\/el-grupo-de-multilinguismo-del-parlamento-europeo-trata-por-primera-vez-el-uso-del-catalan\\\/#breadcrumb\",\"itemListElement\":[{\"@type\":\"ListItem\",\"position\":1,\"name\":\"Portada\",\"item\":\"https:\\\/\\\/www.eltriangle.eu\\\/es\\\/\"},{\"@type\":\"ListItem\",\"position\":2,\"name\":\"El grupo de multiling\u00fcismo del Parlamento Europeo trata por primera vez el catal\u00e1n\"}]},{\"@type\":\"WebSite\",\"@id\":\"https:\\\/\\\/www.eltriangle.eu\\\/es\\\/#website\",\"url\":\"https:\\\/\\\/www.eltriangle.eu\\\/es\\\/\",\"name\":\"El Triangle\",\"description\":\"El Triangle \u00e9s un Diari d&#039;informaci\u00f3 general, editat a Catalunya i escrit en llengua catalana, especialitzat en investigaci\u00f3 period\u00edstica\",\"publisher\":{\"@id\":\"https:\\\/\\\/www.eltriangle.eu\\\/es\\\/#organization\"},\"potentialAction\":[{\"@type\":\"SearchAction\",\"target\":{\"@type\":\"EntryPoint\",\"urlTemplate\":\"https:\\\/\\\/www.eltriangle.eu\\\/es\\\/?s={search_term_string}\"},\"query-input\":{\"@type\":\"PropertyValueSpecification\",\"valueRequired\":true,\"valueName\":\"search_term_string\"}}],\"inLanguage\":\"es\"},{\"@type\":[\"Organization\",\"NewsMediaOrganization\"],\"@id\":\"https:\\\/\\\/www.eltriangle.eu\\\/es\\\/#organization\",\"name\":\"El Triangle\",\"url\":\"https:\\\/\\\/www.eltriangle.eu\\\/es\\\/\",\"logo\":{\"@type\":\"ImageObject\",\"inLanguage\":\"es\",\"@id\":\"https:\\\/\\\/www.eltriangle.eu\\\/es\\\/#\\\/schema\\\/logo\\\/image\\\/\",\"url\":\"https:\\\/\\\/www.eltriangle.eu\\\/wp-content\\\/uploads\\\/2020\\\/11\\\/triangle_logo-ajustado.jpg\",\"contentUrl\":\"https:\\\/\\\/www.eltriangle.eu\\\/wp-content\\\/uploads\\\/2020\\\/11\\\/triangle_logo-ajustado.jpg\",\"width\":521,\"height\":92,\"caption\":\"El Triangle\"},\"image\":{\"@id\":\"https:\\\/\\\/www.eltriangle.eu\\\/es\\\/#\\\/schema\\\/logo\\\/image\\\/\"},\"sameAs\":[\"https:\\\/\\\/www.facebook.com\\\/El-Triangle-Diari-101787399020302\",\"https:\\\/\\\/x.com\\\/El_Triangle\",\"https:\\\/\\\/www.youtube.com\\\/channel\\\/UCTIjmYEMYSpdGonuAgNhbcg\"]},{\"@type\":\"Person\",\"@id\":\"https:\\\/\\\/www.eltriangle.eu\\\/es\\\/#\\\/schema\\\/person\\\/df9cb61ef0b061092c35cf7a8636dfc6\",\"name\":\"xavier\",\"image\":{\"@type\":\"ImageObject\",\"inLanguage\":\"es\",\"@id\":\"\\\/\\\/www.gravatar.com\\\/avatar\\\/70cc50ebe4287089b363a6a3c8fa3e72?s=96&#038;r=g&#038;d=mm\",\"url\":\"\\\/\\\/www.gravatar.com\\\/avatar\\\/70cc50ebe4287089b363a6a3c8fa3e72?s=96&#038;r=g&#038;d=mm\",\"contentUrl\":\"\\\/\\\/www.gravatar.com\\\/avatar\\\/70cc50ebe4287089b363a6a3c8fa3e72?s=96&#038;r=g&#038;d=mm\",\"caption\":\"xavier\"},\"url\":\"https:\\\/\\\/www.eltriangle.eu\\\/es\\\/author\\\/xavier\\\/\"},{\"@type\":\"SiteNavigationElement\",\"@id\":\"https:\\\/\\\/www.eltriangle.eu\\\/es\\\/#site-navigation\",\"cssSelector\":[\".cib-main-menu\"]},{\"@type\":\"WPHeader\",\"@id\":\"https:\\\/\\\/www.eltriangle.eu\\\/es\\\/#header\",\"cssSelector\":[\".cib-header\"]},{\"@type\":\"WPFooter\",\"@id\":\"https:\\\/\\\/www.eltriangle.eu\\\/es\\\/#footer\",\"cssSelector\":[\".cib-footer\"]}]}<\/script>\n<!-- \/ Yoast SEO plugin. -->","yoast_head_json":{"title":"El grupo de multiling\u00fcismo del Parlamento Europeo trata por primera vez el catal\u00e1n - El Triangle","description":"El grupo de trabajo de las Lenguas de los Ciudadanos del Parlamento Europeo -del que forman parte los eurodiputados del PP Esteban Gonz\u00e1lez Pons y del PSC","robots":{"index":"index","follow":"follow","max-snippet":"max-snippet:-1","max-image-preview":"max-image-preview:large","max-video-preview":"max-video-preview:-1"},"canonical":"https:\/\/www.eltriangle.eu\/es\/2024\/12\/10\/el-grupo-de-multilinguismo-del-parlamento-europeo-trata-por-primera-vez-el-uso-del-catalan\/","og_locale":"es_ES","og_type":"article","og_title":"El grupo de multiling\u00fcismo del Parlamento Europeo trata por primera vez el catal\u00e1n - El Triangle","og_description":"El grupo de trabajo de las Lenguas de los Ciudadanos del Parlamento Europeo -del que forman parte los eurodiputados del PP Esteban Gonz\u00e1lez Pons y del PSC","og_url":"https:\/\/www.eltriangle.eu\/es\/2024\/12\/10\/el-grupo-de-multilinguismo-del-parlamento-europeo-trata-por-primera-vez-el-uso-del-catalan\/","og_site_name":"El Triangle","article_publisher":"https:\/\/www.facebook.com\/El-Triangle-Diari-101787399020302","article_published_time":"2024-12-10T18:00:55+00:00","article_modified_time":"2024-12-10T19:18:43+00:00","og_image":[{"width":1200,"height":800,"url":"https:\/\/www.eltriangle.eu\/wp-content\/uploads\/2023\/06\/3d2f53f0-ff34-4cae-ac39-7ff7ad88fd14-e1686830151680.jpg","type":"image\/jpeg"}],"author":"xavier","twitter_card":"summary_large_image","twitter_creator":"@El_Triangle","twitter_site":"@El_Triangle","twitter_misc":{"Escrito por":"xavier","Tiempo de lectura":"1 minuto"},"schema":{"@context":"https:\/\/schema.org","@graph":[{"@type":"NewsArticle","@id":"https:\/\/www.eltriangle.eu\/es\/2024\/12\/10\/el-grupo-de-multilinguismo-del-parlamento-europeo-trata-por-primera-vez-el-uso-del-catalan\/#article","isPartOf":{"@id":"https:\/\/www.eltriangle.eu\/es\/2024\/12\/10\/el-grupo-de-multilinguismo-del-parlamento-europeo-trata-por-primera-vez-el-uso-del-catalan\/"},"author":{"name":"xavier","@id":"https:\/\/www.eltriangle.eu\/es\/#\/schema\/person\/df9cb61ef0b061092c35cf7a8636dfc6"},"headline":"El grupo de multiling\u00fcismo del Parlamento Europeo trata por primera vez el catal\u00e1n","datePublished":"2024-12-10T18:00:55+00:00","dateModified":"2024-12-10T19:18:43+00:00","mainEntityOfPage":{"@id":"https:\/\/www.eltriangle.eu\/es\/2024\/12\/10\/el-grupo-de-multilinguismo-del-parlamento-europeo-trata-por-primera-vez-el-uso-del-catalan\/"},"wordCount":159,"commentCount":0,"publisher":{"@id":"https:\/\/www.eltriangle.eu\/es\/#organization"},"image":{"@id":"https:\/\/www.eltriangle.eu\/es\/2024\/12\/10\/el-grupo-de-multilinguismo-del-parlamento-europeo-trata-por-primera-vez-el-uso-del-catalan\/#primaryimage"},"thumbnailUrl":"https:\/\/www.eltriangle.eu\/wp-content\/uploads\/2023\/06\/3d2f53f0-ff34-4cae-ac39-7ff7ad88fd14-e1686830151680.jpg","keywords":["catal\u00e1n","Parlamento Europeo"],"articleSection":["Actualidad","Poderes"],"inLanguage":"es","potentialAction":[{"@type":"CommentAction","name":"Comment","target":["https:\/\/www.eltriangle.eu\/es\/2024\/12\/10\/el-grupo-de-multilinguismo-del-parlamento-europeo-trata-por-primera-vez-el-uso-del-catalan\/#respond"]}]},{"@type":"WebPage","@id":"https:\/\/www.eltriangle.eu\/es\/2024\/12\/10\/el-grupo-de-multilinguismo-del-parlamento-europeo-trata-por-primera-vez-el-uso-del-catalan\/","url":"https:\/\/www.eltriangle.eu\/es\/2024\/12\/10\/el-grupo-de-multilinguismo-del-parlamento-europeo-trata-por-primera-vez-el-uso-del-catalan\/","name":"El grupo de multiling\u00fcismo del Parlamento Europeo trata por primera vez el catal\u00e1n - El Triangle","isPartOf":{"@id":"https:\/\/www.eltriangle.eu\/es\/#website"},"primaryImageOfPage":{"@id":"https:\/\/www.eltriangle.eu\/es\/2024\/12\/10\/el-grupo-de-multilinguismo-del-parlamento-europeo-trata-por-primera-vez-el-uso-del-catalan\/#primaryimage"},"image":{"@id":"https:\/\/www.eltriangle.eu\/es\/2024\/12\/10\/el-grupo-de-multilinguismo-del-parlamento-europeo-trata-por-primera-vez-el-uso-del-catalan\/#primaryimage"},"thumbnailUrl":"https:\/\/www.eltriangle.eu\/wp-content\/uploads\/2023\/06\/3d2f53f0-ff34-4cae-ac39-7ff7ad88fd14-e1686830151680.jpg","datePublished":"2024-12-10T18:00:55+00:00","dateModified":"2024-12-10T19:18:43+00:00","description":"El grupo de trabajo de las Lenguas de los Ciudadanos del Parlamento Europeo -del que forman parte los eurodiputados del PP Esteban Gonz\u00e1lez Pons y del PSC","breadcrumb":{"@id":"https:\/\/www.eltriangle.eu\/es\/2024\/12\/10\/el-grupo-de-multilinguismo-del-parlamento-europeo-trata-por-primera-vez-el-uso-del-catalan\/#breadcrumb"},"inLanguage":"es","potentialAction":[{"@type":"ReadAction","target":["https:\/\/www.eltriangle.eu\/es\/2024\/12\/10\/el-grupo-de-multilinguismo-del-parlamento-europeo-trata-por-primera-vez-el-uso-del-catalan\/"]}]},{"@type":"ImageObject","inLanguage":"es","@id":"https:\/\/www.eltriangle.eu\/es\/2024\/12\/10\/el-grupo-de-multilinguismo-del-parlamento-europeo-trata-por-primera-vez-el-uso-del-catalan\/#primaryimage","url":"https:\/\/www.eltriangle.eu\/wp-content\/uploads\/2023\/06\/3d2f53f0-ff34-4cae-ac39-7ff7ad88fd14-e1686830151680.jpg","contentUrl":"https:\/\/www.eltriangle.eu\/wp-content\/uploads\/2023\/06\/3d2f53f0-ff34-4cae-ac39-7ff7ad88fd14-e1686830151680.jpg","width":1200,"height":800,"caption":"Votaci\u00f3n del pleno del Parlamento Europeo en Estrasburgo (UE\/ACN)"},{"@type":"BreadcrumbList","@id":"https:\/\/www.eltriangle.eu\/es\/2024\/12\/10\/el-grupo-de-multilinguismo-del-parlamento-europeo-trata-por-primera-vez-el-uso-del-catalan\/#breadcrumb","itemListElement":[{"@type":"ListItem","position":1,"name":"Portada","item":"https:\/\/www.eltriangle.eu\/es\/"},{"@type":"ListItem","position":2,"name":"El grupo de multiling\u00fcismo del Parlamento Europeo trata por primera vez el catal\u00e1n"}]},{"@type":"WebSite","@id":"https:\/\/www.eltriangle.eu\/es\/#website","url":"https:\/\/www.eltriangle.eu\/es\/","name":"El Triangle","description":"El Triangle \u00e9s un Diari d&#039;informaci\u00f3 general, editat a Catalunya i escrit en llengua catalana, especialitzat en investigaci\u00f3 period\u00edstica","publisher":{"@id":"https:\/\/www.eltriangle.eu\/es\/#organization"},"potentialAction":[{"@type":"SearchAction","target":{"@type":"EntryPoint","urlTemplate":"https:\/\/www.eltriangle.eu\/es\/?s={search_term_string}"},"query-input":{"@type":"PropertyValueSpecification","valueRequired":true,"valueName":"search_term_string"}}],"inLanguage":"es"},{"@type":["Organization","NewsMediaOrganization"],"@id":"https:\/\/www.eltriangle.eu\/es\/#organization","name":"El Triangle","url":"https:\/\/www.eltriangle.eu\/es\/","logo":{"@type":"ImageObject","inLanguage":"es","@id":"https:\/\/www.eltriangle.eu\/es\/#\/schema\/logo\/image\/","url":"https:\/\/www.eltriangle.eu\/wp-content\/uploads\/2020\/11\/triangle_logo-ajustado.jpg","contentUrl":"https:\/\/www.eltriangle.eu\/wp-content\/uploads\/2020\/11\/triangle_logo-ajustado.jpg","width":521,"height":92,"caption":"El Triangle"},"image":{"@id":"https:\/\/www.eltriangle.eu\/es\/#\/schema\/logo\/image\/"},"sameAs":["https:\/\/www.facebook.com\/El-Triangle-Diari-101787399020302","https:\/\/x.com\/El_Triangle","https:\/\/www.youtube.com\/channel\/UCTIjmYEMYSpdGonuAgNhbcg"]},{"@type":"Person","@id":"https:\/\/www.eltriangle.eu\/es\/#\/schema\/person\/df9cb61ef0b061092c35cf7a8636dfc6","name":"xavier","image":{"@type":"ImageObject","inLanguage":"es","@id":"\/\/www.gravatar.com\/avatar\/70cc50ebe4287089b363a6a3c8fa3e72?s=96&#038;r=g&#038;d=mm","url":"\/\/www.gravatar.com\/avatar\/70cc50ebe4287089b363a6a3c8fa3e72?s=96&#038;r=g&#038;d=mm","contentUrl":"\/\/www.gravatar.com\/avatar\/70cc50ebe4287089b363a6a3c8fa3e72?s=96&#038;r=g&#038;d=mm","caption":"xavier"},"url":"https:\/\/www.eltriangle.eu\/es\/author\/xavier\/"},{"@type":"SiteNavigationElement","@id":"https:\/\/www.eltriangle.eu\/es\/#site-navigation","cssSelector":[".cib-main-menu"]},{"@type":"WPHeader","@id":"https:\/\/www.eltriangle.eu\/es\/#header","cssSelector":[".cib-header"]},{"@type":"WPFooter","@id":"https:\/\/www.eltriangle.eu\/es\/#footer","cssSelector":[".cib-footer"]}]}},"amp_enabled":true,"_links":{"self":[{"href":"https:\/\/www.eltriangle.eu\/es\/wp-json\/wp\/v2\/posts\/293472","targetHints":{"allow":["GET"]}}],"collection":[{"href":"https:\/\/www.eltriangle.eu\/es\/wp-json\/wp\/v2\/posts"}],"about":[{"href":"https:\/\/www.eltriangle.eu\/es\/wp-json\/wp\/v2\/types\/post"}],"author":[{"embeddable":true,"href":"https:\/\/www.eltriangle.eu\/es\/wp-json\/wp\/v2\/users\/97"}],"replies":[{"embeddable":true,"href":"https:\/\/www.eltriangle.eu\/es\/wp-json\/wp\/v2\/comments?post=293472"}],"version-history":[{"count":0,"href":"https:\/\/www.eltriangle.eu\/es\/wp-json\/wp\/v2\/posts\/293472\/revisions"}],"wp:featuredmedia":[{"embeddable":true,"href":"https:\/\/www.eltriangle.eu\/es\/wp-json\/wp\/v2\/media\/199790"}],"wp:attachment":[{"href":"https:\/\/www.eltriangle.eu\/es\/wp-json\/wp\/v2\/media?parent=293472"}],"wp:term":[{"taxonomy":"category","embeddable":true,"href":"https:\/\/www.eltriangle.eu\/es\/wp-json\/wp\/v2\/categories?post=293472"},{"taxonomy":"post_tag","embeddable":true,"href":"https:\/\/www.eltriangle.eu\/es\/wp-json\/wp\/v2\/tags?post=293472"}],"curies":[{"name":"wp","href":"https:\/\/api.w.org\/{rel}","templated":true}]}}