{"id":291555,"date":"2024-11-28T09:45:04","date_gmt":"2024-11-28T08:45:04","guid":{"rendered":null},"modified":"2024-11-28T12:07:40","modified_gmt":"2024-11-28T11:07:40","slug":"alejandro-fernandez-dice-que-el-traspaso-de-competencias-en-inmigracion-es-ilegal-y-una-enganifa","status":"publish","type":"post","link":"https:\/\/www.eltriangle.eu\/es\/2024\/11\/28\/alejandro-fernandez-dice-que-el-traspaso-de-competencias-en-inmigracion-es-ilegal-y-una-enganifa\/","title":{"rendered":"Alejandro Fern\u00e1ndez dice que el traspaso de competencias en inmigraci\u00f3n es \u00abilegal\u00bb y una \u00abenga\u00f1ifa\u00bb"},"content":{"rendered":"<p>El presidente del <strong>Partido Popular de Catalu\u00f1a<\/strong> (PPC),<strong> Alejandro Fern\u00e1ndez<\/strong>, ha considerado que el traspaso de competencias en inmigraci\u00f3n es \u00abilegal\u00bb y una \u00abenga\u00f1ifa\u00bb, durante una entrevista concedida a RTVE despu\u00e9s de que el presidente de la Generalitat, <strong>Salvador Illa<\/strong>, haya dicho que \u00abpronto\u00bb se producir\u00e1 el traspaso en esta materia.<\/p>\n<p>Sobre la gesti\u00f3n en inmigraci\u00f3n, Fern\u00e1ndez ha se\u00f1alado que solo los Estados controlan las fronteras y no las comunidades aut\u00f3nomas, y ha concluido que Catalu\u00f1a no controlar\u00e1 las fronteras porque \u00abnunca ser\u00e1 independiente\u00bb. \u00abEs todo una enga\u00f1ifa\u00bb, ha dicho antes de criticar que vender algo que no se puede cumplir genera \u00abdesafecci\u00f3n pol\u00edtica y conflicto\u00bb.<\/p>\n<p>Por otro lado, el dirigente popular ha explicado por qu\u00e9 su grupo se ha desmarcado este mi\u00e9rcoles de la <strong>declaraci\u00f3n<\/strong> del Parlamento catal\u00e1n <strong>contra la violencia machista<\/strong>. \u00abNo todos los hombres son potencialmente maltratadores\u00bb, ha dicho para despu\u00e9s defender que el patriarcado no es estructural.<\/p>\n<p>\u00abNo aceptamos lecciones de los <em>Errejones<\/em> de la vida en feminismo. Los que se\u00f1alan son quienes m\u00e1s se comportan en su vida privada como si fueran Torrente\u00bb, ha a\u00f1adido Fern\u00e1ndez sobre el personaje protagonista de la pel\u00edcula hom\u00f3nima.<\/p>\n<p>El presidente del PPC en el Parlamento catal\u00e1n, asimismo, ha afirmado que no les gusta \u00abnada\u00bb del texto de la declaraci\u00f3n firmada por todos los grupos excepto los populares, <strong>Vox y Alianza Catalana<\/strong>. Seg\u00fan ha dicho, se trata de un manifiesto \u00abde inspiraci\u00f3n cupera\u00bb que plantea la relaci\u00f3n entre hombres y mujeres \u00abdesde el conflicto y el resentimiento\u00bb en lugar de hacerlo desde \u00abla colaboraci\u00f3n y la igualdad\u00bb. \u00abSe dec\u00edan much\u00edsimas bestias\u00bb, ha a\u00f1adido.<\/p>\n","protected":false},"excerpt":{"rendered":"<p>El presidente del Partido Popular de Catalu\u00f1a (PPC), Alejandro Fern\u00e1ndez, ha considerado que el traspaso de competencias en inmigraci\u00f3n es \u00abilegal\u00bb y una \u00abenga\u00f1ifa\u00bb, durante una entrevista concedida a RTVE despu\u00e9s de que el presidente de la Generalitat, Salvador Illa, haya dicho que \u00abpronto\u00bb se producir\u00e1 el traspaso en esta materia. Sobre la gesti\u00f3n en &#8230; <a title=\"Alejandro Fern\u00e1ndez dice que el traspaso de competencias en inmigraci\u00f3n es \u00abilegal\u00bb y una \u00abenga\u00f1ifa\u00bb\" class=\"read-more\" href=\"https:\/\/www.eltriangle.eu\/es\/2024\/11\/28\/alejandro-fernandez-dice-que-el-traspaso-de-competencias-en-inmigracion-es-ilegal-y-una-enganifa\/\" aria-label=\"Leer m\u00e1s sobre Alejandro Fern\u00e1ndez dice que el traspaso de competencias en inmigraci\u00f3n es \u00abilegal\u00bb y una \u00abenga\u00f1ifa\u00bb\">Leer m\u00e1s<\/a><\/p>\n","protected":false},"author":179,"featured_media":291554,"comment_status":"open","ping_status":"closed","sticky":false,"template":"","format":"standard","meta":{"_acf_changed":false,"pmpro_default_level":"","footnotes":""},"categories":[24,74],"tags":[258,253],"class_list":["post-291555","post","type-post","status-publish","format-standard","has-post-thumbnail","hentry","category-actualidad","category-poderes","tag-alejandro-fernandez-es","tag-ppc-es","lh_instant_articles-syndicate-yes","pmpro-has-access"],"acf":[],"yoast_head":"<!-- This site is optimized with the Yoast SEO plugin v27.4 - https:\/\/yoast.com\/product\/yoast-seo-wordpress\/ -->\n<title>Alejandro Fern\u00e1ndez dice que el traspaso de competencias en inmigraci\u00f3n es &quot;ilegal&quot; y una &quot;enga\u00f1ifa&quot; - El Triangle<\/title>\n<meta name=\"description\" content=\"El presidente del Partido Popular de Catalu\u00f1a (PPC), Alejandro Fern\u00e1ndez, ha considerado que el traspaso de competencias en inmigraci\u00f3n es &quot;ilegal&quot; y una\" class=\"yoast-seo-meta-tag\" \/>\n<meta name=\"robots\" content=\"index, follow, max-snippet:-1, max-image-preview:large, max-video-preview:-1\" \/>\n<link rel=\"canonical\" href=\"https:\/\/www.eltriangle.eu\/es\/2024\/11\/28\/alejandro-fernandez-dice-que-el-traspaso-de-competencias-en-inmigracion-es-ilegal-y-una-enganifa\/\" class=\"yoast-seo-meta-tag\" \/>\n<meta property=\"og:locale\" content=\"es_ES\" class=\"yoast-seo-meta-tag\" \/>\n<meta property=\"og:type\" content=\"article\" class=\"yoast-seo-meta-tag\" \/>\n<meta property=\"og:title\" content=\"Alejandro Fern\u00e1ndez dice que el traspaso de competencias en inmigraci\u00f3n es &quot;ilegal&quot; y una &quot;enga\u00f1ifa&quot; - El Triangle\" class=\"yoast-seo-meta-tag\" \/>\n<meta property=\"og:description\" content=\"El presidente del Partido Popular de Catalu\u00f1a (PPC), Alejandro Fern\u00e1ndez, ha considerado que el traspaso de competencias en inmigraci\u00f3n es &quot;ilegal&quot; y una\" class=\"yoast-seo-meta-tag\" \/>\n<meta property=\"og:url\" content=\"https:\/\/www.eltriangle.eu\/es\/2024\/11\/28\/alejandro-fernandez-dice-que-el-traspaso-de-competencias-en-inmigracion-es-ilegal-y-una-enganifa\/\" class=\"yoast-seo-meta-tag\" \/>\n<meta property=\"og:site_name\" content=\"El Triangle\" class=\"yoast-seo-meta-tag\" \/>\n<meta property=\"article:publisher\" content=\"https:\/\/www.facebook.com\/El-Triangle-Diari-101787399020302\" class=\"yoast-seo-meta-tag\" \/>\n<meta property=\"article:published_time\" content=\"2024-11-28T08:45:04+00:00\" class=\"yoast-seo-meta-tag\" \/>\n<meta property=\"article:modified_time\" content=\"2024-11-28T11:07:40+00:00\" class=\"yoast-seo-meta-tag\" \/>\n<meta property=\"og:image\" content=\"https:\/\/www.eltriangle.eu\/wp-content\/uploads\/2024\/11\/el-lider-del-ppc-alejandro-fernandez-foto-acn-marta-sierra.jpg\" class=\"yoast-seo-meta-tag\" \/>\n\t<meta property=\"og:image:width\" content=\"1200\" class=\"yoast-seo-meta-tag\" \/>\n\t<meta property=\"og:image:height\" content=\"800\" class=\"yoast-seo-meta-tag\" \/>\n\t<meta property=\"og:image:type\" content=\"image\/jpeg\" class=\"yoast-seo-meta-tag\" \/>\n<meta name=\"author\" content=\"Redacci\u00f3 \/ ACN\" class=\"yoast-seo-meta-tag\" \/>\n<meta name=\"twitter:card\" content=\"summary_large_image\" class=\"yoast-seo-meta-tag\" \/>\n<meta name=\"twitter:creator\" content=\"@El_Triangle\" class=\"yoast-seo-meta-tag\" \/>\n<meta name=\"twitter:site\" content=\"@El_Triangle\" class=\"yoast-seo-meta-tag\" \/>\n<meta name=\"twitter:label1\" content=\"Escrito por\" class=\"yoast-seo-meta-tag\" \/>\n\t<meta name=\"twitter:data1\" content=\"Redacci\u00f3 \/ ACN\" class=\"yoast-seo-meta-tag\" \/>\n\t<meta name=\"twitter:label2\" content=\"Tiempo de lectura\" class=\"yoast-seo-meta-tag\" \/>\n\t<meta name=\"twitter:data2\" content=\"1 minuto\" class=\"yoast-seo-meta-tag\" \/>\n<script type=\"application\/ld+json\" class=\"yoast-schema-graph\">{\"@context\":\"https:\\\/\\\/schema.org\",\"@graph\":[{\"@type\":\"NewsArticle\",\"@id\":\"https:\\\/\\\/www.eltriangle.eu\\\/es\\\/2024\\\/11\\\/28\\\/alejandro-fernandez-dice-que-el-traspaso-de-competencias-en-inmigracion-es-ilegal-y-una-enganifa\\\/#article\",\"isPartOf\":{\"@id\":\"https:\\\/\\\/www.eltriangle.eu\\\/es\\\/2024\\\/11\\\/28\\\/alejandro-fernandez-dice-que-el-traspaso-de-competencias-en-inmigracion-es-ilegal-y-una-enganifa\\\/\"},\"author\":{\"name\":\"Redacci\u00f3 \\\/ ACN\",\"@id\":\"https:\\\/\\\/www.eltriangle.eu\\\/es\\\/#\\\/schema\\\/person\\\/6e5938f06dd4dcd413779558fbf437d9\"},\"headline\":\"Alejandro Fern\u00e1ndez dice que el traspaso de competencias en inmigraci\u00f3n es \u00abilegal\u00bb y una \u00abenga\u00f1ifa\u00bb\",\"datePublished\":\"2024-11-28T08:45:04+00:00\",\"dateModified\":\"2024-11-28T11:07:40+00:00\",\"mainEntityOfPage\":{\"@id\":\"https:\\\/\\\/www.eltriangle.eu\\\/es\\\/2024\\\/11\\\/28\\\/alejandro-fernandez-dice-que-el-traspaso-de-competencias-en-inmigracion-es-ilegal-y-una-enganifa\\\/\"},\"wordCount\":314,\"commentCount\":0,\"publisher\":{\"@id\":\"https:\\\/\\\/www.eltriangle.eu\\\/es\\\/#organization\"},\"image\":{\"@id\":\"https:\\\/\\\/www.eltriangle.eu\\\/es\\\/2024\\\/11\\\/28\\\/alejandro-fernandez-dice-que-el-traspaso-de-competencias-en-inmigracion-es-ilegal-y-una-enganifa\\\/#primaryimage\"},\"thumbnailUrl\":\"https:\\\/\\\/www.eltriangle.eu\\\/wp-content\\\/uploads\\\/2024\\\/11\\\/el-lider-del-ppc-alejandro-fernandez-foto-acn-marta-sierra.jpg\",\"keywords\":[\"Alejandro Fern\u00e1ndez\",\"PPC\"],\"articleSection\":[\"Actualidad\",\"Poderes\"],\"inLanguage\":\"es\",\"potentialAction\":[{\"@type\":\"CommentAction\",\"name\":\"Comment\",\"target\":[\"https:\\\/\\\/www.eltriangle.eu\\\/es\\\/2024\\\/11\\\/28\\\/alejandro-fernandez-dice-que-el-traspaso-de-competencias-en-inmigracion-es-ilegal-y-una-enganifa\\\/#respond\"]}]},{\"@type\":\"WebPage\",\"@id\":\"https:\\\/\\\/www.eltriangle.eu\\\/es\\\/2024\\\/11\\\/28\\\/alejandro-fernandez-dice-que-el-traspaso-de-competencias-en-inmigracion-es-ilegal-y-una-enganifa\\\/\",\"url\":\"https:\\\/\\\/www.eltriangle.eu\\\/es\\\/2024\\\/11\\\/28\\\/alejandro-fernandez-dice-que-el-traspaso-de-competencias-en-inmigracion-es-ilegal-y-una-enganifa\\\/\",\"name\":\"Alejandro Fern\u00e1ndez dice que el traspaso de competencias en inmigraci\u00f3n es \\\"ilegal\\\" y una \\\"enga\u00f1ifa\\\" - El Triangle\",\"isPartOf\":{\"@id\":\"https:\\\/\\\/www.eltriangle.eu\\\/es\\\/#website\"},\"primaryImageOfPage\":{\"@id\":\"https:\\\/\\\/www.eltriangle.eu\\\/es\\\/2024\\\/11\\\/28\\\/alejandro-fernandez-dice-que-el-traspaso-de-competencias-en-inmigracion-es-ilegal-y-una-enganifa\\\/#primaryimage\"},\"image\":{\"@id\":\"https:\\\/\\\/www.eltriangle.eu\\\/es\\\/2024\\\/11\\\/28\\\/alejandro-fernandez-dice-que-el-traspaso-de-competencias-en-inmigracion-es-ilegal-y-una-enganifa\\\/#primaryimage\"},\"thumbnailUrl\":\"https:\\\/\\\/www.eltriangle.eu\\\/wp-content\\\/uploads\\\/2024\\\/11\\\/el-lider-del-ppc-alejandro-fernandez-foto-acn-marta-sierra.jpg\",\"datePublished\":\"2024-11-28T08:45:04+00:00\",\"dateModified\":\"2024-11-28T11:07:40+00:00\",\"description\":\"El presidente del Partido Popular de Catalu\u00f1a (PPC), Alejandro Fern\u00e1ndez, ha considerado que el traspaso de competencias en inmigraci\u00f3n es \\\"ilegal\\\" y una\",\"breadcrumb\":{\"@id\":\"https:\\\/\\\/www.eltriangle.eu\\\/es\\\/2024\\\/11\\\/28\\\/alejandro-fernandez-dice-que-el-traspaso-de-competencias-en-inmigracion-es-ilegal-y-una-enganifa\\\/#breadcrumb\"},\"inLanguage\":\"es\",\"potentialAction\":[{\"@type\":\"ReadAction\",\"target\":[\"https:\\\/\\\/www.eltriangle.eu\\\/es\\\/2024\\\/11\\\/28\\\/alejandro-fernandez-dice-que-el-traspaso-de-competencias-en-inmigracion-es-ilegal-y-una-enganifa\\\/\"]}]},{\"@type\":\"ImageObject\",\"inLanguage\":\"es\",\"@id\":\"https:\\\/\\\/www.eltriangle.eu\\\/es\\\/2024\\\/11\\\/28\\\/alejandro-fernandez-dice-que-el-traspaso-de-competencias-en-inmigracion-es-ilegal-y-una-enganifa\\\/#primaryimage\",\"url\":\"https:\\\/\\\/www.eltriangle.eu\\\/wp-content\\\/uploads\\\/2024\\\/11\\\/el-lider-del-ppc-alejandro-fernandez-foto-acn-marta-sierra.jpg\",\"contentUrl\":\"https:\\\/\\\/www.eltriangle.eu\\\/wp-content\\\/uploads\\\/2024\\\/11\\\/el-lider-del-ppc-alejandro-fernandez-foto-acn-marta-sierra.jpg\",\"width\":1200,\"height\":800,\"caption\":\"El l\u00edder del PPC, Alejandro Fern\u00e1ndez - Foto: ACN, Marta Sierra\"},{\"@type\":\"BreadcrumbList\",\"@id\":\"https:\\\/\\\/www.eltriangle.eu\\\/es\\\/2024\\\/11\\\/28\\\/alejandro-fernandez-dice-que-el-traspaso-de-competencias-en-inmigracion-es-ilegal-y-una-enganifa\\\/#breadcrumb\",\"itemListElement\":[{\"@type\":\"ListItem\",\"position\":1,\"name\":\"Portada\",\"item\":\"https:\\\/\\\/www.eltriangle.eu\\\/es\\\/\"},{\"@type\":\"ListItem\",\"position\":2,\"name\":\"Alejandro Fern\u00e1ndez dice que el traspaso de competencias en inmigraci\u00f3n es &#8220;ilegal&#8221; y una &#8220;enga\u00f1ifa&#8221;\"}]},{\"@type\":\"WebSite\",\"@id\":\"https:\\\/\\\/www.eltriangle.eu\\\/es\\\/#website\",\"url\":\"https:\\\/\\\/www.eltriangle.eu\\\/es\\\/\",\"name\":\"El Triangle\",\"description\":\"El Triangle \u00e9s un Diari d&#039;informaci\u00f3 general, editat a Catalunya i escrit en llengua catalana, especialitzat en investigaci\u00f3 period\u00edstica\",\"publisher\":{\"@id\":\"https:\\\/\\\/www.eltriangle.eu\\\/es\\\/#organization\"},\"potentialAction\":[{\"@type\":\"SearchAction\",\"target\":{\"@type\":\"EntryPoint\",\"urlTemplate\":\"https:\\\/\\\/www.eltriangle.eu\\\/es\\\/?s={search_term_string}\"},\"query-input\":{\"@type\":\"PropertyValueSpecification\",\"valueRequired\":true,\"valueName\":\"search_term_string\"}}],\"inLanguage\":\"es\"},{\"@type\":[\"Organization\",\"NewsMediaOrganization\"],\"@id\":\"https:\\\/\\\/www.eltriangle.eu\\\/es\\\/#organization\",\"name\":\"El Triangle\",\"url\":\"https:\\\/\\\/www.eltriangle.eu\\\/es\\\/\",\"logo\":{\"@type\":\"ImageObject\",\"inLanguage\":\"es\",\"@id\":\"https:\\\/\\\/www.eltriangle.eu\\\/es\\\/#\\\/schema\\\/logo\\\/image\\\/\",\"url\":\"https:\\\/\\\/www.eltriangle.eu\\\/wp-content\\\/uploads\\\/2020\\\/11\\\/triangle_logo-ajustado.jpg\",\"contentUrl\":\"https:\\\/\\\/www.eltriangle.eu\\\/wp-content\\\/uploads\\\/2020\\\/11\\\/triangle_logo-ajustado.jpg\",\"width\":521,\"height\":92,\"caption\":\"El Triangle\"},\"image\":{\"@id\":\"https:\\\/\\\/www.eltriangle.eu\\\/es\\\/#\\\/schema\\\/logo\\\/image\\\/\"},\"sameAs\":[\"https:\\\/\\\/www.facebook.com\\\/El-Triangle-Diari-101787399020302\",\"https:\\\/\\\/x.com\\\/El_Triangle\",\"https:\\\/\\\/www.youtube.com\\\/channel\\\/UCTIjmYEMYSpdGonuAgNhbcg\"]},{\"@type\":\"Person\",\"@id\":\"https:\\\/\\\/www.eltriangle.eu\\\/es\\\/#\\\/schema\\\/person\\\/6e5938f06dd4dcd413779558fbf437d9\",\"name\":\"Redacci\u00f3 \\\/ ACN\",\"image\":{\"@type\":\"ImageObject\",\"inLanguage\":\"es\",\"@id\":\"\\\/\\\/www.gravatar.com\\\/avatar\\\/a5bc366245a614da74d9f8d49d1b53bf?s=96&#038;r=g&#038;d=mm\",\"url\":\"\\\/\\\/www.gravatar.com\\\/avatar\\\/a5bc366245a614da74d9f8d49d1b53bf?s=96&#038;r=g&#038;d=mm\",\"contentUrl\":\"\\\/\\\/www.gravatar.com\\\/avatar\\\/a5bc366245a614da74d9f8d49d1b53bf?s=96&#038;r=g&#038;d=mm\",\"caption\":\"Redacci\u00f3 \\\/ ACN\"},\"url\":\"https:\\\/\\\/www.eltriangle.eu\\\/es\\\/author\\\/redaccioacn\\\/\"},{\"@type\":\"SiteNavigationElement\",\"@id\":\"https:\\\/\\\/www.eltriangle.eu\\\/es\\\/#site-navigation\",\"cssSelector\":[\".cib-main-menu\"]},{\"@type\":\"WPHeader\",\"@id\":\"https:\\\/\\\/www.eltriangle.eu\\\/es\\\/#header\",\"cssSelector\":[\".cib-header\"]},{\"@type\":\"WPFooter\",\"@id\":\"https:\\\/\\\/www.eltriangle.eu\\\/es\\\/#footer\",\"cssSelector\":[\".cib-footer\"]}]}<\/script>\n<!-- \/ Yoast SEO plugin. -->","yoast_head_json":{"title":"Alejandro Fern\u00e1ndez dice que el traspaso de competencias en inmigraci\u00f3n es \"ilegal\" y una \"enga\u00f1ifa\" - El Triangle","description":"El presidente del Partido Popular de Catalu\u00f1a (PPC), Alejandro Fern\u00e1ndez, ha considerado que el traspaso de competencias en inmigraci\u00f3n es \"ilegal\" y una","robots":{"index":"index","follow":"follow","max-snippet":"max-snippet:-1","max-image-preview":"max-image-preview:large","max-video-preview":"max-video-preview:-1"},"canonical":"https:\/\/www.eltriangle.eu\/es\/2024\/11\/28\/alejandro-fernandez-dice-que-el-traspaso-de-competencias-en-inmigracion-es-ilegal-y-una-enganifa\/","og_locale":"es_ES","og_type":"article","og_title":"Alejandro Fern\u00e1ndez dice que el traspaso de competencias en inmigraci\u00f3n es \"ilegal\" y una \"enga\u00f1ifa\" - El Triangle","og_description":"El presidente del Partido Popular de Catalu\u00f1a (PPC), Alejandro Fern\u00e1ndez, ha considerado que el traspaso de competencias en inmigraci\u00f3n es \"ilegal\" y una","og_url":"https:\/\/www.eltriangle.eu\/es\/2024\/11\/28\/alejandro-fernandez-dice-que-el-traspaso-de-competencias-en-inmigracion-es-ilegal-y-una-enganifa\/","og_site_name":"El Triangle","article_publisher":"https:\/\/www.facebook.com\/El-Triangle-Diari-101787399020302","article_published_time":"2024-11-28T08:45:04+00:00","article_modified_time":"2024-11-28T11:07:40+00:00","og_image":[{"width":1200,"height":800,"url":"https:\/\/www.eltriangle.eu\/wp-content\/uploads\/2024\/11\/el-lider-del-ppc-alejandro-fernandez-foto-acn-marta-sierra.jpg","type":"image\/jpeg"}],"author":"Redacci\u00f3 \/ ACN","twitter_card":"summary_large_image","twitter_creator":"@El_Triangle","twitter_site":"@El_Triangle","twitter_misc":{"Escrito por":"Redacci\u00f3 \/ ACN","Tiempo de lectura":"1 minuto"},"schema":{"@context":"https:\/\/schema.org","@graph":[{"@type":"NewsArticle","@id":"https:\/\/www.eltriangle.eu\/es\/2024\/11\/28\/alejandro-fernandez-dice-que-el-traspaso-de-competencias-en-inmigracion-es-ilegal-y-una-enganifa\/#article","isPartOf":{"@id":"https:\/\/www.eltriangle.eu\/es\/2024\/11\/28\/alejandro-fernandez-dice-que-el-traspaso-de-competencias-en-inmigracion-es-ilegal-y-una-enganifa\/"},"author":{"name":"Redacci\u00f3 \/ ACN","@id":"https:\/\/www.eltriangle.eu\/es\/#\/schema\/person\/6e5938f06dd4dcd413779558fbf437d9"},"headline":"Alejandro Fern\u00e1ndez dice que el traspaso de competencias en inmigraci\u00f3n es \u00abilegal\u00bb y una \u00abenga\u00f1ifa\u00bb","datePublished":"2024-11-28T08:45:04+00:00","dateModified":"2024-11-28T11:07:40+00:00","mainEntityOfPage":{"@id":"https:\/\/www.eltriangle.eu\/es\/2024\/11\/28\/alejandro-fernandez-dice-que-el-traspaso-de-competencias-en-inmigracion-es-ilegal-y-una-enganifa\/"},"wordCount":314,"commentCount":0,"publisher":{"@id":"https:\/\/www.eltriangle.eu\/es\/#organization"},"image":{"@id":"https:\/\/www.eltriangle.eu\/es\/2024\/11\/28\/alejandro-fernandez-dice-que-el-traspaso-de-competencias-en-inmigracion-es-ilegal-y-una-enganifa\/#primaryimage"},"thumbnailUrl":"https:\/\/www.eltriangle.eu\/wp-content\/uploads\/2024\/11\/el-lider-del-ppc-alejandro-fernandez-foto-acn-marta-sierra.jpg","keywords":["Alejandro Fern\u00e1ndez","PPC"],"articleSection":["Actualidad","Poderes"],"inLanguage":"es","potentialAction":[{"@type":"CommentAction","name":"Comment","target":["https:\/\/www.eltriangle.eu\/es\/2024\/11\/28\/alejandro-fernandez-dice-que-el-traspaso-de-competencias-en-inmigracion-es-ilegal-y-una-enganifa\/#respond"]}]},{"@type":"WebPage","@id":"https:\/\/www.eltriangle.eu\/es\/2024\/11\/28\/alejandro-fernandez-dice-que-el-traspaso-de-competencias-en-inmigracion-es-ilegal-y-una-enganifa\/","url":"https:\/\/www.eltriangle.eu\/es\/2024\/11\/28\/alejandro-fernandez-dice-que-el-traspaso-de-competencias-en-inmigracion-es-ilegal-y-una-enganifa\/","name":"Alejandro Fern\u00e1ndez dice que el traspaso de competencias en inmigraci\u00f3n es \"ilegal\" y una \"enga\u00f1ifa\" - El Triangle","isPartOf":{"@id":"https:\/\/www.eltriangle.eu\/es\/#website"},"primaryImageOfPage":{"@id":"https:\/\/www.eltriangle.eu\/es\/2024\/11\/28\/alejandro-fernandez-dice-que-el-traspaso-de-competencias-en-inmigracion-es-ilegal-y-una-enganifa\/#primaryimage"},"image":{"@id":"https:\/\/www.eltriangle.eu\/es\/2024\/11\/28\/alejandro-fernandez-dice-que-el-traspaso-de-competencias-en-inmigracion-es-ilegal-y-una-enganifa\/#primaryimage"},"thumbnailUrl":"https:\/\/www.eltriangle.eu\/wp-content\/uploads\/2024\/11\/el-lider-del-ppc-alejandro-fernandez-foto-acn-marta-sierra.jpg","datePublished":"2024-11-28T08:45:04+00:00","dateModified":"2024-11-28T11:07:40+00:00","description":"El presidente del Partido Popular de Catalu\u00f1a (PPC), Alejandro Fern\u00e1ndez, ha considerado que el traspaso de competencias en inmigraci\u00f3n es \"ilegal\" y una","breadcrumb":{"@id":"https:\/\/www.eltriangle.eu\/es\/2024\/11\/28\/alejandro-fernandez-dice-que-el-traspaso-de-competencias-en-inmigracion-es-ilegal-y-una-enganifa\/#breadcrumb"},"inLanguage":"es","potentialAction":[{"@type":"ReadAction","target":["https:\/\/www.eltriangle.eu\/es\/2024\/11\/28\/alejandro-fernandez-dice-que-el-traspaso-de-competencias-en-inmigracion-es-ilegal-y-una-enganifa\/"]}]},{"@type":"ImageObject","inLanguage":"es","@id":"https:\/\/www.eltriangle.eu\/es\/2024\/11\/28\/alejandro-fernandez-dice-que-el-traspaso-de-competencias-en-inmigracion-es-ilegal-y-una-enganifa\/#primaryimage","url":"https:\/\/www.eltriangle.eu\/wp-content\/uploads\/2024\/11\/el-lider-del-ppc-alejandro-fernandez-foto-acn-marta-sierra.jpg","contentUrl":"https:\/\/www.eltriangle.eu\/wp-content\/uploads\/2024\/11\/el-lider-del-ppc-alejandro-fernandez-foto-acn-marta-sierra.jpg","width":1200,"height":800,"caption":"El l\u00edder del PPC, Alejandro Fern\u00e1ndez - Foto: ACN, Marta Sierra"},{"@type":"BreadcrumbList","@id":"https:\/\/www.eltriangle.eu\/es\/2024\/11\/28\/alejandro-fernandez-dice-que-el-traspaso-de-competencias-en-inmigracion-es-ilegal-y-una-enganifa\/#breadcrumb","itemListElement":[{"@type":"ListItem","position":1,"name":"Portada","item":"https:\/\/www.eltriangle.eu\/es\/"},{"@type":"ListItem","position":2,"name":"Alejandro Fern\u00e1ndez dice que el traspaso de competencias en inmigraci\u00f3n es &#8220;ilegal&#8221; y una &#8220;enga\u00f1ifa&#8221;"}]},{"@type":"WebSite","@id":"https:\/\/www.eltriangle.eu\/es\/#website","url":"https:\/\/www.eltriangle.eu\/es\/","name":"El Triangle","description":"El Triangle \u00e9s un Diari d&#039;informaci\u00f3 general, editat a Catalunya i escrit en llengua catalana, especialitzat en investigaci\u00f3 period\u00edstica","publisher":{"@id":"https:\/\/www.eltriangle.eu\/es\/#organization"},"potentialAction":[{"@type":"SearchAction","target":{"@type":"EntryPoint","urlTemplate":"https:\/\/www.eltriangle.eu\/es\/?s={search_term_string}"},"query-input":{"@type":"PropertyValueSpecification","valueRequired":true,"valueName":"search_term_string"}}],"inLanguage":"es"},{"@type":["Organization","NewsMediaOrganization"],"@id":"https:\/\/www.eltriangle.eu\/es\/#organization","name":"El Triangle","url":"https:\/\/www.eltriangle.eu\/es\/","logo":{"@type":"ImageObject","inLanguage":"es","@id":"https:\/\/www.eltriangle.eu\/es\/#\/schema\/logo\/image\/","url":"https:\/\/www.eltriangle.eu\/wp-content\/uploads\/2020\/11\/triangle_logo-ajustado.jpg","contentUrl":"https:\/\/www.eltriangle.eu\/wp-content\/uploads\/2020\/11\/triangle_logo-ajustado.jpg","width":521,"height":92,"caption":"El Triangle"},"image":{"@id":"https:\/\/www.eltriangle.eu\/es\/#\/schema\/logo\/image\/"},"sameAs":["https:\/\/www.facebook.com\/El-Triangle-Diari-101787399020302","https:\/\/x.com\/El_Triangle","https:\/\/www.youtube.com\/channel\/UCTIjmYEMYSpdGonuAgNhbcg"]},{"@type":"Person","@id":"https:\/\/www.eltriangle.eu\/es\/#\/schema\/person\/6e5938f06dd4dcd413779558fbf437d9","name":"Redacci\u00f3 \/ ACN","image":{"@type":"ImageObject","inLanguage":"es","@id":"\/\/www.gravatar.com\/avatar\/a5bc366245a614da74d9f8d49d1b53bf?s=96&#038;r=g&#038;d=mm","url":"\/\/www.gravatar.com\/avatar\/a5bc366245a614da74d9f8d49d1b53bf?s=96&#038;r=g&#038;d=mm","contentUrl":"\/\/www.gravatar.com\/avatar\/a5bc366245a614da74d9f8d49d1b53bf?s=96&#038;r=g&#038;d=mm","caption":"Redacci\u00f3 \/ ACN"},"url":"https:\/\/www.eltriangle.eu\/es\/author\/redaccioacn\/"},{"@type":"SiteNavigationElement","@id":"https:\/\/www.eltriangle.eu\/es\/#site-navigation","cssSelector":[".cib-main-menu"]},{"@type":"WPHeader","@id":"https:\/\/www.eltriangle.eu\/es\/#header","cssSelector":[".cib-header"]},{"@type":"WPFooter","@id":"https:\/\/www.eltriangle.eu\/es\/#footer","cssSelector":[".cib-footer"]}]}},"amp_enabled":true,"_links":{"self":[{"href":"https:\/\/www.eltriangle.eu\/es\/wp-json\/wp\/v2\/posts\/291555","targetHints":{"allow":["GET"]}}],"collection":[{"href":"https:\/\/www.eltriangle.eu\/es\/wp-json\/wp\/v2\/posts"}],"about":[{"href":"https:\/\/www.eltriangle.eu\/es\/wp-json\/wp\/v2\/types\/post"}],"author":[{"embeddable":true,"href":"https:\/\/www.eltriangle.eu\/es\/wp-json\/wp\/v2\/users\/179"}],"replies":[{"embeddable":true,"href":"https:\/\/www.eltriangle.eu\/es\/wp-json\/wp\/v2\/comments?post=291555"}],"version-history":[{"count":0,"href":"https:\/\/www.eltriangle.eu\/es\/wp-json\/wp\/v2\/posts\/291555\/revisions"}],"wp:featuredmedia":[{"embeddable":true,"href":"https:\/\/www.eltriangle.eu\/es\/wp-json\/wp\/v2\/media\/291554"}],"wp:attachment":[{"href":"https:\/\/www.eltriangle.eu\/es\/wp-json\/wp\/v2\/media?parent=291555"}],"wp:term":[{"taxonomy":"category","embeddable":true,"href":"https:\/\/www.eltriangle.eu\/es\/wp-json\/wp\/v2\/categories?post=291555"},{"taxonomy":"post_tag","embeddable":true,"href":"https:\/\/www.eltriangle.eu\/es\/wp-json\/wp\/v2\/tags?post=291555"}],"curies":[{"name":"wp","href":"https:\/\/api.w.org\/{rel}","templated":true}]}}