{"id":290070,"date":"2024-11-20T16:40:28","date_gmt":"2024-11-20T15:40:28","guid":{"rendered":null},"modified":"2024-11-20T17:46:13","modified_gmt":"2024-11-20T16:46:13","slug":"illa-convencido-de-que-metsola-trabaja-seriamente-por-el-uso-del-catalan-en-el-parlamento-europeo","status":"publish","type":"post","link":"https:\/\/www.eltriangle.eu\/es\/2024\/11\/20\/illa-convencido-de-que-metsola-trabaja-seriamente-por-el-uso-del-catalan-en-el-parlamento-europeo\/","title":{"rendered":"Illa, \u00abconvencido\u00bb de que Metsola trabaja \u00abseriamente\u00bb por el uso del catal\u00e1n en el Parlamento Europeo"},"content":{"rendered":"<p>El presidente de la Generalitat de Catalunya, <strong>Salvador<\/strong> <strong>Illa<\/strong>, se ha mostrado convencido de que la presidenta del Parlamento Europeo, <strong>Roberta<\/strong> <strong>Metsola<\/strong>, est\u00e1 trabajando \u00abseriamente\u00bb por el uso del catal\u00e1n en la c\u00e1mara. Tras encontrarse con la dirigente de la Euroc\u00e1mara en Bruselas, Illa ha subrayado que se est\u00e1 haciendo un \u00aban\u00e1lisis riguroso y serio\u00bb y que no se est\u00e1 trabajando desde una \u00abaproximaci\u00f3n administrativa\u00bb.<\/p>\n<p>\u00abSalgo convencido, he visto que se quiere abordar la cuesti\u00f3n seriamente, se ha creado un grupo de trabajo espec\u00edfico y hay voluntad de abordarlo en su plenitud\u00bb, ha indicado el jefe del ejecutivo catal\u00e1n. Respecto a Metsola, ha afirmado que ha visto \u00abuna actitud muy seria y muy respetuosa\u00bb y una intenci\u00f3n de abordar \u00abcon profundidad\u00bb la cuesti\u00f3n.<\/p>\n<p>\u00abLe he visto una actitud constructiva, informada y con ganas de resolver y de encontrar una v\u00eda\u00bb, ha a\u00f1adido Illa. Sin embargo, ha dicho que hacer efectivo el uso del catal\u00e1n en el Parlamento Europeo es un proceso que \u00abtendr\u00e1 el ritmo que tenga\u00bb seg\u00fan decida la Mesa de la c\u00e1mara.<\/p>\n<h4><strong>\u00abReforzar\u00bb la cooperaci\u00f3n<\/strong><\/h4>\n<p>Por otro lado, en una intervenci\u00f3n ante el <strong>Comit\u00e9 de las Regiones<\/strong>, Illa ha defendido la necesidad de \u00abreforzar\u00bb la cooperaci\u00f3n entre administraciones \u00aba todos los niveles\u00bb a la hora de responder a emergencias como la de la <strong>DANA<\/strong> de las pasadas semanas. En este sentido, el presidente catal\u00e1n ha destacado el papel de las instituciones europeas en \u00abla articulaci\u00f3n de mecanismos de respuesta, de coordinaci\u00f3n y de solidaridad\u00bb.<\/p>\n<p>Illa, que ha hablado en catal\u00e1n durante el pleno, ha dicho que la DANA ha dejado como \u00ablecci\u00f3n\u00bb la importancia de las instituciones democr\u00e1ticas y la cooperaci\u00f3n entre administraciones \u00aba todos los niveles\u00bb. Adem\u00e1s, tambi\u00e9n ha puesto en valor los servicios p\u00fablicos y ha dicho que \u00absin unos servicios p\u00fablicos potentes, no hay una respuesta ni eficiente, ni justa, ni democr\u00e1tica\u00bb.<\/p>\n<p>Adem\u00e1s de Illa, tambi\u00e9n han intervenido en la sesi\u00f3n el presidente de la Generalitat valenciana, <strong>Carlos<\/strong> <strong>Maz\u00f3n<\/strong>, el presidente de Castilla-La Mancha, <strong>Emiliano Garc\u00eda Page<\/strong>; y el presidente de la Junta de Andaluc\u00eda, <strong>Juan Manuel Moreno Bonilla<\/strong>, como representantes de los territorios m\u00e1s afectados por la DANA. En cuanto a Maz\u00f3n, que ha asistido por videoconferencia, ha apelado a la \u00absolidaridad\u00bb europea ante la cat\u00e1strofe en la Comunidad Valenciana y ha hecho un llamamiento a \u00abmovilizar todos los recursos posibles\u00bb para ayudar al territorio.<\/p>\n<p>\u00abLa solidaridad europea es clave para que la recuperaci\u00f3n sea m\u00e1s r\u00e1pida y m\u00e1s justa\u00bb, ha insistido el presidente valenciano, que ha remarcado que los valencianos \u00abdeben tener la certeza y garant\u00eda de que Europa no los dejar\u00e1 abandonados a su suerte\u00bb.<\/p>\n<h4><strong>Implicaci\u00f3n de Catalu\u00f1a<\/strong><\/h4>\n<p>Por otro lado, el presidente catal\u00e1n ha asegurado ante el pleno que Catalu\u00f1a se volver\u00e1 a \u00abimplicar al m\u00e1ximo y a fondo\u00bb en las instituciones europeas, y ha dicho que la Generalitat quiere hacer \u00abaportaciones positivas\u00bb para ayudar a la \u00abconstrucci\u00f3n europea\u00bb. \u00abCuenten con nosotros\u00bb, ha dicho.<\/p>\n<p>Durante su breve discurso, el presidente catal\u00e1n ha afirmado que el Comit\u00e9 de las Regiones es \u00abla viva expresi\u00f3n de la diversidad y la pluralidad en Europa\u00bb y ha a\u00f1adido que \u00abs\u00f3lo se podr\u00e1 dar respuesta a los problemas\u00bb si se pone en foco en \u00ablo que une\u00bb.<\/p>\n","protected":false},"excerpt":{"rendered":"<p>El presidente de la Generalitat de Catalunya, Salvador Illa, se ha mostrado convencido de que la presidenta del Parlamento Europeo, Roberta Metsola, est\u00e1 trabajando \u00abseriamente\u00bb por el uso del catal\u00e1n en la c\u00e1mara. Tras encontrarse con la dirigente de la Euroc\u00e1mara en Bruselas, Illa ha subrayado que se est\u00e1 haciendo un \u00aban\u00e1lisis riguroso y serio\u00bb &#8230; <a title=\"Illa, \u00abconvencido\u00bb de que Metsola trabaja \u00abseriamente\u00bb por el uso del catal\u00e1n en el Parlamento Europeo\" class=\"read-more\" href=\"https:\/\/www.eltriangle.eu\/es\/2024\/11\/20\/illa-convencido-de-que-metsola-trabaja-seriamente-por-el-uso-del-catalan-en-el-parlamento-europeo\/\" aria-label=\"Leer m\u00e1s sobre Illa, \u00abconvencido\u00bb de que Metsola trabaja \u00abseriamente\u00bb por el uso del catal\u00e1n en el Parlamento Europeo\">Leer m\u00e1s<\/a><\/p>\n","protected":false},"author":190,"featured_media":290067,"comment_status":"open","ping_status":"closed","sticky":false,"template":"","format":"standard","meta":{"_acf_changed":false,"pmpro_default_level":"","footnotes":""},"categories":[24,131,74],"tags":[2175,277,2638,393],"class_list":["post-290070","post","type-post","status-publish","format-standard","has-post-thumbnail","hentry","category-actualidad","category-apertura-es","category-poderes","tag-catalan","tag-parlamento-europeo","tag-roberta-metsola-es","tag-salvador-illa-es","lh_instant_articles-syndicate-yes","pmpro-has-access"],"acf":[],"yoast_head":"<!-- This site is optimized with the Yoast SEO plugin v27.4 - https:\/\/yoast.com\/product\/yoast-seo-wordpress\/ -->\n<title>Illa, &quot;convencido&quot; de que Metsola trabaja &quot;seriamente&quot; por el uso del catal\u00e1n en el Parlamento Europeo - El Triangle<\/title>\n<meta name=\"description\" content=\"El presidente de la Generalitat de Catalunya, Salvador Illa, se ha mostrado convencido de que la presidenta del Parlamento Europeo, Roberta Metsola, est\u00e1\" class=\"yoast-seo-meta-tag\" \/>\n<meta name=\"robots\" content=\"index, follow, max-snippet:-1, max-image-preview:large, max-video-preview:-1\" \/>\n<link rel=\"canonical\" href=\"https:\/\/www.eltriangle.eu\/es\/2024\/11\/20\/illa-convencido-de-que-metsola-trabaja-seriamente-por-el-uso-del-catalan-en-el-parlamento-europeo\/\" class=\"yoast-seo-meta-tag\" \/>\n<meta property=\"og:locale\" content=\"es_ES\" class=\"yoast-seo-meta-tag\" \/>\n<meta property=\"og:type\" content=\"article\" class=\"yoast-seo-meta-tag\" \/>\n<meta property=\"og:title\" content=\"Illa, &quot;convencido&quot; de que Metsola trabaja &quot;seriamente&quot; por el uso del catal\u00e1n en el Parlamento Europeo - El Triangle\" class=\"yoast-seo-meta-tag\" \/>\n<meta property=\"og:description\" content=\"El presidente de la Generalitat de Catalunya, Salvador Illa, se ha mostrado convencido de que la presidenta del Parlamento Europeo, Roberta Metsola, est\u00e1\" class=\"yoast-seo-meta-tag\" \/>\n<meta property=\"og:url\" content=\"https:\/\/www.eltriangle.eu\/es\/2024\/11\/20\/illa-convencido-de-que-metsola-trabaja-seriamente-por-el-uso-del-catalan-en-el-parlamento-europeo\/\" class=\"yoast-seo-meta-tag\" \/>\n<meta property=\"og:site_name\" content=\"El Triangle\" class=\"yoast-seo-meta-tag\" \/>\n<meta property=\"article:publisher\" content=\"https:\/\/www.facebook.com\/El-Triangle-Diari-101787399020302\" class=\"yoast-seo-meta-tag\" \/>\n<meta property=\"article:published_time\" content=\"2024-11-20T15:40:28+00:00\" class=\"yoast-seo-meta-tag\" \/>\n<meta property=\"article:modified_time\" content=\"2024-11-20T16:46:13+00:00\" class=\"yoast-seo-meta-tag\" \/>\n<meta property=\"og:image\" content=\"https:\/\/www.eltriangle.eu\/wp-content\/uploads\/2024\/11\/el-president-de-la-generalitat-de-catalunya-salvador-illa-i-la-presidenta-del-parlament-europeu-roberta-metsola-a-brusselles-jduch-e1732117240178.jpeg\" class=\"yoast-seo-meta-tag\" \/>\n\t<meta property=\"og:image:width\" content=\"1200\" class=\"yoast-seo-meta-tag\" \/>\n\t<meta property=\"og:image:height\" content=\"800\" class=\"yoast-seo-meta-tag\" \/>\n\t<meta property=\"og:image:type\" content=\"image\/jpeg\" class=\"yoast-seo-meta-tag\" \/>\n<meta name=\"author\" content=\"Redacci\u00f3 \/ Ag\u00e8ncies\" class=\"yoast-seo-meta-tag\" \/>\n<meta name=\"twitter:card\" content=\"summary_large_image\" class=\"yoast-seo-meta-tag\" \/>\n<meta name=\"twitter:creator\" content=\"@El_Triangle\" class=\"yoast-seo-meta-tag\" \/>\n<meta name=\"twitter:site\" content=\"@El_Triangle\" class=\"yoast-seo-meta-tag\" \/>\n<meta name=\"twitter:label1\" content=\"Escrito por\" class=\"yoast-seo-meta-tag\" \/>\n\t<meta name=\"twitter:data1\" content=\"Redacci\u00f3 \/ Ag\u00e8ncies\" class=\"yoast-seo-meta-tag\" \/>\n\t<meta name=\"twitter:label2\" content=\"Tiempo de lectura\" class=\"yoast-seo-meta-tag\" \/>\n\t<meta name=\"twitter:data2\" content=\"3 minutos\" class=\"yoast-seo-meta-tag\" \/>\n<script type=\"application\/ld+json\" class=\"yoast-schema-graph\">{\"@context\":\"https:\\\/\\\/schema.org\",\"@graph\":[{\"@type\":\"NewsArticle\",\"@id\":\"https:\\\/\\\/www.eltriangle.eu\\\/es\\\/2024\\\/11\\\/20\\\/illa-convencido-de-que-metsola-trabaja-seriamente-por-el-uso-del-catalan-en-el-parlamento-europeo\\\/#article\",\"isPartOf\":{\"@id\":\"https:\\\/\\\/www.eltriangle.eu\\\/es\\\/2024\\\/11\\\/20\\\/illa-convencido-de-que-metsola-trabaja-seriamente-por-el-uso-del-catalan-en-el-parlamento-europeo\\\/\"},\"author\":{\"name\":\"Redacci\u00f3 \\\/ Ag\u00e8ncies\",\"@id\":\"https:\\\/\\\/www.eltriangle.eu\\\/es\\\/#\\\/schema\\\/person\\\/64856baeb85b6977ea0d14f347aa650f\"},\"headline\":\"Illa, \u00abconvencido\u00bb de que Metsola trabaja \u00abseriamente\u00bb por el uso del catal\u00e1n en el Parlamento Europeo\",\"datePublished\":\"2024-11-20T15:40:28+00:00\",\"dateModified\":\"2024-11-20T16:46:13+00:00\",\"mainEntityOfPage\":{\"@id\":\"https:\\\/\\\/www.eltriangle.eu\\\/es\\\/2024\\\/11\\\/20\\\/illa-convencido-de-que-metsola-trabaja-seriamente-por-el-uso-del-catalan-en-el-parlamento-europeo\\\/\"},\"wordCount\":602,\"commentCount\":0,\"publisher\":{\"@id\":\"https:\\\/\\\/www.eltriangle.eu\\\/es\\\/#organization\"},\"image\":{\"@id\":\"https:\\\/\\\/www.eltriangle.eu\\\/es\\\/2024\\\/11\\\/20\\\/illa-convencido-de-que-metsola-trabaja-seriamente-por-el-uso-del-catalan-en-el-parlamento-europeo\\\/#primaryimage\"},\"thumbnailUrl\":\"https:\\\/\\\/www.eltriangle.eu\\\/wp-content\\\/uploads\\\/2024\\\/11\\\/el-president-de-la-generalitat-de-catalunya-salvador-illa-i-la-presidenta-del-parlament-europeu-roberta-metsola-a-brusselles-jduch-e1732117240178.jpeg\",\"keywords\":[\"catal\u00e1n\",\"Parlamento Europeo\",\"Roberta Metsola\",\"Salvador Illa\"],\"articleSection\":[\"Actualidad\",\"Apertura\",\"Poderes\"],\"inLanguage\":\"es\",\"potentialAction\":[{\"@type\":\"CommentAction\",\"name\":\"Comment\",\"target\":[\"https:\\\/\\\/www.eltriangle.eu\\\/es\\\/2024\\\/11\\\/20\\\/illa-convencido-de-que-metsola-trabaja-seriamente-por-el-uso-del-catalan-en-el-parlamento-europeo\\\/#respond\"]}]},{\"@type\":\"WebPage\",\"@id\":\"https:\\\/\\\/www.eltriangle.eu\\\/es\\\/2024\\\/11\\\/20\\\/illa-convencido-de-que-metsola-trabaja-seriamente-por-el-uso-del-catalan-en-el-parlamento-europeo\\\/\",\"url\":\"https:\\\/\\\/www.eltriangle.eu\\\/es\\\/2024\\\/11\\\/20\\\/illa-convencido-de-que-metsola-trabaja-seriamente-por-el-uso-del-catalan-en-el-parlamento-europeo\\\/\",\"name\":\"Illa, \\\"convencido\\\" de que Metsola trabaja \\\"seriamente\\\" por el uso del catal\u00e1n en el Parlamento Europeo - El Triangle\",\"isPartOf\":{\"@id\":\"https:\\\/\\\/www.eltriangle.eu\\\/es\\\/#website\"},\"primaryImageOfPage\":{\"@id\":\"https:\\\/\\\/www.eltriangle.eu\\\/es\\\/2024\\\/11\\\/20\\\/illa-convencido-de-que-metsola-trabaja-seriamente-por-el-uso-del-catalan-en-el-parlamento-europeo\\\/#primaryimage\"},\"image\":{\"@id\":\"https:\\\/\\\/www.eltriangle.eu\\\/es\\\/2024\\\/11\\\/20\\\/illa-convencido-de-que-metsola-trabaja-seriamente-por-el-uso-del-catalan-en-el-parlamento-europeo\\\/#primaryimage\"},\"thumbnailUrl\":\"https:\\\/\\\/www.eltriangle.eu\\\/wp-content\\\/uploads\\\/2024\\\/11\\\/el-president-de-la-generalitat-de-catalunya-salvador-illa-i-la-presidenta-del-parlament-europeu-roberta-metsola-a-brusselles-jduch-e1732117240178.jpeg\",\"datePublished\":\"2024-11-20T15:40:28+00:00\",\"dateModified\":\"2024-11-20T16:46:13+00:00\",\"description\":\"El presidente de la Generalitat de Catalunya, Salvador Illa, se ha mostrado convencido de que la presidenta del Parlamento Europeo, Roberta Metsola, est\u00e1\",\"breadcrumb\":{\"@id\":\"https:\\\/\\\/www.eltriangle.eu\\\/es\\\/2024\\\/11\\\/20\\\/illa-convencido-de-que-metsola-trabaja-seriamente-por-el-uso-del-catalan-en-el-parlamento-europeo\\\/#breadcrumb\"},\"inLanguage\":\"es\",\"potentialAction\":[{\"@type\":\"ReadAction\",\"target\":[\"https:\\\/\\\/www.eltriangle.eu\\\/es\\\/2024\\\/11\\\/20\\\/illa-convencido-de-que-metsola-trabaja-seriamente-por-el-uso-del-catalan-en-el-parlamento-europeo\\\/\"]}]},{\"@type\":\"ImageObject\",\"inLanguage\":\"es\",\"@id\":\"https:\\\/\\\/www.eltriangle.eu\\\/es\\\/2024\\\/11\\\/20\\\/illa-convencido-de-que-metsola-trabaja-seriamente-por-el-uso-del-catalan-en-el-parlamento-europeo\\\/#primaryimage\",\"url\":\"https:\\\/\\\/www.eltriangle.eu\\\/wp-content\\\/uploads\\\/2024\\\/11\\\/el-president-de-la-generalitat-de-catalunya-salvador-illa-i-la-presidenta-del-parlament-europeu-roberta-metsola-a-brusselles-jduch-e1732117240178.jpeg\",\"contentUrl\":\"https:\\\/\\\/www.eltriangle.eu\\\/wp-content\\\/uploads\\\/2024\\\/11\\\/el-president-de-la-generalitat-de-catalunya-salvador-illa-i-la-presidenta-del-parlament-europeu-roberta-metsola-a-brusselles-jduch-e1732117240178.jpeg\",\"width\":1200,\"height\":800,\"caption\":\"El presidente de la Generalitat de Catalunya, Salvador Illa, y la presidenta del Parlamento Europeo, Roberta Metsola, en Bruselas (@jduch)\"},{\"@type\":\"BreadcrumbList\",\"@id\":\"https:\\\/\\\/www.eltriangle.eu\\\/es\\\/2024\\\/11\\\/20\\\/illa-convencido-de-que-metsola-trabaja-seriamente-por-el-uso-del-catalan-en-el-parlamento-europeo\\\/#breadcrumb\",\"itemListElement\":[{\"@type\":\"ListItem\",\"position\":1,\"name\":\"Portada\",\"item\":\"https:\\\/\\\/www.eltriangle.eu\\\/es\\\/\"},{\"@type\":\"ListItem\",\"position\":2,\"name\":\"Illa, &#8220;convencido&#8221; de que Metsola trabaja &#8220;seriamente&#8221; por el uso del catal\u00e1n en el Parlamento Europeo\"}]},{\"@type\":\"WebSite\",\"@id\":\"https:\\\/\\\/www.eltriangle.eu\\\/es\\\/#website\",\"url\":\"https:\\\/\\\/www.eltriangle.eu\\\/es\\\/\",\"name\":\"El Triangle\",\"description\":\"El Triangle \u00e9s un Diari d&#039;informaci\u00f3 general, editat a Catalunya i escrit en llengua catalana, especialitzat en investigaci\u00f3 period\u00edstica\",\"publisher\":{\"@id\":\"https:\\\/\\\/www.eltriangle.eu\\\/es\\\/#organization\"},\"potentialAction\":[{\"@type\":\"SearchAction\",\"target\":{\"@type\":\"EntryPoint\",\"urlTemplate\":\"https:\\\/\\\/www.eltriangle.eu\\\/es\\\/?s={search_term_string}\"},\"query-input\":{\"@type\":\"PropertyValueSpecification\",\"valueRequired\":true,\"valueName\":\"search_term_string\"}}],\"inLanguage\":\"es\"},{\"@type\":[\"Organization\",\"NewsMediaOrganization\"],\"@id\":\"https:\\\/\\\/www.eltriangle.eu\\\/es\\\/#organization\",\"name\":\"El Triangle\",\"url\":\"https:\\\/\\\/www.eltriangle.eu\\\/es\\\/\",\"logo\":{\"@type\":\"ImageObject\",\"inLanguage\":\"es\",\"@id\":\"https:\\\/\\\/www.eltriangle.eu\\\/es\\\/#\\\/schema\\\/logo\\\/image\\\/\",\"url\":\"https:\\\/\\\/www.eltriangle.eu\\\/wp-content\\\/uploads\\\/2020\\\/11\\\/triangle_logo-ajustado.jpg\",\"contentUrl\":\"https:\\\/\\\/www.eltriangle.eu\\\/wp-content\\\/uploads\\\/2020\\\/11\\\/triangle_logo-ajustado.jpg\",\"width\":521,\"height\":92,\"caption\":\"El Triangle\"},\"image\":{\"@id\":\"https:\\\/\\\/www.eltriangle.eu\\\/es\\\/#\\\/schema\\\/logo\\\/image\\\/\"},\"sameAs\":[\"https:\\\/\\\/www.facebook.com\\\/El-Triangle-Diari-101787399020302\",\"https:\\\/\\\/x.com\\\/El_Triangle\",\"https:\\\/\\\/www.youtube.com\\\/channel\\\/UCTIjmYEMYSpdGonuAgNhbcg\"]},{\"@type\":\"Person\",\"@id\":\"https:\\\/\\\/www.eltriangle.eu\\\/es\\\/#\\\/schema\\\/person\\\/64856baeb85b6977ea0d14f347aa650f\",\"name\":\"Redacci\u00f3 \\\/ Ag\u00e8ncies\",\"image\":{\"@type\":\"ImageObject\",\"inLanguage\":\"es\",\"@id\":\"\\\/\\\/www.gravatar.com\\\/avatar\\\/351b28574babbd1ad908587a8fb19654?s=96&#038;r=g&#038;d=mm\",\"url\":\"\\\/\\\/www.gravatar.com\\\/avatar\\\/351b28574babbd1ad908587a8fb19654?s=96&#038;r=g&#038;d=mm\",\"contentUrl\":\"\\\/\\\/www.gravatar.com\\\/avatar\\\/351b28574babbd1ad908587a8fb19654?s=96&#038;r=g&#038;d=mm\",\"caption\":\"Redacci\u00f3 \\\/ Ag\u00e8ncies\"},\"url\":\"https:\\\/\\\/www.eltriangle.eu\\\/es\\\/author\\\/redaccioagencies\\\/\"},{\"@type\":\"SiteNavigationElement\",\"@id\":\"https:\\\/\\\/www.eltriangle.eu\\\/es\\\/#site-navigation\",\"cssSelector\":[\".cib-main-menu\"]},{\"@type\":\"WPHeader\",\"@id\":\"https:\\\/\\\/www.eltriangle.eu\\\/es\\\/#header\",\"cssSelector\":[\".cib-header\"]},{\"@type\":\"WPFooter\",\"@id\":\"https:\\\/\\\/www.eltriangle.eu\\\/es\\\/#footer\",\"cssSelector\":[\".cib-footer\"]}]}<\/script>\n<!-- \/ Yoast SEO plugin. -->","yoast_head_json":{"title":"Illa, \"convencido\" de que Metsola trabaja \"seriamente\" por el uso del catal\u00e1n en el Parlamento Europeo - El Triangle","description":"El presidente de la Generalitat de Catalunya, Salvador Illa, se ha mostrado convencido de que la presidenta del Parlamento Europeo, Roberta Metsola, est\u00e1","robots":{"index":"index","follow":"follow","max-snippet":"max-snippet:-1","max-image-preview":"max-image-preview:large","max-video-preview":"max-video-preview:-1"},"canonical":"https:\/\/www.eltriangle.eu\/es\/2024\/11\/20\/illa-convencido-de-que-metsola-trabaja-seriamente-por-el-uso-del-catalan-en-el-parlamento-europeo\/","og_locale":"es_ES","og_type":"article","og_title":"Illa, \"convencido\" de que Metsola trabaja \"seriamente\" por el uso del catal\u00e1n en el Parlamento Europeo - El Triangle","og_description":"El presidente de la Generalitat de Catalunya, Salvador Illa, se ha mostrado convencido de que la presidenta del Parlamento Europeo, Roberta Metsola, est\u00e1","og_url":"https:\/\/www.eltriangle.eu\/es\/2024\/11\/20\/illa-convencido-de-que-metsola-trabaja-seriamente-por-el-uso-del-catalan-en-el-parlamento-europeo\/","og_site_name":"El Triangle","article_publisher":"https:\/\/www.facebook.com\/El-Triangle-Diari-101787399020302","article_published_time":"2024-11-20T15:40:28+00:00","article_modified_time":"2024-11-20T16:46:13+00:00","og_image":[{"width":1200,"height":800,"url":"https:\/\/www.eltriangle.eu\/wp-content\/uploads\/2024\/11\/el-president-de-la-generalitat-de-catalunya-salvador-illa-i-la-presidenta-del-parlament-europeu-roberta-metsola-a-brusselles-jduch-e1732117240178.jpeg","type":"image\/jpeg"}],"author":"Redacci\u00f3 \/ Ag\u00e8ncies","twitter_card":"summary_large_image","twitter_creator":"@El_Triangle","twitter_site":"@El_Triangle","twitter_misc":{"Escrito por":"Redacci\u00f3 \/ Ag\u00e8ncies","Tiempo de lectura":"3 minutos"},"schema":{"@context":"https:\/\/schema.org","@graph":[{"@type":"NewsArticle","@id":"https:\/\/www.eltriangle.eu\/es\/2024\/11\/20\/illa-convencido-de-que-metsola-trabaja-seriamente-por-el-uso-del-catalan-en-el-parlamento-europeo\/#article","isPartOf":{"@id":"https:\/\/www.eltriangle.eu\/es\/2024\/11\/20\/illa-convencido-de-que-metsola-trabaja-seriamente-por-el-uso-del-catalan-en-el-parlamento-europeo\/"},"author":{"name":"Redacci\u00f3 \/ Ag\u00e8ncies","@id":"https:\/\/www.eltriangle.eu\/es\/#\/schema\/person\/64856baeb85b6977ea0d14f347aa650f"},"headline":"Illa, \u00abconvencido\u00bb de que Metsola trabaja \u00abseriamente\u00bb por el uso del catal\u00e1n en el Parlamento Europeo","datePublished":"2024-11-20T15:40:28+00:00","dateModified":"2024-11-20T16:46:13+00:00","mainEntityOfPage":{"@id":"https:\/\/www.eltriangle.eu\/es\/2024\/11\/20\/illa-convencido-de-que-metsola-trabaja-seriamente-por-el-uso-del-catalan-en-el-parlamento-europeo\/"},"wordCount":602,"commentCount":0,"publisher":{"@id":"https:\/\/www.eltriangle.eu\/es\/#organization"},"image":{"@id":"https:\/\/www.eltriangle.eu\/es\/2024\/11\/20\/illa-convencido-de-que-metsola-trabaja-seriamente-por-el-uso-del-catalan-en-el-parlamento-europeo\/#primaryimage"},"thumbnailUrl":"https:\/\/www.eltriangle.eu\/wp-content\/uploads\/2024\/11\/el-president-de-la-generalitat-de-catalunya-salvador-illa-i-la-presidenta-del-parlament-europeu-roberta-metsola-a-brusselles-jduch-e1732117240178.jpeg","keywords":["catal\u00e1n","Parlamento Europeo","Roberta Metsola","Salvador Illa"],"articleSection":["Actualidad","Apertura","Poderes"],"inLanguage":"es","potentialAction":[{"@type":"CommentAction","name":"Comment","target":["https:\/\/www.eltriangle.eu\/es\/2024\/11\/20\/illa-convencido-de-que-metsola-trabaja-seriamente-por-el-uso-del-catalan-en-el-parlamento-europeo\/#respond"]}]},{"@type":"WebPage","@id":"https:\/\/www.eltriangle.eu\/es\/2024\/11\/20\/illa-convencido-de-que-metsola-trabaja-seriamente-por-el-uso-del-catalan-en-el-parlamento-europeo\/","url":"https:\/\/www.eltriangle.eu\/es\/2024\/11\/20\/illa-convencido-de-que-metsola-trabaja-seriamente-por-el-uso-del-catalan-en-el-parlamento-europeo\/","name":"Illa, \"convencido\" de que Metsola trabaja \"seriamente\" por el uso del catal\u00e1n en el Parlamento Europeo - El Triangle","isPartOf":{"@id":"https:\/\/www.eltriangle.eu\/es\/#website"},"primaryImageOfPage":{"@id":"https:\/\/www.eltriangle.eu\/es\/2024\/11\/20\/illa-convencido-de-que-metsola-trabaja-seriamente-por-el-uso-del-catalan-en-el-parlamento-europeo\/#primaryimage"},"image":{"@id":"https:\/\/www.eltriangle.eu\/es\/2024\/11\/20\/illa-convencido-de-que-metsola-trabaja-seriamente-por-el-uso-del-catalan-en-el-parlamento-europeo\/#primaryimage"},"thumbnailUrl":"https:\/\/www.eltriangle.eu\/wp-content\/uploads\/2024\/11\/el-president-de-la-generalitat-de-catalunya-salvador-illa-i-la-presidenta-del-parlament-europeu-roberta-metsola-a-brusselles-jduch-e1732117240178.jpeg","datePublished":"2024-11-20T15:40:28+00:00","dateModified":"2024-11-20T16:46:13+00:00","description":"El presidente de la Generalitat de Catalunya, Salvador Illa, se ha mostrado convencido de que la presidenta del Parlamento Europeo, Roberta Metsola, est\u00e1","breadcrumb":{"@id":"https:\/\/www.eltriangle.eu\/es\/2024\/11\/20\/illa-convencido-de-que-metsola-trabaja-seriamente-por-el-uso-del-catalan-en-el-parlamento-europeo\/#breadcrumb"},"inLanguage":"es","potentialAction":[{"@type":"ReadAction","target":["https:\/\/www.eltriangle.eu\/es\/2024\/11\/20\/illa-convencido-de-que-metsola-trabaja-seriamente-por-el-uso-del-catalan-en-el-parlamento-europeo\/"]}]},{"@type":"ImageObject","inLanguage":"es","@id":"https:\/\/www.eltriangle.eu\/es\/2024\/11\/20\/illa-convencido-de-que-metsola-trabaja-seriamente-por-el-uso-del-catalan-en-el-parlamento-europeo\/#primaryimage","url":"https:\/\/www.eltriangle.eu\/wp-content\/uploads\/2024\/11\/el-president-de-la-generalitat-de-catalunya-salvador-illa-i-la-presidenta-del-parlament-europeu-roberta-metsola-a-brusselles-jduch-e1732117240178.jpeg","contentUrl":"https:\/\/www.eltriangle.eu\/wp-content\/uploads\/2024\/11\/el-president-de-la-generalitat-de-catalunya-salvador-illa-i-la-presidenta-del-parlament-europeu-roberta-metsola-a-brusselles-jduch-e1732117240178.jpeg","width":1200,"height":800,"caption":"El presidente de la Generalitat de Catalunya, Salvador Illa, y la presidenta del Parlamento Europeo, Roberta Metsola, en Bruselas (@jduch)"},{"@type":"BreadcrumbList","@id":"https:\/\/www.eltriangle.eu\/es\/2024\/11\/20\/illa-convencido-de-que-metsola-trabaja-seriamente-por-el-uso-del-catalan-en-el-parlamento-europeo\/#breadcrumb","itemListElement":[{"@type":"ListItem","position":1,"name":"Portada","item":"https:\/\/www.eltriangle.eu\/es\/"},{"@type":"ListItem","position":2,"name":"Illa, &#8220;convencido&#8221; de que Metsola trabaja &#8220;seriamente&#8221; por el uso del catal\u00e1n en el Parlamento Europeo"}]},{"@type":"WebSite","@id":"https:\/\/www.eltriangle.eu\/es\/#website","url":"https:\/\/www.eltriangle.eu\/es\/","name":"El Triangle","description":"El Triangle \u00e9s un Diari d&#039;informaci\u00f3 general, editat a Catalunya i escrit en llengua catalana, especialitzat en investigaci\u00f3 period\u00edstica","publisher":{"@id":"https:\/\/www.eltriangle.eu\/es\/#organization"},"potentialAction":[{"@type":"SearchAction","target":{"@type":"EntryPoint","urlTemplate":"https:\/\/www.eltriangle.eu\/es\/?s={search_term_string}"},"query-input":{"@type":"PropertyValueSpecification","valueRequired":true,"valueName":"search_term_string"}}],"inLanguage":"es"},{"@type":["Organization","NewsMediaOrganization"],"@id":"https:\/\/www.eltriangle.eu\/es\/#organization","name":"El Triangle","url":"https:\/\/www.eltriangle.eu\/es\/","logo":{"@type":"ImageObject","inLanguage":"es","@id":"https:\/\/www.eltriangle.eu\/es\/#\/schema\/logo\/image\/","url":"https:\/\/www.eltriangle.eu\/wp-content\/uploads\/2020\/11\/triangle_logo-ajustado.jpg","contentUrl":"https:\/\/www.eltriangle.eu\/wp-content\/uploads\/2020\/11\/triangle_logo-ajustado.jpg","width":521,"height":92,"caption":"El Triangle"},"image":{"@id":"https:\/\/www.eltriangle.eu\/es\/#\/schema\/logo\/image\/"},"sameAs":["https:\/\/www.facebook.com\/El-Triangle-Diari-101787399020302","https:\/\/x.com\/El_Triangle","https:\/\/www.youtube.com\/channel\/UCTIjmYEMYSpdGonuAgNhbcg"]},{"@type":"Person","@id":"https:\/\/www.eltriangle.eu\/es\/#\/schema\/person\/64856baeb85b6977ea0d14f347aa650f","name":"Redacci\u00f3 \/ Ag\u00e8ncies","image":{"@type":"ImageObject","inLanguage":"es","@id":"\/\/www.gravatar.com\/avatar\/351b28574babbd1ad908587a8fb19654?s=96&#038;r=g&#038;d=mm","url":"\/\/www.gravatar.com\/avatar\/351b28574babbd1ad908587a8fb19654?s=96&#038;r=g&#038;d=mm","contentUrl":"\/\/www.gravatar.com\/avatar\/351b28574babbd1ad908587a8fb19654?s=96&#038;r=g&#038;d=mm","caption":"Redacci\u00f3 \/ Ag\u00e8ncies"},"url":"https:\/\/www.eltriangle.eu\/es\/author\/redaccioagencies\/"},{"@type":"SiteNavigationElement","@id":"https:\/\/www.eltriangle.eu\/es\/#site-navigation","cssSelector":[".cib-main-menu"]},{"@type":"WPHeader","@id":"https:\/\/www.eltriangle.eu\/es\/#header","cssSelector":[".cib-header"]},{"@type":"WPFooter","@id":"https:\/\/www.eltriangle.eu\/es\/#footer","cssSelector":[".cib-footer"]}]}},"amp_enabled":true,"_links":{"self":[{"href":"https:\/\/www.eltriangle.eu\/es\/wp-json\/wp\/v2\/posts\/290070","targetHints":{"allow":["GET"]}}],"collection":[{"href":"https:\/\/www.eltriangle.eu\/es\/wp-json\/wp\/v2\/posts"}],"about":[{"href":"https:\/\/www.eltriangle.eu\/es\/wp-json\/wp\/v2\/types\/post"}],"author":[{"embeddable":true,"href":"https:\/\/www.eltriangle.eu\/es\/wp-json\/wp\/v2\/users\/190"}],"replies":[{"embeddable":true,"href":"https:\/\/www.eltriangle.eu\/es\/wp-json\/wp\/v2\/comments?post=290070"}],"version-history":[{"count":0,"href":"https:\/\/www.eltriangle.eu\/es\/wp-json\/wp\/v2\/posts\/290070\/revisions"}],"wp:featuredmedia":[{"embeddable":true,"href":"https:\/\/www.eltriangle.eu\/es\/wp-json\/wp\/v2\/media\/290067"}],"wp:attachment":[{"href":"https:\/\/www.eltriangle.eu\/es\/wp-json\/wp\/v2\/media?parent=290070"}],"wp:term":[{"taxonomy":"category","embeddable":true,"href":"https:\/\/www.eltriangle.eu\/es\/wp-json\/wp\/v2\/categories?post=290070"},{"taxonomy":"post_tag","embeddable":true,"href":"https:\/\/www.eltriangle.eu\/es\/wp-json\/wp\/v2\/tags?post=290070"}],"curies":[{"name":"wp","href":"https:\/\/api.w.org\/{rel}","templated":true}]}}