{"id":289979,"date":"2024-11-20T09:10:38","date_gmt":"2024-11-20T08:10:38","guid":{"rendered":null},"modified":"2024-11-20T12:12:57","modified_gmt":"2024-11-20T11:12:57","slug":"los-transportistas-catalanes-hartos-de-sufrir-los-cortes-de-carretera-sin-que-se-les-compensen-las-perdidas","status":"publish","type":"post","link":"https:\/\/www.eltriangle.eu\/es\/2024\/11\/20\/los-transportistas-catalanes-hartos-de-sufrir-los-cortes-de-carretera-sin-que-se-les-compensen-las-perdidas\/","title":{"rendered":"Los transportistas catalanes, \u00abhartos\u00bb de sufrir los cortes de carretera sin que se les compensen las p\u00e9rdidas"},"content":{"rendered":"<p>El presidente de Asetrans en Girona y de la patronal CETCAT, <strong>Eduard Ayach<\/strong>, ha expresado que los transportistas est\u00e1n \u00abhartos\u00bb de sufrir los cortes de carretera y que ninguna administraci\u00f3n les compense por las p\u00e9rdidas. Un d\u00eda despu\u00e9s de que los agricultores de la Catalu\u00f1a Norte bloquearan el peaje del Vol\u00f3, Ayach dice que hay \u00abkil\u00f3metros y kil\u00f3metros\u00bb de camiones parados en los arcenes de las carreteras y que los aparcamientos ya est\u00e1n llenos. De hecho, ya se les est\u00e1 parando \u00aba m\u00e1s de 100 kil\u00f3metros de La Jonquera\u00bb. Para Ayats, la situaci\u00f3n demuestra \u00abuna vez m\u00e1s\u00bb que son los principales afectados por los \u00abfen\u00f3menos externos\u00bb y que, sea por huelgas o meteorolog\u00eda, \u00abla carretera es lo primero que queda afectado\u00bb. \u00abCada d\u00eda que un cami\u00f3n est\u00e1 parado puede costar entre 600, 700 o incluso 800 euros\u00bb, ha afirmado.<\/p>\n<p>El corte en la A-9, a la altura del peaje del Vol\u00f3, comenz\u00f3 este martes hacia la una del mediod\u00eda cuando un centenar de campesinos bloquearon la v\u00eda con el apoyo de decenas de tractores. El bloqueo oblig\u00f3 a lo largo de ayer martes a cortar hasta tres entradas en la autopista AP-7 y a hacer desv\u00edos, que este mi\u00e9rcoles ya se est\u00e1n haciendo por la salida 3 de Figueres. Actualmente, hay <strong>m\u00e1s de 700 camiones retenidos<\/strong>.<\/p>\n<p>Esto, a su vez, ha llenado los aparcamientos disponibles y ha dejado a centenares de camiones parados en los arcenes a la espera de que las v\u00edas se reabran, por eso ya se est\u00e1 haciendo parar a los transportistas \u00aben pol\u00edgonos a m\u00e1s de 100 kil\u00f3metros\u00bb de la frontera. De momento, no hay previsi\u00f3n de levantar el corte, lo que preocupa y mucho a la patronal del transporte. \u00abUna vez m\u00e1s vemos como se nos detiene la actividad por fen\u00f3menos externos a nuestra propia actividad\u00bb, ha criticado Ayach.<\/p>\n<p>Al respecto, ha recordado que la carretera es su \u00abherramienta de trabajo\u00bb y que cada vez que se bloquea la circulaci\u00f3n, no solo pierden \u00abesas horas o esos d\u00edas\u00bb, sino que hay unas rutas \u00abprogramadas\u00bb que no se podr\u00e1n cumplir. \u00abNo solo afecta a la mercanc\u00eda, sino tambi\u00e9n a los conductores que, seguramente, se quedar\u00e1n tirados en la carretera este fin de semana sin poder llegar a casa\u00bb, ha a\u00f1adido Ayach.<\/p>\n<p>\u00abYa llevamos demasiados cortes en estas condiciones y vemos como, por diferentes fen\u00f3menos (protestas o factores medioambientales), la carretera es lo primero que queda afectado\u00bb, ha insistido. En este sentido, se ha quejado de que hace tiempo que reclaman que haya compensaciones, pero que esta petici\u00f3n no se ha atendido ni est\u00e1 \u00absobre la mesa\u00bb. \u00abNo se ha hablado, no est\u00e1 en la agenda y vemos como esta productividad la perdemos las empresas y los empresarios del sector\u00bb, ha dicho Ayach.<\/p>\n<p>Por todo ello, piden a los gobiernos que \u00abhagan su trabajo\u00bb, que promuevan \u00abla libre circulaci\u00f3n\u00bb y que velen para que los camiones de mercanc\u00edas y de pasajeros puedan \u00abcircular libremente por las carreteras de nuestro pa\u00eds\u00bb.<\/p>\n","protected":false},"excerpt":{"rendered":"<p>El presidente de Asetrans en Girona y de la patronal CETCAT, Eduard Ayach, ha expresado que los transportistas est\u00e1n \u00abhartos\u00bb de sufrir los cortes de carretera y que ninguna administraci\u00f3n les compense por las p\u00e9rdidas. Un d\u00eda despu\u00e9s de que los agricultores de la Catalu\u00f1a Norte bloquearan el peaje del Vol\u00f3, Ayach dice que hay &#8230; <a title=\"Los transportistas catalanes, \u00abhartos\u00bb de sufrir los cortes de carretera sin que se les compensen las p\u00e9rdidas\" class=\"read-more\" href=\"https:\/\/www.eltriangle.eu\/es\/2024\/11\/20\/los-transportistas-catalanes-hartos-de-sufrir-los-cortes-de-carretera-sin-que-se-les-compensen-las-perdidas\/\" aria-label=\"Leer m\u00e1s sobre Los transportistas catalanes, \u00abhartos\u00bb de sufrir los cortes de carretera sin que se les compensen las p\u00e9rdidas\">Leer m\u00e1s<\/a><\/p>\n","protected":false},"author":179,"featured_media":289961,"comment_status":"open","ping_status":"closed","sticky":false,"template":"","format":"standard","meta":{"_acf_changed":false,"pmpro_default_level":"","footnotes":""},"categories":[24,76],"tags":[1641],"class_list":["post-289979","post","type-post","status-publish","format-standard","has-post-thumbnail","hentry","category-actualidad","category-en-la-calle","tag-transporte","lh_instant_articles-syndicate-yes","pmpro-has-access"],"acf":[],"yoast_head":"<!-- This site is optimized with the Yoast SEO plugin v27.4 - https:\/\/yoast.com\/product\/yoast-seo-wordpress\/ -->\n<title>Los transportistas catalanes, &quot;hartos&quot; de sufrir los cortes de carretera sin que se les compensen las p\u00e9rdidas - El Triangle<\/title>\n<meta name=\"description\" content=\"El presidente de Asetrans en Girona y de la patronal CETCAT, Eduard Ayach, ha expresado que los transportistas est\u00e1n &quot;hartos&quot; de sufrir los cortes de\" class=\"yoast-seo-meta-tag\" \/>\n<meta name=\"robots\" content=\"index, follow, max-snippet:-1, max-image-preview:large, max-video-preview:-1\" \/>\n<link rel=\"canonical\" href=\"https:\/\/www.eltriangle.eu\/es\/2024\/11\/20\/los-transportistas-catalanes-hartos-de-sufrir-los-cortes-de-carretera-sin-que-se-les-compensen-las-perdidas\/\" class=\"yoast-seo-meta-tag\" \/>\n<meta property=\"og:locale\" content=\"es_ES\" class=\"yoast-seo-meta-tag\" \/>\n<meta property=\"og:type\" content=\"article\" class=\"yoast-seo-meta-tag\" \/>\n<meta property=\"og:title\" content=\"Los transportistas catalanes, &quot;hartos&quot; de sufrir los cortes de carretera sin que se les compensen las p\u00e9rdidas - El Triangle\" class=\"yoast-seo-meta-tag\" \/>\n<meta property=\"og:description\" content=\"El presidente de Asetrans en Girona y de la patronal CETCAT, Eduard Ayach, ha expresado que los transportistas est\u00e1n &quot;hartos&quot; de sufrir los cortes de\" class=\"yoast-seo-meta-tag\" \/>\n<meta property=\"og:url\" content=\"https:\/\/www.eltriangle.eu\/es\/2024\/11\/20\/los-transportistas-catalanes-hartos-de-sufrir-los-cortes-de-carretera-sin-que-se-les-compensen-las-perdidas\/\" class=\"yoast-seo-meta-tag\" \/>\n<meta property=\"og:site_name\" content=\"El Triangle\" class=\"yoast-seo-meta-tag\" \/>\n<meta property=\"article:publisher\" content=\"https:\/\/www.facebook.com\/El-Triangle-Diari-101787399020302\" class=\"yoast-seo-meta-tag\" \/>\n<meta property=\"article:published_time\" content=\"2024-11-20T08:10:38+00:00\" class=\"yoast-seo-meta-tag\" \/>\n<meta property=\"article:modified_time\" content=\"2024-11-20T11:12:57+00:00\" class=\"yoast-seo-meta-tag\" \/>\n<meta property=\"og:image\" content=\"https:\/\/www.eltriangle.eu\/wp-content\/uploads\/2024\/11\/9f3b6bda-0860-4097-932c-98c8f5e728ec-e1732099416146.jpg\" class=\"yoast-seo-meta-tag\" \/>\n\t<meta property=\"og:image:width\" content=\"1200\" class=\"yoast-seo-meta-tag\" \/>\n\t<meta property=\"og:image:height\" content=\"800\" class=\"yoast-seo-meta-tag\" \/>\n\t<meta property=\"og:image:type\" content=\"image\/jpeg\" class=\"yoast-seo-meta-tag\" \/>\n<meta name=\"author\" content=\"Redacci\u00f3 \/ ACN\" class=\"yoast-seo-meta-tag\" \/>\n<meta name=\"twitter:card\" content=\"summary_large_image\" class=\"yoast-seo-meta-tag\" \/>\n<meta name=\"twitter:creator\" content=\"@El_Triangle\" class=\"yoast-seo-meta-tag\" \/>\n<meta name=\"twitter:site\" content=\"@El_Triangle\" class=\"yoast-seo-meta-tag\" \/>\n<meta name=\"twitter:label1\" content=\"Escrito por\" class=\"yoast-seo-meta-tag\" \/>\n\t<meta name=\"twitter:data1\" content=\"Redacci\u00f3 \/ ACN\" class=\"yoast-seo-meta-tag\" \/>\n\t<meta name=\"twitter:label2\" content=\"Tiempo de lectura\" class=\"yoast-seo-meta-tag\" \/>\n\t<meta name=\"twitter:data2\" content=\"3 minutos\" class=\"yoast-seo-meta-tag\" \/>\n<script type=\"application\/ld+json\" class=\"yoast-schema-graph\">{\"@context\":\"https:\\\/\\\/schema.org\",\"@graph\":[{\"@type\":\"NewsArticle\",\"@id\":\"https:\\\/\\\/www.eltriangle.eu\\\/es\\\/2024\\\/11\\\/20\\\/los-transportistas-catalanes-hartos-de-sufrir-los-cortes-de-carretera-sin-que-se-les-compensen-las-perdidas\\\/#article\",\"isPartOf\":{\"@id\":\"https:\\\/\\\/www.eltriangle.eu\\\/es\\\/2024\\\/11\\\/20\\\/los-transportistas-catalanes-hartos-de-sufrir-los-cortes-de-carretera-sin-que-se-les-compensen-las-perdidas\\\/\"},\"author\":{\"name\":\"Redacci\u00f3 \\\/ ACN\",\"@id\":\"https:\\\/\\\/www.eltriangle.eu\\\/es\\\/#\\\/schema\\\/person\\\/6e5938f06dd4dcd413779558fbf437d9\"},\"headline\":\"Los transportistas catalanes, \u00abhartos\u00bb de sufrir los cortes de carretera sin que se les compensen las p\u00e9rdidas\",\"datePublished\":\"2024-11-20T08:10:38+00:00\",\"dateModified\":\"2024-11-20T11:12:57+00:00\",\"mainEntityOfPage\":{\"@id\":\"https:\\\/\\\/www.eltriangle.eu\\\/es\\\/2024\\\/11\\\/20\\\/los-transportistas-catalanes-hartos-de-sufrir-los-cortes-de-carretera-sin-que-se-les-compensen-las-perdidas\\\/\"},\"wordCount\":546,\"commentCount\":0,\"publisher\":{\"@id\":\"https:\\\/\\\/www.eltriangle.eu\\\/es\\\/#organization\"},\"image\":{\"@id\":\"https:\\\/\\\/www.eltriangle.eu\\\/es\\\/2024\\\/11\\\/20\\\/los-transportistas-catalanes-hartos-de-sufrir-los-cortes-de-carretera-sin-que-se-les-compensen-las-perdidas\\\/#primaryimage\"},\"thumbnailUrl\":\"https:\\\/\\\/www.eltriangle.eu\\\/wp-content\\\/uploads\\\/2024\\\/11\\\/9f3b6bda-0860-4097-932c-98c8f5e728ec-e1732099416146.jpg\",\"keywords\":[\"Transporte\"],\"articleSection\":[\"Actualidad\",\"En la calle\"],\"inLanguage\":\"es\",\"potentialAction\":[{\"@type\":\"CommentAction\",\"name\":\"Comment\",\"target\":[\"https:\\\/\\\/www.eltriangle.eu\\\/es\\\/2024\\\/11\\\/20\\\/los-transportistas-catalanes-hartos-de-sufrir-los-cortes-de-carretera-sin-que-se-les-compensen-las-perdidas\\\/#respond\"]}]},{\"@type\":\"WebPage\",\"@id\":\"https:\\\/\\\/www.eltriangle.eu\\\/es\\\/2024\\\/11\\\/20\\\/los-transportistas-catalanes-hartos-de-sufrir-los-cortes-de-carretera-sin-que-se-les-compensen-las-perdidas\\\/\",\"url\":\"https:\\\/\\\/www.eltriangle.eu\\\/es\\\/2024\\\/11\\\/20\\\/los-transportistas-catalanes-hartos-de-sufrir-los-cortes-de-carretera-sin-que-se-les-compensen-las-perdidas\\\/\",\"name\":\"Los transportistas catalanes, \\\"hartos\\\" de sufrir los cortes de carretera sin que se les compensen las p\u00e9rdidas - El Triangle\",\"isPartOf\":{\"@id\":\"https:\\\/\\\/www.eltriangle.eu\\\/es\\\/#website\"},\"primaryImageOfPage\":{\"@id\":\"https:\\\/\\\/www.eltriangle.eu\\\/es\\\/2024\\\/11\\\/20\\\/los-transportistas-catalanes-hartos-de-sufrir-los-cortes-de-carretera-sin-que-se-les-compensen-las-perdidas\\\/#primaryimage\"},\"image\":{\"@id\":\"https:\\\/\\\/www.eltriangle.eu\\\/es\\\/2024\\\/11\\\/20\\\/los-transportistas-catalanes-hartos-de-sufrir-los-cortes-de-carretera-sin-que-se-les-compensen-las-perdidas\\\/#primaryimage\"},\"thumbnailUrl\":\"https:\\\/\\\/www.eltriangle.eu\\\/wp-content\\\/uploads\\\/2024\\\/11\\\/9f3b6bda-0860-4097-932c-98c8f5e728ec-e1732099416146.jpg\",\"datePublished\":\"2024-11-20T08:10:38+00:00\",\"dateModified\":\"2024-11-20T11:12:57+00:00\",\"description\":\"El presidente de Asetrans en Girona y de la patronal CETCAT, Eduard Ayach, ha expresado que los transportistas est\u00e1n \\\"hartos\\\" de sufrir los cortes de\",\"breadcrumb\":{\"@id\":\"https:\\\/\\\/www.eltriangle.eu\\\/es\\\/2024\\\/11\\\/20\\\/los-transportistas-catalanes-hartos-de-sufrir-los-cortes-de-carretera-sin-que-se-les-compensen-las-perdidas\\\/#breadcrumb\"},\"inLanguage\":\"es\",\"potentialAction\":[{\"@type\":\"ReadAction\",\"target\":[\"https:\\\/\\\/www.eltriangle.eu\\\/es\\\/2024\\\/11\\\/20\\\/los-transportistas-catalanes-hartos-de-sufrir-los-cortes-de-carretera-sin-que-se-les-compensen-las-perdidas\\\/\"]}]},{\"@type\":\"ImageObject\",\"inLanguage\":\"es\",\"@id\":\"https:\\\/\\\/www.eltriangle.eu\\\/es\\\/2024\\\/11\\\/20\\\/los-transportistas-catalanes-hartos-de-sufrir-los-cortes-de-carretera-sin-que-se-les-compensen-las-perdidas\\\/#primaryimage\",\"url\":\"https:\\\/\\\/www.eltriangle.eu\\\/wp-content\\\/uploads\\\/2024\\\/11\\\/9f3b6bda-0860-4097-932c-98c8f5e728ec-e1732099416146.jpg\",\"contentUrl\":\"https:\\\/\\\/www.eltriangle.eu\\\/wp-content\\\/uploads\\\/2024\\\/11\\\/9f3b6bda-0860-4097-932c-98c8f5e728ec-e1732099416146.jpg\",\"width\":1200,\"height\":800,\"caption\":\"El presidente de Asetrans y del CETCAT, Eduard Ayach, delante de su empresa de transportes (ACN)\"},{\"@type\":\"BreadcrumbList\",\"@id\":\"https:\\\/\\\/www.eltriangle.eu\\\/es\\\/2024\\\/11\\\/20\\\/los-transportistas-catalanes-hartos-de-sufrir-los-cortes-de-carretera-sin-que-se-les-compensen-las-perdidas\\\/#breadcrumb\",\"itemListElement\":[{\"@type\":\"ListItem\",\"position\":1,\"name\":\"Portada\",\"item\":\"https:\\\/\\\/www.eltriangle.eu\\\/es\\\/\"},{\"@type\":\"ListItem\",\"position\":2,\"name\":\"Los transportistas catalanes, \u00abhartos\u00bb de sufrir los cortes de carretera sin que se les compensen las p\u00e9rdidas\"}]},{\"@type\":\"WebSite\",\"@id\":\"https:\\\/\\\/www.eltriangle.eu\\\/es\\\/#website\",\"url\":\"https:\\\/\\\/www.eltriangle.eu\\\/es\\\/\",\"name\":\"El Triangle\",\"description\":\"El Triangle \u00e9s un Diari d&#039;informaci\u00f3 general, editat a Catalunya i escrit en llengua catalana, especialitzat en investigaci\u00f3 period\u00edstica\",\"publisher\":{\"@id\":\"https:\\\/\\\/www.eltriangle.eu\\\/es\\\/#organization\"},\"potentialAction\":[{\"@type\":\"SearchAction\",\"target\":{\"@type\":\"EntryPoint\",\"urlTemplate\":\"https:\\\/\\\/www.eltriangle.eu\\\/es\\\/?s={search_term_string}\"},\"query-input\":{\"@type\":\"PropertyValueSpecification\",\"valueRequired\":true,\"valueName\":\"search_term_string\"}}],\"inLanguage\":\"es\"},{\"@type\":[\"Organization\",\"NewsMediaOrganization\"],\"@id\":\"https:\\\/\\\/www.eltriangle.eu\\\/es\\\/#organization\",\"name\":\"El Triangle\",\"url\":\"https:\\\/\\\/www.eltriangle.eu\\\/es\\\/\",\"logo\":{\"@type\":\"ImageObject\",\"inLanguage\":\"es\",\"@id\":\"https:\\\/\\\/www.eltriangle.eu\\\/es\\\/#\\\/schema\\\/logo\\\/image\\\/\",\"url\":\"https:\\\/\\\/www.eltriangle.eu\\\/wp-content\\\/uploads\\\/2020\\\/11\\\/triangle_logo-ajustado.jpg\",\"contentUrl\":\"https:\\\/\\\/www.eltriangle.eu\\\/wp-content\\\/uploads\\\/2020\\\/11\\\/triangle_logo-ajustado.jpg\",\"width\":521,\"height\":92,\"caption\":\"El Triangle\"},\"image\":{\"@id\":\"https:\\\/\\\/www.eltriangle.eu\\\/es\\\/#\\\/schema\\\/logo\\\/image\\\/\"},\"sameAs\":[\"https:\\\/\\\/www.facebook.com\\\/El-Triangle-Diari-101787399020302\",\"https:\\\/\\\/x.com\\\/El_Triangle\",\"https:\\\/\\\/www.youtube.com\\\/channel\\\/UCTIjmYEMYSpdGonuAgNhbcg\"]},{\"@type\":\"Person\",\"@id\":\"https:\\\/\\\/www.eltriangle.eu\\\/es\\\/#\\\/schema\\\/person\\\/6e5938f06dd4dcd413779558fbf437d9\",\"name\":\"Redacci\u00f3 \\\/ ACN\",\"image\":{\"@type\":\"ImageObject\",\"inLanguage\":\"es\",\"@id\":\"\\\/\\\/www.gravatar.com\\\/avatar\\\/a5bc366245a614da74d9f8d49d1b53bf?s=96&#038;r=g&#038;d=mm\",\"url\":\"\\\/\\\/www.gravatar.com\\\/avatar\\\/a5bc366245a614da74d9f8d49d1b53bf?s=96&#038;r=g&#038;d=mm\",\"contentUrl\":\"\\\/\\\/www.gravatar.com\\\/avatar\\\/a5bc366245a614da74d9f8d49d1b53bf?s=96&#038;r=g&#038;d=mm\",\"caption\":\"Redacci\u00f3 \\\/ ACN\"},\"url\":\"https:\\\/\\\/www.eltriangle.eu\\\/es\\\/author\\\/redaccioacn\\\/\"},{\"@type\":\"SiteNavigationElement\",\"@id\":\"https:\\\/\\\/www.eltriangle.eu\\\/es\\\/#site-navigation\",\"cssSelector\":[\".cib-main-menu\"]},{\"@type\":\"WPHeader\",\"@id\":\"https:\\\/\\\/www.eltriangle.eu\\\/es\\\/#header\",\"cssSelector\":[\".cib-header\"]},{\"@type\":\"WPFooter\",\"@id\":\"https:\\\/\\\/www.eltriangle.eu\\\/es\\\/#footer\",\"cssSelector\":[\".cib-footer\"]}]}<\/script>\n<!-- \/ Yoast SEO plugin. -->","yoast_head_json":{"title":"Los transportistas catalanes, \"hartos\" de sufrir los cortes de carretera sin que se les compensen las p\u00e9rdidas - El Triangle","description":"El presidente de Asetrans en Girona y de la patronal CETCAT, Eduard Ayach, ha expresado que los transportistas est\u00e1n \"hartos\" de sufrir los cortes de","robots":{"index":"index","follow":"follow","max-snippet":"max-snippet:-1","max-image-preview":"max-image-preview:large","max-video-preview":"max-video-preview:-1"},"canonical":"https:\/\/www.eltriangle.eu\/es\/2024\/11\/20\/los-transportistas-catalanes-hartos-de-sufrir-los-cortes-de-carretera-sin-que-se-les-compensen-las-perdidas\/","og_locale":"es_ES","og_type":"article","og_title":"Los transportistas catalanes, \"hartos\" de sufrir los cortes de carretera sin que se les compensen las p\u00e9rdidas - El Triangle","og_description":"El presidente de Asetrans en Girona y de la patronal CETCAT, Eduard Ayach, ha expresado que los transportistas est\u00e1n \"hartos\" de sufrir los cortes de","og_url":"https:\/\/www.eltriangle.eu\/es\/2024\/11\/20\/los-transportistas-catalanes-hartos-de-sufrir-los-cortes-de-carretera-sin-que-se-les-compensen-las-perdidas\/","og_site_name":"El Triangle","article_publisher":"https:\/\/www.facebook.com\/El-Triangle-Diari-101787399020302","article_published_time":"2024-11-20T08:10:38+00:00","article_modified_time":"2024-11-20T11:12:57+00:00","og_image":[{"width":1200,"height":800,"url":"https:\/\/www.eltriangle.eu\/wp-content\/uploads\/2024\/11\/9f3b6bda-0860-4097-932c-98c8f5e728ec-e1732099416146.jpg","type":"image\/jpeg"}],"author":"Redacci\u00f3 \/ ACN","twitter_card":"summary_large_image","twitter_creator":"@El_Triangle","twitter_site":"@El_Triangle","twitter_misc":{"Escrito por":"Redacci\u00f3 \/ ACN","Tiempo de lectura":"3 minutos"},"schema":{"@context":"https:\/\/schema.org","@graph":[{"@type":"NewsArticle","@id":"https:\/\/www.eltriangle.eu\/es\/2024\/11\/20\/los-transportistas-catalanes-hartos-de-sufrir-los-cortes-de-carretera-sin-que-se-les-compensen-las-perdidas\/#article","isPartOf":{"@id":"https:\/\/www.eltriangle.eu\/es\/2024\/11\/20\/los-transportistas-catalanes-hartos-de-sufrir-los-cortes-de-carretera-sin-que-se-les-compensen-las-perdidas\/"},"author":{"name":"Redacci\u00f3 \/ ACN","@id":"https:\/\/www.eltriangle.eu\/es\/#\/schema\/person\/6e5938f06dd4dcd413779558fbf437d9"},"headline":"Los transportistas catalanes, \u00abhartos\u00bb de sufrir los cortes de carretera sin que se les compensen las p\u00e9rdidas","datePublished":"2024-11-20T08:10:38+00:00","dateModified":"2024-11-20T11:12:57+00:00","mainEntityOfPage":{"@id":"https:\/\/www.eltriangle.eu\/es\/2024\/11\/20\/los-transportistas-catalanes-hartos-de-sufrir-los-cortes-de-carretera-sin-que-se-les-compensen-las-perdidas\/"},"wordCount":546,"commentCount":0,"publisher":{"@id":"https:\/\/www.eltriangle.eu\/es\/#organization"},"image":{"@id":"https:\/\/www.eltriangle.eu\/es\/2024\/11\/20\/los-transportistas-catalanes-hartos-de-sufrir-los-cortes-de-carretera-sin-que-se-les-compensen-las-perdidas\/#primaryimage"},"thumbnailUrl":"https:\/\/www.eltriangle.eu\/wp-content\/uploads\/2024\/11\/9f3b6bda-0860-4097-932c-98c8f5e728ec-e1732099416146.jpg","keywords":["Transporte"],"articleSection":["Actualidad","En la calle"],"inLanguage":"es","potentialAction":[{"@type":"CommentAction","name":"Comment","target":["https:\/\/www.eltriangle.eu\/es\/2024\/11\/20\/los-transportistas-catalanes-hartos-de-sufrir-los-cortes-de-carretera-sin-que-se-les-compensen-las-perdidas\/#respond"]}]},{"@type":"WebPage","@id":"https:\/\/www.eltriangle.eu\/es\/2024\/11\/20\/los-transportistas-catalanes-hartos-de-sufrir-los-cortes-de-carretera-sin-que-se-les-compensen-las-perdidas\/","url":"https:\/\/www.eltriangle.eu\/es\/2024\/11\/20\/los-transportistas-catalanes-hartos-de-sufrir-los-cortes-de-carretera-sin-que-se-les-compensen-las-perdidas\/","name":"Los transportistas catalanes, \"hartos\" de sufrir los cortes de carretera sin que se les compensen las p\u00e9rdidas - El Triangle","isPartOf":{"@id":"https:\/\/www.eltriangle.eu\/es\/#website"},"primaryImageOfPage":{"@id":"https:\/\/www.eltriangle.eu\/es\/2024\/11\/20\/los-transportistas-catalanes-hartos-de-sufrir-los-cortes-de-carretera-sin-que-se-les-compensen-las-perdidas\/#primaryimage"},"image":{"@id":"https:\/\/www.eltriangle.eu\/es\/2024\/11\/20\/los-transportistas-catalanes-hartos-de-sufrir-los-cortes-de-carretera-sin-que-se-les-compensen-las-perdidas\/#primaryimage"},"thumbnailUrl":"https:\/\/www.eltriangle.eu\/wp-content\/uploads\/2024\/11\/9f3b6bda-0860-4097-932c-98c8f5e728ec-e1732099416146.jpg","datePublished":"2024-11-20T08:10:38+00:00","dateModified":"2024-11-20T11:12:57+00:00","description":"El presidente de Asetrans en Girona y de la patronal CETCAT, Eduard Ayach, ha expresado que los transportistas est\u00e1n \"hartos\" de sufrir los cortes de","breadcrumb":{"@id":"https:\/\/www.eltriangle.eu\/es\/2024\/11\/20\/los-transportistas-catalanes-hartos-de-sufrir-los-cortes-de-carretera-sin-que-se-les-compensen-las-perdidas\/#breadcrumb"},"inLanguage":"es","potentialAction":[{"@type":"ReadAction","target":["https:\/\/www.eltriangle.eu\/es\/2024\/11\/20\/los-transportistas-catalanes-hartos-de-sufrir-los-cortes-de-carretera-sin-que-se-les-compensen-las-perdidas\/"]}]},{"@type":"ImageObject","inLanguage":"es","@id":"https:\/\/www.eltriangle.eu\/es\/2024\/11\/20\/los-transportistas-catalanes-hartos-de-sufrir-los-cortes-de-carretera-sin-que-se-les-compensen-las-perdidas\/#primaryimage","url":"https:\/\/www.eltriangle.eu\/wp-content\/uploads\/2024\/11\/9f3b6bda-0860-4097-932c-98c8f5e728ec-e1732099416146.jpg","contentUrl":"https:\/\/www.eltriangle.eu\/wp-content\/uploads\/2024\/11\/9f3b6bda-0860-4097-932c-98c8f5e728ec-e1732099416146.jpg","width":1200,"height":800,"caption":"El presidente de Asetrans y del CETCAT, Eduard Ayach, delante de su empresa de transportes (ACN)"},{"@type":"BreadcrumbList","@id":"https:\/\/www.eltriangle.eu\/es\/2024\/11\/20\/los-transportistas-catalanes-hartos-de-sufrir-los-cortes-de-carretera-sin-que-se-les-compensen-las-perdidas\/#breadcrumb","itemListElement":[{"@type":"ListItem","position":1,"name":"Portada","item":"https:\/\/www.eltriangle.eu\/es\/"},{"@type":"ListItem","position":2,"name":"Los transportistas catalanes, \u00abhartos\u00bb de sufrir los cortes de carretera sin que se les compensen las p\u00e9rdidas"}]},{"@type":"WebSite","@id":"https:\/\/www.eltriangle.eu\/es\/#website","url":"https:\/\/www.eltriangle.eu\/es\/","name":"El Triangle","description":"El Triangle \u00e9s un Diari d&#039;informaci\u00f3 general, editat a Catalunya i escrit en llengua catalana, especialitzat en investigaci\u00f3 period\u00edstica","publisher":{"@id":"https:\/\/www.eltriangle.eu\/es\/#organization"},"potentialAction":[{"@type":"SearchAction","target":{"@type":"EntryPoint","urlTemplate":"https:\/\/www.eltriangle.eu\/es\/?s={search_term_string}"},"query-input":{"@type":"PropertyValueSpecification","valueRequired":true,"valueName":"search_term_string"}}],"inLanguage":"es"},{"@type":["Organization","NewsMediaOrganization"],"@id":"https:\/\/www.eltriangle.eu\/es\/#organization","name":"El Triangle","url":"https:\/\/www.eltriangle.eu\/es\/","logo":{"@type":"ImageObject","inLanguage":"es","@id":"https:\/\/www.eltriangle.eu\/es\/#\/schema\/logo\/image\/","url":"https:\/\/www.eltriangle.eu\/wp-content\/uploads\/2020\/11\/triangle_logo-ajustado.jpg","contentUrl":"https:\/\/www.eltriangle.eu\/wp-content\/uploads\/2020\/11\/triangle_logo-ajustado.jpg","width":521,"height":92,"caption":"El Triangle"},"image":{"@id":"https:\/\/www.eltriangle.eu\/es\/#\/schema\/logo\/image\/"},"sameAs":["https:\/\/www.facebook.com\/El-Triangle-Diari-101787399020302","https:\/\/x.com\/El_Triangle","https:\/\/www.youtube.com\/channel\/UCTIjmYEMYSpdGonuAgNhbcg"]},{"@type":"Person","@id":"https:\/\/www.eltriangle.eu\/es\/#\/schema\/person\/6e5938f06dd4dcd413779558fbf437d9","name":"Redacci\u00f3 \/ ACN","image":{"@type":"ImageObject","inLanguage":"es","@id":"\/\/www.gravatar.com\/avatar\/a5bc366245a614da74d9f8d49d1b53bf?s=96&#038;r=g&#038;d=mm","url":"\/\/www.gravatar.com\/avatar\/a5bc366245a614da74d9f8d49d1b53bf?s=96&#038;r=g&#038;d=mm","contentUrl":"\/\/www.gravatar.com\/avatar\/a5bc366245a614da74d9f8d49d1b53bf?s=96&#038;r=g&#038;d=mm","caption":"Redacci\u00f3 \/ ACN"},"url":"https:\/\/www.eltriangle.eu\/es\/author\/redaccioacn\/"},{"@type":"SiteNavigationElement","@id":"https:\/\/www.eltriangle.eu\/es\/#site-navigation","cssSelector":[".cib-main-menu"]},{"@type":"WPHeader","@id":"https:\/\/www.eltriangle.eu\/es\/#header","cssSelector":[".cib-header"]},{"@type":"WPFooter","@id":"https:\/\/www.eltriangle.eu\/es\/#footer","cssSelector":[".cib-footer"]}]}},"amp_enabled":true,"_links":{"self":[{"href":"https:\/\/www.eltriangle.eu\/es\/wp-json\/wp\/v2\/posts\/289979","targetHints":{"allow":["GET"]}}],"collection":[{"href":"https:\/\/www.eltriangle.eu\/es\/wp-json\/wp\/v2\/posts"}],"about":[{"href":"https:\/\/www.eltriangle.eu\/es\/wp-json\/wp\/v2\/types\/post"}],"author":[{"embeddable":true,"href":"https:\/\/www.eltriangle.eu\/es\/wp-json\/wp\/v2\/users\/179"}],"replies":[{"embeddable":true,"href":"https:\/\/www.eltriangle.eu\/es\/wp-json\/wp\/v2\/comments?post=289979"}],"version-history":[{"count":0,"href":"https:\/\/www.eltriangle.eu\/es\/wp-json\/wp\/v2\/posts\/289979\/revisions"}],"wp:featuredmedia":[{"embeddable":true,"href":"https:\/\/www.eltriangle.eu\/es\/wp-json\/wp\/v2\/media\/289961"}],"wp:attachment":[{"href":"https:\/\/www.eltriangle.eu\/es\/wp-json\/wp\/v2\/media?parent=289979"}],"wp:term":[{"taxonomy":"category","embeddable":true,"href":"https:\/\/www.eltriangle.eu\/es\/wp-json\/wp\/v2\/categories?post=289979"},{"taxonomy":"post_tag","embeddable":true,"href":"https:\/\/www.eltriangle.eu\/es\/wp-json\/wp\/v2\/tags?post=289979"}],"curies":[{"name":"wp","href":"https:\/\/api.w.org\/{rel}","templated":true}]}}