{"id":286496,"date":"2024-11-04T07:40:19","date_gmt":"2024-11-04T06:40:19","guid":{"rendered":null},"modified":"2024-11-04T12:42:03","modified_gmt":"2024-11-04T11:42:03","slug":"suspendida-la-circulacion-de-trenes-en-las-lineas-r2-sur-y-r4-sur-por-el-temporal","status":"publish","type":"post","link":"https:\/\/www.eltriangle.eu\/es\/2024\/11\/04\/suspendida-la-circulacion-de-trenes-en-las-lineas-r2-sur-y-r4-sur-por-el-temporal\/","title":{"rendered":"Suspendida la circulaci\u00f3n de trenes en las l\u00edneas R2 sur y R4 sur por el temporal"},"content":{"rendered":"<p>El temporal ha obligado a <strong>suspender en Catalu\u00f1a el servicio de las l\u00edneas R2 sur entre la estaci\u00f3n de Francia de Barcelona y Sant Vicen\u00e7 de Calders y al R4 sur entre l&#8217;Hospitalet de Llobregat y Sant Vicen\u00e7 de Calders<\/strong>. La circulaci\u00f3n ya se encontraba interrumpida entre Vilafranca del Pened\u00e8s y Sant Vicen\u00e7 de Calders por las condiciones climatol\u00f3gicas y ahora se ampl\u00eda a dos tramos de l\u00edneas enteros, seg\u00fan Renfe.<\/p>\n<p>Las dos<strong> l\u00edneas de Rodalies (Cercan\u00edas)<\/strong> atraviesan comarcas que est\u00e1n con alertas rojas por tiempo violento activas por parte del <strong>Servicio Meteorol\u00f3gico de Catalu\u00f1a (Meteocat)<\/strong>. Por otro lado, la circulaci\u00f3n de las l\u00edneas regionales hacia el sur estar\u00e1n cortadas hasta las 15 horas. Adem\u00e1s, se ha suspendido el servicio alternativo por carretera de los trenes regionales sur establecido por las obras de Roda de Ber\u00e0.<\/p>\n<p>Desde domingo por la tarde no hay servicio en la R13 entre Sant Vicen\u00e7 de Calders y Lleida; en la R14 entre la Plana de Picamoixons y Tarragona; en la R15 entre Sant Vicen\u00e7 de Calders, Valls y Reus hacia Mora; en la R16 entre Tarragona y Tortosa; y el R17 entre Tarragona y Salou Port Aventura. El Avant Expr\u00e9s entre Barcelona y Tortosa tampoco funciona.<\/p>\n","protected":false},"excerpt":{"rendered":"<p>El temporal ha obligado a suspender en Catalu\u00f1a el servicio de las l\u00edneas R2 sur entre la estaci\u00f3n de Francia de Barcelona y Sant Vicen\u00e7 de Calders y al R4 sur entre l&#8217;Hospitalet de Llobregat y Sant Vicen\u00e7 de Calders. La circulaci\u00f3n ya se encontraba interrumpida entre Vilafranca del Pened\u00e8s y Sant Vicen\u00e7 de Calders &#8230; <a title=\"Suspendida la circulaci\u00f3n de trenes en las l\u00edneas R2 sur y R4 sur por el temporal\" class=\"read-more\" href=\"https:\/\/www.eltriangle.eu\/es\/2024\/11\/04\/suspendida-la-circulacion-de-trenes-en-las-lineas-r2-sur-y-r4-sur-por-el-temporal\/\" aria-label=\"Leer m\u00e1s sobre Suspendida la circulaci\u00f3n de trenes en las l\u00edneas R2 sur y R4 sur por el temporal\">Leer m\u00e1s<\/a><\/p>\n","protected":false},"author":93,"featured_media":286491,"comment_status":"open","ping_status":"closed","sticky":false,"template":"","format":"standard","meta":{"_acf_changed":false,"pmpro_default_level":"","footnotes":""},"categories":[24,76,94],"tags":[1249,1990,1336],"class_list":["post-286496","post","type-post","status-publish","format-standard","has-post-thumbnail","hentry","category-actualidad","category-en-la-calle","category-medio-ambiente","tag-cercanias","tag-meteocat-es","tag-temporal-es","lh_instant_articles-syndicate-yes","pmpro-has-access"],"acf":[],"yoast_head":"<!-- This site is optimized with the Yoast SEO plugin v27.4 - https:\/\/yoast.com\/product\/yoast-seo-wordpress\/ -->\n<title>Suspendida la circulaci\u00f3n de trenes en las l\u00edneas R2 sur y R4 sur por el temporal - El Triangle<\/title>\n<meta name=\"description\" content=\"El temporal ha obligado a suspender en Catalu\u00f1a el servicio de las l\u00edneas R2 sur entre la estaci\u00f3n de Francia de Barcelona y Sant Vicen\u00e7 de Calders y al\" class=\"yoast-seo-meta-tag\" \/>\n<meta name=\"robots\" content=\"index, follow, max-snippet:-1, max-image-preview:large, max-video-preview:-1\" \/>\n<link rel=\"canonical\" href=\"https:\/\/www.eltriangle.eu\/es\/2024\/11\/04\/suspendida-la-circulacion-de-trenes-en-las-lineas-r2-sur-y-r4-sur-por-el-temporal\/\" class=\"yoast-seo-meta-tag\" \/>\n<meta property=\"og:locale\" content=\"es_ES\" class=\"yoast-seo-meta-tag\" \/>\n<meta property=\"og:type\" content=\"article\" class=\"yoast-seo-meta-tag\" \/>\n<meta property=\"og:title\" content=\"Suspendida la circulaci\u00f3n de trenes en las l\u00edneas R2 sur y R4 sur por el temporal - El Triangle\" class=\"yoast-seo-meta-tag\" \/>\n<meta property=\"og:description\" content=\"El temporal ha obligado a suspender en Catalu\u00f1a el servicio de las l\u00edneas R2 sur entre la estaci\u00f3n de Francia de Barcelona y Sant Vicen\u00e7 de Calders y al\" class=\"yoast-seo-meta-tag\" \/>\n<meta property=\"og:url\" content=\"https:\/\/www.eltriangle.eu\/es\/2024\/11\/04\/suspendida-la-circulacion-de-trenes-en-las-lineas-r2-sur-y-r4-sur-por-el-temporal\/\" class=\"yoast-seo-meta-tag\" \/>\n<meta property=\"og:site_name\" content=\"El Triangle\" class=\"yoast-seo-meta-tag\" \/>\n<meta property=\"article:publisher\" content=\"https:\/\/www.facebook.com\/El-Triangle-Diari-101787399020302\" class=\"yoast-seo-meta-tag\" \/>\n<meta property=\"article:published_time\" content=\"2024-11-04T06:40:19+00:00\" class=\"yoast-seo-meta-tag\" \/>\n<meta property=\"article:modified_time\" content=\"2024-11-04T11:42:03+00:00\" class=\"yoast-seo-meta-tag\" \/>\n<meta property=\"og:image\" content=\"https:\/\/www.eltriangle.eu\/wp-content\/uploads\/2024\/11\/rodalies.png\" class=\"yoast-seo-meta-tag\" \/>\n\t<meta property=\"og:image:width\" content=\"882\" class=\"yoast-seo-meta-tag\" \/>\n\t<meta property=\"og:image:height\" content=\"617\" class=\"yoast-seo-meta-tag\" \/>\n\t<meta property=\"og:image:type\" content=\"image\/png\" class=\"yoast-seo-meta-tag\" \/>\n<meta name=\"author\" content=\"redaccio\" class=\"yoast-seo-meta-tag\" \/>\n<meta name=\"twitter:card\" content=\"summary_large_image\" class=\"yoast-seo-meta-tag\" \/>\n<meta name=\"twitter:creator\" content=\"@El_Triangle\" class=\"yoast-seo-meta-tag\" \/>\n<meta name=\"twitter:site\" content=\"@El_Triangle\" class=\"yoast-seo-meta-tag\" \/>\n<meta name=\"twitter:label1\" content=\"Escrito por\" class=\"yoast-seo-meta-tag\" \/>\n\t<meta name=\"twitter:data1\" content=\"redaccio\" class=\"yoast-seo-meta-tag\" \/>\n\t<meta name=\"twitter:label2\" content=\"Tiempo de lectura\" class=\"yoast-seo-meta-tag\" \/>\n\t<meta name=\"twitter:data2\" content=\"1 minuto\" class=\"yoast-seo-meta-tag\" \/>\n<script type=\"application\/ld+json\" class=\"yoast-schema-graph\">{\"@context\":\"https:\\\/\\\/schema.org\",\"@graph\":[{\"@type\":\"NewsArticle\",\"@id\":\"https:\\\/\\\/www.eltriangle.eu\\\/es\\\/2024\\\/11\\\/04\\\/suspendida-la-circulacion-de-trenes-en-las-lineas-r2-sur-y-r4-sur-por-el-temporal\\\/#article\",\"isPartOf\":{\"@id\":\"https:\\\/\\\/www.eltriangle.eu\\\/es\\\/2024\\\/11\\\/04\\\/suspendida-la-circulacion-de-trenes-en-las-lineas-r2-sur-y-r4-sur-por-el-temporal\\\/\"},\"author\":{\"name\":\"redaccio\",\"@id\":\"https:\\\/\\\/www.eltriangle.eu\\\/es\\\/#\\\/schema\\\/person\\\/7e5bff7fe0202e362b26fcec2bd6f383\"},\"headline\":\"Suspendida la circulaci\u00f3n de trenes en las l\u00edneas R2 sur y R4 sur por el temporal\",\"datePublished\":\"2024-11-04T06:40:19+00:00\",\"dateModified\":\"2024-11-04T11:42:03+00:00\",\"mainEntityOfPage\":{\"@id\":\"https:\\\/\\\/www.eltriangle.eu\\\/es\\\/2024\\\/11\\\/04\\\/suspendida-la-circulacion-de-trenes-en-las-lineas-r2-sur-y-r4-sur-por-el-temporal\\\/\"},\"wordCount\":239,\"commentCount\":0,\"publisher\":{\"@id\":\"https:\\\/\\\/www.eltriangle.eu\\\/es\\\/#organization\"},\"image\":{\"@id\":\"https:\\\/\\\/www.eltriangle.eu\\\/es\\\/2024\\\/11\\\/04\\\/suspendida-la-circulacion-de-trenes-en-las-lineas-r2-sur-y-r4-sur-por-el-temporal\\\/#primaryimage\"},\"thumbnailUrl\":\"https:\\\/\\\/www.eltriangle.eu\\\/wp-content\\\/uploads\\\/2024\\\/11\\\/rodalies.png\",\"keywords\":[\"Cercan\u00edas\",\"Meteocat\",\"temporal\"],\"articleSection\":[\"Actualidad\",\"En la calle\",\"Medio ambiente\"],\"inLanguage\":\"es\",\"potentialAction\":[{\"@type\":\"CommentAction\",\"name\":\"Comment\",\"target\":[\"https:\\\/\\\/www.eltriangle.eu\\\/es\\\/2024\\\/11\\\/04\\\/suspendida-la-circulacion-de-trenes-en-las-lineas-r2-sur-y-r4-sur-por-el-temporal\\\/#respond\"]}]},{\"@type\":\"WebPage\",\"@id\":\"https:\\\/\\\/www.eltriangle.eu\\\/es\\\/2024\\\/11\\\/04\\\/suspendida-la-circulacion-de-trenes-en-las-lineas-r2-sur-y-r4-sur-por-el-temporal\\\/\",\"url\":\"https:\\\/\\\/www.eltriangle.eu\\\/es\\\/2024\\\/11\\\/04\\\/suspendida-la-circulacion-de-trenes-en-las-lineas-r2-sur-y-r4-sur-por-el-temporal\\\/\",\"name\":\"Suspendida la circulaci\u00f3n de trenes en las l\u00edneas R2 sur y R4 sur por el temporal - El Triangle\",\"isPartOf\":{\"@id\":\"https:\\\/\\\/www.eltriangle.eu\\\/es\\\/#website\"},\"primaryImageOfPage\":{\"@id\":\"https:\\\/\\\/www.eltriangle.eu\\\/es\\\/2024\\\/11\\\/04\\\/suspendida-la-circulacion-de-trenes-en-las-lineas-r2-sur-y-r4-sur-por-el-temporal\\\/#primaryimage\"},\"image\":{\"@id\":\"https:\\\/\\\/www.eltriangle.eu\\\/es\\\/2024\\\/11\\\/04\\\/suspendida-la-circulacion-de-trenes-en-las-lineas-r2-sur-y-r4-sur-por-el-temporal\\\/#primaryimage\"},\"thumbnailUrl\":\"https:\\\/\\\/www.eltriangle.eu\\\/wp-content\\\/uploads\\\/2024\\\/11\\\/rodalies.png\",\"datePublished\":\"2024-11-04T06:40:19+00:00\",\"dateModified\":\"2024-11-04T11:42:03+00:00\",\"description\":\"El temporal ha obligado a suspender en Catalu\u00f1a el servicio de las l\u00edneas R2 sur entre la estaci\u00f3n de Francia de Barcelona y Sant Vicen\u00e7 de Calders y al\",\"breadcrumb\":{\"@id\":\"https:\\\/\\\/www.eltriangle.eu\\\/es\\\/2024\\\/11\\\/04\\\/suspendida-la-circulacion-de-trenes-en-las-lineas-r2-sur-y-r4-sur-por-el-temporal\\\/#breadcrumb\"},\"inLanguage\":\"es\",\"potentialAction\":[{\"@type\":\"ReadAction\",\"target\":[\"https:\\\/\\\/www.eltriangle.eu\\\/es\\\/2024\\\/11\\\/04\\\/suspendida-la-circulacion-de-trenes-en-las-lineas-r2-sur-y-r4-sur-por-el-temporal\\\/\"]}]},{\"@type\":\"ImageObject\",\"inLanguage\":\"es\",\"@id\":\"https:\\\/\\\/www.eltriangle.eu\\\/es\\\/2024\\\/11\\\/04\\\/suspendida-la-circulacion-de-trenes-en-las-lineas-r2-sur-y-r4-sur-por-el-temporal\\\/#primaryimage\",\"url\":\"https:\\\/\\\/www.eltriangle.eu\\\/wp-content\\\/uploads\\\/2024\\\/11\\\/rodalies.png\",\"contentUrl\":\"https:\\\/\\\/www.eltriangle.eu\\\/wp-content\\\/uploads\\\/2024\\\/11\\\/rodalies.png\",\"width\":882,\"height\":617,\"caption\":\"Rodalies\"},{\"@type\":\"BreadcrumbList\",\"@id\":\"https:\\\/\\\/www.eltriangle.eu\\\/es\\\/2024\\\/11\\\/04\\\/suspendida-la-circulacion-de-trenes-en-las-lineas-r2-sur-y-r4-sur-por-el-temporal\\\/#breadcrumb\",\"itemListElement\":[{\"@type\":\"ListItem\",\"position\":1,\"name\":\"Portada\",\"item\":\"https:\\\/\\\/www.eltriangle.eu\\\/es\\\/\"},{\"@type\":\"ListItem\",\"position\":2,\"name\":\"Suspendida la circulaci\u00f3n de trenes en las l\u00edneas R2 sur y R4 sur por el temporal\"}]},{\"@type\":\"WebSite\",\"@id\":\"https:\\\/\\\/www.eltriangle.eu\\\/es\\\/#website\",\"url\":\"https:\\\/\\\/www.eltriangle.eu\\\/es\\\/\",\"name\":\"El Triangle\",\"description\":\"El Triangle \u00e9s un Diari d&#039;informaci\u00f3 general, editat a Catalunya i escrit en llengua catalana, especialitzat en investigaci\u00f3 period\u00edstica\",\"publisher\":{\"@id\":\"https:\\\/\\\/www.eltriangle.eu\\\/es\\\/#organization\"},\"potentialAction\":[{\"@type\":\"SearchAction\",\"target\":{\"@type\":\"EntryPoint\",\"urlTemplate\":\"https:\\\/\\\/www.eltriangle.eu\\\/es\\\/?s={search_term_string}\"},\"query-input\":{\"@type\":\"PropertyValueSpecification\",\"valueRequired\":true,\"valueName\":\"search_term_string\"}}],\"inLanguage\":\"es\"},{\"@type\":[\"Organization\",\"NewsMediaOrganization\"],\"@id\":\"https:\\\/\\\/www.eltriangle.eu\\\/es\\\/#organization\",\"name\":\"El Triangle\",\"url\":\"https:\\\/\\\/www.eltriangle.eu\\\/es\\\/\",\"logo\":{\"@type\":\"ImageObject\",\"inLanguage\":\"es\",\"@id\":\"https:\\\/\\\/www.eltriangle.eu\\\/es\\\/#\\\/schema\\\/logo\\\/image\\\/\",\"url\":\"https:\\\/\\\/www.eltriangle.eu\\\/wp-content\\\/uploads\\\/2020\\\/11\\\/triangle_logo-ajustado.jpg\",\"contentUrl\":\"https:\\\/\\\/www.eltriangle.eu\\\/wp-content\\\/uploads\\\/2020\\\/11\\\/triangle_logo-ajustado.jpg\",\"width\":521,\"height\":92,\"caption\":\"El Triangle\"},\"image\":{\"@id\":\"https:\\\/\\\/www.eltriangle.eu\\\/es\\\/#\\\/schema\\\/logo\\\/image\\\/\"},\"sameAs\":[\"https:\\\/\\\/www.facebook.com\\\/El-Triangle-Diari-101787399020302\",\"https:\\\/\\\/x.com\\\/El_Triangle\",\"https:\\\/\\\/www.youtube.com\\\/channel\\\/UCTIjmYEMYSpdGonuAgNhbcg\"]},{\"@type\":\"Person\",\"@id\":\"https:\\\/\\\/www.eltriangle.eu\\\/es\\\/#\\\/schema\\\/person\\\/7e5bff7fe0202e362b26fcec2bd6f383\",\"name\":\"redaccio\",\"image\":{\"@type\":\"ImageObject\",\"inLanguage\":\"es\",\"@id\":\"\\\/\\\/www.gravatar.com\\\/avatar\\\/5661b3e51fe6027f31ed1f408d22a917?s=96&#038;r=g&#038;d=mm\",\"url\":\"\\\/\\\/www.gravatar.com\\\/avatar\\\/5661b3e51fe6027f31ed1f408d22a917?s=96&#038;r=g&#038;d=mm\",\"contentUrl\":\"\\\/\\\/www.gravatar.com\\\/avatar\\\/5661b3e51fe6027f31ed1f408d22a917?s=96&#038;r=g&#038;d=mm\",\"caption\":\"redaccio\"},\"url\":\"https:\\\/\\\/www.eltriangle.eu\\\/es\\\/author\\\/redaccio\\\/\"},{\"@type\":\"SiteNavigationElement\",\"@id\":\"https:\\\/\\\/www.eltriangle.eu\\\/es\\\/#site-navigation\",\"cssSelector\":[\".cib-main-menu\"]},{\"@type\":\"WPHeader\",\"@id\":\"https:\\\/\\\/www.eltriangle.eu\\\/es\\\/#header\",\"cssSelector\":[\".cib-header\"]},{\"@type\":\"WPFooter\",\"@id\":\"https:\\\/\\\/www.eltriangle.eu\\\/es\\\/#footer\",\"cssSelector\":[\".cib-footer\"]}]}<\/script>\n<!-- \/ Yoast SEO plugin. -->","yoast_head_json":{"title":"Suspendida la circulaci\u00f3n de trenes en las l\u00edneas R2 sur y R4 sur por el temporal - El Triangle","description":"El temporal ha obligado a suspender en Catalu\u00f1a el servicio de las l\u00edneas R2 sur entre la estaci\u00f3n de Francia de Barcelona y Sant Vicen\u00e7 de Calders y al","robots":{"index":"index","follow":"follow","max-snippet":"max-snippet:-1","max-image-preview":"max-image-preview:large","max-video-preview":"max-video-preview:-1"},"canonical":"https:\/\/www.eltriangle.eu\/es\/2024\/11\/04\/suspendida-la-circulacion-de-trenes-en-las-lineas-r2-sur-y-r4-sur-por-el-temporal\/","og_locale":"es_ES","og_type":"article","og_title":"Suspendida la circulaci\u00f3n de trenes en las l\u00edneas R2 sur y R4 sur por el temporal - El Triangle","og_description":"El temporal ha obligado a suspender en Catalu\u00f1a el servicio de las l\u00edneas R2 sur entre la estaci\u00f3n de Francia de Barcelona y Sant Vicen\u00e7 de Calders y al","og_url":"https:\/\/www.eltriangle.eu\/es\/2024\/11\/04\/suspendida-la-circulacion-de-trenes-en-las-lineas-r2-sur-y-r4-sur-por-el-temporal\/","og_site_name":"El Triangle","article_publisher":"https:\/\/www.facebook.com\/El-Triangle-Diari-101787399020302","article_published_time":"2024-11-04T06:40:19+00:00","article_modified_time":"2024-11-04T11:42:03+00:00","og_image":[{"width":882,"height":617,"url":"https:\/\/www.eltriangle.eu\/wp-content\/uploads\/2024\/11\/rodalies.png","type":"image\/png"}],"author":"redaccio","twitter_card":"summary_large_image","twitter_creator":"@El_Triangle","twitter_site":"@El_Triangle","twitter_misc":{"Escrito por":"redaccio","Tiempo de lectura":"1 minuto"},"schema":{"@context":"https:\/\/schema.org","@graph":[{"@type":"NewsArticle","@id":"https:\/\/www.eltriangle.eu\/es\/2024\/11\/04\/suspendida-la-circulacion-de-trenes-en-las-lineas-r2-sur-y-r4-sur-por-el-temporal\/#article","isPartOf":{"@id":"https:\/\/www.eltriangle.eu\/es\/2024\/11\/04\/suspendida-la-circulacion-de-trenes-en-las-lineas-r2-sur-y-r4-sur-por-el-temporal\/"},"author":{"name":"redaccio","@id":"https:\/\/www.eltriangle.eu\/es\/#\/schema\/person\/7e5bff7fe0202e362b26fcec2bd6f383"},"headline":"Suspendida la circulaci\u00f3n de trenes en las l\u00edneas R2 sur y R4 sur por el temporal","datePublished":"2024-11-04T06:40:19+00:00","dateModified":"2024-11-04T11:42:03+00:00","mainEntityOfPage":{"@id":"https:\/\/www.eltriangle.eu\/es\/2024\/11\/04\/suspendida-la-circulacion-de-trenes-en-las-lineas-r2-sur-y-r4-sur-por-el-temporal\/"},"wordCount":239,"commentCount":0,"publisher":{"@id":"https:\/\/www.eltriangle.eu\/es\/#organization"},"image":{"@id":"https:\/\/www.eltriangle.eu\/es\/2024\/11\/04\/suspendida-la-circulacion-de-trenes-en-las-lineas-r2-sur-y-r4-sur-por-el-temporal\/#primaryimage"},"thumbnailUrl":"https:\/\/www.eltriangle.eu\/wp-content\/uploads\/2024\/11\/rodalies.png","keywords":["Cercan\u00edas","Meteocat","temporal"],"articleSection":["Actualidad","En la calle","Medio ambiente"],"inLanguage":"es","potentialAction":[{"@type":"CommentAction","name":"Comment","target":["https:\/\/www.eltriangle.eu\/es\/2024\/11\/04\/suspendida-la-circulacion-de-trenes-en-las-lineas-r2-sur-y-r4-sur-por-el-temporal\/#respond"]}]},{"@type":"WebPage","@id":"https:\/\/www.eltriangle.eu\/es\/2024\/11\/04\/suspendida-la-circulacion-de-trenes-en-las-lineas-r2-sur-y-r4-sur-por-el-temporal\/","url":"https:\/\/www.eltriangle.eu\/es\/2024\/11\/04\/suspendida-la-circulacion-de-trenes-en-las-lineas-r2-sur-y-r4-sur-por-el-temporal\/","name":"Suspendida la circulaci\u00f3n de trenes en las l\u00edneas R2 sur y R4 sur por el temporal - El Triangle","isPartOf":{"@id":"https:\/\/www.eltriangle.eu\/es\/#website"},"primaryImageOfPage":{"@id":"https:\/\/www.eltriangle.eu\/es\/2024\/11\/04\/suspendida-la-circulacion-de-trenes-en-las-lineas-r2-sur-y-r4-sur-por-el-temporal\/#primaryimage"},"image":{"@id":"https:\/\/www.eltriangle.eu\/es\/2024\/11\/04\/suspendida-la-circulacion-de-trenes-en-las-lineas-r2-sur-y-r4-sur-por-el-temporal\/#primaryimage"},"thumbnailUrl":"https:\/\/www.eltriangle.eu\/wp-content\/uploads\/2024\/11\/rodalies.png","datePublished":"2024-11-04T06:40:19+00:00","dateModified":"2024-11-04T11:42:03+00:00","description":"El temporal ha obligado a suspender en Catalu\u00f1a el servicio de las l\u00edneas R2 sur entre la estaci\u00f3n de Francia de Barcelona y Sant Vicen\u00e7 de Calders y al","breadcrumb":{"@id":"https:\/\/www.eltriangle.eu\/es\/2024\/11\/04\/suspendida-la-circulacion-de-trenes-en-las-lineas-r2-sur-y-r4-sur-por-el-temporal\/#breadcrumb"},"inLanguage":"es","potentialAction":[{"@type":"ReadAction","target":["https:\/\/www.eltriangle.eu\/es\/2024\/11\/04\/suspendida-la-circulacion-de-trenes-en-las-lineas-r2-sur-y-r4-sur-por-el-temporal\/"]}]},{"@type":"ImageObject","inLanguage":"es","@id":"https:\/\/www.eltriangle.eu\/es\/2024\/11\/04\/suspendida-la-circulacion-de-trenes-en-las-lineas-r2-sur-y-r4-sur-por-el-temporal\/#primaryimage","url":"https:\/\/www.eltriangle.eu\/wp-content\/uploads\/2024\/11\/rodalies.png","contentUrl":"https:\/\/www.eltriangle.eu\/wp-content\/uploads\/2024\/11\/rodalies.png","width":882,"height":617,"caption":"Rodalies"},{"@type":"BreadcrumbList","@id":"https:\/\/www.eltriangle.eu\/es\/2024\/11\/04\/suspendida-la-circulacion-de-trenes-en-las-lineas-r2-sur-y-r4-sur-por-el-temporal\/#breadcrumb","itemListElement":[{"@type":"ListItem","position":1,"name":"Portada","item":"https:\/\/www.eltriangle.eu\/es\/"},{"@type":"ListItem","position":2,"name":"Suspendida la circulaci\u00f3n de trenes en las l\u00edneas R2 sur y R4 sur por el temporal"}]},{"@type":"WebSite","@id":"https:\/\/www.eltriangle.eu\/es\/#website","url":"https:\/\/www.eltriangle.eu\/es\/","name":"El Triangle","description":"El Triangle \u00e9s un Diari d&#039;informaci\u00f3 general, editat a Catalunya i escrit en llengua catalana, especialitzat en investigaci\u00f3 period\u00edstica","publisher":{"@id":"https:\/\/www.eltriangle.eu\/es\/#organization"},"potentialAction":[{"@type":"SearchAction","target":{"@type":"EntryPoint","urlTemplate":"https:\/\/www.eltriangle.eu\/es\/?s={search_term_string}"},"query-input":{"@type":"PropertyValueSpecification","valueRequired":true,"valueName":"search_term_string"}}],"inLanguage":"es"},{"@type":["Organization","NewsMediaOrganization"],"@id":"https:\/\/www.eltriangle.eu\/es\/#organization","name":"El Triangle","url":"https:\/\/www.eltriangle.eu\/es\/","logo":{"@type":"ImageObject","inLanguage":"es","@id":"https:\/\/www.eltriangle.eu\/es\/#\/schema\/logo\/image\/","url":"https:\/\/www.eltriangle.eu\/wp-content\/uploads\/2020\/11\/triangle_logo-ajustado.jpg","contentUrl":"https:\/\/www.eltriangle.eu\/wp-content\/uploads\/2020\/11\/triangle_logo-ajustado.jpg","width":521,"height":92,"caption":"El Triangle"},"image":{"@id":"https:\/\/www.eltriangle.eu\/es\/#\/schema\/logo\/image\/"},"sameAs":["https:\/\/www.facebook.com\/El-Triangle-Diari-101787399020302","https:\/\/x.com\/El_Triangle","https:\/\/www.youtube.com\/channel\/UCTIjmYEMYSpdGonuAgNhbcg"]},{"@type":"Person","@id":"https:\/\/www.eltriangle.eu\/es\/#\/schema\/person\/7e5bff7fe0202e362b26fcec2bd6f383","name":"redaccio","image":{"@type":"ImageObject","inLanguage":"es","@id":"\/\/www.gravatar.com\/avatar\/5661b3e51fe6027f31ed1f408d22a917?s=96&#038;r=g&#038;d=mm","url":"\/\/www.gravatar.com\/avatar\/5661b3e51fe6027f31ed1f408d22a917?s=96&#038;r=g&#038;d=mm","contentUrl":"\/\/www.gravatar.com\/avatar\/5661b3e51fe6027f31ed1f408d22a917?s=96&#038;r=g&#038;d=mm","caption":"redaccio"},"url":"https:\/\/www.eltriangle.eu\/es\/author\/redaccio\/"},{"@type":"SiteNavigationElement","@id":"https:\/\/www.eltriangle.eu\/es\/#site-navigation","cssSelector":[".cib-main-menu"]},{"@type":"WPHeader","@id":"https:\/\/www.eltriangle.eu\/es\/#header","cssSelector":[".cib-header"]},{"@type":"WPFooter","@id":"https:\/\/www.eltriangle.eu\/es\/#footer","cssSelector":[".cib-footer"]}]}},"amp_enabled":true,"_links":{"self":[{"href":"https:\/\/www.eltriangle.eu\/es\/wp-json\/wp\/v2\/posts\/286496","targetHints":{"allow":["GET"]}}],"collection":[{"href":"https:\/\/www.eltriangle.eu\/es\/wp-json\/wp\/v2\/posts"}],"about":[{"href":"https:\/\/www.eltriangle.eu\/es\/wp-json\/wp\/v2\/types\/post"}],"author":[{"embeddable":true,"href":"https:\/\/www.eltriangle.eu\/es\/wp-json\/wp\/v2\/users\/93"}],"replies":[{"embeddable":true,"href":"https:\/\/www.eltriangle.eu\/es\/wp-json\/wp\/v2\/comments?post=286496"}],"version-history":[{"count":0,"href":"https:\/\/www.eltriangle.eu\/es\/wp-json\/wp\/v2\/posts\/286496\/revisions"}],"wp:featuredmedia":[{"embeddable":true,"href":"https:\/\/www.eltriangle.eu\/es\/wp-json\/wp\/v2\/media\/286491"}],"wp:attachment":[{"href":"https:\/\/www.eltriangle.eu\/es\/wp-json\/wp\/v2\/media?parent=286496"}],"wp:term":[{"taxonomy":"category","embeddable":true,"href":"https:\/\/www.eltriangle.eu\/es\/wp-json\/wp\/v2\/categories?post=286496"},{"taxonomy":"post_tag","embeddable":true,"href":"https:\/\/www.eltriangle.eu\/es\/wp-json\/wp\/v2\/tags?post=286496"}],"curies":[{"name":"wp","href":"https:\/\/api.w.org\/{rel}","templated":true}]}}