{"id":286469,"date":"2024-11-04T09:22:02","date_gmt":"2024-11-04T08:22:02","guid":{"rendered":null},"modified":"2024-11-04T09:22:02","modified_gmt":"2024-11-04T08:22:02","slug":"el-meteocat-avisa-de-tiempo-violento-y-tormentas-intensas-en-el-penedes-litoral-y-prelitoral-central-y-comarcas-de-ponent","status":"publish","type":"post","link":"https:\/\/www.eltriangle.eu\/es\/2024\/11\/04\/el-meteocat-avisa-de-tiempo-violento-y-tormentas-intensas-en-el-penedes-litoral-y-prelitoral-central-y-comarcas-de-ponent\/","title":{"rendered":"El Meteocat avisa de tiempo violento y tormentas intensas en el Pened\u00e8s, litoral y prelitoral central y comarcas de Ponent"},"content":{"rendered":"<p>El <strong>Servicio Meteorol\u00f3gico de Catalu\u00f1a (Meteocat)<\/strong> ha emitido un <strong>aviso por tiempo violento<\/strong> hasta las 8.25 horas <strong>a comarcas del Pened\u00e8s, el litoral y prelitoral central y de Ponent<\/strong>. En concreto, el <strong>riesgo es muy alto en el Anoia, el Alt Pened\u00e8s, el Baix Pened\u00e8s, el Garraf y el Baix Llobregat<\/strong>, mientras que es alto en el Barcelon\u00e8s, el Vall\u00e8s Occidental, el Bages, el Solson\u00e8s, la Segarra, la Noguera, el Alt Urgell y el Pallars Juss\u00e0.<\/p>\n<p>Hay posibilidad de granizo de m\u00e1s de 2 cent\u00edmetros, rachas de viento de m\u00e1s de 25 metros por segundo, chasquidos y tornados o mangas. Por otro lado, alerta de tormentas de m\u00e1s de 100 litros por metro cuadrado en 24 horas en la Catalu\u00f1a central y el litoral y prelitoral central.<\/p>\n<p>El Meteocat ha explicado que se ha formado una l\u00ednea muy organizada de aguaceros con tormenta que avanza hacia comarcas del litoral y prelitoral central y la Catalu\u00f1a central.<\/p>\n<p><strong>M\u00e1s de 100 litros por metro cuadrado en el Camp de Tarragona<\/strong><\/p>\n<p>Durante la noche, han ca\u00eddo aguaceros fuertes al litoral del Camp de Tarragona, principalmente en el Tarragon\u00e8s. Los aguaceros con tormenta, tambi\u00e9n fuertes, han avanzado por las Terres de l&#8217;Ebre dejando bastante agua en poco rato.<\/p>\n<p>Entre este domingo y hasta las cinco de la ma\u00f1ana de este lunes, el Meteocat aprecio que han ca\u00eddo m\u00e1s de 100 litros por metro cuadrado de precipitaci\u00f3n en el Camp de Tarragona. Ha a\u00f1adido, pero que la lluvia m\u00e1s intensa y abundando no ha ca\u00eddo sobre estaciones del Servicio Meteorol\u00f3gico de Catalu\u00f1a (Meteocat).<\/p>\n","protected":false},"excerpt":{"rendered":"<p>El Servicio Meteorol\u00f3gico de Catalu\u00f1a (Meteocat) ha emitido un aviso por tiempo violento hasta las 8.25 horas a comarcas del Pened\u00e8s, el litoral y prelitoral central y de Ponent. En concreto, el riesgo es muy alto en el Anoia, el Alt Pened\u00e8s, el Baix Pened\u00e8s, el Garraf y el Baix Llobregat, mientras que es alto &#8230; <a title=\"El Meteocat avisa de tiempo violento y tormentas intensas en el Pened\u00e8s, litoral y prelitoral central y comarcas de Ponent\" class=\"read-more\" href=\"https:\/\/www.eltriangle.eu\/es\/2024\/11\/04\/el-meteocat-avisa-de-tiempo-violento-y-tormentas-intensas-en-el-penedes-litoral-y-prelitoral-central-y-comarcas-de-ponent\/\" aria-label=\"Leer m\u00e1s sobre El Meteocat avisa de tiempo violento y tormentas intensas en el Pened\u00e8s, litoral y prelitoral central y comarcas de Ponent\">Leer m\u00e1s<\/a><\/p>\n","protected":false},"author":93,"featured_media":111670,"comment_status":"open","ping_status":"closed","sticky":false,"template":"","format":"standard","meta":{"_acf_changed":false,"pmpro_default_level":"","footnotes":""},"categories":[24,76,94],"tags":[1622,1990,5438],"class_list":["post-286469","post","type-post","status-publish","format-standard","has-post-thumbnail","hentry","category-actualidad","category-en-la-calle","category-medio-ambiente","tag-lluvia","tag-meteocat-es","tag-tormenta","lh_instant_articles-syndicate-yes","pmpro-has-access"],"acf":[],"yoast_head":"<!-- This site is optimized with the Yoast SEO plugin v27.4 - https:\/\/yoast.com\/product\/yoast-seo-wordpress\/ -->\n<title>El Meteocat avisa de tiempo violento y tormentas intensas en el Pened\u00e8s, litoral y prelitoral central y comarcas de Ponent - El Triangle<\/title>\n<meta name=\"description\" content=\"El Servicio Meteorol\u00f3gico de Catalu\u00f1a (Meteocat) ha emitido un aviso por tiempo violento hasta las 8.25 horas a comarcas del Pened\u00e8s, el litoral y\" class=\"yoast-seo-meta-tag\" \/>\n<meta name=\"robots\" content=\"index, follow, max-snippet:-1, max-image-preview:large, max-video-preview:-1\" \/>\n<link rel=\"canonical\" href=\"https:\/\/www.eltriangle.eu\/es\/2024\/11\/04\/el-meteocat-avisa-de-tiempo-violento-y-tormentas-intensas-en-el-penedes-litoral-y-prelitoral-central-y-comarcas-de-ponent\/\" class=\"yoast-seo-meta-tag\" \/>\n<meta property=\"og:locale\" content=\"es_ES\" class=\"yoast-seo-meta-tag\" \/>\n<meta property=\"og:type\" content=\"article\" class=\"yoast-seo-meta-tag\" \/>\n<meta property=\"og:title\" content=\"El Meteocat avisa de tiempo violento y tormentas intensas en el Pened\u00e8s, litoral y prelitoral central y comarcas de Ponent - El Triangle\" class=\"yoast-seo-meta-tag\" \/>\n<meta property=\"og:description\" content=\"El Servicio Meteorol\u00f3gico de Catalu\u00f1a (Meteocat) ha emitido un aviso por tiempo violento hasta las 8.25 horas a comarcas del Pened\u00e8s, el litoral y\" class=\"yoast-seo-meta-tag\" \/>\n<meta property=\"og:url\" content=\"https:\/\/www.eltriangle.eu\/es\/2024\/11\/04\/el-meteocat-avisa-de-tiempo-violento-y-tormentas-intensas-en-el-penedes-litoral-y-prelitoral-central-y-comarcas-de-ponent\/\" class=\"yoast-seo-meta-tag\" \/>\n<meta property=\"og:site_name\" content=\"El Triangle\" class=\"yoast-seo-meta-tag\" \/>\n<meta property=\"article:publisher\" content=\"https:\/\/www.facebook.com\/El-Triangle-Diari-101787399020302\" class=\"yoast-seo-meta-tag\" \/>\n<meta property=\"article:published_time\" content=\"2024-11-04T08:22:02+00:00\" class=\"yoast-seo-meta-tag\" \/>\n<meta property=\"og:image\" content=\"https:\/\/www.eltriangle.eu\/wp-content\/uploads\/2021\/09\/Alerta-de-pluges.jpg\" class=\"yoast-seo-meta-tag\" \/>\n\t<meta property=\"og:image:width\" content=\"880\" class=\"yoast-seo-meta-tag\" \/>\n\t<meta property=\"og:image:height\" content=\"493\" class=\"yoast-seo-meta-tag\" \/>\n\t<meta property=\"og:image:type\" content=\"image\/jpeg\" class=\"yoast-seo-meta-tag\" \/>\n<meta name=\"author\" content=\"redaccio\" class=\"yoast-seo-meta-tag\" \/>\n<meta name=\"twitter:card\" content=\"summary_large_image\" class=\"yoast-seo-meta-tag\" \/>\n<meta name=\"twitter:creator\" content=\"@El_Triangle\" class=\"yoast-seo-meta-tag\" \/>\n<meta name=\"twitter:site\" content=\"@El_Triangle\" class=\"yoast-seo-meta-tag\" \/>\n<meta name=\"twitter:label1\" content=\"Escrito por\" class=\"yoast-seo-meta-tag\" \/>\n\t<meta name=\"twitter:data1\" content=\"redaccio\" class=\"yoast-seo-meta-tag\" \/>\n\t<meta name=\"twitter:label2\" content=\"Tiempo de lectura\" class=\"yoast-seo-meta-tag\" \/>\n\t<meta name=\"twitter:data2\" content=\"1 minuto\" class=\"yoast-seo-meta-tag\" \/>\n<script type=\"application\/ld+json\" class=\"yoast-schema-graph\">{\"@context\":\"https:\\\/\\\/schema.org\",\"@graph\":[{\"@type\":\"NewsArticle\",\"@id\":\"https:\\\/\\\/www.eltriangle.eu\\\/es\\\/2024\\\/11\\\/04\\\/el-meteocat-avisa-de-tiempo-violento-y-tormentas-intensas-en-el-penedes-litoral-y-prelitoral-central-y-comarcas-de-ponent\\\/#article\",\"isPartOf\":{\"@id\":\"https:\\\/\\\/www.eltriangle.eu\\\/es\\\/2024\\\/11\\\/04\\\/el-meteocat-avisa-de-tiempo-violento-y-tormentas-intensas-en-el-penedes-litoral-y-prelitoral-central-y-comarcas-de-ponent\\\/\"},\"author\":{\"name\":\"redaccio\",\"@id\":\"https:\\\/\\\/www.eltriangle.eu\\\/es\\\/#\\\/schema\\\/person\\\/7e5bff7fe0202e362b26fcec2bd6f383\"},\"headline\":\"El Meteocat avisa de tiempo violento y tormentas intensas en el Pened\u00e8s, litoral y prelitoral central y comarcas de Ponent\",\"datePublished\":\"2024-11-04T08:22:02+00:00\",\"mainEntityOfPage\":{\"@id\":\"https:\\\/\\\/www.eltriangle.eu\\\/es\\\/2024\\\/11\\\/04\\\/el-meteocat-avisa-de-tiempo-violento-y-tormentas-intensas-en-el-penedes-litoral-y-prelitoral-central-y-comarcas-de-ponent\\\/\"},\"wordCount\":301,\"commentCount\":0,\"publisher\":{\"@id\":\"https:\\\/\\\/www.eltriangle.eu\\\/es\\\/#organization\"},\"image\":{\"@id\":\"https:\\\/\\\/www.eltriangle.eu\\\/es\\\/2024\\\/11\\\/04\\\/el-meteocat-avisa-de-tiempo-violento-y-tormentas-intensas-en-el-penedes-litoral-y-prelitoral-central-y-comarcas-de-ponent\\\/#primaryimage\"},\"thumbnailUrl\":\"https:\\\/\\\/www.eltriangle.eu\\\/wp-content\\\/uploads\\\/2021\\\/09\\\/Alerta-de-pluges.jpg\",\"keywords\":[\"Lluvia\",\"Meteocat\",\"tormenta\"],\"articleSection\":[\"Actualidad\",\"En la calle\",\"Medio ambiente\"],\"inLanguage\":\"es\",\"potentialAction\":[{\"@type\":\"CommentAction\",\"name\":\"Comment\",\"target\":[\"https:\\\/\\\/www.eltriangle.eu\\\/es\\\/2024\\\/11\\\/04\\\/el-meteocat-avisa-de-tiempo-violento-y-tormentas-intensas-en-el-penedes-litoral-y-prelitoral-central-y-comarcas-de-ponent\\\/#respond\"]}]},{\"@type\":\"WebPage\",\"@id\":\"https:\\\/\\\/www.eltriangle.eu\\\/es\\\/2024\\\/11\\\/04\\\/el-meteocat-avisa-de-tiempo-violento-y-tormentas-intensas-en-el-penedes-litoral-y-prelitoral-central-y-comarcas-de-ponent\\\/\",\"url\":\"https:\\\/\\\/www.eltriangle.eu\\\/es\\\/2024\\\/11\\\/04\\\/el-meteocat-avisa-de-tiempo-violento-y-tormentas-intensas-en-el-penedes-litoral-y-prelitoral-central-y-comarcas-de-ponent\\\/\",\"name\":\"El Meteocat avisa de tiempo violento y tormentas intensas en el Pened\u00e8s, litoral y prelitoral central y comarcas de Ponent - El Triangle\",\"isPartOf\":{\"@id\":\"https:\\\/\\\/www.eltriangle.eu\\\/es\\\/#website\"},\"primaryImageOfPage\":{\"@id\":\"https:\\\/\\\/www.eltriangle.eu\\\/es\\\/2024\\\/11\\\/04\\\/el-meteocat-avisa-de-tiempo-violento-y-tormentas-intensas-en-el-penedes-litoral-y-prelitoral-central-y-comarcas-de-ponent\\\/#primaryimage\"},\"image\":{\"@id\":\"https:\\\/\\\/www.eltriangle.eu\\\/es\\\/2024\\\/11\\\/04\\\/el-meteocat-avisa-de-tiempo-violento-y-tormentas-intensas-en-el-penedes-litoral-y-prelitoral-central-y-comarcas-de-ponent\\\/#primaryimage\"},\"thumbnailUrl\":\"https:\\\/\\\/www.eltriangle.eu\\\/wp-content\\\/uploads\\\/2021\\\/09\\\/Alerta-de-pluges.jpg\",\"datePublished\":\"2024-11-04T08:22:02+00:00\",\"description\":\"El Servicio Meteorol\u00f3gico de Catalu\u00f1a (Meteocat) ha emitido un aviso por tiempo violento hasta las 8.25 horas a comarcas del Pened\u00e8s, el litoral y\",\"breadcrumb\":{\"@id\":\"https:\\\/\\\/www.eltriangle.eu\\\/es\\\/2024\\\/11\\\/04\\\/el-meteocat-avisa-de-tiempo-violento-y-tormentas-intensas-en-el-penedes-litoral-y-prelitoral-central-y-comarcas-de-ponent\\\/#breadcrumb\"},\"inLanguage\":\"es\",\"potentialAction\":[{\"@type\":\"ReadAction\",\"target\":[\"https:\\\/\\\/www.eltriangle.eu\\\/es\\\/2024\\\/11\\\/04\\\/el-meteocat-avisa-de-tiempo-violento-y-tormentas-intensas-en-el-penedes-litoral-y-prelitoral-central-y-comarcas-de-ponent\\\/\"]}]},{\"@type\":\"ImageObject\",\"inLanguage\":\"es\",\"@id\":\"https:\\\/\\\/www.eltriangle.eu\\\/es\\\/2024\\\/11\\\/04\\\/el-meteocat-avisa-de-tiempo-violento-y-tormentas-intensas-en-el-penedes-litoral-y-prelitoral-central-y-comarcas-de-ponent\\\/#primaryimage\",\"url\":\"https:\\\/\\\/www.eltriangle.eu\\\/wp-content\\\/uploads\\\/2021\\\/09\\\/Alerta-de-pluges.jpg\",\"contentUrl\":\"https:\\\/\\\/www.eltriangle.eu\\\/wp-content\\\/uploads\\\/2021\\\/09\\\/Alerta-de-pluges.jpg\",\"width\":880,\"height\":493,\"caption\":\"Un hombre se protege de la lluvia con un paraguas\"},{\"@type\":\"BreadcrumbList\",\"@id\":\"https:\\\/\\\/www.eltriangle.eu\\\/es\\\/2024\\\/11\\\/04\\\/el-meteocat-avisa-de-tiempo-violento-y-tormentas-intensas-en-el-penedes-litoral-y-prelitoral-central-y-comarcas-de-ponent\\\/#breadcrumb\",\"itemListElement\":[{\"@type\":\"ListItem\",\"position\":1,\"name\":\"Portada\",\"item\":\"https:\\\/\\\/www.eltriangle.eu\\\/es\\\/\"},{\"@type\":\"ListItem\",\"position\":2,\"name\":\"El Meteocat avisa de tiempo violento y tormentas intensas en el Pened\u00e8s, litoral y prelitoral central y comarcas de Ponent\"}]},{\"@type\":\"WebSite\",\"@id\":\"https:\\\/\\\/www.eltriangle.eu\\\/es\\\/#website\",\"url\":\"https:\\\/\\\/www.eltriangle.eu\\\/es\\\/\",\"name\":\"El Triangle\",\"description\":\"El Triangle \u00e9s un Diari d&#039;informaci\u00f3 general, editat a Catalunya i escrit en llengua catalana, especialitzat en investigaci\u00f3 period\u00edstica\",\"publisher\":{\"@id\":\"https:\\\/\\\/www.eltriangle.eu\\\/es\\\/#organization\"},\"potentialAction\":[{\"@type\":\"SearchAction\",\"target\":{\"@type\":\"EntryPoint\",\"urlTemplate\":\"https:\\\/\\\/www.eltriangle.eu\\\/es\\\/?s={search_term_string}\"},\"query-input\":{\"@type\":\"PropertyValueSpecification\",\"valueRequired\":true,\"valueName\":\"search_term_string\"}}],\"inLanguage\":\"es\"},{\"@type\":[\"Organization\",\"NewsMediaOrganization\"],\"@id\":\"https:\\\/\\\/www.eltriangle.eu\\\/es\\\/#organization\",\"name\":\"El Triangle\",\"url\":\"https:\\\/\\\/www.eltriangle.eu\\\/es\\\/\",\"logo\":{\"@type\":\"ImageObject\",\"inLanguage\":\"es\",\"@id\":\"https:\\\/\\\/www.eltriangle.eu\\\/es\\\/#\\\/schema\\\/logo\\\/image\\\/\",\"url\":\"https:\\\/\\\/www.eltriangle.eu\\\/wp-content\\\/uploads\\\/2020\\\/11\\\/triangle_logo-ajustado.jpg\",\"contentUrl\":\"https:\\\/\\\/www.eltriangle.eu\\\/wp-content\\\/uploads\\\/2020\\\/11\\\/triangle_logo-ajustado.jpg\",\"width\":521,\"height\":92,\"caption\":\"El Triangle\"},\"image\":{\"@id\":\"https:\\\/\\\/www.eltriangle.eu\\\/es\\\/#\\\/schema\\\/logo\\\/image\\\/\"},\"sameAs\":[\"https:\\\/\\\/www.facebook.com\\\/El-Triangle-Diari-101787399020302\",\"https:\\\/\\\/x.com\\\/El_Triangle\",\"https:\\\/\\\/www.youtube.com\\\/channel\\\/UCTIjmYEMYSpdGonuAgNhbcg\"]},{\"@type\":\"Person\",\"@id\":\"https:\\\/\\\/www.eltriangle.eu\\\/es\\\/#\\\/schema\\\/person\\\/7e5bff7fe0202e362b26fcec2bd6f383\",\"name\":\"redaccio\",\"image\":{\"@type\":\"ImageObject\",\"inLanguage\":\"es\",\"@id\":\"\\\/\\\/www.gravatar.com\\\/avatar\\\/5661b3e51fe6027f31ed1f408d22a917?s=96&#038;r=g&#038;d=mm\",\"url\":\"\\\/\\\/www.gravatar.com\\\/avatar\\\/5661b3e51fe6027f31ed1f408d22a917?s=96&#038;r=g&#038;d=mm\",\"contentUrl\":\"\\\/\\\/www.gravatar.com\\\/avatar\\\/5661b3e51fe6027f31ed1f408d22a917?s=96&#038;r=g&#038;d=mm\",\"caption\":\"redaccio\"},\"url\":\"https:\\\/\\\/www.eltriangle.eu\\\/es\\\/author\\\/redaccio\\\/\"},{\"@type\":\"SiteNavigationElement\",\"@id\":\"https:\\\/\\\/www.eltriangle.eu\\\/es\\\/#site-navigation\",\"cssSelector\":[\".cib-main-menu\"]},{\"@type\":\"WPHeader\",\"@id\":\"https:\\\/\\\/www.eltriangle.eu\\\/es\\\/#header\",\"cssSelector\":[\".cib-header\"]},{\"@type\":\"WPFooter\",\"@id\":\"https:\\\/\\\/www.eltriangle.eu\\\/es\\\/#footer\",\"cssSelector\":[\".cib-footer\"]}]}<\/script>\n<!-- \/ Yoast SEO plugin. -->","yoast_head_json":{"title":"El Meteocat avisa de tiempo violento y tormentas intensas en el Pened\u00e8s, litoral y prelitoral central y comarcas de Ponent - El Triangle","description":"El Servicio Meteorol\u00f3gico de Catalu\u00f1a (Meteocat) ha emitido un aviso por tiempo violento hasta las 8.25 horas a comarcas del Pened\u00e8s, el litoral y","robots":{"index":"index","follow":"follow","max-snippet":"max-snippet:-1","max-image-preview":"max-image-preview:large","max-video-preview":"max-video-preview:-1"},"canonical":"https:\/\/www.eltriangle.eu\/es\/2024\/11\/04\/el-meteocat-avisa-de-tiempo-violento-y-tormentas-intensas-en-el-penedes-litoral-y-prelitoral-central-y-comarcas-de-ponent\/","og_locale":"es_ES","og_type":"article","og_title":"El Meteocat avisa de tiempo violento y tormentas intensas en el Pened\u00e8s, litoral y prelitoral central y comarcas de Ponent - El Triangle","og_description":"El Servicio Meteorol\u00f3gico de Catalu\u00f1a (Meteocat) ha emitido un aviso por tiempo violento hasta las 8.25 horas a comarcas del Pened\u00e8s, el litoral y","og_url":"https:\/\/www.eltriangle.eu\/es\/2024\/11\/04\/el-meteocat-avisa-de-tiempo-violento-y-tormentas-intensas-en-el-penedes-litoral-y-prelitoral-central-y-comarcas-de-ponent\/","og_site_name":"El Triangle","article_publisher":"https:\/\/www.facebook.com\/El-Triangle-Diari-101787399020302","article_published_time":"2024-11-04T08:22:02+00:00","og_image":[{"width":880,"height":493,"url":"https:\/\/www.eltriangle.eu\/wp-content\/uploads\/2021\/09\/Alerta-de-pluges.jpg","type":"image\/jpeg"}],"author":"redaccio","twitter_card":"summary_large_image","twitter_creator":"@El_Triangle","twitter_site":"@El_Triangle","twitter_misc":{"Escrito por":"redaccio","Tiempo de lectura":"1 minuto"},"schema":{"@context":"https:\/\/schema.org","@graph":[{"@type":"NewsArticle","@id":"https:\/\/www.eltriangle.eu\/es\/2024\/11\/04\/el-meteocat-avisa-de-tiempo-violento-y-tormentas-intensas-en-el-penedes-litoral-y-prelitoral-central-y-comarcas-de-ponent\/#article","isPartOf":{"@id":"https:\/\/www.eltriangle.eu\/es\/2024\/11\/04\/el-meteocat-avisa-de-tiempo-violento-y-tormentas-intensas-en-el-penedes-litoral-y-prelitoral-central-y-comarcas-de-ponent\/"},"author":{"name":"redaccio","@id":"https:\/\/www.eltriangle.eu\/es\/#\/schema\/person\/7e5bff7fe0202e362b26fcec2bd6f383"},"headline":"El Meteocat avisa de tiempo violento y tormentas intensas en el Pened\u00e8s, litoral y prelitoral central y comarcas de Ponent","datePublished":"2024-11-04T08:22:02+00:00","mainEntityOfPage":{"@id":"https:\/\/www.eltriangle.eu\/es\/2024\/11\/04\/el-meteocat-avisa-de-tiempo-violento-y-tormentas-intensas-en-el-penedes-litoral-y-prelitoral-central-y-comarcas-de-ponent\/"},"wordCount":301,"commentCount":0,"publisher":{"@id":"https:\/\/www.eltriangle.eu\/es\/#organization"},"image":{"@id":"https:\/\/www.eltriangle.eu\/es\/2024\/11\/04\/el-meteocat-avisa-de-tiempo-violento-y-tormentas-intensas-en-el-penedes-litoral-y-prelitoral-central-y-comarcas-de-ponent\/#primaryimage"},"thumbnailUrl":"https:\/\/www.eltriangle.eu\/wp-content\/uploads\/2021\/09\/Alerta-de-pluges.jpg","keywords":["Lluvia","Meteocat","tormenta"],"articleSection":["Actualidad","En la calle","Medio ambiente"],"inLanguage":"es","potentialAction":[{"@type":"CommentAction","name":"Comment","target":["https:\/\/www.eltriangle.eu\/es\/2024\/11\/04\/el-meteocat-avisa-de-tiempo-violento-y-tormentas-intensas-en-el-penedes-litoral-y-prelitoral-central-y-comarcas-de-ponent\/#respond"]}]},{"@type":"WebPage","@id":"https:\/\/www.eltriangle.eu\/es\/2024\/11\/04\/el-meteocat-avisa-de-tiempo-violento-y-tormentas-intensas-en-el-penedes-litoral-y-prelitoral-central-y-comarcas-de-ponent\/","url":"https:\/\/www.eltriangle.eu\/es\/2024\/11\/04\/el-meteocat-avisa-de-tiempo-violento-y-tormentas-intensas-en-el-penedes-litoral-y-prelitoral-central-y-comarcas-de-ponent\/","name":"El Meteocat avisa de tiempo violento y tormentas intensas en el Pened\u00e8s, litoral y prelitoral central y comarcas de Ponent - El Triangle","isPartOf":{"@id":"https:\/\/www.eltriangle.eu\/es\/#website"},"primaryImageOfPage":{"@id":"https:\/\/www.eltriangle.eu\/es\/2024\/11\/04\/el-meteocat-avisa-de-tiempo-violento-y-tormentas-intensas-en-el-penedes-litoral-y-prelitoral-central-y-comarcas-de-ponent\/#primaryimage"},"image":{"@id":"https:\/\/www.eltriangle.eu\/es\/2024\/11\/04\/el-meteocat-avisa-de-tiempo-violento-y-tormentas-intensas-en-el-penedes-litoral-y-prelitoral-central-y-comarcas-de-ponent\/#primaryimage"},"thumbnailUrl":"https:\/\/www.eltriangle.eu\/wp-content\/uploads\/2021\/09\/Alerta-de-pluges.jpg","datePublished":"2024-11-04T08:22:02+00:00","description":"El Servicio Meteorol\u00f3gico de Catalu\u00f1a (Meteocat) ha emitido un aviso por tiempo violento hasta las 8.25 horas a comarcas del Pened\u00e8s, el litoral y","breadcrumb":{"@id":"https:\/\/www.eltriangle.eu\/es\/2024\/11\/04\/el-meteocat-avisa-de-tiempo-violento-y-tormentas-intensas-en-el-penedes-litoral-y-prelitoral-central-y-comarcas-de-ponent\/#breadcrumb"},"inLanguage":"es","potentialAction":[{"@type":"ReadAction","target":["https:\/\/www.eltriangle.eu\/es\/2024\/11\/04\/el-meteocat-avisa-de-tiempo-violento-y-tormentas-intensas-en-el-penedes-litoral-y-prelitoral-central-y-comarcas-de-ponent\/"]}]},{"@type":"ImageObject","inLanguage":"es","@id":"https:\/\/www.eltriangle.eu\/es\/2024\/11\/04\/el-meteocat-avisa-de-tiempo-violento-y-tormentas-intensas-en-el-penedes-litoral-y-prelitoral-central-y-comarcas-de-ponent\/#primaryimage","url":"https:\/\/www.eltriangle.eu\/wp-content\/uploads\/2021\/09\/Alerta-de-pluges.jpg","contentUrl":"https:\/\/www.eltriangle.eu\/wp-content\/uploads\/2021\/09\/Alerta-de-pluges.jpg","width":880,"height":493,"caption":"Un hombre se protege de la lluvia con un paraguas"},{"@type":"BreadcrumbList","@id":"https:\/\/www.eltriangle.eu\/es\/2024\/11\/04\/el-meteocat-avisa-de-tiempo-violento-y-tormentas-intensas-en-el-penedes-litoral-y-prelitoral-central-y-comarcas-de-ponent\/#breadcrumb","itemListElement":[{"@type":"ListItem","position":1,"name":"Portada","item":"https:\/\/www.eltriangle.eu\/es\/"},{"@type":"ListItem","position":2,"name":"El Meteocat avisa de tiempo violento y tormentas intensas en el Pened\u00e8s, litoral y prelitoral central y comarcas de Ponent"}]},{"@type":"WebSite","@id":"https:\/\/www.eltriangle.eu\/es\/#website","url":"https:\/\/www.eltriangle.eu\/es\/","name":"El Triangle","description":"El Triangle \u00e9s un Diari d&#039;informaci\u00f3 general, editat a Catalunya i escrit en llengua catalana, especialitzat en investigaci\u00f3 period\u00edstica","publisher":{"@id":"https:\/\/www.eltriangle.eu\/es\/#organization"},"potentialAction":[{"@type":"SearchAction","target":{"@type":"EntryPoint","urlTemplate":"https:\/\/www.eltriangle.eu\/es\/?s={search_term_string}"},"query-input":{"@type":"PropertyValueSpecification","valueRequired":true,"valueName":"search_term_string"}}],"inLanguage":"es"},{"@type":["Organization","NewsMediaOrganization"],"@id":"https:\/\/www.eltriangle.eu\/es\/#organization","name":"El Triangle","url":"https:\/\/www.eltriangle.eu\/es\/","logo":{"@type":"ImageObject","inLanguage":"es","@id":"https:\/\/www.eltriangle.eu\/es\/#\/schema\/logo\/image\/","url":"https:\/\/www.eltriangle.eu\/wp-content\/uploads\/2020\/11\/triangle_logo-ajustado.jpg","contentUrl":"https:\/\/www.eltriangle.eu\/wp-content\/uploads\/2020\/11\/triangle_logo-ajustado.jpg","width":521,"height":92,"caption":"El Triangle"},"image":{"@id":"https:\/\/www.eltriangle.eu\/es\/#\/schema\/logo\/image\/"},"sameAs":["https:\/\/www.facebook.com\/El-Triangle-Diari-101787399020302","https:\/\/x.com\/El_Triangle","https:\/\/www.youtube.com\/channel\/UCTIjmYEMYSpdGonuAgNhbcg"]},{"@type":"Person","@id":"https:\/\/www.eltriangle.eu\/es\/#\/schema\/person\/7e5bff7fe0202e362b26fcec2bd6f383","name":"redaccio","image":{"@type":"ImageObject","inLanguage":"es","@id":"\/\/www.gravatar.com\/avatar\/5661b3e51fe6027f31ed1f408d22a917?s=96&#038;r=g&#038;d=mm","url":"\/\/www.gravatar.com\/avatar\/5661b3e51fe6027f31ed1f408d22a917?s=96&#038;r=g&#038;d=mm","contentUrl":"\/\/www.gravatar.com\/avatar\/5661b3e51fe6027f31ed1f408d22a917?s=96&#038;r=g&#038;d=mm","caption":"redaccio"},"url":"https:\/\/www.eltriangle.eu\/es\/author\/redaccio\/"},{"@type":"SiteNavigationElement","@id":"https:\/\/www.eltriangle.eu\/es\/#site-navigation","cssSelector":[".cib-main-menu"]},{"@type":"WPHeader","@id":"https:\/\/www.eltriangle.eu\/es\/#header","cssSelector":[".cib-header"]},{"@type":"WPFooter","@id":"https:\/\/www.eltriangle.eu\/es\/#footer","cssSelector":[".cib-footer"]}]}},"amp_enabled":true,"_links":{"self":[{"href":"https:\/\/www.eltriangle.eu\/es\/wp-json\/wp\/v2\/posts\/286469","targetHints":{"allow":["GET"]}}],"collection":[{"href":"https:\/\/www.eltriangle.eu\/es\/wp-json\/wp\/v2\/posts"}],"about":[{"href":"https:\/\/www.eltriangle.eu\/es\/wp-json\/wp\/v2\/types\/post"}],"author":[{"embeddable":true,"href":"https:\/\/www.eltriangle.eu\/es\/wp-json\/wp\/v2\/users\/93"}],"replies":[{"embeddable":true,"href":"https:\/\/www.eltriangle.eu\/es\/wp-json\/wp\/v2\/comments?post=286469"}],"version-history":[{"count":0,"href":"https:\/\/www.eltriangle.eu\/es\/wp-json\/wp\/v2\/posts\/286469\/revisions"}],"wp:featuredmedia":[{"embeddable":true,"href":"https:\/\/www.eltriangle.eu\/es\/wp-json\/wp\/v2\/media\/111670"}],"wp:attachment":[{"href":"https:\/\/www.eltriangle.eu\/es\/wp-json\/wp\/v2\/media?parent=286469"}],"wp:term":[{"taxonomy":"category","embeddable":true,"href":"https:\/\/www.eltriangle.eu\/es\/wp-json\/wp\/v2\/categories?post=286469"},{"taxonomy":"post_tag","embeddable":true,"href":"https:\/\/www.eltriangle.eu\/es\/wp-json\/wp\/v2\/tags?post=286469"}],"curies":[{"name":"wp","href":"https:\/\/api.w.org\/{rel}","templated":true}]}}