{"id":285045,"date":"2024-10-27T06:00:27","date_gmt":"2024-10-27T05:00:27","guid":{"rendered":null},"modified":"2024-10-27T07:49:50","modified_gmt":"2024-10-27T06:49:50","slug":"que-lider-de-erc-llevaba-dibujado-en-la-camiseta-antonio-banos-en-su-participacion-en-el-bunquer","status":"publish","type":"post","link":"https:\/\/www.eltriangle.eu\/es\/2024\/10\/27\/que-lider-de-erc-llevaba-dibujado-en-la-camiseta-antonio-banos-en-su-participacion-en-el-bunquer\/","title":{"rendered":"\u00bfQu\u00e9 l\u00edder de ERC llevaba dibujado en la camiseta Antonio Ba\u00f1os en su participaci\u00f3n en &#8216;El b\u00fanquer&#8217;?"},"content":{"rendered":"<p><strong>Marta Rovira<\/strong>. El periodista y tertuliano <strong>Antonio Ba\u00f1os<\/strong> particip\u00f3 como invitado los pasados 7 y 8 de octubre en el programa <em>El b\u00fanquer<\/em> que emite Catalunya R\u00e0dio los mediod\u00edas y se cuelga en v\u00eddeo en el portal 3cat. Ba\u00f1os se present\u00f3 con una camiseta donde se pod\u00eda ver la cara silueteada de la secretaria general de ERC y se le\u00eda \u201c<em>Free Rovira<\/em>\u201d. Rovira apoya a una de las candidaturas que se presentan para renovar su partido en el Congreso que celebrar\u00e1 el 30 de noviembre pero ni <strong>Oriol Junqueras<\/strong>, su principal adversario en este proceso ni ning\u00fan otro candidato a la direcci\u00f3n del partido se ha quejado de esta interferencia de Ba\u00f1os.<\/p>\n<p>En sus intervenciones en los dos d\u00edas en los que fue invitado a <em>El b\u00fanquer<\/em>, Ba\u00f1os dijo que \u201ctengo rabia a los <em>progres<\/em>\u201d y confi\u00f3 en que al proceso independentista le pase lo mismo que al cristianismo que empez\u00f3 con 12 ap\u00f3stoles y al cabo de 2.000 a\u00f1os ten\u00eda muchos millones de seguidores. Le regalaron un palo de hockey y dijo que podr\u00eda utilizarse en un mitin de Vox.<\/p>\n<p>El segundo d\u00eda de su presencia en el programa explic\u00f3 que ten\u00eda buena relaci\u00f3n con <strong>In\u00e9s Arrimadas<\/strong>, exdirigente de Ciutadans. <strong>Jair Dom\u00ednguez<\/strong>, uno de los presentadores del programa, grit\u00f3 \u201c<em>\u00a1Botifler! \u00a1Botifler!<\/em>\u201d y Ba\u00f1os dijo que \u00e9l no saltar\u00eda de los medios de comunicaci\u00f3n donde colabora con la llegada de los socialistas al poder pero que el equipo de <em>El b\u00fanquer<\/em> quiz\u00e1s s\u00ed. \u201cVosotros las hab\u00e9is dicho muy gordas. Lo ten\u00e9is jodido\u201d, afirm\u00f3. \u00abSiempre nos quedar\u00e1 Francia y Andorra\u00bb, remat\u00f3 Dom\u00ednguez.<\/p>\n","protected":false},"excerpt":{"rendered":"<p>Marta Rovira. El periodista y tertuliano Antonio Ba\u00f1os particip\u00f3 como invitado los pasados 7 y 8 de octubre en el programa El b\u00fanquer que emite Catalunya R\u00e0dio los mediod\u00edas y se cuelga en v\u00eddeo en el portal 3cat. Ba\u00f1os se present\u00f3 con una camiseta donde se pod\u00eda ver la cara silueteada de la secretaria general &#8230; <a title=\"\u00bfQu\u00e9 l\u00edder de ERC llevaba dibujado en la camiseta Antonio Ba\u00f1os en su participaci\u00f3n en &#8216;El b\u00fanquer&#8217;?\" class=\"read-more\" href=\"https:\/\/www.eltriangle.eu\/es\/2024\/10\/27\/que-lider-de-erc-llevaba-dibujado-en-la-camiseta-antonio-banos-en-su-participacion-en-el-bunquer\/\" aria-label=\"Leer m\u00e1s sobre \u00bfQu\u00e9 l\u00edder de ERC llevaba dibujado en la camiseta Antonio Ba\u00f1os en su participaci\u00f3n en &#8216;El b\u00fanquer&#8217;?\">Leer m\u00e1s<\/a><\/p>\n","protected":false},"author":2,"featured_media":285042,"comment_status":"open","ping_status":"closed","sticky":false,"template":"","format":"standard","meta":{"_acf_changed":false,"pmpro_default_level":"","footnotes":""},"categories":[20],"tags":[5163,443,5322,504,579],"class_list":["post-285045","post","type-post","status-publish","format-standard","has-post-thumbnail","hentry","category-confidencial","tag-3cat-es","tag-antonio-banos-es","tag-el-bunquer-es","tag-jair-dominguez-es","tag-marta-rovira-es","lh_instant_articles-syndicate-yes","pmpro-has-access"],"acf":[],"yoast_head":"<!-- This site is optimized with the Yoast SEO plugin v27.4 - https:\/\/yoast.com\/product\/yoast-seo-wordpress\/ -->\n<title>\u00bfQu\u00e9 l\u00edder de ERC llevaba dibujado en la camiseta Antonio Ba\u00f1os en su participaci\u00f3n en &#039;El b\u00fanquer&#039;? - El Triangle<\/title>\n<meta name=\"description\" content=\"Marta Rovira. El periodista y tertuliano Antonio Ba\u00f1os particip\u00f3 como invitado los pasados 7 y 8 de octubre en el programa El b\u00fanquer que emite Catalunya\" class=\"yoast-seo-meta-tag\" \/>\n<meta name=\"robots\" content=\"index, follow, max-snippet:-1, max-image-preview:large, max-video-preview:-1\" \/>\n<link rel=\"canonical\" href=\"https:\/\/www.eltriangle.eu\/es\/2024\/10\/27\/que-lider-de-erc-llevaba-dibujado-en-la-camiseta-antonio-banos-en-su-participacion-en-el-bunquer\/\" class=\"yoast-seo-meta-tag\" \/>\n<meta property=\"og:locale\" content=\"es_ES\" class=\"yoast-seo-meta-tag\" \/>\n<meta property=\"og:type\" content=\"article\" class=\"yoast-seo-meta-tag\" \/>\n<meta property=\"og:title\" content=\"\u00bfQu\u00e9 l\u00edder de ERC llevaba dibujado en la camiseta Antonio Ba\u00f1os en su participaci\u00f3n en &#039;El b\u00fanquer&#039;? - El Triangle\" class=\"yoast-seo-meta-tag\" \/>\n<meta property=\"og:description\" content=\"Marta Rovira. El periodista y tertuliano Antonio Ba\u00f1os particip\u00f3 como invitado los pasados 7 y 8 de octubre en el programa El b\u00fanquer que emite Catalunya\" class=\"yoast-seo-meta-tag\" \/>\n<meta property=\"og:url\" content=\"https:\/\/www.eltriangle.eu\/es\/2024\/10\/27\/que-lider-de-erc-llevaba-dibujado-en-la-camiseta-antonio-banos-en-su-participacion-en-el-bunquer\/\" class=\"yoast-seo-meta-tag\" \/>\n<meta property=\"og:site_name\" content=\"El Triangle\" class=\"yoast-seo-meta-tag\" \/>\n<meta property=\"article:publisher\" content=\"https:\/\/www.facebook.com\/El-Triangle-Diari-101787399020302\" class=\"yoast-seo-meta-tag\" \/>\n<meta property=\"article:published_time\" content=\"2024-10-27T05:00:27+00:00\" class=\"yoast-seo-meta-tag\" \/>\n<meta property=\"article:modified_time\" content=\"2024-10-27T06:49:50+00:00\" class=\"yoast-seo-meta-tag\" \/>\n<meta property=\"og:image\" content=\"https:\/\/www.eltriangle.eu\/wp-content\/uploads\/2024\/10\/banos-a-el-bunquer-amb-la-samarreta-de-la-marta-rovira-el-8-doctubre.jpg\" class=\"yoast-seo-meta-tag\" \/>\n\t<meta property=\"og:image:width\" content=\"1200\" class=\"yoast-seo-meta-tag\" \/>\n\t<meta property=\"og:image:height\" content=\"672\" class=\"yoast-seo-meta-tag\" \/>\n\t<meta property=\"og:image:type\" content=\"image\/jpeg\" class=\"yoast-seo-meta-tag\" \/>\n<meta name=\"author\" content=\"Redacci\u00f3n\" class=\"yoast-seo-meta-tag\" \/>\n<meta name=\"twitter:card\" content=\"summary_large_image\" class=\"yoast-seo-meta-tag\" \/>\n<meta name=\"twitter:creator\" content=\"@El_Triangle\" class=\"yoast-seo-meta-tag\" \/>\n<meta name=\"twitter:site\" content=\"@El_Triangle\" class=\"yoast-seo-meta-tag\" \/>\n<meta name=\"twitter:label1\" content=\"Escrito por\" class=\"yoast-seo-meta-tag\" \/>\n\t<meta name=\"twitter:data1\" content=\"Redacci\u00f3n\" class=\"yoast-seo-meta-tag\" \/>\n\t<meta name=\"twitter:label2\" content=\"Tiempo de lectura\" class=\"yoast-seo-meta-tag\" \/>\n\t<meta name=\"twitter:data2\" content=\"1 minuto\" class=\"yoast-seo-meta-tag\" \/>\n<script type=\"application\/ld+json\" class=\"yoast-schema-graph\">{\"@context\":\"https:\\\/\\\/schema.org\",\"@graph\":[{\"@type\":\"NewsArticle\",\"@id\":\"https:\\\/\\\/www.eltriangle.eu\\\/es\\\/2024\\\/10\\\/27\\\/que-lider-de-erc-llevaba-dibujado-en-la-camiseta-antonio-banos-en-su-participacion-en-el-bunquer\\\/#article\",\"isPartOf\":{\"@id\":\"https:\\\/\\\/www.eltriangle.eu\\\/es\\\/2024\\\/10\\\/27\\\/que-lider-de-erc-llevaba-dibujado-en-la-camiseta-antonio-banos-en-su-participacion-en-el-bunquer\\\/\"},\"author\":{\"name\":\"Redacci\u00f3n\",\"@id\":\"https:\\\/\\\/www.eltriangle.eu\\\/es\\\/#\\\/schema\\\/person\\\/164a138451b4f28d35c3f5984dac8e18\"},\"headline\":\"\u00bfQu\u00e9 l\u00edder de ERC llevaba dibujado en la camiseta Antonio Ba\u00f1os en su participaci\u00f3n en &#8216;El b\u00fanquer&#8217;?\",\"datePublished\":\"2024-10-27T05:00:27+00:00\",\"dateModified\":\"2024-10-27T06:49:50+00:00\",\"mainEntityOfPage\":{\"@id\":\"https:\\\/\\\/www.eltriangle.eu\\\/es\\\/2024\\\/10\\\/27\\\/que-lider-de-erc-llevaba-dibujado-en-la-camiseta-antonio-banos-en-su-participacion-en-el-bunquer\\\/\"},\"wordCount\":308,\"commentCount\":0,\"publisher\":{\"@id\":\"https:\\\/\\\/www.eltriangle.eu\\\/es\\\/#organization\"},\"image\":{\"@id\":\"https:\\\/\\\/www.eltriangle.eu\\\/es\\\/2024\\\/10\\\/27\\\/que-lider-de-erc-llevaba-dibujado-en-la-camiseta-antonio-banos-en-su-participacion-en-el-bunquer\\\/#primaryimage\"},\"thumbnailUrl\":\"https:\\\/\\\/www.eltriangle.eu\\\/wp-content\\\/uploads\\\/2024\\\/10\\\/banos-a-el-bunquer-amb-la-samarreta-de-la-marta-rovira-el-8-doctubre.jpg\",\"keywords\":[\"3cat\",\"Antonio Ba\u00f1os\",\"El b\u00fanquer\",\"Jair Dom\u00ednguez\",\"Marta Rovira\"],\"articleSection\":[\"Confidencial\"],\"inLanguage\":\"es\",\"potentialAction\":[{\"@type\":\"CommentAction\",\"name\":\"Comment\",\"target\":[\"https:\\\/\\\/www.eltriangle.eu\\\/es\\\/2024\\\/10\\\/27\\\/que-lider-de-erc-llevaba-dibujado-en-la-camiseta-antonio-banos-en-su-participacion-en-el-bunquer\\\/#respond\"]}]},{\"@type\":\"WebPage\",\"@id\":\"https:\\\/\\\/www.eltriangle.eu\\\/es\\\/2024\\\/10\\\/27\\\/que-lider-de-erc-llevaba-dibujado-en-la-camiseta-antonio-banos-en-su-participacion-en-el-bunquer\\\/\",\"url\":\"https:\\\/\\\/www.eltriangle.eu\\\/es\\\/2024\\\/10\\\/27\\\/que-lider-de-erc-llevaba-dibujado-en-la-camiseta-antonio-banos-en-su-participacion-en-el-bunquer\\\/\",\"name\":\"\u00bfQu\u00e9 l\u00edder de ERC llevaba dibujado en la camiseta Antonio Ba\u00f1os en su participaci\u00f3n en 'El b\u00fanquer'? - El Triangle\",\"isPartOf\":{\"@id\":\"https:\\\/\\\/www.eltriangle.eu\\\/es\\\/#website\"},\"primaryImageOfPage\":{\"@id\":\"https:\\\/\\\/www.eltriangle.eu\\\/es\\\/2024\\\/10\\\/27\\\/que-lider-de-erc-llevaba-dibujado-en-la-camiseta-antonio-banos-en-su-participacion-en-el-bunquer\\\/#primaryimage\"},\"image\":{\"@id\":\"https:\\\/\\\/www.eltriangle.eu\\\/es\\\/2024\\\/10\\\/27\\\/que-lider-de-erc-llevaba-dibujado-en-la-camiseta-antonio-banos-en-su-participacion-en-el-bunquer\\\/#primaryimage\"},\"thumbnailUrl\":\"https:\\\/\\\/www.eltriangle.eu\\\/wp-content\\\/uploads\\\/2024\\\/10\\\/banos-a-el-bunquer-amb-la-samarreta-de-la-marta-rovira-el-8-doctubre.jpg\",\"datePublished\":\"2024-10-27T05:00:27+00:00\",\"dateModified\":\"2024-10-27T06:49:50+00:00\",\"description\":\"Marta Rovira. El periodista y tertuliano Antonio Ba\u00f1os particip\u00f3 como invitado los pasados 7 y 8 de octubre en el programa El b\u00fanquer que emite Catalunya\",\"breadcrumb\":{\"@id\":\"https:\\\/\\\/www.eltriangle.eu\\\/es\\\/2024\\\/10\\\/27\\\/que-lider-de-erc-llevaba-dibujado-en-la-camiseta-antonio-banos-en-su-participacion-en-el-bunquer\\\/#breadcrumb\"},\"inLanguage\":\"es\",\"potentialAction\":[{\"@type\":\"ReadAction\",\"target\":[\"https:\\\/\\\/www.eltriangle.eu\\\/es\\\/2024\\\/10\\\/27\\\/que-lider-de-erc-llevaba-dibujado-en-la-camiseta-antonio-banos-en-su-participacion-en-el-bunquer\\\/\"]}]},{\"@type\":\"ImageObject\",\"inLanguage\":\"es\",\"@id\":\"https:\\\/\\\/www.eltriangle.eu\\\/es\\\/2024\\\/10\\\/27\\\/que-lider-de-erc-llevaba-dibujado-en-la-camiseta-antonio-banos-en-su-participacion-en-el-bunquer\\\/#primaryimage\",\"url\":\"https:\\\/\\\/www.eltriangle.eu\\\/wp-content\\\/uploads\\\/2024\\\/10\\\/banos-a-el-bunquer-amb-la-samarreta-de-la-marta-rovira-el-8-doctubre.jpg\",\"contentUrl\":\"https:\\\/\\\/www.eltriangle.eu\\\/wp-content\\\/uploads\\\/2024\\\/10\\\/banos-a-el-bunquer-amb-la-samarreta-de-la-marta-rovira-el-8-doctubre.jpg\",\"width\":1200,\"height\":672},{\"@type\":\"BreadcrumbList\",\"@id\":\"https:\\\/\\\/www.eltriangle.eu\\\/es\\\/2024\\\/10\\\/27\\\/que-lider-de-erc-llevaba-dibujado-en-la-camiseta-antonio-banos-en-su-participacion-en-el-bunquer\\\/#breadcrumb\",\"itemListElement\":[{\"@type\":\"ListItem\",\"position\":1,\"name\":\"Portada\",\"item\":\"https:\\\/\\\/www.eltriangle.eu\\\/es\\\/\"},{\"@type\":\"ListItem\",\"position\":2,\"name\":\"\u00bfQu\u00e9 l\u00edder de ERC llevaba dibujado en la camiseta Antonio Ba\u00f1os en su participaci\u00f3n en &#8216;El b\u00fanquer&#8217;?\"}]},{\"@type\":\"WebSite\",\"@id\":\"https:\\\/\\\/www.eltriangle.eu\\\/es\\\/#website\",\"url\":\"https:\\\/\\\/www.eltriangle.eu\\\/es\\\/\",\"name\":\"El Triangle\",\"description\":\"El Triangle \u00e9s un Diari d&#039;informaci\u00f3 general, editat a Catalunya i escrit en llengua catalana, especialitzat en investigaci\u00f3 period\u00edstica\",\"publisher\":{\"@id\":\"https:\\\/\\\/www.eltriangle.eu\\\/es\\\/#organization\"},\"potentialAction\":[{\"@type\":\"SearchAction\",\"target\":{\"@type\":\"EntryPoint\",\"urlTemplate\":\"https:\\\/\\\/www.eltriangle.eu\\\/es\\\/?s={search_term_string}\"},\"query-input\":{\"@type\":\"PropertyValueSpecification\",\"valueRequired\":true,\"valueName\":\"search_term_string\"}}],\"inLanguage\":\"es\"},{\"@type\":[\"Organization\",\"NewsMediaOrganization\"],\"@id\":\"https:\\\/\\\/www.eltriangle.eu\\\/es\\\/#organization\",\"name\":\"El Triangle\",\"url\":\"https:\\\/\\\/www.eltriangle.eu\\\/es\\\/\",\"logo\":{\"@type\":\"ImageObject\",\"inLanguage\":\"es\",\"@id\":\"https:\\\/\\\/www.eltriangle.eu\\\/es\\\/#\\\/schema\\\/logo\\\/image\\\/\",\"url\":\"https:\\\/\\\/www.eltriangle.eu\\\/wp-content\\\/uploads\\\/2020\\\/11\\\/triangle_logo-ajustado.jpg\",\"contentUrl\":\"https:\\\/\\\/www.eltriangle.eu\\\/wp-content\\\/uploads\\\/2020\\\/11\\\/triangle_logo-ajustado.jpg\",\"width\":521,\"height\":92,\"caption\":\"El Triangle\"},\"image\":{\"@id\":\"https:\\\/\\\/www.eltriangle.eu\\\/es\\\/#\\\/schema\\\/logo\\\/image\\\/\"},\"sameAs\":[\"https:\\\/\\\/www.facebook.com\\\/El-Triangle-Diari-101787399020302\",\"https:\\\/\\\/x.com\\\/El_Triangle\",\"https:\\\/\\\/www.youtube.com\\\/channel\\\/UCTIjmYEMYSpdGonuAgNhbcg\"]},{\"@type\":\"Person\",\"@id\":\"https:\\\/\\\/www.eltriangle.eu\\\/es\\\/#\\\/schema\\\/person\\\/164a138451b4f28d35c3f5984dac8e18\",\"name\":\"Redacci\u00f3n\",\"image\":{\"@type\":\"ImageObject\",\"inLanguage\":\"es\",\"@id\":\"\\\/\\\/www.gravatar.com\\\/avatar\\\/147263d1a435839b8405c79279bb6558?s=96&#038;r=g&#038;d=mm\",\"url\":\"\\\/\\\/www.gravatar.com\\\/avatar\\\/147263d1a435839b8405c79279bb6558?s=96&#038;r=g&#038;d=mm\",\"contentUrl\":\"\\\/\\\/www.gravatar.com\\\/avatar\\\/147263d1a435839b8405c79279bb6558?s=96&#038;r=g&#038;d=mm\",\"caption\":\"Redacci\u00f3n\"},\"url\":\"https:\\\/\\\/www.eltriangle.eu\\\/es\\\/author\\\/autor-1\\\/\"},{\"@type\":\"SiteNavigationElement\",\"@id\":\"https:\\\/\\\/www.eltriangle.eu\\\/es\\\/#site-navigation\",\"cssSelector\":[\".cib-main-menu\"]},{\"@type\":\"WPHeader\",\"@id\":\"https:\\\/\\\/www.eltriangle.eu\\\/es\\\/#header\",\"cssSelector\":[\".cib-header\"]},{\"@type\":\"WPFooter\",\"@id\":\"https:\\\/\\\/www.eltriangle.eu\\\/es\\\/#footer\",\"cssSelector\":[\".cib-footer\"]}]}<\/script>\n<!-- \/ Yoast SEO plugin. -->","yoast_head_json":{"title":"\u00bfQu\u00e9 l\u00edder de ERC llevaba dibujado en la camiseta Antonio Ba\u00f1os en su participaci\u00f3n en 'El b\u00fanquer'? - El Triangle","description":"Marta Rovira. El periodista y tertuliano Antonio Ba\u00f1os particip\u00f3 como invitado los pasados 7 y 8 de octubre en el programa El b\u00fanquer que emite Catalunya","robots":{"index":"index","follow":"follow","max-snippet":"max-snippet:-1","max-image-preview":"max-image-preview:large","max-video-preview":"max-video-preview:-1"},"canonical":"https:\/\/www.eltriangle.eu\/es\/2024\/10\/27\/que-lider-de-erc-llevaba-dibujado-en-la-camiseta-antonio-banos-en-su-participacion-en-el-bunquer\/","og_locale":"es_ES","og_type":"article","og_title":"\u00bfQu\u00e9 l\u00edder de ERC llevaba dibujado en la camiseta Antonio Ba\u00f1os en su participaci\u00f3n en 'El b\u00fanquer'? - El Triangle","og_description":"Marta Rovira. El periodista y tertuliano Antonio Ba\u00f1os particip\u00f3 como invitado los pasados 7 y 8 de octubre en el programa El b\u00fanquer que emite Catalunya","og_url":"https:\/\/www.eltriangle.eu\/es\/2024\/10\/27\/que-lider-de-erc-llevaba-dibujado-en-la-camiseta-antonio-banos-en-su-participacion-en-el-bunquer\/","og_site_name":"El Triangle","article_publisher":"https:\/\/www.facebook.com\/El-Triangle-Diari-101787399020302","article_published_time":"2024-10-27T05:00:27+00:00","article_modified_time":"2024-10-27T06:49:50+00:00","og_image":[{"width":1200,"height":672,"url":"https:\/\/www.eltriangle.eu\/wp-content\/uploads\/2024\/10\/banos-a-el-bunquer-amb-la-samarreta-de-la-marta-rovira-el-8-doctubre.jpg","type":"image\/jpeg"}],"author":"Redacci\u00f3n","twitter_card":"summary_large_image","twitter_creator":"@El_Triangle","twitter_site":"@El_Triangle","twitter_misc":{"Escrito por":"Redacci\u00f3n","Tiempo de lectura":"1 minuto"},"schema":{"@context":"https:\/\/schema.org","@graph":[{"@type":"NewsArticle","@id":"https:\/\/www.eltriangle.eu\/es\/2024\/10\/27\/que-lider-de-erc-llevaba-dibujado-en-la-camiseta-antonio-banos-en-su-participacion-en-el-bunquer\/#article","isPartOf":{"@id":"https:\/\/www.eltriangle.eu\/es\/2024\/10\/27\/que-lider-de-erc-llevaba-dibujado-en-la-camiseta-antonio-banos-en-su-participacion-en-el-bunquer\/"},"author":{"name":"Redacci\u00f3n","@id":"https:\/\/www.eltriangle.eu\/es\/#\/schema\/person\/164a138451b4f28d35c3f5984dac8e18"},"headline":"\u00bfQu\u00e9 l\u00edder de ERC llevaba dibujado en la camiseta Antonio Ba\u00f1os en su participaci\u00f3n en &#8216;El b\u00fanquer&#8217;?","datePublished":"2024-10-27T05:00:27+00:00","dateModified":"2024-10-27T06:49:50+00:00","mainEntityOfPage":{"@id":"https:\/\/www.eltriangle.eu\/es\/2024\/10\/27\/que-lider-de-erc-llevaba-dibujado-en-la-camiseta-antonio-banos-en-su-participacion-en-el-bunquer\/"},"wordCount":308,"commentCount":0,"publisher":{"@id":"https:\/\/www.eltriangle.eu\/es\/#organization"},"image":{"@id":"https:\/\/www.eltriangle.eu\/es\/2024\/10\/27\/que-lider-de-erc-llevaba-dibujado-en-la-camiseta-antonio-banos-en-su-participacion-en-el-bunquer\/#primaryimage"},"thumbnailUrl":"https:\/\/www.eltriangle.eu\/wp-content\/uploads\/2024\/10\/banos-a-el-bunquer-amb-la-samarreta-de-la-marta-rovira-el-8-doctubre.jpg","keywords":["3cat","Antonio Ba\u00f1os","El b\u00fanquer","Jair Dom\u00ednguez","Marta Rovira"],"articleSection":["Confidencial"],"inLanguage":"es","potentialAction":[{"@type":"CommentAction","name":"Comment","target":["https:\/\/www.eltriangle.eu\/es\/2024\/10\/27\/que-lider-de-erc-llevaba-dibujado-en-la-camiseta-antonio-banos-en-su-participacion-en-el-bunquer\/#respond"]}]},{"@type":"WebPage","@id":"https:\/\/www.eltriangle.eu\/es\/2024\/10\/27\/que-lider-de-erc-llevaba-dibujado-en-la-camiseta-antonio-banos-en-su-participacion-en-el-bunquer\/","url":"https:\/\/www.eltriangle.eu\/es\/2024\/10\/27\/que-lider-de-erc-llevaba-dibujado-en-la-camiseta-antonio-banos-en-su-participacion-en-el-bunquer\/","name":"\u00bfQu\u00e9 l\u00edder de ERC llevaba dibujado en la camiseta Antonio Ba\u00f1os en su participaci\u00f3n en 'El b\u00fanquer'? - El Triangle","isPartOf":{"@id":"https:\/\/www.eltriangle.eu\/es\/#website"},"primaryImageOfPage":{"@id":"https:\/\/www.eltriangle.eu\/es\/2024\/10\/27\/que-lider-de-erc-llevaba-dibujado-en-la-camiseta-antonio-banos-en-su-participacion-en-el-bunquer\/#primaryimage"},"image":{"@id":"https:\/\/www.eltriangle.eu\/es\/2024\/10\/27\/que-lider-de-erc-llevaba-dibujado-en-la-camiseta-antonio-banos-en-su-participacion-en-el-bunquer\/#primaryimage"},"thumbnailUrl":"https:\/\/www.eltriangle.eu\/wp-content\/uploads\/2024\/10\/banos-a-el-bunquer-amb-la-samarreta-de-la-marta-rovira-el-8-doctubre.jpg","datePublished":"2024-10-27T05:00:27+00:00","dateModified":"2024-10-27T06:49:50+00:00","description":"Marta Rovira. El periodista y tertuliano Antonio Ba\u00f1os particip\u00f3 como invitado los pasados 7 y 8 de octubre en el programa El b\u00fanquer que emite Catalunya","breadcrumb":{"@id":"https:\/\/www.eltriangle.eu\/es\/2024\/10\/27\/que-lider-de-erc-llevaba-dibujado-en-la-camiseta-antonio-banos-en-su-participacion-en-el-bunquer\/#breadcrumb"},"inLanguage":"es","potentialAction":[{"@type":"ReadAction","target":["https:\/\/www.eltriangle.eu\/es\/2024\/10\/27\/que-lider-de-erc-llevaba-dibujado-en-la-camiseta-antonio-banos-en-su-participacion-en-el-bunquer\/"]}]},{"@type":"ImageObject","inLanguage":"es","@id":"https:\/\/www.eltriangle.eu\/es\/2024\/10\/27\/que-lider-de-erc-llevaba-dibujado-en-la-camiseta-antonio-banos-en-su-participacion-en-el-bunquer\/#primaryimage","url":"https:\/\/www.eltriangle.eu\/wp-content\/uploads\/2024\/10\/banos-a-el-bunquer-amb-la-samarreta-de-la-marta-rovira-el-8-doctubre.jpg","contentUrl":"https:\/\/www.eltriangle.eu\/wp-content\/uploads\/2024\/10\/banos-a-el-bunquer-amb-la-samarreta-de-la-marta-rovira-el-8-doctubre.jpg","width":1200,"height":672},{"@type":"BreadcrumbList","@id":"https:\/\/www.eltriangle.eu\/es\/2024\/10\/27\/que-lider-de-erc-llevaba-dibujado-en-la-camiseta-antonio-banos-en-su-participacion-en-el-bunquer\/#breadcrumb","itemListElement":[{"@type":"ListItem","position":1,"name":"Portada","item":"https:\/\/www.eltriangle.eu\/es\/"},{"@type":"ListItem","position":2,"name":"\u00bfQu\u00e9 l\u00edder de ERC llevaba dibujado en la camiseta Antonio Ba\u00f1os en su participaci\u00f3n en &#8216;El b\u00fanquer&#8217;?"}]},{"@type":"WebSite","@id":"https:\/\/www.eltriangle.eu\/es\/#website","url":"https:\/\/www.eltriangle.eu\/es\/","name":"El Triangle","description":"El Triangle \u00e9s un Diari d&#039;informaci\u00f3 general, editat a Catalunya i escrit en llengua catalana, especialitzat en investigaci\u00f3 period\u00edstica","publisher":{"@id":"https:\/\/www.eltriangle.eu\/es\/#organization"},"potentialAction":[{"@type":"SearchAction","target":{"@type":"EntryPoint","urlTemplate":"https:\/\/www.eltriangle.eu\/es\/?s={search_term_string}"},"query-input":{"@type":"PropertyValueSpecification","valueRequired":true,"valueName":"search_term_string"}}],"inLanguage":"es"},{"@type":["Organization","NewsMediaOrganization"],"@id":"https:\/\/www.eltriangle.eu\/es\/#organization","name":"El Triangle","url":"https:\/\/www.eltriangle.eu\/es\/","logo":{"@type":"ImageObject","inLanguage":"es","@id":"https:\/\/www.eltriangle.eu\/es\/#\/schema\/logo\/image\/","url":"https:\/\/www.eltriangle.eu\/wp-content\/uploads\/2020\/11\/triangle_logo-ajustado.jpg","contentUrl":"https:\/\/www.eltriangle.eu\/wp-content\/uploads\/2020\/11\/triangle_logo-ajustado.jpg","width":521,"height":92,"caption":"El Triangle"},"image":{"@id":"https:\/\/www.eltriangle.eu\/es\/#\/schema\/logo\/image\/"},"sameAs":["https:\/\/www.facebook.com\/El-Triangle-Diari-101787399020302","https:\/\/x.com\/El_Triangle","https:\/\/www.youtube.com\/channel\/UCTIjmYEMYSpdGonuAgNhbcg"]},{"@type":"Person","@id":"https:\/\/www.eltriangle.eu\/es\/#\/schema\/person\/164a138451b4f28d35c3f5984dac8e18","name":"Redacci\u00f3n","image":{"@type":"ImageObject","inLanguage":"es","@id":"\/\/www.gravatar.com\/avatar\/147263d1a435839b8405c79279bb6558?s=96&#038;r=g&#038;d=mm","url":"\/\/www.gravatar.com\/avatar\/147263d1a435839b8405c79279bb6558?s=96&#038;r=g&#038;d=mm","contentUrl":"\/\/www.gravatar.com\/avatar\/147263d1a435839b8405c79279bb6558?s=96&#038;r=g&#038;d=mm","caption":"Redacci\u00f3n"},"url":"https:\/\/www.eltriangle.eu\/es\/author\/autor-1\/"},{"@type":"SiteNavigationElement","@id":"https:\/\/www.eltriangle.eu\/es\/#site-navigation","cssSelector":[".cib-main-menu"]},{"@type":"WPHeader","@id":"https:\/\/www.eltriangle.eu\/es\/#header","cssSelector":[".cib-header"]},{"@type":"WPFooter","@id":"https:\/\/www.eltriangle.eu\/es\/#footer","cssSelector":[".cib-footer"]}]}},"amp_enabled":true,"_links":{"self":[{"href":"https:\/\/www.eltriangle.eu\/es\/wp-json\/wp\/v2\/posts\/285045","targetHints":{"allow":["GET"]}}],"collection":[{"href":"https:\/\/www.eltriangle.eu\/es\/wp-json\/wp\/v2\/posts"}],"about":[{"href":"https:\/\/www.eltriangle.eu\/es\/wp-json\/wp\/v2\/types\/post"}],"author":[{"embeddable":true,"href":"https:\/\/www.eltriangle.eu\/es\/wp-json\/wp\/v2\/users\/2"}],"replies":[{"embeddable":true,"href":"https:\/\/www.eltriangle.eu\/es\/wp-json\/wp\/v2\/comments?post=285045"}],"version-history":[{"count":0,"href":"https:\/\/www.eltriangle.eu\/es\/wp-json\/wp\/v2\/posts\/285045\/revisions"}],"wp:featuredmedia":[{"embeddable":true,"href":"https:\/\/www.eltriangle.eu\/es\/wp-json\/wp\/v2\/media\/285042"}],"wp:attachment":[{"href":"https:\/\/www.eltriangle.eu\/es\/wp-json\/wp\/v2\/media?parent=285045"}],"wp:term":[{"taxonomy":"category","embeddable":true,"href":"https:\/\/www.eltriangle.eu\/es\/wp-json\/wp\/v2\/categories?post=285045"},{"taxonomy":"post_tag","embeddable":true,"href":"https:\/\/www.eltriangle.eu\/es\/wp-json\/wp\/v2\/tags?post=285045"}],"curies":[{"name":"wp","href":"https:\/\/api.w.org\/{rel}","templated":true}]}}