{"id":284079,"date":"2024-10-21T16:25:32","date_gmt":"2024-10-21T14:25:32","guid":{"rendered":null},"modified":"2024-10-21T17:15:01","modified_gmt":"2024-10-21T15:15:01","slug":"comin-asegura-que-los-15-530-euros-estan-justificados-de-manera-reiterada-y-exhaustiva","status":"publish","type":"post","link":"https:\/\/www.eltriangle.eu\/es\/2024\/10\/21\/comin-asegura-que-los-15-530-euros-estan-justificados-de-manera-reiterada-y-exhaustiva\/","title":{"rendered":"Com\u00edn asegura que los 15.530 euros est\u00e1n justificados \u00abde manera reiterada y exhaustiva\u00bb"},"content":{"rendered":"<p>El vicepresidente del Consell de la Rep\u00fablica <strong>Toni Com\u00edn<\/strong> ha asegurado que los 15.530 euros que la auditor\u00eda de la entidad ha detectado como \u00abgastos no justificados\u00bb est\u00e1n justificados \u00abde manera reiterada y exhaustiva\u00bb. En un comunicado, despu\u00e9s de que se haya hecho p\u00fablico el contenido del informe, Com\u00edn ha afirmado que los gastos respetan \u00abde manera inequ\u00edvoca\u00bb los criterios establecidos por el gobierno de Consell y los criterios establecidos respecto al fondo Defensaexili.org. Unos criterios que, ha dicho, se establecieron muchos a\u00f1os antes de que los actuales miembros del Consejo de Administraci\u00f3n de <strong>CatGlobal<\/strong> -la entidad que da cobertura a la entidad en B\u00e9lgica- asumieran esta funci\u00f3n.<\/p>\n<p>En cuanto a los importes correspondientes al alquiler del apartamento y de un veh\u00edculo, Com\u00edn ha defendido que, tal como ha explicado en varias ocasiones, se trata de<strong> \u00abgastos de representaci\u00f3n\u00bb<\/strong> para asistir a reuniones en el sur de Francia. En este sentido, ha argumentado que el trabajo como miembro del gobierno del Consell no est\u00e1 remunerado y que el \u00f3rgano se hace cargo de los gastos derivados de esta responsabilidad.<\/p>\n<p>As\u00ed pues, el vicepresidente del Consell ha asegurado que no se trataba de unas vacaciones, sino que estaba haciendo su agenda de reuniones como vicepresidente del Consell mientras su familia estaba en Barcelona. Adem\u00e1s, se\u00f1ala que gastos id\u00e9nticos a estos, en el mismo alojamiento, hab\u00edan sido autorizadas por el mismo gerente durante a\u00f1os anteriores sin que pusiera ninguna objeci\u00f3n.<\/p>\n<p>\u00abTampoco es correcto afirmar que este gasto no se puede procesar de acuerdo con la normativa belga, porque si las facturas de los gastos de representaci\u00f3n del resto del gobierno han sido procesadas legalmente de acuerdo con la normativa belga, estas tambi\u00e9n lo tendr\u00edan que ser\u00bb, ha a\u00f1adido Com\u00edn, que ha assegurado que \u00e9l ha generado un \u00abahorro importante\u00bb a la entidad puesto que ha asumido las funciones de coordinaci\u00f3n del equipo t\u00e9cnico y de gesti\u00f3n financiera que ejerc\u00eda remuneradamente el anterior gerente desde julio de 2023.<\/p>\n<h4><strong>Mensaje a CatGlobal<\/strong><\/h4>\n<p>La auditor\u00eda remarca que Com\u00edn tiene un cargo electo y que tiene ingresos propios, y el vicepresidente del Consell defiende que los miembros del Consejo de Administraci\u00f3n de CatGlobal no tienen derecho a decidir si \u00e9l tiene que seguir cobrando. \u00abSiempre y en todo caso, somos los beneficiarios quienes tenemos que decidir cu\u00e1ndo creemos correcto disponer de este fondo y cu\u00e1ndo no\u00bb, ha asegurado.<\/p>\n<p>Seg\u00fan Com\u00edn, los miembros del Consejo de Administraci\u00f3n tienen el deber de respetar los criterios que se fijaron cuando se cre\u00f3 el Fondo Defensaexili.org y \u00abno pueden modificarlos unilateralmente, ni tampoco negarse a aplicarlos\u00bb. \u00abSi lo hacen, estar\u00edan contradiciendo la voluntad de los donantes de este fondo espec\u00edfico\u00bb, ha alertado.<\/p>\n<p>El vicepresidente del Consell tambi\u00e9n asegura que dej\u00f3 de cobrar de los fondos justo despu\u00e9s de ser reconocido como eurodiputado en 2020 y que, dos a\u00f1os m\u00e1s tarde, decidi\u00f3 volver a recurrir al fondo para pagar el alquiler a su adjunta a la vicepresidencia, <strong>Carlota<\/strong> <strong>Canut<\/strong>, de dos habitaciones para que usara de dormitorio y de despacho. Tambi\u00e9n asegura que acord\u00f3 con el anterior gerente, <strong>Sergi<\/strong> <strong>Miquel<\/strong>, que se le har\u00eda una aportaci\u00f3n de 1.000 euros al mes para el alquiler de estas dos habitaciones.<\/p>\n<p>Com\u00edn concluye que en 2023 no us\u00f3 ni el 50% de los ingresos que le correspond\u00edan del Fondo Defensaexili.org, que eran unos 20.000 euros anuales.<\/p>\n","protected":false},"excerpt":{"rendered":"<p>El vicepresidente del Consell de la Rep\u00fablica Toni Com\u00edn ha asegurado que los 15.530 euros que la auditor\u00eda de la entidad ha detectado como \u00abgastos no justificados\u00bb est\u00e1n justificados \u00abde manera reiterada y exhaustiva\u00bb. En un comunicado, despu\u00e9s de que se haya hecho p\u00fablico el contenido del informe, Com\u00edn ha afirmado que los gastos respetan &#8230; <a title=\"Com\u00edn asegura que los 15.530 euros est\u00e1n justificados \u00abde manera reiterada y exhaustiva\u00bb\" class=\"read-more\" href=\"https:\/\/www.eltriangle.eu\/es\/2024\/10\/21\/comin-asegura-que-los-15-530-euros-estan-justificados-de-manera-reiterada-y-exhaustiva\/\" aria-label=\"Leer m\u00e1s sobre Com\u00edn asegura que los 15.530 euros est\u00e1n justificados \u00abde manera reiterada y exhaustiva\u00bb\">Leer m\u00e1s<\/a><\/p>\n","protected":false},"author":179,"featured_media":237866,"comment_status":"open","ping_status":"closed","sticky":false,"template":"","format":"standard","meta":{"_acf_changed":false,"pmpro_default_level":"","footnotes":""},"categories":[24,74],"tags":[3703,306],"class_list":["post-284079","post","type-post","status-publish","format-standard","has-post-thumbnail","hentry","category-actualidad","category-poderes","tag-consell-de-la-republica-es","tag-toni-comin-es","lh_instant_articles-syndicate-yes","pmpro-has-access"],"acf":[],"yoast_head":"<!-- This site is optimized with the Yoast SEO plugin v27.4 - https:\/\/yoast.com\/product\/yoast-seo-wordpress\/ -->\n<title>Com\u00edn asegura que los 15.530 euros est\u00e1n justificados &quot;de manera reiterada y exhaustiva&quot; - El Triangle<\/title>\n<meta name=\"description\" content=\"El vicepresidente del Consell de la Rep\u00fablica Toni Com\u00edn ha asegurado que los 15.530 euros que la auditor\u00eda de la entidad ha detectado como &quot;gastos no\" class=\"yoast-seo-meta-tag\" \/>\n<meta name=\"robots\" content=\"index, follow, max-snippet:-1, max-image-preview:large, max-video-preview:-1\" \/>\n<link rel=\"canonical\" href=\"https:\/\/www.eltriangle.eu\/es\/2024\/10\/21\/comin-asegura-que-los-15-530-euros-estan-justificados-de-manera-reiterada-y-exhaustiva\/\" class=\"yoast-seo-meta-tag\" \/>\n<meta property=\"og:locale\" content=\"es_ES\" class=\"yoast-seo-meta-tag\" \/>\n<meta property=\"og:type\" content=\"article\" class=\"yoast-seo-meta-tag\" \/>\n<meta property=\"og:title\" content=\"Com\u00edn asegura que los 15.530 euros est\u00e1n justificados &quot;de manera reiterada y exhaustiva&quot; - El Triangle\" class=\"yoast-seo-meta-tag\" \/>\n<meta property=\"og:description\" content=\"El vicepresidente del Consell de la Rep\u00fablica Toni Com\u00edn ha asegurado que los 15.530 euros que la auditor\u00eda de la entidad ha detectado como &quot;gastos no\" class=\"yoast-seo-meta-tag\" \/>\n<meta property=\"og:url\" content=\"https:\/\/www.eltriangle.eu\/es\/2024\/10\/21\/comin-asegura-que-los-15-530-euros-estan-justificados-de-manera-reiterada-y-exhaustiva\/\" class=\"yoast-seo-meta-tag\" \/>\n<meta property=\"og:site_name\" content=\"El Triangle\" class=\"yoast-seo-meta-tag\" \/>\n<meta property=\"article:publisher\" content=\"https:\/\/www.facebook.com\/El-Triangle-Diari-101787399020302\" class=\"yoast-seo-meta-tag\" \/>\n<meta property=\"article:published_time\" content=\"2024-10-21T14:25:32+00:00\" class=\"yoast-seo-meta-tag\" \/>\n<meta property=\"article:modified_time\" content=\"2024-10-21T15:15:01+00:00\" class=\"yoast-seo-meta-tag\" \/>\n<meta property=\"og:image\" content=\"https:\/\/www.eltriangle.eu\/wp-content\/uploads\/2024\/01\/510b90fb-166b-4e61-aa76-71b9489a5016-e1705404842160.jpg\" class=\"yoast-seo-meta-tag\" \/>\n\t<meta property=\"og:image:width\" content=\"1200\" class=\"yoast-seo-meta-tag\" \/>\n\t<meta property=\"og:image:height\" content=\"800\" class=\"yoast-seo-meta-tag\" \/>\n\t<meta property=\"og:image:type\" content=\"image\/jpeg\" class=\"yoast-seo-meta-tag\" \/>\n<meta name=\"author\" content=\"Redacci\u00f3 \/ ACN\" class=\"yoast-seo-meta-tag\" \/>\n<meta name=\"twitter:card\" content=\"summary_large_image\" class=\"yoast-seo-meta-tag\" \/>\n<meta name=\"twitter:creator\" content=\"@El_Triangle\" class=\"yoast-seo-meta-tag\" \/>\n<meta name=\"twitter:site\" content=\"@El_Triangle\" class=\"yoast-seo-meta-tag\" \/>\n<meta name=\"twitter:label1\" content=\"Escrito por\" class=\"yoast-seo-meta-tag\" \/>\n\t<meta name=\"twitter:data1\" content=\"Redacci\u00f3 \/ ACN\" class=\"yoast-seo-meta-tag\" \/>\n\t<meta name=\"twitter:label2\" content=\"Tiempo de lectura\" class=\"yoast-seo-meta-tag\" \/>\n\t<meta name=\"twitter:data2\" content=\"3 minutos\" class=\"yoast-seo-meta-tag\" \/>\n<script type=\"application\/ld+json\" class=\"yoast-schema-graph\">{\"@context\":\"https:\\\/\\\/schema.org\",\"@graph\":[{\"@type\":\"NewsArticle\",\"@id\":\"https:\\\/\\\/www.eltriangle.eu\\\/es\\\/2024\\\/10\\\/21\\\/comin-asegura-que-los-15-530-euros-estan-justificados-de-manera-reiterada-y-exhaustiva\\\/#article\",\"isPartOf\":{\"@id\":\"https:\\\/\\\/www.eltriangle.eu\\\/es\\\/2024\\\/10\\\/21\\\/comin-asegura-que-los-15-530-euros-estan-justificados-de-manera-reiterada-y-exhaustiva\\\/\"},\"author\":{\"name\":\"Redacci\u00f3 \\\/ ACN\",\"@id\":\"https:\\\/\\\/www.eltriangle.eu\\\/es\\\/#\\\/schema\\\/person\\\/6e5938f06dd4dcd413779558fbf437d9\"},\"headline\":\"Com\u00edn asegura que los 15.530 euros est\u00e1n justificados \u00abde manera reiterada y exhaustiva\u00bb\",\"datePublished\":\"2024-10-21T14:25:32+00:00\",\"dateModified\":\"2024-10-21T15:15:01+00:00\",\"mainEntityOfPage\":{\"@id\":\"https:\\\/\\\/www.eltriangle.eu\\\/es\\\/2024\\\/10\\\/21\\\/comin-asegura-que-los-15-530-euros-estan-justificados-de-manera-reiterada-y-exhaustiva\\\/\"},\"wordCount\":611,\"commentCount\":0,\"publisher\":{\"@id\":\"https:\\\/\\\/www.eltriangle.eu\\\/es\\\/#organization\"},\"image\":{\"@id\":\"https:\\\/\\\/www.eltriangle.eu\\\/es\\\/2024\\\/10\\\/21\\\/comin-asegura-que-los-15-530-euros-estan-justificados-de-manera-reiterada-y-exhaustiva\\\/#primaryimage\"},\"thumbnailUrl\":\"https:\\\/\\\/www.eltriangle.eu\\\/wp-content\\\/uploads\\\/2024\\\/01\\\/510b90fb-166b-4e61-aa76-71b9489a5016-e1705404842160.jpg\",\"keywords\":[\"Consell de la Rep\u00fablica\",\"Toni Com\u00edn\"],\"articleSection\":[\"Actualidad\",\"Poderes\"],\"inLanguage\":\"es\",\"potentialAction\":[{\"@type\":\"CommentAction\",\"name\":\"Comment\",\"target\":[\"https:\\\/\\\/www.eltriangle.eu\\\/es\\\/2024\\\/10\\\/21\\\/comin-asegura-que-los-15-530-euros-estan-justificados-de-manera-reiterada-y-exhaustiva\\\/#respond\"]}]},{\"@type\":\"WebPage\",\"@id\":\"https:\\\/\\\/www.eltriangle.eu\\\/es\\\/2024\\\/10\\\/21\\\/comin-asegura-que-los-15-530-euros-estan-justificados-de-manera-reiterada-y-exhaustiva\\\/\",\"url\":\"https:\\\/\\\/www.eltriangle.eu\\\/es\\\/2024\\\/10\\\/21\\\/comin-asegura-que-los-15-530-euros-estan-justificados-de-manera-reiterada-y-exhaustiva\\\/\",\"name\":\"Com\u00edn asegura que los 15.530 euros est\u00e1n justificados \\\"de manera reiterada y exhaustiva\\\" - El Triangle\",\"isPartOf\":{\"@id\":\"https:\\\/\\\/www.eltriangle.eu\\\/es\\\/#website\"},\"primaryImageOfPage\":{\"@id\":\"https:\\\/\\\/www.eltriangle.eu\\\/es\\\/2024\\\/10\\\/21\\\/comin-asegura-que-los-15-530-euros-estan-justificados-de-manera-reiterada-y-exhaustiva\\\/#primaryimage\"},\"image\":{\"@id\":\"https:\\\/\\\/www.eltriangle.eu\\\/es\\\/2024\\\/10\\\/21\\\/comin-asegura-que-los-15-530-euros-estan-justificados-de-manera-reiterada-y-exhaustiva\\\/#primaryimage\"},\"thumbnailUrl\":\"https:\\\/\\\/www.eltriangle.eu\\\/wp-content\\\/uploads\\\/2024\\\/01\\\/510b90fb-166b-4e61-aa76-71b9489a5016-e1705404842160.jpg\",\"datePublished\":\"2024-10-21T14:25:32+00:00\",\"dateModified\":\"2024-10-21T15:15:01+00:00\",\"description\":\"El vicepresidente del Consell de la Rep\u00fablica Toni Com\u00edn ha asegurado que los 15.530 euros que la auditor\u00eda de la entidad ha detectado como \\\"gastos no\",\"breadcrumb\":{\"@id\":\"https:\\\/\\\/www.eltriangle.eu\\\/es\\\/2024\\\/10\\\/21\\\/comin-asegura-que-los-15-530-euros-estan-justificados-de-manera-reiterada-y-exhaustiva\\\/#breadcrumb\"},\"inLanguage\":\"es\",\"potentialAction\":[{\"@type\":\"ReadAction\",\"target\":[\"https:\\\/\\\/www.eltriangle.eu\\\/es\\\/2024\\\/10\\\/21\\\/comin-asegura-que-los-15-530-euros-estan-justificados-de-manera-reiterada-y-exhaustiva\\\/\"]}]},{\"@type\":\"ImageObject\",\"inLanguage\":\"es\",\"@id\":\"https:\\\/\\\/www.eltriangle.eu\\\/es\\\/2024\\\/10\\\/21\\\/comin-asegura-que-los-15-530-euros-estan-justificados-de-manera-reiterada-y-exhaustiva\\\/#primaryimage\",\"url\":\"https:\\\/\\\/www.eltriangle.eu\\\/wp-content\\\/uploads\\\/2024\\\/01\\\/510b90fb-166b-4e61-aa76-71b9489a5016-e1705404842160.jpg\",\"contentUrl\":\"https:\\\/\\\/www.eltriangle.eu\\\/wp-content\\\/uploads\\\/2024\\\/01\\\/510b90fb-166b-4e61-aa76-71b9489a5016-e1705404842160.jpg\",\"width\":1200,\"height\":800,\"caption\":\"El eurodiputado de Junts, Toni Com\u00edn, durante su intervenci\u00f3n al pleno del Parlamento Europeo de Estrasburgo (ACN)\"},{\"@type\":\"BreadcrumbList\",\"@id\":\"https:\\\/\\\/www.eltriangle.eu\\\/es\\\/2024\\\/10\\\/21\\\/comin-asegura-que-los-15-530-euros-estan-justificados-de-manera-reiterada-y-exhaustiva\\\/#breadcrumb\",\"itemListElement\":[{\"@type\":\"ListItem\",\"position\":1,\"name\":\"Portada\",\"item\":\"https:\\\/\\\/www.eltriangle.eu\\\/es\\\/\"},{\"@type\":\"ListItem\",\"position\":2,\"name\":\"Com\u00edn asegura que los 15.530 euros est\u00e1n justificados \u00abde manera reiterada y exhaustiva\u00bb\"}]},{\"@type\":\"WebSite\",\"@id\":\"https:\\\/\\\/www.eltriangle.eu\\\/es\\\/#website\",\"url\":\"https:\\\/\\\/www.eltriangle.eu\\\/es\\\/\",\"name\":\"El Triangle\",\"description\":\"El Triangle \u00e9s un Diari d&#039;informaci\u00f3 general, editat a Catalunya i escrit en llengua catalana, especialitzat en investigaci\u00f3 period\u00edstica\",\"publisher\":{\"@id\":\"https:\\\/\\\/www.eltriangle.eu\\\/es\\\/#organization\"},\"potentialAction\":[{\"@type\":\"SearchAction\",\"target\":{\"@type\":\"EntryPoint\",\"urlTemplate\":\"https:\\\/\\\/www.eltriangle.eu\\\/es\\\/?s={search_term_string}\"},\"query-input\":{\"@type\":\"PropertyValueSpecification\",\"valueRequired\":true,\"valueName\":\"search_term_string\"}}],\"inLanguage\":\"es\"},{\"@type\":[\"Organization\",\"NewsMediaOrganization\"],\"@id\":\"https:\\\/\\\/www.eltriangle.eu\\\/es\\\/#organization\",\"name\":\"El Triangle\",\"url\":\"https:\\\/\\\/www.eltriangle.eu\\\/es\\\/\",\"logo\":{\"@type\":\"ImageObject\",\"inLanguage\":\"es\",\"@id\":\"https:\\\/\\\/www.eltriangle.eu\\\/es\\\/#\\\/schema\\\/logo\\\/image\\\/\",\"url\":\"https:\\\/\\\/www.eltriangle.eu\\\/wp-content\\\/uploads\\\/2020\\\/11\\\/triangle_logo-ajustado.jpg\",\"contentUrl\":\"https:\\\/\\\/www.eltriangle.eu\\\/wp-content\\\/uploads\\\/2020\\\/11\\\/triangle_logo-ajustado.jpg\",\"width\":521,\"height\":92,\"caption\":\"El Triangle\"},\"image\":{\"@id\":\"https:\\\/\\\/www.eltriangle.eu\\\/es\\\/#\\\/schema\\\/logo\\\/image\\\/\"},\"sameAs\":[\"https:\\\/\\\/www.facebook.com\\\/El-Triangle-Diari-101787399020302\",\"https:\\\/\\\/x.com\\\/El_Triangle\",\"https:\\\/\\\/www.youtube.com\\\/channel\\\/UCTIjmYEMYSpdGonuAgNhbcg\"]},{\"@type\":\"Person\",\"@id\":\"https:\\\/\\\/www.eltriangle.eu\\\/es\\\/#\\\/schema\\\/person\\\/6e5938f06dd4dcd413779558fbf437d9\",\"name\":\"Redacci\u00f3 \\\/ ACN\",\"image\":{\"@type\":\"ImageObject\",\"inLanguage\":\"es\",\"@id\":\"\\\/\\\/www.gravatar.com\\\/avatar\\\/a5bc366245a614da74d9f8d49d1b53bf?s=96&#038;r=g&#038;d=mm\",\"url\":\"\\\/\\\/www.gravatar.com\\\/avatar\\\/a5bc366245a614da74d9f8d49d1b53bf?s=96&#038;r=g&#038;d=mm\",\"contentUrl\":\"\\\/\\\/www.gravatar.com\\\/avatar\\\/a5bc366245a614da74d9f8d49d1b53bf?s=96&#038;r=g&#038;d=mm\",\"caption\":\"Redacci\u00f3 \\\/ ACN\"},\"url\":\"https:\\\/\\\/www.eltriangle.eu\\\/es\\\/author\\\/redaccioacn\\\/\"},{\"@type\":\"SiteNavigationElement\",\"@id\":\"https:\\\/\\\/www.eltriangle.eu\\\/es\\\/#site-navigation\",\"cssSelector\":[\".cib-main-menu\"]},{\"@type\":\"WPHeader\",\"@id\":\"https:\\\/\\\/www.eltriangle.eu\\\/es\\\/#header\",\"cssSelector\":[\".cib-header\"]},{\"@type\":\"WPFooter\",\"@id\":\"https:\\\/\\\/www.eltriangle.eu\\\/es\\\/#footer\",\"cssSelector\":[\".cib-footer\"]}]}<\/script>\n<!-- \/ Yoast SEO plugin. -->","yoast_head_json":{"title":"Com\u00edn asegura que los 15.530 euros est\u00e1n justificados \"de manera reiterada y exhaustiva\" - El Triangle","description":"El vicepresidente del Consell de la Rep\u00fablica Toni Com\u00edn ha asegurado que los 15.530 euros que la auditor\u00eda de la entidad ha detectado como \"gastos no","robots":{"index":"index","follow":"follow","max-snippet":"max-snippet:-1","max-image-preview":"max-image-preview:large","max-video-preview":"max-video-preview:-1"},"canonical":"https:\/\/www.eltriangle.eu\/es\/2024\/10\/21\/comin-asegura-que-los-15-530-euros-estan-justificados-de-manera-reiterada-y-exhaustiva\/","og_locale":"es_ES","og_type":"article","og_title":"Com\u00edn asegura que los 15.530 euros est\u00e1n justificados \"de manera reiterada y exhaustiva\" - El Triangle","og_description":"El vicepresidente del Consell de la Rep\u00fablica Toni Com\u00edn ha asegurado que los 15.530 euros que la auditor\u00eda de la entidad ha detectado como \"gastos no","og_url":"https:\/\/www.eltriangle.eu\/es\/2024\/10\/21\/comin-asegura-que-los-15-530-euros-estan-justificados-de-manera-reiterada-y-exhaustiva\/","og_site_name":"El Triangle","article_publisher":"https:\/\/www.facebook.com\/El-Triangle-Diari-101787399020302","article_published_time":"2024-10-21T14:25:32+00:00","article_modified_time":"2024-10-21T15:15:01+00:00","og_image":[{"width":1200,"height":800,"url":"https:\/\/www.eltriangle.eu\/wp-content\/uploads\/2024\/01\/510b90fb-166b-4e61-aa76-71b9489a5016-e1705404842160.jpg","type":"image\/jpeg"}],"author":"Redacci\u00f3 \/ ACN","twitter_card":"summary_large_image","twitter_creator":"@El_Triangle","twitter_site":"@El_Triangle","twitter_misc":{"Escrito por":"Redacci\u00f3 \/ ACN","Tiempo de lectura":"3 minutos"},"schema":{"@context":"https:\/\/schema.org","@graph":[{"@type":"NewsArticle","@id":"https:\/\/www.eltriangle.eu\/es\/2024\/10\/21\/comin-asegura-que-los-15-530-euros-estan-justificados-de-manera-reiterada-y-exhaustiva\/#article","isPartOf":{"@id":"https:\/\/www.eltriangle.eu\/es\/2024\/10\/21\/comin-asegura-que-los-15-530-euros-estan-justificados-de-manera-reiterada-y-exhaustiva\/"},"author":{"name":"Redacci\u00f3 \/ ACN","@id":"https:\/\/www.eltriangle.eu\/es\/#\/schema\/person\/6e5938f06dd4dcd413779558fbf437d9"},"headline":"Com\u00edn asegura que los 15.530 euros est\u00e1n justificados \u00abde manera reiterada y exhaustiva\u00bb","datePublished":"2024-10-21T14:25:32+00:00","dateModified":"2024-10-21T15:15:01+00:00","mainEntityOfPage":{"@id":"https:\/\/www.eltriangle.eu\/es\/2024\/10\/21\/comin-asegura-que-los-15-530-euros-estan-justificados-de-manera-reiterada-y-exhaustiva\/"},"wordCount":611,"commentCount":0,"publisher":{"@id":"https:\/\/www.eltriangle.eu\/es\/#organization"},"image":{"@id":"https:\/\/www.eltriangle.eu\/es\/2024\/10\/21\/comin-asegura-que-los-15-530-euros-estan-justificados-de-manera-reiterada-y-exhaustiva\/#primaryimage"},"thumbnailUrl":"https:\/\/www.eltriangle.eu\/wp-content\/uploads\/2024\/01\/510b90fb-166b-4e61-aa76-71b9489a5016-e1705404842160.jpg","keywords":["Consell de la Rep\u00fablica","Toni Com\u00edn"],"articleSection":["Actualidad","Poderes"],"inLanguage":"es","potentialAction":[{"@type":"CommentAction","name":"Comment","target":["https:\/\/www.eltriangle.eu\/es\/2024\/10\/21\/comin-asegura-que-los-15-530-euros-estan-justificados-de-manera-reiterada-y-exhaustiva\/#respond"]}]},{"@type":"WebPage","@id":"https:\/\/www.eltriangle.eu\/es\/2024\/10\/21\/comin-asegura-que-los-15-530-euros-estan-justificados-de-manera-reiterada-y-exhaustiva\/","url":"https:\/\/www.eltriangle.eu\/es\/2024\/10\/21\/comin-asegura-que-los-15-530-euros-estan-justificados-de-manera-reiterada-y-exhaustiva\/","name":"Com\u00edn asegura que los 15.530 euros est\u00e1n justificados \"de manera reiterada y exhaustiva\" - El Triangle","isPartOf":{"@id":"https:\/\/www.eltriangle.eu\/es\/#website"},"primaryImageOfPage":{"@id":"https:\/\/www.eltriangle.eu\/es\/2024\/10\/21\/comin-asegura-que-los-15-530-euros-estan-justificados-de-manera-reiterada-y-exhaustiva\/#primaryimage"},"image":{"@id":"https:\/\/www.eltriangle.eu\/es\/2024\/10\/21\/comin-asegura-que-los-15-530-euros-estan-justificados-de-manera-reiterada-y-exhaustiva\/#primaryimage"},"thumbnailUrl":"https:\/\/www.eltriangle.eu\/wp-content\/uploads\/2024\/01\/510b90fb-166b-4e61-aa76-71b9489a5016-e1705404842160.jpg","datePublished":"2024-10-21T14:25:32+00:00","dateModified":"2024-10-21T15:15:01+00:00","description":"El vicepresidente del Consell de la Rep\u00fablica Toni Com\u00edn ha asegurado que los 15.530 euros que la auditor\u00eda de la entidad ha detectado como \"gastos no","breadcrumb":{"@id":"https:\/\/www.eltriangle.eu\/es\/2024\/10\/21\/comin-asegura-que-los-15-530-euros-estan-justificados-de-manera-reiterada-y-exhaustiva\/#breadcrumb"},"inLanguage":"es","potentialAction":[{"@type":"ReadAction","target":["https:\/\/www.eltriangle.eu\/es\/2024\/10\/21\/comin-asegura-que-los-15-530-euros-estan-justificados-de-manera-reiterada-y-exhaustiva\/"]}]},{"@type":"ImageObject","inLanguage":"es","@id":"https:\/\/www.eltriangle.eu\/es\/2024\/10\/21\/comin-asegura-que-los-15-530-euros-estan-justificados-de-manera-reiterada-y-exhaustiva\/#primaryimage","url":"https:\/\/www.eltriangle.eu\/wp-content\/uploads\/2024\/01\/510b90fb-166b-4e61-aa76-71b9489a5016-e1705404842160.jpg","contentUrl":"https:\/\/www.eltriangle.eu\/wp-content\/uploads\/2024\/01\/510b90fb-166b-4e61-aa76-71b9489a5016-e1705404842160.jpg","width":1200,"height":800,"caption":"El eurodiputado de Junts, Toni Com\u00edn, durante su intervenci\u00f3n al pleno del Parlamento Europeo de Estrasburgo (ACN)"},{"@type":"BreadcrumbList","@id":"https:\/\/www.eltriangle.eu\/es\/2024\/10\/21\/comin-asegura-que-los-15-530-euros-estan-justificados-de-manera-reiterada-y-exhaustiva\/#breadcrumb","itemListElement":[{"@type":"ListItem","position":1,"name":"Portada","item":"https:\/\/www.eltriangle.eu\/es\/"},{"@type":"ListItem","position":2,"name":"Com\u00edn asegura que los 15.530 euros est\u00e1n justificados \u00abde manera reiterada y exhaustiva\u00bb"}]},{"@type":"WebSite","@id":"https:\/\/www.eltriangle.eu\/es\/#website","url":"https:\/\/www.eltriangle.eu\/es\/","name":"El Triangle","description":"El Triangle \u00e9s un Diari d&#039;informaci\u00f3 general, editat a Catalunya i escrit en llengua catalana, especialitzat en investigaci\u00f3 period\u00edstica","publisher":{"@id":"https:\/\/www.eltriangle.eu\/es\/#organization"},"potentialAction":[{"@type":"SearchAction","target":{"@type":"EntryPoint","urlTemplate":"https:\/\/www.eltriangle.eu\/es\/?s={search_term_string}"},"query-input":{"@type":"PropertyValueSpecification","valueRequired":true,"valueName":"search_term_string"}}],"inLanguage":"es"},{"@type":["Organization","NewsMediaOrganization"],"@id":"https:\/\/www.eltriangle.eu\/es\/#organization","name":"El Triangle","url":"https:\/\/www.eltriangle.eu\/es\/","logo":{"@type":"ImageObject","inLanguage":"es","@id":"https:\/\/www.eltriangle.eu\/es\/#\/schema\/logo\/image\/","url":"https:\/\/www.eltriangle.eu\/wp-content\/uploads\/2020\/11\/triangle_logo-ajustado.jpg","contentUrl":"https:\/\/www.eltriangle.eu\/wp-content\/uploads\/2020\/11\/triangle_logo-ajustado.jpg","width":521,"height":92,"caption":"El Triangle"},"image":{"@id":"https:\/\/www.eltriangle.eu\/es\/#\/schema\/logo\/image\/"},"sameAs":["https:\/\/www.facebook.com\/El-Triangle-Diari-101787399020302","https:\/\/x.com\/El_Triangle","https:\/\/www.youtube.com\/channel\/UCTIjmYEMYSpdGonuAgNhbcg"]},{"@type":"Person","@id":"https:\/\/www.eltriangle.eu\/es\/#\/schema\/person\/6e5938f06dd4dcd413779558fbf437d9","name":"Redacci\u00f3 \/ ACN","image":{"@type":"ImageObject","inLanguage":"es","@id":"\/\/www.gravatar.com\/avatar\/a5bc366245a614da74d9f8d49d1b53bf?s=96&#038;r=g&#038;d=mm","url":"\/\/www.gravatar.com\/avatar\/a5bc366245a614da74d9f8d49d1b53bf?s=96&#038;r=g&#038;d=mm","contentUrl":"\/\/www.gravatar.com\/avatar\/a5bc366245a614da74d9f8d49d1b53bf?s=96&#038;r=g&#038;d=mm","caption":"Redacci\u00f3 \/ ACN"},"url":"https:\/\/www.eltriangle.eu\/es\/author\/redaccioacn\/"},{"@type":"SiteNavigationElement","@id":"https:\/\/www.eltriangle.eu\/es\/#site-navigation","cssSelector":[".cib-main-menu"]},{"@type":"WPHeader","@id":"https:\/\/www.eltriangle.eu\/es\/#header","cssSelector":[".cib-header"]},{"@type":"WPFooter","@id":"https:\/\/www.eltriangle.eu\/es\/#footer","cssSelector":[".cib-footer"]}]}},"amp_enabled":true,"_links":{"self":[{"href":"https:\/\/www.eltriangle.eu\/es\/wp-json\/wp\/v2\/posts\/284079","targetHints":{"allow":["GET"]}}],"collection":[{"href":"https:\/\/www.eltriangle.eu\/es\/wp-json\/wp\/v2\/posts"}],"about":[{"href":"https:\/\/www.eltriangle.eu\/es\/wp-json\/wp\/v2\/types\/post"}],"author":[{"embeddable":true,"href":"https:\/\/www.eltriangle.eu\/es\/wp-json\/wp\/v2\/users\/179"}],"replies":[{"embeddable":true,"href":"https:\/\/www.eltriangle.eu\/es\/wp-json\/wp\/v2\/comments?post=284079"}],"version-history":[{"count":0,"href":"https:\/\/www.eltriangle.eu\/es\/wp-json\/wp\/v2\/posts\/284079\/revisions"}],"wp:featuredmedia":[{"embeddable":true,"href":"https:\/\/www.eltriangle.eu\/es\/wp-json\/wp\/v2\/media\/237866"}],"wp:attachment":[{"href":"https:\/\/www.eltriangle.eu\/es\/wp-json\/wp\/v2\/media?parent=284079"}],"wp:term":[{"taxonomy":"category","embeddable":true,"href":"https:\/\/www.eltriangle.eu\/es\/wp-json\/wp\/v2\/categories?post=284079"},{"taxonomy":"post_tag","embeddable":true,"href":"https:\/\/www.eltriangle.eu\/es\/wp-json\/wp\/v2\/tags?post=284079"}],"curies":[{"name":"wp","href":"https:\/\/api.w.org\/{rel}","templated":true}]}}