{"id":283652,"date":"2024-10-18T08:00:51","date_gmt":"2024-10-18T06:00:51","guid":{"rendered":null},"modified":"2024-10-18T13:22:19","modified_gmt":"2024-10-18T11:22:19","slug":"laboratorios-ordesa-devuelve-la-sede-social-a-cataluna-despues-de-trasladarla-fuera-en-2017","status":"publish","type":"post","link":"https:\/\/www.eltriangle.eu\/es\/2024\/10\/18\/laboratorios-ordesa-devuelve-la-sede-social-a-cataluna-despues-de-trasladarla-fuera-en-2017\/","title":{"rendered":"Laboratorios Ordesa devuelve la sede social a Catalu\u00f1a despu\u00e9s de trasladarla fuera en 2017"},"content":{"rendered":"<p><strong>Laboratorios Ordesa<\/strong>, fabricante de las leches y cereales infantiles, <strong>ha decidido devolver la sede social a Catalu\u00f1a<\/strong> despu\u00e9s de haberla trasladado a Huesca en 2017 coincidiendo con la celebraci\u00f3n del <strong>refer\u00e9ndum de independencia del 1-O<\/strong>, seg\u00fan ha avanzado este viernes <em>La Vanguardia<\/em> y ha confirmado la ACN con fuentes de la compa\u00f1\u00eda.<\/p>\n<p>La decisi\u00f3n de volver la sede \u00abresponde a criterios t\u00e9cnicos, operativos y pr\u00e1cticos\u00bb de la compa\u00f1\u00eda que produce las marcas de leche y cereales Blemil y Blevit. La nueva sede se situar\u00e1 a las oficinas de la Torre Ponent del complejo Fira District en el Paseo de la Zona Franca de Barcelona.<\/p>\n<p>Despu\u00e9s del cierre de la planta de Sant Boi de Llobregat (Barcelona), Laboratorios Ordesa ha decidido unificar todos los registros en las nuevas oficinas en la Zona Franca, tanto el registro sanitario como la sede social. De este modo unifica tambi\u00e9n en una \u00fanica sede social las sociedades adquiridas los \u00faltimos a\u00f1os: Font Activ y Sodeinn.<\/p>\n","protected":false},"excerpt":{"rendered":"<p>Laboratorios Ordesa, fabricante de las leches y cereales infantiles, ha decidido devolver la sede social a Catalu\u00f1a despu\u00e9s de haberla trasladado a Huesca en 2017 coincidiendo con la celebraci\u00f3n del refer\u00e9ndum de independencia del 1-O, seg\u00fan ha avanzado este viernes La Vanguardia y ha confirmado la ACN con fuentes de la compa\u00f1\u00eda. La decisi\u00f3n de &#8230; <a title=\"Laboratorios Ordesa devuelve la sede social a Catalu\u00f1a despu\u00e9s de trasladarla fuera en 2017\" class=\"read-more\" href=\"https:\/\/www.eltriangle.eu\/es\/2024\/10\/18\/laboratorios-ordesa-devuelve-la-sede-social-a-cataluna-despues-de-trasladarla-fuera-en-2017\/\" aria-label=\"Leer m\u00e1s sobre Laboratorios Ordesa devuelve la sede social a Catalu\u00f1a despu\u00e9s de trasladarla fuera en 2017\">Leer m\u00e1s<\/a><\/p>\n","protected":false},"author":93,"featured_media":283647,"comment_status":"open","ping_status":"closed","sticky":false,"template":"","format":"standard","meta":{"_acf_changed":false,"pmpro_default_level":"","footnotes":""},"categories":[24,82],"tags":[458,5253,901],"class_list":["post-283652","post","type-post","status-publish","format-standard","has-post-thumbnail","hentry","category-actualidad","category-economia","tag-1-o-es","tag-laboratorios-ordesa-es","tag-referendum-es","lh_instant_articles-syndicate-yes","pmpro-has-access"],"acf":[],"yoast_head":"<!-- This site is optimized with the Yoast SEO plugin v27.4 - https:\/\/yoast.com\/product\/yoast-seo-wordpress\/ -->\n<title>Laboratorios Ordesa devuelve la sede social a Catalu\u00f1a despu\u00e9s de trasladarla fuera en 2017 - El Triangle<\/title>\n<meta name=\"description\" content=\"Laboratorios Ordesa, fabricante de las leches y cereales infantiles, ha decidido devolver la sede social a Catalu\u00f1a despu\u00e9s de haberla trasladado a Huesca\" class=\"yoast-seo-meta-tag\" \/>\n<meta name=\"robots\" content=\"index, follow, max-snippet:-1, max-image-preview:large, max-video-preview:-1\" \/>\n<link rel=\"canonical\" href=\"https:\/\/www.eltriangle.eu\/es\/2024\/10\/18\/laboratorios-ordesa-devuelve-la-sede-social-a-cataluna-despues-de-trasladarla-fuera-en-2017\/\" class=\"yoast-seo-meta-tag\" \/>\n<meta property=\"og:locale\" content=\"es_ES\" class=\"yoast-seo-meta-tag\" \/>\n<meta property=\"og:type\" content=\"article\" class=\"yoast-seo-meta-tag\" \/>\n<meta property=\"og:title\" content=\"Laboratorios Ordesa devuelve la sede social a Catalu\u00f1a despu\u00e9s de trasladarla fuera en 2017 - El Triangle\" class=\"yoast-seo-meta-tag\" \/>\n<meta property=\"og:description\" content=\"Laboratorios Ordesa, fabricante de las leches y cereales infantiles, ha decidido devolver la sede social a Catalu\u00f1a despu\u00e9s de haberla trasladado a Huesca\" class=\"yoast-seo-meta-tag\" \/>\n<meta property=\"og:url\" content=\"https:\/\/www.eltriangle.eu\/es\/2024\/10\/18\/laboratorios-ordesa-devuelve-la-sede-social-a-cataluna-despues-de-trasladarla-fuera-en-2017\/\" class=\"yoast-seo-meta-tag\" \/>\n<meta property=\"og:site_name\" content=\"El Triangle\" class=\"yoast-seo-meta-tag\" \/>\n<meta property=\"article:publisher\" content=\"https:\/\/www.facebook.com\/El-Triangle-Diari-101787399020302\" class=\"yoast-seo-meta-tag\" \/>\n<meta property=\"article:published_time\" content=\"2024-10-18T06:00:51+00:00\" class=\"yoast-seo-meta-tag\" \/>\n<meta property=\"article:modified_time\" content=\"2024-10-18T11:22:19+00:00\" class=\"yoast-seo-meta-tag\" \/>\n<meta property=\"og:image\" content=\"https:\/\/www.eltriangle.eu\/wp-content\/uploads\/2024\/10\/barcelona.jpg\" class=\"yoast-seo-meta-tag\" \/>\n\t<meta property=\"og:image:width\" content=\"1200\" class=\"yoast-seo-meta-tag\" \/>\n\t<meta property=\"og:image:height\" content=\"800\" class=\"yoast-seo-meta-tag\" \/>\n\t<meta property=\"og:image:type\" content=\"image\/jpeg\" class=\"yoast-seo-meta-tag\" \/>\n<meta name=\"author\" content=\"redaccio\" class=\"yoast-seo-meta-tag\" \/>\n<meta name=\"twitter:card\" content=\"summary_large_image\" class=\"yoast-seo-meta-tag\" \/>\n<meta name=\"twitter:creator\" content=\"@El_Triangle\" class=\"yoast-seo-meta-tag\" \/>\n<meta name=\"twitter:site\" content=\"@El_Triangle\" class=\"yoast-seo-meta-tag\" \/>\n<meta name=\"twitter:label1\" content=\"Escrito por\" class=\"yoast-seo-meta-tag\" \/>\n\t<meta name=\"twitter:data1\" content=\"redaccio\" class=\"yoast-seo-meta-tag\" \/>\n\t<meta name=\"twitter:label2\" content=\"Tiempo de lectura\" class=\"yoast-seo-meta-tag\" \/>\n\t<meta name=\"twitter:data2\" content=\"1 minuto\" class=\"yoast-seo-meta-tag\" \/>\n<script type=\"application\/ld+json\" class=\"yoast-schema-graph\">{\"@context\":\"https:\\\/\\\/schema.org\",\"@graph\":[{\"@type\":\"NewsArticle\",\"@id\":\"https:\\\/\\\/www.eltriangle.eu\\\/es\\\/2024\\\/10\\\/18\\\/laboratorios-ordesa-devuelve-la-sede-social-a-cataluna-despues-de-trasladarla-fuera-en-2017\\\/#article\",\"isPartOf\":{\"@id\":\"https:\\\/\\\/www.eltriangle.eu\\\/es\\\/2024\\\/10\\\/18\\\/laboratorios-ordesa-devuelve-la-sede-social-a-cataluna-despues-de-trasladarla-fuera-en-2017\\\/\"},\"author\":{\"name\":\"redaccio\",\"@id\":\"https:\\\/\\\/www.eltriangle.eu\\\/es\\\/#\\\/schema\\\/person\\\/7e5bff7fe0202e362b26fcec2bd6f383\"},\"headline\":\"Laboratorios Ordesa devuelve la sede social a Catalu\u00f1a despu\u00e9s de trasladarla fuera en 2017\",\"datePublished\":\"2024-10-18T06:00:51+00:00\",\"dateModified\":\"2024-10-18T11:22:19+00:00\",\"mainEntityOfPage\":{\"@id\":\"https:\\\/\\\/www.eltriangle.eu\\\/es\\\/2024\\\/10\\\/18\\\/laboratorios-ordesa-devuelve-la-sede-social-a-cataluna-despues-de-trasladarla-fuera-en-2017\\\/\"},\"wordCount\":187,\"commentCount\":0,\"publisher\":{\"@id\":\"https:\\\/\\\/www.eltriangle.eu\\\/es\\\/#organization\"},\"image\":{\"@id\":\"https:\\\/\\\/www.eltriangle.eu\\\/es\\\/2024\\\/10\\\/18\\\/laboratorios-ordesa-devuelve-la-sede-social-a-cataluna-despues-de-trasladarla-fuera-en-2017\\\/#primaryimage\"},\"thumbnailUrl\":\"https:\\\/\\\/www.eltriangle.eu\\\/wp-content\\\/uploads\\\/2024\\\/10\\\/barcelona.jpg\",\"keywords\":[\"1-O\",\"Laboratorios Ordesa\",\"refer\u00e9ndum\"],\"articleSection\":[\"Actualidad\",\"Economia\"],\"inLanguage\":\"es\",\"potentialAction\":[{\"@type\":\"CommentAction\",\"name\":\"Comment\",\"target\":[\"https:\\\/\\\/www.eltriangle.eu\\\/es\\\/2024\\\/10\\\/18\\\/laboratorios-ordesa-devuelve-la-sede-social-a-cataluna-despues-de-trasladarla-fuera-en-2017\\\/#respond\"]}]},{\"@type\":\"WebPage\",\"@id\":\"https:\\\/\\\/www.eltriangle.eu\\\/es\\\/2024\\\/10\\\/18\\\/laboratorios-ordesa-devuelve-la-sede-social-a-cataluna-despues-de-trasladarla-fuera-en-2017\\\/\",\"url\":\"https:\\\/\\\/www.eltriangle.eu\\\/es\\\/2024\\\/10\\\/18\\\/laboratorios-ordesa-devuelve-la-sede-social-a-cataluna-despues-de-trasladarla-fuera-en-2017\\\/\",\"name\":\"Laboratorios Ordesa devuelve la sede social a Catalu\u00f1a despu\u00e9s de trasladarla fuera en 2017 - El Triangle\",\"isPartOf\":{\"@id\":\"https:\\\/\\\/www.eltriangle.eu\\\/es\\\/#website\"},\"primaryImageOfPage\":{\"@id\":\"https:\\\/\\\/www.eltriangle.eu\\\/es\\\/2024\\\/10\\\/18\\\/laboratorios-ordesa-devuelve-la-sede-social-a-cataluna-despues-de-trasladarla-fuera-en-2017\\\/#primaryimage\"},\"image\":{\"@id\":\"https:\\\/\\\/www.eltriangle.eu\\\/es\\\/2024\\\/10\\\/18\\\/laboratorios-ordesa-devuelve-la-sede-social-a-cataluna-despues-de-trasladarla-fuera-en-2017\\\/#primaryimage\"},\"thumbnailUrl\":\"https:\\\/\\\/www.eltriangle.eu\\\/wp-content\\\/uploads\\\/2024\\\/10\\\/barcelona.jpg\",\"datePublished\":\"2024-10-18T06:00:51+00:00\",\"dateModified\":\"2024-10-18T11:22:19+00:00\",\"description\":\"Laboratorios Ordesa, fabricante de las leches y cereales infantiles, ha decidido devolver la sede social a Catalu\u00f1a despu\u00e9s de haberla trasladado a Huesca\",\"breadcrumb\":{\"@id\":\"https:\\\/\\\/www.eltriangle.eu\\\/es\\\/2024\\\/10\\\/18\\\/laboratorios-ordesa-devuelve-la-sede-social-a-cataluna-despues-de-trasladarla-fuera-en-2017\\\/#breadcrumb\"},\"inLanguage\":\"es\",\"potentialAction\":[{\"@type\":\"ReadAction\",\"target\":[\"https:\\\/\\\/www.eltriangle.eu\\\/es\\\/2024\\\/10\\\/18\\\/laboratorios-ordesa-devuelve-la-sede-social-a-cataluna-despues-de-trasladarla-fuera-en-2017\\\/\"]}]},{\"@type\":\"ImageObject\",\"inLanguage\":\"es\",\"@id\":\"https:\\\/\\\/www.eltriangle.eu\\\/es\\\/2024\\\/10\\\/18\\\/laboratorios-ordesa-devuelve-la-sede-social-a-cataluna-despues-de-trasladarla-fuera-en-2017\\\/#primaryimage\",\"url\":\"https:\\\/\\\/www.eltriangle.eu\\\/wp-content\\\/uploads\\\/2024\\\/10\\\/barcelona.jpg\",\"contentUrl\":\"https:\\\/\\\/www.eltriangle.eu\\\/wp-content\\\/uploads\\\/2024\\\/10\\\/barcelona.jpg\",\"width\":1200,\"height\":800,\"caption\":\"Barcelona\"},{\"@type\":\"BreadcrumbList\",\"@id\":\"https:\\\/\\\/www.eltriangle.eu\\\/es\\\/2024\\\/10\\\/18\\\/laboratorios-ordesa-devuelve-la-sede-social-a-cataluna-despues-de-trasladarla-fuera-en-2017\\\/#breadcrumb\",\"itemListElement\":[{\"@type\":\"ListItem\",\"position\":1,\"name\":\"Portada\",\"item\":\"https:\\\/\\\/www.eltriangle.eu\\\/es\\\/\"},{\"@type\":\"ListItem\",\"position\":2,\"name\":\"Laboratorios Ordesa devuelve la sede social a Catalu\u00f1a despu\u00e9s de trasladarla fuera en 2017\"}]},{\"@type\":\"WebSite\",\"@id\":\"https:\\\/\\\/www.eltriangle.eu\\\/es\\\/#website\",\"url\":\"https:\\\/\\\/www.eltriangle.eu\\\/es\\\/\",\"name\":\"El Triangle\",\"description\":\"El Triangle \u00e9s un Diari d&#039;informaci\u00f3 general, editat a Catalunya i escrit en llengua catalana, especialitzat en investigaci\u00f3 period\u00edstica\",\"publisher\":{\"@id\":\"https:\\\/\\\/www.eltriangle.eu\\\/es\\\/#organization\"},\"potentialAction\":[{\"@type\":\"SearchAction\",\"target\":{\"@type\":\"EntryPoint\",\"urlTemplate\":\"https:\\\/\\\/www.eltriangle.eu\\\/es\\\/?s={search_term_string}\"},\"query-input\":{\"@type\":\"PropertyValueSpecification\",\"valueRequired\":true,\"valueName\":\"search_term_string\"}}],\"inLanguage\":\"es\"},{\"@type\":[\"Organization\",\"NewsMediaOrganization\"],\"@id\":\"https:\\\/\\\/www.eltriangle.eu\\\/es\\\/#organization\",\"name\":\"El Triangle\",\"url\":\"https:\\\/\\\/www.eltriangle.eu\\\/es\\\/\",\"logo\":{\"@type\":\"ImageObject\",\"inLanguage\":\"es\",\"@id\":\"https:\\\/\\\/www.eltriangle.eu\\\/es\\\/#\\\/schema\\\/logo\\\/image\\\/\",\"url\":\"https:\\\/\\\/www.eltriangle.eu\\\/wp-content\\\/uploads\\\/2020\\\/11\\\/triangle_logo-ajustado.jpg\",\"contentUrl\":\"https:\\\/\\\/www.eltriangle.eu\\\/wp-content\\\/uploads\\\/2020\\\/11\\\/triangle_logo-ajustado.jpg\",\"width\":521,\"height\":92,\"caption\":\"El Triangle\"},\"image\":{\"@id\":\"https:\\\/\\\/www.eltriangle.eu\\\/es\\\/#\\\/schema\\\/logo\\\/image\\\/\"},\"sameAs\":[\"https:\\\/\\\/www.facebook.com\\\/El-Triangle-Diari-101787399020302\",\"https:\\\/\\\/x.com\\\/El_Triangle\",\"https:\\\/\\\/www.youtube.com\\\/channel\\\/UCTIjmYEMYSpdGonuAgNhbcg\"]},{\"@type\":\"Person\",\"@id\":\"https:\\\/\\\/www.eltriangle.eu\\\/es\\\/#\\\/schema\\\/person\\\/7e5bff7fe0202e362b26fcec2bd6f383\",\"name\":\"redaccio\",\"image\":{\"@type\":\"ImageObject\",\"inLanguage\":\"es\",\"@id\":\"\\\/\\\/www.gravatar.com\\\/avatar\\\/5661b3e51fe6027f31ed1f408d22a917?s=96&#038;r=g&#038;d=mm\",\"url\":\"\\\/\\\/www.gravatar.com\\\/avatar\\\/5661b3e51fe6027f31ed1f408d22a917?s=96&#038;r=g&#038;d=mm\",\"contentUrl\":\"\\\/\\\/www.gravatar.com\\\/avatar\\\/5661b3e51fe6027f31ed1f408d22a917?s=96&#038;r=g&#038;d=mm\",\"caption\":\"redaccio\"},\"url\":\"https:\\\/\\\/www.eltriangle.eu\\\/es\\\/author\\\/redaccio\\\/\"},{\"@type\":\"SiteNavigationElement\",\"@id\":\"https:\\\/\\\/www.eltriangle.eu\\\/es\\\/#site-navigation\",\"cssSelector\":[\".cib-main-menu\"]},{\"@type\":\"WPHeader\",\"@id\":\"https:\\\/\\\/www.eltriangle.eu\\\/es\\\/#header\",\"cssSelector\":[\".cib-header\"]},{\"@type\":\"WPFooter\",\"@id\":\"https:\\\/\\\/www.eltriangle.eu\\\/es\\\/#footer\",\"cssSelector\":[\".cib-footer\"]}]}<\/script>\n<!-- \/ Yoast SEO plugin. -->","yoast_head_json":{"title":"Laboratorios Ordesa devuelve la sede social a Catalu\u00f1a despu\u00e9s de trasladarla fuera en 2017 - El Triangle","description":"Laboratorios Ordesa, fabricante de las leches y cereales infantiles, ha decidido devolver la sede social a Catalu\u00f1a despu\u00e9s de haberla trasladado a Huesca","robots":{"index":"index","follow":"follow","max-snippet":"max-snippet:-1","max-image-preview":"max-image-preview:large","max-video-preview":"max-video-preview:-1"},"canonical":"https:\/\/www.eltriangle.eu\/es\/2024\/10\/18\/laboratorios-ordesa-devuelve-la-sede-social-a-cataluna-despues-de-trasladarla-fuera-en-2017\/","og_locale":"es_ES","og_type":"article","og_title":"Laboratorios Ordesa devuelve la sede social a Catalu\u00f1a despu\u00e9s de trasladarla fuera en 2017 - El Triangle","og_description":"Laboratorios Ordesa, fabricante de las leches y cereales infantiles, ha decidido devolver la sede social a Catalu\u00f1a despu\u00e9s de haberla trasladado a Huesca","og_url":"https:\/\/www.eltriangle.eu\/es\/2024\/10\/18\/laboratorios-ordesa-devuelve-la-sede-social-a-cataluna-despues-de-trasladarla-fuera-en-2017\/","og_site_name":"El Triangle","article_publisher":"https:\/\/www.facebook.com\/El-Triangle-Diari-101787399020302","article_published_time":"2024-10-18T06:00:51+00:00","article_modified_time":"2024-10-18T11:22:19+00:00","og_image":[{"width":1200,"height":800,"url":"https:\/\/www.eltriangle.eu\/wp-content\/uploads\/2024\/10\/barcelona.jpg","type":"image\/jpeg"}],"author":"redaccio","twitter_card":"summary_large_image","twitter_creator":"@El_Triangle","twitter_site":"@El_Triangle","twitter_misc":{"Escrito por":"redaccio","Tiempo de lectura":"1 minuto"},"schema":{"@context":"https:\/\/schema.org","@graph":[{"@type":"NewsArticle","@id":"https:\/\/www.eltriangle.eu\/es\/2024\/10\/18\/laboratorios-ordesa-devuelve-la-sede-social-a-cataluna-despues-de-trasladarla-fuera-en-2017\/#article","isPartOf":{"@id":"https:\/\/www.eltriangle.eu\/es\/2024\/10\/18\/laboratorios-ordesa-devuelve-la-sede-social-a-cataluna-despues-de-trasladarla-fuera-en-2017\/"},"author":{"name":"redaccio","@id":"https:\/\/www.eltriangle.eu\/es\/#\/schema\/person\/7e5bff7fe0202e362b26fcec2bd6f383"},"headline":"Laboratorios Ordesa devuelve la sede social a Catalu\u00f1a despu\u00e9s de trasladarla fuera en 2017","datePublished":"2024-10-18T06:00:51+00:00","dateModified":"2024-10-18T11:22:19+00:00","mainEntityOfPage":{"@id":"https:\/\/www.eltriangle.eu\/es\/2024\/10\/18\/laboratorios-ordesa-devuelve-la-sede-social-a-cataluna-despues-de-trasladarla-fuera-en-2017\/"},"wordCount":187,"commentCount":0,"publisher":{"@id":"https:\/\/www.eltriangle.eu\/es\/#organization"},"image":{"@id":"https:\/\/www.eltriangle.eu\/es\/2024\/10\/18\/laboratorios-ordesa-devuelve-la-sede-social-a-cataluna-despues-de-trasladarla-fuera-en-2017\/#primaryimage"},"thumbnailUrl":"https:\/\/www.eltriangle.eu\/wp-content\/uploads\/2024\/10\/barcelona.jpg","keywords":["1-O","Laboratorios Ordesa","refer\u00e9ndum"],"articleSection":["Actualidad","Economia"],"inLanguage":"es","potentialAction":[{"@type":"CommentAction","name":"Comment","target":["https:\/\/www.eltriangle.eu\/es\/2024\/10\/18\/laboratorios-ordesa-devuelve-la-sede-social-a-cataluna-despues-de-trasladarla-fuera-en-2017\/#respond"]}]},{"@type":"WebPage","@id":"https:\/\/www.eltriangle.eu\/es\/2024\/10\/18\/laboratorios-ordesa-devuelve-la-sede-social-a-cataluna-despues-de-trasladarla-fuera-en-2017\/","url":"https:\/\/www.eltriangle.eu\/es\/2024\/10\/18\/laboratorios-ordesa-devuelve-la-sede-social-a-cataluna-despues-de-trasladarla-fuera-en-2017\/","name":"Laboratorios Ordesa devuelve la sede social a Catalu\u00f1a despu\u00e9s de trasladarla fuera en 2017 - El Triangle","isPartOf":{"@id":"https:\/\/www.eltriangle.eu\/es\/#website"},"primaryImageOfPage":{"@id":"https:\/\/www.eltriangle.eu\/es\/2024\/10\/18\/laboratorios-ordesa-devuelve-la-sede-social-a-cataluna-despues-de-trasladarla-fuera-en-2017\/#primaryimage"},"image":{"@id":"https:\/\/www.eltriangle.eu\/es\/2024\/10\/18\/laboratorios-ordesa-devuelve-la-sede-social-a-cataluna-despues-de-trasladarla-fuera-en-2017\/#primaryimage"},"thumbnailUrl":"https:\/\/www.eltriangle.eu\/wp-content\/uploads\/2024\/10\/barcelona.jpg","datePublished":"2024-10-18T06:00:51+00:00","dateModified":"2024-10-18T11:22:19+00:00","description":"Laboratorios Ordesa, fabricante de las leches y cereales infantiles, ha decidido devolver la sede social a Catalu\u00f1a despu\u00e9s de haberla trasladado a Huesca","breadcrumb":{"@id":"https:\/\/www.eltriangle.eu\/es\/2024\/10\/18\/laboratorios-ordesa-devuelve-la-sede-social-a-cataluna-despues-de-trasladarla-fuera-en-2017\/#breadcrumb"},"inLanguage":"es","potentialAction":[{"@type":"ReadAction","target":["https:\/\/www.eltriangle.eu\/es\/2024\/10\/18\/laboratorios-ordesa-devuelve-la-sede-social-a-cataluna-despues-de-trasladarla-fuera-en-2017\/"]}]},{"@type":"ImageObject","inLanguage":"es","@id":"https:\/\/www.eltriangle.eu\/es\/2024\/10\/18\/laboratorios-ordesa-devuelve-la-sede-social-a-cataluna-despues-de-trasladarla-fuera-en-2017\/#primaryimage","url":"https:\/\/www.eltriangle.eu\/wp-content\/uploads\/2024\/10\/barcelona.jpg","contentUrl":"https:\/\/www.eltriangle.eu\/wp-content\/uploads\/2024\/10\/barcelona.jpg","width":1200,"height":800,"caption":"Barcelona"},{"@type":"BreadcrumbList","@id":"https:\/\/www.eltriangle.eu\/es\/2024\/10\/18\/laboratorios-ordesa-devuelve-la-sede-social-a-cataluna-despues-de-trasladarla-fuera-en-2017\/#breadcrumb","itemListElement":[{"@type":"ListItem","position":1,"name":"Portada","item":"https:\/\/www.eltriangle.eu\/es\/"},{"@type":"ListItem","position":2,"name":"Laboratorios Ordesa devuelve la sede social a Catalu\u00f1a despu\u00e9s de trasladarla fuera en 2017"}]},{"@type":"WebSite","@id":"https:\/\/www.eltriangle.eu\/es\/#website","url":"https:\/\/www.eltriangle.eu\/es\/","name":"El Triangle","description":"El Triangle \u00e9s un Diari d&#039;informaci\u00f3 general, editat a Catalunya i escrit en llengua catalana, especialitzat en investigaci\u00f3 period\u00edstica","publisher":{"@id":"https:\/\/www.eltriangle.eu\/es\/#organization"},"potentialAction":[{"@type":"SearchAction","target":{"@type":"EntryPoint","urlTemplate":"https:\/\/www.eltriangle.eu\/es\/?s={search_term_string}"},"query-input":{"@type":"PropertyValueSpecification","valueRequired":true,"valueName":"search_term_string"}}],"inLanguage":"es"},{"@type":["Organization","NewsMediaOrganization"],"@id":"https:\/\/www.eltriangle.eu\/es\/#organization","name":"El Triangle","url":"https:\/\/www.eltriangle.eu\/es\/","logo":{"@type":"ImageObject","inLanguage":"es","@id":"https:\/\/www.eltriangle.eu\/es\/#\/schema\/logo\/image\/","url":"https:\/\/www.eltriangle.eu\/wp-content\/uploads\/2020\/11\/triangle_logo-ajustado.jpg","contentUrl":"https:\/\/www.eltriangle.eu\/wp-content\/uploads\/2020\/11\/triangle_logo-ajustado.jpg","width":521,"height":92,"caption":"El Triangle"},"image":{"@id":"https:\/\/www.eltriangle.eu\/es\/#\/schema\/logo\/image\/"},"sameAs":["https:\/\/www.facebook.com\/El-Triangle-Diari-101787399020302","https:\/\/x.com\/El_Triangle","https:\/\/www.youtube.com\/channel\/UCTIjmYEMYSpdGonuAgNhbcg"]},{"@type":"Person","@id":"https:\/\/www.eltriangle.eu\/es\/#\/schema\/person\/7e5bff7fe0202e362b26fcec2bd6f383","name":"redaccio","image":{"@type":"ImageObject","inLanguage":"es","@id":"\/\/www.gravatar.com\/avatar\/5661b3e51fe6027f31ed1f408d22a917?s=96&#038;r=g&#038;d=mm","url":"\/\/www.gravatar.com\/avatar\/5661b3e51fe6027f31ed1f408d22a917?s=96&#038;r=g&#038;d=mm","contentUrl":"\/\/www.gravatar.com\/avatar\/5661b3e51fe6027f31ed1f408d22a917?s=96&#038;r=g&#038;d=mm","caption":"redaccio"},"url":"https:\/\/www.eltriangle.eu\/es\/author\/redaccio\/"},{"@type":"SiteNavigationElement","@id":"https:\/\/www.eltriangle.eu\/es\/#site-navigation","cssSelector":[".cib-main-menu"]},{"@type":"WPHeader","@id":"https:\/\/www.eltriangle.eu\/es\/#header","cssSelector":[".cib-header"]},{"@type":"WPFooter","@id":"https:\/\/www.eltriangle.eu\/es\/#footer","cssSelector":[".cib-footer"]}]}},"amp_enabled":true,"_links":{"self":[{"href":"https:\/\/www.eltriangle.eu\/es\/wp-json\/wp\/v2\/posts\/283652","targetHints":{"allow":["GET"]}}],"collection":[{"href":"https:\/\/www.eltriangle.eu\/es\/wp-json\/wp\/v2\/posts"}],"about":[{"href":"https:\/\/www.eltriangle.eu\/es\/wp-json\/wp\/v2\/types\/post"}],"author":[{"embeddable":true,"href":"https:\/\/www.eltriangle.eu\/es\/wp-json\/wp\/v2\/users\/93"}],"replies":[{"embeddable":true,"href":"https:\/\/www.eltriangle.eu\/es\/wp-json\/wp\/v2\/comments?post=283652"}],"version-history":[{"count":0,"href":"https:\/\/www.eltriangle.eu\/es\/wp-json\/wp\/v2\/posts\/283652\/revisions"}],"wp:featuredmedia":[{"embeddable":true,"href":"https:\/\/www.eltriangle.eu\/es\/wp-json\/wp\/v2\/media\/283647"}],"wp:attachment":[{"href":"https:\/\/www.eltriangle.eu\/es\/wp-json\/wp\/v2\/media?parent=283652"}],"wp:term":[{"taxonomy":"category","embeddable":true,"href":"https:\/\/www.eltriangle.eu\/es\/wp-json\/wp\/v2\/categories?post=283652"},{"taxonomy":"post_tag","embeddable":true,"href":"https:\/\/www.eltriangle.eu\/es\/wp-json\/wp\/v2\/tags?post=283652"}],"curies":[{"name":"wp","href":"https:\/\/api.w.org\/{rel}","templated":true}]}}