{"id":282428,"date":"2024-10-10T08:30:20","date_gmt":"2024-10-10T06:30:20","guid":{"rendered":null},"modified":"2024-10-10T13:43:25","modified_gmt":"2024-10-10T11:43:25","slug":"un-preso-del-puig-de-les-basses-se-suicida-en-una-celda-de-aislamiento","status":"publish","type":"post","link":"https:\/\/www.eltriangle.eu\/es\/2024\/10\/10\/un-preso-del-puig-de-les-basses-se-suicida-en-una-celda-de-aislamiento\/","title":{"rendered":"Un preso del Puig de les Basses se suicida en una celda de aislamiento"},"content":{"rendered":"<p>Un preso del Puig de las Basses de Figueres se ha suicidado la madrugada de este jueves en una celda de aislamiento provisional, seg\u00fan informa el <strong>Departamento de Justicia<\/strong> en un comunicado. El interno ten\u00eda objetos prohibidos en su m\u00f3dulo habitual y los vigilantes los encontraron en un registro. A la hora de requisarlos, el hombre present\u00f3 una resistencia violenta, seg\u00fan informa el Departamento, y por eso lo enviaron a una celda de aislamiento preventivo.<\/p>\n<p>Los m\u00e9dicos han intentado salvar la vida del hombre, pero no han podido hacer nada. De momento, el Departamento de Justicia ha abierto una investigaci\u00f3n sobre los hechos.<\/p>\n","protected":false},"excerpt":{"rendered":"<p>Un preso del Puig de las Basses de Figueres se ha suicidado la madrugada de este jueves en una celda de aislamiento provisional, seg\u00fan informa el Departamento de Justicia en un comunicado. El interno ten\u00eda objetos prohibidos en su m\u00f3dulo habitual y los vigilantes los encontraron en un registro. A la hora de requisarlos, el &#8230; <a title=\"Un preso del Puig de les Basses se suicida en una celda de aislamiento\" class=\"read-more\" href=\"https:\/\/www.eltriangle.eu\/es\/2024\/10\/10\/un-preso-del-puig-de-les-basses-se-suicida-en-una-celda-de-aislamiento\/\" aria-label=\"Leer m\u00e1s sobre Un preso del Puig de les Basses se suicida en una celda de aislamiento\">Leer m\u00e1s<\/a><\/p>\n","protected":false},"author":179,"featured_media":276113,"comment_status":"open","ping_status":"closed","sticky":false,"template":"","format":"standard","meta":{"_acf_changed":false,"pmpro_default_level":"","footnotes":""},"categories":[24,76],"tags":[3252],"class_list":["post-282428","post","type-post","status-publish","format-standard","has-post-thumbnail","hentry","category-actualidad","category-en-la-calle","tag-departamento-de-justicia","lh_instant_articles-syndicate-yes","pmpro-has-access"],"acf":[],"yoast_head":"<!-- This site is optimized with the Yoast SEO plugin v27.4 - https:\/\/yoast.com\/product\/yoast-seo-wordpress\/ -->\n<title>Un preso del Puig de les Basses se suicida en una celda de aislamiento - El Triangle<\/title>\n<meta name=\"description\" content=\"Un preso del Puig de las Basses de Figueres se ha suicidado la madrugada de este jueves en una celda de aislamiento provisional, seg\u00fan informa el\" class=\"yoast-seo-meta-tag\" \/>\n<meta name=\"robots\" content=\"index, follow, max-snippet:-1, max-image-preview:large, max-video-preview:-1\" \/>\n<link rel=\"canonical\" href=\"https:\/\/www.eltriangle.eu\/es\/2024\/10\/10\/un-preso-del-puig-de-les-basses-se-suicida-en-una-celda-de-aislamiento\/\" class=\"yoast-seo-meta-tag\" \/>\n<meta property=\"og:locale\" content=\"es_ES\" class=\"yoast-seo-meta-tag\" \/>\n<meta property=\"og:type\" content=\"article\" class=\"yoast-seo-meta-tag\" \/>\n<meta property=\"og:title\" content=\"Un preso del Puig de les Basses se suicida en una celda de aislamiento - El Triangle\" class=\"yoast-seo-meta-tag\" \/>\n<meta property=\"og:description\" content=\"Un preso del Puig de las Basses de Figueres se ha suicidado la madrugada de este jueves en una celda de aislamiento provisional, seg\u00fan informa el\" class=\"yoast-seo-meta-tag\" \/>\n<meta property=\"og:url\" content=\"https:\/\/www.eltriangle.eu\/es\/2024\/10\/10\/un-preso-del-puig-de-les-basses-se-suicida-en-una-celda-de-aislamiento\/\" class=\"yoast-seo-meta-tag\" \/>\n<meta property=\"og:site_name\" content=\"El Triangle\" class=\"yoast-seo-meta-tag\" \/>\n<meta property=\"article:publisher\" content=\"https:\/\/www.facebook.com\/El-Triangle-Diari-101787399020302\" class=\"yoast-seo-meta-tag\" \/>\n<meta property=\"article:published_time\" content=\"2024-10-10T06:30:20+00:00\" class=\"yoast-seo-meta-tag\" \/>\n<meta property=\"article:modified_time\" content=\"2024-10-10T11:43:25+00:00\" class=\"yoast-seo-meta-tag\" \/>\n<meta property=\"og:image\" content=\"https:\/\/www.eltriangle.eu\/wp-content\/uploads\/2024\/08\/3373494.jpg\" class=\"yoast-seo-meta-tag\" \/>\n\t<meta property=\"og:image:width\" content=\"1200\" class=\"yoast-seo-meta-tag\" \/>\n\t<meta property=\"og:image:height\" content=\"800\" class=\"yoast-seo-meta-tag\" \/>\n\t<meta property=\"og:image:type\" content=\"image\/jpeg\" class=\"yoast-seo-meta-tag\" \/>\n<meta name=\"author\" content=\"Redacci\u00f3 \/ ACN\" class=\"yoast-seo-meta-tag\" \/>\n<meta name=\"twitter:card\" content=\"summary_large_image\" class=\"yoast-seo-meta-tag\" \/>\n<meta name=\"twitter:creator\" content=\"@El_Triangle\" class=\"yoast-seo-meta-tag\" \/>\n<meta name=\"twitter:site\" content=\"@El_Triangle\" class=\"yoast-seo-meta-tag\" \/>\n<meta name=\"twitter:label1\" content=\"Escrito por\" class=\"yoast-seo-meta-tag\" \/>\n\t<meta name=\"twitter:data1\" content=\"Redacci\u00f3 \/ ACN\" class=\"yoast-seo-meta-tag\" \/>\n\t<meta name=\"twitter:label2\" content=\"Tiempo de lectura\" class=\"yoast-seo-meta-tag\" \/>\n\t<meta name=\"twitter:data2\" content=\"1 minuto\" class=\"yoast-seo-meta-tag\" \/>\n<script type=\"application\/ld+json\" class=\"yoast-schema-graph\">{\"@context\":\"https:\\\/\\\/schema.org\",\"@graph\":[{\"@type\":\"NewsArticle\",\"@id\":\"https:\\\/\\\/www.eltriangle.eu\\\/es\\\/2024\\\/10\\\/10\\\/un-preso-del-puig-de-les-basses-se-suicida-en-una-celda-de-aislamiento\\\/#article\",\"isPartOf\":{\"@id\":\"https:\\\/\\\/www.eltriangle.eu\\\/es\\\/2024\\\/10\\\/10\\\/un-preso-del-puig-de-les-basses-se-suicida-en-una-celda-de-aislamiento\\\/\"},\"author\":{\"name\":\"Redacci\u00f3 \\\/ ACN\",\"@id\":\"https:\\\/\\\/www.eltriangle.eu\\\/es\\\/#\\\/schema\\\/person\\\/6e5938f06dd4dcd413779558fbf437d9\"},\"headline\":\"Un preso del Puig de les Basses se suicida en una celda de aislamiento\",\"datePublished\":\"2024-10-10T06:30:20+00:00\",\"dateModified\":\"2024-10-10T11:43:25+00:00\",\"mainEntityOfPage\":{\"@id\":\"https:\\\/\\\/www.eltriangle.eu\\\/es\\\/2024\\\/10\\\/10\\\/un-preso-del-puig-de-les-basses-se-suicida-en-una-celda-de-aislamiento\\\/\"},\"wordCount\":123,\"commentCount\":0,\"publisher\":{\"@id\":\"https:\\\/\\\/www.eltriangle.eu\\\/es\\\/#organization\"},\"image\":{\"@id\":\"https:\\\/\\\/www.eltriangle.eu\\\/es\\\/2024\\\/10\\\/10\\\/un-preso-del-puig-de-les-basses-se-suicida-en-una-celda-de-aislamiento\\\/#primaryimage\"},\"thumbnailUrl\":\"https:\\\/\\\/www.eltriangle.eu\\\/wp-content\\\/uploads\\\/2024\\\/08\\\/3373494.jpg\",\"keywords\":[\"Departamento de Just\u00edcia\"],\"articleSection\":[\"Actualidad\",\"En la calle\"],\"inLanguage\":\"es\",\"potentialAction\":[{\"@type\":\"CommentAction\",\"name\":\"Comment\",\"target\":[\"https:\\\/\\\/www.eltriangle.eu\\\/es\\\/2024\\\/10\\\/10\\\/un-preso-del-puig-de-les-basses-se-suicida-en-una-celda-de-aislamiento\\\/#respond\"]}]},{\"@type\":\"WebPage\",\"@id\":\"https:\\\/\\\/www.eltriangle.eu\\\/es\\\/2024\\\/10\\\/10\\\/un-preso-del-puig-de-les-basses-se-suicida-en-una-celda-de-aislamiento\\\/\",\"url\":\"https:\\\/\\\/www.eltriangle.eu\\\/es\\\/2024\\\/10\\\/10\\\/un-preso-del-puig-de-les-basses-se-suicida-en-una-celda-de-aislamiento\\\/\",\"name\":\"Un preso del Puig de les Basses se suicida en una celda de aislamiento - El Triangle\",\"isPartOf\":{\"@id\":\"https:\\\/\\\/www.eltriangle.eu\\\/es\\\/#website\"},\"primaryImageOfPage\":{\"@id\":\"https:\\\/\\\/www.eltriangle.eu\\\/es\\\/2024\\\/10\\\/10\\\/un-preso-del-puig-de-les-basses-se-suicida-en-una-celda-de-aislamiento\\\/#primaryimage\"},\"image\":{\"@id\":\"https:\\\/\\\/www.eltriangle.eu\\\/es\\\/2024\\\/10\\\/10\\\/un-preso-del-puig-de-les-basses-se-suicida-en-una-celda-de-aislamiento\\\/#primaryimage\"},\"thumbnailUrl\":\"https:\\\/\\\/www.eltriangle.eu\\\/wp-content\\\/uploads\\\/2024\\\/08\\\/3373494.jpg\",\"datePublished\":\"2024-10-10T06:30:20+00:00\",\"dateModified\":\"2024-10-10T11:43:25+00:00\",\"description\":\"Un preso del Puig de las Basses de Figueres se ha suicidado la madrugada de este jueves en una celda de aislamiento provisional, seg\u00fan informa el\",\"breadcrumb\":{\"@id\":\"https:\\\/\\\/www.eltriangle.eu\\\/es\\\/2024\\\/10\\\/10\\\/un-preso-del-puig-de-les-basses-se-suicida-en-una-celda-de-aislamiento\\\/#breadcrumb\"},\"inLanguage\":\"es\",\"potentialAction\":[{\"@type\":\"ReadAction\",\"target\":[\"https:\\\/\\\/www.eltriangle.eu\\\/es\\\/2024\\\/10\\\/10\\\/un-preso-del-puig-de-les-basses-se-suicida-en-una-celda-de-aislamiento\\\/\"]}]},{\"@type\":\"ImageObject\",\"inLanguage\":\"es\",\"@id\":\"https:\\\/\\\/www.eltriangle.eu\\\/es\\\/2024\\\/10\\\/10\\\/un-preso-del-puig-de-les-basses-se-suicida-en-una-celda-de-aislamiento\\\/#primaryimage\",\"url\":\"https:\\\/\\\/www.eltriangle.eu\\\/wp-content\\\/uploads\\\/2024\\\/08\\\/3373494.jpg\",\"contentUrl\":\"https:\\\/\\\/www.eltriangle.eu\\\/wp-content\\\/uploads\\\/2024\\\/08\\\/3373494.jpg\",\"width\":1200,\"height\":800,\"caption\":\"Exterior del centro penitenciario de Puig de les Basses de Figueres (ACN)\"},{\"@type\":\"BreadcrumbList\",\"@id\":\"https:\\\/\\\/www.eltriangle.eu\\\/es\\\/2024\\\/10\\\/10\\\/un-preso-del-puig-de-les-basses-se-suicida-en-una-celda-de-aislamiento\\\/#breadcrumb\",\"itemListElement\":[{\"@type\":\"ListItem\",\"position\":1,\"name\":\"Portada\",\"item\":\"https:\\\/\\\/www.eltriangle.eu\\\/es\\\/\"},{\"@type\":\"ListItem\",\"position\":2,\"name\":\"Un preso del Puig de les Basses se suicida en una celda de aislamiento\"}]},{\"@type\":\"WebSite\",\"@id\":\"https:\\\/\\\/www.eltriangle.eu\\\/es\\\/#website\",\"url\":\"https:\\\/\\\/www.eltriangle.eu\\\/es\\\/\",\"name\":\"El Triangle\",\"description\":\"El Triangle \u00e9s un Diari d&#039;informaci\u00f3 general, editat a Catalunya i escrit en llengua catalana, especialitzat en investigaci\u00f3 period\u00edstica\",\"publisher\":{\"@id\":\"https:\\\/\\\/www.eltriangle.eu\\\/es\\\/#organization\"},\"potentialAction\":[{\"@type\":\"SearchAction\",\"target\":{\"@type\":\"EntryPoint\",\"urlTemplate\":\"https:\\\/\\\/www.eltriangle.eu\\\/es\\\/?s={search_term_string}\"},\"query-input\":{\"@type\":\"PropertyValueSpecification\",\"valueRequired\":true,\"valueName\":\"search_term_string\"}}],\"inLanguage\":\"es\"},{\"@type\":[\"Organization\",\"NewsMediaOrganization\"],\"@id\":\"https:\\\/\\\/www.eltriangle.eu\\\/es\\\/#organization\",\"name\":\"El Triangle\",\"url\":\"https:\\\/\\\/www.eltriangle.eu\\\/es\\\/\",\"logo\":{\"@type\":\"ImageObject\",\"inLanguage\":\"es\",\"@id\":\"https:\\\/\\\/www.eltriangle.eu\\\/es\\\/#\\\/schema\\\/logo\\\/image\\\/\",\"url\":\"https:\\\/\\\/www.eltriangle.eu\\\/wp-content\\\/uploads\\\/2020\\\/11\\\/triangle_logo-ajustado.jpg\",\"contentUrl\":\"https:\\\/\\\/www.eltriangle.eu\\\/wp-content\\\/uploads\\\/2020\\\/11\\\/triangle_logo-ajustado.jpg\",\"width\":521,\"height\":92,\"caption\":\"El Triangle\"},\"image\":{\"@id\":\"https:\\\/\\\/www.eltriangle.eu\\\/es\\\/#\\\/schema\\\/logo\\\/image\\\/\"},\"sameAs\":[\"https:\\\/\\\/www.facebook.com\\\/El-Triangle-Diari-101787399020302\",\"https:\\\/\\\/x.com\\\/El_Triangle\",\"https:\\\/\\\/www.youtube.com\\\/channel\\\/UCTIjmYEMYSpdGonuAgNhbcg\"]},{\"@type\":\"Person\",\"@id\":\"https:\\\/\\\/www.eltriangle.eu\\\/es\\\/#\\\/schema\\\/person\\\/6e5938f06dd4dcd413779558fbf437d9\",\"name\":\"Redacci\u00f3 \\\/ ACN\",\"image\":{\"@type\":\"ImageObject\",\"inLanguage\":\"es\",\"@id\":\"\\\/\\\/www.gravatar.com\\\/avatar\\\/a5bc366245a614da74d9f8d49d1b53bf?s=96&#038;r=g&#038;d=mm\",\"url\":\"\\\/\\\/www.gravatar.com\\\/avatar\\\/a5bc366245a614da74d9f8d49d1b53bf?s=96&#038;r=g&#038;d=mm\",\"contentUrl\":\"\\\/\\\/www.gravatar.com\\\/avatar\\\/a5bc366245a614da74d9f8d49d1b53bf?s=96&#038;r=g&#038;d=mm\",\"caption\":\"Redacci\u00f3 \\\/ ACN\"},\"url\":\"https:\\\/\\\/www.eltriangle.eu\\\/es\\\/author\\\/redaccioacn\\\/\"},{\"@type\":\"SiteNavigationElement\",\"@id\":\"https:\\\/\\\/www.eltriangle.eu\\\/es\\\/#site-navigation\",\"cssSelector\":[\".cib-main-menu\"]},{\"@type\":\"WPHeader\",\"@id\":\"https:\\\/\\\/www.eltriangle.eu\\\/es\\\/#header\",\"cssSelector\":[\".cib-header\"]},{\"@type\":\"WPFooter\",\"@id\":\"https:\\\/\\\/www.eltriangle.eu\\\/es\\\/#footer\",\"cssSelector\":[\".cib-footer\"]}]}<\/script>\n<!-- \/ Yoast SEO plugin. -->","yoast_head_json":{"title":"Un preso del Puig de les Basses se suicida en una celda de aislamiento - El Triangle","description":"Un preso del Puig de las Basses de Figueres se ha suicidado la madrugada de este jueves en una celda de aislamiento provisional, seg\u00fan informa el","robots":{"index":"index","follow":"follow","max-snippet":"max-snippet:-1","max-image-preview":"max-image-preview:large","max-video-preview":"max-video-preview:-1"},"canonical":"https:\/\/www.eltriangle.eu\/es\/2024\/10\/10\/un-preso-del-puig-de-les-basses-se-suicida-en-una-celda-de-aislamiento\/","og_locale":"es_ES","og_type":"article","og_title":"Un preso del Puig de les Basses se suicida en una celda de aislamiento - El Triangle","og_description":"Un preso del Puig de las Basses de Figueres se ha suicidado la madrugada de este jueves en una celda de aislamiento provisional, seg\u00fan informa el","og_url":"https:\/\/www.eltriangle.eu\/es\/2024\/10\/10\/un-preso-del-puig-de-les-basses-se-suicida-en-una-celda-de-aislamiento\/","og_site_name":"El Triangle","article_publisher":"https:\/\/www.facebook.com\/El-Triangle-Diari-101787399020302","article_published_time":"2024-10-10T06:30:20+00:00","article_modified_time":"2024-10-10T11:43:25+00:00","og_image":[{"width":1200,"height":800,"url":"https:\/\/www.eltriangle.eu\/wp-content\/uploads\/2024\/08\/3373494.jpg","type":"image\/jpeg"}],"author":"Redacci\u00f3 \/ ACN","twitter_card":"summary_large_image","twitter_creator":"@El_Triangle","twitter_site":"@El_Triangle","twitter_misc":{"Escrito por":"Redacci\u00f3 \/ ACN","Tiempo de lectura":"1 minuto"},"schema":{"@context":"https:\/\/schema.org","@graph":[{"@type":"NewsArticle","@id":"https:\/\/www.eltriangle.eu\/es\/2024\/10\/10\/un-preso-del-puig-de-les-basses-se-suicida-en-una-celda-de-aislamiento\/#article","isPartOf":{"@id":"https:\/\/www.eltriangle.eu\/es\/2024\/10\/10\/un-preso-del-puig-de-les-basses-se-suicida-en-una-celda-de-aislamiento\/"},"author":{"name":"Redacci\u00f3 \/ ACN","@id":"https:\/\/www.eltriangle.eu\/es\/#\/schema\/person\/6e5938f06dd4dcd413779558fbf437d9"},"headline":"Un preso del Puig de les Basses se suicida en una celda de aislamiento","datePublished":"2024-10-10T06:30:20+00:00","dateModified":"2024-10-10T11:43:25+00:00","mainEntityOfPage":{"@id":"https:\/\/www.eltriangle.eu\/es\/2024\/10\/10\/un-preso-del-puig-de-les-basses-se-suicida-en-una-celda-de-aislamiento\/"},"wordCount":123,"commentCount":0,"publisher":{"@id":"https:\/\/www.eltriangle.eu\/es\/#organization"},"image":{"@id":"https:\/\/www.eltriangle.eu\/es\/2024\/10\/10\/un-preso-del-puig-de-les-basses-se-suicida-en-una-celda-de-aislamiento\/#primaryimage"},"thumbnailUrl":"https:\/\/www.eltriangle.eu\/wp-content\/uploads\/2024\/08\/3373494.jpg","keywords":["Departamento de Just\u00edcia"],"articleSection":["Actualidad","En la calle"],"inLanguage":"es","potentialAction":[{"@type":"CommentAction","name":"Comment","target":["https:\/\/www.eltriangle.eu\/es\/2024\/10\/10\/un-preso-del-puig-de-les-basses-se-suicida-en-una-celda-de-aislamiento\/#respond"]}]},{"@type":"WebPage","@id":"https:\/\/www.eltriangle.eu\/es\/2024\/10\/10\/un-preso-del-puig-de-les-basses-se-suicida-en-una-celda-de-aislamiento\/","url":"https:\/\/www.eltriangle.eu\/es\/2024\/10\/10\/un-preso-del-puig-de-les-basses-se-suicida-en-una-celda-de-aislamiento\/","name":"Un preso del Puig de les Basses se suicida en una celda de aislamiento - El Triangle","isPartOf":{"@id":"https:\/\/www.eltriangle.eu\/es\/#website"},"primaryImageOfPage":{"@id":"https:\/\/www.eltriangle.eu\/es\/2024\/10\/10\/un-preso-del-puig-de-les-basses-se-suicida-en-una-celda-de-aislamiento\/#primaryimage"},"image":{"@id":"https:\/\/www.eltriangle.eu\/es\/2024\/10\/10\/un-preso-del-puig-de-les-basses-se-suicida-en-una-celda-de-aislamiento\/#primaryimage"},"thumbnailUrl":"https:\/\/www.eltriangle.eu\/wp-content\/uploads\/2024\/08\/3373494.jpg","datePublished":"2024-10-10T06:30:20+00:00","dateModified":"2024-10-10T11:43:25+00:00","description":"Un preso del Puig de las Basses de Figueres se ha suicidado la madrugada de este jueves en una celda de aislamiento provisional, seg\u00fan informa el","breadcrumb":{"@id":"https:\/\/www.eltriangle.eu\/es\/2024\/10\/10\/un-preso-del-puig-de-les-basses-se-suicida-en-una-celda-de-aislamiento\/#breadcrumb"},"inLanguage":"es","potentialAction":[{"@type":"ReadAction","target":["https:\/\/www.eltriangle.eu\/es\/2024\/10\/10\/un-preso-del-puig-de-les-basses-se-suicida-en-una-celda-de-aislamiento\/"]}]},{"@type":"ImageObject","inLanguage":"es","@id":"https:\/\/www.eltriangle.eu\/es\/2024\/10\/10\/un-preso-del-puig-de-les-basses-se-suicida-en-una-celda-de-aislamiento\/#primaryimage","url":"https:\/\/www.eltriangle.eu\/wp-content\/uploads\/2024\/08\/3373494.jpg","contentUrl":"https:\/\/www.eltriangle.eu\/wp-content\/uploads\/2024\/08\/3373494.jpg","width":1200,"height":800,"caption":"Exterior del centro penitenciario de Puig de les Basses de Figueres (ACN)"},{"@type":"BreadcrumbList","@id":"https:\/\/www.eltriangle.eu\/es\/2024\/10\/10\/un-preso-del-puig-de-les-basses-se-suicida-en-una-celda-de-aislamiento\/#breadcrumb","itemListElement":[{"@type":"ListItem","position":1,"name":"Portada","item":"https:\/\/www.eltriangle.eu\/es\/"},{"@type":"ListItem","position":2,"name":"Un preso del Puig de les Basses se suicida en una celda de aislamiento"}]},{"@type":"WebSite","@id":"https:\/\/www.eltriangle.eu\/es\/#website","url":"https:\/\/www.eltriangle.eu\/es\/","name":"El Triangle","description":"El Triangle \u00e9s un Diari d&#039;informaci\u00f3 general, editat a Catalunya i escrit en llengua catalana, especialitzat en investigaci\u00f3 period\u00edstica","publisher":{"@id":"https:\/\/www.eltriangle.eu\/es\/#organization"},"potentialAction":[{"@type":"SearchAction","target":{"@type":"EntryPoint","urlTemplate":"https:\/\/www.eltriangle.eu\/es\/?s={search_term_string}"},"query-input":{"@type":"PropertyValueSpecification","valueRequired":true,"valueName":"search_term_string"}}],"inLanguage":"es"},{"@type":["Organization","NewsMediaOrganization"],"@id":"https:\/\/www.eltriangle.eu\/es\/#organization","name":"El Triangle","url":"https:\/\/www.eltriangle.eu\/es\/","logo":{"@type":"ImageObject","inLanguage":"es","@id":"https:\/\/www.eltriangle.eu\/es\/#\/schema\/logo\/image\/","url":"https:\/\/www.eltriangle.eu\/wp-content\/uploads\/2020\/11\/triangle_logo-ajustado.jpg","contentUrl":"https:\/\/www.eltriangle.eu\/wp-content\/uploads\/2020\/11\/triangle_logo-ajustado.jpg","width":521,"height":92,"caption":"El Triangle"},"image":{"@id":"https:\/\/www.eltriangle.eu\/es\/#\/schema\/logo\/image\/"},"sameAs":["https:\/\/www.facebook.com\/El-Triangle-Diari-101787399020302","https:\/\/x.com\/El_Triangle","https:\/\/www.youtube.com\/channel\/UCTIjmYEMYSpdGonuAgNhbcg"]},{"@type":"Person","@id":"https:\/\/www.eltriangle.eu\/es\/#\/schema\/person\/6e5938f06dd4dcd413779558fbf437d9","name":"Redacci\u00f3 \/ ACN","image":{"@type":"ImageObject","inLanguage":"es","@id":"\/\/www.gravatar.com\/avatar\/a5bc366245a614da74d9f8d49d1b53bf?s=96&#038;r=g&#038;d=mm","url":"\/\/www.gravatar.com\/avatar\/a5bc366245a614da74d9f8d49d1b53bf?s=96&#038;r=g&#038;d=mm","contentUrl":"\/\/www.gravatar.com\/avatar\/a5bc366245a614da74d9f8d49d1b53bf?s=96&#038;r=g&#038;d=mm","caption":"Redacci\u00f3 \/ ACN"},"url":"https:\/\/www.eltriangle.eu\/es\/author\/redaccioacn\/"},{"@type":"SiteNavigationElement","@id":"https:\/\/www.eltriangle.eu\/es\/#site-navigation","cssSelector":[".cib-main-menu"]},{"@type":"WPHeader","@id":"https:\/\/www.eltriangle.eu\/es\/#header","cssSelector":[".cib-header"]},{"@type":"WPFooter","@id":"https:\/\/www.eltriangle.eu\/es\/#footer","cssSelector":[".cib-footer"]}]}},"amp_enabled":true,"_links":{"self":[{"href":"https:\/\/www.eltriangle.eu\/es\/wp-json\/wp\/v2\/posts\/282428","targetHints":{"allow":["GET"]}}],"collection":[{"href":"https:\/\/www.eltriangle.eu\/es\/wp-json\/wp\/v2\/posts"}],"about":[{"href":"https:\/\/www.eltriangle.eu\/es\/wp-json\/wp\/v2\/types\/post"}],"author":[{"embeddable":true,"href":"https:\/\/www.eltriangle.eu\/es\/wp-json\/wp\/v2\/users\/179"}],"replies":[{"embeddable":true,"href":"https:\/\/www.eltriangle.eu\/es\/wp-json\/wp\/v2\/comments?post=282428"}],"version-history":[{"count":0,"href":"https:\/\/www.eltriangle.eu\/es\/wp-json\/wp\/v2\/posts\/282428\/revisions"}],"wp:featuredmedia":[{"embeddable":true,"href":"https:\/\/www.eltriangle.eu\/es\/wp-json\/wp\/v2\/media\/276113"}],"wp:attachment":[{"href":"https:\/\/www.eltriangle.eu\/es\/wp-json\/wp\/v2\/media?parent=282428"}],"wp:term":[{"taxonomy":"category","embeddable":true,"href":"https:\/\/www.eltriangle.eu\/es\/wp-json\/wp\/v2\/categories?post=282428"},{"taxonomy":"post_tag","embeddable":true,"href":"https:\/\/www.eltriangle.eu\/es\/wp-json\/wp\/v2\/tags?post=282428"}],"curies":[{"name":"wp","href":"https:\/\/api.w.org\/{rel}","templated":true}]}}