{"id":280957,"date":"2024-10-01T16:30:47","date_gmt":"2024-10-01T14:30:47","guid":{"rendered":null},"modified":"2024-10-01T17:24:06","modified_gmt":"2024-10-01T15:24:06","slug":"rull-defiende-que-votar-no-es-ni-puede-ser-nunca-un-delito-y-pide-que-se-aplique-la-amnistia-sin-reservas","status":"publish","type":"post","link":"https:\/\/www.eltriangle.eu\/es\/2024\/10\/01\/rull-defiende-que-votar-no-es-ni-puede-ser-nunca-un-delito-y-pide-que-se-aplique-la-amnistia-sin-reservas\/","title":{"rendered":"Rull defiende que \u00abvotar no es ni puede ser nunca un delito\u00bb y pide que se aplique la amnist\u00eda \u00absin reservas\u00bb"},"content":{"rendered":"<p>El presidente del Parlamento de Catalu\u00f1a, <strong>Josep Rull<\/strong>, ha defendido este martes que, en democracia, \u00abvotar no es ni puede ser nunca delito alguno\u00bb. Con motivo del <strong>s\u00e9ptimo aniversario del 1-O<\/strong>, Rull ha hecho una declaraci\u00f3n institucional desde el despacho de audiencias de la c\u00e1mara catalana acompa\u00f1ado por los miembros de la Mesa de Junts y ERC.<\/p>\n<p>Rull, que estuvo encarcelado por formar parte del gobierno catal\u00e1n que convoc\u00f3 el 1-O, ha reivindicado aquella jornada como \u00abuno de los acontecimientos m\u00e1s significativos de la historia reciente\u00bb. A su juicio, <strong>la ley de amnist\u00eda<\/strong> deb\u00eda ser un \u00abpunto de inflexi\u00f3n\u00bb en el conflicto pol\u00edtico, pero ha lamentado que el \u00abbloqueo judicial\u00bb, seg\u00fan \u00e9l, impide que los diputados<strong> Carles Puigdemont y Llu\u00eds Puig<\/strong> puedan volver de extranjero.<\/p>\n<p>El presidente de la c\u00e1mara se ha referido al 1-O como \u00abla expresi\u00f3n de la fuerza, la unidad y la determinaci\u00f3n de los catalanes para votar\u00bb y ha se\u00f1alado que la respuesta del Estado fue \u00abviolencia policial y la vulneraci\u00f3n de derechos pol\u00edticos\u00bb. Asimismo, ha considerado que las im\u00e1genes de \u00abviolencia\u00bb deben seguir avergonzando a cualquier persona que diga defender la democracia, recoge la ACN.<\/p>\n<p>Rull ha afirmado que tras el 1-O se \u00abintensific\u00f3 la persecuci\u00f3n policial\u00bb con el encarcelamiento de l\u00edderes pol\u00edticos y sociales y la marcha de algunos de ellos al extranjero. Una situaci\u00f3n que, seg\u00fan ha apuntado, hoy todav\u00eda est\u00e1 \u00ablejos de la plena normalidad\u00bb. En este sentido, ha reclamado que se aplique \u00absin reservas\u00bb la ley de amnist\u00eda para \u00abvolver a la pol\u00edtica lo que es de la pol\u00edtica\u00bb.<\/p>\n<p>La vicepresidenta primera del Parlamento de Catalu\u00f1a, Raquel Sans (ERC), la secretaria primera, Gl\u00f2ria Freixa (Junts), y el secretario segundo, Juli Fern\u00e0ndez (ERC), han acompa\u00f1ado a Rull en la declaraci\u00f3n institucional y han suscrito el texto.<\/p>\n","protected":false},"excerpt":{"rendered":"<p>El presidente del Parlamento de Catalu\u00f1a, Josep Rull, ha defendido este martes que, en democracia, \u00abvotar no es ni puede ser nunca delito alguno\u00bb. Con motivo del s\u00e9ptimo aniversario del 1-O, Rull ha hecho una declaraci\u00f3n institucional desde el despacho de audiencias de la c\u00e1mara catalana acompa\u00f1ado por los miembros de la Mesa de Junts &#8230; <a title=\"Rull defiende que \u00abvotar no es ni puede ser nunca un delito\u00bb y pide que se aplique la amnist\u00eda \u00absin reservas\u00bb\" class=\"read-more\" href=\"https:\/\/www.eltriangle.eu\/es\/2024\/10\/01\/rull-defiende-que-votar-no-es-ni-puede-ser-nunca-un-delito-y-pide-que-se-aplique-la-amnistia-sin-reservas\/\" aria-label=\"Leer m\u00e1s sobre Rull defiende que \u00abvotar no es ni puede ser nunca un delito\u00bb y pide que se aplique la amnist\u00eda \u00absin reservas\u00bb\">Leer m\u00e1s<\/a><\/p>\n","protected":false},"author":179,"featured_media":280955,"comment_status":"open","ping_status":"closed","sticky":false,"template":"","format":"standard","meta":{"_acf_changed":false,"pmpro_default_level":"","footnotes":""},"categories":[24,74],"tags":[458,1208,382],"class_list":["post-280957","post","type-post","status-publish","format-standard","has-post-thumbnail","hentry","category-actualidad","category-poderes","tag-1-o-es","tag-josep-rull-es","tag-parlament-de-catalunya-es","lh_instant_articles-syndicate-yes","pmpro-has-access"],"acf":[],"yoast_head":"<!-- This site is optimized with the Yoast SEO plugin v27.4 - https:\/\/yoast.com\/product\/yoast-seo-wordpress\/ -->\n<title>Rull defiende que &quot;votar no es ni puede ser nunca un delito&quot; y pide que se aplique la amnist\u00eda &quot;sin reservas&quot; - El Triangle<\/title>\n<meta name=\"description\" content=\"El presidente del Parlamento de Catalu\u00f1a, Josep Rull, ha defendido este martes que, en democracia, &quot;votar no es ni puede ser nunca delito alguno&quot;. Con\" class=\"yoast-seo-meta-tag\" \/>\n<meta name=\"robots\" content=\"index, follow, max-snippet:-1, max-image-preview:large, max-video-preview:-1\" \/>\n<link rel=\"canonical\" href=\"https:\/\/www.eltriangle.eu\/es\/2024\/10\/01\/rull-defiende-que-votar-no-es-ni-puede-ser-nunca-un-delito-y-pide-que-se-aplique-la-amnistia-sin-reservas\/\" class=\"yoast-seo-meta-tag\" \/>\n<meta property=\"og:locale\" content=\"es_ES\" class=\"yoast-seo-meta-tag\" \/>\n<meta property=\"og:type\" content=\"article\" class=\"yoast-seo-meta-tag\" \/>\n<meta property=\"og:title\" content=\"Rull defiende que &quot;votar no es ni puede ser nunca un delito&quot; y pide que se aplique la amnist\u00eda &quot;sin reservas&quot; - El Triangle\" class=\"yoast-seo-meta-tag\" \/>\n<meta property=\"og:description\" content=\"El presidente del Parlamento de Catalu\u00f1a, Josep Rull, ha defendido este martes que, en democracia, &quot;votar no es ni puede ser nunca delito alguno&quot;. Con\" class=\"yoast-seo-meta-tag\" \/>\n<meta property=\"og:url\" content=\"https:\/\/www.eltriangle.eu\/es\/2024\/10\/01\/rull-defiende-que-votar-no-es-ni-puede-ser-nunca-un-delito-y-pide-que-se-aplique-la-amnistia-sin-reservas\/\" class=\"yoast-seo-meta-tag\" \/>\n<meta property=\"og:site_name\" content=\"El Triangle\" class=\"yoast-seo-meta-tag\" \/>\n<meta property=\"article:publisher\" content=\"https:\/\/www.facebook.com\/El-Triangle-Diari-101787399020302\" class=\"yoast-seo-meta-tag\" \/>\n<meta property=\"article:published_time\" content=\"2024-10-01T14:30:47+00:00\" class=\"yoast-seo-meta-tag\" \/>\n<meta property=\"article:modified_time\" content=\"2024-10-01T15:24:06+00:00\" class=\"yoast-seo-meta-tag\" \/>\n<meta property=\"og:image\" content=\"https:\/\/www.eltriangle.eu\/wp-content\/uploads\/2024\/10\/discurs-del-president-del-parlament-josep-rull-foto-acn-nico-tomas.jpg\" class=\"yoast-seo-meta-tag\" \/>\n\t<meta property=\"og:image:width\" content=\"1200\" class=\"yoast-seo-meta-tag\" \/>\n\t<meta property=\"og:image:height\" content=\"800\" class=\"yoast-seo-meta-tag\" \/>\n\t<meta property=\"og:image:type\" content=\"image\/jpeg\" class=\"yoast-seo-meta-tag\" \/>\n<meta name=\"author\" content=\"Redacci\u00f3 \/ ACN\" class=\"yoast-seo-meta-tag\" \/>\n<meta name=\"twitter:card\" content=\"summary_large_image\" class=\"yoast-seo-meta-tag\" \/>\n<meta name=\"twitter:creator\" content=\"@El_Triangle\" class=\"yoast-seo-meta-tag\" \/>\n<meta name=\"twitter:site\" content=\"@El_Triangle\" class=\"yoast-seo-meta-tag\" \/>\n<meta name=\"twitter:label1\" content=\"Escrito por\" class=\"yoast-seo-meta-tag\" \/>\n\t<meta name=\"twitter:data1\" content=\"Redacci\u00f3 \/ ACN\" class=\"yoast-seo-meta-tag\" \/>\n\t<meta name=\"twitter:label2\" content=\"Tiempo de lectura\" class=\"yoast-seo-meta-tag\" \/>\n\t<meta name=\"twitter:data2\" content=\"2 minutos\" class=\"yoast-seo-meta-tag\" \/>\n<script type=\"application\/ld+json\" class=\"yoast-schema-graph\">{\"@context\":\"https:\\\/\\\/schema.org\",\"@graph\":[{\"@type\":\"NewsArticle\",\"@id\":\"https:\\\/\\\/www.eltriangle.eu\\\/es\\\/2024\\\/10\\\/01\\\/rull-defiende-que-votar-no-es-ni-puede-ser-nunca-un-delito-y-pide-que-se-aplique-la-amnistia-sin-reservas\\\/#article\",\"isPartOf\":{\"@id\":\"https:\\\/\\\/www.eltriangle.eu\\\/es\\\/2024\\\/10\\\/01\\\/rull-defiende-que-votar-no-es-ni-puede-ser-nunca-un-delito-y-pide-que-se-aplique-la-amnistia-sin-reservas\\\/\"},\"author\":{\"name\":\"Redacci\u00f3 \\\/ ACN\",\"@id\":\"https:\\\/\\\/www.eltriangle.eu\\\/es\\\/#\\\/schema\\\/person\\\/6e5938f06dd4dcd413779558fbf437d9\"},\"headline\":\"Rull defiende que \u00abvotar no es ni puede ser nunca un delito\u00bb y pide que se aplique la amnist\u00eda \u00absin reservas\u00bb\",\"datePublished\":\"2024-10-01T14:30:47+00:00\",\"dateModified\":\"2024-10-01T15:24:06+00:00\",\"mainEntityOfPage\":{\"@id\":\"https:\\\/\\\/www.eltriangle.eu\\\/es\\\/2024\\\/10\\\/01\\\/rull-defiende-que-votar-no-es-ni-puede-ser-nunca-un-delito-y-pide-que-se-aplique-la-amnistia-sin-reservas\\\/\"},\"wordCount\":350,\"commentCount\":0,\"publisher\":{\"@id\":\"https:\\\/\\\/www.eltriangle.eu\\\/es\\\/#organization\"},\"image\":{\"@id\":\"https:\\\/\\\/www.eltriangle.eu\\\/es\\\/2024\\\/10\\\/01\\\/rull-defiende-que-votar-no-es-ni-puede-ser-nunca-un-delito-y-pide-que-se-aplique-la-amnistia-sin-reservas\\\/#primaryimage\"},\"thumbnailUrl\":\"https:\\\/\\\/www.eltriangle.eu\\\/wp-content\\\/uploads\\\/2024\\\/10\\\/discurs-del-president-del-parlament-josep-rull-foto-acn-nico-tomas.jpg\",\"keywords\":[\"1-O\",\"Josep Rull\",\"Parlament de Catalunya\"],\"articleSection\":[\"Actualidad\",\"Poderes\"],\"inLanguage\":\"es\",\"potentialAction\":[{\"@type\":\"CommentAction\",\"name\":\"Comment\",\"target\":[\"https:\\\/\\\/www.eltriangle.eu\\\/es\\\/2024\\\/10\\\/01\\\/rull-defiende-que-votar-no-es-ni-puede-ser-nunca-un-delito-y-pide-que-se-aplique-la-amnistia-sin-reservas\\\/#respond\"]}]},{\"@type\":\"WebPage\",\"@id\":\"https:\\\/\\\/www.eltriangle.eu\\\/es\\\/2024\\\/10\\\/01\\\/rull-defiende-que-votar-no-es-ni-puede-ser-nunca-un-delito-y-pide-que-se-aplique-la-amnistia-sin-reservas\\\/\",\"url\":\"https:\\\/\\\/www.eltriangle.eu\\\/es\\\/2024\\\/10\\\/01\\\/rull-defiende-que-votar-no-es-ni-puede-ser-nunca-un-delito-y-pide-que-se-aplique-la-amnistia-sin-reservas\\\/\",\"name\":\"Rull defiende que \\\"votar no es ni puede ser nunca un delito\\\" y pide que se aplique la amnist\u00eda \\\"sin reservas\\\" - El Triangle\",\"isPartOf\":{\"@id\":\"https:\\\/\\\/www.eltriangle.eu\\\/es\\\/#website\"},\"primaryImageOfPage\":{\"@id\":\"https:\\\/\\\/www.eltriangle.eu\\\/es\\\/2024\\\/10\\\/01\\\/rull-defiende-que-votar-no-es-ni-puede-ser-nunca-un-delito-y-pide-que-se-aplique-la-amnistia-sin-reservas\\\/#primaryimage\"},\"image\":{\"@id\":\"https:\\\/\\\/www.eltriangle.eu\\\/es\\\/2024\\\/10\\\/01\\\/rull-defiende-que-votar-no-es-ni-puede-ser-nunca-un-delito-y-pide-que-se-aplique-la-amnistia-sin-reservas\\\/#primaryimage\"},\"thumbnailUrl\":\"https:\\\/\\\/www.eltriangle.eu\\\/wp-content\\\/uploads\\\/2024\\\/10\\\/discurs-del-president-del-parlament-josep-rull-foto-acn-nico-tomas.jpg\",\"datePublished\":\"2024-10-01T14:30:47+00:00\",\"dateModified\":\"2024-10-01T15:24:06+00:00\",\"description\":\"El presidente del Parlamento de Catalu\u00f1a, Josep Rull, ha defendido este martes que, en democracia, \\\"votar no es ni puede ser nunca delito alguno\\\". Con\",\"breadcrumb\":{\"@id\":\"https:\\\/\\\/www.eltriangle.eu\\\/es\\\/2024\\\/10\\\/01\\\/rull-defiende-que-votar-no-es-ni-puede-ser-nunca-un-delito-y-pide-que-se-aplique-la-amnistia-sin-reservas\\\/#breadcrumb\"},\"inLanguage\":\"es\",\"potentialAction\":[{\"@type\":\"ReadAction\",\"target\":[\"https:\\\/\\\/www.eltriangle.eu\\\/es\\\/2024\\\/10\\\/01\\\/rull-defiende-que-votar-no-es-ni-puede-ser-nunca-un-delito-y-pide-que-se-aplique-la-amnistia-sin-reservas\\\/\"]}]},{\"@type\":\"ImageObject\",\"inLanguage\":\"es\",\"@id\":\"https:\\\/\\\/www.eltriangle.eu\\\/es\\\/2024\\\/10\\\/01\\\/rull-defiende-que-votar-no-es-ni-puede-ser-nunca-un-delito-y-pide-que-se-aplique-la-amnistia-sin-reservas\\\/#primaryimage\",\"url\":\"https:\\\/\\\/www.eltriangle.eu\\\/wp-content\\\/uploads\\\/2024\\\/10\\\/discurs-del-president-del-parlament-josep-rull-foto-acn-nico-tomas.jpg\",\"contentUrl\":\"https:\\\/\\\/www.eltriangle.eu\\\/wp-content\\\/uploads\\\/2024\\\/10\\\/discurs-del-president-del-parlament-josep-rull-foto-acn-nico-tomas.jpg\",\"width\":1200,\"height\":800,\"caption\":\"Discurs del president del Parlament, Josep Rull - Foto: ACN, Nico Tom\u00e1s\"},{\"@type\":\"BreadcrumbList\",\"@id\":\"https:\\\/\\\/www.eltriangle.eu\\\/es\\\/2024\\\/10\\\/01\\\/rull-defiende-que-votar-no-es-ni-puede-ser-nunca-un-delito-y-pide-que-se-aplique-la-amnistia-sin-reservas\\\/#breadcrumb\",\"itemListElement\":[{\"@type\":\"ListItem\",\"position\":1,\"name\":\"Portada\",\"item\":\"https:\\\/\\\/www.eltriangle.eu\\\/es\\\/\"},{\"@type\":\"ListItem\",\"position\":2,\"name\":\"Rull defiende que &#8220;votar no es ni puede ser nunca un delito&#8221; y pide que se aplique la amnist\u00eda &#8220;sin reservas&#8221;\"}]},{\"@type\":\"WebSite\",\"@id\":\"https:\\\/\\\/www.eltriangle.eu\\\/es\\\/#website\",\"url\":\"https:\\\/\\\/www.eltriangle.eu\\\/es\\\/\",\"name\":\"El Triangle\",\"description\":\"El Triangle \u00e9s un Diari d&#039;informaci\u00f3 general, editat a Catalunya i escrit en llengua catalana, especialitzat en investigaci\u00f3 period\u00edstica\",\"publisher\":{\"@id\":\"https:\\\/\\\/www.eltriangle.eu\\\/es\\\/#organization\"},\"potentialAction\":[{\"@type\":\"SearchAction\",\"target\":{\"@type\":\"EntryPoint\",\"urlTemplate\":\"https:\\\/\\\/www.eltriangle.eu\\\/es\\\/?s={search_term_string}\"},\"query-input\":{\"@type\":\"PropertyValueSpecification\",\"valueRequired\":true,\"valueName\":\"search_term_string\"}}],\"inLanguage\":\"es\"},{\"@type\":[\"Organization\",\"NewsMediaOrganization\"],\"@id\":\"https:\\\/\\\/www.eltriangle.eu\\\/es\\\/#organization\",\"name\":\"El Triangle\",\"url\":\"https:\\\/\\\/www.eltriangle.eu\\\/es\\\/\",\"logo\":{\"@type\":\"ImageObject\",\"inLanguage\":\"es\",\"@id\":\"https:\\\/\\\/www.eltriangle.eu\\\/es\\\/#\\\/schema\\\/logo\\\/image\\\/\",\"url\":\"https:\\\/\\\/www.eltriangle.eu\\\/wp-content\\\/uploads\\\/2020\\\/11\\\/triangle_logo-ajustado.jpg\",\"contentUrl\":\"https:\\\/\\\/www.eltriangle.eu\\\/wp-content\\\/uploads\\\/2020\\\/11\\\/triangle_logo-ajustado.jpg\",\"width\":521,\"height\":92,\"caption\":\"El Triangle\"},\"image\":{\"@id\":\"https:\\\/\\\/www.eltriangle.eu\\\/es\\\/#\\\/schema\\\/logo\\\/image\\\/\"},\"sameAs\":[\"https:\\\/\\\/www.facebook.com\\\/El-Triangle-Diari-101787399020302\",\"https:\\\/\\\/x.com\\\/El_Triangle\",\"https:\\\/\\\/www.youtube.com\\\/channel\\\/UCTIjmYEMYSpdGonuAgNhbcg\"]},{\"@type\":\"Person\",\"@id\":\"https:\\\/\\\/www.eltriangle.eu\\\/es\\\/#\\\/schema\\\/person\\\/6e5938f06dd4dcd413779558fbf437d9\",\"name\":\"Redacci\u00f3 \\\/ ACN\",\"image\":{\"@type\":\"ImageObject\",\"inLanguage\":\"es\",\"@id\":\"\\\/\\\/www.gravatar.com\\\/avatar\\\/a5bc366245a614da74d9f8d49d1b53bf?s=96&#038;r=g&#038;d=mm\",\"url\":\"\\\/\\\/www.gravatar.com\\\/avatar\\\/a5bc366245a614da74d9f8d49d1b53bf?s=96&#038;r=g&#038;d=mm\",\"contentUrl\":\"\\\/\\\/www.gravatar.com\\\/avatar\\\/a5bc366245a614da74d9f8d49d1b53bf?s=96&#038;r=g&#038;d=mm\",\"caption\":\"Redacci\u00f3 \\\/ ACN\"},\"url\":\"https:\\\/\\\/www.eltriangle.eu\\\/es\\\/author\\\/redaccioacn\\\/\"},{\"@type\":\"SiteNavigationElement\",\"@id\":\"https:\\\/\\\/www.eltriangle.eu\\\/es\\\/#site-navigation\",\"cssSelector\":[\".cib-main-menu\"]},{\"@type\":\"WPHeader\",\"@id\":\"https:\\\/\\\/www.eltriangle.eu\\\/es\\\/#header\",\"cssSelector\":[\".cib-header\"]},{\"@type\":\"WPFooter\",\"@id\":\"https:\\\/\\\/www.eltriangle.eu\\\/es\\\/#footer\",\"cssSelector\":[\".cib-footer\"]}]}<\/script>\n<!-- \/ Yoast SEO plugin. -->","yoast_head_json":{"title":"Rull defiende que \"votar no es ni puede ser nunca un delito\" y pide que se aplique la amnist\u00eda \"sin reservas\" - El Triangle","description":"El presidente del Parlamento de Catalu\u00f1a, Josep Rull, ha defendido este martes que, en democracia, \"votar no es ni puede ser nunca delito alguno\". Con","robots":{"index":"index","follow":"follow","max-snippet":"max-snippet:-1","max-image-preview":"max-image-preview:large","max-video-preview":"max-video-preview:-1"},"canonical":"https:\/\/www.eltriangle.eu\/es\/2024\/10\/01\/rull-defiende-que-votar-no-es-ni-puede-ser-nunca-un-delito-y-pide-que-se-aplique-la-amnistia-sin-reservas\/","og_locale":"es_ES","og_type":"article","og_title":"Rull defiende que \"votar no es ni puede ser nunca un delito\" y pide que se aplique la amnist\u00eda \"sin reservas\" - El Triangle","og_description":"El presidente del Parlamento de Catalu\u00f1a, Josep Rull, ha defendido este martes que, en democracia, \"votar no es ni puede ser nunca delito alguno\". Con","og_url":"https:\/\/www.eltriangle.eu\/es\/2024\/10\/01\/rull-defiende-que-votar-no-es-ni-puede-ser-nunca-un-delito-y-pide-que-se-aplique-la-amnistia-sin-reservas\/","og_site_name":"El Triangle","article_publisher":"https:\/\/www.facebook.com\/El-Triangle-Diari-101787399020302","article_published_time":"2024-10-01T14:30:47+00:00","article_modified_time":"2024-10-01T15:24:06+00:00","og_image":[{"width":1200,"height":800,"url":"https:\/\/www.eltriangle.eu\/wp-content\/uploads\/2024\/10\/discurs-del-president-del-parlament-josep-rull-foto-acn-nico-tomas.jpg","type":"image\/jpeg"}],"author":"Redacci\u00f3 \/ ACN","twitter_card":"summary_large_image","twitter_creator":"@El_Triangle","twitter_site":"@El_Triangle","twitter_misc":{"Escrito por":"Redacci\u00f3 \/ ACN","Tiempo de lectura":"2 minutos"},"schema":{"@context":"https:\/\/schema.org","@graph":[{"@type":"NewsArticle","@id":"https:\/\/www.eltriangle.eu\/es\/2024\/10\/01\/rull-defiende-que-votar-no-es-ni-puede-ser-nunca-un-delito-y-pide-que-se-aplique-la-amnistia-sin-reservas\/#article","isPartOf":{"@id":"https:\/\/www.eltriangle.eu\/es\/2024\/10\/01\/rull-defiende-que-votar-no-es-ni-puede-ser-nunca-un-delito-y-pide-que-se-aplique-la-amnistia-sin-reservas\/"},"author":{"name":"Redacci\u00f3 \/ ACN","@id":"https:\/\/www.eltriangle.eu\/es\/#\/schema\/person\/6e5938f06dd4dcd413779558fbf437d9"},"headline":"Rull defiende que \u00abvotar no es ni puede ser nunca un delito\u00bb y pide que se aplique la amnist\u00eda \u00absin reservas\u00bb","datePublished":"2024-10-01T14:30:47+00:00","dateModified":"2024-10-01T15:24:06+00:00","mainEntityOfPage":{"@id":"https:\/\/www.eltriangle.eu\/es\/2024\/10\/01\/rull-defiende-que-votar-no-es-ni-puede-ser-nunca-un-delito-y-pide-que-se-aplique-la-amnistia-sin-reservas\/"},"wordCount":350,"commentCount":0,"publisher":{"@id":"https:\/\/www.eltriangle.eu\/es\/#organization"},"image":{"@id":"https:\/\/www.eltriangle.eu\/es\/2024\/10\/01\/rull-defiende-que-votar-no-es-ni-puede-ser-nunca-un-delito-y-pide-que-se-aplique-la-amnistia-sin-reservas\/#primaryimage"},"thumbnailUrl":"https:\/\/www.eltriangle.eu\/wp-content\/uploads\/2024\/10\/discurs-del-president-del-parlament-josep-rull-foto-acn-nico-tomas.jpg","keywords":["1-O","Josep Rull","Parlament de Catalunya"],"articleSection":["Actualidad","Poderes"],"inLanguage":"es","potentialAction":[{"@type":"CommentAction","name":"Comment","target":["https:\/\/www.eltriangle.eu\/es\/2024\/10\/01\/rull-defiende-que-votar-no-es-ni-puede-ser-nunca-un-delito-y-pide-que-se-aplique-la-amnistia-sin-reservas\/#respond"]}]},{"@type":"WebPage","@id":"https:\/\/www.eltriangle.eu\/es\/2024\/10\/01\/rull-defiende-que-votar-no-es-ni-puede-ser-nunca-un-delito-y-pide-que-se-aplique-la-amnistia-sin-reservas\/","url":"https:\/\/www.eltriangle.eu\/es\/2024\/10\/01\/rull-defiende-que-votar-no-es-ni-puede-ser-nunca-un-delito-y-pide-que-se-aplique-la-amnistia-sin-reservas\/","name":"Rull defiende que \"votar no es ni puede ser nunca un delito\" y pide que se aplique la amnist\u00eda \"sin reservas\" - El Triangle","isPartOf":{"@id":"https:\/\/www.eltriangle.eu\/es\/#website"},"primaryImageOfPage":{"@id":"https:\/\/www.eltriangle.eu\/es\/2024\/10\/01\/rull-defiende-que-votar-no-es-ni-puede-ser-nunca-un-delito-y-pide-que-se-aplique-la-amnistia-sin-reservas\/#primaryimage"},"image":{"@id":"https:\/\/www.eltriangle.eu\/es\/2024\/10\/01\/rull-defiende-que-votar-no-es-ni-puede-ser-nunca-un-delito-y-pide-que-se-aplique-la-amnistia-sin-reservas\/#primaryimage"},"thumbnailUrl":"https:\/\/www.eltriangle.eu\/wp-content\/uploads\/2024\/10\/discurs-del-president-del-parlament-josep-rull-foto-acn-nico-tomas.jpg","datePublished":"2024-10-01T14:30:47+00:00","dateModified":"2024-10-01T15:24:06+00:00","description":"El presidente del Parlamento de Catalu\u00f1a, Josep Rull, ha defendido este martes que, en democracia, \"votar no es ni puede ser nunca delito alguno\". Con","breadcrumb":{"@id":"https:\/\/www.eltriangle.eu\/es\/2024\/10\/01\/rull-defiende-que-votar-no-es-ni-puede-ser-nunca-un-delito-y-pide-que-se-aplique-la-amnistia-sin-reservas\/#breadcrumb"},"inLanguage":"es","potentialAction":[{"@type":"ReadAction","target":["https:\/\/www.eltriangle.eu\/es\/2024\/10\/01\/rull-defiende-que-votar-no-es-ni-puede-ser-nunca-un-delito-y-pide-que-se-aplique-la-amnistia-sin-reservas\/"]}]},{"@type":"ImageObject","inLanguage":"es","@id":"https:\/\/www.eltriangle.eu\/es\/2024\/10\/01\/rull-defiende-que-votar-no-es-ni-puede-ser-nunca-un-delito-y-pide-que-se-aplique-la-amnistia-sin-reservas\/#primaryimage","url":"https:\/\/www.eltriangle.eu\/wp-content\/uploads\/2024\/10\/discurs-del-president-del-parlament-josep-rull-foto-acn-nico-tomas.jpg","contentUrl":"https:\/\/www.eltriangle.eu\/wp-content\/uploads\/2024\/10\/discurs-del-president-del-parlament-josep-rull-foto-acn-nico-tomas.jpg","width":1200,"height":800,"caption":"Discurs del president del Parlament, Josep Rull - Foto: ACN, Nico Tom\u00e1s"},{"@type":"BreadcrumbList","@id":"https:\/\/www.eltriangle.eu\/es\/2024\/10\/01\/rull-defiende-que-votar-no-es-ni-puede-ser-nunca-un-delito-y-pide-que-se-aplique-la-amnistia-sin-reservas\/#breadcrumb","itemListElement":[{"@type":"ListItem","position":1,"name":"Portada","item":"https:\/\/www.eltriangle.eu\/es\/"},{"@type":"ListItem","position":2,"name":"Rull defiende que &#8220;votar no es ni puede ser nunca un delito&#8221; y pide que se aplique la amnist\u00eda &#8220;sin reservas&#8221;"}]},{"@type":"WebSite","@id":"https:\/\/www.eltriangle.eu\/es\/#website","url":"https:\/\/www.eltriangle.eu\/es\/","name":"El Triangle","description":"El Triangle \u00e9s un Diari d&#039;informaci\u00f3 general, editat a Catalunya i escrit en llengua catalana, especialitzat en investigaci\u00f3 period\u00edstica","publisher":{"@id":"https:\/\/www.eltriangle.eu\/es\/#organization"},"potentialAction":[{"@type":"SearchAction","target":{"@type":"EntryPoint","urlTemplate":"https:\/\/www.eltriangle.eu\/es\/?s={search_term_string}"},"query-input":{"@type":"PropertyValueSpecification","valueRequired":true,"valueName":"search_term_string"}}],"inLanguage":"es"},{"@type":["Organization","NewsMediaOrganization"],"@id":"https:\/\/www.eltriangle.eu\/es\/#organization","name":"El Triangle","url":"https:\/\/www.eltriangle.eu\/es\/","logo":{"@type":"ImageObject","inLanguage":"es","@id":"https:\/\/www.eltriangle.eu\/es\/#\/schema\/logo\/image\/","url":"https:\/\/www.eltriangle.eu\/wp-content\/uploads\/2020\/11\/triangle_logo-ajustado.jpg","contentUrl":"https:\/\/www.eltriangle.eu\/wp-content\/uploads\/2020\/11\/triangle_logo-ajustado.jpg","width":521,"height":92,"caption":"El Triangle"},"image":{"@id":"https:\/\/www.eltriangle.eu\/es\/#\/schema\/logo\/image\/"},"sameAs":["https:\/\/www.facebook.com\/El-Triangle-Diari-101787399020302","https:\/\/x.com\/El_Triangle","https:\/\/www.youtube.com\/channel\/UCTIjmYEMYSpdGonuAgNhbcg"]},{"@type":"Person","@id":"https:\/\/www.eltriangle.eu\/es\/#\/schema\/person\/6e5938f06dd4dcd413779558fbf437d9","name":"Redacci\u00f3 \/ ACN","image":{"@type":"ImageObject","inLanguage":"es","@id":"\/\/www.gravatar.com\/avatar\/a5bc366245a614da74d9f8d49d1b53bf?s=96&#038;r=g&#038;d=mm","url":"\/\/www.gravatar.com\/avatar\/a5bc366245a614da74d9f8d49d1b53bf?s=96&#038;r=g&#038;d=mm","contentUrl":"\/\/www.gravatar.com\/avatar\/a5bc366245a614da74d9f8d49d1b53bf?s=96&#038;r=g&#038;d=mm","caption":"Redacci\u00f3 \/ ACN"},"url":"https:\/\/www.eltriangle.eu\/es\/author\/redaccioacn\/"},{"@type":"SiteNavigationElement","@id":"https:\/\/www.eltriangle.eu\/es\/#site-navigation","cssSelector":[".cib-main-menu"]},{"@type":"WPHeader","@id":"https:\/\/www.eltriangle.eu\/es\/#header","cssSelector":[".cib-header"]},{"@type":"WPFooter","@id":"https:\/\/www.eltriangle.eu\/es\/#footer","cssSelector":[".cib-footer"]}]}},"amp_enabled":true,"_links":{"self":[{"href":"https:\/\/www.eltriangle.eu\/es\/wp-json\/wp\/v2\/posts\/280957","targetHints":{"allow":["GET"]}}],"collection":[{"href":"https:\/\/www.eltriangle.eu\/es\/wp-json\/wp\/v2\/posts"}],"about":[{"href":"https:\/\/www.eltriangle.eu\/es\/wp-json\/wp\/v2\/types\/post"}],"author":[{"embeddable":true,"href":"https:\/\/www.eltriangle.eu\/es\/wp-json\/wp\/v2\/users\/179"}],"replies":[{"embeddable":true,"href":"https:\/\/www.eltriangle.eu\/es\/wp-json\/wp\/v2\/comments?post=280957"}],"version-history":[{"count":0,"href":"https:\/\/www.eltriangle.eu\/es\/wp-json\/wp\/v2\/posts\/280957\/revisions"}],"wp:featuredmedia":[{"embeddable":true,"href":"https:\/\/www.eltriangle.eu\/es\/wp-json\/wp\/v2\/media\/280955"}],"wp:attachment":[{"href":"https:\/\/www.eltriangle.eu\/es\/wp-json\/wp\/v2\/media?parent=280957"}],"wp:term":[{"taxonomy":"category","embeddable":true,"href":"https:\/\/www.eltriangle.eu\/es\/wp-json\/wp\/v2\/categories?post=280957"},{"taxonomy":"post_tag","embeddable":true,"href":"https:\/\/www.eltriangle.eu\/es\/wp-json\/wp\/v2\/tags?post=280957"}],"curies":[{"name":"wp","href":"https:\/\/api.w.org\/{rel}","templated":true}]}}