{"id":280666,"date":"2024-09-30T11:22:42","date_gmt":"2024-09-30T09:22:42","guid":{"rendered":null},"modified":"2024-09-30T11:22:42","modified_gmt":"2024-09-30T09:22:42","slug":"albares-dice-que-espana-esta-dispuesta-a-ir-al-tjue-para-conseguir-la-oficialidad-del-catalan-en-europa","status":"publish","type":"post","link":"https:\/\/www.eltriangle.eu\/es\/2024\/09\/30\/albares-dice-que-espana-esta-dispuesta-a-ir-al-tjue-para-conseguir-la-oficialidad-del-catalan-en-europa\/","title":{"rendered":"Albares dice que Espa\u00f1a est\u00e1 dispuesta a ir al TJUE para conseguir la oficialidad del catal\u00e1n en Europa"},"content":{"rendered":"<p>El ministro de Exteriores, <strong>Jos\u00e9 Manuel Albares<\/strong>, ha asegurado en una entrevista en Catalunya R\u00e0dio que \u00absi hace falta\u00bb Espa\u00f1a est\u00e1 dispuesta a recurrir al <strong>Tribunal de Justicia de la Uni\u00f3n Europea (TJUE)<\/strong> para conseguir la oficialidad del catal\u00e1n en Europa. Seg\u00fan Albares, \u00abno hay obst\u00e1culos reales\u00bb por parte del resto de socios para impedir la oficialidad, y todas las reticencias tienen car\u00e1cter \u00abpol\u00edtico\u00bb y proceden de pa\u00edses donde el PP europeo gobierna con la extrema derecha. \u00abSi nosotros utilizamos estas lenguas en el Parlamento, las tenemos reconocidas en la Constituci\u00f3n estamos dispuestos a afrontar el coste porque a nadie le suponga un esfuerzo econ\u00f3mico, estas lenguas tienen que ser oficiales y tienen que estar recogidas a los tratados de la Uni\u00f3n Europea\u00bb, ha dicho.<\/p>\n<p>Albares ha asegurado que Espa\u00f1a est\u00e1 abordando esta cuesti\u00f3n con otros pa\u00edses europeos que tienen reticencias y \u00abnegociar\u00e1 pol\u00edticamente\u00bb para conseguir el objetivo. \u00abSi la negociaci\u00f3n es pol\u00edtica, revisaremos las cuestiones donde otros Estados necesitan nuestra ayuda para decirles que no se puede pedir nuestra ayuda cuando no se ayuda en Espa\u00f1a en una cosa tan vital como es nuestra realidad nacional, que es pluriling\u00fce\u00bb.<\/p>\n<p>Seg\u00fan el ministro, el ejecutivo pedir\u00e1 que se apliquen los tratados que establecen que el multiling\u00fcismo es \u00abun valor de la Uni\u00f3n\u00bb, y que fijen como principio \u00abla defensa de la identidad nacional de los pa\u00edses\u00bb. \u00abEl hecho de disponer de traductores no es un problema, el coste tampoco, porque Espa\u00f1a est\u00e1 dispuesta a asumir, y tampoco crea un precedente porque hemos establecido elementos que solo se cumplen en Espa\u00f1a\u00bb.<\/p>\n<p>En cuanto a la carta que ha enviado a la presidenta del Parlamento Europeo,<strong> Roberta Metsola<\/strong>, por el uso del catal\u00e1n en el <strong>Parlamento Europeo<\/strong>, ha afirmado que Metsola no le ha respondido, pero ha recordado que su objetivo es que se produzca una reuni\u00f3n, analizar el reparto de fuerzas en el Europarlamento, y que esta \u00ablleve a un orden del d\u00eda\u00bb del Parlamento Europeo el uso del catal\u00e1n.<\/p>\n<p>Seg\u00fan Albares, \u00abesta legislatura\u00bb europea \u00abno puede acabar sin que esto se lleve a la Mesa\u00bb del Parlamento Europeo. Preguntado por si se puede conseguir en un a\u00f1o, ha afirmado que \u00e9l trabaja \u00abcon la posibilidad que esto sea una realidad tan pronto como sea posible\u00bb, y \u00abtodos los embajadores tienen instrucciones para hacer todas las gestiones\u00bb para la oficialidad, ha afirmado.<\/p>\n","protected":false},"excerpt":{"rendered":"<p>El ministro de Exteriores, Jos\u00e9 Manuel Albares, ha asegurado en una entrevista en Catalunya R\u00e0dio que \u00absi hace falta\u00bb Espa\u00f1a est\u00e1 dispuesta a recurrir al Tribunal de Justicia de la Uni\u00f3n Europea (TJUE) para conseguir la oficialidad del catal\u00e1n en Europa. Seg\u00fan Albares, \u00abno hay obst\u00e1culos reales\u00bb por parte del resto de socios para impedir &#8230; <a title=\"Albares dice que Espa\u00f1a est\u00e1 dispuesta a ir al TJUE para conseguir la oficialidad del catal\u00e1n en Europa\" class=\"read-more\" href=\"https:\/\/www.eltriangle.eu\/es\/2024\/09\/30\/albares-dice-que-espana-esta-dispuesta-a-ir-al-tjue-para-conseguir-la-oficialidad-del-catalan-en-europa\/\" aria-label=\"Leer m\u00e1s sobre Albares dice que Espa\u00f1a est\u00e1 dispuesta a ir al TJUE para conseguir la oficialidad del catal\u00e1n en Europa\">Leer m\u00e1s<\/a><\/p>\n","protected":false},"author":93,"featured_media":280660,"comment_status":"open","ping_status":"closed","sticky":false,"template":"","format":"standard","meta":{"_acf_changed":false,"pmpro_default_level":"","footnotes":""},"categories":[24,84,74,96],"tags":[2903,277,2638,1710],"class_list":["post-280666","post","type-post","status-publish","format-standard","has-post-thumbnail","hentry","category-actualidad","category-mundo","category-poderes","category-tribunales","tag-jose-manuel-albares-es","tag-parlamento-europeo","tag-roberta-metsola-es","tag-tribunal-de-justicia-de-la-unio-europea-tjue-es","lh_instant_articles-syndicate-yes","pmpro-has-access"],"acf":[],"yoast_head":"<!-- This site is optimized with the Yoast SEO plugin v27.4 - https:\/\/yoast.com\/product\/yoast-seo-wordpress\/ -->\n<title>Albares dice que Espa\u00f1a est\u00e1 dispuesta a ir al TJUE para conseguir la oficialidad del catal\u00e1n en Europa - El Triangle<\/title>\n<meta name=\"description\" content=\"El ministro de Exteriores, Jos\u00e9 Manuel Albares, ha asegurado en una entrevista en Catalunya R\u00e0dio que &quot;si hace falta&quot; Espa\u00f1a est\u00e1 dispuesta a recurrir al\" class=\"yoast-seo-meta-tag\" \/>\n<meta name=\"robots\" content=\"index, follow, max-snippet:-1, max-image-preview:large, max-video-preview:-1\" \/>\n<link rel=\"canonical\" href=\"https:\/\/www.eltriangle.eu\/es\/2024\/09\/30\/albares-dice-que-espana-esta-dispuesta-a-ir-al-tjue-para-conseguir-la-oficialidad-del-catalan-en-europa\/\" class=\"yoast-seo-meta-tag\" \/>\n<meta property=\"og:locale\" content=\"es_ES\" class=\"yoast-seo-meta-tag\" \/>\n<meta property=\"og:type\" content=\"article\" class=\"yoast-seo-meta-tag\" \/>\n<meta property=\"og:title\" content=\"Albares dice que Espa\u00f1a est\u00e1 dispuesta a ir al TJUE para conseguir la oficialidad del catal\u00e1n en Europa - El Triangle\" class=\"yoast-seo-meta-tag\" \/>\n<meta property=\"og:description\" content=\"El ministro de Exteriores, Jos\u00e9 Manuel Albares, ha asegurado en una entrevista en Catalunya R\u00e0dio que &quot;si hace falta&quot; Espa\u00f1a est\u00e1 dispuesta a recurrir al\" class=\"yoast-seo-meta-tag\" \/>\n<meta property=\"og:url\" content=\"https:\/\/www.eltriangle.eu\/es\/2024\/09\/30\/albares-dice-que-espana-esta-dispuesta-a-ir-al-tjue-para-conseguir-la-oficialidad-del-catalan-en-europa\/\" class=\"yoast-seo-meta-tag\" \/>\n<meta property=\"og:site_name\" content=\"El Triangle\" class=\"yoast-seo-meta-tag\" \/>\n<meta property=\"article:publisher\" content=\"https:\/\/www.facebook.com\/El-Triangle-Diari-101787399020302\" class=\"yoast-seo-meta-tag\" \/>\n<meta property=\"article:published_time\" content=\"2024-09-30T09:22:42+00:00\" class=\"yoast-seo-meta-tag\" \/>\n<meta property=\"og:image\" content=\"https:\/\/www.eltriangle.eu\/wp-content\/uploads\/2024\/09\/jose-manuel-albares.jpg\" class=\"yoast-seo-meta-tag\" \/>\n\t<meta property=\"og:image:width\" content=\"1200\" class=\"yoast-seo-meta-tag\" \/>\n\t<meta property=\"og:image:height\" content=\"800\" class=\"yoast-seo-meta-tag\" \/>\n\t<meta property=\"og:image:type\" content=\"image\/jpeg\" class=\"yoast-seo-meta-tag\" \/>\n<meta name=\"author\" content=\"redaccio\" class=\"yoast-seo-meta-tag\" \/>\n<meta name=\"twitter:card\" content=\"summary_large_image\" class=\"yoast-seo-meta-tag\" \/>\n<meta name=\"twitter:creator\" content=\"@El_Triangle\" class=\"yoast-seo-meta-tag\" \/>\n<meta name=\"twitter:site\" content=\"@El_Triangle\" class=\"yoast-seo-meta-tag\" \/>\n<meta name=\"twitter:label1\" content=\"Escrito por\" class=\"yoast-seo-meta-tag\" \/>\n\t<meta name=\"twitter:data1\" content=\"redaccio\" class=\"yoast-seo-meta-tag\" \/>\n\t<meta name=\"twitter:label2\" content=\"Tiempo de lectura\" class=\"yoast-seo-meta-tag\" \/>\n\t<meta name=\"twitter:data2\" content=\"2 minutos\" class=\"yoast-seo-meta-tag\" \/>\n<script type=\"application\/ld+json\" class=\"yoast-schema-graph\">{\"@context\":\"https:\\\/\\\/schema.org\",\"@graph\":[{\"@type\":\"NewsArticle\",\"@id\":\"https:\\\/\\\/www.eltriangle.eu\\\/es\\\/2024\\\/09\\\/30\\\/albares-dice-que-espana-esta-dispuesta-a-ir-al-tjue-para-conseguir-la-oficialidad-del-catalan-en-europa\\\/#article\",\"isPartOf\":{\"@id\":\"https:\\\/\\\/www.eltriangle.eu\\\/es\\\/2024\\\/09\\\/30\\\/albares-dice-que-espana-esta-dispuesta-a-ir-al-tjue-para-conseguir-la-oficialidad-del-catalan-en-europa\\\/\"},\"author\":{\"name\":\"redaccio\",\"@id\":\"https:\\\/\\\/www.eltriangle.eu\\\/es\\\/#\\\/schema\\\/person\\\/7e5bff7fe0202e362b26fcec2bd6f383\"},\"headline\":\"Albares dice que Espa\u00f1a est\u00e1 dispuesta a ir al TJUE para conseguir la oficialidad del catal\u00e1n en Europa\",\"datePublished\":\"2024-09-30T09:22:42+00:00\",\"mainEntityOfPage\":{\"@id\":\"https:\\\/\\\/www.eltriangle.eu\\\/es\\\/2024\\\/09\\\/30\\\/albares-dice-que-espana-esta-dispuesta-a-ir-al-tjue-para-conseguir-la-oficialidad-del-catalan-en-europa\\\/\"},\"wordCount\":443,\"commentCount\":0,\"publisher\":{\"@id\":\"https:\\\/\\\/www.eltriangle.eu\\\/es\\\/#organization\"},\"image\":{\"@id\":\"https:\\\/\\\/www.eltriangle.eu\\\/es\\\/2024\\\/09\\\/30\\\/albares-dice-que-espana-esta-dispuesta-a-ir-al-tjue-para-conseguir-la-oficialidad-del-catalan-en-europa\\\/#primaryimage\"},\"thumbnailUrl\":\"https:\\\/\\\/www.eltriangle.eu\\\/wp-content\\\/uploads\\\/2024\\\/09\\\/jose-manuel-albares.jpg\",\"keywords\":[\"Jos\u00e9 Manuel Albares\",\"Parlamento Europeo\",\"Roberta Metsola\",\"Tribunal de Just\u00edcia de la Uni\u00f3 Europea (TJUE)\"],\"articleSection\":[\"Actualidad\",\"Mundo\",\"Poderes\",\"Tribunales\"],\"inLanguage\":\"es\",\"potentialAction\":[{\"@type\":\"CommentAction\",\"name\":\"Comment\",\"target\":[\"https:\\\/\\\/www.eltriangle.eu\\\/es\\\/2024\\\/09\\\/30\\\/albares-dice-que-espana-esta-dispuesta-a-ir-al-tjue-para-conseguir-la-oficialidad-del-catalan-en-europa\\\/#respond\"]}]},{\"@type\":\"WebPage\",\"@id\":\"https:\\\/\\\/www.eltriangle.eu\\\/es\\\/2024\\\/09\\\/30\\\/albares-dice-que-espana-esta-dispuesta-a-ir-al-tjue-para-conseguir-la-oficialidad-del-catalan-en-europa\\\/\",\"url\":\"https:\\\/\\\/www.eltriangle.eu\\\/es\\\/2024\\\/09\\\/30\\\/albares-dice-que-espana-esta-dispuesta-a-ir-al-tjue-para-conseguir-la-oficialidad-del-catalan-en-europa\\\/\",\"name\":\"Albares dice que Espa\u00f1a est\u00e1 dispuesta a ir al TJUE para conseguir la oficialidad del catal\u00e1n en Europa - El Triangle\",\"isPartOf\":{\"@id\":\"https:\\\/\\\/www.eltriangle.eu\\\/es\\\/#website\"},\"primaryImageOfPage\":{\"@id\":\"https:\\\/\\\/www.eltriangle.eu\\\/es\\\/2024\\\/09\\\/30\\\/albares-dice-que-espana-esta-dispuesta-a-ir-al-tjue-para-conseguir-la-oficialidad-del-catalan-en-europa\\\/#primaryimage\"},\"image\":{\"@id\":\"https:\\\/\\\/www.eltriangle.eu\\\/es\\\/2024\\\/09\\\/30\\\/albares-dice-que-espana-esta-dispuesta-a-ir-al-tjue-para-conseguir-la-oficialidad-del-catalan-en-europa\\\/#primaryimage\"},\"thumbnailUrl\":\"https:\\\/\\\/www.eltriangle.eu\\\/wp-content\\\/uploads\\\/2024\\\/09\\\/jose-manuel-albares.jpg\",\"datePublished\":\"2024-09-30T09:22:42+00:00\",\"description\":\"El ministro de Exteriores, Jos\u00e9 Manuel Albares, ha asegurado en una entrevista en Catalunya R\u00e0dio que \\\"si hace falta\\\" Espa\u00f1a est\u00e1 dispuesta a recurrir al\",\"breadcrumb\":{\"@id\":\"https:\\\/\\\/www.eltriangle.eu\\\/es\\\/2024\\\/09\\\/30\\\/albares-dice-que-espana-esta-dispuesta-a-ir-al-tjue-para-conseguir-la-oficialidad-del-catalan-en-europa\\\/#breadcrumb\"},\"inLanguage\":\"es\",\"potentialAction\":[{\"@type\":\"ReadAction\",\"target\":[\"https:\\\/\\\/www.eltriangle.eu\\\/es\\\/2024\\\/09\\\/30\\\/albares-dice-que-espana-esta-dispuesta-a-ir-al-tjue-para-conseguir-la-oficialidad-del-catalan-en-europa\\\/\"]}]},{\"@type\":\"ImageObject\",\"inLanguage\":\"es\",\"@id\":\"https:\\\/\\\/www.eltriangle.eu\\\/es\\\/2024\\\/09\\\/30\\\/albares-dice-que-espana-esta-dispuesta-a-ir-al-tjue-para-conseguir-la-oficialidad-del-catalan-en-europa\\\/#primaryimage\",\"url\":\"https:\\\/\\\/www.eltriangle.eu\\\/wp-content\\\/uploads\\\/2024\\\/09\\\/jose-manuel-albares.jpg\",\"contentUrl\":\"https:\\\/\\\/www.eltriangle.eu\\\/wp-content\\\/uploads\\\/2024\\\/09\\\/jose-manuel-albares.jpg\",\"width\":1200,\"height\":800,\"caption\":\"Jos\u00e9 Manuel Albares\"},{\"@type\":\"BreadcrumbList\",\"@id\":\"https:\\\/\\\/www.eltriangle.eu\\\/es\\\/2024\\\/09\\\/30\\\/albares-dice-que-espana-esta-dispuesta-a-ir-al-tjue-para-conseguir-la-oficialidad-del-catalan-en-europa\\\/#breadcrumb\",\"itemListElement\":[{\"@type\":\"ListItem\",\"position\":1,\"name\":\"Portada\",\"item\":\"https:\\\/\\\/www.eltriangle.eu\\\/es\\\/\"},{\"@type\":\"ListItem\",\"position\":2,\"name\":\"Albares dice que Espa\u00f1a est\u00e1 dispuesta a ir al TJUE para conseguir la oficialidad del catal\u00e1n en Europa\"}]},{\"@type\":\"WebSite\",\"@id\":\"https:\\\/\\\/www.eltriangle.eu\\\/es\\\/#website\",\"url\":\"https:\\\/\\\/www.eltriangle.eu\\\/es\\\/\",\"name\":\"El Triangle\",\"description\":\"El Triangle \u00e9s un Diari d&#039;informaci\u00f3 general, editat a Catalunya i escrit en llengua catalana, especialitzat en investigaci\u00f3 period\u00edstica\",\"publisher\":{\"@id\":\"https:\\\/\\\/www.eltriangle.eu\\\/es\\\/#organization\"},\"potentialAction\":[{\"@type\":\"SearchAction\",\"target\":{\"@type\":\"EntryPoint\",\"urlTemplate\":\"https:\\\/\\\/www.eltriangle.eu\\\/es\\\/?s={search_term_string}\"},\"query-input\":{\"@type\":\"PropertyValueSpecification\",\"valueRequired\":true,\"valueName\":\"search_term_string\"}}],\"inLanguage\":\"es\"},{\"@type\":[\"Organization\",\"NewsMediaOrganization\"],\"@id\":\"https:\\\/\\\/www.eltriangle.eu\\\/es\\\/#organization\",\"name\":\"El Triangle\",\"url\":\"https:\\\/\\\/www.eltriangle.eu\\\/es\\\/\",\"logo\":{\"@type\":\"ImageObject\",\"inLanguage\":\"es\",\"@id\":\"https:\\\/\\\/www.eltriangle.eu\\\/es\\\/#\\\/schema\\\/logo\\\/image\\\/\",\"url\":\"https:\\\/\\\/www.eltriangle.eu\\\/wp-content\\\/uploads\\\/2020\\\/11\\\/triangle_logo-ajustado.jpg\",\"contentUrl\":\"https:\\\/\\\/www.eltriangle.eu\\\/wp-content\\\/uploads\\\/2020\\\/11\\\/triangle_logo-ajustado.jpg\",\"width\":521,\"height\":92,\"caption\":\"El Triangle\"},\"image\":{\"@id\":\"https:\\\/\\\/www.eltriangle.eu\\\/es\\\/#\\\/schema\\\/logo\\\/image\\\/\"},\"sameAs\":[\"https:\\\/\\\/www.facebook.com\\\/El-Triangle-Diari-101787399020302\",\"https:\\\/\\\/x.com\\\/El_Triangle\",\"https:\\\/\\\/www.youtube.com\\\/channel\\\/UCTIjmYEMYSpdGonuAgNhbcg\"]},{\"@type\":\"Person\",\"@id\":\"https:\\\/\\\/www.eltriangle.eu\\\/es\\\/#\\\/schema\\\/person\\\/7e5bff7fe0202e362b26fcec2bd6f383\",\"name\":\"redaccio\",\"image\":{\"@type\":\"ImageObject\",\"inLanguage\":\"es\",\"@id\":\"\\\/\\\/www.gravatar.com\\\/avatar\\\/5661b3e51fe6027f31ed1f408d22a917?s=96&#038;r=g&#038;d=mm\",\"url\":\"\\\/\\\/www.gravatar.com\\\/avatar\\\/5661b3e51fe6027f31ed1f408d22a917?s=96&#038;r=g&#038;d=mm\",\"contentUrl\":\"\\\/\\\/www.gravatar.com\\\/avatar\\\/5661b3e51fe6027f31ed1f408d22a917?s=96&#038;r=g&#038;d=mm\",\"caption\":\"redaccio\"},\"url\":\"https:\\\/\\\/www.eltriangle.eu\\\/es\\\/author\\\/redaccio\\\/\"},{\"@type\":\"SiteNavigationElement\",\"@id\":\"https:\\\/\\\/www.eltriangle.eu\\\/es\\\/#site-navigation\",\"cssSelector\":[\".cib-main-menu\"]},{\"@type\":\"WPHeader\",\"@id\":\"https:\\\/\\\/www.eltriangle.eu\\\/es\\\/#header\",\"cssSelector\":[\".cib-header\"]},{\"@type\":\"WPFooter\",\"@id\":\"https:\\\/\\\/www.eltriangle.eu\\\/es\\\/#footer\",\"cssSelector\":[\".cib-footer\"]}]}<\/script>\n<!-- \/ Yoast SEO plugin. -->","yoast_head_json":{"title":"Albares dice que Espa\u00f1a est\u00e1 dispuesta a ir al TJUE para conseguir la oficialidad del catal\u00e1n en Europa - El Triangle","description":"El ministro de Exteriores, Jos\u00e9 Manuel Albares, ha asegurado en una entrevista en Catalunya R\u00e0dio que \"si hace falta\" Espa\u00f1a est\u00e1 dispuesta a recurrir al","robots":{"index":"index","follow":"follow","max-snippet":"max-snippet:-1","max-image-preview":"max-image-preview:large","max-video-preview":"max-video-preview:-1"},"canonical":"https:\/\/www.eltriangle.eu\/es\/2024\/09\/30\/albares-dice-que-espana-esta-dispuesta-a-ir-al-tjue-para-conseguir-la-oficialidad-del-catalan-en-europa\/","og_locale":"es_ES","og_type":"article","og_title":"Albares dice que Espa\u00f1a est\u00e1 dispuesta a ir al TJUE para conseguir la oficialidad del catal\u00e1n en Europa - El Triangle","og_description":"El ministro de Exteriores, Jos\u00e9 Manuel Albares, ha asegurado en una entrevista en Catalunya R\u00e0dio que \"si hace falta\" Espa\u00f1a est\u00e1 dispuesta a recurrir al","og_url":"https:\/\/www.eltriangle.eu\/es\/2024\/09\/30\/albares-dice-que-espana-esta-dispuesta-a-ir-al-tjue-para-conseguir-la-oficialidad-del-catalan-en-europa\/","og_site_name":"El Triangle","article_publisher":"https:\/\/www.facebook.com\/El-Triangle-Diari-101787399020302","article_published_time":"2024-09-30T09:22:42+00:00","og_image":[{"width":1200,"height":800,"url":"https:\/\/www.eltriangle.eu\/wp-content\/uploads\/2024\/09\/jose-manuel-albares.jpg","type":"image\/jpeg"}],"author":"redaccio","twitter_card":"summary_large_image","twitter_creator":"@El_Triangle","twitter_site":"@El_Triangle","twitter_misc":{"Escrito por":"redaccio","Tiempo de lectura":"2 minutos"},"schema":{"@context":"https:\/\/schema.org","@graph":[{"@type":"NewsArticle","@id":"https:\/\/www.eltriangle.eu\/es\/2024\/09\/30\/albares-dice-que-espana-esta-dispuesta-a-ir-al-tjue-para-conseguir-la-oficialidad-del-catalan-en-europa\/#article","isPartOf":{"@id":"https:\/\/www.eltriangle.eu\/es\/2024\/09\/30\/albares-dice-que-espana-esta-dispuesta-a-ir-al-tjue-para-conseguir-la-oficialidad-del-catalan-en-europa\/"},"author":{"name":"redaccio","@id":"https:\/\/www.eltriangle.eu\/es\/#\/schema\/person\/7e5bff7fe0202e362b26fcec2bd6f383"},"headline":"Albares dice que Espa\u00f1a est\u00e1 dispuesta a ir al TJUE para conseguir la oficialidad del catal\u00e1n en Europa","datePublished":"2024-09-30T09:22:42+00:00","mainEntityOfPage":{"@id":"https:\/\/www.eltriangle.eu\/es\/2024\/09\/30\/albares-dice-que-espana-esta-dispuesta-a-ir-al-tjue-para-conseguir-la-oficialidad-del-catalan-en-europa\/"},"wordCount":443,"commentCount":0,"publisher":{"@id":"https:\/\/www.eltriangle.eu\/es\/#organization"},"image":{"@id":"https:\/\/www.eltriangle.eu\/es\/2024\/09\/30\/albares-dice-que-espana-esta-dispuesta-a-ir-al-tjue-para-conseguir-la-oficialidad-del-catalan-en-europa\/#primaryimage"},"thumbnailUrl":"https:\/\/www.eltriangle.eu\/wp-content\/uploads\/2024\/09\/jose-manuel-albares.jpg","keywords":["Jos\u00e9 Manuel Albares","Parlamento Europeo","Roberta Metsola","Tribunal de Just\u00edcia de la Uni\u00f3 Europea (TJUE)"],"articleSection":["Actualidad","Mundo","Poderes","Tribunales"],"inLanguage":"es","potentialAction":[{"@type":"CommentAction","name":"Comment","target":["https:\/\/www.eltriangle.eu\/es\/2024\/09\/30\/albares-dice-que-espana-esta-dispuesta-a-ir-al-tjue-para-conseguir-la-oficialidad-del-catalan-en-europa\/#respond"]}]},{"@type":"WebPage","@id":"https:\/\/www.eltriangle.eu\/es\/2024\/09\/30\/albares-dice-que-espana-esta-dispuesta-a-ir-al-tjue-para-conseguir-la-oficialidad-del-catalan-en-europa\/","url":"https:\/\/www.eltriangle.eu\/es\/2024\/09\/30\/albares-dice-que-espana-esta-dispuesta-a-ir-al-tjue-para-conseguir-la-oficialidad-del-catalan-en-europa\/","name":"Albares dice que Espa\u00f1a est\u00e1 dispuesta a ir al TJUE para conseguir la oficialidad del catal\u00e1n en Europa - El Triangle","isPartOf":{"@id":"https:\/\/www.eltriangle.eu\/es\/#website"},"primaryImageOfPage":{"@id":"https:\/\/www.eltriangle.eu\/es\/2024\/09\/30\/albares-dice-que-espana-esta-dispuesta-a-ir-al-tjue-para-conseguir-la-oficialidad-del-catalan-en-europa\/#primaryimage"},"image":{"@id":"https:\/\/www.eltriangle.eu\/es\/2024\/09\/30\/albares-dice-que-espana-esta-dispuesta-a-ir-al-tjue-para-conseguir-la-oficialidad-del-catalan-en-europa\/#primaryimage"},"thumbnailUrl":"https:\/\/www.eltriangle.eu\/wp-content\/uploads\/2024\/09\/jose-manuel-albares.jpg","datePublished":"2024-09-30T09:22:42+00:00","description":"El ministro de Exteriores, Jos\u00e9 Manuel Albares, ha asegurado en una entrevista en Catalunya R\u00e0dio que \"si hace falta\" Espa\u00f1a est\u00e1 dispuesta a recurrir al","breadcrumb":{"@id":"https:\/\/www.eltriangle.eu\/es\/2024\/09\/30\/albares-dice-que-espana-esta-dispuesta-a-ir-al-tjue-para-conseguir-la-oficialidad-del-catalan-en-europa\/#breadcrumb"},"inLanguage":"es","potentialAction":[{"@type":"ReadAction","target":["https:\/\/www.eltriangle.eu\/es\/2024\/09\/30\/albares-dice-que-espana-esta-dispuesta-a-ir-al-tjue-para-conseguir-la-oficialidad-del-catalan-en-europa\/"]}]},{"@type":"ImageObject","inLanguage":"es","@id":"https:\/\/www.eltriangle.eu\/es\/2024\/09\/30\/albares-dice-que-espana-esta-dispuesta-a-ir-al-tjue-para-conseguir-la-oficialidad-del-catalan-en-europa\/#primaryimage","url":"https:\/\/www.eltriangle.eu\/wp-content\/uploads\/2024\/09\/jose-manuel-albares.jpg","contentUrl":"https:\/\/www.eltriangle.eu\/wp-content\/uploads\/2024\/09\/jose-manuel-albares.jpg","width":1200,"height":800,"caption":"Jos\u00e9 Manuel Albares"},{"@type":"BreadcrumbList","@id":"https:\/\/www.eltriangle.eu\/es\/2024\/09\/30\/albares-dice-que-espana-esta-dispuesta-a-ir-al-tjue-para-conseguir-la-oficialidad-del-catalan-en-europa\/#breadcrumb","itemListElement":[{"@type":"ListItem","position":1,"name":"Portada","item":"https:\/\/www.eltriangle.eu\/es\/"},{"@type":"ListItem","position":2,"name":"Albares dice que Espa\u00f1a est\u00e1 dispuesta a ir al TJUE para conseguir la oficialidad del catal\u00e1n en Europa"}]},{"@type":"WebSite","@id":"https:\/\/www.eltriangle.eu\/es\/#website","url":"https:\/\/www.eltriangle.eu\/es\/","name":"El Triangle","description":"El Triangle \u00e9s un Diari d&#039;informaci\u00f3 general, editat a Catalunya i escrit en llengua catalana, especialitzat en investigaci\u00f3 period\u00edstica","publisher":{"@id":"https:\/\/www.eltriangle.eu\/es\/#organization"},"potentialAction":[{"@type":"SearchAction","target":{"@type":"EntryPoint","urlTemplate":"https:\/\/www.eltriangle.eu\/es\/?s={search_term_string}"},"query-input":{"@type":"PropertyValueSpecification","valueRequired":true,"valueName":"search_term_string"}}],"inLanguage":"es"},{"@type":["Organization","NewsMediaOrganization"],"@id":"https:\/\/www.eltriangle.eu\/es\/#organization","name":"El Triangle","url":"https:\/\/www.eltriangle.eu\/es\/","logo":{"@type":"ImageObject","inLanguage":"es","@id":"https:\/\/www.eltriangle.eu\/es\/#\/schema\/logo\/image\/","url":"https:\/\/www.eltriangle.eu\/wp-content\/uploads\/2020\/11\/triangle_logo-ajustado.jpg","contentUrl":"https:\/\/www.eltriangle.eu\/wp-content\/uploads\/2020\/11\/triangle_logo-ajustado.jpg","width":521,"height":92,"caption":"El Triangle"},"image":{"@id":"https:\/\/www.eltriangle.eu\/es\/#\/schema\/logo\/image\/"},"sameAs":["https:\/\/www.facebook.com\/El-Triangle-Diari-101787399020302","https:\/\/x.com\/El_Triangle","https:\/\/www.youtube.com\/channel\/UCTIjmYEMYSpdGonuAgNhbcg"]},{"@type":"Person","@id":"https:\/\/www.eltriangle.eu\/es\/#\/schema\/person\/7e5bff7fe0202e362b26fcec2bd6f383","name":"redaccio","image":{"@type":"ImageObject","inLanguage":"es","@id":"\/\/www.gravatar.com\/avatar\/5661b3e51fe6027f31ed1f408d22a917?s=96&#038;r=g&#038;d=mm","url":"\/\/www.gravatar.com\/avatar\/5661b3e51fe6027f31ed1f408d22a917?s=96&#038;r=g&#038;d=mm","contentUrl":"\/\/www.gravatar.com\/avatar\/5661b3e51fe6027f31ed1f408d22a917?s=96&#038;r=g&#038;d=mm","caption":"redaccio"},"url":"https:\/\/www.eltriangle.eu\/es\/author\/redaccio\/"},{"@type":"SiteNavigationElement","@id":"https:\/\/www.eltriangle.eu\/es\/#site-navigation","cssSelector":[".cib-main-menu"]},{"@type":"WPHeader","@id":"https:\/\/www.eltriangle.eu\/es\/#header","cssSelector":[".cib-header"]},{"@type":"WPFooter","@id":"https:\/\/www.eltriangle.eu\/es\/#footer","cssSelector":[".cib-footer"]}]}},"amp_enabled":true,"_links":{"self":[{"href":"https:\/\/www.eltriangle.eu\/es\/wp-json\/wp\/v2\/posts\/280666","targetHints":{"allow":["GET"]}}],"collection":[{"href":"https:\/\/www.eltriangle.eu\/es\/wp-json\/wp\/v2\/posts"}],"about":[{"href":"https:\/\/www.eltriangle.eu\/es\/wp-json\/wp\/v2\/types\/post"}],"author":[{"embeddable":true,"href":"https:\/\/www.eltriangle.eu\/es\/wp-json\/wp\/v2\/users\/93"}],"replies":[{"embeddable":true,"href":"https:\/\/www.eltriangle.eu\/es\/wp-json\/wp\/v2\/comments?post=280666"}],"version-history":[{"count":0,"href":"https:\/\/www.eltriangle.eu\/es\/wp-json\/wp\/v2\/posts\/280666\/revisions"}],"wp:featuredmedia":[{"embeddable":true,"href":"https:\/\/www.eltriangle.eu\/es\/wp-json\/wp\/v2\/media\/280660"}],"wp:attachment":[{"href":"https:\/\/www.eltriangle.eu\/es\/wp-json\/wp\/v2\/media?parent=280666"}],"wp:term":[{"taxonomy":"category","embeddable":true,"href":"https:\/\/www.eltriangle.eu\/es\/wp-json\/wp\/v2\/categories?post=280666"},{"taxonomy":"post_tag","embeddable":true,"href":"https:\/\/www.eltriangle.eu\/es\/wp-json\/wp\/v2\/tags?post=280666"}],"curies":[{"name":"wp","href":"https:\/\/api.w.org\/{rel}","templated":true}]}}