{"id":280000,"date":"2024-09-25T21:13:03","date_gmt":"2024-09-25T19:13:03","guid":{"rendered":null},"modified":"2024-09-25T21:14:14","modified_gmt":"2024-09-25T19:14:14","slug":"pedro-sanchez-esperara-a-los-congresos-de-erc-y-junts-para-reactivar-el-calendario-para-aprobar-los-presupuestos","status":"publish","type":"post","link":"https:\/\/www.eltriangle.eu\/es\/2024\/09\/25\/pedro-sanchez-esperara-a-los-congresos-de-erc-y-junts-para-reactivar-el-calendario-para-aprobar-los-presupuestos\/","title":{"rendered":"Pedro S\u00e1nchez esperar\u00e1 a los congresos de ERC y Junts para reactivar el calendario para aprobar los presupuestos"},"content":{"rendered":"<p>El presidente del gobierno espa\u00f1ol, <strong>Pedro S\u00e1nchez<\/strong>, ha admitido este mi\u00e9rcoles que su ejecutivo <strong>esperar\u00e1 a la celebraci\u00f3n de los congresos de ERC (30 de noviembre) y Junts (25 al 27 de octubre) para retomar el calendario de tramitaci\u00f3n parlamentaria de los presupuestos<\/strong> generales del Estado (PGE) para el 2025.<\/p>\n<p>El martes el ejecutivo espa\u00f1ol retir\u00f3 la tramitaci\u00f3n de los objetivos de estabilidad \u2013primera etapa para la elaboraci\u00f3n de los presupuestos- para evitar una derrota parlamentaria.<\/p>\n<p>El presidente espa\u00f1ol sit\u00faa de este modo una eventual aprobaci\u00f3n de las nuevas cuentas a finales de a\u00f1o o ya a principios del 2025, tal como han apuntado esta semana tambi\u00e9n fuentes del PSOE y del ejecutivo espa\u00f1ol.<\/p>\n","protected":false},"excerpt":{"rendered":"<p>El presidente del gobierno espa\u00f1ol, Pedro S\u00e1nchez, ha admitido este mi\u00e9rcoles que su ejecutivo esperar\u00e1 a la celebraci\u00f3n de los congresos de ERC (30 de noviembre) y Junts (25 al 27 de octubre) para retomar el calendario de tramitaci\u00f3n parlamentaria de los presupuestos generales del Estado (PGE) para el 2025. El martes el ejecutivo espa\u00f1ol &#8230; <a title=\"Pedro S\u00e1nchez esperar\u00e1 a los congresos de ERC y Junts para reactivar el calendario para aprobar los presupuestos\" class=\"read-more\" href=\"https:\/\/www.eltriangle.eu\/es\/2024\/09\/25\/pedro-sanchez-esperara-a-los-congresos-de-erc-y-junts-para-reactivar-el-calendario-para-aprobar-los-presupuestos\/\" aria-label=\"Leer m\u00e1s sobre Pedro S\u00e1nchez esperar\u00e1 a los congresos de ERC y Junts para reactivar el calendario para aprobar los presupuestos\">Leer m\u00e1s<\/a><\/p>\n","protected":false},"author":97,"featured_media":273559,"comment_status":"open","ping_status":"closed","sticky":false,"template":"","format":"standard","meta":{"_acf_changed":false,"pmpro_default_level":"","footnotes":""},"categories":[24,74],"tags":[455,3957],"class_list":["post-280000","post","type-post","status-publish","format-standard","has-post-thumbnail","hentry","category-actualidad","category-poderes","tag-pedro-sanchez-es","tag-pressupostos-generals-de-lestat-es","lh_instant_articles-syndicate-yes","pmpro-has-access"],"acf":[],"yoast_head":"<!-- This site is optimized with the Yoast SEO plugin v27.4 - https:\/\/yoast.com\/product\/yoast-seo-wordpress\/ -->\n<title>Pedro S\u00e1nchez esperar\u00e1 a los congresos de ERC y Junts para reactivar el calendario para aprobar los presupuestos - El Triangle<\/title>\n<meta name=\"description\" content=\"El presidente del gobierno espa\u00f1ol, Pedro S\u00e1nchez, ha admitido este mi\u00e9rcoles que su ejecutivo esperar\u00e1 a la celebraci\u00f3n de los congresos de ERC (30 de\" class=\"yoast-seo-meta-tag\" \/>\n<meta name=\"robots\" content=\"index, follow, max-snippet:-1, max-image-preview:large, max-video-preview:-1\" \/>\n<link rel=\"canonical\" href=\"https:\/\/www.eltriangle.eu\/es\/2024\/09\/25\/pedro-sanchez-esperara-a-los-congresos-de-erc-y-junts-para-reactivar-el-calendario-para-aprobar-los-presupuestos\/\" class=\"yoast-seo-meta-tag\" \/>\n<meta property=\"og:locale\" content=\"es_ES\" class=\"yoast-seo-meta-tag\" \/>\n<meta property=\"og:type\" content=\"article\" class=\"yoast-seo-meta-tag\" \/>\n<meta property=\"og:title\" content=\"Pedro S\u00e1nchez esperar\u00e1 a los congresos de ERC y Junts para reactivar el calendario para aprobar los presupuestos - El Triangle\" class=\"yoast-seo-meta-tag\" \/>\n<meta property=\"og:description\" content=\"El presidente del gobierno espa\u00f1ol, Pedro S\u00e1nchez, ha admitido este mi\u00e9rcoles que su ejecutivo esperar\u00e1 a la celebraci\u00f3n de los congresos de ERC (30 de\" class=\"yoast-seo-meta-tag\" \/>\n<meta property=\"og:url\" content=\"https:\/\/www.eltriangle.eu\/es\/2024\/09\/25\/pedro-sanchez-esperara-a-los-congresos-de-erc-y-junts-para-reactivar-el-calendario-para-aprobar-los-presupuestos\/\" class=\"yoast-seo-meta-tag\" \/>\n<meta property=\"og:site_name\" content=\"El Triangle\" class=\"yoast-seo-meta-tag\" \/>\n<meta property=\"article:publisher\" content=\"https:\/\/www.facebook.com\/El-Triangle-Diari-101787399020302\" class=\"yoast-seo-meta-tag\" \/>\n<meta property=\"article:published_time\" content=\"2024-09-25T19:13:03+00:00\" class=\"yoast-seo-meta-tag\" \/>\n<meta property=\"article:modified_time\" content=\"2024-09-25T19:14:14+00:00\" class=\"yoast-seo-meta-tag\" \/>\n<meta property=\"og:image\" content=\"https:\/\/www.eltriangle.eu\/wp-content\/uploads\/2024\/08\/el-president-del-govern-despanya-pedro-sanchez-miquel-vera-acn.jpg\" class=\"yoast-seo-meta-tag\" \/>\n\t<meta property=\"og:image:width\" content=\"1200\" class=\"yoast-seo-meta-tag\" \/>\n\t<meta property=\"og:image:height\" content=\"628\" class=\"yoast-seo-meta-tag\" \/>\n\t<meta property=\"og:image:type\" content=\"image\/jpeg\" class=\"yoast-seo-meta-tag\" \/>\n<meta name=\"author\" content=\"xavier\" class=\"yoast-seo-meta-tag\" \/>\n<meta name=\"twitter:card\" content=\"summary_large_image\" class=\"yoast-seo-meta-tag\" \/>\n<meta name=\"twitter:creator\" content=\"@El_Triangle\" class=\"yoast-seo-meta-tag\" \/>\n<meta name=\"twitter:site\" content=\"@El_Triangle\" class=\"yoast-seo-meta-tag\" \/>\n<meta name=\"twitter:label1\" content=\"Escrito por\" class=\"yoast-seo-meta-tag\" \/>\n\t<meta name=\"twitter:data1\" content=\"xavier\" class=\"yoast-seo-meta-tag\" \/>\n\t<meta name=\"twitter:label2\" content=\"Tiempo de lectura\" class=\"yoast-seo-meta-tag\" \/>\n\t<meta name=\"twitter:data2\" content=\"1 minuto\" class=\"yoast-seo-meta-tag\" \/>\n<script type=\"application\/ld+json\" class=\"yoast-schema-graph\">{\"@context\":\"https:\\\/\\\/schema.org\",\"@graph\":[{\"@type\":\"NewsArticle\",\"@id\":\"https:\\\/\\\/www.eltriangle.eu\\\/es\\\/2024\\\/09\\\/25\\\/pedro-sanchez-esperara-a-los-congresos-de-erc-y-junts-para-reactivar-el-calendario-para-aprobar-los-presupuestos\\\/#article\",\"isPartOf\":{\"@id\":\"https:\\\/\\\/www.eltriangle.eu\\\/es\\\/2024\\\/09\\\/25\\\/pedro-sanchez-esperara-a-los-congresos-de-erc-y-junts-para-reactivar-el-calendario-para-aprobar-los-presupuestos\\\/\"},\"author\":{\"name\":\"xavier\",\"@id\":\"https:\\\/\\\/www.eltriangle.eu\\\/es\\\/#\\\/schema\\\/person\\\/df9cb61ef0b061092c35cf7a8636dfc6\"},\"headline\":\"Pedro S\u00e1nchez esperar\u00e1 a los congresos de ERC y Junts para reactivar el calendario para aprobar los presupuestos\",\"datePublished\":\"2024-09-25T19:13:03+00:00\",\"dateModified\":\"2024-09-25T19:14:14+00:00\",\"mainEntityOfPage\":{\"@id\":\"https:\\\/\\\/www.eltriangle.eu\\\/es\\\/2024\\\/09\\\/25\\\/pedro-sanchez-esperara-a-los-congresos-de-erc-y-junts-para-reactivar-el-calendario-para-aprobar-los-presupuestos\\\/\"},\"wordCount\":142,\"commentCount\":0,\"publisher\":{\"@id\":\"https:\\\/\\\/www.eltriangle.eu\\\/es\\\/#organization\"},\"image\":{\"@id\":\"https:\\\/\\\/www.eltriangle.eu\\\/es\\\/2024\\\/09\\\/25\\\/pedro-sanchez-esperara-a-los-congresos-de-erc-y-junts-para-reactivar-el-calendario-para-aprobar-los-presupuestos\\\/#primaryimage\"},\"thumbnailUrl\":\"https:\\\/\\\/www.eltriangle.eu\\\/wp-content\\\/uploads\\\/2024\\\/08\\\/el-president-del-govern-despanya-pedro-sanchez-miquel-vera-acn.jpg\",\"keywords\":[\"Pedro S\u00e1nchez\",\"pressupostos generals de l'Estat\"],\"articleSection\":[\"Actualidad\",\"Poderes\"],\"inLanguage\":\"es\",\"potentialAction\":[{\"@type\":\"CommentAction\",\"name\":\"Comment\",\"target\":[\"https:\\\/\\\/www.eltriangle.eu\\\/es\\\/2024\\\/09\\\/25\\\/pedro-sanchez-esperara-a-los-congresos-de-erc-y-junts-para-reactivar-el-calendario-para-aprobar-los-presupuestos\\\/#respond\"]}]},{\"@type\":\"WebPage\",\"@id\":\"https:\\\/\\\/www.eltriangle.eu\\\/es\\\/2024\\\/09\\\/25\\\/pedro-sanchez-esperara-a-los-congresos-de-erc-y-junts-para-reactivar-el-calendario-para-aprobar-los-presupuestos\\\/\",\"url\":\"https:\\\/\\\/www.eltriangle.eu\\\/es\\\/2024\\\/09\\\/25\\\/pedro-sanchez-esperara-a-los-congresos-de-erc-y-junts-para-reactivar-el-calendario-para-aprobar-los-presupuestos\\\/\",\"name\":\"Pedro S\u00e1nchez esperar\u00e1 a los congresos de ERC y Junts para reactivar el calendario para aprobar los presupuestos - El Triangle\",\"isPartOf\":{\"@id\":\"https:\\\/\\\/www.eltriangle.eu\\\/es\\\/#website\"},\"primaryImageOfPage\":{\"@id\":\"https:\\\/\\\/www.eltriangle.eu\\\/es\\\/2024\\\/09\\\/25\\\/pedro-sanchez-esperara-a-los-congresos-de-erc-y-junts-para-reactivar-el-calendario-para-aprobar-los-presupuestos\\\/#primaryimage\"},\"image\":{\"@id\":\"https:\\\/\\\/www.eltriangle.eu\\\/es\\\/2024\\\/09\\\/25\\\/pedro-sanchez-esperara-a-los-congresos-de-erc-y-junts-para-reactivar-el-calendario-para-aprobar-los-presupuestos\\\/#primaryimage\"},\"thumbnailUrl\":\"https:\\\/\\\/www.eltriangle.eu\\\/wp-content\\\/uploads\\\/2024\\\/08\\\/el-president-del-govern-despanya-pedro-sanchez-miquel-vera-acn.jpg\",\"datePublished\":\"2024-09-25T19:13:03+00:00\",\"dateModified\":\"2024-09-25T19:14:14+00:00\",\"description\":\"El presidente del gobierno espa\u00f1ol, Pedro S\u00e1nchez, ha admitido este mi\u00e9rcoles que su ejecutivo esperar\u00e1 a la celebraci\u00f3n de los congresos de ERC (30 de\",\"breadcrumb\":{\"@id\":\"https:\\\/\\\/www.eltriangle.eu\\\/es\\\/2024\\\/09\\\/25\\\/pedro-sanchez-esperara-a-los-congresos-de-erc-y-junts-para-reactivar-el-calendario-para-aprobar-los-presupuestos\\\/#breadcrumb\"},\"inLanguage\":\"es\",\"potentialAction\":[{\"@type\":\"ReadAction\",\"target\":[\"https:\\\/\\\/www.eltriangle.eu\\\/es\\\/2024\\\/09\\\/25\\\/pedro-sanchez-esperara-a-los-congresos-de-erc-y-junts-para-reactivar-el-calendario-para-aprobar-los-presupuestos\\\/\"]}]},{\"@type\":\"ImageObject\",\"inLanguage\":\"es\",\"@id\":\"https:\\\/\\\/www.eltriangle.eu\\\/es\\\/2024\\\/09\\\/25\\\/pedro-sanchez-esperara-a-los-congresos-de-erc-y-junts-para-reactivar-el-calendario-para-aprobar-los-presupuestos\\\/#primaryimage\",\"url\":\"https:\\\/\\\/www.eltriangle.eu\\\/wp-content\\\/uploads\\\/2024\\\/08\\\/el-president-del-govern-despanya-pedro-sanchez-miquel-vera-acn.jpg\",\"contentUrl\":\"https:\\\/\\\/www.eltriangle.eu\\\/wp-content\\\/uploads\\\/2024\\\/08\\\/el-president-del-govern-despanya-pedro-sanchez-miquel-vera-acn.jpg\",\"width\":1200,\"height\":628,\"caption\":\"El presidente del Gobierno de Espa\u00f1a, Pedro S\u00e1nchez (Miquel Vera, ACN).\"},{\"@type\":\"BreadcrumbList\",\"@id\":\"https:\\\/\\\/www.eltriangle.eu\\\/es\\\/2024\\\/09\\\/25\\\/pedro-sanchez-esperara-a-los-congresos-de-erc-y-junts-para-reactivar-el-calendario-para-aprobar-los-presupuestos\\\/#breadcrumb\",\"itemListElement\":[{\"@type\":\"ListItem\",\"position\":1,\"name\":\"Portada\",\"item\":\"https:\\\/\\\/www.eltriangle.eu\\\/es\\\/\"},{\"@type\":\"ListItem\",\"position\":2,\"name\":\"Pedro S\u00e1nchez esperar\u00e1 a los congresos de ERC y Junts para reactivar el calendario para aprobar los presupuestos\"}]},{\"@type\":\"WebSite\",\"@id\":\"https:\\\/\\\/www.eltriangle.eu\\\/es\\\/#website\",\"url\":\"https:\\\/\\\/www.eltriangle.eu\\\/es\\\/\",\"name\":\"El Triangle\",\"description\":\"El Triangle \u00e9s un Diari d&#039;informaci\u00f3 general, editat a Catalunya i escrit en llengua catalana, especialitzat en investigaci\u00f3 period\u00edstica\",\"publisher\":{\"@id\":\"https:\\\/\\\/www.eltriangle.eu\\\/es\\\/#organization\"},\"potentialAction\":[{\"@type\":\"SearchAction\",\"target\":{\"@type\":\"EntryPoint\",\"urlTemplate\":\"https:\\\/\\\/www.eltriangle.eu\\\/es\\\/?s={search_term_string}\"},\"query-input\":{\"@type\":\"PropertyValueSpecification\",\"valueRequired\":true,\"valueName\":\"search_term_string\"}}],\"inLanguage\":\"es\"},{\"@type\":[\"Organization\",\"NewsMediaOrganization\"],\"@id\":\"https:\\\/\\\/www.eltriangle.eu\\\/es\\\/#organization\",\"name\":\"El Triangle\",\"url\":\"https:\\\/\\\/www.eltriangle.eu\\\/es\\\/\",\"logo\":{\"@type\":\"ImageObject\",\"inLanguage\":\"es\",\"@id\":\"https:\\\/\\\/www.eltriangle.eu\\\/es\\\/#\\\/schema\\\/logo\\\/image\\\/\",\"url\":\"https:\\\/\\\/www.eltriangle.eu\\\/wp-content\\\/uploads\\\/2020\\\/11\\\/triangle_logo-ajustado.jpg\",\"contentUrl\":\"https:\\\/\\\/www.eltriangle.eu\\\/wp-content\\\/uploads\\\/2020\\\/11\\\/triangle_logo-ajustado.jpg\",\"width\":521,\"height\":92,\"caption\":\"El Triangle\"},\"image\":{\"@id\":\"https:\\\/\\\/www.eltriangle.eu\\\/es\\\/#\\\/schema\\\/logo\\\/image\\\/\"},\"sameAs\":[\"https:\\\/\\\/www.facebook.com\\\/El-Triangle-Diari-101787399020302\",\"https:\\\/\\\/x.com\\\/El_Triangle\",\"https:\\\/\\\/www.youtube.com\\\/channel\\\/UCTIjmYEMYSpdGonuAgNhbcg\"]},{\"@type\":\"Person\",\"@id\":\"https:\\\/\\\/www.eltriangle.eu\\\/es\\\/#\\\/schema\\\/person\\\/df9cb61ef0b061092c35cf7a8636dfc6\",\"name\":\"xavier\",\"image\":{\"@type\":\"ImageObject\",\"inLanguage\":\"es\",\"@id\":\"\\\/\\\/www.gravatar.com\\\/avatar\\\/70cc50ebe4287089b363a6a3c8fa3e72?s=96&#038;r=g&#038;d=mm\",\"url\":\"\\\/\\\/www.gravatar.com\\\/avatar\\\/70cc50ebe4287089b363a6a3c8fa3e72?s=96&#038;r=g&#038;d=mm\",\"contentUrl\":\"\\\/\\\/www.gravatar.com\\\/avatar\\\/70cc50ebe4287089b363a6a3c8fa3e72?s=96&#038;r=g&#038;d=mm\",\"caption\":\"xavier\"},\"url\":\"https:\\\/\\\/www.eltriangle.eu\\\/es\\\/author\\\/xavier\\\/\"},{\"@type\":\"SiteNavigationElement\",\"@id\":\"https:\\\/\\\/www.eltriangle.eu\\\/es\\\/#site-navigation\",\"cssSelector\":[\".cib-main-menu\"]},{\"@type\":\"WPHeader\",\"@id\":\"https:\\\/\\\/www.eltriangle.eu\\\/es\\\/#header\",\"cssSelector\":[\".cib-header\"]},{\"@type\":\"WPFooter\",\"@id\":\"https:\\\/\\\/www.eltriangle.eu\\\/es\\\/#footer\",\"cssSelector\":[\".cib-footer\"]}]}<\/script>\n<!-- \/ Yoast SEO plugin. -->","yoast_head_json":{"title":"Pedro S\u00e1nchez esperar\u00e1 a los congresos de ERC y Junts para reactivar el calendario para aprobar los presupuestos - El Triangle","description":"El presidente del gobierno espa\u00f1ol, Pedro S\u00e1nchez, ha admitido este mi\u00e9rcoles que su ejecutivo esperar\u00e1 a la celebraci\u00f3n de los congresos de ERC (30 de","robots":{"index":"index","follow":"follow","max-snippet":"max-snippet:-1","max-image-preview":"max-image-preview:large","max-video-preview":"max-video-preview:-1"},"canonical":"https:\/\/www.eltriangle.eu\/es\/2024\/09\/25\/pedro-sanchez-esperara-a-los-congresos-de-erc-y-junts-para-reactivar-el-calendario-para-aprobar-los-presupuestos\/","og_locale":"es_ES","og_type":"article","og_title":"Pedro S\u00e1nchez esperar\u00e1 a los congresos de ERC y Junts para reactivar el calendario para aprobar los presupuestos - El Triangle","og_description":"El presidente del gobierno espa\u00f1ol, Pedro S\u00e1nchez, ha admitido este mi\u00e9rcoles que su ejecutivo esperar\u00e1 a la celebraci\u00f3n de los congresos de ERC (30 de","og_url":"https:\/\/www.eltriangle.eu\/es\/2024\/09\/25\/pedro-sanchez-esperara-a-los-congresos-de-erc-y-junts-para-reactivar-el-calendario-para-aprobar-los-presupuestos\/","og_site_name":"El Triangle","article_publisher":"https:\/\/www.facebook.com\/El-Triangle-Diari-101787399020302","article_published_time":"2024-09-25T19:13:03+00:00","article_modified_time":"2024-09-25T19:14:14+00:00","og_image":[{"width":1200,"height":628,"url":"https:\/\/www.eltriangle.eu\/wp-content\/uploads\/2024\/08\/el-president-del-govern-despanya-pedro-sanchez-miquel-vera-acn.jpg","type":"image\/jpeg"}],"author":"xavier","twitter_card":"summary_large_image","twitter_creator":"@El_Triangle","twitter_site":"@El_Triangle","twitter_misc":{"Escrito por":"xavier","Tiempo de lectura":"1 minuto"},"schema":{"@context":"https:\/\/schema.org","@graph":[{"@type":"NewsArticle","@id":"https:\/\/www.eltriangle.eu\/es\/2024\/09\/25\/pedro-sanchez-esperara-a-los-congresos-de-erc-y-junts-para-reactivar-el-calendario-para-aprobar-los-presupuestos\/#article","isPartOf":{"@id":"https:\/\/www.eltriangle.eu\/es\/2024\/09\/25\/pedro-sanchez-esperara-a-los-congresos-de-erc-y-junts-para-reactivar-el-calendario-para-aprobar-los-presupuestos\/"},"author":{"name":"xavier","@id":"https:\/\/www.eltriangle.eu\/es\/#\/schema\/person\/df9cb61ef0b061092c35cf7a8636dfc6"},"headline":"Pedro S\u00e1nchez esperar\u00e1 a los congresos de ERC y Junts para reactivar el calendario para aprobar los presupuestos","datePublished":"2024-09-25T19:13:03+00:00","dateModified":"2024-09-25T19:14:14+00:00","mainEntityOfPage":{"@id":"https:\/\/www.eltriangle.eu\/es\/2024\/09\/25\/pedro-sanchez-esperara-a-los-congresos-de-erc-y-junts-para-reactivar-el-calendario-para-aprobar-los-presupuestos\/"},"wordCount":142,"commentCount":0,"publisher":{"@id":"https:\/\/www.eltriangle.eu\/es\/#organization"},"image":{"@id":"https:\/\/www.eltriangle.eu\/es\/2024\/09\/25\/pedro-sanchez-esperara-a-los-congresos-de-erc-y-junts-para-reactivar-el-calendario-para-aprobar-los-presupuestos\/#primaryimage"},"thumbnailUrl":"https:\/\/www.eltriangle.eu\/wp-content\/uploads\/2024\/08\/el-president-del-govern-despanya-pedro-sanchez-miquel-vera-acn.jpg","keywords":["Pedro S\u00e1nchez","pressupostos generals de l'Estat"],"articleSection":["Actualidad","Poderes"],"inLanguage":"es","potentialAction":[{"@type":"CommentAction","name":"Comment","target":["https:\/\/www.eltriangle.eu\/es\/2024\/09\/25\/pedro-sanchez-esperara-a-los-congresos-de-erc-y-junts-para-reactivar-el-calendario-para-aprobar-los-presupuestos\/#respond"]}]},{"@type":"WebPage","@id":"https:\/\/www.eltriangle.eu\/es\/2024\/09\/25\/pedro-sanchez-esperara-a-los-congresos-de-erc-y-junts-para-reactivar-el-calendario-para-aprobar-los-presupuestos\/","url":"https:\/\/www.eltriangle.eu\/es\/2024\/09\/25\/pedro-sanchez-esperara-a-los-congresos-de-erc-y-junts-para-reactivar-el-calendario-para-aprobar-los-presupuestos\/","name":"Pedro S\u00e1nchez esperar\u00e1 a los congresos de ERC y Junts para reactivar el calendario para aprobar los presupuestos - El Triangle","isPartOf":{"@id":"https:\/\/www.eltriangle.eu\/es\/#website"},"primaryImageOfPage":{"@id":"https:\/\/www.eltriangle.eu\/es\/2024\/09\/25\/pedro-sanchez-esperara-a-los-congresos-de-erc-y-junts-para-reactivar-el-calendario-para-aprobar-los-presupuestos\/#primaryimage"},"image":{"@id":"https:\/\/www.eltriangle.eu\/es\/2024\/09\/25\/pedro-sanchez-esperara-a-los-congresos-de-erc-y-junts-para-reactivar-el-calendario-para-aprobar-los-presupuestos\/#primaryimage"},"thumbnailUrl":"https:\/\/www.eltriangle.eu\/wp-content\/uploads\/2024\/08\/el-president-del-govern-despanya-pedro-sanchez-miquel-vera-acn.jpg","datePublished":"2024-09-25T19:13:03+00:00","dateModified":"2024-09-25T19:14:14+00:00","description":"El presidente del gobierno espa\u00f1ol, Pedro S\u00e1nchez, ha admitido este mi\u00e9rcoles que su ejecutivo esperar\u00e1 a la celebraci\u00f3n de los congresos de ERC (30 de","breadcrumb":{"@id":"https:\/\/www.eltriangle.eu\/es\/2024\/09\/25\/pedro-sanchez-esperara-a-los-congresos-de-erc-y-junts-para-reactivar-el-calendario-para-aprobar-los-presupuestos\/#breadcrumb"},"inLanguage":"es","potentialAction":[{"@type":"ReadAction","target":["https:\/\/www.eltriangle.eu\/es\/2024\/09\/25\/pedro-sanchez-esperara-a-los-congresos-de-erc-y-junts-para-reactivar-el-calendario-para-aprobar-los-presupuestos\/"]}]},{"@type":"ImageObject","inLanguage":"es","@id":"https:\/\/www.eltriangle.eu\/es\/2024\/09\/25\/pedro-sanchez-esperara-a-los-congresos-de-erc-y-junts-para-reactivar-el-calendario-para-aprobar-los-presupuestos\/#primaryimage","url":"https:\/\/www.eltriangle.eu\/wp-content\/uploads\/2024\/08\/el-president-del-govern-despanya-pedro-sanchez-miquel-vera-acn.jpg","contentUrl":"https:\/\/www.eltriangle.eu\/wp-content\/uploads\/2024\/08\/el-president-del-govern-despanya-pedro-sanchez-miquel-vera-acn.jpg","width":1200,"height":628,"caption":"El presidente del Gobierno de Espa\u00f1a, Pedro S\u00e1nchez (Miquel Vera, ACN)."},{"@type":"BreadcrumbList","@id":"https:\/\/www.eltriangle.eu\/es\/2024\/09\/25\/pedro-sanchez-esperara-a-los-congresos-de-erc-y-junts-para-reactivar-el-calendario-para-aprobar-los-presupuestos\/#breadcrumb","itemListElement":[{"@type":"ListItem","position":1,"name":"Portada","item":"https:\/\/www.eltriangle.eu\/es\/"},{"@type":"ListItem","position":2,"name":"Pedro S\u00e1nchez esperar\u00e1 a los congresos de ERC y Junts para reactivar el calendario para aprobar los presupuestos"}]},{"@type":"WebSite","@id":"https:\/\/www.eltriangle.eu\/es\/#website","url":"https:\/\/www.eltriangle.eu\/es\/","name":"El Triangle","description":"El Triangle \u00e9s un Diari d&#039;informaci\u00f3 general, editat a Catalunya i escrit en llengua catalana, especialitzat en investigaci\u00f3 period\u00edstica","publisher":{"@id":"https:\/\/www.eltriangle.eu\/es\/#organization"},"potentialAction":[{"@type":"SearchAction","target":{"@type":"EntryPoint","urlTemplate":"https:\/\/www.eltriangle.eu\/es\/?s={search_term_string}"},"query-input":{"@type":"PropertyValueSpecification","valueRequired":true,"valueName":"search_term_string"}}],"inLanguage":"es"},{"@type":["Organization","NewsMediaOrganization"],"@id":"https:\/\/www.eltriangle.eu\/es\/#organization","name":"El Triangle","url":"https:\/\/www.eltriangle.eu\/es\/","logo":{"@type":"ImageObject","inLanguage":"es","@id":"https:\/\/www.eltriangle.eu\/es\/#\/schema\/logo\/image\/","url":"https:\/\/www.eltriangle.eu\/wp-content\/uploads\/2020\/11\/triangle_logo-ajustado.jpg","contentUrl":"https:\/\/www.eltriangle.eu\/wp-content\/uploads\/2020\/11\/triangle_logo-ajustado.jpg","width":521,"height":92,"caption":"El Triangle"},"image":{"@id":"https:\/\/www.eltriangle.eu\/es\/#\/schema\/logo\/image\/"},"sameAs":["https:\/\/www.facebook.com\/El-Triangle-Diari-101787399020302","https:\/\/x.com\/El_Triangle","https:\/\/www.youtube.com\/channel\/UCTIjmYEMYSpdGonuAgNhbcg"]},{"@type":"Person","@id":"https:\/\/www.eltriangle.eu\/es\/#\/schema\/person\/df9cb61ef0b061092c35cf7a8636dfc6","name":"xavier","image":{"@type":"ImageObject","inLanguage":"es","@id":"\/\/www.gravatar.com\/avatar\/70cc50ebe4287089b363a6a3c8fa3e72?s=96&#038;r=g&#038;d=mm","url":"\/\/www.gravatar.com\/avatar\/70cc50ebe4287089b363a6a3c8fa3e72?s=96&#038;r=g&#038;d=mm","contentUrl":"\/\/www.gravatar.com\/avatar\/70cc50ebe4287089b363a6a3c8fa3e72?s=96&#038;r=g&#038;d=mm","caption":"xavier"},"url":"https:\/\/www.eltriangle.eu\/es\/author\/xavier\/"},{"@type":"SiteNavigationElement","@id":"https:\/\/www.eltriangle.eu\/es\/#site-navigation","cssSelector":[".cib-main-menu"]},{"@type":"WPHeader","@id":"https:\/\/www.eltriangle.eu\/es\/#header","cssSelector":[".cib-header"]},{"@type":"WPFooter","@id":"https:\/\/www.eltriangle.eu\/es\/#footer","cssSelector":[".cib-footer"]}]}},"amp_enabled":true,"_links":{"self":[{"href":"https:\/\/www.eltriangle.eu\/es\/wp-json\/wp\/v2\/posts\/280000","targetHints":{"allow":["GET"]}}],"collection":[{"href":"https:\/\/www.eltriangle.eu\/es\/wp-json\/wp\/v2\/posts"}],"about":[{"href":"https:\/\/www.eltriangle.eu\/es\/wp-json\/wp\/v2\/types\/post"}],"author":[{"embeddable":true,"href":"https:\/\/www.eltriangle.eu\/es\/wp-json\/wp\/v2\/users\/97"}],"replies":[{"embeddable":true,"href":"https:\/\/www.eltriangle.eu\/es\/wp-json\/wp\/v2\/comments?post=280000"}],"version-history":[{"count":0,"href":"https:\/\/www.eltriangle.eu\/es\/wp-json\/wp\/v2\/posts\/280000\/revisions"}],"wp:featuredmedia":[{"embeddable":true,"href":"https:\/\/www.eltriangle.eu\/es\/wp-json\/wp\/v2\/media\/273559"}],"wp:attachment":[{"href":"https:\/\/www.eltriangle.eu\/es\/wp-json\/wp\/v2\/media?parent=280000"}],"wp:term":[{"taxonomy":"category","embeddable":true,"href":"https:\/\/www.eltriangle.eu\/es\/wp-json\/wp\/v2\/categories?post=280000"},{"taxonomy":"post_tag","embeddable":true,"href":"https:\/\/www.eltriangle.eu\/es\/wp-json\/wp\/v2\/tags?post=280000"}],"curies":[{"name":"wp","href":"https:\/\/api.w.org\/{rel}","templated":true}]}}