{"id":279832,"date":"2024-09-25T09:50:03","date_gmt":"2024-09-25T07:50:03","guid":{"rendered":null},"modified":"2024-09-25T11:52:36","modified_gmt":"2024-09-25T09:52:36","slug":"entidades-y-familiares-de-presos-ven-muy-grave-que-justicia-archive-la-investigacion-por-el-bloqueo-de-las-prisiones","status":"publish","type":"post","link":"https:\/\/www.eltriangle.eu\/es\/2024\/09\/25\/entidades-y-familiares-de-presos-ven-muy-grave-que-justicia-archive-la-investigacion-por-el-bloqueo-de-las-prisiones\/","title":{"rendered":"Entidades y familiares de presos ven \u00abmuy grave\u00bb que Justicia archive la investigaci\u00f3n por el bloqueo de las prisiones"},"content":{"rendered":"<p>Entidades de derechos humanos y familiares de presos han considerado \u00abmuy grave\u00bb el archivo de la investigaci\u00f3n del <strong>Departamento de Justicia <\/strong>de la Generalitat de Catalu\u00f1a\u00a0sobre el bloqueo de las prisiones sin ninguna consecuencia. Las organizaciones apuntan que la s\u00edndica de greuges dictamin\u00f3 que las protestas de los funcionarios \u00abcausaron la <strong>vulneraci\u00f3n masiva de derechos fundamentales<\/strong> de m\u00e1s de 4.000 presos\u00bb como por ejemplo el derecho a salir de las celdas, puesto que se los confin\u00f3 \u00absin ninguna causa legal\u00bb. Tambi\u00e9n ven vulnerado el derecho a acudir a diligencias judiciales, a comunicar con sus letrados, a recibir asistencia m\u00e9dica y psiqui\u00e1trica y la imposibilidad de ver a sus familiares en las visitas programadas.<\/p>\n<p>Las entidades y familiares ignoran completamente c\u00f3mo se ha tramitado esta investigaci\u00f3n puesto que han asegurado que no se ha citado, informado ni notificado ning\u00fan procedimiento a ninguno de los denunciantes. Han defendido que igual que se aplican procedimientos disciplinarios a los presos cuando cometen faltas, se tendr\u00eda que hacer con los funcionarios p\u00fablicos \u00abque hicieron una grave dejaci\u00f3n de funciones\u00bb. \u00abNadie se imaginar\u00eda utilizar a ni\u00f1os en escuelas ni a pacientes enfermos en hospitales para ejecutar acciones parecidas\u00bb, han manifestado.<\/p>\n<p>Con todo, han asegurado que hubo una grave afectaci\u00f3n emocional, de salud mental y de respeto m\u00ednimo por los derechos de los presos y sus familias y, por todo ello, han reclamado que en nombre de la transparencia y la rendici\u00f3n de cuentas se solicite a trav\u00e9s de la<strong> Comisi\u00f3n de Justicia del Parlamento<\/strong> conocer la tramitaci\u00f3n de la investigaci\u00f3n y la resoluci\u00f3n final.<\/p>\n<p>Entre las entidades firmantes se encuentran <strong>Justicia i Pau<\/strong>, la<strong> Asociaci\u00f3n de Familias de Presxs de Catalu\u00f1a, el Instituto de Derechos Humanos de Catalu\u00f1a<\/strong>, <strong>Alerta<\/strong> <strong>Solidaria<\/strong>, el <strong>Observatorio del Sistema Penal y los Derechos Humanos<\/strong> de la Universitat de Barcelona, <strong>Ir\u00eddia<\/strong>, la <strong>Red antirrepresi\u00f3n de familiares de detenidas<\/strong> y <strong>Observa<\/strong>.<\/p>\n","protected":false},"excerpt":{"rendered":"<p>Entidades de derechos humanos y familiares de presos han considerado \u00abmuy grave\u00bb el archivo de la investigaci\u00f3n del Departamento de Justicia de la Generalitat de Catalu\u00f1a\u00a0sobre el bloqueo de las prisiones sin ninguna consecuencia. Las organizaciones apuntan que la s\u00edndica de greuges dictamin\u00f3 que las protestas de los funcionarios \u00abcausaron la vulneraci\u00f3n masiva de derechos &#8230; <a title=\"Entidades y familiares de presos ven \u00abmuy grave\u00bb que Justicia archive la investigaci\u00f3n por el bloqueo de las prisiones\" class=\"read-more\" href=\"https:\/\/www.eltriangle.eu\/es\/2024\/09\/25\/entidades-y-familiares-de-presos-ven-muy-grave-que-justicia-archive-la-investigacion-por-el-bloqueo-de-las-prisiones\/\" aria-label=\"Leer m\u00e1s sobre Entidades y familiares de presos ven \u00abmuy grave\u00bb que Justicia archive la investigaci\u00f3n por el bloqueo de las prisiones\">Leer m\u00e1s<\/a><\/p>\n","protected":false},"author":179,"featured_media":254196,"comment_status":"open","ping_status":"closed","sticky":false,"template":"","format":"standard","meta":{"_acf_changed":false,"pmpro_default_level":"","footnotes":""},"categories":[24,76,74],"tags":[3252,4335],"class_list":["post-279832","post","type-post","status-publish","format-standard","has-post-thumbnail","hentry","category-actualidad","category-en-la-calle","category-poderes","tag-departamento-de-justicia","tag-funcionarios-de-prisiones","lh_instant_articles-syndicate-yes","pmpro-has-access"],"acf":[],"yoast_head":"<!-- This site is optimized with the Yoast SEO plugin v27.4 - https:\/\/yoast.com\/product\/yoast-seo-wordpress\/ -->\n<title>Entidades y familiares de presos ven &quot;muy grave&quot; que Justicia archive la investigaci\u00f3n por el bloqueo de las prisiones - El Triangle<\/title>\n<meta name=\"description\" content=\"Entidades de derechos humanos y familiares de presos han considerado &quot;muy grave&quot; el archivo de la investigaci\u00f3n del Departamento de Justicia de la\" class=\"yoast-seo-meta-tag\" \/>\n<meta name=\"robots\" content=\"index, follow, max-snippet:-1, max-image-preview:large, max-video-preview:-1\" \/>\n<link rel=\"canonical\" href=\"https:\/\/www.eltriangle.eu\/es\/2024\/09\/25\/entidades-y-familiares-de-presos-ven-muy-grave-que-justicia-archive-la-investigacion-por-el-bloqueo-de-las-prisiones\/\" class=\"yoast-seo-meta-tag\" \/>\n<meta property=\"og:locale\" content=\"es_ES\" class=\"yoast-seo-meta-tag\" \/>\n<meta property=\"og:type\" content=\"article\" class=\"yoast-seo-meta-tag\" \/>\n<meta property=\"og:title\" content=\"Entidades y familiares de presos ven &quot;muy grave&quot; que Justicia archive la investigaci\u00f3n por el bloqueo de las prisiones - El Triangle\" class=\"yoast-seo-meta-tag\" \/>\n<meta property=\"og:description\" content=\"Entidades de derechos humanos y familiares de presos han considerado &quot;muy grave&quot; el archivo de la investigaci\u00f3n del Departamento de Justicia de la\" class=\"yoast-seo-meta-tag\" \/>\n<meta property=\"og:url\" content=\"https:\/\/www.eltriangle.eu\/es\/2024\/09\/25\/entidades-y-familiares-de-presos-ven-muy-grave-que-justicia-archive-la-investigacion-por-el-bloqueo-de-las-prisiones\/\" class=\"yoast-seo-meta-tag\" \/>\n<meta property=\"og:site_name\" content=\"El Triangle\" class=\"yoast-seo-meta-tag\" \/>\n<meta property=\"article:publisher\" content=\"https:\/\/www.facebook.com\/El-Triangle-Diari-101787399020302\" class=\"yoast-seo-meta-tag\" \/>\n<meta property=\"article:published_time\" content=\"2024-09-25T07:50:03+00:00\" class=\"yoast-seo-meta-tag\" \/>\n<meta property=\"article:modified_time\" content=\"2024-09-25T09:52:36+00:00\" class=\"yoast-seo-meta-tag\" \/>\n<meta property=\"og:image\" content=\"https:\/\/www.eltriangle.eu\/wp-content\/uploads\/2024\/04\/protesta-de-funcionaris-de-presons-foto-acn-marta-vidal.jpg\" class=\"yoast-seo-meta-tag\" \/>\n\t<meta property=\"og:image:width\" content=\"1200\" class=\"yoast-seo-meta-tag\" \/>\n\t<meta property=\"og:image:height\" content=\"800\" class=\"yoast-seo-meta-tag\" \/>\n\t<meta property=\"og:image:type\" content=\"image\/jpeg\" class=\"yoast-seo-meta-tag\" \/>\n<meta name=\"author\" content=\"Redacci\u00f3 \/ ACN\" class=\"yoast-seo-meta-tag\" \/>\n<meta name=\"twitter:card\" content=\"summary_large_image\" class=\"yoast-seo-meta-tag\" \/>\n<meta name=\"twitter:creator\" content=\"@El_Triangle\" class=\"yoast-seo-meta-tag\" \/>\n<meta name=\"twitter:site\" content=\"@El_Triangle\" class=\"yoast-seo-meta-tag\" \/>\n<meta name=\"twitter:label1\" content=\"Escrito por\" class=\"yoast-seo-meta-tag\" \/>\n\t<meta name=\"twitter:data1\" content=\"Redacci\u00f3 \/ ACN\" class=\"yoast-seo-meta-tag\" \/>\n\t<meta name=\"twitter:label2\" content=\"Tiempo de lectura\" class=\"yoast-seo-meta-tag\" \/>\n\t<meta name=\"twitter:data2\" content=\"2 minutos\" class=\"yoast-seo-meta-tag\" \/>\n<script type=\"application\/ld+json\" class=\"yoast-schema-graph\">{\"@context\":\"https:\\\/\\\/schema.org\",\"@graph\":[{\"@type\":\"NewsArticle\",\"@id\":\"https:\\\/\\\/www.eltriangle.eu\\\/es\\\/2024\\\/09\\\/25\\\/entidades-y-familiares-de-presos-ven-muy-grave-que-justicia-archive-la-investigacion-por-el-bloqueo-de-las-prisiones\\\/#article\",\"isPartOf\":{\"@id\":\"https:\\\/\\\/www.eltriangle.eu\\\/es\\\/2024\\\/09\\\/25\\\/entidades-y-familiares-de-presos-ven-muy-grave-que-justicia-archive-la-investigacion-por-el-bloqueo-de-las-prisiones\\\/\"},\"author\":{\"name\":\"Redacci\u00f3 \\\/ ACN\",\"@id\":\"https:\\\/\\\/www.eltriangle.eu\\\/es\\\/#\\\/schema\\\/person\\\/6e5938f06dd4dcd413779558fbf437d9\"},\"headline\":\"Entidades y familiares de presos ven \u00abmuy grave\u00bb que Justicia archive la investigaci\u00f3n por el bloqueo de las prisiones\",\"datePublished\":\"2024-09-25T07:50:03+00:00\",\"dateModified\":\"2024-09-25T09:52:36+00:00\",\"mainEntityOfPage\":{\"@id\":\"https:\\\/\\\/www.eltriangle.eu\\\/es\\\/2024\\\/09\\\/25\\\/entidades-y-familiares-de-presos-ven-muy-grave-que-justicia-archive-la-investigacion-por-el-bloqueo-de-las-prisiones\\\/\"},\"wordCount\":357,\"commentCount\":0,\"publisher\":{\"@id\":\"https:\\\/\\\/www.eltriangle.eu\\\/es\\\/#organization\"},\"image\":{\"@id\":\"https:\\\/\\\/www.eltriangle.eu\\\/es\\\/2024\\\/09\\\/25\\\/entidades-y-familiares-de-presos-ven-muy-grave-que-justicia-archive-la-investigacion-por-el-bloqueo-de-las-prisiones\\\/#primaryimage\"},\"thumbnailUrl\":\"https:\\\/\\\/www.eltriangle.eu\\\/wp-content\\\/uploads\\\/2024\\\/04\\\/protesta-de-funcionaris-de-presons-foto-acn-marta-vidal.jpg\",\"keywords\":[\"Departamento de Just\u00edcia\",\"funcionarios de prisiones\"],\"articleSection\":[\"Actualidad\",\"En la calle\",\"Poderes\"],\"inLanguage\":\"es\",\"potentialAction\":[{\"@type\":\"CommentAction\",\"name\":\"Comment\",\"target\":[\"https:\\\/\\\/www.eltriangle.eu\\\/es\\\/2024\\\/09\\\/25\\\/entidades-y-familiares-de-presos-ven-muy-grave-que-justicia-archive-la-investigacion-por-el-bloqueo-de-las-prisiones\\\/#respond\"]}]},{\"@type\":\"WebPage\",\"@id\":\"https:\\\/\\\/www.eltriangle.eu\\\/es\\\/2024\\\/09\\\/25\\\/entidades-y-familiares-de-presos-ven-muy-grave-que-justicia-archive-la-investigacion-por-el-bloqueo-de-las-prisiones\\\/\",\"url\":\"https:\\\/\\\/www.eltriangle.eu\\\/es\\\/2024\\\/09\\\/25\\\/entidades-y-familiares-de-presos-ven-muy-grave-que-justicia-archive-la-investigacion-por-el-bloqueo-de-las-prisiones\\\/\",\"name\":\"Entidades y familiares de presos ven \\\"muy grave\\\" que Justicia archive la investigaci\u00f3n por el bloqueo de las prisiones - El Triangle\",\"isPartOf\":{\"@id\":\"https:\\\/\\\/www.eltriangle.eu\\\/es\\\/#website\"},\"primaryImageOfPage\":{\"@id\":\"https:\\\/\\\/www.eltriangle.eu\\\/es\\\/2024\\\/09\\\/25\\\/entidades-y-familiares-de-presos-ven-muy-grave-que-justicia-archive-la-investigacion-por-el-bloqueo-de-las-prisiones\\\/#primaryimage\"},\"image\":{\"@id\":\"https:\\\/\\\/www.eltriangle.eu\\\/es\\\/2024\\\/09\\\/25\\\/entidades-y-familiares-de-presos-ven-muy-grave-que-justicia-archive-la-investigacion-por-el-bloqueo-de-las-prisiones\\\/#primaryimage\"},\"thumbnailUrl\":\"https:\\\/\\\/www.eltriangle.eu\\\/wp-content\\\/uploads\\\/2024\\\/04\\\/protesta-de-funcionaris-de-presons-foto-acn-marta-vidal.jpg\",\"datePublished\":\"2024-09-25T07:50:03+00:00\",\"dateModified\":\"2024-09-25T09:52:36+00:00\",\"description\":\"Entidades de derechos humanos y familiares de presos han considerado \\\"muy grave\\\" el archivo de la investigaci\u00f3n del Departamento de Justicia de la\",\"breadcrumb\":{\"@id\":\"https:\\\/\\\/www.eltriangle.eu\\\/es\\\/2024\\\/09\\\/25\\\/entidades-y-familiares-de-presos-ven-muy-grave-que-justicia-archive-la-investigacion-por-el-bloqueo-de-las-prisiones\\\/#breadcrumb\"},\"inLanguage\":\"es\",\"potentialAction\":[{\"@type\":\"ReadAction\",\"target\":[\"https:\\\/\\\/www.eltriangle.eu\\\/es\\\/2024\\\/09\\\/25\\\/entidades-y-familiares-de-presos-ven-muy-grave-que-justicia-archive-la-investigacion-por-el-bloqueo-de-las-prisiones\\\/\"]}]},{\"@type\":\"ImageObject\",\"inLanguage\":\"es\",\"@id\":\"https:\\\/\\\/www.eltriangle.eu\\\/es\\\/2024\\\/09\\\/25\\\/entidades-y-familiares-de-presos-ven-muy-grave-que-justicia-archive-la-investigacion-por-el-bloqueo-de-las-prisiones\\\/#primaryimage\",\"url\":\"https:\\\/\\\/www.eltriangle.eu\\\/wp-content\\\/uploads\\\/2024\\\/04\\\/protesta-de-funcionaris-de-presons-foto-acn-marta-vidal.jpg\",\"contentUrl\":\"https:\\\/\\\/www.eltriangle.eu\\\/wp-content\\\/uploads\\\/2024\\\/04\\\/protesta-de-funcionaris-de-presons-foto-acn-marta-vidal.jpg\",\"width\":1200,\"height\":800,\"caption\":\"Protesta de funcionarios de prisiones - Foto: ACN, Marta Vidal\"},{\"@type\":\"BreadcrumbList\",\"@id\":\"https:\\\/\\\/www.eltriangle.eu\\\/es\\\/2024\\\/09\\\/25\\\/entidades-y-familiares-de-presos-ven-muy-grave-que-justicia-archive-la-investigacion-por-el-bloqueo-de-las-prisiones\\\/#breadcrumb\",\"itemListElement\":[{\"@type\":\"ListItem\",\"position\":1,\"name\":\"Portada\",\"item\":\"https:\\\/\\\/www.eltriangle.eu\\\/es\\\/\"},{\"@type\":\"ListItem\",\"position\":2,\"name\":\"Entidades y familiares de presos ven \u00abmuy grave\u00bb que Justicia archive la investigaci\u00f3n por el bloqueo de las prisiones\"}]},{\"@type\":\"WebSite\",\"@id\":\"https:\\\/\\\/www.eltriangle.eu\\\/es\\\/#website\",\"url\":\"https:\\\/\\\/www.eltriangle.eu\\\/es\\\/\",\"name\":\"El Triangle\",\"description\":\"El Triangle \u00e9s un Diari d&#039;informaci\u00f3 general, editat a Catalunya i escrit en llengua catalana, especialitzat en investigaci\u00f3 period\u00edstica\",\"publisher\":{\"@id\":\"https:\\\/\\\/www.eltriangle.eu\\\/es\\\/#organization\"},\"potentialAction\":[{\"@type\":\"SearchAction\",\"target\":{\"@type\":\"EntryPoint\",\"urlTemplate\":\"https:\\\/\\\/www.eltriangle.eu\\\/es\\\/?s={search_term_string}\"},\"query-input\":{\"@type\":\"PropertyValueSpecification\",\"valueRequired\":true,\"valueName\":\"search_term_string\"}}],\"inLanguage\":\"es\"},{\"@type\":[\"Organization\",\"NewsMediaOrganization\"],\"@id\":\"https:\\\/\\\/www.eltriangle.eu\\\/es\\\/#organization\",\"name\":\"El Triangle\",\"url\":\"https:\\\/\\\/www.eltriangle.eu\\\/es\\\/\",\"logo\":{\"@type\":\"ImageObject\",\"inLanguage\":\"es\",\"@id\":\"https:\\\/\\\/www.eltriangle.eu\\\/es\\\/#\\\/schema\\\/logo\\\/image\\\/\",\"url\":\"https:\\\/\\\/www.eltriangle.eu\\\/wp-content\\\/uploads\\\/2020\\\/11\\\/triangle_logo-ajustado.jpg\",\"contentUrl\":\"https:\\\/\\\/www.eltriangle.eu\\\/wp-content\\\/uploads\\\/2020\\\/11\\\/triangle_logo-ajustado.jpg\",\"width\":521,\"height\":92,\"caption\":\"El Triangle\"},\"image\":{\"@id\":\"https:\\\/\\\/www.eltriangle.eu\\\/es\\\/#\\\/schema\\\/logo\\\/image\\\/\"},\"sameAs\":[\"https:\\\/\\\/www.facebook.com\\\/El-Triangle-Diari-101787399020302\",\"https:\\\/\\\/x.com\\\/El_Triangle\",\"https:\\\/\\\/www.youtube.com\\\/channel\\\/UCTIjmYEMYSpdGonuAgNhbcg\"]},{\"@type\":\"Person\",\"@id\":\"https:\\\/\\\/www.eltriangle.eu\\\/es\\\/#\\\/schema\\\/person\\\/6e5938f06dd4dcd413779558fbf437d9\",\"name\":\"Redacci\u00f3 \\\/ ACN\",\"image\":{\"@type\":\"ImageObject\",\"inLanguage\":\"es\",\"@id\":\"\\\/\\\/www.gravatar.com\\\/avatar\\\/a5bc366245a614da74d9f8d49d1b53bf?s=96&#038;r=g&#038;d=mm\",\"url\":\"\\\/\\\/www.gravatar.com\\\/avatar\\\/a5bc366245a614da74d9f8d49d1b53bf?s=96&#038;r=g&#038;d=mm\",\"contentUrl\":\"\\\/\\\/www.gravatar.com\\\/avatar\\\/a5bc366245a614da74d9f8d49d1b53bf?s=96&#038;r=g&#038;d=mm\",\"caption\":\"Redacci\u00f3 \\\/ ACN\"},\"url\":\"https:\\\/\\\/www.eltriangle.eu\\\/es\\\/author\\\/redaccioacn\\\/\"},{\"@type\":\"SiteNavigationElement\",\"@id\":\"https:\\\/\\\/www.eltriangle.eu\\\/es\\\/#site-navigation\",\"cssSelector\":[\".cib-main-menu\"]},{\"@type\":\"WPHeader\",\"@id\":\"https:\\\/\\\/www.eltriangle.eu\\\/es\\\/#header\",\"cssSelector\":[\".cib-header\"]},{\"@type\":\"WPFooter\",\"@id\":\"https:\\\/\\\/www.eltriangle.eu\\\/es\\\/#footer\",\"cssSelector\":[\".cib-footer\"]}]}<\/script>\n<!-- \/ Yoast SEO plugin. -->","yoast_head_json":{"title":"Entidades y familiares de presos ven \"muy grave\" que Justicia archive la investigaci\u00f3n por el bloqueo de las prisiones - El Triangle","description":"Entidades de derechos humanos y familiares de presos han considerado \"muy grave\" el archivo de la investigaci\u00f3n del Departamento de Justicia de la","robots":{"index":"index","follow":"follow","max-snippet":"max-snippet:-1","max-image-preview":"max-image-preview:large","max-video-preview":"max-video-preview:-1"},"canonical":"https:\/\/www.eltriangle.eu\/es\/2024\/09\/25\/entidades-y-familiares-de-presos-ven-muy-grave-que-justicia-archive-la-investigacion-por-el-bloqueo-de-las-prisiones\/","og_locale":"es_ES","og_type":"article","og_title":"Entidades y familiares de presos ven \"muy grave\" que Justicia archive la investigaci\u00f3n por el bloqueo de las prisiones - El Triangle","og_description":"Entidades de derechos humanos y familiares de presos han considerado \"muy grave\" el archivo de la investigaci\u00f3n del Departamento de Justicia de la","og_url":"https:\/\/www.eltriangle.eu\/es\/2024\/09\/25\/entidades-y-familiares-de-presos-ven-muy-grave-que-justicia-archive-la-investigacion-por-el-bloqueo-de-las-prisiones\/","og_site_name":"El Triangle","article_publisher":"https:\/\/www.facebook.com\/El-Triangle-Diari-101787399020302","article_published_time":"2024-09-25T07:50:03+00:00","article_modified_time":"2024-09-25T09:52:36+00:00","og_image":[{"width":1200,"height":800,"url":"https:\/\/www.eltriangle.eu\/wp-content\/uploads\/2024\/04\/protesta-de-funcionaris-de-presons-foto-acn-marta-vidal.jpg","type":"image\/jpeg"}],"author":"Redacci\u00f3 \/ ACN","twitter_card":"summary_large_image","twitter_creator":"@El_Triangle","twitter_site":"@El_Triangle","twitter_misc":{"Escrito por":"Redacci\u00f3 \/ ACN","Tiempo de lectura":"2 minutos"},"schema":{"@context":"https:\/\/schema.org","@graph":[{"@type":"NewsArticle","@id":"https:\/\/www.eltriangle.eu\/es\/2024\/09\/25\/entidades-y-familiares-de-presos-ven-muy-grave-que-justicia-archive-la-investigacion-por-el-bloqueo-de-las-prisiones\/#article","isPartOf":{"@id":"https:\/\/www.eltriangle.eu\/es\/2024\/09\/25\/entidades-y-familiares-de-presos-ven-muy-grave-que-justicia-archive-la-investigacion-por-el-bloqueo-de-las-prisiones\/"},"author":{"name":"Redacci\u00f3 \/ ACN","@id":"https:\/\/www.eltriangle.eu\/es\/#\/schema\/person\/6e5938f06dd4dcd413779558fbf437d9"},"headline":"Entidades y familiares de presos ven \u00abmuy grave\u00bb que Justicia archive la investigaci\u00f3n por el bloqueo de las prisiones","datePublished":"2024-09-25T07:50:03+00:00","dateModified":"2024-09-25T09:52:36+00:00","mainEntityOfPage":{"@id":"https:\/\/www.eltriangle.eu\/es\/2024\/09\/25\/entidades-y-familiares-de-presos-ven-muy-grave-que-justicia-archive-la-investigacion-por-el-bloqueo-de-las-prisiones\/"},"wordCount":357,"commentCount":0,"publisher":{"@id":"https:\/\/www.eltriangle.eu\/es\/#organization"},"image":{"@id":"https:\/\/www.eltriangle.eu\/es\/2024\/09\/25\/entidades-y-familiares-de-presos-ven-muy-grave-que-justicia-archive-la-investigacion-por-el-bloqueo-de-las-prisiones\/#primaryimage"},"thumbnailUrl":"https:\/\/www.eltriangle.eu\/wp-content\/uploads\/2024\/04\/protesta-de-funcionaris-de-presons-foto-acn-marta-vidal.jpg","keywords":["Departamento de Just\u00edcia","funcionarios de prisiones"],"articleSection":["Actualidad","En la calle","Poderes"],"inLanguage":"es","potentialAction":[{"@type":"CommentAction","name":"Comment","target":["https:\/\/www.eltriangle.eu\/es\/2024\/09\/25\/entidades-y-familiares-de-presos-ven-muy-grave-que-justicia-archive-la-investigacion-por-el-bloqueo-de-las-prisiones\/#respond"]}]},{"@type":"WebPage","@id":"https:\/\/www.eltriangle.eu\/es\/2024\/09\/25\/entidades-y-familiares-de-presos-ven-muy-grave-que-justicia-archive-la-investigacion-por-el-bloqueo-de-las-prisiones\/","url":"https:\/\/www.eltriangle.eu\/es\/2024\/09\/25\/entidades-y-familiares-de-presos-ven-muy-grave-que-justicia-archive-la-investigacion-por-el-bloqueo-de-las-prisiones\/","name":"Entidades y familiares de presos ven \"muy grave\" que Justicia archive la investigaci\u00f3n por el bloqueo de las prisiones - El Triangle","isPartOf":{"@id":"https:\/\/www.eltriangle.eu\/es\/#website"},"primaryImageOfPage":{"@id":"https:\/\/www.eltriangle.eu\/es\/2024\/09\/25\/entidades-y-familiares-de-presos-ven-muy-grave-que-justicia-archive-la-investigacion-por-el-bloqueo-de-las-prisiones\/#primaryimage"},"image":{"@id":"https:\/\/www.eltriangle.eu\/es\/2024\/09\/25\/entidades-y-familiares-de-presos-ven-muy-grave-que-justicia-archive-la-investigacion-por-el-bloqueo-de-las-prisiones\/#primaryimage"},"thumbnailUrl":"https:\/\/www.eltriangle.eu\/wp-content\/uploads\/2024\/04\/protesta-de-funcionaris-de-presons-foto-acn-marta-vidal.jpg","datePublished":"2024-09-25T07:50:03+00:00","dateModified":"2024-09-25T09:52:36+00:00","description":"Entidades de derechos humanos y familiares de presos han considerado \"muy grave\" el archivo de la investigaci\u00f3n del Departamento de Justicia de la","breadcrumb":{"@id":"https:\/\/www.eltriangle.eu\/es\/2024\/09\/25\/entidades-y-familiares-de-presos-ven-muy-grave-que-justicia-archive-la-investigacion-por-el-bloqueo-de-las-prisiones\/#breadcrumb"},"inLanguage":"es","potentialAction":[{"@type":"ReadAction","target":["https:\/\/www.eltriangle.eu\/es\/2024\/09\/25\/entidades-y-familiares-de-presos-ven-muy-grave-que-justicia-archive-la-investigacion-por-el-bloqueo-de-las-prisiones\/"]}]},{"@type":"ImageObject","inLanguage":"es","@id":"https:\/\/www.eltriangle.eu\/es\/2024\/09\/25\/entidades-y-familiares-de-presos-ven-muy-grave-que-justicia-archive-la-investigacion-por-el-bloqueo-de-las-prisiones\/#primaryimage","url":"https:\/\/www.eltriangle.eu\/wp-content\/uploads\/2024\/04\/protesta-de-funcionaris-de-presons-foto-acn-marta-vidal.jpg","contentUrl":"https:\/\/www.eltriangle.eu\/wp-content\/uploads\/2024\/04\/protesta-de-funcionaris-de-presons-foto-acn-marta-vidal.jpg","width":1200,"height":800,"caption":"Protesta de funcionarios de prisiones - Foto: ACN, Marta Vidal"},{"@type":"BreadcrumbList","@id":"https:\/\/www.eltriangle.eu\/es\/2024\/09\/25\/entidades-y-familiares-de-presos-ven-muy-grave-que-justicia-archive-la-investigacion-por-el-bloqueo-de-las-prisiones\/#breadcrumb","itemListElement":[{"@type":"ListItem","position":1,"name":"Portada","item":"https:\/\/www.eltriangle.eu\/es\/"},{"@type":"ListItem","position":2,"name":"Entidades y familiares de presos ven \u00abmuy grave\u00bb que Justicia archive la investigaci\u00f3n por el bloqueo de las prisiones"}]},{"@type":"WebSite","@id":"https:\/\/www.eltriangle.eu\/es\/#website","url":"https:\/\/www.eltriangle.eu\/es\/","name":"El Triangle","description":"El Triangle \u00e9s un Diari d&#039;informaci\u00f3 general, editat a Catalunya i escrit en llengua catalana, especialitzat en investigaci\u00f3 period\u00edstica","publisher":{"@id":"https:\/\/www.eltriangle.eu\/es\/#organization"},"potentialAction":[{"@type":"SearchAction","target":{"@type":"EntryPoint","urlTemplate":"https:\/\/www.eltriangle.eu\/es\/?s={search_term_string}"},"query-input":{"@type":"PropertyValueSpecification","valueRequired":true,"valueName":"search_term_string"}}],"inLanguage":"es"},{"@type":["Organization","NewsMediaOrganization"],"@id":"https:\/\/www.eltriangle.eu\/es\/#organization","name":"El Triangle","url":"https:\/\/www.eltriangle.eu\/es\/","logo":{"@type":"ImageObject","inLanguage":"es","@id":"https:\/\/www.eltriangle.eu\/es\/#\/schema\/logo\/image\/","url":"https:\/\/www.eltriangle.eu\/wp-content\/uploads\/2020\/11\/triangle_logo-ajustado.jpg","contentUrl":"https:\/\/www.eltriangle.eu\/wp-content\/uploads\/2020\/11\/triangle_logo-ajustado.jpg","width":521,"height":92,"caption":"El Triangle"},"image":{"@id":"https:\/\/www.eltriangle.eu\/es\/#\/schema\/logo\/image\/"},"sameAs":["https:\/\/www.facebook.com\/El-Triangle-Diari-101787399020302","https:\/\/x.com\/El_Triangle","https:\/\/www.youtube.com\/channel\/UCTIjmYEMYSpdGonuAgNhbcg"]},{"@type":"Person","@id":"https:\/\/www.eltriangle.eu\/es\/#\/schema\/person\/6e5938f06dd4dcd413779558fbf437d9","name":"Redacci\u00f3 \/ ACN","image":{"@type":"ImageObject","inLanguage":"es","@id":"\/\/www.gravatar.com\/avatar\/a5bc366245a614da74d9f8d49d1b53bf?s=96&#038;r=g&#038;d=mm","url":"\/\/www.gravatar.com\/avatar\/a5bc366245a614da74d9f8d49d1b53bf?s=96&#038;r=g&#038;d=mm","contentUrl":"\/\/www.gravatar.com\/avatar\/a5bc366245a614da74d9f8d49d1b53bf?s=96&#038;r=g&#038;d=mm","caption":"Redacci\u00f3 \/ ACN"},"url":"https:\/\/www.eltriangle.eu\/es\/author\/redaccioacn\/"},{"@type":"SiteNavigationElement","@id":"https:\/\/www.eltriangle.eu\/es\/#site-navigation","cssSelector":[".cib-main-menu"]},{"@type":"WPHeader","@id":"https:\/\/www.eltriangle.eu\/es\/#header","cssSelector":[".cib-header"]},{"@type":"WPFooter","@id":"https:\/\/www.eltriangle.eu\/es\/#footer","cssSelector":[".cib-footer"]}]}},"amp_enabled":true,"_links":{"self":[{"href":"https:\/\/www.eltriangle.eu\/es\/wp-json\/wp\/v2\/posts\/279832","targetHints":{"allow":["GET"]}}],"collection":[{"href":"https:\/\/www.eltriangle.eu\/es\/wp-json\/wp\/v2\/posts"}],"about":[{"href":"https:\/\/www.eltriangle.eu\/es\/wp-json\/wp\/v2\/types\/post"}],"author":[{"embeddable":true,"href":"https:\/\/www.eltriangle.eu\/es\/wp-json\/wp\/v2\/users\/179"}],"replies":[{"embeddable":true,"href":"https:\/\/www.eltriangle.eu\/es\/wp-json\/wp\/v2\/comments?post=279832"}],"version-history":[{"count":0,"href":"https:\/\/www.eltriangle.eu\/es\/wp-json\/wp\/v2\/posts\/279832\/revisions"}],"wp:featuredmedia":[{"embeddable":true,"href":"https:\/\/www.eltriangle.eu\/es\/wp-json\/wp\/v2\/media\/254196"}],"wp:attachment":[{"href":"https:\/\/www.eltriangle.eu\/es\/wp-json\/wp\/v2\/media?parent=279832"}],"wp:term":[{"taxonomy":"category","embeddable":true,"href":"https:\/\/www.eltriangle.eu\/es\/wp-json\/wp\/v2\/categories?post=279832"},{"taxonomy":"post_tag","embeddable":true,"href":"https:\/\/www.eltriangle.eu\/es\/wp-json\/wp\/v2\/tags?post=279832"}],"curies":[{"name":"wp","href":"https:\/\/api.w.org\/{rel}","templated":true}]}}