{"id":279798,"date":"2024-09-24T21:54:05","date_gmt":"2024-09-24T19:54:05","guid":{"rendered":null},"modified":"2024-09-24T21:54:05","modified_gmt":"2024-09-24T19:54:05","slug":"rufian-advierte-al-gobierno-que-si-renegocia-el-techo-de-gasto-con-junts-tambien-lo-tendra-que-hacer-con-erc","status":"publish","type":"post","link":"https:\/\/www.eltriangle.eu\/es\/2024\/09\/24\/rufian-advierte-al-gobierno-que-si-renegocia-el-techo-de-gasto-con-junts-tambien-lo-tendra-que-hacer-con-erc\/","title":{"rendered":"Rufi\u00e1n advierte al gobierno que si renegocia el techo de gasto con Junts tambi\u00e9n lo tendr\u00e1 que hacer con ERC"},"content":{"rendered":"<p>El portavoz de ERC en el Congreso de los Diputados, <strong>Gabriel Rufi\u00e1n<\/strong>, ha alertado este martes al gobierno espa\u00f1ol que si renegocia el techo de gasto con Junts tambi\u00e9n lo tendr\u00e1 que hacer con el grupo republicano.<\/p>\n<p>\u201cEmpezamos de cero\u201d, ha dicho en una atenci\u00f3n a los medios de comunicaci\u00f3n a los pasillos de la c\u00e1mara baja espa\u00f1ola.<\/p>\n<p>Rufi\u00e1n ha dado la bienvenida a Junts a la negociaci\u00f3n, pero ha advertido al PSOE que <strong>\u201csi abre la negociaci\u00f3n para unos lo abre para todos\u201d<\/strong>.<\/p>\n<p>El portavoz republic\u00f3 tambi\u00e9n ha considerado que <strong>\u201csiempre es un error no plantarse ante la derecha\u201d<\/strong>.<\/p>\n<p>Todo ello despu\u00e9s de que el gobierno espa\u00f1ol haya acordado este martes retirar la tramitaci\u00f3n parlamentaria de los objetivos de estabilidad que se ten\u00edan que votar jueves en el Congreso.<\/p>\n","protected":false},"excerpt":{"rendered":"<p>El portavoz de ERC en el Congreso de los Diputados, Gabriel Rufi\u00e1n, ha alertado este martes al gobierno espa\u00f1ol que si renegocia el techo de gasto con Junts tambi\u00e9n lo tendr\u00e1 que hacer con el grupo republicano. \u201cEmpezamos de cero\u201d, ha dicho en una atenci\u00f3n a los medios de comunicaci\u00f3n a los pasillos de la &#8230; <a title=\"Rufi\u00e1n advierte al gobierno que si renegocia el techo de gasto con Junts tambi\u00e9n lo tendr\u00e1 que hacer con ERC\" class=\"read-more\" href=\"https:\/\/www.eltriangle.eu\/es\/2024\/09\/24\/rufian-advierte-al-gobierno-que-si-renegocia-el-techo-de-gasto-con-junts-tambien-lo-tendra-que-hacer-con-erc\/\" aria-label=\"Leer m\u00e1s sobre Rufi\u00e1n advierte al gobierno que si renegocia el techo de gasto con Junts tambi\u00e9n lo tendr\u00e1 que hacer con ERC\">Leer m\u00e1s<\/a><\/p>\n","protected":false},"author":97,"featured_media":228063,"comment_status":"open","ping_status":"closed","sticky":false,"template":"","format":"standard","meta":{"_acf_changed":false,"pmpro_default_level":"","footnotes":""},"categories":[24,74],"tags":[223,3957],"class_list":["post-279798","post","type-post","status-publish","format-standard","has-post-thumbnail","hentry","category-actualidad","category-poderes","tag-gabriel-rufian-es","tag-pressupostos-generals-de-lestat-es","lh_instant_articles-syndicate-yes","pmpro-has-access"],"acf":[],"yoast_head":"<!-- This site is optimized with the Yoast SEO plugin v27.4 - https:\/\/yoast.com\/product\/yoast-seo-wordpress\/ -->\n<title>Rufi\u00e1n advierte al gobierno que si renegocia el techo de gasto con Junts tambi\u00e9n lo tendr\u00e1 que hacer con ERC - El Triangle<\/title>\n<meta name=\"description\" content=\"El portavoz de ERC en el Congreso de los Diputados, Gabriel Rufi\u00e1n, ha alertado este martes al gobierno espa\u00f1ol que si renegocia el techo de gasto con\" class=\"yoast-seo-meta-tag\" \/>\n<meta name=\"robots\" content=\"index, follow, max-snippet:-1, max-image-preview:large, max-video-preview:-1\" \/>\n<link rel=\"canonical\" href=\"https:\/\/www.eltriangle.eu\/es\/2024\/09\/24\/rufian-advierte-al-gobierno-que-si-renegocia-el-techo-de-gasto-con-junts-tambien-lo-tendra-que-hacer-con-erc\/\" class=\"yoast-seo-meta-tag\" \/>\n<meta property=\"og:locale\" content=\"es_ES\" class=\"yoast-seo-meta-tag\" \/>\n<meta property=\"og:type\" content=\"article\" class=\"yoast-seo-meta-tag\" \/>\n<meta property=\"og:title\" content=\"Rufi\u00e1n advierte al gobierno que si renegocia el techo de gasto con Junts tambi\u00e9n lo tendr\u00e1 que hacer con ERC - El Triangle\" class=\"yoast-seo-meta-tag\" \/>\n<meta property=\"og:description\" content=\"El portavoz de ERC en el Congreso de los Diputados, Gabriel Rufi\u00e1n, ha alertado este martes al gobierno espa\u00f1ol que si renegocia el techo de gasto con\" class=\"yoast-seo-meta-tag\" \/>\n<meta property=\"og:url\" content=\"https:\/\/www.eltriangle.eu\/es\/2024\/09\/24\/rufian-advierte-al-gobierno-que-si-renegocia-el-techo-de-gasto-con-junts-tambien-lo-tendra-que-hacer-con-erc\/\" class=\"yoast-seo-meta-tag\" \/>\n<meta property=\"og:site_name\" content=\"El Triangle\" class=\"yoast-seo-meta-tag\" \/>\n<meta property=\"article:publisher\" content=\"https:\/\/www.facebook.com\/El-Triangle-Diari-101787399020302\" class=\"yoast-seo-meta-tag\" \/>\n<meta property=\"article:published_time\" content=\"2024-09-24T19:54:05+00:00\" class=\"yoast-seo-meta-tag\" \/>\n<meta property=\"og:image\" content=\"https:\/\/www.eltriangle.eu\/wp-content\/uploads\/2023\/11\/gabriel-rufian.jpg\" class=\"yoast-seo-meta-tag\" \/>\n\t<meta property=\"og:image:width\" content=\"1200\" class=\"yoast-seo-meta-tag\" \/>\n\t<meta property=\"og:image:height\" content=\"800\" class=\"yoast-seo-meta-tag\" \/>\n\t<meta property=\"og:image:type\" content=\"image\/jpeg\" class=\"yoast-seo-meta-tag\" \/>\n<meta name=\"author\" content=\"xavier\" class=\"yoast-seo-meta-tag\" \/>\n<meta name=\"twitter:card\" content=\"summary_large_image\" class=\"yoast-seo-meta-tag\" \/>\n<meta name=\"twitter:creator\" content=\"@El_Triangle\" class=\"yoast-seo-meta-tag\" \/>\n<meta name=\"twitter:site\" content=\"@El_Triangle\" class=\"yoast-seo-meta-tag\" \/>\n<meta name=\"twitter:label1\" content=\"Escrito por\" class=\"yoast-seo-meta-tag\" \/>\n\t<meta name=\"twitter:data1\" content=\"xavier\" class=\"yoast-seo-meta-tag\" \/>\n\t<meta name=\"twitter:label2\" content=\"Tiempo de lectura\" class=\"yoast-seo-meta-tag\" \/>\n\t<meta name=\"twitter:data2\" content=\"1 minuto\" class=\"yoast-seo-meta-tag\" \/>\n<script type=\"application\/ld+json\" class=\"yoast-schema-graph\">{\"@context\":\"https:\\\/\\\/schema.org\",\"@graph\":[{\"@type\":\"NewsArticle\",\"@id\":\"https:\\\/\\\/www.eltriangle.eu\\\/es\\\/2024\\\/09\\\/24\\\/rufian-advierte-al-gobierno-que-si-renegocia-el-techo-de-gasto-con-junts-tambien-lo-tendra-que-hacer-con-erc\\\/#article\",\"isPartOf\":{\"@id\":\"https:\\\/\\\/www.eltriangle.eu\\\/es\\\/2024\\\/09\\\/24\\\/rufian-advierte-al-gobierno-que-si-renegocia-el-techo-de-gasto-con-junts-tambien-lo-tendra-que-hacer-con-erc\\\/\"},\"author\":{\"name\":\"xavier\",\"@id\":\"https:\\\/\\\/www.eltriangle.eu\\\/es\\\/#\\\/schema\\\/person\\\/df9cb61ef0b061092c35cf7a8636dfc6\"},\"headline\":\"Rufi\u00e1n advierte al gobierno que si renegocia el techo de gasto con Junts tambi\u00e9n lo tendr\u00e1 que hacer con ERC\",\"datePublished\":\"2024-09-24T19:54:05+00:00\",\"mainEntityOfPage\":{\"@id\":\"https:\\\/\\\/www.eltriangle.eu\\\/es\\\/2024\\\/09\\\/24\\\/rufian-advierte-al-gobierno-que-si-renegocia-el-techo-de-gasto-con-junts-tambien-lo-tendra-que-hacer-con-erc\\\/\"},\"wordCount\":167,\"commentCount\":0,\"publisher\":{\"@id\":\"https:\\\/\\\/www.eltriangle.eu\\\/es\\\/#organization\"},\"image\":{\"@id\":\"https:\\\/\\\/www.eltriangle.eu\\\/es\\\/2024\\\/09\\\/24\\\/rufian-advierte-al-gobierno-que-si-renegocia-el-techo-de-gasto-con-junts-tambien-lo-tendra-que-hacer-con-erc\\\/#primaryimage\"},\"thumbnailUrl\":\"https:\\\/\\\/www.eltriangle.eu\\\/wp-content\\\/uploads\\\/2023\\\/11\\\/gabriel-rufian.jpg\",\"keywords\":[\"Gabriel Rufi\u00e1n\",\"pressupostos generals de l'Estat\"],\"articleSection\":[\"Actualidad\",\"Poderes\"],\"inLanguage\":\"es\",\"potentialAction\":[{\"@type\":\"CommentAction\",\"name\":\"Comment\",\"target\":[\"https:\\\/\\\/www.eltriangle.eu\\\/es\\\/2024\\\/09\\\/24\\\/rufian-advierte-al-gobierno-que-si-renegocia-el-techo-de-gasto-con-junts-tambien-lo-tendra-que-hacer-con-erc\\\/#respond\"]}]},{\"@type\":\"WebPage\",\"@id\":\"https:\\\/\\\/www.eltriangle.eu\\\/es\\\/2024\\\/09\\\/24\\\/rufian-advierte-al-gobierno-que-si-renegocia-el-techo-de-gasto-con-junts-tambien-lo-tendra-que-hacer-con-erc\\\/\",\"url\":\"https:\\\/\\\/www.eltriangle.eu\\\/es\\\/2024\\\/09\\\/24\\\/rufian-advierte-al-gobierno-que-si-renegocia-el-techo-de-gasto-con-junts-tambien-lo-tendra-que-hacer-con-erc\\\/\",\"name\":\"Rufi\u00e1n advierte al gobierno que si renegocia el techo de gasto con Junts tambi\u00e9n lo tendr\u00e1 que hacer con ERC - El Triangle\",\"isPartOf\":{\"@id\":\"https:\\\/\\\/www.eltriangle.eu\\\/es\\\/#website\"},\"primaryImageOfPage\":{\"@id\":\"https:\\\/\\\/www.eltriangle.eu\\\/es\\\/2024\\\/09\\\/24\\\/rufian-advierte-al-gobierno-que-si-renegocia-el-techo-de-gasto-con-junts-tambien-lo-tendra-que-hacer-con-erc\\\/#primaryimage\"},\"image\":{\"@id\":\"https:\\\/\\\/www.eltriangle.eu\\\/es\\\/2024\\\/09\\\/24\\\/rufian-advierte-al-gobierno-que-si-renegocia-el-techo-de-gasto-con-junts-tambien-lo-tendra-que-hacer-con-erc\\\/#primaryimage\"},\"thumbnailUrl\":\"https:\\\/\\\/www.eltriangle.eu\\\/wp-content\\\/uploads\\\/2023\\\/11\\\/gabriel-rufian.jpg\",\"datePublished\":\"2024-09-24T19:54:05+00:00\",\"description\":\"El portavoz de ERC en el Congreso de los Diputados, Gabriel Rufi\u00e1n, ha alertado este martes al gobierno espa\u00f1ol que si renegocia el techo de gasto con\",\"breadcrumb\":{\"@id\":\"https:\\\/\\\/www.eltriangle.eu\\\/es\\\/2024\\\/09\\\/24\\\/rufian-advierte-al-gobierno-que-si-renegocia-el-techo-de-gasto-con-junts-tambien-lo-tendra-que-hacer-con-erc\\\/#breadcrumb\"},\"inLanguage\":\"es\",\"potentialAction\":[{\"@type\":\"ReadAction\",\"target\":[\"https:\\\/\\\/www.eltriangle.eu\\\/es\\\/2024\\\/09\\\/24\\\/rufian-advierte-al-gobierno-que-si-renegocia-el-techo-de-gasto-con-junts-tambien-lo-tendra-que-hacer-con-erc\\\/\"]}]},{\"@type\":\"ImageObject\",\"inLanguage\":\"es\",\"@id\":\"https:\\\/\\\/www.eltriangle.eu\\\/es\\\/2024\\\/09\\\/24\\\/rufian-advierte-al-gobierno-que-si-renegocia-el-techo-de-gasto-con-junts-tambien-lo-tendra-que-hacer-con-erc\\\/#primaryimage\",\"url\":\"https:\\\/\\\/www.eltriangle.eu\\\/wp-content\\\/uploads\\\/2023\\\/11\\\/gabriel-rufian.jpg\",\"contentUrl\":\"https:\\\/\\\/www.eltriangle.eu\\\/wp-content\\\/uploads\\\/2023\\\/11\\\/gabriel-rufian.jpg\",\"width\":1200,\"height\":800,\"caption\":\"Gabriel Rufi\u00e1n\"},{\"@type\":\"BreadcrumbList\",\"@id\":\"https:\\\/\\\/www.eltriangle.eu\\\/es\\\/2024\\\/09\\\/24\\\/rufian-advierte-al-gobierno-que-si-renegocia-el-techo-de-gasto-con-junts-tambien-lo-tendra-que-hacer-con-erc\\\/#breadcrumb\",\"itemListElement\":[{\"@type\":\"ListItem\",\"position\":1,\"name\":\"Portada\",\"item\":\"https:\\\/\\\/www.eltriangle.eu\\\/es\\\/\"},{\"@type\":\"ListItem\",\"position\":2,\"name\":\"Rufi\u00e1n advierte al gobierno que si renegocia el techo de gasto con Junts tambi\u00e9n lo tendr\u00e1 que hacer con ERC\"}]},{\"@type\":\"WebSite\",\"@id\":\"https:\\\/\\\/www.eltriangle.eu\\\/es\\\/#website\",\"url\":\"https:\\\/\\\/www.eltriangle.eu\\\/es\\\/\",\"name\":\"El Triangle\",\"description\":\"El Triangle \u00e9s un Diari d&#039;informaci\u00f3 general, editat a Catalunya i escrit en llengua catalana, especialitzat en investigaci\u00f3 period\u00edstica\",\"publisher\":{\"@id\":\"https:\\\/\\\/www.eltriangle.eu\\\/es\\\/#organization\"},\"potentialAction\":[{\"@type\":\"SearchAction\",\"target\":{\"@type\":\"EntryPoint\",\"urlTemplate\":\"https:\\\/\\\/www.eltriangle.eu\\\/es\\\/?s={search_term_string}\"},\"query-input\":{\"@type\":\"PropertyValueSpecification\",\"valueRequired\":true,\"valueName\":\"search_term_string\"}}],\"inLanguage\":\"es\"},{\"@type\":[\"Organization\",\"NewsMediaOrganization\"],\"@id\":\"https:\\\/\\\/www.eltriangle.eu\\\/es\\\/#organization\",\"name\":\"El Triangle\",\"url\":\"https:\\\/\\\/www.eltriangle.eu\\\/es\\\/\",\"logo\":{\"@type\":\"ImageObject\",\"inLanguage\":\"es\",\"@id\":\"https:\\\/\\\/www.eltriangle.eu\\\/es\\\/#\\\/schema\\\/logo\\\/image\\\/\",\"url\":\"https:\\\/\\\/www.eltriangle.eu\\\/wp-content\\\/uploads\\\/2020\\\/11\\\/triangle_logo-ajustado.jpg\",\"contentUrl\":\"https:\\\/\\\/www.eltriangle.eu\\\/wp-content\\\/uploads\\\/2020\\\/11\\\/triangle_logo-ajustado.jpg\",\"width\":521,\"height\":92,\"caption\":\"El Triangle\"},\"image\":{\"@id\":\"https:\\\/\\\/www.eltriangle.eu\\\/es\\\/#\\\/schema\\\/logo\\\/image\\\/\"},\"sameAs\":[\"https:\\\/\\\/www.facebook.com\\\/El-Triangle-Diari-101787399020302\",\"https:\\\/\\\/x.com\\\/El_Triangle\",\"https:\\\/\\\/www.youtube.com\\\/channel\\\/UCTIjmYEMYSpdGonuAgNhbcg\"]},{\"@type\":\"Person\",\"@id\":\"https:\\\/\\\/www.eltriangle.eu\\\/es\\\/#\\\/schema\\\/person\\\/df9cb61ef0b061092c35cf7a8636dfc6\",\"name\":\"xavier\",\"image\":{\"@type\":\"ImageObject\",\"inLanguage\":\"es\",\"@id\":\"\\\/\\\/www.gravatar.com\\\/avatar\\\/70cc50ebe4287089b363a6a3c8fa3e72?s=96&#038;r=g&#038;d=mm\",\"url\":\"\\\/\\\/www.gravatar.com\\\/avatar\\\/70cc50ebe4287089b363a6a3c8fa3e72?s=96&#038;r=g&#038;d=mm\",\"contentUrl\":\"\\\/\\\/www.gravatar.com\\\/avatar\\\/70cc50ebe4287089b363a6a3c8fa3e72?s=96&#038;r=g&#038;d=mm\",\"caption\":\"xavier\"},\"url\":\"https:\\\/\\\/www.eltriangle.eu\\\/es\\\/author\\\/xavier\\\/\"},{\"@type\":\"SiteNavigationElement\",\"@id\":\"https:\\\/\\\/www.eltriangle.eu\\\/es\\\/#site-navigation\",\"cssSelector\":[\".cib-main-menu\"]},{\"@type\":\"WPHeader\",\"@id\":\"https:\\\/\\\/www.eltriangle.eu\\\/es\\\/#header\",\"cssSelector\":[\".cib-header\"]},{\"@type\":\"WPFooter\",\"@id\":\"https:\\\/\\\/www.eltriangle.eu\\\/es\\\/#footer\",\"cssSelector\":[\".cib-footer\"]}]}<\/script>\n<!-- \/ Yoast SEO plugin. -->","yoast_head_json":{"title":"Rufi\u00e1n advierte al gobierno que si renegocia el techo de gasto con Junts tambi\u00e9n lo tendr\u00e1 que hacer con ERC - El Triangle","description":"El portavoz de ERC en el Congreso de los Diputados, Gabriel Rufi\u00e1n, ha alertado este martes al gobierno espa\u00f1ol que si renegocia el techo de gasto con","robots":{"index":"index","follow":"follow","max-snippet":"max-snippet:-1","max-image-preview":"max-image-preview:large","max-video-preview":"max-video-preview:-1"},"canonical":"https:\/\/www.eltriangle.eu\/es\/2024\/09\/24\/rufian-advierte-al-gobierno-que-si-renegocia-el-techo-de-gasto-con-junts-tambien-lo-tendra-que-hacer-con-erc\/","og_locale":"es_ES","og_type":"article","og_title":"Rufi\u00e1n advierte al gobierno que si renegocia el techo de gasto con Junts tambi\u00e9n lo tendr\u00e1 que hacer con ERC - El Triangle","og_description":"El portavoz de ERC en el Congreso de los Diputados, Gabriel Rufi\u00e1n, ha alertado este martes al gobierno espa\u00f1ol que si renegocia el techo de gasto con","og_url":"https:\/\/www.eltriangle.eu\/es\/2024\/09\/24\/rufian-advierte-al-gobierno-que-si-renegocia-el-techo-de-gasto-con-junts-tambien-lo-tendra-que-hacer-con-erc\/","og_site_name":"El Triangle","article_publisher":"https:\/\/www.facebook.com\/El-Triangle-Diari-101787399020302","article_published_time":"2024-09-24T19:54:05+00:00","og_image":[{"width":1200,"height":800,"url":"https:\/\/www.eltriangle.eu\/wp-content\/uploads\/2023\/11\/gabriel-rufian.jpg","type":"image\/jpeg"}],"author":"xavier","twitter_card":"summary_large_image","twitter_creator":"@El_Triangle","twitter_site":"@El_Triangle","twitter_misc":{"Escrito por":"xavier","Tiempo de lectura":"1 minuto"},"schema":{"@context":"https:\/\/schema.org","@graph":[{"@type":"NewsArticle","@id":"https:\/\/www.eltriangle.eu\/es\/2024\/09\/24\/rufian-advierte-al-gobierno-que-si-renegocia-el-techo-de-gasto-con-junts-tambien-lo-tendra-que-hacer-con-erc\/#article","isPartOf":{"@id":"https:\/\/www.eltriangle.eu\/es\/2024\/09\/24\/rufian-advierte-al-gobierno-que-si-renegocia-el-techo-de-gasto-con-junts-tambien-lo-tendra-que-hacer-con-erc\/"},"author":{"name":"xavier","@id":"https:\/\/www.eltriangle.eu\/es\/#\/schema\/person\/df9cb61ef0b061092c35cf7a8636dfc6"},"headline":"Rufi\u00e1n advierte al gobierno que si renegocia el techo de gasto con Junts tambi\u00e9n lo tendr\u00e1 que hacer con ERC","datePublished":"2024-09-24T19:54:05+00:00","mainEntityOfPage":{"@id":"https:\/\/www.eltriangle.eu\/es\/2024\/09\/24\/rufian-advierte-al-gobierno-que-si-renegocia-el-techo-de-gasto-con-junts-tambien-lo-tendra-que-hacer-con-erc\/"},"wordCount":167,"commentCount":0,"publisher":{"@id":"https:\/\/www.eltriangle.eu\/es\/#organization"},"image":{"@id":"https:\/\/www.eltriangle.eu\/es\/2024\/09\/24\/rufian-advierte-al-gobierno-que-si-renegocia-el-techo-de-gasto-con-junts-tambien-lo-tendra-que-hacer-con-erc\/#primaryimage"},"thumbnailUrl":"https:\/\/www.eltriangle.eu\/wp-content\/uploads\/2023\/11\/gabriel-rufian.jpg","keywords":["Gabriel Rufi\u00e1n","pressupostos generals de l'Estat"],"articleSection":["Actualidad","Poderes"],"inLanguage":"es","potentialAction":[{"@type":"CommentAction","name":"Comment","target":["https:\/\/www.eltriangle.eu\/es\/2024\/09\/24\/rufian-advierte-al-gobierno-que-si-renegocia-el-techo-de-gasto-con-junts-tambien-lo-tendra-que-hacer-con-erc\/#respond"]}]},{"@type":"WebPage","@id":"https:\/\/www.eltriangle.eu\/es\/2024\/09\/24\/rufian-advierte-al-gobierno-que-si-renegocia-el-techo-de-gasto-con-junts-tambien-lo-tendra-que-hacer-con-erc\/","url":"https:\/\/www.eltriangle.eu\/es\/2024\/09\/24\/rufian-advierte-al-gobierno-que-si-renegocia-el-techo-de-gasto-con-junts-tambien-lo-tendra-que-hacer-con-erc\/","name":"Rufi\u00e1n advierte al gobierno que si renegocia el techo de gasto con Junts tambi\u00e9n lo tendr\u00e1 que hacer con ERC - El Triangle","isPartOf":{"@id":"https:\/\/www.eltriangle.eu\/es\/#website"},"primaryImageOfPage":{"@id":"https:\/\/www.eltriangle.eu\/es\/2024\/09\/24\/rufian-advierte-al-gobierno-que-si-renegocia-el-techo-de-gasto-con-junts-tambien-lo-tendra-que-hacer-con-erc\/#primaryimage"},"image":{"@id":"https:\/\/www.eltriangle.eu\/es\/2024\/09\/24\/rufian-advierte-al-gobierno-que-si-renegocia-el-techo-de-gasto-con-junts-tambien-lo-tendra-que-hacer-con-erc\/#primaryimage"},"thumbnailUrl":"https:\/\/www.eltriangle.eu\/wp-content\/uploads\/2023\/11\/gabriel-rufian.jpg","datePublished":"2024-09-24T19:54:05+00:00","description":"El portavoz de ERC en el Congreso de los Diputados, Gabriel Rufi\u00e1n, ha alertado este martes al gobierno espa\u00f1ol que si renegocia el techo de gasto con","breadcrumb":{"@id":"https:\/\/www.eltriangle.eu\/es\/2024\/09\/24\/rufian-advierte-al-gobierno-que-si-renegocia-el-techo-de-gasto-con-junts-tambien-lo-tendra-que-hacer-con-erc\/#breadcrumb"},"inLanguage":"es","potentialAction":[{"@type":"ReadAction","target":["https:\/\/www.eltriangle.eu\/es\/2024\/09\/24\/rufian-advierte-al-gobierno-que-si-renegocia-el-techo-de-gasto-con-junts-tambien-lo-tendra-que-hacer-con-erc\/"]}]},{"@type":"ImageObject","inLanguage":"es","@id":"https:\/\/www.eltriangle.eu\/es\/2024\/09\/24\/rufian-advierte-al-gobierno-que-si-renegocia-el-techo-de-gasto-con-junts-tambien-lo-tendra-que-hacer-con-erc\/#primaryimage","url":"https:\/\/www.eltriangle.eu\/wp-content\/uploads\/2023\/11\/gabriel-rufian.jpg","contentUrl":"https:\/\/www.eltriangle.eu\/wp-content\/uploads\/2023\/11\/gabriel-rufian.jpg","width":1200,"height":800,"caption":"Gabriel Rufi\u00e1n"},{"@type":"BreadcrumbList","@id":"https:\/\/www.eltriangle.eu\/es\/2024\/09\/24\/rufian-advierte-al-gobierno-que-si-renegocia-el-techo-de-gasto-con-junts-tambien-lo-tendra-que-hacer-con-erc\/#breadcrumb","itemListElement":[{"@type":"ListItem","position":1,"name":"Portada","item":"https:\/\/www.eltriangle.eu\/es\/"},{"@type":"ListItem","position":2,"name":"Rufi\u00e1n advierte al gobierno que si renegocia el techo de gasto con Junts tambi\u00e9n lo tendr\u00e1 que hacer con ERC"}]},{"@type":"WebSite","@id":"https:\/\/www.eltriangle.eu\/es\/#website","url":"https:\/\/www.eltriangle.eu\/es\/","name":"El Triangle","description":"El Triangle \u00e9s un Diari d&#039;informaci\u00f3 general, editat a Catalunya i escrit en llengua catalana, especialitzat en investigaci\u00f3 period\u00edstica","publisher":{"@id":"https:\/\/www.eltriangle.eu\/es\/#organization"},"potentialAction":[{"@type":"SearchAction","target":{"@type":"EntryPoint","urlTemplate":"https:\/\/www.eltriangle.eu\/es\/?s={search_term_string}"},"query-input":{"@type":"PropertyValueSpecification","valueRequired":true,"valueName":"search_term_string"}}],"inLanguage":"es"},{"@type":["Organization","NewsMediaOrganization"],"@id":"https:\/\/www.eltriangle.eu\/es\/#organization","name":"El Triangle","url":"https:\/\/www.eltriangle.eu\/es\/","logo":{"@type":"ImageObject","inLanguage":"es","@id":"https:\/\/www.eltriangle.eu\/es\/#\/schema\/logo\/image\/","url":"https:\/\/www.eltriangle.eu\/wp-content\/uploads\/2020\/11\/triangle_logo-ajustado.jpg","contentUrl":"https:\/\/www.eltriangle.eu\/wp-content\/uploads\/2020\/11\/triangle_logo-ajustado.jpg","width":521,"height":92,"caption":"El Triangle"},"image":{"@id":"https:\/\/www.eltriangle.eu\/es\/#\/schema\/logo\/image\/"},"sameAs":["https:\/\/www.facebook.com\/El-Triangle-Diari-101787399020302","https:\/\/x.com\/El_Triangle","https:\/\/www.youtube.com\/channel\/UCTIjmYEMYSpdGonuAgNhbcg"]},{"@type":"Person","@id":"https:\/\/www.eltriangle.eu\/es\/#\/schema\/person\/df9cb61ef0b061092c35cf7a8636dfc6","name":"xavier","image":{"@type":"ImageObject","inLanguage":"es","@id":"\/\/www.gravatar.com\/avatar\/70cc50ebe4287089b363a6a3c8fa3e72?s=96&#038;r=g&#038;d=mm","url":"\/\/www.gravatar.com\/avatar\/70cc50ebe4287089b363a6a3c8fa3e72?s=96&#038;r=g&#038;d=mm","contentUrl":"\/\/www.gravatar.com\/avatar\/70cc50ebe4287089b363a6a3c8fa3e72?s=96&#038;r=g&#038;d=mm","caption":"xavier"},"url":"https:\/\/www.eltriangle.eu\/es\/author\/xavier\/"},{"@type":"SiteNavigationElement","@id":"https:\/\/www.eltriangle.eu\/es\/#site-navigation","cssSelector":[".cib-main-menu"]},{"@type":"WPHeader","@id":"https:\/\/www.eltriangle.eu\/es\/#header","cssSelector":[".cib-header"]},{"@type":"WPFooter","@id":"https:\/\/www.eltriangle.eu\/es\/#footer","cssSelector":[".cib-footer"]}]}},"amp_enabled":true,"_links":{"self":[{"href":"https:\/\/www.eltriangle.eu\/es\/wp-json\/wp\/v2\/posts\/279798","targetHints":{"allow":["GET"]}}],"collection":[{"href":"https:\/\/www.eltriangle.eu\/es\/wp-json\/wp\/v2\/posts"}],"about":[{"href":"https:\/\/www.eltriangle.eu\/es\/wp-json\/wp\/v2\/types\/post"}],"author":[{"embeddable":true,"href":"https:\/\/www.eltriangle.eu\/es\/wp-json\/wp\/v2\/users\/97"}],"replies":[{"embeddable":true,"href":"https:\/\/www.eltriangle.eu\/es\/wp-json\/wp\/v2\/comments?post=279798"}],"version-history":[{"count":0,"href":"https:\/\/www.eltriangle.eu\/es\/wp-json\/wp\/v2\/posts\/279798\/revisions"}],"wp:featuredmedia":[{"embeddable":true,"href":"https:\/\/www.eltriangle.eu\/es\/wp-json\/wp\/v2\/media\/228063"}],"wp:attachment":[{"href":"https:\/\/www.eltriangle.eu\/es\/wp-json\/wp\/v2\/media?parent=279798"}],"wp:term":[{"taxonomy":"category","embeddable":true,"href":"https:\/\/www.eltriangle.eu\/es\/wp-json\/wp\/v2\/categories?post=279798"},{"taxonomy":"post_tag","embeddable":true,"href":"https:\/\/www.eltriangle.eu\/es\/wp-json\/wp\/v2\/tags?post=279798"}],"curies":[{"name":"wp","href":"https:\/\/api.w.org\/{rel}","templated":true}]}}