{"id":279694,"date":"2024-09-24T22:00:34","date_gmt":"2024-09-24T20:00:34","guid":{"rendered":null},"modified":"2024-09-24T22:01:19","modified_gmt":"2024-09-24T20:01:19","slug":"la-moncloa-retira-la-tramitacion-de-los-objetivos-de-estabilidad-por-falta-de-apoyo-parlamentario","status":"publish","type":"post","link":"https:\/\/www.eltriangle.eu\/es\/2024\/09\/24\/la-moncloa-retira-la-tramitacion-de-los-objetivos-de-estabilidad-por-falta-de-apoyo-parlamentario\/","title":{"rendered":"La Moncloa retira la tramitaci\u00f3n de los objetivos de estabilidad por falta de apoyo parlamentario"},"content":{"rendered":"<p><strong>El gobierno espa\u00f1ol ha acordado este martes retirar la tramitaci\u00f3n parlamentaria de los objetivos de estabilidad<\/strong> que deb\u00edan votarse el jueves en el Congreso, seg\u00fan fuentes de la Moncloa.<\/p>\n<p>El &#8216;no&#8217; de Junts, que la semana pasada volvi\u00f3 a advertir de que no apoyar\u00eda el mismo proyecto que ya rechaz\u00f3 en el mes de julio, ha precipitado la decisi\u00f3n de retrasar el debate de la senda en el Congreso, donde el texto no dispone ahora de votos suficientes para prosperar.<\/p>\n<p><strong>El objetivo de la Moncloa es ganar tiempo para intentar alcanzar un acuerdo con el partido de Carles Puigdemont<\/strong>, con el que los negociadores del PSOE se reunieron el viernes en Suiza.<\/p>\n<p>El gobierno espa\u00f1ol no se resigna y promete continuar trabajando para evitar que decaigan. \u00abDaremos una nueva oportunidad al di\u00e1logo para conseguir un acuerdo\u00bb, ha anunciado despu\u00e9s de la reuni\u00f3n semanal del Consejo de Ministros la portavoz del ejecutivo, <strong>Pilar Alegr\u00eda<\/strong>.<\/p>\n<p>Por otro lado, ha acusado el PP de votar \u00aben contra de la gente\u00bb y de hacer \u00abc\u00e1lculos partidistas\u00bb con una pol\u00edtica \u00abirresponsable y err\u00e1tica\u00bb pensada \u00fanicamente para desgastar a <strong>Pedro S\u00e1nchez<\/strong>.<\/p>\n<p>En cuanto a las conversaciones con Junts, fuentes del gobierno ven margen de negociaci\u00f3n, pero avisan que la propuesta de un nuevo reparto del d\u00e9ficit con las autonom\u00edas es \u00abinviable\u00bb.<\/p>\n","protected":false},"excerpt":{"rendered":"<p>El gobierno espa\u00f1ol ha acordado este martes retirar la tramitaci\u00f3n parlamentaria de los objetivos de estabilidad que deb\u00edan votarse el jueves en el Congreso, seg\u00fan fuentes de la Moncloa. El &#8216;no&#8217; de Junts, que la semana pasada volvi\u00f3 a advertir de que no apoyar\u00eda el mismo proyecto que ya rechaz\u00f3 en el mes de julio, &#8230; <a title=\"La Moncloa retira la tramitaci\u00f3n de los objetivos de estabilidad por falta de apoyo parlamentario\" class=\"read-more\" href=\"https:\/\/www.eltriangle.eu\/es\/2024\/09\/24\/la-moncloa-retira-la-tramitacion-de-los-objetivos-de-estabilidad-por-falta-de-apoyo-parlamentario\/\" aria-label=\"Leer m\u00e1s sobre La Moncloa retira la tramitaci\u00f3n de los objetivos de estabilidad por falta de apoyo parlamentario\">Leer m\u00e1s<\/a><\/p>\n","protected":false},"author":97,"featured_media":275514,"comment_status":"open","ping_status":"closed","sticky":false,"template":"","format":"standard","meta":{"_acf_changed":false,"pmpro_default_level":"","footnotes":""},"categories":[24,131,74],"tags":[3957],"class_list":["post-279694","post","type-post","status-publish","format-standard","has-post-thumbnail","hentry","category-actualidad","category-apertura-es","category-poderes","tag-pressupostos-generals-de-lestat-es","lh_instant_articles-syndicate-yes","pmpro-has-access"],"acf":[],"yoast_head":"<!-- This site is optimized with the Yoast SEO plugin v27.4 - https:\/\/yoast.com\/product\/yoast-seo-wordpress\/ -->\n<title>La Moncloa retira la tramitaci\u00f3n de los objetivos de estabilidad por falta de apoyo parlamentario - El Triangle<\/title>\n<meta name=\"description\" content=\"El gobierno espa\u00f1ol ha acordado este martes retirar la tramitaci\u00f3n parlamentaria de los objetivos de estabilidad que deb\u00edan votarse el jueves en el\" class=\"yoast-seo-meta-tag\" \/>\n<meta name=\"robots\" content=\"index, follow, max-snippet:-1, max-image-preview:large, max-video-preview:-1\" \/>\n<link rel=\"canonical\" href=\"https:\/\/www.eltriangle.eu\/es\/2024\/09\/24\/la-moncloa-retira-la-tramitacion-de-los-objetivos-de-estabilidad-por-falta-de-apoyo-parlamentario\/\" class=\"yoast-seo-meta-tag\" \/>\n<meta property=\"og:locale\" content=\"es_ES\" class=\"yoast-seo-meta-tag\" \/>\n<meta property=\"og:type\" content=\"article\" class=\"yoast-seo-meta-tag\" \/>\n<meta property=\"og:title\" content=\"La Moncloa retira la tramitaci\u00f3n de los objetivos de estabilidad por falta de apoyo parlamentario - El Triangle\" class=\"yoast-seo-meta-tag\" \/>\n<meta property=\"og:description\" content=\"El gobierno espa\u00f1ol ha acordado este martes retirar la tramitaci\u00f3n parlamentaria de los objetivos de estabilidad que deb\u00edan votarse el jueves en el\" class=\"yoast-seo-meta-tag\" \/>\n<meta property=\"og:url\" content=\"https:\/\/www.eltriangle.eu\/es\/2024\/09\/24\/la-moncloa-retira-la-tramitacion-de-los-objetivos-de-estabilidad-por-falta-de-apoyo-parlamentario\/\" class=\"yoast-seo-meta-tag\" \/>\n<meta property=\"og:site_name\" content=\"El Triangle\" class=\"yoast-seo-meta-tag\" \/>\n<meta property=\"article:publisher\" content=\"https:\/\/www.facebook.com\/El-Triangle-Diari-101787399020302\" class=\"yoast-seo-meta-tag\" \/>\n<meta property=\"article:published_time\" content=\"2024-09-24T20:00:34+00:00\" class=\"yoast-seo-meta-tag\" \/>\n<meta property=\"article:modified_time\" content=\"2024-09-24T20:01:19+00:00\" class=\"yoast-seo-meta-tag\" \/>\n<meta property=\"og:image\" content=\"https:\/\/www.eltriangle.eu\/wp-content\/uploads\/2024\/08\/792d93d0-4a79-43ef-8731-529982e5bf7c-e1724248176807.jpg\" class=\"yoast-seo-meta-tag\" \/>\n\t<meta property=\"og:image:width\" content=\"1200\" class=\"yoast-seo-meta-tag\" \/>\n\t<meta property=\"og:image:height\" content=\"800\" class=\"yoast-seo-meta-tag\" \/>\n\t<meta property=\"og:image:type\" content=\"image\/jpeg\" class=\"yoast-seo-meta-tag\" \/>\n<meta name=\"author\" content=\"xavier\" class=\"yoast-seo-meta-tag\" \/>\n<meta name=\"twitter:card\" content=\"summary_large_image\" class=\"yoast-seo-meta-tag\" \/>\n<meta name=\"twitter:creator\" content=\"@El_Triangle\" class=\"yoast-seo-meta-tag\" \/>\n<meta name=\"twitter:site\" content=\"@El_Triangle\" class=\"yoast-seo-meta-tag\" \/>\n<meta name=\"twitter:label1\" content=\"Escrito por\" class=\"yoast-seo-meta-tag\" \/>\n\t<meta name=\"twitter:data1\" content=\"xavier\" class=\"yoast-seo-meta-tag\" \/>\n\t<meta name=\"twitter:label2\" content=\"Tiempo de lectura\" class=\"yoast-seo-meta-tag\" \/>\n\t<meta name=\"twitter:data2\" content=\"1 minuto\" class=\"yoast-seo-meta-tag\" \/>\n<script type=\"application\/ld+json\" class=\"yoast-schema-graph\">{\"@context\":\"https:\\\/\\\/schema.org\",\"@graph\":[{\"@type\":\"NewsArticle\",\"@id\":\"https:\\\/\\\/www.eltriangle.eu\\\/es\\\/2024\\\/09\\\/24\\\/la-moncloa-retira-la-tramitacion-de-los-objetivos-de-estabilidad-por-falta-de-apoyo-parlamentario\\\/#article\",\"isPartOf\":{\"@id\":\"https:\\\/\\\/www.eltriangle.eu\\\/es\\\/2024\\\/09\\\/24\\\/la-moncloa-retira-la-tramitacion-de-los-objetivos-de-estabilidad-por-falta-de-apoyo-parlamentario\\\/\"},\"author\":{\"name\":\"xavier\",\"@id\":\"https:\\\/\\\/www.eltriangle.eu\\\/es\\\/#\\\/schema\\\/person\\\/df9cb61ef0b061092c35cf7a8636dfc6\"},\"headline\":\"La Moncloa retira la tramitaci\u00f3n de los objetivos de estabilidad por falta de apoyo parlamentario\",\"datePublished\":\"2024-09-24T20:00:34+00:00\",\"dateModified\":\"2024-09-24T20:01:19+00:00\",\"mainEntityOfPage\":{\"@id\":\"https:\\\/\\\/www.eltriangle.eu\\\/es\\\/2024\\\/09\\\/24\\\/la-moncloa-retira-la-tramitacion-de-los-objetivos-de-estabilidad-por-falta-de-apoyo-parlamentario\\\/\"},\"wordCount\":249,\"commentCount\":0,\"publisher\":{\"@id\":\"https:\\\/\\\/www.eltriangle.eu\\\/es\\\/#organization\"},\"image\":{\"@id\":\"https:\\\/\\\/www.eltriangle.eu\\\/es\\\/2024\\\/09\\\/24\\\/la-moncloa-retira-la-tramitacion-de-los-objetivos-de-estabilidad-por-falta-de-apoyo-parlamentario\\\/#primaryimage\"},\"thumbnailUrl\":\"https:\\\/\\\/www.eltriangle.eu\\\/wp-content\\\/uploads\\\/2024\\\/08\\\/792d93d0-4a79-43ef-8731-529982e5bf7c-e1724248176807.jpg\",\"keywords\":[\"pressupostos generals de l'Estat\"],\"articleSection\":[\"Actualidad\",\"Apertura\",\"Poderes\"],\"inLanguage\":\"es\",\"potentialAction\":[{\"@type\":\"CommentAction\",\"name\":\"Comment\",\"target\":[\"https:\\\/\\\/www.eltriangle.eu\\\/es\\\/2024\\\/09\\\/24\\\/la-moncloa-retira-la-tramitacion-de-los-objetivos-de-estabilidad-por-falta-de-apoyo-parlamentario\\\/#respond\"]}]},{\"@type\":\"WebPage\",\"@id\":\"https:\\\/\\\/www.eltriangle.eu\\\/es\\\/2024\\\/09\\\/24\\\/la-moncloa-retira-la-tramitacion-de-los-objetivos-de-estabilidad-por-falta-de-apoyo-parlamentario\\\/\",\"url\":\"https:\\\/\\\/www.eltriangle.eu\\\/es\\\/2024\\\/09\\\/24\\\/la-moncloa-retira-la-tramitacion-de-los-objetivos-de-estabilidad-por-falta-de-apoyo-parlamentario\\\/\",\"name\":\"La Moncloa retira la tramitaci\u00f3n de los objetivos de estabilidad por falta de apoyo parlamentario - El Triangle\",\"isPartOf\":{\"@id\":\"https:\\\/\\\/www.eltriangle.eu\\\/es\\\/#website\"},\"primaryImageOfPage\":{\"@id\":\"https:\\\/\\\/www.eltriangle.eu\\\/es\\\/2024\\\/09\\\/24\\\/la-moncloa-retira-la-tramitacion-de-los-objetivos-de-estabilidad-por-falta-de-apoyo-parlamentario\\\/#primaryimage\"},\"image\":{\"@id\":\"https:\\\/\\\/www.eltriangle.eu\\\/es\\\/2024\\\/09\\\/24\\\/la-moncloa-retira-la-tramitacion-de-los-objetivos-de-estabilidad-por-falta-de-apoyo-parlamentario\\\/#primaryimage\"},\"thumbnailUrl\":\"https:\\\/\\\/www.eltriangle.eu\\\/wp-content\\\/uploads\\\/2024\\\/08\\\/792d93d0-4a79-43ef-8731-529982e5bf7c-e1724248176807.jpg\",\"datePublished\":\"2024-09-24T20:00:34+00:00\",\"dateModified\":\"2024-09-24T20:01:19+00:00\",\"description\":\"El gobierno espa\u00f1ol ha acordado este martes retirar la tramitaci\u00f3n parlamentaria de los objetivos de estabilidad que deb\u00edan votarse el jueves en el\",\"breadcrumb\":{\"@id\":\"https:\\\/\\\/www.eltriangle.eu\\\/es\\\/2024\\\/09\\\/24\\\/la-moncloa-retira-la-tramitacion-de-los-objetivos-de-estabilidad-por-falta-de-apoyo-parlamentario\\\/#breadcrumb\"},\"inLanguage\":\"es\",\"potentialAction\":[{\"@type\":\"ReadAction\",\"target\":[\"https:\\\/\\\/www.eltriangle.eu\\\/es\\\/2024\\\/09\\\/24\\\/la-moncloa-retira-la-tramitacion-de-los-objetivos-de-estabilidad-por-falta-de-apoyo-parlamentario\\\/\"]}]},{\"@type\":\"ImageObject\",\"inLanguage\":\"es\",\"@id\":\"https:\\\/\\\/www.eltriangle.eu\\\/es\\\/2024\\\/09\\\/24\\\/la-moncloa-retira-la-tramitacion-de-los-objetivos-de-estabilidad-por-falta-de-apoyo-parlamentario\\\/#primaryimage\",\"url\":\"https:\\\/\\\/www.eltriangle.eu\\\/wp-content\\\/uploads\\\/2024\\\/08\\\/792d93d0-4a79-43ef-8731-529982e5bf7c-e1724248176807.jpg\",\"contentUrl\":\"https:\\\/\\\/www.eltriangle.eu\\\/wp-content\\\/uploads\\\/2024\\\/08\\\/792d93d0-4a79-43ef-8731-529982e5bf7c-e1724248176807.jpg\",\"width\":1200,\"height\":800,\"caption\":\"La vicepresidenta primera del gobierno espa\u00f1ol y ministra de Hacienda, Mar\u00eda Jes\u00fas Montero, en declaraciones a los medios (ACN)\"},{\"@type\":\"BreadcrumbList\",\"@id\":\"https:\\\/\\\/www.eltriangle.eu\\\/es\\\/2024\\\/09\\\/24\\\/la-moncloa-retira-la-tramitacion-de-los-objetivos-de-estabilidad-por-falta-de-apoyo-parlamentario\\\/#breadcrumb\",\"itemListElement\":[{\"@type\":\"ListItem\",\"position\":1,\"name\":\"Portada\",\"item\":\"https:\\\/\\\/www.eltriangle.eu\\\/es\\\/\"},{\"@type\":\"ListItem\",\"position\":2,\"name\":\"La Moncloa retira la tramitaci\u00f3n de los objetivos de estabilidad por falta de apoyo parlamentario\"}]},{\"@type\":\"WebSite\",\"@id\":\"https:\\\/\\\/www.eltriangle.eu\\\/es\\\/#website\",\"url\":\"https:\\\/\\\/www.eltriangle.eu\\\/es\\\/\",\"name\":\"El Triangle\",\"description\":\"El Triangle \u00e9s un Diari d&#039;informaci\u00f3 general, editat a Catalunya i escrit en llengua catalana, especialitzat en investigaci\u00f3 period\u00edstica\",\"publisher\":{\"@id\":\"https:\\\/\\\/www.eltriangle.eu\\\/es\\\/#organization\"},\"potentialAction\":[{\"@type\":\"SearchAction\",\"target\":{\"@type\":\"EntryPoint\",\"urlTemplate\":\"https:\\\/\\\/www.eltriangle.eu\\\/es\\\/?s={search_term_string}\"},\"query-input\":{\"@type\":\"PropertyValueSpecification\",\"valueRequired\":true,\"valueName\":\"search_term_string\"}}],\"inLanguage\":\"es\"},{\"@type\":[\"Organization\",\"NewsMediaOrganization\"],\"@id\":\"https:\\\/\\\/www.eltriangle.eu\\\/es\\\/#organization\",\"name\":\"El Triangle\",\"url\":\"https:\\\/\\\/www.eltriangle.eu\\\/es\\\/\",\"logo\":{\"@type\":\"ImageObject\",\"inLanguage\":\"es\",\"@id\":\"https:\\\/\\\/www.eltriangle.eu\\\/es\\\/#\\\/schema\\\/logo\\\/image\\\/\",\"url\":\"https:\\\/\\\/www.eltriangle.eu\\\/wp-content\\\/uploads\\\/2020\\\/11\\\/triangle_logo-ajustado.jpg\",\"contentUrl\":\"https:\\\/\\\/www.eltriangle.eu\\\/wp-content\\\/uploads\\\/2020\\\/11\\\/triangle_logo-ajustado.jpg\",\"width\":521,\"height\":92,\"caption\":\"El Triangle\"},\"image\":{\"@id\":\"https:\\\/\\\/www.eltriangle.eu\\\/es\\\/#\\\/schema\\\/logo\\\/image\\\/\"},\"sameAs\":[\"https:\\\/\\\/www.facebook.com\\\/El-Triangle-Diari-101787399020302\",\"https:\\\/\\\/x.com\\\/El_Triangle\",\"https:\\\/\\\/www.youtube.com\\\/channel\\\/UCTIjmYEMYSpdGonuAgNhbcg\"]},{\"@type\":\"Person\",\"@id\":\"https:\\\/\\\/www.eltriangle.eu\\\/es\\\/#\\\/schema\\\/person\\\/df9cb61ef0b061092c35cf7a8636dfc6\",\"name\":\"xavier\",\"image\":{\"@type\":\"ImageObject\",\"inLanguage\":\"es\",\"@id\":\"\\\/\\\/www.gravatar.com\\\/avatar\\\/70cc50ebe4287089b363a6a3c8fa3e72?s=96&#038;r=g&#038;d=mm\",\"url\":\"\\\/\\\/www.gravatar.com\\\/avatar\\\/70cc50ebe4287089b363a6a3c8fa3e72?s=96&#038;r=g&#038;d=mm\",\"contentUrl\":\"\\\/\\\/www.gravatar.com\\\/avatar\\\/70cc50ebe4287089b363a6a3c8fa3e72?s=96&#038;r=g&#038;d=mm\",\"caption\":\"xavier\"},\"url\":\"https:\\\/\\\/www.eltriangle.eu\\\/es\\\/author\\\/xavier\\\/\"},{\"@type\":\"SiteNavigationElement\",\"@id\":\"https:\\\/\\\/www.eltriangle.eu\\\/es\\\/#site-navigation\",\"cssSelector\":[\".cib-main-menu\"]},{\"@type\":\"WPHeader\",\"@id\":\"https:\\\/\\\/www.eltriangle.eu\\\/es\\\/#header\",\"cssSelector\":[\".cib-header\"]},{\"@type\":\"WPFooter\",\"@id\":\"https:\\\/\\\/www.eltriangle.eu\\\/es\\\/#footer\",\"cssSelector\":[\".cib-footer\"]}]}<\/script>\n<!-- \/ Yoast SEO plugin. -->","yoast_head_json":{"title":"La Moncloa retira la tramitaci\u00f3n de los objetivos de estabilidad por falta de apoyo parlamentario - El Triangle","description":"El gobierno espa\u00f1ol ha acordado este martes retirar la tramitaci\u00f3n parlamentaria de los objetivos de estabilidad que deb\u00edan votarse el jueves en el","robots":{"index":"index","follow":"follow","max-snippet":"max-snippet:-1","max-image-preview":"max-image-preview:large","max-video-preview":"max-video-preview:-1"},"canonical":"https:\/\/www.eltriangle.eu\/es\/2024\/09\/24\/la-moncloa-retira-la-tramitacion-de-los-objetivos-de-estabilidad-por-falta-de-apoyo-parlamentario\/","og_locale":"es_ES","og_type":"article","og_title":"La Moncloa retira la tramitaci\u00f3n de los objetivos de estabilidad por falta de apoyo parlamentario - El Triangle","og_description":"El gobierno espa\u00f1ol ha acordado este martes retirar la tramitaci\u00f3n parlamentaria de los objetivos de estabilidad que deb\u00edan votarse el jueves en el","og_url":"https:\/\/www.eltriangle.eu\/es\/2024\/09\/24\/la-moncloa-retira-la-tramitacion-de-los-objetivos-de-estabilidad-por-falta-de-apoyo-parlamentario\/","og_site_name":"El Triangle","article_publisher":"https:\/\/www.facebook.com\/El-Triangle-Diari-101787399020302","article_published_time":"2024-09-24T20:00:34+00:00","article_modified_time":"2024-09-24T20:01:19+00:00","og_image":[{"width":1200,"height":800,"url":"https:\/\/www.eltriangle.eu\/wp-content\/uploads\/2024\/08\/792d93d0-4a79-43ef-8731-529982e5bf7c-e1724248176807.jpg","type":"image\/jpeg"}],"author":"xavier","twitter_card":"summary_large_image","twitter_creator":"@El_Triangle","twitter_site":"@El_Triangle","twitter_misc":{"Escrito por":"xavier","Tiempo de lectura":"1 minuto"},"schema":{"@context":"https:\/\/schema.org","@graph":[{"@type":"NewsArticle","@id":"https:\/\/www.eltriangle.eu\/es\/2024\/09\/24\/la-moncloa-retira-la-tramitacion-de-los-objetivos-de-estabilidad-por-falta-de-apoyo-parlamentario\/#article","isPartOf":{"@id":"https:\/\/www.eltriangle.eu\/es\/2024\/09\/24\/la-moncloa-retira-la-tramitacion-de-los-objetivos-de-estabilidad-por-falta-de-apoyo-parlamentario\/"},"author":{"name":"xavier","@id":"https:\/\/www.eltriangle.eu\/es\/#\/schema\/person\/df9cb61ef0b061092c35cf7a8636dfc6"},"headline":"La Moncloa retira la tramitaci\u00f3n de los objetivos de estabilidad por falta de apoyo parlamentario","datePublished":"2024-09-24T20:00:34+00:00","dateModified":"2024-09-24T20:01:19+00:00","mainEntityOfPage":{"@id":"https:\/\/www.eltriangle.eu\/es\/2024\/09\/24\/la-moncloa-retira-la-tramitacion-de-los-objetivos-de-estabilidad-por-falta-de-apoyo-parlamentario\/"},"wordCount":249,"commentCount":0,"publisher":{"@id":"https:\/\/www.eltriangle.eu\/es\/#organization"},"image":{"@id":"https:\/\/www.eltriangle.eu\/es\/2024\/09\/24\/la-moncloa-retira-la-tramitacion-de-los-objetivos-de-estabilidad-por-falta-de-apoyo-parlamentario\/#primaryimage"},"thumbnailUrl":"https:\/\/www.eltriangle.eu\/wp-content\/uploads\/2024\/08\/792d93d0-4a79-43ef-8731-529982e5bf7c-e1724248176807.jpg","keywords":["pressupostos generals de l'Estat"],"articleSection":["Actualidad","Apertura","Poderes"],"inLanguage":"es","potentialAction":[{"@type":"CommentAction","name":"Comment","target":["https:\/\/www.eltriangle.eu\/es\/2024\/09\/24\/la-moncloa-retira-la-tramitacion-de-los-objetivos-de-estabilidad-por-falta-de-apoyo-parlamentario\/#respond"]}]},{"@type":"WebPage","@id":"https:\/\/www.eltriangle.eu\/es\/2024\/09\/24\/la-moncloa-retira-la-tramitacion-de-los-objetivos-de-estabilidad-por-falta-de-apoyo-parlamentario\/","url":"https:\/\/www.eltriangle.eu\/es\/2024\/09\/24\/la-moncloa-retira-la-tramitacion-de-los-objetivos-de-estabilidad-por-falta-de-apoyo-parlamentario\/","name":"La Moncloa retira la tramitaci\u00f3n de los objetivos de estabilidad por falta de apoyo parlamentario - El Triangle","isPartOf":{"@id":"https:\/\/www.eltriangle.eu\/es\/#website"},"primaryImageOfPage":{"@id":"https:\/\/www.eltriangle.eu\/es\/2024\/09\/24\/la-moncloa-retira-la-tramitacion-de-los-objetivos-de-estabilidad-por-falta-de-apoyo-parlamentario\/#primaryimage"},"image":{"@id":"https:\/\/www.eltriangle.eu\/es\/2024\/09\/24\/la-moncloa-retira-la-tramitacion-de-los-objetivos-de-estabilidad-por-falta-de-apoyo-parlamentario\/#primaryimage"},"thumbnailUrl":"https:\/\/www.eltriangle.eu\/wp-content\/uploads\/2024\/08\/792d93d0-4a79-43ef-8731-529982e5bf7c-e1724248176807.jpg","datePublished":"2024-09-24T20:00:34+00:00","dateModified":"2024-09-24T20:01:19+00:00","description":"El gobierno espa\u00f1ol ha acordado este martes retirar la tramitaci\u00f3n parlamentaria de los objetivos de estabilidad que deb\u00edan votarse el jueves en el","breadcrumb":{"@id":"https:\/\/www.eltriangle.eu\/es\/2024\/09\/24\/la-moncloa-retira-la-tramitacion-de-los-objetivos-de-estabilidad-por-falta-de-apoyo-parlamentario\/#breadcrumb"},"inLanguage":"es","potentialAction":[{"@type":"ReadAction","target":["https:\/\/www.eltriangle.eu\/es\/2024\/09\/24\/la-moncloa-retira-la-tramitacion-de-los-objetivos-de-estabilidad-por-falta-de-apoyo-parlamentario\/"]}]},{"@type":"ImageObject","inLanguage":"es","@id":"https:\/\/www.eltriangle.eu\/es\/2024\/09\/24\/la-moncloa-retira-la-tramitacion-de-los-objetivos-de-estabilidad-por-falta-de-apoyo-parlamentario\/#primaryimage","url":"https:\/\/www.eltriangle.eu\/wp-content\/uploads\/2024\/08\/792d93d0-4a79-43ef-8731-529982e5bf7c-e1724248176807.jpg","contentUrl":"https:\/\/www.eltriangle.eu\/wp-content\/uploads\/2024\/08\/792d93d0-4a79-43ef-8731-529982e5bf7c-e1724248176807.jpg","width":1200,"height":800,"caption":"La vicepresidenta primera del gobierno espa\u00f1ol y ministra de Hacienda, Mar\u00eda Jes\u00fas Montero, en declaraciones a los medios (ACN)"},{"@type":"BreadcrumbList","@id":"https:\/\/www.eltriangle.eu\/es\/2024\/09\/24\/la-moncloa-retira-la-tramitacion-de-los-objetivos-de-estabilidad-por-falta-de-apoyo-parlamentario\/#breadcrumb","itemListElement":[{"@type":"ListItem","position":1,"name":"Portada","item":"https:\/\/www.eltriangle.eu\/es\/"},{"@type":"ListItem","position":2,"name":"La Moncloa retira la tramitaci\u00f3n de los objetivos de estabilidad por falta de apoyo parlamentario"}]},{"@type":"WebSite","@id":"https:\/\/www.eltriangle.eu\/es\/#website","url":"https:\/\/www.eltriangle.eu\/es\/","name":"El Triangle","description":"El Triangle \u00e9s un Diari d&#039;informaci\u00f3 general, editat a Catalunya i escrit en llengua catalana, especialitzat en investigaci\u00f3 period\u00edstica","publisher":{"@id":"https:\/\/www.eltriangle.eu\/es\/#organization"},"potentialAction":[{"@type":"SearchAction","target":{"@type":"EntryPoint","urlTemplate":"https:\/\/www.eltriangle.eu\/es\/?s={search_term_string}"},"query-input":{"@type":"PropertyValueSpecification","valueRequired":true,"valueName":"search_term_string"}}],"inLanguage":"es"},{"@type":["Organization","NewsMediaOrganization"],"@id":"https:\/\/www.eltriangle.eu\/es\/#organization","name":"El Triangle","url":"https:\/\/www.eltriangle.eu\/es\/","logo":{"@type":"ImageObject","inLanguage":"es","@id":"https:\/\/www.eltriangle.eu\/es\/#\/schema\/logo\/image\/","url":"https:\/\/www.eltriangle.eu\/wp-content\/uploads\/2020\/11\/triangle_logo-ajustado.jpg","contentUrl":"https:\/\/www.eltriangle.eu\/wp-content\/uploads\/2020\/11\/triangle_logo-ajustado.jpg","width":521,"height":92,"caption":"El Triangle"},"image":{"@id":"https:\/\/www.eltriangle.eu\/es\/#\/schema\/logo\/image\/"},"sameAs":["https:\/\/www.facebook.com\/El-Triangle-Diari-101787399020302","https:\/\/x.com\/El_Triangle","https:\/\/www.youtube.com\/channel\/UCTIjmYEMYSpdGonuAgNhbcg"]},{"@type":"Person","@id":"https:\/\/www.eltriangle.eu\/es\/#\/schema\/person\/df9cb61ef0b061092c35cf7a8636dfc6","name":"xavier","image":{"@type":"ImageObject","inLanguage":"es","@id":"\/\/www.gravatar.com\/avatar\/70cc50ebe4287089b363a6a3c8fa3e72?s=96&#038;r=g&#038;d=mm","url":"\/\/www.gravatar.com\/avatar\/70cc50ebe4287089b363a6a3c8fa3e72?s=96&#038;r=g&#038;d=mm","contentUrl":"\/\/www.gravatar.com\/avatar\/70cc50ebe4287089b363a6a3c8fa3e72?s=96&#038;r=g&#038;d=mm","caption":"xavier"},"url":"https:\/\/www.eltriangle.eu\/es\/author\/xavier\/"},{"@type":"SiteNavigationElement","@id":"https:\/\/www.eltriangle.eu\/es\/#site-navigation","cssSelector":[".cib-main-menu"]},{"@type":"WPHeader","@id":"https:\/\/www.eltriangle.eu\/es\/#header","cssSelector":[".cib-header"]},{"@type":"WPFooter","@id":"https:\/\/www.eltriangle.eu\/es\/#footer","cssSelector":[".cib-footer"]}]}},"amp_enabled":true,"_links":{"self":[{"href":"https:\/\/www.eltriangle.eu\/es\/wp-json\/wp\/v2\/posts\/279694","targetHints":{"allow":["GET"]}}],"collection":[{"href":"https:\/\/www.eltriangle.eu\/es\/wp-json\/wp\/v2\/posts"}],"about":[{"href":"https:\/\/www.eltriangle.eu\/es\/wp-json\/wp\/v2\/types\/post"}],"author":[{"embeddable":true,"href":"https:\/\/www.eltriangle.eu\/es\/wp-json\/wp\/v2\/users\/97"}],"replies":[{"embeddable":true,"href":"https:\/\/www.eltriangle.eu\/es\/wp-json\/wp\/v2\/comments?post=279694"}],"version-history":[{"count":0,"href":"https:\/\/www.eltriangle.eu\/es\/wp-json\/wp\/v2\/posts\/279694\/revisions"}],"wp:featuredmedia":[{"embeddable":true,"href":"https:\/\/www.eltriangle.eu\/es\/wp-json\/wp\/v2\/media\/275514"}],"wp:attachment":[{"href":"https:\/\/www.eltriangle.eu\/es\/wp-json\/wp\/v2\/media?parent=279694"}],"wp:term":[{"taxonomy":"category","embeddable":true,"href":"https:\/\/www.eltriangle.eu\/es\/wp-json\/wp\/v2\/categories?post=279694"},{"taxonomy":"post_tag","embeddable":true,"href":"https:\/\/www.eltriangle.eu\/es\/wp-json\/wp\/v2\/tags?post=279694"}],"curies":[{"name":"wp","href":"https:\/\/api.w.org\/{rel}","templated":true}]}}