{"id":278557,"date":"2024-09-17T10:00:07","date_gmt":"2024-09-17T08:00:07","guid":{"rendered":null},"modified":"2024-09-17T11:48:03","modified_gmt":"2024-09-17T09:48:03","slug":"junts-pide-a-rovira-que-se-disculpe-por-la-estructura-b-de-erc-y-no-descarta-acciones-legales","status":"publish","type":"post","link":"https:\/\/www.eltriangle.eu\/es\/2024\/09\/17\/junts-pide-a-rovira-que-se-disculpe-por-la-estructura-b-de-erc-y-no-descarta-acciones-legales\/","title":{"rendered":"Junts pide a Rovira que se disculpe por \u00abla estructura B\u00bb de ERC y no descarta acciones legales"},"content":{"rendered":"<p>El secretario general de Junts, <strong>Jordi Turull<\/strong>, ha pedido a la secretaria general de ERC, <strong>Marta Rovira<\/strong>, que se disculpe con Junts por \u00abla estructura B\u00bb del partido republicano. \u00abVas repasando las acciones y b\u00e1sicamente se concentran en Junts\u00bb, ha destacado en una entrevista en RTVE.<\/p>\n<p>Preguntado por si se plantean acciones legales, Turull no lo ha descartado. \u00abPedimos que se aclare y se llegue hasta el final de esto. Despu\u00e9s, en todo caso, veremos. Lo primero que deber\u00eda haber es una disculpa\u00bb, ha dicho.<\/p>\n<p>Turull ha explicado que desde finales de julio que no habla con Rovira, y ha considerado que, como responsable m\u00e1xima actual de ERC, deber\u00eda dar explicaciones y disculparse.<\/p>\n<p>\u00abNos han pasado muchas cosas que ahora vemos de d\u00f3nde salieron\u00bb, ha dicho Turull poniendo de ejemplos los carteles que relacionaban a <strong>Carles Puigdemont<\/strong> y la corrupci\u00f3n, o el cartel en el que aparec\u00edan<strong> Xavier Trias<\/strong> y Jaume Collboni bes\u00e1ndose en la boca.<\/p>\n<p>En este sentido, seg\u00fan recoge la ACN, ha alertado de que esta forma de funcionar \u00abenvenena mucho\u00bb la conversaci\u00f3n independentista. \u00abCuando uno se dedica a ser amoroso y comprensivo con el PSOE ya tener una estructura B contra una formaci\u00f3n independentista, esto no genera el mejor ambiente\u00bb, ha reprochado a ERC.<\/p>\n<p>El secretario general de Junts ha dicho que han sido respetuosos con el proceso interno de ERC, pero que ahora ya ha pasado \u00absuficiente tiempo\u00bb. Tambi\u00e9n ha negado que todos los partidos tengan una estructura B. \u00abEn Junts no funciona de esta manera. Nosotros vamos de cara\u00bb, ha asegurado.<\/p>\n<p>En cuanto a los presupuestos generales del Estado, ha avisado de que los socialistas han creado un contexto que hace \u00abmuy complicada\u00bb la negociaci\u00f3n y les ha instado a cumplir primero con los compromisos.<\/p>\n","protected":false},"excerpt":{"rendered":"<p>El secretario general de Junts, Jordi Turull, ha pedido a la secretaria general de ERC, Marta Rovira, que se disculpe con Junts por \u00abla estructura B\u00bb del partido republicano. \u00abVas repasando las acciones y b\u00e1sicamente se concentran en Junts\u00bb, ha destacado en una entrevista en RTVE. Preguntado por si se plantean acciones legales, Turull no &#8230; <a title=\"Junts pide a Rovira que se disculpe por \u00abla estructura B\u00bb de ERC y no descarta acciones legales\" class=\"read-more\" href=\"https:\/\/www.eltriangle.eu\/es\/2024\/09\/17\/junts-pide-a-rovira-que-se-disculpe-por-la-estructura-b-de-erc-y-no-descarta-acciones-legales\/\" aria-label=\"Leer m\u00e1s sobre Junts pide a Rovira que se disculpe por \u00abla estructura B\u00bb de ERC y no descarta acciones legales\">Leer m\u00e1s<\/a><\/p>\n","protected":false},"author":179,"featured_media":273234,"comment_status":"open","ping_status":"closed","sticky":false,"template":"","format":"standard","meta":{"_acf_changed":false,"pmpro_default_level":"","footnotes":""},"categories":[24,74],"tags":[145,773,601,579],"class_list":["post-278557","post","type-post","status-publish","format-standard","has-post-thumbnail","hentry","category-actualidad","category-poderes","tag-erc-es","tag-jordi-turull-es","tag-junts-es","tag-marta-rovira-es","lh_instant_articles-syndicate-yes","pmpro-has-access"],"acf":[],"yoast_head":"<!-- This site is optimized with the Yoast SEO plugin v27.4 - https:\/\/yoast.com\/product\/yoast-seo-wordpress\/ -->\n<title>Junts pide a Rovira que se disculpe por &quot;la estructura B&quot; de ERC y no descarta acciones legales - El Triangle<\/title>\n<meta name=\"description\" content=\"El secretario general de Junts, Jordi Turull, ha pedido a la secretaria general de ERC, Marta Rovira, que se disculpe con Junts por &quot;la estructura B&quot; del\" class=\"yoast-seo-meta-tag\" \/>\n<meta name=\"robots\" content=\"index, follow, max-snippet:-1, max-image-preview:large, max-video-preview:-1\" \/>\n<link rel=\"canonical\" href=\"https:\/\/www.eltriangle.eu\/es\/2024\/09\/17\/junts-pide-a-rovira-que-se-disculpe-por-la-estructura-b-de-erc-y-no-descarta-acciones-legales\/\" class=\"yoast-seo-meta-tag\" \/>\n<meta property=\"og:locale\" content=\"es_ES\" class=\"yoast-seo-meta-tag\" \/>\n<meta property=\"og:type\" content=\"article\" class=\"yoast-seo-meta-tag\" \/>\n<meta property=\"og:title\" content=\"Junts pide a Rovira que se disculpe por &quot;la estructura B&quot; de ERC y no descarta acciones legales - El Triangle\" class=\"yoast-seo-meta-tag\" \/>\n<meta property=\"og:description\" content=\"El secretario general de Junts, Jordi Turull, ha pedido a la secretaria general de ERC, Marta Rovira, que se disculpe con Junts por &quot;la estructura B&quot; del\" class=\"yoast-seo-meta-tag\" \/>\n<meta property=\"og:url\" content=\"https:\/\/www.eltriangle.eu\/es\/2024\/09\/17\/junts-pide-a-rovira-que-se-disculpe-por-la-estructura-b-de-erc-y-no-descarta-acciones-legales\/\" class=\"yoast-seo-meta-tag\" \/>\n<meta property=\"og:site_name\" content=\"El Triangle\" class=\"yoast-seo-meta-tag\" \/>\n<meta property=\"article:publisher\" content=\"https:\/\/www.facebook.com\/El-Triangle-Diari-101787399020302\" class=\"yoast-seo-meta-tag\" \/>\n<meta property=\"article:published_time\" content=\"2024-09-17T08:00:07+00:00\" class=\"yoast-seo-meta-tag\" \/>\n<meta property=\"article:modified_time\" content=\"2024-09-17T09:48:03+00:00\" class=\"yoast-seo-meta-tag\" \/>\n<meta property=\"og:image\" content=\"https:\/\/www.eltriangle.eu\/wp-content\/uploads\/2024\/08\/marta-rovira.jpg\" class=\"yoast-seo-meta-tag\" \/>\n\t<meta property=\"og:image:width\" content=\"1200\" class=\"yoast-seo-meta-tag\" \/>\n\t<meta property=\"og:image:height\" content=\"794\" class=\"yoast-seo-meta-tag\" \/>\n\t<meta property=\"og:image:type\" content=\"image\/jpeg\" class=\"yoast-seo-meta-tag\" \/>\n<meta name=\"author\" content=\"Redacci\u00f3 \/ ACN\" class=\"yoast-seo-meta-tag\" \/>\n<meta name=\"twitter:card\" content=\"summary_large_image\" class=\"yoast-seo-meta-tag\" \/>\n<meta name=\"twitter:creator\" content=\"@El_Triangle\" class=\"yoast-seo-meta-tag\" \/>\n<meta name=\"twitter:site\" content=\"@El_Triangle\" class=\"yoast-seo-meta-tag\" \/>\n<meta name=\"twitter:label1\" content=\"Escrito por\" class=\"yoast-seo-meta-tag\" \/>\n\t<meta name=\"twitter:data1\" content=\"Redacci\u00f3 \/ ACN\" class=\"yoast-seo-meta-tag\" \/>\n\t<meta name=\"twitter:label2\" content=\"Tiempo de lectura\" class=\"yoast-seo-meta-tag\" \/>\n\t<meta name=\"twitter:data2\" content=\"2 minutos\" class=\"yoast-seo-meta-tag\" \/>\n<script type=\"application\/ld+json\" class=\"yoast-schema-graph\">{\"@context\":\"https:\\\/\\\/schema.org\",\"@graph\":[{\"@type\":\"NewsArticle\",\"@id\":\"https:\\\/\\\/www.eltriangle.eu\\\/es\\\/2024\\\/09\\\/17\\\/junts-pide-a-rovira-que-se-disculpe-por-la-estructura-b-de-erc-y-no-descarta-acciones-legales\\\/#article\",\"isPartOf\":{\"@id\":\"https:\\\/\\\/www.eltriangle.eu\\\/es\\\/2024\\\/09\\\/17\\\/junts-pide-a-rovira-que-se-disculpe-por-la-estructura-b-de-erc-y-no-descarta-acciones-legales\\\/\"},\"author\":{\"name\":\"Redacci\u00f3 \\\/ ACN\",\"@id\":\"https:\\\/\\\/www.eltriangle.eu\\\/es\\\/#\\\/schema\\\/person\\\/6e5938f06dd4dcd413779558fbf437d9\"},\"headline\":\"Junts pide a Rovira que se disculpe por \u00abla estructura B\u00bb de ERC y no descarta acciones legales\",\"datePublished\":\"2024-09-17T08:00:07+00:00\",\"dateModified\":\"2024-09-17T09:48:03+00:00\",\"mainEntityOfPage\":{\"@id\":\"https:\\\/\\\/www.eltriangle.eu\\\/es\\\/2024\\\/09\\\/17\\\/junts-pide-a-rovira-que-se-disculpe-por-la-estructura-b-de-erc-y-no-descarta-acciones-legales\\\/\"},\"wordCount\":322,\"commentCount\":0,\"publisher\":{\"@id\":\"https:\\\/\\\/www.eltriangle.eu\\\/es\\\/#organization\"},\"image\":{\"@id\":\"https:\\\/\\\/www.eltriangle.eu\\\/es\\\/2024\\\/09\\\/17\\\/junts-pide-a-rovira-que-se-disculpe-por-la-estructura-b-de-erc-y-no-descarta-acciones-legales\\\/#primaryimage\"},\"thumbnailUrl\":\"https:\\\/\\\/www.eltriangle.eu\\\/wp-content\\\/uploads\\\/2024\\\/08\\\/marta-rovira.jpg\",\"keywords\":[\"ERC\",\"Jordi Turull\",\"Junts\",\"Marta Rovira\"],\"articleSection\":[\"Actualidad\",\"Poderes\"],\"inLanguage\":\"es\",\"potentialAction\":[{\"@type\":\"CommentAction\",\"name\":\"Comment\",\"target\":[\"https:\\\/\\\/www.eltriangle.eu\\\/es\\\/2024\\\/09\\\/17\\\/junts-pide-a-rovira-que-se-disculpe-por-la-estructura-b-de-erc-y-no-descarta-acciones-legales\\\/#respond\"]}]},{\"@type\":\"WebPage\",\"@id\":\"https:\\\/\\\/www.eltriangle.eu\\\/es\\\/2024\\\/09\\\/17\\\/junts-pide-a-rovira-que-se-disculpe-por-la-estructura-b-de-erc-y-no-descarta-acciones-legales\\\/\",\"url\":\"https:\\\/\\\/www.eltriangle.eu\\\/es\\\/2024\\\/09\\\/17\\\/junts-pide-a-rovira-que-se-disculpe-por-la-estructura-b-de-erc-y-no-descarta-acciones-legales\\\/\",\"name\":\"Junts pide a Rovira que se disculpe por \\\"la estructura B\\\" de ERC y no descarta acciones legales - El Triangle\",\"isPartOf\":{\"@id\":\"https:\\\/\\\/www.eltriangle.eu\\\/es\\\/#website\"},\"primaryImageOfPage\":{\"@id\":\"https:\\\/\\\/www.eltriangle.eu\\\/es\\\/2024\\\/09\\\/17\\\/junts-pide-a-rovira-que-se-disculpe-por-la-estructura-b-de-erc-y-no-descarta-acciones-legales\\\/#primaryimage\"},\"image\":{\"@id\":\"https:\\\/\\\/www.eltriangle.eu\\\/es\\\/2024\\\/09\\\/17\\\/junts-pide-a-rovira-que-se-disculpe-por-la-estructura-b-de-erc-y-no-descarta-acciones-legales\\\/#primaryimage\"},\"thumbnailUrl\":\"https:\\\/\\\/www.eltriangle.eu\\\/wp-content\\\/uploads\\\/2024\\\/08\\\/marta-rovira.jpg\",\"datePublished\":\"2024-09-17T08:00:07+00:00\",\"dateModified\":\"2024-09-17T09:48:03+00:00\",\"description\":\"El secretario general de Junts, Jordi Turull, ha pedido a la secretaria general de ERC, Marta Rovira, que se disculpe con Junts por \\\"la estructura B\\\" del\",\"breadcrumb\":{\"@id\":\"https:\\\/\\\/www.eltriangle.eu\\\/es\\\/2024\\\/09\\\/17\\\/junts-pide-a-rovira-que-se-disculpe-por-la-estructura-b-de-erc-y-no-descarta-acciones-legales\\\/#breadcrumb\"},\"inLanguage\":\"es\",\"potentialAction\":[{\"@type\":\"ReadAction\",\"target\":[\"https:\\\/\\\/www.eltriangle.eu\\\/es\\\/2024\\\/09\\\/17\\\/junts-pide-a-rovira-que-se-disculpe-por-la-estructura-b-de-erc-y-no-descarta-acciones-legales\\\/\"]}]},{\"@type\":\"ImageObject\",\"inLanguage\":\"es\",\"@id\":\"https:\\\/\\\/www.eltriangle.eu\\\/es\\\/2024\\\/09\\\/17\\\/junts-pide-a-rovira-que-se-disculpe-por-la-estructura-b-de-erc-y-no-descarta-acciones-legales\\\/#primaryimage\",\"url\":\"https:\\\/\\\/www.eltriangle.eu\\\/wp-content\\\/uploads\\\/2024\\\/08\\\/marta-rovira.jpg\",\"contentUrl\":\"https:\\\/\\\/www.eltriangle.eu\\\/wp-content\\\/uploads\\\/2024\\\/08\\\/marta-rovira.jpg\",\"width\":1200,\"height\":794,\"caption\":\"Marta Rovira\"},{\"@type\":\"BreadcrumbList\",\"@id\":\"https:\\\/\\\/www.eltriangle.eu\\\/es\\\/2024\\\/09\\\/17\\\/junts-pide-a-rovira-que-se-disculpe-por-la-estructura-b-de-erc-y-no-descarta-acciones-legales\\\/#breadcrumb\",\"itemListElement\":[{\"@type\":\"ListItem\",\"position\":1,\"name\":\"Portada\",\"item\":\"https:\\\/\\\/www.eltriangle.eu\\\/es\\\/\"},{\"@type\":\"ListItem\",\"position\":2,\"name\":\"Junts pide a Rovira que se disculpe por &#8220;la estructura B&#8221; de ERC y no descarta acciones legales\"}]},{\"@type\":\"WebSite\",\"@id\":\"https:\\\/\\\/www.eltriangle.eu\\\/es\\\/#website\",\"url\":\"https:\\\/\\\/www.eltriangle.eu\\\/es\\\/\",\"name\":\"El Triangle\",\"description\":\"El Triangle \u00e9s un Diari d&#039;informaci\u00f3 general, editat a Catalunya i escrit en llengua catalana, especialitzat en investigaci\u00f3 period\u00edstica\",\"publisher\":{\"@id\":\"https:\\\/\\\/www.eltriangle.eu\\\/es\\\/#organization\"},\"potentialAction\":[{\"@type\":\"SearchAction\",\"target\":{\"@type\":\"EntryPoint\",\"urlTemplate\":\"https:\\\/\\\/www.eltriangle.eu\\\/es\\\/?s={search_term_string}\"},\"query-input\":{\"@type\":\"PropertyValueSpecification\",\"valueRequired\":true,\"valueName\":\"search_term_string\"}}],\"inLanguage\":\"es\"},{\"@type\":[\"Organization\",\"NewsMediaOrganization\"],\"@id\":\"https:\\\/\\\/www.eltriangle.eu\\\/es\\\/#organization\",\"name\":\"El Triangle\",\"url\":\"https:\\\/\\\/www.eltriangle.eu\\\/es\\\/\",\"logo\":{\"@type\":\"ImageObject\",\"inLanguage\":\"es\",\"@id\":\"https:\\\/\\\/www.eltriangle.eu\\\/es\\\/#\\\/schema\\\/logo\\\/image\\\/\",\"url\":\"https:\\\/\\\/www.eltriangle.eu\\\/wp-content\\\/uploads\\\/2020\\\/11\\\/triangle_logo-ajustado.jpg\",\"contentUrl\":\"https:\\\/\\\/www.eltriangle.eu\\\/wp-content\\\/uploads\\\/2020\\\/11\\\/triangle_logo-ajustado.jpg\",\"width\":521,\"height\":92,\"caption\":\"El Triangle\"},\"image\":{\"@id\":\"https:\\\/\\\/www.eltriangle.eu\\\/es\\\/#\\\/schema\\\/logo\\\/image\\\/\"},\"sameAs\":[\"https:\\\/\\\/www.facebook.com\\\/El-Triangle-Diari-101787399020302\",\"https:\\\/\\\/x.com\\\/El_Triangle\",\"https:\\\/\\\/www.youtube.com\\\/channel\\\/UCTIjmYEMYSpdGonuAgNhbcg\"]},{\"@type\":\"Person\",\"@id\":\"https:\\\/\\\/www.eltriangle.eu\\\/es\\\/#\\\/schema\\\/person\\\/6e5938f06dd4dcd413779558fbf437d9\",\"name\":\"Redacci\u00f3 \\\/ ACN\",\"image\":{\"@type\":\"ImageObject\",\"inLanguage\":\"es\",\"@id\":\"\\\/\\\/www.gravatar.com\\\/avatar\\\/a5bc366245a614da74d9f8d49d1b53bf?s=96&#038;r=g&#038;d=mm\",\"url\":\"\\\/\\\/www.gravatar.com\\\/avatar\\\/a5bc366245a614da74d9f8d49d1b53bf?s=96&#038;r=g&#038;d=mm\",\"contentUrl\":\"\\\/\\\/www.gravatar.com\\\/avatar\\\/a5bc366245a614da74d9f8d49d1b53bf?s=96&#038;r=g&#038;d=mm\",\"caption\":\"Redacci\u00f3 \\\/ ACN\"},\"url\":\"https:\\\/\\\/www.eltriangle.eu\\\/es\\\/author\\\/redaccioacn\\\/\"},{\"@type\":\"SiteNavigationElement\",\"@id\":\"https:\\\/\\\/www.eltriangle.eu\\\/es\\\/#site-navigation\",\"cssSelector\":[\".cib-main-menu\"]},{\"@type\":\"WPHeader\",\"@id\":\"https:\\\/\\\/www.eltriangle.eu\\\/es\\\/#header\",\"cssSelector\":[\".cib-header\"]},{\"@type\":\"WPFooter\",\"@id\":\"https:\\\/\\\/www.eltriangle.eu\\\/es\\\/#footer\",\"cssSelector\":[\".cib-footer\"]}]}<\/script>\n<!-- \/ Yoast SEO plugin. -->","yoast_head_json":{"title":"Junts pide a Rovira que se disculpe por \"la estructura B\" de ERC y no descarta acciones legales - El Triangle","description":"El secretario general de Junts, Jordi Turull, ha pedido a la secretaria general de ERC, Marta Rovira, que se disculpe con Junts por \"la estructura B\" del","robots":{"index":"index","follow":"follow","max-snippet":"max-snippet:-1","max-image-preview":"max-image-preview:large","max-video-preview":"max-video-preview:-1"},"canonical":"https:\/\/www.eltriangle.eu\/es\/2024\/09\/17\/junts-pide-a-rovira-que-se-disculpe-por-la-estructura-b-de-erc-y-no-descarta-acciones-legales\/","og_locale":"es_ES","og_type":"article","og_title":"Junts pide a Rovira que se disculpe por \"la estructura B\" de ERC y no descarta acciones legales - El Triangle","og_description":"El secretario general de Junts, Jordi Turull, ha pedido a la secretaria general de ERC, Marta Rovira, que se disculpe con Junts por \"la estructura B\" del","og_url":"https:\/\/www.eltriangle.eu\/es\/2024\/09\/17\/junts-pide-a-rovira-que-se-disculpe-por-la-estructura-b-de-erc-y-no-descarta-acciones-legales\/","og_site_name":"El Triangle","article_publisher":"https:\/\/www.facebook.com\/El-Triangle-Diari-101787399020302","article_published_time":"2024-09-17T08:00:07+00:00","article_modified_time":"2024-09-17T09:48:03+00:00","og_image":[{"width":1200,"height":794,"url":"https:\/\/www.eltriangle.eu\/wp-content\/uploads\/2024\/08\/marta-rovira.jpg","type":"image\/jpeg"}],"author":"Redacci\u00f3 \/ ACN","twitter_card":"summary_large_image","twitter_creator":"@El_Triangle","twitter_site":"@El_Triangle","twitter_misc":{"Escrito por":"Redacci\u00f3 \/ ACN","Tiempo de lectura":"2 minutos"},"schema":{"@context":"https:\/\/schema.org","@graph":[{"@type":"NewsArticle","@id":"https:\/\/www.eltriangle.eu\/es\/2024\/09\/17\/junts-pide-a-rovira-que-se-disculpe-por-la-estructura-b-de-erc-y-no-descarta-acciones-legales\/#article","isPartOf":{"@id":"https:\/\/www.eltriangle.eu\/es\/2024\/09\/17\/junts-pide-a-rovira-que-se-disculpe-por-la-estructura-b-de-erc-y-no-descarta-acciones-legales\/"},"author":{"name":"Redacci\u00f3 \/ ACN","@id":"https:\/\/www.eltriangle.eu\/es\/#\/schema\/person\/6e5938f06dd4dcd413779558fbf437d9"},"headline":"Junts pide a Rovira que se disculpe por \u00abla estructura B\u00bb de ERC y no descarta acciones legales","datePublished":"2024-09-17T08:00:07+00:00","dateModified":"2024-09-17T09:48:03+00:00","mainEntityOfPage":{"@id":"https:\/\/www.eltriangle.eu\/es\/2024\/09\/17\/junts-pide-a-rovira-que-se-disculpe-por-la-estructura-b-de-erc-y-no-descarta-acciones-legales\/"},"wordCount":322,"commentCount":0,"publisher":{"@id":"https:\/\/www.eltriangle.eu\/es\/#organization"},"image":{"@id":"https:\/\/www.eltriangle.eu\/es\/2024\/09\/17\/junts-pide-a-rovira-que-se-disculpe-por-la-estructura-b-de-erc-y-no-descarta-acciones-legales\/#primaryimage"},"thumbnailUrl":"https:\/\/www.eltriangle.eu\/wp-content\/uploads\/2024\/08\/marta-rovira.jpg","keywords":["ERC","Jordi Turull","Junts","Marta Rovira"],"articleSection":["Actualidad","Poderes"],"inLanguage":"es","potentialAction":[{"@type":"CommentAction","name":"Comment","target":["https:\/\/www.eltriangle.eu\/es\/2024\/09\/17\/junts-pide-a-rovira-que-se-disculpe-por-la-estructura-b-de-erc-y-no-descarta-acciones-legales\/#respond"]}]},{"@type":"WebPage","@id":"https:\/\/www.eltriangle.eu\/es\/2024\/09\/17\/junts-pide-a-rovira-que-se-disculpe-por-la-estructura-b-de-erc-y-no-descarta-acciones-legales\/","url":"https:\/\/www.eltriangle.eu\/es\/2024\/09\/17\/junts-pide-a-rovira-que-se-disculpe-por-la-estructura-b-de-erc-y-no-descarta-acciones-legales\/","name":"Junts pide a Rovira que se disculpe por \"la estructura B\" de ERC y no descarta acciones legales - El Triangle","isPartOf":{"@id":"https:\/\/www.eltriangle.eu\/es\/#website"},"primaryImageOfPage":{"@id":"https:\/\/www.eltriangle.eu\/es\/2024\/09\/17\/junts-pide-a-rovira-que-se-disculpe-por-la-estructura-b-de-erc-y-no-descarta-acciones-legales\/#primaryimage"},"image":{"@id":"https:\/\/www.eltriangle.eu\/es\/2024\/09\/17\/junts-pide-a-rovira-que-se-disculpe-por-la-estructura-b-de-erc-y-no-descarta-acciones-legales\/#primaryimage"},"thumbnailUrl":"https:\/\/www.eltriangle.eu\/wp-content\/uploads\/2024\/08\/marta-rovira.jpg","datePublished":"2024-09-17T08:00:07+00:00","dateModified":"2024-09-17T09:48:03+00:00","description":"El secretario general de Junts, Jordi Turull, ha pedido a la secretaria general de ERC, Marta Rovira, que se disculpe con Junts por \"la estructura B\" del","breadcrumb":{"@id":"https:\/\/www.eltriangle.eu\/es\/2024\/09\/17\/junts-pide-a-rovira-que-se-disculpe-por-la-estructura-b-de-erc-y-no-descarta-acciones-legales\/#breadcrumb"},"inLanguage":"es","potentialAction":[{"@type":"ReadAction","target":["https:\/\/www.eltriangle.eu\/es\/2024\/09\/17\/junts-pide-a-rovira-que-se-disculpe-por-la-estructura-b-de-erc-y-no-descarta-acciones-legales\/"]}]},{"@type":"ImageObject","inLanguage":"es","@id":"https:\/\/www.eltriangle.eu\/es\/2024\/09\/17\/junts-pide-a-rovira-que-se-disculpe-por-la-estructura-b-de-erc-y-no-descarta-acciones-legales\/#primaryimage","url":"https:\/\/www.eltriangle.eu\/wp-content\/uploads\/2024\/08\/marta-rovira.jpg","contentUrl":"https:\/\/www.eltriangle.eu\/wp-content\/uploads\/2024\/08\/marta-rovira.jpg","width":1200,"height":794,"caption":"Marta Rovira"},{"@type":"BreadcrumbList","@id":"https:\/\/www.eltriangle.eu\/es\/2024\/09\/17\/junts-pide-a-rovira-que-se-disculpe-por-la-estructura-b-de-erc-y-no-descarta-acciones-legales\/#breadcrumb","itemListElement":[{"@type":"ListItem","position":1,"name":"Portada","item":"https:\/\/www.eltriangle.eu\/es\/"},{"@type":"ListItem","position":2,"name":"Junts pide a Rovira que se disculpe por &#8220;la estructura B&#8221; de ERC y no descarta acciones legales"}]},{"@type":"WebSite","@id":"https:\/\/www.eltriangle.eu\/es\/#website","url":"https:\/\/www.eltriangle.eu\/es\/","name":"El Triangle","description":"El Triangle \u00e9s un Diari d&#039;informaci\u00f3 general, editat a Catalunya i escrit en llengua catalana, especialitzat en investigaci\u00f3 period\u00edstica","publisher":{"@id":"https:\/\/www.eltriangle.eu\/es\/#organization"},"potentialAction":[{"@type":"SearchAction","target":{"@type":"EntryPoint","urlTemplate":"https:\/\/www.eltriangle.eu\/es\/?s={search_term_string}"},"query-input":{"@type":"PropertyValueSpecification","valueRequired":true,"valueName":"search_term_string"}}],"inLanguage":"es"},{"@type":["Organization","NewsMediaOrganization"],"@id":"https:\/\/www.eltriangle.eu\/es\/#organization","name":"El Triangle","url":"https:\/\/www.eltriangle.eu\/es\/","logo":{"@type":"ImageObject","inLanguage":"es","@id":"https:\/\/www.eltriangle.eu\/es\/#\/schema\/logo\/image\/","url":"https:\/\/www.eltriangle.eu\/wp-content\/uploads\/2020\/11\/triangle_logo-ajustado.jpg","contentUrl":"https:\/\/www.eltriangle.eu\/wp-content\/uploads\/2020\/11\/triangle_logo-ajustado.jpg","width":521,"height":92,"caption":"El Triangle"},"image":{"@id":"https:\/\/www.eltriangle.eu\/es\/#\/schema\/logo\/image\/"},"sameAs":["https:\/\/www.facebook.com\/El-Triangle-Diari-101787399020302","https:\/\/x.com\/El_Triangle","https:\/\/www.youtube.com\/channel\/UCTIjmYEMYSpdGonuAgNhbcg"]},{"@type":"Person","@id":"https:\/\/www.eltriangle.eu\/es\/#\/schema\/person\/6e5938f06dd4dcd413779558fbf437d9","name":"Redacci\u00f3 \/ ACN","image":{"@type":"ImageObject","inLanguage":"es","@id":"\/\/www.gravatar.com\/avatar\/a5bc366245a614da74d9f8d49d1b53bf?s=96&#038;r=g&#038;d=mm","url":"\/\/www.gravatar.com\/avatar\/a5bc366245a614da74d9f8d49d1b53bf?s=96&#038;r=g&#038;d=mm","contentUrl":"\/\/www.gravatar.com\/avatar\/a5bc366245a614da74d9f8d49d1b53bf?s=96&#038;r=g&#038;d=mm","caption":"Redacci\u00f3 \/ ACN"},"url":"https:\/\/www.eltriangle.eu\/es\/author\/redaccioacn\/"},{"@type":"SiteNavigationElement","@id":"https:\/\/www.eltriangle.eu\/es\/#site-navigation","cssSelector":[".cib-main-menu"]},{"@type":"WPHeader","@id":"https:\/\/www.eltriangle.eu\/es\/#header","cssSelector":[".cib-header"]},{"@type":"WPFooter","@id":"https:\/\/www.eltriangle.eu\/es\/#footer","cssSelector":[".cib-footer"]}]}},"amp_enabled":true,"_links":{"self":[{"href":"https:\/\/www.eltriangle.eu\/es\/wp-json\/wp\/v2\/posts\/278557","targetHints":{"allow":["GET"]}}],"collection":[{"href":"https:\/\/www.eltriangle.eu\/es\/wp-json\/wp\/v2\/posts"}],"about":[{"href":"https:\/\/www.eltriangle.eu\/es\/wp-json\/wp\/v2\/types\/post"}],"author":[{"embeddable":true,"href":"https:\/\/www.eltriangle.eu\/es\/wp-json\/wp\/v2\/users\/179"}],"replies":[{"embeddable":true,"href":"https:\/\/www.eltriangle.eu\/es\/wp-json\/wp\/v2\/comments?post=278557"}],"version-history":[{"count":0,"href":"https:\/\/www.eltriangle.eu\/es\/wp-json\/wp\/v2\/posts\/278557\/revisions"}],"wp:featuredmedia":[{"embeddable":true,"href":"https:\/\/www.eltriangle.eu\/es\/wp-json\/wp\/v2\/media\/273234"}],"wp:attachment":[{"href":"https:\/\/www.eltriangle.eu\/es\/wp-json\/wp\/v2\/media?parent=278557"}],"wp:term":[{"taxonomy":"category","embeddable":true,"href":"https:\/\/www.eltriangle.eu\/es\/wp-json\/wp\/v2\/categories?post=278557"},{"taxonomy":"post_tag","embeddable":true,"href":"https:\/\/www.eltriangle.eu\/es\/wp-json\/wp\/v2\/tags?post=278557"}],"curies":[{"name":"wp","href":"https:\/\/api.w.org\/{rel}","templated":true}]}}