{"id":276556,"date":"2024-08-31T06:00:11","date_gmt":"2024-08-31T04:00:11","guid":{"rendered":null},"modified":"2024-08-30T20:47:50","modified_gmt":"2024-08-30T18:47:50","slug":"repulsa-sindical-por-los-31-400-alumnos-que-se-han-quedado-sin-plaza-publica-de-fp","status":"publish","type":"post","link":"https:\/\/www.eltriangle.eu\/es\/2024\/08\/31\/repulsa-sindical-por-los-31-400-alumnos-que-se-han-quedado-sin-plaza-publica-de-fp\/","title":{"rendered":"Repulsa sindical por los 31.400 alumnos que se han quedado sin plaza p\u00fablica de FP"},"content":{"rendered":"<p>Pocos d\u00edas antes de que empiece el curso escolar, ha saltado el esc\u00e1ndalo. En un caso de flagrante imprevisi\u00f3n por parte del anterior equipo de la conselleria de Educaci\u00f3n, dirigido por <strong>Anna Sim\u00f3<\/strong>, se ha destapado que hay 31.400 j\u00f3venes que hab\u00edan optado por hacer ciclos formativos de grado medio y superior en el sistema p\u00fablico que se han quedado sin plaza.<\/p>\n<p>La nueva consejera, <strong>Esther Niub\u00f3<\/strong>, se ha encontrado con esta \u201cpatata caliente\u201d, que ha provocado la indignaci\u00f3n de los alumnos afectados, de los padres y de los sindicatos de Educaci\u00f3n. Desde CCOO de Catalu\u00f1a piden a la nueva consejera que no renuncie a implementar medidas extraordinarias este curso ante esta grave situaci\u00f3n.<\/p>\n<p>En julio, CCOO ya denunci\u00f3 que no se pod\u00eda establecer un calendario laber\u00edntico y no armonizado de la formaci\u00f3n profesional (FP) con el resto de ense\u00f1anzas superiores, como el bachillerato y la universidad, porque imposibilitaba un proceso de preinscripci\u00f3n adecuado. Este sistema comporta una complejidad y unas dificultades innecesarias para las familias, para el alumnado y para los centros educativos.<\/p>\n<p>CCOO de Catalu\u00f1a considera muy grave que haya alumnado de FP que no se podr\u00e1 matricular hasta el 30 de septiembre, cuando el curso empezar\u00e1 este a\u00f1o el d\u00eda 12. Este alumnado no podr\u00e1 asistir al inicio del curso y, por lo tanto, se perder\u00e1 los primeros d\u00edas de clase, con las consecuencias que esto tendr\u00e1 para su proceso de aprendizaje y para su integraci\u00f3n en el centro.<\/p>\n<p>Desde el sindicato piden a la nueva consejera una apuesta clara por una oferta p\u00fablica de calidad para el acceso a la FP. \u201cNo puede ser que el sistema p\u00fablico no ofrezca suficientes plazas y que mucho alumnado se vea obligado a ir a ciclos formativos privados porque no tienen acceso a una plaza p\u00fablica. Se tiene que garantizar el derecho de acceder a una formaci\u00f3n y cualificaci\u00f3n profesional p\u00fablica y de calidad que posibilite tener un trabajo y vida dignas\u201d, afirma CCOO de Catalu\u00f1a en un comunicado.<\/p>\n<p>Adem\u00e1s, el sindicato apoya que la Sindicatura de Greuges abra de oficio un expediente ante el hecho que m\u00e1s 31.000 alumnos no tenga una plaza de FP p\u00fablica asignada. Desde CCOO de Catalu\u00f1a se reclama a la nueva consejera Esther Niub\u00f3 que, a pesar de que hace pocos d\u00edas que est\u00e1 en el cargo, ponga en marcha medidas extraordinarias para este curso 2024-25 ante estos hechos tan graves.<\/p>\n<p>\u201cCCOO no nos conformamos que la conselleria solo proponga actuaciones para el curso pr\u00f3ximo. Se tendr\u00eda que habilitar una partida presupuestaria extraordinaria para ampliar grupos y contratar profesorado para que todas estas personas puedan acceder a una formaci\u00f3n profesional p\u00fablica y gratuita\u201d, afirma en un comunicado.<\/p>\n","protected":false},"excerpt":{"rendered":"<p>Pocos d\u00edas antes de que empiece el curso escolar, ha saltado el esc\u00e1ndalo. En un caso de flagrante imprevisi\u00f3n por parte del anterior equipo de la conselleria de Educaci\u00f3n, dirigido por Anna Sim\u00f3, se ha destapado que hay 31.400 j\u00f3venes que hab\u00edan optado por hacer ciclos formativos de grado medio y superior en el sistema &#8230; <a title=\"Repulsa sindical por los 31.400 alumnos que se han quedado sin plaza p\u00fablica de FP\" class=\"read-more\" href=\"https:\/\/www.eltriangle.eu\/es\/2024\/08\/31\/repulsa-sindical-por-los-31-400-alumnos-que-se-han-quedado-sin-plaza-publica-de-fp\/\" aria-label=\"Leer m\u00e1s sobre Repulsa sindical por los 31.400 alumnos que se han quedado sin plaza p\u00fablica de FP\">Leer m\u00e1s<\/a><\/p>\n","protected":false},"author":97,"featured_media":276554,"comment_status":"open","ping_status":"closed","sticky":false,"template":"","format":"standard","meta":{"_acf_changed":false,"pmpro_default_level":"","footnotes":""},"categories":[24,131,98,74],"tags":[],"class_list":["post-276556","post","type-post","status-publish","format-standard","has-post-thumbnail","hentry","category-actualidad","category-apertura-es","category-educacion","category-poderes","lh_instant_articles-syndicate-yes","pmpro-has-access"],"acf":[],"yoast_head":"<!-- This site is optimized with the Yoast SEO plugin v27.4 - https:\/\/yoast.com\/product\/yoast-seo-wordpress\/ -->\n<title>Repulsa sindical por los 31.400 alumnos que se han quedado sin plaza p\u00fablica de FP - El Triangle<\/title>\n<meta name=\"description\" content=\"Pocos d\u00edas antes de que empiece el curso escolar, ha saltado el esc\u00e1ndalo. En un caso de flagrante imprevisi\u00f3n por parte del anterior equipo de la\" class=\"yoast-seo-meta-tag\" \/>\n<meta name=\"robots\" content=\"index, follow, max-snippet:-1, max-image-preview:large, max-video-preview:-1\" \/>\n<link rel=\"canonical\" href=\"https:\/\/www.eltriangle.eu\/es\/2024\/08\/31\/repulsa-sindical-por-los-31-400-alumnos-que-se-han-quedado-sin-plaza-publica-de-fp\/\" class=\"yoast-seo-meta-tag\" \/>\n<meta property=\"og:locale\" content=\"es_ES\" class=\"yoast-seo-meta-tag\" \/>\n<meta property=\"og:type\" content=\"article\" class=\"yoast-seo-meta-tag\" \/>\n<meta property=\"og:title\" content=\"Repulsa sindical por los 31.400 alumnos que se han quedado sin plaza p\u00fablica de FP - El Triangle\" class=\"yoast-seo-meta-tag\" \/>\n<meta property=\"og:description\" content=\"Pocos d\u00edas antes de que empiece el curso escolar, ha saltado el esc\u00e1ndalo. En un caso de flagrante imprevisi\u00f3n por parte del anterior equipo de la\" class=\"yoast-seo-meta-tag\" \/>\n<meta property=\"og:url\" content=\"https:\/\/www.eltriangle.eu\/es\/2024\/08\/31\/repulsa-sindical-por-los-31-400-alumnos-que-se-han-quedado-sin-plaza-publica-de-fp\/\" class=\"yoast-seo-meta-tag\" \/>\n<meta property=\"og:site_name\" content=\"El Triangle\" class=\"yoast-seo-meta-tag\" \/>\n<meta property=\"article:publisher\" content=\"https:\/\/www.facebook.com\/El-Triangle-Diari-101787399020302\" class=\"yoast-seo-meta-tag\" \/>\n<meta property=\"article:published_time\" content=\"2024-08-31T04:00:11+00:00\" class=\"yoast-seo-meta-tag\" \/>\n<meta property=\"og:image\" content=\"https:\/\/www.eltriangle.eu\/wp-content\/uploads\/2024\/08\/conselleria-deducacio.jpg\" class=\"yoast-seo-meta-tag\" \/>\n\t<meta property=\"og:image:width\" content=\"1200\" class=\"yoast-seo-meta-tag\" \/>\n\t<meta property=\"og:image:height\" content=\"900\" class=\"yoast-seo-meta-tag\" \/>\n\t<meta property=\"og:image:type\" content=\"image\/jpeg\" class=\"yoast-seo-meta-tag\" \/>\n<meta name=\"author\" content=\"xavier\" class=\"yoast-seo-meta-tag\" \/>\n<meta name=\"twitter:card\" content=\"summary_large_image\" class=\"yoast-seo-meta-tag\" \/>\n<meta name=\"twitter:creator\" content=\"@El_Triangle\" class=\"yoast-seo-meta-tag\" \/>\n<meta name=\"twitter:site\" content=\"@El_Triangle\" class=\"yoast-seo-meta-tag\" \/>\n<meta name=\"twitter:label1\" content=\"Escrito por\" class=\"yoast-seo-meta-tag\" \/>\n\t<meta name=\"twitter:data1\" content=\"xavier\" class=\"yoast-seo-meta-tag\" \/>\n\t<meta name=\"twitter:label2\" content=\"Tiempo de lectura\" class=\"yoast-seo-meta-tag\" \/>\n\t<meta name=\"twitter:data2\" content=\"2 minutos\" class=\"yoast-seo-meta-tag\" \/>\n<script type=\"application\/ld+json\" class=\"yoast-schema-graph\">{\"@context\":\"https:\\\/\\\/schema.org\",\"@graph\":[{\"@type\":\"NewsArticle\",\"@id\":\"https:\\\/\\\/www.eltriangle.eu\\\/es\\\/2024\\\/08\\\/31\\\/repulsa-sindical-por-los-31-400-alumnos-que-se-han-quedado-sin-plaza-publica-de-fp\\\/#article\",\"isPartOf\":{\"@id\":\"https:\\\/\\\/www.eltriangle.eu\\\/es\\\/2024\\\/08\\\/31\\\/repulsa-sindical-por-los-31-400-alumnos-que-se-han-quedado-sin-plaza-publica-de-fp\\\/\"},\"author\":{\"name\":\"xavier\",\"@id\":\"https:\\\/\\\/www.eltriangle.eu\\\/es\\\/#\\\/schema\\\/person\\\/df9cb61ef0b061092c35cf7a8636dfc6\"},\"headline\":\"Repulsa sindical por los 31.400 alumnos que se han quedado sin plaza p\u00fablica de FP\",\"datePublished\":\"2024-08-31T04:00:11+00:00\",\"mainEntityOfPage\":{\"@id\":\"https:\\\/\\\/www.eltriangle.eu\\\/es\\\/2024\\\/08\\\/31\\\/repulsa-sindical-por-los-31-400-alumnos-que-se-han-quedado-sin-plaza-publica-de-fp\\\/\"},\"wordCount\":492,\"commentCount\":0,\"publisher\":{\"@id\":\"https:\\\/\\\/www.eltriangle.eu\\\/es\\\/#organization\"},\"image\":{\"@id\":\"https:\\\/\\\/www.eltriangle.eu\\\/es\\\/2024\\\/08\\\/31\\\/repulsa-sindical-por-los-31-400-alumnos-que-se-han-quedado-sin-plaza-publica-de-fp\\\/#primaryimage\"},\"thumbnailUrl\":\"https:\\\/\\\/www.eltriangle.eu\\\/wp-content\\\/uploads\\\/2024\\\/08\\\/conselleria-deducacio.jpg\",\"articleSection\":[\"Actualidad\",\"Apertura\",\"Educaci\u00f3n\",\"Poderes\"],\"inLanguage\":\"es\",\"potentialAction\":[{\"@type\":\"CommentAction\",\"name\":\"Comment\",\"target\":[\"https:\\\/\\\/www.eltriangle.eu\\\/es\\\/2024\\\/08\\\/31\\\/repulsa-sindical-por-los-31-400-alumnos-que-se-han-quedado-sin-plaza-publica-de-fp\\\/#respond\"]}]},{\"@type\":\"WebPage\",\"@id\":\"https:\\\/\\\/www.eltriangle.eu\\\/es\\\/2024\\\/08\\\/31\\\/repulsa-sindical-por-los-31-400-alumnos-que-se-han-quedado-sin-plaza-publica-de-fp\\\/\",\"url\":\"https:\\\/\\\/www.eltriangle.eu\\\/es\\\/2024\\\/08\\\/31\\\/repulsa-sindical-por-los-31-400-alumnos-que-se-han-quedado-sin-plaza-publica-de-fp\\\/\",\"name\":\"Repulsa sindical por los 31.400 alumnos que se han quedado sin plaza p\u00fablica de FP - El Triangle\",\"isPartOf\":{\"@id\":\"https:\\\/\\\/www.eltriangle.eu\\\/es\\\/#website\"},\"primaryImageOfPage\":{\"@id\":\"https:\\\/\\\/www.eltriangle.eu\\\/es\\\/2024\\\/08\\\/31\\\/repulsa-sindical-por-los-31-400-alumnos-que-se-han-quedado-sin-plaza-publica-de-fp\\\/#primaryimage\"},\"image\":{\"@id\":\"https:\\\/\\\/www.eltriangle.eu\\\/es\\\/2024\\\/08\\\/31\\\/repulsa-sindical-por-los-31-400-alumnos-que-se-han-quedado-sin-plaza-publica-de-fp\\\/#primaryimage\"},\"thumbnailUrl\":\"https:\\\/\\\/www.eltriangle.eu\\\/wp-content\\\/uploads\\\/2024\\\/08\\\/conselleria-deducacio.jpg\",\"datePublished\":\"2024-08-31T04:00:11+00:00\",\"description\":\"Pocos d\u00edas antes de que empiece el curso escolar, ha saltado el esc\u00e1ndalo. En un caso de flagrante imprevisi\u00f3n por parte del anterior equipo de la\",\"breadcrumb\":{\"@id\":\"https:\\\/\\\/www.eltriangle.eu\\\/es\\\/2024\\\/08\\\/31\\\/repulsa-sindical-por-los-31-400-alumnos-que-se-han-quedado-sin-plaza-publica-de-fp\\\/#breadcrumb\"},\"inLanguage\":\"es\",\"potentialAction\":[{\"@type\":\"ReadAction\",\"target\":[\"https:\\\/\\\/www.eltriangle.eu\\\/es\\\/2024\\\/08\\\/31\\\/repulsa-sindical-por-los-31-400-alumnos-que-se-han-quedado-sin-plaza-publica-de-fp\\\/\"]}]},{\"@type\":\"ImageObject\",\"inLanguage\":\"es\",\"@id\":\"https:\\\/\\\/www.eltriangle.eu\\\/es\\\/2024\\\/08\\\/31\\\/repulsa-sindical-por-los-31-400-alumnos-que-se-han-quedado-sin-plaza-publica-de-fp\\\/#primaryimage\",\"url\":\"https:\\\/\\\/www.eltriangle.eu\\\/wp-content\\\/uploads\\\/2024\\\/08\\\/conselleria-deducacio.jpg\",\"contentUrl\":\"https:\\\/\\\/www.eltriangle.eu\\\/wp-content\\\/uploads\\\/2024\\\/08\\\/conselleria-deducacio.jpg\",\"width\":1200,\"height\":900,\"caption\":\"Conselleria d'Educaci\u00f3\"},{\"@type\":\"BreadcrumbList\",\"@id\":\"https:\\\/\\\/www.eltriangle.eu\\\/es\\\/2024\\\/08\\\/31\\\/repulsa-sindical-por-los-31-400-alumnos-que-se-han-quedado-sin-plaza-publica-de-fp\\\/#breadcrumb\",\"itemListElement\":[{\"@type\":\"ListItem\",\"position\":1,\"name\":\"Portada\",\"item\":\"https:\\\/\\\/www.eltriangle.eu\\\/es\\\/\"},{\"@type\":\"ListItem\",\"position\":2,\"name\":\"Repulsa sindical por los 31.400 alumnos que se han quedado sin plaza p\u00fablica de FP\"}]},{\"@type\":\"WebSite\",\"@id\":\"https:\\\/\\\/www.eltriangle.eu\\\/es\\\/#website\",\"url\":\"https:\\\/\\\/www.eltriangle.eu\\\/es\\\/\",\"name\":\"El Triangle\",\"description\":\"El Triangle \u00e9s un Diari d&#039;informaci\u00f3 general, editat a Catalunya i escrit en llengua catalana, especialitzat en investigaci\u00f3 period\u00edstica\",\"publisher\":{\"@id\":\"https:\\\/\\\/www.eltriangle.eu\\\/es\\\/#organization\"},\"potentialAction\":[{\"@type\":\"SearchAction\",\"target\":{\"@type\":\"EntryPoint\",\"urlTemplate\":\"https:\\\/\\\/www.eltriangle.eu\\\/es\\\/?s={search_term_string}\"},\"query-input\":{\"@type\":\"PropertyValueSpecification\",\"valueRequired\":true,\"valueName\":\"search_term_string\"}}],\"inLanguage\":\"es\"},{\"@type\":[\"Organization\",\"NewsMediaOrganization\"],\"@id\":\"https:\\\/\\\/www.eltriangle.eu\\\/es\\\/#organization\",\"name\":\"El Triangle\",\"url\":\"https:\\\/\\\/www.eltriangle.eu\\\/es\\\/\",\"logo\":{\"@type\":\"ImageObject\",\"inLanguage\":\"es\",\"@id\":\"https:\\\/\\\/www.eltriangle.eu\\\/es\\\/#\\\/schema\\\/logo\\\/image\\\/\",\"url\":\"https:\\\/\\\/www.eltriangle.eu\\\/wp-content\\\/uploads\\\/2020\\\/11\\\/triangle_logo-ajustado.jpg\",\"contentUrl\":\"https:\\\/\\\/www.eltriangle.eu\\\/wp-content\\\/uploads\\\/2020\\\/11\\\/triangle_logo-ajustado.jpg\",\"width\":521,\"height\":92,\"caption\":\"El Triangle\"},\"image\":{\"@id\":\"https:\\\/\\\/www.eltriangle.eu\\\/es\\\/#\\\/schema\\\/logo\\\/image\\\/\"},\"sameAs\":[\"https:\\\/\\\/www.facebook.com\\\/El-Triangle-Diari-101787399020302\",\"https:\\\/\\\/x.com\\\/El_Triangle\",\"https:\\\/\\\/www.youtube.com\\\/channel\\\/UCTIjmYEMYSpdGonuAgNhbcg\"]},{\"@type\":\"Person\",\"@id\":\"https:\\\/\\\/www.eltriangle.eu\\\/es\\\/#\\\/schema\\\/person\\\/df9cb61ef0b061092c35cf7a8636dfc6\",\"name\":\"xavier\",\"image\":{\"@type\":\"ImageObject\",\"inLanguage\":\"es\",\"@id\":\"\\\/\\\/www.gravatar.com\\\/avatar\\\/70cc50ebe4287089b363a6a3c8fa3e72?s=96&#038;r=g&#038;d=mm\",\"url\":\"\\\/\\\/www.gravatar.com\\\/avatar\\\/70cc50ebe4287089b363a6a3c8fa3e72?s=96&#038;r=g&#038;d=mm\",\"contentUrl\":\"\\\/\\\/www.gravatar.com\\\/avatar\\\/70cc50ebe4287089b363a6a3c8fa3e72?s=96&#038;r=g&#038;d=mm\",\"caption\":\"xavier\"},\"url\":\"https:\\\/\\\/www.eltriangle.eu\\\/es\\\/author\\\/xavier\\\/\"},{\"@type\":\"SiteNavigationElement\",\"@id\":\"https:\\\/\\\/www.eltriangle.eu\\\/es\\\/#site-navigation\",\"cssSelector\":[\".cib-main-menu\"]},{\"@type\":\"WPHeader\",\"@id\":\"https:\\\/\\\/www.eltriangle.eu\\\/es\\\/#header\",\"cssSelector\":[\".cib-header\"]},{\"@type\":\"WPFooter\",\"@id\":\"https:\\\/\\\/www.eltriangle.eu\\\/es\\\/#footer\",\"cssSelector\":[\".cib-footer\"]}]}<\/script>\n<!-- \/ Yoast SEO plugin. -->","yoast_head_json":{"title":"Repulsa sindical por los 31.400 alumnos que se han quedado sin plaza p\u00fablica de FP - El Triangle","description":"Pocos d\u00edas antes de que empiece el curso escolar, ha saltado el esc\u00e1ndalo. En un caso de flagrante imprevisi\u00f3n por parte del anterior equipo de la","robots":{"index":"index","follow":"follow","max-snippet":"max-snippet:-1","max-image-preview":"max-image-preview:large","max-video-preview":"max-video-preview:-1"},"canonical":"https:\/\/www.eltriangle.eu\/es\/2024\/08\/31\/repulsa-sindical-por-los-31-400-alumnos-que-se-han-quedado-sin-plaza-publica-de-fp\/","og_locale":"es_ES","og_type":"article","og_title":"Repulsa sindical por los 31.400 alumnos que se han quedado sin plaza p\u00fablica de FP - El Triangle","og_description":"Pocos d\u00edas antes de que empiece el curso escolar, ha saltado el esc\u00e1ndalo. En un caso de flagrante imprevisi\u00f3n por parte del anterior equipo de la","og_url":"https:\/\/www.eltriangle.eu\/es\/2024\/08\/31\/repulsa-sindical-por-los-31-400-alumnos-que-se-han-quedado-sin-plaza-publica-de-fp\/","og_site_name":"El Triangle","article_publisher":"https:\/\/www.facebook.com\/El-Triangle-Diari-101787399020302","article_published_time":"2024-08-31T04:00:11+00:00","og_image":[{"width":1200,"height":900,"url":"https:\/\/www.eltriangle.eu\/wp-content\/uploads\/2024\/08\/conselleria-deducacio.jpg","type":"image\/jpeg"}],"author":"xavier","twitter_card":"summary_large_image","twitter_creator":"@El_Triangle","twitter_site":"@El_Triangle","twitter_misc":{"Escrito por":"xavier","Tiempo de lectura":"2 minutos"},"schema":{"@context":"https:\/\/schema.org","@graph":[{"@type":"NewsArticle","@id":"https:\/\/www.eltriangle.eu\/es\/2024\/08\/31\/repulsa-sindical-por-los-31-400-alumnos-que-se-han-quedado-sin-plaza-publica-de-fp\/#article","isPartOf":{"@id":"https:\/\/www.eltriangle.eu\/es\/2024\/08\/31\/repulsa-sindical-por-los-31-400-alumnos-que-se-han-quedado-sin-plaza-publica-de-fp\/"},"author":{"name":"xavier","@id":"https:\/\/www.eltriangle.eu\/es\/#\/schema\/person\/df9cb61ef0b061092c35cf7a8636dfc6"},"headline":"Repulsa sindical por los 31.400 alumnos que se han quedado sin plaza p\u00fablica de FP","datePublished":"2024-08-31T04:00:11+00:00","mainEntityOfPage":{"@id":"https:\/\/www.eltriangle.eu\/es\/2024\/08\/31\/repulsa-sindical-por-los-31-400-alumnos-que-se-han-quedado-sin-plaza-publica-de-fp\/"},"wordCount":492,"commentCount":0,"publisher":{"@id":"https:\/\/www.eltriangle.eu\/es\/#organization"},"image":{"@id":"https:\/\/www.eltriangle.eu\/es\/2024\/08\/31\/repulsa-sindical-por-los-31-400-alumnos-que-se-han-quedado-sin-plaza-publica-de-fp\/#primaryimage"},"thumbnailUrl":"https:\/\/www.eltriangle.eu\/wp-content\/uploads\/2024\/08\/conselleria-deducacio.jpg","articleSection":["Actualidad","Apertura","Educaci\u00f3n","Poderes"],"inLanguage":"es","potentialAction":[{"@type":"CommentAction","name":"Comment","target":["https:\/\/www.eltriangle.eu\/es\/2024\/08\/31\/repulsa-sindical-por-los-31-400-alumnos-que-se-han-quedado-sin-plaza-publica-de-fp\/#respond"]}]},{"@type":"WebPage","@id":"https:\/\/www.eltriangle.eu\/es\/2024\/08\/31\/repulsa-sindical-por-los-31-400-alumnos-que-se-han-quedado-sin-plaza-publica-de-fp\/","url":"https:\/\/www.eltriangle.eu\/es\/2024\/08\/31\/repulsa-sindical-por-los-31-400-alumnos-que-se-han-quedado-sin-plaza-publica-de-fp\/","name":"Repulsa sindical por los 31.400 alumnos que se han quedado sin plaza p\u00fablica de FP - El Triangle","isPartOf":{"@id":"https:\/\/www.eltriangle.eu\/es\/#website"},"primaryImageOfPage":{"@id":"https:\/\/www.eltriangle.eu\/es\/2024\/08\/31\/repulsa-sindical-por-los-31-400-alumnos-que-se-han-quedado-sin-plaza-publica-de-fp\/#primaryimage"},"image":{"@id":"https:\/\/www.eltriangle.eu\/es\/2024\/08\/31\/repulsa-sindical-por-los-31-400-alumnos-que-se-han-quedado-sin-plaza-publica-de-fp\/#primaryimage"},"thumbnailUrl":"https:\/\/www.eltriangle.eu\/wp-content\/uploads\/2024\/08\/conselleria-deducacio.jpg","datePublished":"2024-08-31T04:00:11+00:00","description":"Pocos d\u00edas antes de que empiece el curso escolar, ha saltado el esc\u00e1ndalo. En un caso de flagrante imprevisi\u00f3n por parte del anterior equipo de la","breadcrumb":{"@id":"https:\/\/www.eltriangle.eu\/es\/2024\/08\/31\/repulsa-sindical-por-los-31-400-alumnos-que-se-han-quedado-sin-plaza-publica-de-fp\/#breadcrumb"},"inLanguage":"es","potentialAction":[{"@type":"ReadAction","target":["https:\/\/www.eltriangle.eu\/es\/2024\/08\/31\/repulsa-sindical-por-los-31-400-alumnos-que-se-han-quedado-sin-plaza-publica-de-fp\/"]}]},{"@type":"ImageObject","inLanguage":"es","@id":"https:\/\/www.eltriangle.eu\/es\/2024\/08\/31\/repulsa-sindical-por-los-31-400-alumnos-que-se-han-quedado-sin-plaza-publica-de-fp\/#primaryimage","url":"https:\/\/www.eltriangle.eu\/wp-content\/uploads\/2024\/08\/conselleria-deducacio.jpg","contentUrl":"https:\/\/www.eltriangle.eu\/wp-content\/uploads\/2024\/08\/conselleria-deducacio.jpg","width":1200,"height":900,"caption":"Conselleria d'Educaci\u00f3"},{"@type":"BreadcrumbList","@id":"https:\/\/www.eltriangle.eu\/es\/2024\/08\/31\/repulsa-sindical-por-los-31-400-alumnos-que-se-han-quedado-sin-plaza-publica-de-fp\/#breadcrumb","itemListElement":[{"@type":"ListItem","position":1,"name":"Portada","item":"https:\/\/www.eltriangle.eu\/es\/"},{"@type":"ListItem","position":2,"name":"Repulsa sindical por los 31.400 alumnos que se han quedado sin plaza p\u00fablica de FP"}]},{"@type":"WebSite","@id":"https:\/\/www.eltriangle.eu\/es\/#website","url":"https:\/\/www.eltriangle.eu\/es\/","name":"El Triangle","description":"El Triangle \u00e9s un Diari d&#039;informaci\u00f3 general, editat a Catalunya i escrit en llengua catalana, especialitzat en investigaci\u00f3 period\u00edstica","publisher":{"@id":"https:\/\/www.eltriangle.eu\/es\/#organization"},"potentialAction":[{"@type":"SearchAction","target":{"@type":"EntryPoint","urlTemplate":"https:\/\/www.eltriangle.eu\/es\/?s={search_term_string}"},"query-input":{"@type":"PropertyValueSpecification","valueRequired":true,"valueName":"search_term_string"}}],"inLanguage":"es"},{"@type":["Organization","NewsMediaOrganization"],"@id":"https:\/\/www.eltriangle.eu\/es\/#organization","name":"El Triangle","url":"https:\/\/www.eltriangle.eu\/es\/","logo":{"@type":"ImageObject","inLanguage":"es","@id":"https:\/\/www.eltriangle.eu\/es\/#\/schema\/logo\/image\/","url":"https:\/\/www.eltriangle.eu\/wp-content\/uploads\/2020\/11\/triangle_logo-ajustado.jpg","contentUrl":"https:\/\/www.eltriangle.eu\/wp-content\/uploads\/2020\/11\/triangle_logo-ajustado.jpg","width":521,"height":92,"caption":"El Triangle"},"image":{"@id":"https:\/\/www.eltriangle.eu\/es\/#\/schema\/logo\/image\/"},"sameAs":["https:\/\/www.facebook.com\/El-Triangle-Diari-101787399020302","https:\/\/x.com\/El_Triangle","https:\/\/www.youtube.com\/channel\/UCTIjmYEMYSpdGonuAgNhbcg"]},{"@type":"Person","@id":"https:\/\/www.eltriangle.eu\/es\/#\/schema\/person\/df9cb61ef0b061092c35cf7a8636dfc6","name":"xavier","image":{"@type":"ImageObject","inLanguage":"es","@id":"\/\/www.gravatar.com\/avatar\/70cc50ebe4287089b363a6a3c8fa3e72?s=96&#038;r=g&#038;d=mm","url":"\/\/www.gravatar.com\/avatar\/70cc50ebe4287089b363a6a3c8fa3e72?s=96&#038;r=g&#038;d=mm","contentUrl":"\/\/www.gravatar.com\/avatar\/70cc50ebe4287089b363a6a3c8fa3e72?s=96&#038;r=g&#038;d=mm","caption":"xavier"},"url":"https:\/\/www.eltriangle.eu\/es\/author\/xavier\/"},{"@type":"SiteNavigationElement","@id":"https:\/\/www.eltriangle.eu\/es\/#site-navigation","cssSelector":[".cib-main-menu"]},{"@type":"WPHeader","@id":"https:\/\/www.eltriangle.eu\/es\/#header","cssSelector":[".cib-header"]},{"@type":"WPFooter","@id":"https:\/\/www.eltriangle.eu\/es\/#footer","cssSelector":[".cib-footer"]}]}},"amp_enabled":true,"_links":{"self":[{"href":"https:\/\/www.eltriangle.eu\/es\/wp-json\/wp\/v2\/posts\/276556","targetHints":{"allow":["GET"]}}],"collection":[{"href":"https:\/\/www.eltriangle.eu\/es\/wp-json\/wp\/v2\/posts"}],"about":[{"href":"https:\/\/www.eltriangle.eu\/es\/wp-json\/wp\/v2\/types\/post"}],"author":[{"embeddable":true,"href":"https:\/\/www.eltriangle.eu\/es\/wp-json\/wp\/v2\/users\/97"}],"replies":[{"embeddable":true,"href":"https:\/\/www.eltriangle.eu\/es\/wp-json\/wp\/v2\/comments?post=276556"}],"version-history":[{"count":0,"href":"https:\/\/www.eltriangle.eu\/es\/wp-json\/wp\/v2\/posts\/276556\/revisions"}],"wp:featuredmedia":[{"embeddable":true,"href":"https:\/\/www.eltriangle.eu\/es\/wp-json\/wp\/v2\/media\/276554"}],"wp:attachment":[{"href":"https:\/\/www.eltriangle.eu\/es\/wp-json\/wp\/v2\/media?parent=276556"}],"wp:term":[{"taxonomy":"category","embeddable":true,"href":"https:\/\/www.eltriangle.eu\/es\/wp-json\/wp\/v2\/categories?post=276556"},{"taxonomy":"post_tag","embeddable":true,"href":"https:\/\/www.eltriangle.eu\/es\/wp-json\/wp\/v2\/tags?post=276556"}],"curies":[{"name":"wp","href":"https:\/\/api.w.org\/{rel}","templated":true}]}}