{"id":272793,"date":"2024-07-29T08:00:10","date_gmt":"2024-07-29T06:00:10","guid":{"rendered":null},"modified":"2024-07-29T12:01:27","modified_gmt":"2024-07-29T10:01:27","slug":"amnistian-los-exregidores-de-pineda-condenados-por-coacciones-a-un-hotelero-para-que-echara-policias-nacionales-en-2017","status":"publish","type":"post","link":"https:\/\/www.eltriangle.eu\/es\/2024\/07\/29\/amnistian-los-exregidores-de-pineda-condenados-por-coacciones-a-un-hotelero-para-que-echara-policias-nacionales-en-2017\/","title":{"rendered":"Amnist\u00edan los exregidores de Pineda condenados por coacciones a un hotelero para que echara polic\u00edas nacionales"},"content":{"rendered":"<p>La <strong>Audiencia de Barcelona<\/strong> ha acordado aplicar la <strong>amnist\u00eda a los dos exregidores del PSC de Pineda de Mar<\/strong> (Barcelona) que hab\u00edan sido condenados a un a\u00f1o de prisi\u00f3n y dos de inhabilitaci\u00f3n por las coacciones a un hotelero para que echara a los polic\u00edas nacionales acogidos para el 1-O. La secci\u00f3n sexta considera que los hechos por los cuales se conden\u00f3 a <strong>Jordi Masnou y Carme Aragon\u00e8<\/strong>s encajan \u00absin ning\u00fan tipo de duda\u00bb en el objetivo descrito en la ley de amnist\u00eda, y por eso decide aplicarla. Por otro lado, la misma secci\u00f3n acuerda tambi\u00e9n aplicar la amnist\u00eda a una acusada por los disturbios ante el Parlamento de Catalu\u00f1a en enero de 2020 por protestar por la inhabilitaci\u00f3n de <strong>Quim Torra<\/strong>, por los que hab\u00eda sido condenada a dos a\u00f1os de prisi\u00f3n.<\/p>\n<p>En la primera resoluci\u00f3n, la exregidora Carme Aragon\u00e8s acept\u00f3 el a\u00f1o de prisi\u00f3n y los dos de inhabilitaci\u00f3n en un pacto con la fiscal\u00eda. Tambi\u00e9n lo hizo el entonces teniente de alcald\u00eda Jordi Masnou, por los mismos hechos. En cambio, se absolvi\u00f3 al jefe de la polic\u00eda local. Los hechos se remontan al 2 de octubre de 2017, cuando la exregidora y el entonces teniente de alcald\u00eda tuvieron una conversaci\u00f3n con el hotelero en la que, seg\u00fan consider\u00f3 probado la sentencia, le coaccionaron para que echara a los polic\u00edas alojados.<\/p>\n<p>En el segundo caso, se conden\u00f3 a dos a\u00f1os de prisi\u00f3n una mujer por un delito de des\u00f3rdenes p\u00fablicos durante las protestas por la inhabilitaci\u00f3n del expresidente de la Generalitat Quim Torra. Los hechos tuvieron lugar el 27 de enero de 2020, cuando la acusada se integr\u00f3 en un grupo de 20 personas y provocaron varios disturbios en Barcelona, seg\u00fan consta en la sentencia. Ahora, el tribunal considera que los hechos \u00abest\u00e1n claramente comprendidos en el marco temporal y objetivo que define el art\u00edculo 1 de la ley\u00bb. Por eso, se accede a la petici\u00f3n de la defensa y se aplica la amnist\u00eda a la condenada.<\/p>\n<p><strong>Rechazo a aplicar la ley en un tercer caso<\/strong><\/p>\n<p>En cambio, la misma secci\u00f3n rechaza aplicar la amnist\u00eda a un hombre condenado a dos a\u00f1os de prisi\u00f3n por un delito de lesiones con la agravante de cometerlo con motivos de discriminaci\u00f3n por la ideolog\u00eda de la v\u00edctima. En este caso, los magistrados afirman que \u00abno concurren las razones que fija la ley para aplicar la amnist\u00eda\u00bb, sino que considera que la conducta del acusado tuvo como finalidad atacar a una persona de ideolog\u00eda contraria y, \u00aba pesar de que a buen seguro el acusado es partidario de la independencia de Catalu\u00f1a, su acci\u00f3n ten\u00eda como finalidad la represalia ideol\u00f3gica o hacia las creencias de la v\u00edctima\u00bb. A\u00f1ade que esta conducta no est\u00e1 relacionada con las consultas de 2014 ni de 2017 y tampoco es un acto de reivindicaci\u00f3n o promoci\u00f3n de la secesi\u00f3n.<\/p>\n","protected":false},"excerpt":{"rendered":"<p>La Audiencia de Barcelona ha acordado aplicar la amnist\u00eda a los dos exregidores del PSC de Pineda de Mar (Barcelona) que hab\u00edan sido condenados a un a\u00f1o de prisi\u00f3n y dos de inhabilitaci\u00f3n por las coacciones a un hotelero para que echara a los polic\u00edas nacionales acogidos para el 1-O. La secci\u00f3n sexta considera que &#8230; <a title=\"Amnist\u00edan los exregidores de Pineda condenados por coacciones a un hotelero para que echara polic\u00edas nacionales\" class=\"read-more\" href=\"https:\/\/www.eltriangle.eu\/es\/2024\/07\/29\/amnistian-los-exregidores-de-pineda-condenados-por-coacciones-a-un-hotelero-para-que-echara-policias-nacionales-en-2017\/\" aria-label=\"Leer m\u00e1s sobre Amnist\u00edan los exregidores de Pineda condenados por coacciones a un hotelero para que echara polic\u00edas nacionales\">Leer m\u00e1s<\/a><\/p>\n","protected":false},"author":190,"featured_media":25626,"comment_status":"open","ping_status":"closed","sticky":false,"template":"","format":"standard","meta":{"_acf_changed":false,"pmpro_default_level":"","footnotes":""},"categories":[24,74],"tags":[458,4808,4807,4141,2896],"class_list":["post-272793","post","type-post","status-publish","format-standard","has-post-thumbnail","hentry","category-actualidad","category-poderes","tag-1-o-es","tag-carme-aragones-es","tag-jordi-masnou-es","tag-llei-damnistia-es","tag-pineda-es","lh_instant_articles-syndicate-yes","pmpro-has-access"],"acf":[],"yoast_head":"<!-- This site is optimized with the Yoast SEO plugin v27.4 - https:\/\/yoast.com\/product\/yoast-seo-wordpress\/ -->\n<title>Amnist\u00edan los exregidores de Pineda condenados por coacciones a un hotelero para que echara polic\u00edas nacionales - El Triangle<\/title>\n<meta name=\"description\" content=\"La Audiencia de Barcelona ha acordado aplicar la amnist\u00eda a los dos exregidores del PSC de Pineda de Mar (Barcelona) que hab\u00edan sido condenados a un a\u00f1o\" class=\"yoast-seo-meta-tag\" \/>\n<meta name=\"robots\" content=\"index, follow, max-snippet:-1, max-image-preview:large, max-video-preview:-1\" \/>\n<link rel=\"canonical\" href=\"https:\/\/www.eltriangle.eu\/es\/2024\/07\/29\/amnistian-los-exregidores-de-pineda-condenados-por-coacciones-a-un-hotelero-para-que-echara-policias-nacionales-en-2017\/\" class=\"yoast-seo-meta-tag\" \/>\n<meta property=\"og:locale\" content=\"es_ES\" class=\"yoast-seo-meta-tag\" \/>\n<meta property=\"og:type\" content=\"article\" class=\"yoast-seo-meta-tag\" \/>\n<meta property=\"og:title\" content=\"Amnist\u00edan los exregidores de Pineda condenados por coacciones a un hotelero para que echara polic\u00edas nacionales - El Triangle\" class=\"yoast-seo-meta-tag\" \/>\n<meta property=\"og:description\" content=\"La Audiencia de Barcelona ha acordado aplicar la amnist\u00eda a los dos exregidores del PSC de Pineda de Mar (Barcelona) que hab\u00edan sido condenados a un a\u00f1o\" class=\"yoast-seo-meta-tag\" \/>\n<meta property=\"og:url\" content=\"https:\/\/www.eltriangle.eu\/es\/2024\/07\/29\/amnistian-los-exregidores-de-pineda-condenados-por-coacciones-a-un-hotelero-para-que-echara-policias-nacionales-en-2017\/\" class=\"yoast-seo-meta-tag\" \/>\n<meta property=\"og:site_name\" content=\"El Triangle\" class=\"yoast-seo-meta-tag\" \/>\n<meta property=\"article:publisher\" content=\"https:\/\/www.facebook.com\/El-Triangle-Diari-101787399020302\" class=\"yoast-seo-meta-tag\" \/>\n<meta property=\"article:published_time\" content=\"2024-07-29T06:00:10+00:00\" class=\"yoast-seo-meta-tag\" \/>\n<meta property=\"article:modified_time\" content=\"2024-07-29T10:01:27+00:00\" class=\"yoast-seo-meta-tag\" \/>\n<meta property=\"og:image\" content=\"https:\/\/www.eltriangle.eu\/wp-content\/uploads\/2020\/11\/20171003031355-ko4d-u431767471380mwe-992x558-lavanguardia-web-55155.jpeg\" class=\"yoast-seo-meta-tag\" \/>\n\t<meta property=\"og:image:width\" content=\"807\" class=\"yoast-seo-meta-tag\" \/>\n\t<meta property=\"og:image:height\" content=\"459\" class=\"yoast-seo-meta-tag\" \/>\n\t<meta property=\"og:image:type\" content=\"image\/jpeg\" class=\"yoast-seo-meta-tag\" \/>\n<meta name=\"author\" content=\"Redacci\u00f3 \/ Ag\u00e8ncies\" class=\"yoast-seo-meta-tag\" \/>\n<meta name=\"twitter:card\" content=\"summary_large_image\" class=\"yoast-seo-meta-tag\" \/>\n<meta name=\"twitter:creator\" content=\"@El_Triangle\" class=\"yoast-seo-meta-tag\" \/>\n<meta name=\"twitter:site\" content=\"@El_Triangle\" class=\"yoast-seo-meta-tag\" \/>\n<meta name=\"twitter:label1\" content=\"Escrito por\" class=\"yoast-seo-meta-tag\" \/>\n\t<meta name=\"twitter:data1\" content=\"Redacci\u00f3 \/ Ag\u00e8ncies\" class=\"yoast-seo-meta-tag\" \/>\n\t<meta name=\"twitter:label2\" content=\"Tiempo de lectura\" class=\"yoast-seo-meta-tag\" \/>\n\t<meta name=\"twitter:data2\" content=\"3 minutos\" class=\"yoast-seo-meta-tag\" \/>\n<script type=\"application\/ld+json\" class=\"yoast-schema-graph\">{\"@context\":\"https:\\\/\\\/schema.org\",\"@graph\":[{\"@type\":\"NewsArticle\",\"@id\":\"https:\\\/\\\/www.eltriangle.eu\\\/es\\\/2024\\\/07\\\/29\\\/amnistian-los-exregidores-de-pineda-condenados-por-coacciones-a-un-hotelero-para-que-echara-policias-nacionales-en-2017\\\/#article\",\"isPartOf\":{\"@id\":\"https:\\\/\\\/www.eltriangle.eu\\\/es\\\/2024\\\/07\\\/29\\\/amnistian-los-exregidores-de-pineda-condenados-por-coacciones-a-un-hotelero-para-que-echara-policias-nacionales-en-2017\\\/\"},\"author\":{\"name\":\"Redacci\u00f3 \\\/ Ag\u00e8ncies\",\"@id\":\"https:\\\/\\\/www.eltriangle.eu\\\/es\\\/#\\\/schema\\\/person\\\/64856baeb85b6977ea0d14f347aa650f\"},\"headline\":\"Amnist\u00edan los exregidores de Pineda condenados por coacciones a un hotelero para que echara polic\u00edas nacionales\",\"datePublished\":\"2024-07-29T06:00:10+00:00\",\"dateModified\":\"2024-07-29T10:01:27+00:00\",\"mainEntityOfPage\":{\"@id\":\"https:\\\/\\\/www.eltriangle.eu\\\/es\\\/2024\\\/07\\\/29\\\/amnistian-los-exregidores-de-pineda-condenados-por-coacciones-a-un-hotelero-para-que-echara-policias-nacionales-en-2017\\\/\"},\"wordCount\":540,\"commentCount\":0,\"publisher\":{\"@id\":\"https:\\\/\\\/www.eltriangle.eu\\\/es\\\/#organization\"},\"image\":{\"@id\":\"https:\\\/\\\/www.eltriangle.eu\\\/es\\\/2024\\\/07\\\/29\\\/amnistian-los-exregidores-de-pineda-condenados-por-coacciones-a-un-hotelero-para-que-echara-policias-nacionales-en-2017\\\/#primaryimage\"},\"thumbnailUrl\":\"https:\\\/\\\/www.eltriangle.eu\\\/wp-content\\\/uploads\\\/2020\\\/11\\\/20171003031355-ko4d-u431767471380mwe-992x558-lavanguardia-web-55155.jpeg\",\"keywords\":[\"1-O\",\"Carme Aragon\u00e8s\",\"Jordi Masnou\",\"llei d'amnistia\",\"Pineda\"],\"articleSection\":[\"Actualidad\",\"Poderes\"],\"inLanguage\":\"es\",\"potentialAction\":[{\"@type\":\"CommentAction\",\"name\":\"Comment\",\"target\":[\"https:\\\/\\\/www.eltriangle.eu\\\/es\\\/2024\\\/07\\\/29\\\/amnistian-los-exregidores-de-pineda-condenados-por-coacciones-a-un-hotelero-para-que-echara-policias-nacionales-en-2017\\\/#respond\"]}]},{\"@type\":\"WebPage\",\"@id\":\"https:\\\/\\\/www.eltriangle.eu\\\/es\\\/2024\\\/07\\\/29\\\/amnistian-los-exregidores-de-pineda-condenados-por-coacciones-a-un-hotelero-para-que-echara-policias-nacionales-en-2017\\\/\",\"url\":\"https:\\\/\\\/www.eltriangle.eu\\\/es\\\/2024\\\/07\\\/29\\\/amnistian-los-exregidores-de-pineda-condenados-por-coacciones-a-un-hotelero-para-que-echara-policias-nacionales-en-2017\\\/\",\"name\":\"Amnist\u00edan los exregidores de Pineda condenados por coacciones a un hotelero para que echara polic\u00edas nacionales - El Triangle\",\"isPartOf\":{\"@id\":\"https:\\\/\\\/www.eltriangle.eu\\\/es\\\/#website\"},\"primaryImageOfPage\":{\"@id\":\"https:\\\/\\\/www.eltriangle.eu\\\/es\\\/2024\\\/07\\\/29\\\/amnistian-los-exregidores-de-pineda-condenados-por-coacciones-a-un-hotelero-para-que-echara-policias-nacionales-en-2017\\\/#primaryimage\"},\"image\":{\"@id\":\"https:\\\/\\\/www.eltriangle.eu\\\/es\\\/2024\\\/07\\\/29\\\/amnistian-los-exregidores-de-pineda-condenados-por-coacciones-a-un-hotelero-para-que-echara-policias-nacionales-en-2017\\\/#primaryimage\"},\"thumbnailUrl\":\"https:\\\/\\\/www.eltriangle.eu\\\/wp-content\\\/uploads\\\/2020\\\/11\\\/20171003031355-ko4d-u431767471380mwe-992x558-lavanguardia-web-55155.jpeg\",\"datePublished\":\"2024-07-29T06:00:10+00:00\",\"dateModified\":\"2024-07-29T10:01:27+00:00\",\"description\":\"La Audiencia de Barcelona ha acordado aplicar la amnist\u00eda a los dos exregidores del PSC de Pineda de Mar (Barcelona) que hab\u00edan sido condenados a un a\u00f1o\",\"breadcrumb\":{\"@id\":\"https:\\\/\\\/www.eltriangle.eu\\\/es\\\/2024\\\/07\\\/29\\\/amnistian-los-exregidores-de-pineda-condenados-por-coacciones-a-un-hotelero-para-que-echara-policias-nacionales-en-2017\\\/#breadcrumb\"},\"inLanguage\":\"es\",\"potentialAction\":[{\"@type\":\"ReadAction\",\"target\":[\"https:\\\/\\\/www.eltriangle.eu\\\/es\\\/2024\\\/07\\\/29\\\/amnistian-los-exregidores-de-pineda-condenados-por-coacciones-a-un-hotelero-para-que-echara-policias-nacionales-en-2017\\\/\"]}]},{\"@type\":\"ImageObject\",\"inLanguage\":\"es\",\"@id\":\"https:\\\/\\\/www.eltriangle.eu\\\/es\\\/2024\\\/07\\\/29\\\/amnistian-los-exregidores-de-pineda-condenados-por-coacciones-a-un-hotelero-para-que-echara-policias-nacionales-en-2017\\\/#primaryimage\",\"url\":\"https:\\\/\\\/www.eltriangle.eu\\\/wp-content\\\/uploads\\\/2020\\\/11\\\/20171003031355-ko4d-u431767471380mwe-992x558-lavanguardia-web-55155.jpeg\",\"contentUrl\":\"https:\\\/\\\/www.eltriangle.eu\\\/wp-content\\\/uploads\\\/2020\\\/11\\\/20171003031355-ko4d-u431767471380mwe-992x558-lavanguardia-web-55155.jpeg\",\"width\":807,\"height\":459,\"caption\":\"Policia Nacional hotel Pineda de Mar\"},{\"@type\":\"BreadcrumbList\",\"@id\":\"https:\\\/\\\/www.eltriangle.eu\\\/es\\\/2024\\\/07\\\/29\\\/amnistian-los-exregidores-de-pineda-condenados-por-coacciones-a-un-hotelero-para-que-echara-policias-nacionales-en-2017\\\/#breadcrumb\",\"itemListElement\":[{\"@type\":\"ListItem\",\"position\":1,\"name\":\"Portada\",\"item\":\"https:\\\/\\\/www.eltriangle.eu\\\/es\\\/\"},{\"@type\":\"ListItem\",\"position\":2,\"name\":\"Amnist\u00edan los exregidores de Pineda condenados por coacciones a un hotelero para que echara polic\u00edas nacionales\"}]},{\"@type\":\"WebSite\",\"@id\":\"https:\\\/\\\/www.eltriangle.eu\\\/es\\\/#website\",\"url\":\"https:\\\/\\\/www.eltriangle.eu\\\/es\\\/\",\"name\":\"El Triangle\",\"description\":\"El Triangle \u00e9s un Diari d&#039;informaci\u00f3 general, editat a Catalunya i escrit en llengua catalana, especialitzat en investigaci\u00f3 period\u00edstica\",\"publisher\":{\"@id\":\"https:\\\/\\\/www.eltriangle.eu\\\/es\\\/#organization\"},\"potentialAction\":[{\"@type\":\"SearchAction\",\"target\":{\"@type\":\"EntryPoint\",\"urlTemplate\":\"https:\\\/\\\/www.eltriangle.eu\\\/es\\\/?s={search_term_string}\"},\"query-input\":{\"@type\":\"PropertyValueSpecification\",\"valueRequired\":true,\"valueName\":\"search_term_string\"}}],\"inLanguage\":\"es\"},{\"@type\":[\"Organization\",\"NewsMediaOrganization\"],\"@id\":\"https:\\\/\\\/www.eltriangle.eu\\\/es\\\/#organization\",\"name\":\"El Triangle\",\"url\":\"https:\\\/\\\/www.eltriangle.eu\\\/es\\\/\",\"logo\":{\"@type\":\"ImageObject\",\"inLanguage\":\"es\",\"@id\":\"https:\\\/\\\/www.eltriangle.eu\\\/es\\\/#\\\/schema\\\/logo\\\/image\\\/\",\"url\":\"https:\\\/\\\/www.eltriangle.eu\\\/wp-content\\\/uploads\\\/2020\\\/11\\\/triangle_logo-ajustado.jpg\",\"contentUrl\":\"https:\\\/\\\/www.eltriangle.eu\\\/wp-content\\\/uploads\\\/2020\\\/11\\\/triangle_logo-ajustado.jpg\",\"width\":521,\"height\":92,\"caption\":\"El Triangle\"},\"image\":{\"@id\":\"https:\\\/\\\/www.eltriangle.eu\\\/es\\\/#\\\/schema\\\/logo\\\/image\\\/\"},\"sameAs\":[\"https:\\\/\\\/www.facebook.com\\\/El-Triangle-Diari-101787399020302\",\"https:\\\/\\\/x.com\\\/El_Triangle\",\"https:\\\/\\\/www.youtube.com\\\/channel\\\/UCTIjmYEMYSpdGonuAgNhbcg\"]},{\"@type\":\"Person\",\"@id\":\"https:\\\/\\\/www.eltriangle.eu\\\/es\\\/#\\\/schema\\\/person\\\/64856baeb85b6977ea0d14f347aa650f\",\"name\":\"Redacci\u00f3 \\\/ Ag\u00e8ncies\",\"image\":{\"@type\":\"ImageObject\",\"inLanguage\":\"es\",\"@id\":\"\\\/\\\/www.gravatar.com\\\/avatar\\\/351b28574babbd1ad908587a8fb19654?s=96&#038;r=g&#038;d=mm\",\"url\":\"\\\/\\\/www.gravatar.com\\\/avatar\\\/351b28574babbd1ad908587a8fb19654?s=96&#038;r=g&#038;d=mm\",\"contentUrl\":\"\\\/\\\/www.gravatar.com\\\/avatar\\\/351b28574babbd1ad908587a8fb19654?s=96&#038;r=g&#038;d=mm\",\"caption\":\"Redacci\u00f3 \\\/ Ag\u00e8ncies\"},\"url\":\"https:\\\/\\\/www.eltriangle.eu\\\/es\\\/author\\\/redaccioagencies\\\/\"},{\"@type\":\"SiteNavigationElement\",\"@id\":\"https:\\\/\\\/www.eltriangle.eu\\\/es\\\/#site-navigation\",\"cssSelector\":[\".cib-main-menu\"]},{\"@type\":\"WPHeader\",\"@id\":\"https:\\\/\\\/www.eltriangle.eu\\\/es\\\/#header\",\"cssSelector\":[\".cib-header\"]},{\"@type\":\"WPFooter\",\"@id\":\"https:\\\/\\\/www.eltriangle.eu\\\/es\\\/#footer\",\"cssSelector\":[\".cib-footer\"]}]}<\/script>\n<!-- \/ Yoast SEO plugin. -->","yoast_head_json":{"title":"Amnist\u00edan los exregidores de Pineda condenados por coacciones a un hotelero para que echara polic\u00edas nacionales - El Triangle","description":"La Audiencia de Barcelona ha acordado aplicar la amnist\u00eda a los dos exregidores del PSC de Pineda de Mar (Barcelona) que hab\u00edan sido condenados a un a\u00f1o","robots":{"index":"index","follow":"follow","max-snippet":"max-snippet:-1","max-image-preview":"max-image-preview:large","max-video-preview":"max-video-preview:-1"},"canonical":"https:\/\/www.eltriangle.eu\/es\/2024\/07\/29\/amnistian-los-exregidores-de-pineda-condenados-por-coacciones-a-un-hotelero-para-que-echara-policias-nacionales-en-2017\/","og_locale":"es_ES","og_type":"article","og_title":"Amnist\u00edan los exregidores de Pineda condenados por coacciones a un hotelero para que echara polic\u00edas nacionales - El Triangle","og_description":"La Audiencia de Barcelona ha acordado aplicar la amnist\u00eda a los dos exregidores del PSC de Pineda de Mar (Barcelona) que hab\u00edan sido condenados a un a\u00f1o","og_url":"https:\/\/www.eltriangle.eu\/es\/2024\/07\/29\/amnistian-los-exregidores-de-pineda-condenados-por-coacciones-a-un-hotelero-para-que-echara-policias-nacionales-en-2017\/","og_site_name":"El Triangle","article_publisher":"https:\/\/www.facebook.com\/El-Triangle-Diari-101787399020302","article_published_time":"2024-07-29T06:00:10+00:00","article_modified_time":"2024-07-29T10:01:27+00:00","og_image":[{"width":807,"height":459,"url":"https:\/\/www.eltriangle.eu\/wp-content\/uploads\/2020\/11\/20171003031355-ko4d-u431767471380mwe-992x558-lavanguardia-web-55155.jpeg","type":"image\/jpeg"}],"author":"Redacci\u00f3 \/ Ag\u00e8ncies","twitter_card":"summary_large_image","twitter_creator":"@El_Triangle","twitter_site":"@El_Triangle","twitter_misc":{"Escrito por":"Redacci\u00f3 \/ Ag\u00e8ncies","Tiempo de lectura":"3 minutos"},"schema":{"@context":"https:\/\/schema.org","@graph":[{"@type":"NewsArticle","@id":"https:\/\/www.eltriangle.eu\/es\/2024\/07\/29\/amnistian-los-exregidores-de-pineda-condenados-por-coacciones-a-un-hotelero-para-que-echara-policias-nacionales-en-2017\/#article","isPartOf":{"@id":"https:\/\/www.eltriangle.eu\/es\/2024\/07\/29\/amnistian-los-exregidores-de-pineda-condenados-por-coacciones-a-un-hotelero-para-que-echara-policias-nacionales-en-2017\/"},"author":{"name":"Redacci\u00f3 \/ Ag\u00e8ncies","@id":"https:\/\/www.eltriangle.eu\/es\/#\/schema\/person\/64856baeb85b6977ea0d14f347aa650f"},"headline":"Amnist\u00edan los exregidores de Pineda condenados por coacciones a un hotelero para que echara polic\u00edas nacionales","datePublished":"2024-07-29T06:00:10+00:00","dateModified":"2024-07-29T10:01:27+00:00","mainEntityOfPage":{"@id":"https:\/\/www.eltriangle.eu\/es\/2024\/07\/29\/amnistian-los-exregidores-de-pineda-condenados-por-coacciones-a-un-hotelero-para-que-echara-policias-nacionales-en-2017\/"},"wordCount":540,"commentCount":0,"publisher":{"@id":"https:\/\/www.eltriangle.eu\/es\/#organization"},"image":{"@id":"https:\/\/www.eltriangle.eu\/es\/2024\/07\/29\/amnistian-los-exregidores-de-pineda-condenados-por-coacciones-a-un-hotelero-para-que-echara-policias-nacionales-en-2017\/#primaryimage"},"thumbnailUrl":"https:\/\/www.eltriangle.eu\/wp-content\/uploads\/2020\/11\/20171003031355-ko4d-u431767471380mwe-992x558-lavanguardia-web-55155.jpeg","keywords":["1-O","Carme Aragon\u00e8s","Jordi Masnou","llei d'amnistia","Pineda"],"articleSection":["Actualidad","Poderes"],"inLanguage":"es","potentialAction":[{"@type":"CommentAction","name":"Comment","target":["https:\/\/www.eltriangle.eu\/es\/2024\/07\/29\/amnistian-los-exregidores-de-pineda-condenados-por-coacciones-a-un-hotelero-para-que-echara-policias-nacionales-en-2017\/#respond"]}]},{"@type":"WebPage","@id":"https:\/\/www.eltriangle.eu\/es\/2024\/07\/29\/amnistian-los-exregidores-de-pineda-condenados-por-coacciones-a-un-hotelero-para-que-echara-policias-nacionales-en-2017\/","url":"https:\/\/www.eltriangle.eu\/es\/2024\/07\/29\/amnistian-los-exregidores-de-pineda-condenados-por-coacciones-a-un-hotelero-para-que-echara-policias-nacionales-en-2017\/","name":"Amnist\u00edan los exregidores de Pineda condenados por coacciones a un hotelero para que echara polic\u00edas nacionales - El Triangle","isPartOf":{"@id":"https:\/\/www.eltriangle.eu\/es\/#website"},"primaryImageOfPage":{"@id":"https:\/\/www.eltriangle.eu\/es\/2024\/07\/29\/amnistian-los-exregidores-de-pineda-condenados-por-coacciones-a-un-hotelero-para-que-echara-policias-nacionales-en-2017\/#primaryimage"},"image":{"@id":"https:\/\/www.eltriangle.eu\/es\/2024\/07\/29\/amnistian-los-exregidores-de-pineda-condenados-por-coacciones-a-un-hotelero-para-que-echara-policias-nacionales-en-2017\/#primaryimage"},"thumbnailUrl":"https:\/\/www.eltriangle.eu\/wp-content\/uploads\/2020\/11\/20171003031355-ko4d-u431767471380mwe-992x558-lavanguardia-web-55155.jpeg","datePublished":"2024-07-29T06:00:10+00:00","dateModified":"2024-07-29T10:01:27+00:00","description":"La Audiencia de Barcelona ha acordado aplicar la amnist\u00eda a los dos exregidores del PSC de Pineda de Mar (Barcelona) que hab\u00edan sido condenados a un a\u00f1o","breadcrumb":{"@id":"https:\/\/www.eltriangle.eu\/es\/2024\/07\/29\/amnistian-los-exregidores-de-pineda-condenados-por-coacciones-a-un-hotelero-para-que-echara-policias-nacionales-en-2017\/#breadcrumb"},"inLanguage":"es","potentialAction":[{"@type":"ReadAction","target":["https:\/\/www.eltriangle.eu\/es\/2024\/07\/29\/amnistian-los-exregidores-de-pineda-condenados-por-coacciones-a-un-hotelero-para-que-echara-policias-nacionales-en-2017\/"]}]},{"@type":"ImageObject","inLanguage":"es","@id":"https:\/\/www.eltriangle.eu\/es\/2024\/07\/29\/amnistian-los-exregidores-de-pineda-condenados-por-coacciones-a-un-hotelero-para-que-echara-policias-nacionales-en-2017\/#primaryimage","url":"https:\/\/www.eltriangle.eu\/wp-content\/uploads\/2020\/11\/20171003031355-ko4d-u431767471380mwe-992x558-lavanguardia-web-55155.jpeg","contentUrl":"https:\/\/www.eltriangle.eu\/wp-content\/uploads\/2020\/11\/20171003031355-ko4d-u431767471380mwe-992x558-lavanguardia-web-55155.jpeg","width":807,"height":459,"caption":"Policia Nacional hotel Pineda de Mar"},{"@type":"BreadcrumbList","@id":"https:\/\/www.eltriangle.eu\/es\/2024\/07\/29\/amnistian-los-exregidores-de-pineda-condenados-por-coacciones-a-un-hotelero-para-que-echara-policias-nacionales-en-2017\/#breadcrumb","itemListElement":[{"@type":"ListItem","position":1,"name":"Portada","item":"https:\/\/www.eltriangle.eu\/es\/"},{"@type":"ListItem","position":2,"name":"Amnist\u00edan los exregidores de Pineda condenados por coacciones a un hotelero para que echara polic\u00edas nacionales"}]},{"@type":"WebSite","@id":"https:\/\/www.eltriangle.eu\/es\/#website","url":"https:\/\/www.eltriangle.eu\/es\/","name":"El Triangle","description":"El Triangle \u00e9s un Diari d&#039;informaci\u00f3 general, editat a Catalunya i escrit en llengua catalana, especialitzat en investigaci\u00f3 period\u00edstica","publisher":{"@id":"https:\/\/www.eltriangle.eu\/es\/#organization"},"potentialAction":[{"@type":"SearchAction","target":{"@type":"EntryPoint","urlTemplate":"https:\/\/www.eltriangle.eu\/es\/?s={search_term_string}"},"query-input":{"@type":"PropertyValueSpecification","valueRequired":true,"valueName":"search_term_string"}}],"inLanguage":"es"},{"@type":["Organization","NewsMediaOrganization"],"@id":"https:\/\/www.eltriangle.eu\/es\/#organization","name":"El Triangle","url":"https:\/\/www.eltriangle.eu\/es\/","logo":{"@type":"ImageObject","inLanguage":"es","@id":"https:\/\/www.eltriangle.eu\/es\/#\/schema\/logo\/image\/","url":"https:\/\/www.eltriangle.eu\/wp-content\/uploads\/2020\/11\/triangle_logo-ajustado.jpg","contentUrl":"https:\/\/www.eltriangle.eu\/wp-content\/uploads\/2020\/11\/triangle_logo-ajustado.jpg","width":521,"height":92,"caption":"El Triangle"},"image":{"@id":"https:\/\/www.eltriangle.eu\/es\/#\/schema\/logo\/image\/"},"sameAs":["https:\/\/www.facebook.com\/El-Triangle-Diari-101787399020302","https:\/\/x.com\/El_Triangle","https:\/\/www.youtube.com\/channel\/UCTIjmYEMYSpdGonuAgNhbcg"]},{"@type":"Person","@id":"https:\/\/www.eltriangle.eu\/es\/#\/schema\/person\/64856baeb85b6977ea0d14f347aa650f","name":"Redacci\u00f3 \/ Ag\u00e8ncies","image":{"@type":"ImageObject","inLanguage":"es","@id":"\/\/www.gravatar.com\/avatar\/351b28574babbd1ad908587a8fb19654?s=96&#038;r=g&#038;d=mm","url":"\/\/www.gravatar.com\/avatar\/351b28574babbd1ad908587a8fb19654?s=96&#038;r=g&#038;d=mm","contentUrl":"\/\/www.gravatar.com\/avatar\/351b28574babbd1ad908587a8fb19654?s=96&#038;r=g&#038;d=mm","caption":"Redacci\u00f3 \/ Ag\u00e8ncies"},"url":"https:\/\/www.eltriangle.eu\/es\/author\/redaccioagencies\/"},{"@type":"SiteNavigationElement","@id":"https:\/\/www.eltriangle.eu\/es\/#site-navigation","cssSelector":[".cib-main-menu"]},{"@type":"WPHeader","@id":"https:\/\/www.eltriangle.eu\/es\/#header","cssSelector":[".cib-header"]},{"@type":"WPFooter","@id":"https:\/\/www.eltriangle.eu\/es\/#footer","cssSelector":[".cib-footer"]}]}},"amp_enabled":true,"_links":{"self":[{"href":"https:\/\/www.eltriangle.eu\/es\/wp-json\/wp\/v2\/posts\/272793","targetHints":{"allow":["GET"]}}],"collection":[{"href":"https:\/\/www.eltriangle.eu\/es\/wp-json\/wp\/v2\/posts"}],"about":[{"href":"https:\/\/www.eltriangle.eu\/es\/wp-json\/wp\/v2\/types\/post"}],"author":[{"embeddable":true,"href":"https:\/\/www.eltriangle.eu\/es\/wp-json\/wp\/v2\/users\/190"}],"replies":[{"embeddable":true,"href":"https:\/\/www.eltriangle.eu\/es\/wp-json\/wp\/v2\/comments?post=272793"}],"version-history":[{"count":0,"href":"https:\/\/www.eltriangle.eu\/es\/wp-json\/wp\/v2\/posts\/272793\/revisions"}],"wp:featuredmedia":[{"embeddable":true,"href":"https:\/\/www.eltriangle.eu\/es\/wp-json\/wp\/v2\/media\/25626"}],"wp:attachment":[{"href":"https:\/\/www.eltriangle.eu\/es\/wp-json\/wp\/v2\/media?parent=272793"}],"wp:term":[{"taxonomy":"category","embeddable":true,"href":"https:\/\/www.eltriangle.eu\/es\/wp-json\/wp\/v2\/categories?post=272793"},{"taxonomy":"post_tag","embeddable":true,"href":"https:\/\/www.eltriangle.eu\/es\/wp-json\/wp\/v2\/tags?post=272793"}],"curies":[{"name":"wp","href":"https:\/\/api.w.org\/{rel}","templated":true}]}}