{"id":272154,"date":"2024-07-23T11:25:34","date_gmt":"2024-07-23T09:25:34","guid":{"rendered":null},"modified":"2024-07-23T21:14:57","modified_gmt":"2024-07-23T19:14:57","slug":"junts-vota-en-contra-de-la-senda-fiscal-y-avisa-sanchez-que-no-puede-contar-con-sus-votos-para-los-presupuestos","status":"publish","type":"post","link":"https:\/\/www.eltriangle.eu\/es\/2024\/07\/23\/junts-vota-en-contra-de-la-senda-fiscal-y-avisa-sanchez-que-no-puede-contar-con-sus-votos-para-los-presupuestos\/","title":{"rendered":"Junts vota en contra de la senda fiscal y avisa S\u00e1nchez que \u00abno puede contar\u00bb con sus votos para los presupuestos"},"content":{"rendered":"<p>Junts ha anunciado este martes que votar\u00e1 en contra de los objetivos de estabilidad presupuestaria que el gobierno espa\u00f1ol ha presentado hoy en el Congreso, y que suponen el <strong>primer paso por la elaboraci\u00f3n de las cuentas estatales del 2025<\/strong>.<\/p>\n<p>\u00abNos encontramos ante un gobierno que no quiere entender que no tiene mayor\u00eda absoluta en el hemiciclo y que necesita otros grupos, en este caso, de los siete votos de Junts para salir adelante sus iniciativas. Mientras no cambie el d\u00e9ficit de ejecuci\u00f3n de los presupuestos que tanto perjudica Catalu\u00f1a el gobierno no puede contar con los votos de Junts por la tramitaci\u00f3n de los PGE 2025. Hoy votaremos en contra a los objetivos\u00bb, ha afirmado el diputado de Junts <strong>Josep Maria Cruset<\/strong>pre desde el patio de la c\u00e1mara baja.<\/p>\n<p>Por otro lado, <strong>el Congreso de los Diputados ha descartado este martes la toma en consideraci\u00f3n de la reforma de la ley de extranjer\u00eda<\/strong> propuesta por el PSOE, Sumar y Coalici\u00f3n Canaria (CC) que establec\u00eda un nuevo sistema de reparto de los menores migrantes que hay en Ceuta, Melilla y las Islas Canarias. La iniciativa ha deca\u00eddo finalmente con 177 votos en contra del PP, Vox y Juntos y 171 votos favorables de los grupos proponentes y formaciones soberanistas y de izquierdas como Podemos, ERC o EH Bildu.<\/p>\n","protected":false},"excerpt":{"rendered":"<p>Junts ha anunciado este martes que votar\u00e1 en contra de los objetivos de estabilidad presupuestaria que el gobierno espa\u00f1ol ha presentado hoy en el Congreso, y que suponen el primer paso por la elaboraci\u00f3n de las cuentas estatales del 2025. \u00abNos encontramos ante un gobierno que no quiere entender que no tiene mayor\u00eda absoluta en &#8230; <a title=\"Junts vota en contra de la senda fiscal y avisa S\u00e1nchez que \u00abno puede contar\u00bb con sus votos para los presupuestos\" class=\"read-more\" href=\"https:\/\/www.eltriangle.eu\/es\/2024\/07\/23\/junts-vota-en-contra-de-la-senda-fiscal-y-avisa-sanchez-que-no-puede-contar-con-sus-votos-para-los-presupuestos\/\" aria-label=\"Leer m\u00e1s sobre Junts vota en contra de la senda fiscal y avisa S\u00e1nchez que \u00abno puede contar\u00bb con sus votos para los presupuestos\">Leer m\u00e1s<\/a><\/p>\n","protected":false},"author":97,"featured_media":213469,"comment_status":"open","ping_status":"closed","sticky":false,"template":"","format":"standard","meta":{"_acf_changed":false,"pmpro_default_level":"","footnotes":""},"categories":[24,74],"tags":[601,3957],"class_list":["post-272154","post","type-post","status-publish","format-standard","has-post-thumbnail","hentry","category-actualidad","category-poderes","tag-junts-es","tag-pressupostos-generals-de-lestat-es","lh_instant_articles-syndicate-yes","pmpro-has-access"],"acf":[],"yoast_head":"<!-- This site is optimized with the Yoast SEO plugin v27.4 - https:\/\/yoast.com\/product\/yoast-seo-wordpress\/ -->\n<title>Junts vota en contra de la senda fiscal y avisa S\u00e1nchez que &quot;no puede contar&quot; con sus votos para los presupuestos - El Triangle<\/title>\n<meta name=\"description\" content=\"Junts ha anunciado este martes que votar\u00e1 en contra de los objetivos de estabilidad presupuestaria que el gobierno espa\u00f1ol ha presentado hoy en el\" class=\"yoast-seo-meta-tag\" \/>\n<meta name=\"robots\" content=\"index, follow, max-snippet:-1, max-image-preview:large, max-video-preview:-1\" \/>\n<link rel=\"canonical\" href=\"https:\/\/www.eltriangle.eu\/es\/2024\/07\/23\/junts-vota-en-contra-de-la-senda-fiscal-y-avisa-sanchez-que-no-puede-contar-con-sus-votos-para-los-presupuestos\/\" class=\"yoast-seo-meta-tag\" \/>\n<meta property=\"og:locale\" content=\"es_ES\" class=\"yoast-seo-meta-tag\" \/>\n<meta property=\"og:type\" content=\"article\" class=\"yoast-seo-meta-tag\" \/>\n<meta property=\"og:title\" content=\"Junts vota en contra de la senda fiscal y avisa S\u00e1nchez que &quot;no puede contar&quot; con sus votos para los presupuestos - El Triangle\" class=\"yoast-seo-meta-tag\" \/>\n<meta property=\"og:description\" content=\"Junts ha anunciado este martes que votar\u00e1 en contra de los objetivos de estabilidad presupuestaria que el gobierno espa\u00f1ol ha presentado hoy en el\" class=\"yoast-seo-meta-tag\" \/>\n<meta property=\"og:url\" content=\"https:\/\/www.eltriangle.eu\/es\/2024\/07\/23\/junts-vota-en-contra-de-la-senda-fiscal-y-avisa-sanchez-que-no-puede-contar-con-sus-votos-para-los-presupuestos\/\" class=\"yoast-seo-meta-tag\" \/>\n<meta property=\"og:site_name\" content=\"El Triangle\" class=\"yoast-seo-meta-tag\" \/>\n<meta property=\"article:publisher\" content=\"https:\/\/www.facebook.com\/El-Triangle-Diari-101787399020302\" class=\"yoast-seo-meta-tag\" \/>\n<meta property=\"article:published_time\" content=\"2024-07-23T09:25:34+00:00\" class=\"yoast-seo-meta-tag\" \/>\n<meta property=\"article:modified_time\" content=\"2024-07-23T19:14:57+00:00\" class=\"yoast-seo-meta-tag\" \/>\n<meta property=\"og:image\" content=\"https:\/\/www.eltriangle.eu\/wp-content\/uploads\/2023\/08\/7c1e78cc-5f51-4369-9ea4-71da5df573dd.jpg\" class=\"yoast-seo-meta-tag\" \/>\n\t<meta property=\"og:image:width\" content=\"1200\" class=\"yoast-seo-meta-tag\" \/>\n\t<meta property=\"og:image:height\" content=\"787\" class=\"yoast-seo-meta-tag\" \/>\n\t<meta property=\"og:image:type\" content=\"image\/jpeg\" class=\"yoast-seo-meta-tag\" \/>\n<meta name=\"author\" content=\"xavier\" class=\"yoast-seo-meta-tag\" \/>\n<meta name=\"twitter:card\" content=\"summary_large_image\" class=\"yoast-seo-meta-tag\" \/>\n<meta name=\"twitter:creator\" content=\"@El_Triangle\" class=\"yoast-seo-meta-tag\" \/>\n<meta name=\"twitter:site\" content=\"@El_Triangle\" class=\"yoast-seo-meta-tag\" \/>\n<meta name=\"twitter:label1\" content=\"Escrito por\" class=\"yoast-seo-meta-tag\" \/>\n\t<meta name=\"twitter:data1\" content=\"xavier\" class=\"yoast-seo-meta-tag\" \/>\n\t<meta name=\"twitter:label2\" content=\"Tiempo de lectura\" class=\"yoast-seo-meta-tag\" \/>\n\t<meta name=\"twitter:data2\" content=\"1 minuto\" class=\"yoast-seo-meta-tag\" \/>\n<script type=\"application\/ld+json\" class=\"yoast-schema-graph\">{\"@context\":\"https:\\\/\\\/schema.org\",\"@graph\":[{\"@type\":\"NewsArticle\",\"@id\":\"https:\\\/\\\/www.eltriangle.eu\\\/es\\\/2024\\\/07\\\/23\\\/junts-vota-en-contra-de-la-senda-fiscal-y-avisa-sanchez-que-no-puede-contar-con-sus-votos-para-los-presupuestos\\\/#article\",\"isPartOf\":{\"@id\":\"https:\\\/\\\/www.eltriangle.eu\\\/es\\\/2024\\\/07\\\/23\\\/junts-vota-en-contra-de-la-senda-fiscal-y-avisa-sanchez-que-no-puede-contar-con-sus-votos-para-los-presupuestos\\\/\"},\"author\":{\"name\":\"xavier\",\"@id\":\"https:\\\/\\\/www.eltriangle.eu\\\/es\\\/#\\\/schema\\\/person\\\/df9cb61ef0b061092c35cf7a8636dfc6\"},\"headline\":\"Junts vota en contra de la senda fiscal y avisa S\u00e1nchez que \u00abno puede contar\u00bb con sus votos para los presupuestos\",\"datePublished\":\"2024-07-23T09:25:34+00:00\",\"dateModified\":\"2024-07-23T19:14:57+00:00\",\"mainEntityOfPage\":{\"@id\":\"https:\\\/\\\/www.eltriangle.eu\\\/es\\\/2024\\\/07\\\/23\\\/junts-vota-en-contra-de-la-senda-fiscal-y-avisa-sanchez-que-no-puede-contar-con-sus-votos-para-los-presupuestos\\\/\"},\"wordCount\":249,\"commentCount\":0,\"publisher\":{\"@id\":\"https:\\\/\\\/www.eltriangle.eu\\\/es\\\/#organization\"},\"image\":{\"@id\":\"https:\\\/\\\/www.eltriangle.eu\\\/es\\\/2024\\\/07\\\/23\\\/junts-vota-en-contra-de-la-senda-fiscal-y-avisa-sanchez-que-no-puede-contar-con-sus-votos-para-los-presupuestos\\\/#primaryimage\"},\"thumbnailUrl\":\"https:\\\/\\\/www.eltriangle.eu\\\/wp-content\\\/uploads\\\/2023\\\/08\\\/7c1e78cc-5f51-4369-9ea4-71da5df573dd.jpg\",\"keywords\":[\"Junts\",\"pressupostos generals de l'Estat\"],\"articleSection\":[\"Actualidad\",\"Poderes\"],\"inLanguage\":\"es\",\"potentialAction\":[{\"@type\":\"CommentAction\",\"name\":\"Comment\",\"target\":[\"https:\\\/\\\/www.eltriangle.eu\\\/es\\\/2024\\\/07\\\/23\\\/junts-vota-en-contra-de-la-senda-fiscal-y-avisa-sanchez-que-no-puede-contar-con-sus-votos-para-los-presupuestos\\\/#respond\"]}]},{\"@type\":\"WebPage\",\"@id\":\"https:\\\/\\\/www.eltriangle.eu\\\/es\\\/2024\\\/07\\\/23\\\/junts-vota-en-contra-de-la-senda-fiscal-y-avisa-sanchez-que-no-puede-contar-con-sus-votos-para-los-presupuestos\\\/\",\"url\":\"https:\\\/\\\/www.eltriangle.eu\\\/es\\\/2024\\\/07\\\/23\\\/junts-vota-en-contra-de-la-senda-fiscal-y-avisa-sanchez-que-no-puede-contar-con-sus-votos-para-los-presupuestos\\\/\",\"name\":\"Junts vota en contra de la senda fiscal y avisa S\u00e1nchez que \\\"no puede contar\\\" con sus votos para los presupuestos - El Triangle\",\"isPartOf\":{\"@id\":\"https:\\\/\\\/www.eltriangle.eu\\\/es\\\/#website\"},\"primaryImageOfPage\":{\"@id\":\"https:\\\/\\\/www.eltriangle.eu\\\/es\\\/2024\\\/07\\\/23\\\/junts-vota-en-contra-de-la-senda-fiscal-y-avisa-sanchez-que-no-puede-contar-con-sus-votos-para-los-presupuestos\\\/#primaryimage\"},\"image\":{\"@id\":\"https:\\\/\\\/www.eltriangle.eu\\\/es\\\/2024\\\/07\\\/23\\\/junts-vota-en-contra-de-la-senda-fiscal-y-avisa-sanchez-que-no-puede-contar-con-sus-votos-para-los-presupuestos\\\/#primaryimage\"},\"thumbnailUrl\":\"https:\\\/\\\/www.eltriangle.eu\\\/wp-content\\\/uploads\\\/2023\\\/08\\\/7c1e78cc-5f51-4369-9ea4-71da5df573dd.jpg\",\"datePublished\":\"2024-07-23T09:25:34+00:00\",\"dateModified\":\"2024-07-23T19:14:57+00:00\",\"description\":\"Junts ha anunciado este martes que votar\u00e1 en contra de los objetivos de estabilidad presupuestaria que el gobierno espa\u00f1ol ha presentado hoy en el\",\"breadcrumb\":{\"@id\":\"https:\\\/\\\/www.eltriangle.eu\\\/es\\\/2024\\\/07\\\/23\\\/junts-vota-en-contra-de-la-senda-fiscal-y-avisa-sanchez-que-no-puede-contar-con-sus-votos-para-los-presupuestos\\\/#breadcrumb\"},\"inLanguage\":\"es\",\"potentialAction\":[{\"@type\":\"ReadAction\",\"target\":[\"https:\\\/\\\/www.eltriangle.eu\\\/es\\\/2024\\\/07\\\/23\\\/junts-vota-en-contra-de-la-senda-fiscal-y-avisa-sanchez-que-no-puede-contar-con-sus-votos-para-los-presupuestos\\\/\"]}]},{\"@type\":\"ImageObject\",\"inLanguage\":\"es\",\"@id\":\"https:\\\/\\\/www.eltriangle.eu\\\/es\\\/2024\\\/07\\\/23\\\/junts-vota-en-contra-de-la-senda-fiscal-y-avisa-sanchez-que-no-puede-contar-con-sus-votos-para-los-presupuestos\\\/#primaryimage\",\"url\":\"https:\\\/\\\/www.eltriangle.eu\\\/wp-content\\\/uploads\\\/2023\\\/08\\\/7c1e78cc-5f51-4369-9ea4-71da5df573dd.jpg\",\"contentUrl\":\"https:\\\/\\\/www.eltriangle.eu\\\/wp-content\\\/uploads\\\/2023\\\/08\\\/7c1e78cc-5f51-4369-9ea4-71da5df573dd.jpg\",\"width\":1200,\"height\":787,\"caption\":\"M\u00edriam Nogueras, diputada de Junts, en una intervenci\u00f3n en la sesi\u00f3n constitutiva de las Cortes Generales en el Congreso de los Diputados (ACN)\"},{\"@type\":\"BreadcrumbList\",\"@id\":\"https:\\\/\\\/www.eltriangle.eu\\\/es\\\/2024\\\/07\\\/23\\\/junts-vota-en-contra-de-la-senda-fiscal-y-avisa-sanchez-que-no-puede-contar-con-sus-votos-para-los-presupuestos\\\/#breadcrumb\",\"itemListElement\":[{\"@type\":\"ListItem\",\"position\":1,\"name\":\"Portada\",\"item\":\"https:\\\/\\\/www.eltriangle.eu\\\/es\\\/\"},{\"@type\":\"ListItem\",\"position\":2,\"name\":\"Junts vota en contra de la senda fiscal y avisa S\u00e1nchez que &#8220;no puede contar&#8221; con sus votos para los presupuestos\"}]},{\"@type\":\"WebSite\",\"@id\":\"https:\\\/\\\/www.eltriangle.eu\\\/es\\\/#website\",\"url\":\"https:\\\/\\\/www.eltriangle.eu\\\/es\\\/\",\"name\":\"El Triangle\",\"description\":\"El Triangle \u00e9s un Diari d&#039;informaci\u00f3 general, editat a Catalunya i escrit en llengua catalana, especialitzat en investigaci\u00f3 period\u00edstica\",\"publisher\":{\"@id\":\"https:\\\/\\\/www.eltriangle.eu\\\/es\\\/#organization\"},\"potentialAction\":[{\"@type\":\"SearchAction\",\"target\":{\"@type\":\"EntryPoint\",\"urlTemplate\":\"https:\\\/\\\/www.eltriangle.eu\\\/es\\\/?s={search_term_string}\"},\"query-input\":{\"@type\":\"PropertyValueSpecification\",\"valueRequired\":true,\"valueName\":\"search_term_string\"}}],\"inLanguage\":\"es\"},{\"@type\":[\"Organization\",\"NewsMediaOrganization\"],\"@id\":\"https:\\\/\\\/www.eltriangle.eu\\\/es\\\/#organization\",\"name\":\"El Triangle\",\"url\":\"https:\\\/\\\/www.eltriangle.eu\\\/es\\\/\",\"logo\":{\"@type\":\"ImageObject\",\"inLanguage\":\"es\",\"@id\":\"https:\\\/\\\/www.eltriangle.eu\\\/es\\\/#\\\/schema\\\/logo\\\/image\\\/\",\"url\":\"https:\\\/\\\/www.eltriangle.eu\\\/wp-content\\\/uploads\\\/2020\\\/11\\\/triangle_logo-ajustado.jpg\",\"contentUrl\":\"https:\\\/\\\/www.eltriangle.eu\\\/wp-content\\\/uploads\\\/2020\\\/11\\\/triangle_logo-ajustado.jpg\",\"width\":521,\"height\":92,\"caption\":\"El Triangle\"},\"image\":{\"@id\":\"https:\\\/\\\/www.eltriangle.eu\\\/es\\\/#\\\/schema\\\/logo\\\/image\\\/\"},\"sameAs\":[\"https:\\\/\\\/www.facebook.com\\\/El-Triangle-Diari-101787399020302\",\"https:\\\/\\\/x.com\\\/El_Triangle\",\"https:\\\/\\\/www.youtube.com\\\/channel\\\/UCTIjmYEMYSpdGonuAgNhbcg\"]},{\"@type\":\"Person\",\"@id\":\"https:\\\/\\\/www.eltriangle.eu\\\/es\\\/#\\\/schema\\\/person\\\/df9cb61ef0b061092c35cf7a8636dfc6\",\"name\":\"xavier\",\"image\":{\"@type\":\"ImageObject\",\"inLanguage\":\"es\",\"@id\":\"\\\/\\\/www.gravatar.com\\\/avatar\\\/70cc50ebe4287089b363a6a3c8fa3e72?s=96&#038;r=g&#038;d=mm\",\"url\":\"\\\/\\\/www.gravatar.com\\\/avatar\\\/70cc50ebe4287089b363a6a3c8fa3e72?s=96&#038;r=g&#038;d=mm\",\"contentUrl\":\"\\\/\\\/www.gravatar.com\\\/avatar\\\/70cc50ebe4287089b363a6a3c8fa3e72?s=96&#038;r=g&#038;d=mm\",\"caption\":\"xavier\"},\"url\":\"https:\\\/\\\/www.eltriangle.eu\\\/es\\\/author\\\/xavier\\\/\"},{\"@type\":\"SiteNavigationElement\",\"@id\":\"https:\\\/\\\/www.eltriangle.eu\\\/es\\\/#site-navigation\",\"cssSelector\":[\".cib-main-menu\"]},{\"@type\":\"WPHeader\",\"@id\":\"https:\\\/\\\/www.eltriangle.eu\\\/es\\\/#header\",\"cssSelector\":[\".cib-header\"]},{\"@type\":\"WPFooter\",\"@id\":\"https:\\\/\\\/www.eltriangle.eu\\\/es\\\/#footer\",\"cssSelector\":[\".cib-footer\"]}]}<\/script>\n<!-- \/ Yoast SEO plugin. -->","yoast_head_json":{"title":"Junts vota en contra de la senda fiscal y avisa S\u00e1nchez que \"no puede contar\" con sus votos para los presupuestos - El Triangle","description":"Junts ha anunciado este martes que votar\u00e1 en contra de los objetivos de estabilidad presupuestaria que el gobierno espa\u00f1ol ha presentado hoy en el","robots":{"index":"index","follow":"follow","max-snippet":"max-snippet:-1","max-image-preview":"max-image-preview:large","max-video-preview":"max-video-preview:-1"},"canonical":"https:\/\/www.eltriangle.eu\/es\/2024\/07\/23\/junts-vota-en-contra-de-la-senda-fiscal-y-avisa-sanchez-que-no-puede-contar-con-sus-votos-para-los-presupuestos\/","og_locale":"es_ES","og_type":"article","og_title":"Junts vota en contra de la senda fiscal y avisa S\u00e1nchez que \"no puede contar\" con sus votos para los presupuestos - El Triangle","og_description":"Junts ha anunciado este martes que votar\u00e1 en contra de los objetivos de estabilidad presupuestaria que el gobierno espa\u00f1ol ha presentado hoy en el","og_url":"https:\/\/www.eltriangle.eu\/es\/2024\/07\/23\/junts-vota-en-contra-de-la-senda-fiscal-y-avisa-sanchez-que-no-puede-contar-con-sus-votos-para-los-presupuestos\/","og_site_name":"El Triangle","article_publisher":"https:\/\/www.facebook.com\/El-Triangle-Diari-101787399020302","article_published_time":"2024-07-23T09:25:34+00:00","article_modified_time":"2024-07-23T19:14:57+00:00","og_image":[{"width":1200,"height":787,"url":"https:\/\/www.eltriangle.eu\/wp-content\/uploads\/2023\/08\/7c1e78cc-5f51-4369-9ea4-71da5df573dd.jpg","type":"image\/jpeg"}],"author":"xavier","twitter_card":"summary_large_image","twitter_creator":"@El_Triangle","twitter_site":"@El_Triangle","twitter_misc":{"Escrito por":"xavier","Tiempo de lectura":"1 minuto"},"schema":{"@context":"https:\/\/schema.org","@graph":[{"@type":"NewsArticle","@id":"https:\/\/www.eltriangle.eu\/es\/2024\/07\/23\/junts-vota-en-contra-de-la-senda-fiscal-y-avisa-sanchez-que-no-puede-contar-con-sus-votos-para-los-presupuestos\/#article","isPartOf":{"@id":"https:\/\/www.eltriangle.eu\/es\/2024\/07\/23\/junts-vota-en-contra-de-la-senda-fiscal-y-avisa-sanchez-que-no-puede-contar-con-sus-votos-para-los-presupuestos\/"},"author":{"name":"xavier","@id":"https:\/\/www.eltriangle.eu\/es\/#\/schema\/person\/df9cb61ef0b061092c35cf7a8636dfc6"},"headline":"Junts vota en contra de la senda fiscal y avisa S\u00e1nchez que \u00abno puede contar\u00bb con sus votos para los presupuestos","datePublished":"2024-07-23T09:25:34+00:00","dateModified":"2024-07-23T19:14:57+00:00","mainEntityOfPage":{"@id":"https:\/\/www.eltriangle.eu\/es\/2024\/07\/23\/junts-vota-en-contra-de-la-senda-fiscal-y-avisa-sanchez-que-no-puede-contar-con-sus-votos-para-los-presupuestos\/"},"wordCount":249,"commentCount":0,"publisher":{"@id":"https:\/\/www.eltriangle.eu\/es\/#organization"},"image":{"@id":"https:\/\/www.eltriangle.eu\/es\/2024\/07\/23\/junts-vota-en-contra-de-la-senda-fiscal-y-avisa-sanchez-que-no-puede-contar-con-sus-votos-para-los-presupuestos\/#primaryimage"},"thumbnailUrl":"https:\/\/www.eltriangle.eu\/wp-content\/uploads\/2023\/08\/7c1e78cc-5f51-4369-9ea4-71da5df573dd.jpg","keywords":["Junts","pressupostos generals de l'Estat"],"articleSection":["Actualidad","Poderes"],"inLanguage":"es","potentialAction":[{"@type":"CommentAction","name":"Comment","target":["https:\/\/www.eltriangle.eu\/es\/2024\/07\/23\/junts-vota-en-contra-de-la-senda-fiscal-y-avisa-sanchez-que-no-puede-contar-con-sus-votos-para-los-presupuestos\/#respond"]}]},{"@type":"WebPage","@id":"https:\/\/www.eltriangle.eu\/es\/2024\/07\/23\/junts-vota-en-contra-de-la-senda-fiscal-y-avisa-sanchez-que-no-puede-contar-con-sus-votos-para-los-presupuestos\/","url":"https:\/\/www.eltriangle.eu\/es\/2024\/07\/23\/junts-vota-en-contra-de-la-senda-fiscal-y-avisa-sanchez-que-no-puede-contar-con-sus-votos-para-los-presupuestos\/","name":"Junts vota en contra de la senda fiscal y avisa S\u00e1nchez que \"no puede contar\" con sus votos para los presupuestos - El Triangle","isPartOf":{"@id":"https:\/\/www.eltriangle.eu\/es\/#website"},"primaryImageOfPage":{"@id":"https:\/\/www.eltriangle.eu\/es\/2024\/07\/23\/junts-vota-en-contra-de-la-senda-fiscal-y-avisa-sanchez-que-no-puede-contar-con-sus-votos-para-los-presupuestos\/#primaryimage"},"image":{"@id":"https:\/\/www.eltriangle.eu\/es\/2024\/07\/23\/junts-vota-en-contra-de-la-senda-fiscal-y-avisa-sanchez-que-no-puede-contar-con-sus-votos-para-los-presupuestos\/#primaryimage"},"thumbnailUrl":"https:\/\/www.eltriangle.eu\/wp-content\/uploads\/2023\/08\/7c1e78cc-5f51-4369-9ea4-71da5df573dd.jpg","datePublished":"2024-07-23T09:25:34+00:00","dateModified":"2024-07-23T19:14:57+00:00","description":"Junts ha anunciado este martes que votar\u00e1 en contra de los objetivos de estabilidad presupuestaria que el gobierno espa\u00f1ol ha presentado hoy en el","breadcrumb":{"@id":"https:\/\/www.eltriangle.eu\/es\/2024\/07\/23\/junts-vota-en-contra-de-la-senda-fiscal-y-avisa-sanchez-que-no-puede-contar-con-sus-votos-para-los-presupuestos\/#breadcrumb"},"inLanguage":"es","potentialAction":[{"@type":"ReadAction","target":["https:\/\/www.eltriangle.eu\/es\/2024\/07\/23\/junts-vota-en-contra-de-la-senda-fiscal-y-avisa-sanchez-que-no-puede-contar-con-sus-votos-para-los-presupuestos\/"]}]},{"@type":"ImageObject","inLanguage":"es","@id":"https:\/\/www.eltriangle.eu\/es\/2024\/07\/23\/junts-vota-en-contra-de-la-senda-fiscal-y-avisa-sanchez-que-no-puede-contar-con-sus-votos-para-los-presupuestos\/#primaryimage","url":"https:\/\/www.eltriangle.eu\/wp-content\/uploads\/2023\/08\/7c1e78cc-5f51-4369-9ea4-71da5df573dd.jpg","contentUrl":"https:\/\/www.eltriangle.eu\/wp-content\/uploads\/2023\/08\/7c1e78cc-5f51-4369-9ea4-71da5df573dd.jpg","width":1200,"height":787,"caption":"M\u00edriam Nogueras, diputada de Junts, en una intervenci\u00f3n en la sesi\u00f3n constitutiva de las Cortes Generales en el Congreso de los Diputados (ACN)"},{"@type":"BreadcrumbList","@id":"https:\/\/www.eltriangle.eu\/es\/2024\/07\/23\/junts-vota-en-contra-de-la-senda-fiscal-y-avisa-sanchez-que-no-puede-contar-con-sus-votos-para-los-presupuestos\/#breadcrumb","itemListElement":[{"@type":"ListItem","position":1,"name":"Portada","item":"https:\/\/www.eltriangle.eu\/es\/"},{"@type":"ListItem","position":2,"name":"Junts vota en contra de la senda fiscal y avisa S\u00e1nchez que &#8220;no puede contar&#8221; con sus votos para los presupuestos"}]},{"@type":"WebSite","@id":"https:\/\/www.eltriangle.eu\/es\/#website","url":"https:\/\/www.eltriangle.eu\/es\/","name":"El Triangle","description":"El Triangle \u00e9s un Diari d&#039;informaci\u00f3 general, editat a Catalunya i escrit en llengua catalana, especialitzat en investigaci\u00f3 period\u00edstica","publisher":{"@id":"https:\/\/www.eltriangle.eu\/es\/#organization"},"potentialAction":[{"@type":"SearchAction","target":{"@type":"EntryPoint","urlTemplate":"https:\/\/www.eltriangle.eu\/es\/?s={search_term_string}"},"query-input":{"@type":"PropertyValueSpecification","valueRequired":true,"valueName":"search_term_string"}}],"inLanguage":"es"},{"@type":["Organization","NewsMediaOrganization"],"@id":"https:\/\/www.eltriangle.eu\/es\/#organization","name":"El Triangle","url":"https:\/\/www.eltriangle.eu\/es\/","logo":{"@type":"ImageObject","inLanguage":"es","@id":"https:\/\/www.eltriangle.eu\/es\/#\/schema\/logo\/image\/","url":"https:\/\/www.eltriangle.eu\/wp-content\/uploads\/2020\/11\/triangle_logo-ajustado.jpg","contentUrl":"https:\/\/www.eltriangle.eu\/wp-content\/uploads\/2020\/11\/triangle_logo-ajustado.jpg","width":521,"height":92,"caption":"El Triangle"},"image":{"@id":"https:\/\/www.eltriangle.eu\/es\/#\/schema\/logo\/image\/"},"sameAs":["https:\/\/www.facebook.com\/El-Triangle-Diari-101787399020302","https:\/\/x.com\/El_Triangle","https:\/\/www.youtube.com\/channel\/UCTIjmYEMYSpdGonuAgNhbcg"]},{"@type":"Person","@id":"https:\/\/www.eltriangle.eu\/es\/#\/schema\/person\/df9cb61ef0b061092c35cf7a8636dfc6","name":"xavier","image":{"@type":"ImageObject","inLanguage":"es","@id":"\/\/www.gravatar.com\/avatar\/70cc50ebe4287089b363a6a3c8fa3e72?s=96&#038;r=g&#038;d=mm","url":"\/\/www.gravatar.com\/avatar\/70cc50ebe4287089b363a6a3c8fa3e72?s=96&#038;r=g&#038;d=mm","contentUrl":"\/\/www.gravatar.com\/avatar\/70cc50ebe4287089b363a6a3c8fa3e72?s=96&#038;r=g&#038;d=mm","caption":"xavier"},"url":"https:\/\/www.eltriangle.eu\/es\/author\/xavier\/"},{"@type":"SiteNavigationElement","@id":"https:\/\/www.eltriangle.eu\/es\/#site-navigation","cssSelector":[".cib-main-menu"]},{"@type":"WPHeader","@id":"https:\/\/www.eltriangle.eu\/es\/#header","cssSelector":[".cib-header"]},{"@type":"WPFooter","@id":"https:\/\/www.eltriangle.eu\/es\/#footer","cssSelector":[".cib-footer"]}]}},"amp_enabled":true,"_links":{"self":[{"href":"https:\/\/www.eltriangle.eu\/es\/wp-json\/wp\/v2\/posts\/272154","targetHints":{"allow":["GET"]}}],"collection":[{"href":"https:\/\/www.eltriangle.eu\/es\/wp-json\/wp\/v2\/posts"}],"about":[{"href":"https:\/\/www.eltriangle.eu\/es\/wp-json\/wp\/v2\/types\/post"}],"author":[{"embeddable":true,"href":"https:\/\/www.eltriangle.eu\/es\/wp-json\/wp\/v2\/users\/97"}],"replies":[{"embeddable":true,"href":"https:\/\/www.eltriangle.eu\/es\/wp-json\/wp\/v2\/comments?post=272154"}],"version-history":[{"count":0,"href":"https:\/\/www.eltriangle.eu\/es\/wp-json\/wp\/v2\/posts\/272154\/revisions"}],"wp:featuredmedia":[{"embeddable":true,"href":"https:\/\/www.eltriangle.eu\/es\/wp-json\/wp\/v2\/media\/213469"}],"wp:attachment":[{"href":"https:\/\/www.eltriangle.eu\/es\/wp-json\/wp\/v2\/media?parent=272154"}],"wp:term":[{"taxonomy":"category","embeddable":true,"href":"https:\/\/www.eltriangle.eu\/es\/wp-json\/wp\/v2\/categories?post=272154"},{"taxonomy":"post_tag","embeddable":true,"href":"https:\/\/www.eltriangle.eu\/es\/wp-json\/wp\/v2\/tags?post=272154"}],"curies":[{"name":"wp","href":"https:\/\/api.w.org\/{rel}","templated":true}]}}