{"id":270690,"date":"2024-07-11T08:00:30","date_gmt":"2024-07-11T06:00:30","guid":{"rendered":null},"modified":"2024-07-11T11:36:50","modified_gmt":"2024-07-11T09:36:50","slug":"primer-paso-del-parlament-para-reformar-su-reglamento-y-regular-el-voto-de-los-diputados-en-el-extranjero","status":"publish","type":"post","link":"https:\/\/www.eltriangle.eu\/es\/2024\/07\/11\/primer-paso-del-parlament-para-reformar-su-reglamento-y-regular-el-voto-de-los-diputados-en-el-extranjero\/","title":{"rendered":"Primer paso del Parlament para reformar su reglamento y regular el voto de los diputados en el extranjero"},"content":{"rendered":"<p>El <strong>Parlamento de Catalu\u00f1a<\/strong> ha aprobado tramitar por la v\u00eda r\u00e1pida la reforma del reglamento impulsada por <strong>PSC, Junts, ERC, Comuns Sumar y la CUP<\/strong>, para introducir nuevos supuestos de <strong>delegaci\u00f3n de voto<\/strong>, regular el <strong>voto telem\u00e1tico<\/strong>, flexibilizar el procedimiento para constituir los grupos parlamentarios y modificar la mayor\u00eda necesaria para aprobar las declaraciones institucionales del Parlamento catal\u00e1n.<\/p>\n<p>Aunque el reglamento todav\u00eda no se ha aprobado, los diputados de Junts establecidos en el extranjero <strong>Carles Puigdemont y Llu\u00eds Puig<\/strong> han participado en la votaci\u00f3n de este jueves a trav\u00e9s del voto delegado. La c\u00e1mara catalana tiene previsto aprobar definitivamente la reforma en el pleno del 25 de julio. La tramitaci\u00f3n expr\u00e9s se ha aprobado con los votos de los cinco grupos impulsores. El <strong>PPC<\/strong> y <strong>Vox<\/strong> han votado en contra y <strong>Alian\u00e7a Catalana<\/strong> se ha abstenido.<\/p>\n<p>Tras las decisiones del<strong> Tribunal Constitucional<\/strong> que tumbaron tanto el voto delegado como el telem\u00e1tico para los diputados en el exterior, la reforma del reglamento pretende blindar el voto a distancia y que tanto Puigdemont como Puig puedan votar. Concretamente, se quiere a\u00f1adir como supuesto para delegar el voto \u00absituaciones excepcionales debidamente justificadas <strong>a criterio de la Mesa<\/strong>\u00ab. Y tambi\u00e9n se a\u00f1ade que podr\u00e1n utilizar la delegaci\u00f3n los diputados que se encuentran en causas incluidas en la<strong> ley de amnist\u00eda<\/strong>.<\/p>\n<p>En cuanto a la adscripci\u00f3n de los diputados a los grupos, la propuesta de reforma permite que, dentro de los cinco primeros d\u00edas de cada per\u00edodo de sesiones, <strong>un diputado pueda cambiar de adscripci\u00f3n<\/strong> aunque los grupos ya est\u00e9n constituidos, recoge la ACN. Se trata de un sistema similar al del Congreso.<\/p>\n<p>Esto permitir\u00eda que alg\u00fan grupo parlamentario cediera diputados a la CUP para conformar grupo propio y que, despu\u00e9s, retornaran a la formaci\u00f3n original. As\u00ed, los cuatro diputados anticapitalistas abandonar\u00edan el grupo mixto que comparten con los dos de Alian\u00e7a Catalana.<\/p>\n<p>Por \u00faltimo, la propuesta tambi\u00e9n quiere modificar las mayor\u00edas necesarias para la aprobaci\u00f3n de las declaraciones institucionales del Parlamento de Catalu\u00f1a. Ahora hace falta unanimidad y se propone que sea suficiente el voto favorable de la presidencia de la c\u00e1mara y una mayor\u00eda calificada de dos tercios de la junta de portavoces.<\/p>\n<p>El PPC ya ha anunciado que llevar\u00e1 la reforma al <strong>Consejo de Garant\u00edas Estatutarias<\/strong> y Vox quiere a\u00f1adirse al escrito de los populares porque no pueden hacerlo solo.<\/p>\n","protected":false},"excerpt":{"rendered":"<p>El Parlamento de Catalu\u00f1a ha aprobado tramitar por la v\u00eda r\u00e1pida la reforma del reglamento impulsada por PSC, Junts, ERC, Comuns Sumar y la CUP, para introducir nuevos supuestos de delegaci\u00f3n de voto, regular el voto telem\u00e1tico, flexibilizar el procedimiento para constituir los grupos parlamentarios y modificar la mayor\u00eda necesaria para aprobar las declaraciones institucionales &#8230; <a title=\"Primer paso del Parlament para reformar su reglamento y regular el voto de los diputados en el extranjero\" class=\"read-more\" href=\"https:\/\/www.eltriangle.eu\/es\/2024\/07\/11\/primer-paso-del-parlament-para-reformar-su-reglamento-y-regular-el-voto-de-los-diputados-en-el-extranjero\/\" aria-label=\"Leer m\u00e1s sobre Primer paso del Parlament para reformar su reglamento y regular el voto de los diputados en el extranjero\">Leer m\u00e1s<\/a><\/p>\n","protected":false},"author":179,"featured_media":245239,"comment_status":"open","ping_status":"closed","sticky":false,"template":"","format":"standard","meta":{"_acf_changed":false,"pmpro_default_level":"","footnotes":""},"categories":[24,74],"tags":[4500,177,690,382],"class_list":["post-270690","post","type-post","status-publish","format-standard","has-post-thumbnail","hentry","category-actualidad","category-poderes","tag-carles-puigdemont-es-3","tag-carles-puigdemont-es","tag-lluis-puig-es","tag-parlament-de-catalunya-es","lh_instant_articles-syndicate-yes","pmpro-has-access"],"acf":[],"yoast_head":"<!-- This site is optimized with the Yoast SEO plugin v27.4 - https:\/\/yoast.com\/product\/yoast-seo-wordpress\/ -->\n<title>Primer paso del Parlament para reformar su reglamento y regular el voto de los diputados en el extranjero - El Triangle<\/title>\n<meta name=\"description\" content=\"El Parlamento de Catalu\u00f1a ha aprobado tramitar por la v\u00eda r\u00e1pida la reforma del reglamento impulsada por PSC, Junts, ERC, Comuns Sumar y la CUP, para\" class=\"yoast-seo-meta-tag\" \/>\n<meta name=\"robots\" content=\"index, follow, max-snippet:-1, max-image-preview:large, max-video-preview:-1\" \/>\n<link rel=\"canonical\" href=\"https:\/\/www.eltriangle.eu\/es\/2024\/07\/11\/primer-paso-del-parlament-para-reformar-su-reglamento-y-regular-el-voto-de-los-diputados-en-el-extranjero\/\" class=\"yoast-seo-meta-tag\" \/>\n<meta property=\"og:locale\" content=\"es_ES\" class=\"yoast-seo-meta-tag\" \/>\n<meta property=\"og:type\" content=\"article\" class=\"yoast-seo-meta-tag\" \/>\n<meta property=\"og:title\" content=\"Primer paso del Parlament para reformar su reglamento y regular el voto de los diputados en el extranjero - El Triangle\" class=\"yoast-seo-meta-tag\" \/>\n<meta property=\"og:description\" content=\"El Parlamento de Catalu\u00f1a ha aprobado tramitar por la v\u00eda r\u00e1pida la reforma del reglamento impulsada por PSC, Junts, ERC, Comuns Sumar y la CUP, para\" class=\"yoast-seo-meta-tag\" \/>\n<meta property=\"og:url\" content=\"https:\/\/www.eltriangle.eu\/es\/2024\/07\/11\/primer-paso-del-parlament-para-reformar-su-reglamento-y-regular-el-voto-de-los-diputados-en-el-extranjero\/\" class=\"yoast-seo-meta-tag\" \/>\n<meta property=\"og:site_name\" content=\"El Triangle\" class=\"yoast-seo-meta-tag\" \/>\n<meta property=\"article:publisher\" content=\"https:\/\/www.facebook.com\/El-Triangle-Diari-101787399020302\" class=\"yoast-seo-meta-tag\" \/>\n<meta property=\"article:published_time\" content=\"2024-07-11T06:00:30+00:00\" class=\"yoast-seo-meta-tag\" \/>\n<meta property=\"article:modified_time\" content=\"2024-07-11T09:36:50+00:00\" class=\"yoast-seo-meta-tag\" \/>\n<meta property=\"og:image\" content=\"https:\/\/www.eltriangle.eu\/wp-content\/uploads\/2024\/02\/parlament-de-catalunya-foto-parlament-de-catalunya-lali-puig.jpg\" class=\"yoast-seo-meta-tag\" \/>\n\t<meta property=\"og:image:width\" content=\"1200\" class=\"yoast-seo-meta-tag\" \/>\n\t<meta property=\"og:image:height\" content=\"800\" class=\"yoast-seo-meta-tag\" \/>\n\t<meta property=\"og:image:type\" content=\"image\/jpeg\" class=\"yoast-seo-meta-tag\" \/>\n<meta name=\"author\" content=\"Redacci\u00f3 \/ ACN\" class=\"yoast-seo-meta-tag\" \/>\n<meta name=\"twitter:card\" content=\"summary_large_image\" class=\"yoast-seo-meta-tag\" \/>\n<meta name=\"twitter:creator\" content=\"@El_Triangle\" class=\"yoast-seo-meta-tag\" \/>\n<meta name=\"twitter:site\" content=\"@El_Triangle\" class=\"yoast-seo-meta-tag\" \/>\n<meta name=\"twitter:label1\" content=\"Escrito por\" class=\"yoast-seo-meta-tag\" \/>\n\t<meta name=\"twitter:data1\" content=\"Redacci\u00f3 \/ ACN\" class=\"yoast-seo-meta-tag\" \/>\n\t<meta name=\"twitter:label2\" content=\"Tiempo de lectura\" class=\"yoast-seo-meta-tag\" \/>\n\t<meta name=\"twitter:data2\" content=\"2 minutos\" class=\"yoast-seo-meta-tag\" \/>\n<script type=\"application\/ld+json\" class=\"yoast-schema-graph\">{\"@context\":\"https:\\\/\\\/schema.org\",\"@graph\":[{\"@type\":\"NewsArticle\",\"@id\":\"https:\\\/\\\/www.eltriangle.eu\\\/es\\\/2024\\\/07\\\/11\\\/primer-paso-del-parlament-para-reformar-su-reglamento-y-regular-el-voto-de-los-diputados-en-el-extranjero\\\/#article\",\"isPartOf\":{\"@id\":\"https:\\\/\\\/www.eltriangle.eu\\\/es\\\/2024\\\/07\\\/11\\\/primer-paso-del-parlament-para-reformar-su-reglamento-y-regular-el-voto-de-los-diputados-en-el-extranjero\\\/\"},\"author\":{\"name\":\"Redacci\u00f3 \\\/ ACN\",\"@id\":\"https:\\\/\\\/www.eltriangle.eu\\\/es\\\/#\\\/schema\\\/person\\\/6e5938f06dd4dcd413779558fbf437d9\"},\"headline\":\"Primer paso del Parlament para reformar su reglamento y regular el voto de los diputados en el extranjero\",\"datePublished\":\"2024-07-11T06:00:30+00:00\",\"dateModified\":\"2024-07-11T09:36:50+00:00\",\"mainEntityOfPage\":{\"@id\":\"https:\\\/\\\/www.eltriangle.eu\\\/es\\\/2024\\\/07\\\/11\\\/primer-paso-del-parlament-para-reformar-su-reglamento-y-regular-el-voto-de-los-diputados-en-el-extranjero\\\/\"},\"wordCount\":446,\"commentCount\":0,\"publisher\":{\"@id\":\"https:\\\/\\\/www.eltriangle.eu\\\/es\\\/#organization\"},\"image\":{\"@id\":\"https:\\\/\\\/www.eltriangle.eu\\\/es\\\/2024\\\/07\\\/11\\\/primer-paso-del-parlament-para-reformar-su-reglamento-y-regular-el-voto-de-los-diputados-en-el-extranjero\\\/#primaryimage\"},\"thumbnailUrl\":\"https:\\\/\\\/www.eltriangle.eu\\\/wp-content\\\/uploads\\\/2024\\\/02\\\/parlament-de-catalunya-foto-parlament-de-catalunya-lali-puig.jpg\",\"keywords\":[\"Carles Puigdemont\",\"Carles Puigdemont\",\"Llu\u00eds Puig\",\"Parlament de Catalunya\"],\"articleSection\":[\"Actualidad\",\"Poderes\"],\"inLanguage\":\"es\",\"potentialAction\":[{\"@type\":\"CommentAction\",\"name\":\"Comment\",\"target\":[\"https:\\\/\\\/www.eltriangle.eu\\\/es\\\/2024\\\/07\\\/11\\\/primer-paso-del-parlament-para-reformar-su-reglamento-y-regular-el-voto-de-los-diputados-en-el-extranjero\\\/#respond\"]}]},{\"@type\":\"WebPage\",\"@id\":\"https:\\\/\\\/www.eltriangle.eu\\\/es\\\/2024\\\/07\\\/11\\\/primer-paso-del-parlament-para-reformar-su-reglamento-y-regular-el-voto-de-los-diputados-en-el-extranjero\\\/\",\"url\":\"https:\\\/\\\/www.eltriangle.eu\\\/es\\\/2024\\\/07\\\/11\\\/primer-paso-del-parlament-para-reformar-su-reglamento-y-regular-el-voto-de-los-diputados-en-el-extranjero\\\/\",\"name\":\"Primer paso del Parlament para reformar su reglamento y regular el voto de los diputados en el extranjero - El Triangle\",\"isPartOf\":{\"@id\":\"https:\\\/\\\/www.eltriangle.eu\\\/es\\\/#website\"},\"primaryImageOfPage\":{\"@id\":\"https:\\\/\\\/www.eltriangle.eu\\\/es\\\/2024\\\/07\\\/11\\\/primer-paso-del-parlament-para-reformar-su-reglamento-y-regular-el-voto-de-los-diputados-en-el-extranjero\\\/#primaryimage\"},\"image\":{\"@id\":\"https:\\\/\\\/www.eltriangle.eu\\\/es\\\/2024\\\/07\\\/11\\\/primer-paso-del-parlament-para-reformar-su-reglamento-y-regular-el-voto-de-los-diputados-en-el-extranjero\\\/#primaryimage\"},\"thumbnailUrl\":\"https:\\\/\\\/www.eltriangle.eu\\\/wp-content\\\/uploads\\\/2024\\\/02\\\/parlament-de-catalunya-foto-parlament-de-catalunya-lali-puig.jpg\",\"datePublished\":\"2024-07-11T06:00:30+00:00\",\"dateModified\":\"2024-07-11T09:36:50+00:00\",\"description\":\"El Parlamento de Catalu\u00f1a ha aprobado tramitar por la v\u00eda r\u00e1pida la reforma del reglamento impulsada por PSC, Junts, ERC, Comuns Sumar y la CUP, para\",\"breadcrumb\":{\"@id\":\"https:\\\/\\\/www.eltriangle.eu\\\/es\\\/2024\\\/07\\\/11\\\/primer-paso-del-parlament-para-reformar-su-reglamento-y-regular-el-voto-de-los-diputados-en-el-extranjero\\\/#breadcrumb\"},\"inLanguage\":\"es\",\"potentialAction\":[{\"@type\":\"ReadAction\",\"target\":[\"https:\\\/\\\/www.eltriangle.eu\\\/es\\\/2024\\\/07\\\/11\\\/primer-paso-del-parlament-para-reformar-su-reglamento-y-regular-el-voto-de-los-diputados-en-el-extranjero\\\/\"]}]},{\"@type\":\"ImageObject\",\"inLanguage\":\"es\",\"@id\":\"https:\\\/\\\/www.eltriangle.eu\\\/es\\\/2024\\\/07\\\/11\\\/primer-paso-del-parlament-para-reformar-su-reglamento-y-regular-el-voto-de-los-diputados-en-el-extranjero\\\/#primaryimage\",\"url\":\"https:\\\/\\\/www.eltriangle.eu\\\/wp-content\\\/uploads\\\/2024\\\/02\\\/parlament-de-catalunya-foto-parlament-de-catalunya-lali-puig.jpg\",\"contentUrl\":\"https:\\\/\\\/www.eltriangle.eu\\\/wp-content\\\/uploads\\\/2024\\\/02\\\/parlament-de-catalunya-foto-parlament-de-catalunya-lali-puig.jpg\",\"width\":1200,\"height\":800,\"caption\":\"Parlament de Catalunya - Foto Parlament de Catalunya, Lali Puig\"},{\"@type\":\"BreadcrumbList\",\"@id\":\"https:\\\/\\\/www.eltriangle.eu\\\/es\\\/2024\\\/07\\\/11\\\/primer-paso-del-parlament-para-reformar-su-reglamento-y-regular-el-voto-de-los-diputados-en-el-extranjero\\\/#breadcrumb\",\"itemListElement\":[{\"@type\":\"ListItem\",\"position\":1,\"name\":\"Portada\",\"item\":\"https:\\\/\\\/www.eltriangle.eu\\\/es\\\/\"},{\"@type\":\"ListItem\",\"position\":2,\"name\":\"Primer paso del Parlament para reformar su reglamento y regular el voto de los diputados en el extranjero\"}]},{\"@type\":\"WebSite\",\"@id\":\"https:\\\/\\\/www.eltriangle.eu\\\/es\\\/#website\",\"url\":\"https:\\\/\\\/www.eltriangle.eu\\\/es\\\/\",\"name\":\"El Triangle\",\"description\":\"El Triangle \u00e9s un Diari d&#039;informaci\u00f3 general, editat a Catalunya i escrit en llengua catalana, especialitzat en investigaci\u00f3 period\u00edstica\",\"publisher\":{\"@id\":\"https:\\\/\\\/www.eltriangle.eu\\\/es\\\/#organization\"},\"potentialAction\":[{\"@type\":\"SearchAction\",\"target\":{\"@type\":\"EntryPoint\",\"urlTemplate\":\"https:\\\/\\\/www.eltriangle.eu\\\/es\\\/?s={search_term_string}\"},\"query-input\":{\"@type\":\"PropertyValueSpecification\",\"valueRequired\":true,\"valueName\":\"search_term_string\"}}],\"inLanguage\":\"es\"},{\"@type\":[\"Organization\",\"NewsMediaOrganization\"],\"@id\":\"https:\\\/\\\/www.eltriangle.eu\\\/es\\\/#organization\",\"name\":\"El Triangle\",\"url\":\"https:\\\/\\\/www.eltriangle.eu\\\/es\\\/\",\"logo\":{\"@type\":\"ImageObject\",\"inLanguage\":\"es\",\"@id\":\"https:\\\/\\\/www.eltriangle.eu\\\/es\\\/#\\\/schema\\\/logo\\\/image\\\/\",\"url\":\"https:\\\/\\\/www.eltriangle.eu\\\/wp-content\\\/uploads\\\/2020\\\/11\\\/triangle_logo-ajustado.jpg\",\"contentUrl\":\"https:\\\/\\\/www.eltriangle.eu\\\/wp-content\\\/uploads\\\/2020\\\/11\\\/triangle_logo-ajustado.jpg\",\"width\":521,\"height\":92,\"caption\":\"El Triangle\"},\"image\":{\"@id\":\"https:\\\/\\\/www.eltriangle.eu\\\/es\\\/#\\\/schema\\\/logo\\\/image\\\/\"},\"sameAs\":[\"https:\\\/\\\/www.facebook.com\\\/El-Triangle-Diari-101787399020302\",\"https:\\\/\\\/x.com\\\/El_Triangle\",\"https:\\\/\\\/www.youtube.com\\\/channel\\\/UCTIjmYEMYSpdGonuAgNhbcg\"]},{\"@type\":\"Person\",\"@id\":\"https:\\\/\\\/www.eltriangle.eu\\\/es\\\/#\\\/schema\\\/person\\\/6e5938f06dd4dcd413779558fbf437d9\",\"name\":\"Redacci\u00f3 \\\/ ACN\",\"image\":{\"@type\":\"ImageObject\",\"inLanguage\":\"es\",\"@id\":\"\\\/\\\/www.gravatar.com\\\/avatar\\\/a5bc366245a614da74d9f8d49d1b53bf?s=96&#038;r=g&#038;d=mm\",\"url\":\"\\\/\\\/www.gravatar.com\\\/avatar\\\/a5bc366245a614da74d9f8d49d1b53bf?s=96&#038;r=g&#038;d=mm\",\"contentUrl\":\"\\\/\\\/www.gravatar.com\\\/avatar\\\/a5bc366245a614da74d9f8d49d1b53bf?s=96&#038;r=g&#038;d=mm\",\"caption\":\"Redacci\u00f3 \\\/ ACN\"},\"url\":\"https:\\\/\\\/www.eltriangle.eu\\\/es\\\/author\\\/redaccioacn\\\/\"},{\"@type\":\"SiteNavigationElement\",\"@id\":\"https:\\\/\\\/www.eltriangle.eu\\\/es\\\/#site-navigation\",\"cssSelector\":[\".cib-main-menu\"]},{\"@type\":\"WPHeader\",\"@id\":\"https:\\\/\\\/www.eltriangle.eu\\\/es\\\/#header\",\"cssSelector\":[\".cib-header\"]},{\"@type\":\"WPFooter\",\"@id\":\"https:\\\/\\\/www.eltriangle.eu\\\/es\\\/#footer\",\"cssSelector\":[\".cib-footer\"]}]}<\/script>\n<!-- \/ Yoast SEO plugin. -->","yoast_head_json":{"title":"Primer paso del Parlament para reformar su reglamento y regular el voto de los diputados en el extranjero - El Triangle","description":"El Parlamento de Catalu\u00f1a ha aprobado tramitar por la v\u00eda r\u00e1pida la reforma del reglamento impulsada por PSC, Junts, ERC, Comuns Sumar y la CUP, para","robots":{"index":"index","follow":"follow","max-snippet":"max-snippet:-1","max-image-preview":"max-image-preview:large","max-video-preview":"max-video-preview:-1"},"canonical":"https:\/\/www.eltriangle.eu\/es\/2024\/07\/11\/primer-paso-del-parlament-para-reformar-su-reglamento-y-regular-el-voto-de-los-diputados-en-el-extranjero\/","og_locale":"es_ES","og_type":"article","og_title":"Primer paso del Parlament para reformar su reglamento y regular el voto de los diputados en el extranjero - El Triangle","og_description":"El Parlamento de Catalu\u00f1a ha aprobado tramitar por la v\u00eda r\u00e1pida la reforma del reglamento impulsada por PSC, Junts, ERC, Comuns Sumar y la CUP, para","og_url":"https:\/\/www.eltriangle.eu\/es\/2024\/07\/11\/primer-paso-del-parlament-para-reformar-su-reglamento-y-regular-el-voto-de-los-diputados-en-el-extranjero\/","og_site_name":"El Triangle","article_publisher":"https:\/\/www.facebook.com\/El-Triangle-Diari-101787399020302","article_published_time":"2024-07-11T06:00:30+00:00","article_modified_time":"2024-07-11T09:36:50+00:00","og_image":[{"width":1200,"height":800,"url":"https:\/\/www.eltriangle.eu\/wp-content\/uploads\/2024\/02\/parlament-de-catalunya-foto-parlament-de-catalunya-lali-puig.jpg","type":"image\/jpeg"}],"author":"Redacci\u00f3 \/ ACN","twitter_card":"summary_large_image","twitter_creator":"@El_Triangle","twitter_site":"@El_Triangle","twitter_misc":{"Escrito por":"Redacci\u00f3 \/ ACN","Tiempo de lectura":"2 minutos"},"schema":{"@context":"https:\/\/schema.org","@graph":[{"@type":"NewsArticle","@id":"https:\/\/www.eltriangle.eu\/es\/2024\/07\/11\/primer-paso-del-parlament-para-reformar-su-reglamento-y-regular-el-voto-de-los-diputados-en-el-extranjero\/#article","isPartOf":{"@id":"https:\/\/www.eltriangle.eu\/es\/2024\/07\/11\/primer-paso-del-parlament-para-reformar-su-reglamento-y-regular-el-voto-de-los-diputados-en-el-extranjero\/"},"author":{"name":"Redacci\u00f3 \/ ACN","@id":"https:\/\/www.eltriangle.eu\/es\/#\/schema\/person\/6e5938f06dd4dcd413779558fbf437d9"},"headline":"Primer paso del Parlament para reformar su reglamento y regular el voto de los diputados en el extranjero","datePublished":"2024-07-11T06:00:30+00:00","dateModified":"2024-07-11T09:36:50+00:00","mainEntityOfPage":{"@id":"https:\/\/www.eltriangle.eu\/es\/2024\/07\/11\/primer-paso-del-parlament-para-reformar-su-reglamento-y-regular-el-voto-de-los-diputados-en-el-extranjero\/"},"wordCount":446,"commentCount":0,"publisher":{"@id":"https:\/\/www.eltriangle.eu\/es\/#organization"},"image":{"@id":"https:\/\/www.eltriangle.eu\/es\/2024\/07\/11\/primer-paso-del-parlament-para-reformar-su-reglamento-y-regular-el-voto-de-los-diputados-en-el-extranjero\/#primaryimage"},"thumbnailUrl":"https:\/\/www.eltriangle.eu\/wp-content\/uploads\/2024\/02\/parlament-de-catalunya-foto-parlament-de-catalunya-lali-puig.jpg","keywords":["Carles Puigdemont","Carles Puigdemont","Llu\u00eds Puig","Parlament de Catalunya"],"articleSection":["Actualidad","Poderes"],"inLanguage":"es","potentialAction":[{"@type":"CommentAction","name":"Comment","target":["https:\/\/www.eltriangle.eu\/es\/2024\/07\/11\/primer-paso-del-parlament-para-reformar-su-reglamento-y-regular-el-voto-de-los-diputados-en-el-extranjero\/#respond"]}]},{"@type":"WebPage","@id":"https:\/\/www.eltriangle.eu\/es\/2024\/07\/11\/primer-paso-del-parlament-para-reformar-su-reglamento-y-regular-el-voto-de-los-diputados-en-el-extranjero\/","url":"https:\/\/www.eltriangle.eu\/es\/2024\/07\/11\/primer-paso-del-parlament-para-reformar-su-reglamento-y-regular-el-voto-de-los-diputados-en-el-extranjero\/","name":"Primer paso del Parlament para reformar su reglamento y regular el voto de los diputados en el extranjero - El Triangle","isPartOf":{"@id":"https:\/\/www.eltriangle.eu\/es\/#website"},"primaryImageOfPage":{"@id":"https:\/\/www.eltriangle.eu\/es\/2024\/07\/11\/primer-paso-del-parlament-para-reformar-su-reglamento-y-regular-el-voto-de-los-diputados-en-el-extranjero\/#primaryimage"},"image":{"@id":"https:\/\/www.eltriangle.eu\/es\/2024\/07\/11\/primer-paso-del-parlament-para-reformar-su-reglamento-y-regular-el-voto-de-los-diputados-en-el-extranjero\/#primaryimage"},"thumbnailUrl":"https:\/\/www.eltriangle.eu\/wp-content\/uploads\/2024\/02\/parlament-de-catalunya-foto-parlament-de-catalunya-lali-puig.jpg","datePublished":"2024-07-11T06:00:30+00:00","dateModified":"2024-07-11T09:36:50+00:00","description":"El Parlamento de Catalu\u00f1a ha aprobado tramitar por la v\u00eda r\u00e1pida la reforma del reglamento impulsada por PSC, Junts, ERC, Comuns Sumar y la CUP, para","breadcrumb":{"@id":"https:\/\/www.eltriangle.eu\/es\/2024\/07\/11\/primer-paso-del-parlament-para-reformar-su-reglamento-y-regular-el-voto-de-los-diputados-en-el-extranjero\/#breadcrumb"},"inLanguage":"es","potentialAction":[{"@type":"ReadAction","target":["https:\/\/www.eltriangle.eu\/es\/2024\/07\/11\/primer-paso-del-parlament-para-reformar-su-reglamento-y-regular-el-voto-de-los-diputados-en-el-extranjero\/"]}]},{"@type":"ImageObject","inLanguage":"es","@id":"https:\/\/www.eltriangle.eu\/es\/2024\/07\/11\/primer-paso-del-parlament-para-reformar-su-reglamento-y-regular-el-voto-de-los-diputados-en-el-extranjero\/#primaryimage","url":"https:\/\/www.eltriangle.eu\/wp-content\/uploads\/2024\/02\/parlament-de-catalunya-foto-parlament-de-catalunya-lali-puig.jpg","contentUrl":"https:\/\/www.eltriangle.eu\/wp-content\/uploads\/2024\/02\/parlament-de-catalunya-foto-parlament-de-catalunya-lali-puig.jpg","width":1200,"height":800,"caption":"Parlament de Catalunya - Foto Parlament de Catalunya, Lali Puig"},{"@type":"BreadcrumbList","@id":"https:\/\/www.eltriangle.eu\/es\/2024\/07\/11\/primer-paso-del-parlament-para-reformar-su-reglamento-y-regular-el-voto-de-los-diputados-en-el-extranjero\/#breadcrumb","itemListElement":[{"@type":"ListItem","position":1,"name":"Portada","item":"https:\/\/www.eltriangle.eu\/es\/"},{"@type":"ListItem","position":2,"name":"Primer paso del Parlament para reformar su reglamento y regular el voto de los diputados en el extranjero"}]},{"@type":"WebSite","@id":"https:\/\/www.eltriangle.eu\/es\/#website","url":"https:\/\/www.eltriangle.eu\/es\/","name":"El Triangle","description":"El Triangle \u00e9s un Diari d&#039;informaci\u00f3 general, editat a Catalunya i escrit en llengua catalana, especialitzat en investigaci\u00f3 period\u00edstica","publisher":{"@id":"https:\/\/www.eltriangle.eu\/es\/#organization"},"potentialAction":[{"@type":"SearchAction","target":{"@type":"EntryPoint","urlTemplate":"https:\/\/www.eltriangle.eu\/es\/?s={search_term_string}"},"query-input":{"@type":"PropertyValueSpecification","valueRequired":true,"valueName":"search_term_string"}}],"inLanguage":"es"},{"@type":["Organization","NewsMediaOrganization"],"@id":"https:\/\/www.eltriangle.eu\/es\/#organization","name":"El Triangle","url":"https:\/\/www.eltriangle.eu\/es\/","logo":{"@type":"ImageObject","inLanguage":"es","@id":"https:\/\/www.eltriangle.eu\/es\/#\/schema\/logo\/image\/","url":"https:\/\/www.eltriangle.eu\/wp-content\/uploads\/2020\/11\/triangle_logo-ajustado.jpg","contentUrl":"https:\/\/www.eltriangle.eu\/wp-content\/uploads\/2020\/11\/triangle_logo-ajustado.jpg","width":521,"height":92,"caption":"El Triangle"},"image":{"@id":"https:\/\/www.eltriangle.eu\/es\/#\/schema\/logo\/image\/"},"sameAs":["https:\/\/www.facebook.com\/El-Triangle-Diari-101787399020302","https:\/\/x.com\/El_Triangle","https:\/\/www.youtube.com\/channel\/UCTIjmYEMYSpdGonuAgNhbcg"]},{"@type":"Person","@id":"https:\/\/www.eltriangle.eu\/es\/#\/schema\/person\/6e5938f06dd4dcd413779558fbf437d9","name":"Redacci\u00f3 \/ ACN","image":{"@type":"ImageObject","inLanguage":"es","@id":"\/\/www.gravatar.com\/avatar\/a5bc366245a614da74d9f8d49d1b53bf?s=96&#038;r=g&#038;d=mm","url":"\/\/www.gravatar.com\/avatar\/a5bc366245a614da74d9f8d49d1b53bf?s=96&#038;r=g&#038;d=mm","contentUrl":"\/\/www.gravatar.com\/avatar\/a5bc366245a614da74d9f8d49d1b53bf?s=96&#038;r=g&#038;d=mm","caption":"Redacci\u00f3 \/ ACN"},"url":"https:\/\/www.eltriangle.eu\/es\/author\/redaccioacn\/"},{"@type":"SiteNavigationElement","@id":"https:\/\/www.eltriangle.eu\/es\/#site-navigation","cssSelector":[".cib-main-menu"]},{"@type":"WPHeader","@id":"https:\/\/www.eltriangle.eu\/es\/#header","cssSelector":[".cib-header"]},{"@type":"WPFooter","@id":"https:\/\/www.eltriangle.eu\/es\/#footer","cssSelector":[".cib-footer"]}]}},"amp_enabled":true,"_links":{"self":[{"href":"https:\/\/www.eltriangle.eu\/es\/wp-json\/wp\/v2\/posts\/270690","targetHints":{"allow":["GET"]}}],"collection":[{"href":"https:\/\/www.eltriangle.eu\/es\/wp-json\/wp\/v2\/posts"}],"about":[{"href":"https:\/\/www.eltriangle.eu\/es\/wp-json\/wp\/v2\/types\/post"}],"author":[{"embeddable":true,"href":"https:\/\/www.eltriangle.eu\/es\/wp-json\/wp\/v2\/users\/179"}],"replies":[{"embeddable":true,"href":"https:\/\/www.eltriangle.eu\/es\/wp-json\/wp\/v2\/comments?post=270690"}],"version-history":[{"count":0,"href":"https:\/\/www.eltriangle.eu\/es\/wp-json\/wp\/v2\/posts\/270690\/revisions"}],"wp:featuredmedia":[{"embeddable":true,"href":"https:\/\/www.eltriangle.eu\/es\/wp-json\/wp\/v2\/media\/245239"}],"wp:attachment":[{"href":"https:\/\/www.eltriangle.eu\/es\/wp-json\/wp\/v2\/media?parent=270690"}],"wp:term":[{"taxonomy":"category","embeddable":true,"href":"https:\/\/www.eltriangle.eu\/es\/wp-json\/wp\/v2\/categories?post=270690"},{"taxonomy":"post_tag","embeddable":true,"href":"https:\/\/www.eltriangle.eu\/es\/wp-json\/wp\/v2\/tags?post=270690"}],"curies":[{"name":"wp","href":"https:\/\/api.w.org\/{rel}","templated":true}]}}