{"id":269194,"date":"2024-07-02T10:00:52","date_gmt":"2024-07-02T08:00:52","guid":{"rendered":null},"modified":"2024-07-02T12:06:05","modified_gmt":"2024-07-02T10:06:05","slug":"maragall-expresa-un-malestar-profundo-por-los-carteles-contra-el-y-apunta-al-exdircom-de-erc-tolo-moya","status":"publish","type":"post","link":"https:\/\/www.eltriangle.eu\/es\/2024\/07\/02\/maragall-expresa-un-malestar-profundo-por-los-carteles-contra-el-y-apunta-al-exdircom-de-erc-tolo-moya\/","title":{"rendered":"Maragall expresa un \u00abmalestar profundo\u00bb por los carteles contra \u00e9l y apunta al &#8216;exdircom&#8217; de ERC Tolo Moya"},"content":{"rendered":"<p>El excandidato de ERC a la alcald\u00eda de Barcelona <strong>Ernest Maragall<\/strong> ha explicado este martes, en <a href=\"https:\/\/x.com\/ernestmaragall\/status\/1808052690192146646\">una carta<\/a> publicada en la red social X, que sinti\u00f3 \u00abasombro y malestar profundo\u00bb cuando supo que los autores de los pol\u00e9micos carteles sobre el Alzheimer dirigidos en su contra estaban contratadas \u00abdesde alg\u00fan \u00e1mbito de responsabilidad interna\u00bb del partido.<\/p>\n<p>Maragall ha asegurado que pronto qued\u00f3 claro que el entonces director de comunicaci\u00f3n de ERC, <strong>Tolo Moya<\/strong>, era la persona que \u00abhab\u00eda tenido responsabilidad desde el punto de vista org\u00e1nico\u00bb, si bien no ha mencionado su nombre y solo se ha referido al cargo que ejerc\u00eda.<\/p>\n<p>Seg\u00fan ha relatado, el propio Moya le present\u00f3 sus excusas formales por \u00abfalta de control suficiente\u00bb. Maragall tambi\u00e9n ha explicado que, de parte de los abogados de los investigados, recibi\u00f3 reiteradas peticiones para cerrar la cuesti\u00f3n con una conciliaci\u00f3n, y que decidi\u00f3 que \u00ablo mejor era pedir el archivo de las actuaciones\u00bb para evitar que los hechos pudieran \u00abseguir causando sufrimiento in\u00fatil en mi entorno personal y familiar\u00bb.<\/p>\n<p>El tambi\u00e9n exconsejero ha expresado agradecimiento por las muestras de apoyo, pero tambi\u00e9n que sinti\u00f3 \u00ab<strong>verg\u00fcenza y horror<\/strong> por pertenecer, de alguna forma, a un pedazo de sociedad capaz de llevar a cabo actuaciones tan indecentes como la que hemos tenido que recibir y combatir\u00bb.<\/p>\n<p>El exalcaldable de ERC en Barcelona, \u200b\u200bsin embargo, se ha mostrado convencido de la \u00abindudable honestidad\u00bb del conjunto de la organizaci\u00f3n y ha asegurado que le consta \u00abla voluntad de la direcci\u00f3n actual por no cerrar en falso la cuesti\u00f3n \u00ab.<\/p>\n","protected":false},"excerpt":{"rendered":"<p>El excandidato de ERC a la alcald\u00eda de Barcelona Ernest Maragall ha explicado este martes, en una carta publicada en la red social X, que sinti\u00f3 \u00abasombro y malestar profundo\u00bb cuando supo que los autores de los pol\u00e9micos carteles sobre el Alzheimer dirigidos en su contra estaban contratadas \u00abdesde alg\u00fan \u00e1mbito de responsabilidad interna\u00bb del &#8230; <a title=\"Maragall expresa un \u00abmalestar profundo\u00bb por los carteles contra \u00e9l y apunta al &#8216;exdircom&#8217; de ERC Tolo Moya\" class=\"read-more\" href=\"https:\/\/www.eltriangle.eu\/es\/2024\/07\/02\/maragall-expresa-un-malestar-profundo-por-los-carteles-contra-el-y-apunta-al-exdircom-de-erc-tolo-moya\/\" aria-label=\"Leer m\u00e1s sobre Maragall expresa un \u00abmalestar profundo\u00bb por los carteles contra \u00e9l y apunta al &#8216;exdircom&#8217; de ERC Tolo Moya\">Leer m\u00e1s<\/a><\/p>\n","protected":false},"author":179,"featured_media":230318,"comment_status":"open","ping_status":"closed","sticky":false,"template":"","format":"standard","meta":{"_acf_changed":false,"pmpro_default_level":"","footnotes":""},"categories":[24,74],"tags":[145,522,4715],"class_list":["post-269194","post","type-post","status-publish","format-standard","has-post-thumbnail","hentry","category-actualidad","category-poderes","tag-erc-es","tag-ernest-maragall-es","tag-tolo-moya-es","lh_instant_articles-syndicate-yes","pmpro-has-access"],"acf":[],"yoast_head":"<!-- This site is optimized with the Yoast SEO plugin v27.4 - https:\/\/yoast.com\/product\/yoast-seo-wordpress\/ -->\n<title>Maragall expresa un &quot;malestar profundo&quot; por los carteles contra \u00e9l y apunta al &#039;exdircom&#039; de ERC Tolo Moya - El Triangle<\/title>\n<meta name=\"description\" content=\"El excandidato de ERC a la alcald\u00eda de Barcelona Ernest Maragall ha explicado este martes, en una carta publicada en la red social X, que sinti\u00f3 &quot;asombro\" class=\"yoast-seo-meta-tag\" \/>\n<meta name=\"robots\" content=\"index, follow, max-snippet:-1, max-image-preview:large, max-video-preview:-1\" \/>\n<link rel=\"canonical\" href=\"https:\/\/www.eltriangle.eu\/es\/2024\/07\/02\/maragall-expresa-un-malestar-profundo-por-los-carteles-contra-el-y-apunta-al-exdircom-de-erc-tolo-moya\/\" class=\"yoast-seo-meta-tag\" \/>\n<meta property=\"og:locale\" content=\"es_ES\" class=\"yoast-seo-meta-tag\" \/>\n<meta property=\"og:type\" content=\"article\" class=\"yoast-seo-meta-tag\" \/>\n<meta property=\"og:title\" content=\"Maragall expresa un &quot;malestar profundo&quot; por los carteles contra \u00e9l y apunta al &#039;exdircom&#039; de ERC Tolo Moya - El Triangle\" class=\"yoast-seo-meta-tag\" \/>\n<meta property=\"og:description\" content=\"El excandidato de ERC a la alcald\u00eda de Barcelona Ernest Maragall ha explicado este martes, en una carta publicada en la red social X, que sinti\u00f3 &quot;asombro\" class=\"yoast-seo-meta-tag\" \/>\n<meta property=\"og:url\" content=\"https:\/\/www.eltriangle.eu\/es\/2024\/07\/02\/maragall-expresa-un-malestar-profundo-por-los-carteles-contra-el-y-apunta-al-exdircom-de-erc-tolo-moya\/\" class=\"yoast-seo-meta-tag\" \/>\n<meta property=\"og:site_name\" content=\"El Triangle\" class=\"yoast-seo-meta-tag\" \/>\n<meta property=\"article:publisher\" content=\"https:\/\/www.facebook.com\/El-Triangle-Diari-101787399020302\" class=\"yoast-seo-meta-tag\" \/>\n<meta property=\"article:published_time\" content=\"2024-07-02T08:00:52+00:00\" class=\"yoast-seo-meta-tag\" \/>\n<meta property=\"article:modified_time\" content=\"2024-07-02T10:06:05+00:00\" class=\"yoast-seo-meta-tag\" \/>\n<meta property=\"og:image\" content=\"https:\/\/www.eltriangle.eu\/wp-content\/uploads\/2023\/11\/ernest-maragall.jpg\" class=\"yoast-seo-meta-tag\" \/>\n\t<meta property=\"og:image:width\" content=\"1200\" class=\"yoast-seo-meta-tag\" \/>\n\t<meta property=\"og:image:height\" content=\"800\" class=\"yoast-seo-meta-tag\" \/>\n\t<meta property=\"og:image:type\" content=\"image\/jpeg\" class=\"yoast-seo-meta-tag\" \/>\n<meta name=\"author\" content=\"Redacci\u00f3 \/ ACN\" class=\"yoast-seo-meta-tag\" \/>\n<meta name=\"twitter:card\" content=\"summary_large_image\" class=\"yoast-seo-meta-tag\" \/>\n<meta name=\"twitter:creator\" content=\"@El_Triangle\" class=\"yoast-seo-meta-tag\" \/>\n<meta name=\"twitter:site\" content=\"@El_Triangle\" class=\"yoast-seo-meta-tag\" \/>\n<meta name=\"twitter:label1\" content=\"Escrito por\" class=\"yoast-seo-meta-tag\" \/>\n\t<meta name=\"twitter:data1\" content=\"Redacci\u00f3 \/ ACN\" class=\"yoast-seo-meta-tag\" \/>\n\t<meta name=\"twitter:label2\" content=\"Tiempo de lectura\" class=\"yoast-seo-meta-tag\" \/>\n\t<meta name=\"twitter:data2\" content=\"1 minuto\" class=\"yoast-seo-meta-tag\" \/>\n<script type=\"application\/ld+json\" class=\"yoast-schema-graph\">{\"@context\":\"https:\\\/\\\/schema.org\",\"@graph\":[{\"@type\":\"NewsArticle\",\"@id\":\"https:\\\/\\\/www.eltriangle.eu\\\/es\\\/2024\\\/07\\\/02\\\/maragall-expresa-un-malestar-profundo-por-los-carteles-contra-el-y-apunta-al-exdircom-de-erc-tolo-moya\\\/#article\",\"isPartOf\":{\"@id\":\"https:\\\/\\\/www.eltriangle.eu\\\/es\\\/2024\\\/07\\\/02\\\/maragall-expresa-un-malestar-profundo-por-los-carteles-contra-el-y-apunta-al-exdircom-de-erc-tolo-moya\\\/\"},\"author\":{\"name\":\"Redacci\u00f3 \\\/ ACN\",\"@id\":\"https:\\\/\\\/www.eltriangle.eu\\\/es\\\/#\\\/schema\\\/person\\\/6e5938f06dd4dcd413779558fbf437d9\"},\"headline\":\"Maragall expresa un \u00abmalestar profundo\u00bb por los carteles contra \u00e9l y apunta al &#8216;exdircom&#8217; de ERC Tolo Moya\",\"datePublished\":\"2024-07-02T08:00:52+00:00\",\"dateModified\":\"2024-07-02T10:06:05+00:00\",\"mainEntityOfPage\":{\"@id\":\"https:\\\/\\\/www.eltriangle.eu\\\/es\\\/2024\\\/07\\\/02\\\/maragall-expresa-un-malestar-profundo-por-los-carteles-contra-el-y-apunta-al-exdircom-de-erc-tolo-moya\\\/\"},\"wordCount\":291,\"commentCount\":0,\"publisher\":{\"@id\":\"https:\\\/\\\/www.eltriangle.eu\\\/es\\\/#organization\"},\"image\":{\"@id\":\"https:\\\/\\\/www.eltriangle.eu\\\/es\\\/2024\\\/07\\\/02\\\/maragall-expresa-un-malestar-profundo-por-los-carteles-contra-el-y-apunta-al-exdircom-de-erc-tolo-moya\\\/#primaryimage\"},\"thumbnailUrl\":\"https:\\\/\\\/www.eltriangle.eu\\\/wp-content\\\/uploads\\\/2023\\\/11\\\/ernest-maragall.jpg\",\"keywords\":[\"ERC\",\"Ernest Maragall\",\"Tolo Moya\"],\"articleSection\":[\"Actualidad\",\"Poderes\"],\"inLanguage\":\"es\",\"potentialAction\":[{\"@type\":\"CommentAction\",\"name\":\"Comment\",\"target\":[\"https:\\\/\\\/www.eltriangle.eu\\\/es\\\/2024\\\/07\\\/02\\\/maragall-expresa-un-malestar-profundo-por-los-carteles-contra-el-y-apunta-al-exdircom-de-erc-tolo-moya\\\/#respond\"]}]},{\"@type\":\"WebPage\",\"@id\":\"https:\\\/\\\/www.eltriangle.eu\\\/es\\\/2024\\\/07\\\/02\\\/maragall-expresa-un-malestar-profundo-por-los-carteles-contra-el-y-apunta-al-exdircom-de-erc-tolo-moya\\\/\",\"url\":\"https:\\\/\\\/www.eltriangle.eu\\\/es\\\/2024\\\/07\\\/02\\\/maragall-expresa-un-malestar-profundo-por-los-carteles-contra-el-y-apunta-al-exdircom-de-erc-tolo-moya\\\/\",\"name\":\"Maragall expresa un \\\"malestar profundo\\\" por los carteles contra \u00e9l y apunta al 'exdircom' de ERC Tolo Moya - El Triangle\",\"isPartOf\":{\"@id\":\"https:\\\/\\\/www.eltriangle.eu\\\/es\\\/#website\"},\"primaryImageOfPage\":{\"@id\":\"https:\\\/\\\/www.eltriangle.eu\\\/es\\\/2024\\\/07\\\/02\\\/maragall-expresa-un-malestar-profundo-por-los-carteles-contra-el-y-apunta-al-exdircom-de-erc-tolo-moya\\\/#primaryimage\"},\"image\":{\"@id\":\"https:\\\/\\\/www.eltriangle.eu\\\/es\\\/2024\\\/07\\\/02\\\/maragall-expresa-un-malestar-profundo-por-los-carteles-contra-el-y-apunta-al-exdircom-de-erc-tolo-moya\\\/#primaryimage\"},\"thumbnailUrl\":\"https:\\\/\\\/www.eltriangle.eu\\\/wp-content\\\/uploads\\\/2023\\\/11\\\/ernest-maragall.jpg\",\"datePublished\":\"2024-07-02T08:00:52+00:00\",\"dateModified\":\"2024-07-02T10:06:05+00:00\",\"description\":\"El excandidato de ERC a la alcald\u00eda de Barcelona Ernest Maragall ha explicado este martes, en una carta publicada en la red social X, que sinti\u00f3 \\\"asombro\",\"breadcrumb\":{\"@id\":\"https:\\\/\\\/www.eltriangle.eu\\\/es\\\/2024\\\/07\\\/02\\\/maragall-expresa-un-malestar-profundo-por-los-carteles-contra-el-y-apunta-al-exdircom-de-erc-tolo-moya\\\/#breadcrumb\"},\"inLanguage\":\"es\",\"potentialAction\":[{\"@type\":\"ReadAction\",\"target\":[\"https:\\\/\\\/www.eltriangle.eu\\\/es\\\/2024\\\/07\\\/02\\\/maragall-expresa-un-malestar-profundo-por-los-carteles-contra-el-y-apunta-al-exdircom-de-erc-tolo-moya\\\/\"]}]},{\"@type\":\"ImageObject\",\"inLanguage\":\"es\",\"@id\":\"https:\\\/\\\/www.eltriangle.eu\\\/es\\\/2024\\\/07\\\/02\\\/maragall-expresa-un-malestar-profundo-por-los-carteles-contra-el-y-apunta-al-exdircom-de-erc-tolo-moya\\\/#primaryimage\",\"url\":\"https:\\\/\\\/www.eltriangle.eu\\\/wp-content\\\/uploads\\\/2023\\\/11\\\/ernest-maragall.jpg\",\"contentUrl\":\"https:\\\/\\\/www.eltriangle.eu\\\/wp-content\\\/uploads\\\/2023\\\/11\\\/ernest-maragall.jpg\",\"width\":1200,\"height\":800,\"caption\":\"Ernest Maragall\"},{\"@type\":\"BreadcrumbList\",\"@id\":\"https:\\\/\\\/www.eltriangle.eu\\\/es\\\/2024\\\/07\\\/02\\\/maragall-expresa-un-malestar-profundo-por-los-carteles-contra-el-y-apunta-al-exdircom-de-erc-tolo-moya\\\/#breadcrumb\",\"itemListElement\":[{\"@type\":\"ListItem\",\"position\":1,\"name\":\"Portada\",\"item\":\"https:\\\/\\\/www.eltriangle.eu\\\/es\\\/\"},{\"@type\":\"ListItem\",\"position\":2,\"name\":\"Maragall expresa un \u00abmalestar profundo\u00bb por los carteles contra \u00e9l y apunta al &#8216;exdircom&#8217; de ERC Tolo Moya\"}]},{\"@type\":\"WebSite\",\"@id\":\"https:\\\/\\\/www.eltriangle.eu\\\/es\\\/#website\",\"url\":\"https:\\\/\\\/www.eltriangle.eu\\\/es\\\/\",\"name\":\"El Triangle\",\"description\":\"El Triangle \u00e9s un Diari d&#039;informaci\u00f3 general, editat a Catalunya i escrit en llengua catalana, especialitzat en investigaci\u00f3 period\u00edstica\",\"publisher\":{\"@id\":\"https:\\\/\\\/www.eltriangle.eu\\\/es\\\/#organization\"},\"potentialAction\":[{\"@type\":\"SearchAction\",\"target\":{\"@type\":\"EntryPoint\",\"urlTemplate\":\"https:\\\/\\\/www.eltriangle.eu\\\/es\\\/?s={search_term_string}\"},\"query-input\":{\"@type\":\"PropertyValueSpecification\",\"valueRequired\":true,\"valueName\":\"search_term_string\"}}],\"inLanguage\":\"es\"},{\"@type\":[\"Organization\",\"NewsMediaOrganization\"],\"@id\":\"https:\\\/\\\/www.eltriangle.eu\\\/es\\\/#organization\",\"name\":\"El Triangle\",\"url\":\"https:\\\/\\\/www.eltriangle.eu\\\/es\\\/\",\"logo\":{\"@type\":\"ImageObject\",\"inLanguage\":\"es\",\"@id\":\"https:\\\/\\\/www.eltriangle.eu\\\/es\\\/#\\\/schema\\\/logo\\\/image\\\/\",\"url\":\"https:\\\/\\\/www.eltriangle.eu\\\/wp-content\\\/uploads\\\/2020\\\/11\\\/triangle_logo-ajustado.jpg\",\"contentUrl\":\"https:\\\/\\\/www.eltriangle.eu\\\/wp-content\\\/uploads\\\/2020\\\/11\\\/triangle_logo-ajustado.jpg\",\"width\":521,\"height\":92,\"caption\":\"El Triangle\"},\"image\":{\"@id\":\"https:\\\/\\\/www.eltriangle.eu\\\/es\\\/#\\\/schema\\\/logo\\\/image\\\/\"},\"sameAs\":[\"https:\\\/\\\/www.facebook.com\\\/El-Triangle-Diari-101787399020302\",\"https:\\\/\\\/x.com\\\/El_Triangle\",\"https:\\\/\\\/www.youtube.com\\\/channel\\\/UCTIjmYEMYSpdGonuAgNhbcg\"]},{\"@type\":\"Person\",\"@id\":\"https:\\\/\\\/www.eltriangle.eu\\\/es\\\/#\\\/schema\\\/person\\\/6e5938f06dd4dcd413779558fbf437d9\",\"name\":\"Redacci\u00f3 \\\/ ACN\",\"image\":{\"@type\":\"ImageObject\",\"inLanguage\":\"es\",\"@id\":\"\\\/\\\/www.gravatar.com\\\/avatar\\\/a5bc366245a614da74d9f8d49d1b53bf?s=96&#038;r=g&#038;d=mm\",\"url\":\"\\\/\\\/www.gravatar.com\\\/avatar\\\/a5bc366245a614da74d9f8d49d1b53bf?s=96&#038;r=g&#038;d=mm\",\"contentUrl\":\"\\\/\\\/www.gravatar.com\\\/avatar\\\/a5bc366245a614da74d9f8d49d1b53bf?s=96&#038;r=g&#038;d=mm\",\"caption\":\"Redacci\u00f3 \\\/ ACN\"},\"url\":\"https:\\\/\\\/www.eltriangle.eu\\\/es\\\/author\\\/redaccioacn\\\/\"},{\"@type\":\"SiteNavigationElement\",\"@id\":\"https:\\\/\\\/www.eltriangle.eu\\\/es\\\/#site-navigation\",\"cssSelector\":[\".cib-main-menu\"]},{\"@type\":\"WPHeader\",\"@id\":\"https:\\\/\\\/www.eltriangle.eu\\\/es\\\/#header\",\"cssSelector\":[\".cib-header\"]},{\"@type\":\"WPFooter\",\"@id\":\"https:\\\/\\\/www.eltriangle.eu\\\/es\\\/#footer\",\"cssSelector\":[\".cib-footer\"]}]}<\/script>\n<!-- \/ Yoast SEO plugin. -->","yoast_head_json":{"title":"Maragall expresa un \"malestar profundo\" por los carteles contra \u00e9l y apunta al 'exdircom' de ERC Tolo Moya - El Triangle","description":"El excandidato de ERC a la alcald\u00eda de Barcelona Ernest Maragall ha explicado este martes, en una carta publicada en la red social X, que sinti\u00f3 \"asombro","robots":{"index":"index","follow":"follow","max-snippet":"max-snippet:-1","max-image-preview":"max-image-preview:large","max-video-preview":"max-video-preview:-1"},"canonical":"https:\/\/www.eltriangle.eu\/es\/2024\/07\/02\/maragall-expresa-un-malestar-profundo-por-los-carteles-contra-el-y-apunta-al-exdircom-de-erc-tolo-moya\/","og_locale":"es_ES","og_type":"article","og_title":"Maragall expresa un \"malestar profundo\" por los carteles contra \u00e9l y apunta al 'exdircom' de ERC Tolo Moya - El Triangle","og_description":"El excandidato de ERC a la alcald\u00eda de Barcelona Ernest Maragall ha explicado este martes, en una carta publicada en la red social X, que sinti\u00f3 \"asombro","og_url":"https:\/\/www.eltriangle.eu\/es\/2024\/07\/02\/maragall-expresa-un-malestar-profundo-por-los-carteles-contra-el-y-apunta-al-exdircom-de-erc-tolo-moya\/","og_site_name":"El Triangle","article_publisher":"https:\/\/www.facebook.com\/El-Triangle-Diari-101787399020302","article_published_time":"2024-07-02T08:00:52+00:00","article_modified_time":"2024-07-02T10:06:05+00:00","og_image":[{"width":1200,"height":800,"url":"https:\/\/www.eltriangle.eu\/wp-content\/uploads\/2023\/11\/ernest-maragall.jpg","type":"image\/jpeg"}],"author":"Redacci\u00f3 \/ ACN","twitter_card":"summary_large_image","twitter_creator":"@El_Triangle","twitter_site":"@El_Triangle","twitter_misc":{"Escrito por":"Redacci\u00f3 \/ ACN","Tiempo de lectura":"1 minuto"},"schema":{"@context":"https:\/\/schema.org","@graph":[{"@type":"NewsArticle","@id":"https:\/\/www.eltriangle.eu\/es\/2024\/07\/02\/maragall-expresa-un-malestar-profundo-por-los-carteles-contra-el-y-apunta-al-exdircom-de-erc-tolo-moya\/#article","isPartOf":{"@id":"https:\/\/www.eltriangle.eu\/es\/2024\/07\/02\/maragall-expresa-un-malestar-profundo-por-los-carteles-contra-el-y-apunta-al-exdircom-de-erc-tolo-moya\/"},"author":{"name":"Redacci\u00f3 \/ ACN","@id":"https:\/\/www.eltriangle.eu\/es\/#\/schema\/person\/6e5938f06dd4dcd413779558fbf437d9"},"headline":"Maragall expresa un \u00abmalestar profundo\u00bb por los carteles contra \u00e9l y apunta al &#8216;exdircom&#8217; de ERC Tolo Moya","datePublished":"2024-07-02T08:00:52+00:00","dateModified":"2024-07-02T10:06:05+00:00","mainEntityOfPage":{"@id":"https:\/\/www.eltriangle.eu\/es\/2024\/07\/02\/maragall-expresa-un-malestar-profundo-por-los-carteles-contra-el-y-apunta-al-exdircom-de-erc-tolo-moya\/"},"wordCount":291,"commentCount":0,"publisher":{"@id":"https:\/\/www.eltriangle.eu\/es\/#organization"},"image":{"@id":"https:\/\/www.eltriangle.eu\/es\/2024\/07\/02\/maragall-expresa-un-malestar-profundo-por-los-carteles-contra-el-y-apunta-al-exdircom-de-erc-tolo-moya\/#primaryimage"},"thumbnailUrl":"https:\/\/www.eltriangle.eu\/wp-content\/uploads\/2023\/11\/ernest-maragall.jpg","keywords":["ERC","Ernest Maragall","Tolo Moya"],"articleSection":["Actualidad","Poderes"],"inLanguage":"es","potentialAction":[{"@type":"CommentAction","name":"Comment","target":["https:\/\/www.eltriangle.eu\/es\/2024\/07\/02\/maragall-expresa-un-malestar-profundo-por-los-carteles-contra-el-y-apunta-al-exdircom-de-erc-tolo-moya\/#respond"]}]},{"@type":"WebPage","@id":"https:\/\/www.eltriangle.eu\/es\/2024\/07\/02\/maragall-expresa-un-malestar-profundo-por-los-carteles-contra-el-y-apunta-al-exdircom-de-erc-tolo-moya\/","url":"https:\/\/www.eltriangle.eu\/es\/2024\/07\/02\/maragall-expresa-un-malestar-profundo-por-los-carteles-contra-el-y-apunta-al-exdircom-de-erc-tolo-moya\/","name":"Maragall expresa un \"malestar profundo\" por los carteles contra \u00e9l y apunta al 'exdircom' de ERC Tolo Moya - El Triangle","isPartOf":{"@id":"https:\/\/www.eltriangle.eu\/es\/#website"},"primaryImageOfPage":{"@id":"https:\/\/www.eltriangle.eu\/es\/2024\/07\/02\/maragall-expresa-un-malestar-profundo-por-los-carteles-contra-el-y-apunta-al-exdircom-de-erc-tolo-moya\/#primaryimage"},"image":{"@id":"https:\/\/www.eltriangle.eu\/es\/2024\/07\/02\/maragall-expresa-un-malestar-profundo-por-los-carteles-contra-el-y-apunta-al-exdircom-de-erc-tolo-moya\/#primaryimage"},"thumbnailUrl":"https:\/\/www.eltriangle.eu\/wp-content\/uploads\/2023\/11\/ernest-maragall.jpg","datePublished":"2024-07-02T08:00:52+00:00","dateModified":"2024-07-02T10:06:05+00:00","description":"El excandidato de ERC a la alcald\u00eda de Barcelona Ernest Maragall ha explicado este martes, en una carta publicada en la red social X, que sinti\u00f3 \"asombro","breadcrumb":{"@id":"https:\/\/www.eltriangle.eu\/es\/2024\/07\/02\/maragall-expresa-un-malestar-profundo-por-los-carteles-contra-el-y-apunta-al-exdircom-de-erc-tolo-moya\/#breadcrumb"},"inLanguage":"es","potentialAction":[{"@type":"ReadAction","target":["https:\/\/www.eltriangle.eu\/es\/2024\/07\/02\/maragall-expresa-un-malestar-profundo-por-los-carteles-contra-el-y-apunta-al-exdircom-de-erc-tolo-moya\/"]}]},{"@type":"ImageObject","inLanguage":"es","@id":"https:\/\/www.eltriangle.eu\/es\/2024\/07\/02\/maragall-expresa-un-malestar-profundo-por-los-carteles-contra-el-y-apunta-al-exdircom-de-erc-tolo-moya\/#primaryimage","url":"https:\/\/www.eltriangle.eu\/wp-content\/uploads\/2023\/11\/ernest-maragall.jpg","contentUrl":"https:\/\/www.eltriangle.eu\/wp-content\/uploads\/2023\/11\/ernest-maragall.jpg","width":1200,"height":800,"caption":"Ernest Maragall"},{"@type":"BreadcrumbList","@id":"https:\/\/www.eltriangle.eu\/es\/2024\/07\/02\/maragall-expresa-un-malestar-profundo-por-los-carteles-contra-el-y-apunta-al-exdircom-de-erc-tolo-moya\/#breadcrumb","itemListElement":[{"@type":"ListItem","position":1,"name":"Portada","item":"https:\/\/www.eltriangle.eu\/es\/"},{"@type":"ListItem","position":2,"name":"Maragall expresa un \u00abmalestar profundo\u00bb por los carteles contra \u00e9l y apunta al &#8216;exdircom&#8217; de ERC Tolo Moya"}]},{"@type":"WebSite","@id":"https:\/\/www.eltriangle.eu\/es\/#website","url":"https:\/\/www.eltriangle.eu\/es\/","name":"El Triangle","description":"El Triangle \u00e9s un Diari d&#039;informaci\u00f3 general, editat a Catalunya i escrit en llengua catalana, especialitzat en investigaci\u00f3 period\u00edstica","publisher":{"@id":"https:\/\/www.eltriangle.eu\/es\/#organization"},"potentialAction":[{"@type":"SearchAction","target":{"@type":"EntryPoint","urlTemplate":"https:\/\/www.eltriangle.eu\/es\/?s={search_term_string}"},"query-input":{"@type":"PropertyValueSpecification","valueRequired":true,"valueName":"search_term_string"}}],"inLanguage":"es"},{"@type":["Organization","NewsMediaOrganization"],"@id":"https:\/\/www.eltriangle.eu\/es\/#organization","name":"El Triangle","url":"https:\/\/www.eltriangle.eu\/es\/","logo":{"@type":"ImageObject","inLanguage":"es","@id":"https:\/\/www.eltriangle.eu\/es\/#\/schema\/logo\/image\/","url":"https:\/\/www.eltriangle.eu\/wp-content\/uploads\/2020\/11\/triangle_logo-ajustado.jpg","contentUrl":"https:\/\/www.eltriangle.eu\/wp-content\/uploads\/2020\/11\/triangle_logo-ajustado.jpg","width":521,"height":92,"caption":"El Triangle"},"image":{"@id":"https:\/\/www.eltriangle.eu\/es\/#\/schema\/logo\/image\/"},"sameAs":["https:\/\/www.facebook.com\/El-Triangle-Diari-101787399020302","https:\/\/x.com\/El_Triangle","https:\/\/www.youtube.com\/channel\/UCTIjmYEMYSpdGonuAgNhbcg"]},{"@type":"Person","@id":"https:\/\/www.eltriangle.eu\/es\/#\/schema\/person\/6e5938f06dd4dcd413779558fbf437d9","name":"Redacci\u00f3 \/ ACN","image":{"@type":"ImageObject","inLanguage":"es","@id":"\/\/www.gravatar.com\/avatar\/a5bc366245a614da74d9f8d49d1b53bf?s=96&#038;r=g&#038;d=mm","url":"\/\/www.gravatar.com\/avatar\/a5bc366245a614da74d9f8d49d1b53bf?s=96&#038;r=g&#038;d=mm","contentUrl":"\/\/www.gravatar.com\/avatar\/a5bc366245a614da74d9f8d49d1b53bf?s=96&#038;r=g&#038;d=mm","caption":"Redacci\u00f3 \/ ACN"},"url":"https:\/\/www.eltriangle.eu\/es\/author\/redaccioacn\/"},{"@type":"SiteNavigationElement","@id":"https:\/\/www.eltriangle.eu\/es\/#site-navigation","cssSelector":[".cib-main-menu"]},{"@type":"WPHeader","@id":"https:\/\/www.eltriangle.eu\/es\/#header","cssSelector":[".cib-header"]},{"@type":"WPFooter","@id":"https:\/\/www.eltriangle.eu\/es\/#footer","cssSelector":[".cib-footer"]}]}},"amp_enabled":true,"_links":{"self":[{"href":"https:\/\/www.eltriangle.eu\/es\/wp-json\/wp\/v2\/posts\/269194","targetHints":{"allow":["GET"]}}],"collection":[{"href":"https:\/\/www.eltriangle.eu\/es\/wp-json\/wp\/v2\/posts"}],"about":[{"href":"https:\/\/www.eltriangle.eu\/es\/wp-json\/wp\/v2\/types\/post"}],"author":[{"embeddable":true,"href":"https:\/\/www.eltriangle.eu\/es\/wp-json\/wp\/v2\/users\/179"}],"replies":[{"embeddable":true,"href":"https:\/\/www.eltriangle.eu\/es\/wp-json\/wp\/v2\/comments?post=269194"}],"version-history":[{"count":0,"href":"https:\/\/www.eltriangle.eu\/es\/wp-json\/wp\/v2\/posts\/269194\/revisions"}],"wp:featuredmedia":[{"embeddable":true,"href":"https:\/\/www.eltriangle.eu\/es\/wp-json\/wp\/v2\/media\/230318"}],"wp:attachment":[{"href":"https:\/\/www.eltriangle.eu\/es\/wp-json\/wp\/v2\/media?parent=269194"}],"wp:term":[{"taxonomy":"category","embeddable":true,"href":"https:\/\/www.eltriangle.eu\/es\/wp-json\/wp\/v2\/categories?post=269194"},{"taxonomy":"post_tag","embeddable":true,"href":"https:\/\/www.eltriangle.eu\/es\/wp-json\/wp\/v2\/tags?post=269194"}],"curies":[{"name":"wp","href":"https:\/\/api.w.org\/{rel}","templated":true}]}}