{"id":269191,"date":"2024-07-02T11:22:54","date_gmt":"2024-07-02T09:22:54","guid":{"rendered":null},"modified":"2024-07-02T14:52:02","modified_gmt":"2024-07-02T12:52:02","slug":"un-juzgado-de-barcelona-amnistia-a-46-policias-nacionales-investigados-por-las-cargas-del-1-o","status":"publish","type":"post","link":"https:\/\/www.eltriangle.eu\/es\/2024\/07\/02\/un-juzgado-de-barcelona-amnistia-a-46-policias-nacionales-investigados-por-las-cargas-del-1-o\/","title":{"rendered":"Un juzgado de Barcelona amnist\u00eda a 46 polic\u00edas nacionales investigados por las cargas del 1-O"},"content":{"rendered":"<p>El juzgado de instrucci\u00f3n n\u00famero 7 de Barcelona ha amnistiado los<strong> 46 polic\u00edas nacionales<\/strong> investigados por supuestamente <strong>agredir y lesionar decenas de votantes independentistas durante las cargas del 1 de octubre<\/strong> de 2017 en la capital catalana.<\/p>\n<p>Seg\u00fan el magistrado instructor, los actos investigados fueron \u00abde escasa duraci\u00f3n individual, enmarcadas en un objetivo policial definido y que no continuaron una vez conseguida el objetivo, sin que se prolongaran en el tiempo m\u00e1s all\u00e1 de la misma maniobra policial de entrada y salida de los varios colegios electorales\u00bb.<\/p>\n<p>En su interlocutoria, el juez dice que tanto las lesiones como los delitos contra la integridad moral \u00absupera el umbral de gravedad necesario para excluir la aplicaci\u00f3n de la ley de amnist\u00eda\u00bb. As\u00ed, dice que si la ley es clara a la hora de amnistiar delitos de lesiones de hasta cinco a\u00f1os de prisi\u00f3n, tambi\u00e9n se tienen que amnistiar los delitos contra la integridad moral que no superan los cuatro a\u00f1os de prisi\u00f3n.<\/p>\n<p>Las acusaciones quer\u00edan que el caso llegara a juicio para acabar de decidir si los delitos contra la integridad moral llegaban al nivel de torturas o tratos inhumanos y degradantes, cosa que los dejar\u00eda fuera de la amnist\u00eda. A pesar de esto, el magistrado considera que no hay discusi\u00f3n sobre la amnist\u00eda de las lesiones. Sobre la amnist\u00eda de los delitos contra la integridad moral, el instructor considera que los hechos no superaron el \u00abumbral m\u00ednimo de gravedad\u00bb que los dejar\u00eda fuera de la amnist\u00eda, y tampoco humillaron \u00abo degradar una persona o mostrar una disminuci\u00f3n de su dignidad humana o para provocar miedo, angustia o inferioridad de una manera capaz de romper su resistencia moral o f\u00edsica\u00bb.<\/p>\n<p>Ir\u00eddia se opuso a la amnist\u00eda al considerar que podr\u00edan haber cometido delitos de torturas o tratos inhumanos o degradantes contra los votantes, hechos que est\u00e1n excluidos de la ley de amnist\u00eda.<\/p>\n<p>En febrero la Audiencia de Barcelona confirm\u00f3 la decisi\u00f3n del juzgado de enviar a juicio un total de 46 polic\u00edas nacionales por las cargas en las diferentes escuelas de la ciudad de Barcelona durante el 1 de octubre de 2017. Reafirmaba, as\u00ed, el criterio del magistrado instructor, que considera que existen suficientes indicios de delitos de lesiones y contra la integridad moral en este caso. En la resoluci\u00f3n, el tribunal descarta investigar a m\u00e1s agentes \u2014motivo de los recursos de apelaci\u00f3n de las acusaciones\u2014, pero tambi\u00e9n descarta archivar la causa contra ninguno de ellos denegando las peticiones de sus defensas, con el apoyo mayoritariamente por el ministerio fiscal.<\/p>\n<p>La interlocutoria establec\u00eda que \u00abla calificaci\u00f3n jur\u00eddica indiciaria que otorga la interlocutoria en los hechos descritos va m\u00e1s all\u00e1 de simples delitos de lesiones y apunta claramente al hecho que algunas conductas podr\u00edan ser incardinadas en el delito contra la integridad moral cometido por funcionario p\u00fablico\u00bb.<\/p>\n<p>La interlocutoria del juzgado enviaba a juicio 46 polic\u00edas nacionales y archivaba la causa para 21 m\u00e1s. \u00d2mnium Cultural, Ir\u00eddia y la ANC recurrieron contra algunos de estos archivos, pero la Audiencia los confirm\u00f3. En cuanto a los agentes investigados, se desestimaron sus recursos contra su imputaci\u00f3n. El tribunal dec\u00eda que hay muchas evidencias e im\u00e1genes que indican que se podr\u00edan haber cometido abusos policiales como lesiones y delitos contra la integridad moral contra los votantes independentistas. De hecho, el tribunal reprochaba a algunos polic\u00edas que aseguraron que no estaban en el lugar de los hechos a pesar de que las im\u00e1genes les desmientan. La Audiencia tambi\u00e9n avalaba que sean juzgados algunos mandos por dar las \u00f3rdenes de cargas desproporcionadas.<\/p>\n","protected":false},"excerpt":{"rendered":"<p>El juzgado de instrucci\u00f3n n\u00famero 7 de Barcelona ha amnistiado los 46 polic\u00edas nacionales investigados por supuestamente agredir y lesionar decenas de votantes independentistas durante las cargas del 1 de octubre de 2017 en la capital catalana. Seg\u00fan el magistrado instructor, los actos investigados fueron \u00abde escasa duraci\u00f3n individual, enmarcadas en un objetivo policial definido &#8230; <a title=\"Un juzgado de Barcelona amnist\u00eda a 46 polic\u00edas nacionales investigados por las cargas del 1-O\" class=\"read-more\" href=\"https:\/\/www.eltriangle.eu\/es\/2024\/07\/02\/un-juzgado-de-barcelona-amnistia-a-46-policias-nacionales-investigados-por-las-cargas-del-1-o\/\" aria-label=\"Leer m\u00e1s sobre Un juzgado de Barcelona amnist\u00eda a 46 polic\u00edas nacionales investigados por las cargas del 1-O\">Leer m\u00e1s<\/a><\/p>\n","protected":false},"author":94,"featured_media":269189,"comment_status":"open","ping_status":"closed","sticky":false,"template":"","format":"standard","meta":{"_acf_changed":false,"pmpro_default_level":"","footnotes":""},"categories":[24,131,96],"tags":[458,615],"class_list":["post-269191","post","type-post","status-publish","format-standard","has-post-thumbnail","hentry","category-actualidad","category-apertura-es","category-tribunales","tag-1-o-es","tag-amnistia-es","lh_instant_articles-syndicate-yes","pmpro-has-access"],"acf":[],"yoast_head":"<!-- This site is optimized with the Yoast SEO plugin v27.4 - https:\/\/yoast.com\/product\/yoast-seo-wordpress\/ -->\n<title>Un juzgado de Barcelona amnist\u00eda a 46 polic\u00edas nacionales investigados por las cargas del 1-O - El Triangle<\/title>\n<meta name=\"description\" content=\"El juzgado de instrucci\u00f3n n\u00famero 7 de Barcelona ha amnistiado los 46 polic\u00edas nacionales investigados por supuestamente agredir y lesionar decenas de\" class=\"yoast-seo-meta-tag\" \/>\n<meta name=\"robots\" content=\"index, follow, max-snippet:-1, max-image-preview:large, max-video-preview:-1\" \/>\n<link rel=\"canonical\" href=\"https:\/\/www.eltriangle.eu\/es\/2024\/07\/02\/un-juzgado-de-barcelona-amnistia-a-46-policias-nacionales-investigados-por-las-cargas-del-1-o\/\" class=\"yoast-seo-meta-tag\" \/>\n<meta property=\"og:locale\" content=\"es_ES\" class=\"yoast-seo-meta-tag\" \/>\n<meta property=\"og:type\" content=\"article\" class=\"yoast-seo-meta-tag\" \/>\n<meta property=\"og:title\" content=\"Un juzgado de Barcelona amnist\u00eda a 46 polic\u00edas nacionales investigados por las cargas del 1-O - El Triangle\" class=\"yoast-seo-meta-tag\" \/>\n<meta property=\"og:description\" content=\"El juzgado de instrucci\u00f3n n\u00famero 7 de Barcelona ha amnistiado los 46 polic\u00edas nacionales investigados por supuestamente agredir y lesionar decenas de\" class=\"yoast-seo-meta-tag\" \/>\n<meta property=\"og:url\" content=\"https:\/\/www.eltriangle.eu\/es\/2024\/07\/02\/un-juzgado-de-barcelona-amnistia-a-46-policias-nacionales-investigados-por-las-cargas-del-1-o\/\" class=\"yoast-seo-meta-tag\" \/>\n<meta property=\"og:site_name\" content=\"El Triangle\" class=\"yoast-seo-meta-tag\" \/>\n<meta property=\"article:publisher\" content=\"https:\/\/www.facebook.com\/El-Triangle-Diari-101787399020302\" class=\"yoast-seo-meta-tag\" \/>\n<meta property=\"article:published_time\" content=\"2024-07-02T09:22:54+00:00\" class=\"yoast-seo-meta-tag\" \/>\n<meta property=\"article:modified_time\" content=\"2024-07-02T12:52:02+00:00\" class=\"yoast-seo-meta-tag\" \/>\n<meta property=\"og:image\" content=\"https:\/\/www.eltriangle.eu\/wp-content\/uploads\/2024\/07\/carregues-policial-de-l1-o.jpg\" class=\"yoast-seo-meta-tag\" \/>\n\t<meta property=\"og:image:width\" content=\"1200\" class=\"yoast-seo-meta-tag\" \/>\n\t<meta property=\"og:image:height\" content=\"818\" class=\"yoast-seo-meta-tag\" \/>\n\t<meta property=\"og:image:type\" content=\"image\/jpeg\" class=\"yoast-seo-meta-tag\" \/>\n<meta name=\"author\" content=\"Oscar Ramos\" class=\"yoast-seo-meta-tag\" \/>\n<meta name=\"twitter:card\" content=\"summary_large_image\" class=\"yoast-seo-meta-tag\" \/>\n<meta name=\"twitter:creator\" content=\"@El_Triangle\" class=\"yoast-seo-meta-tag\" \/>\n<meta name=\"twitter:site\" content=\"@El_Triangle\" class=\"yoast-seo-meta-tag\" \/>\n<meta name=\"twitter:label1\" content=\"Escrito por\" class=\"yoast-seo-meta-tag\" \/>\n\t<meta name=\"twitter:data1\" content=\"Oscar Ramos\" class=\"yoast-seo-meta-tag\" \/>\n\t<meta name=\"twitter:label2\" content=\"Tiempo de lectura\" class=\"yoast-seo-meta-tag\" \/>\n\t<meta name=\"twitter:data2\" content=\"3 minutos\" class=\"yoast-seo-meta-tag\" \/>\n<script type=\"application\/ld+json\" class=\"yoast-schema-graph\">{\"@context\":\"https:\\\/\\\/schema.org\",\"@graph\":[{\"@type\":\"NewsArticle\",\"@id\":\"https:\\\/\\\/www.eltriangle.eu\\\/es\\\/2024\\\/07\\\/02\\\/un-juzgado-de-barcelona-amnistia-a-46-policias-nacionales-investigados-por-las-cargas-del-1-o\\\/#article\",\"isPartOf\":{\"@id\":\"https:\\\/\\\/www.eltriangle.eu\\\/es\\\/2024\\\/07\\\/02\\\/un-juzgado-de-barcelona-amnistia-a-46-policias-nacionales-investigados-por-las-cargas-del-1-o\\\/\"},\"author\":{\"name\":\"Oscar Ramos\",\"@id\":\"https:\\\/\\\/www.eltriangle.eu\\\/es\\\/#\\\/schema\\\/person\\\/c66fd46c56decd3ba13a6923e2039c94\"},\"headline\":\"Un juzgado de Barcelona amnist\u00eda a 46 polic\u00edas nacionales investigados por las cargas del 1-O\",\"datePublished\":\"2024-07-02T09:22:54+00:00\",\"dateModified\":\"2024-07-02T12:52:02+00:00\",\"mainEntityOfPage\":{\"@id\":\"https:\\\/\\\/www.eltriangle.eu\\\/es\\\/2024\\\/07\\\/02\\\/un-juzgado-de-barcelona-amnistia-a-46-policias-nacionales-investigados-por-las-cargas-del-1-o\\\/\"},\"wordCount\":642,\"commentCount\":0,\"publisher\":{\"@id\":\"https:\\\/\\\/www.eltriangle.eu\\\/es\\\/#organization\"},\"image\":{\"@id\":\"https:\\\/\\\/www.eltriangle.eu\\\/es\\\/2024\\\/07\\\/02\\\/un-juzgado-de-barcelona-amnistia-a-46-policias-nacionales-investigados-por-las-cargas-del-1-o\\\/#primaryimage\"},\"thumbnailUrl\":\"https:\\\/\\\/www.eltriangle.eu\\\/wp-content\\\/uploads\\\/2024\\\/07\\\/carregues-policial-de-l1-o.jpg\",\"keywords\":[\"1-O\",\"amnistia\"],\"articleSection\":[\"Actualidad\",\"Apertura\",\"Tribunales\"],\"inLanguage\":\"es\",\"potentialAction\":[{\"@type\":\"CommentAction\",\"name\":\"Comment\",\"target\":[\"https:\\\/\\\/www.eltriangle.eu\\\/es\\\/2024\\\/07\\\/02\\\/un-juzgado-de-barcelona-amnistia-a-46-policias-nacionales-investigados-por-las-cargas-del-1-o\\\/#respond\"]}]},{\"@type\":\"WebPage\",\"@id\":\"https:\\\/\\\/www.eltriangle.eu\\\/es\\\/2024\\\/07\\\/02\\\/un-juzgado-de-barcelona-amnistia-a-46-policias-nacionales-investigados-por-las-cargas-del-1-o\\\/\",\"url\":\"https:\\\/\\\/www.eltriangle.eu\\\/es\\\/2024\\\/07\\\/02\\\/un-juzgado-de-barcelona-amnistia-a-46-policias-nacionales-investigados-por-las-cargas-del-1-o\\\/\",\"name\":\"Un juzgado de Barcelona amnist\u00eda a 46 polic\u00edas nacionales investigados por las cargas del 1-O - El Triangle\",\"isPartOf\":{\"@id\":\"https:\\\/\\\/www.eltriangle.eu\\\/es\\\/#website\"},\"primaryImageOfPage\":{\"@id\":\"https:\\\/\\\/www.eltriangle.eu\\\/es\\\/2024\\\/07\\\/02\\\/un-juzgado-de-barcelona-amnistia-a-46-policias-nacionales-investigados-por-las-cargas-del-1-o\\\/#primaryimage\"},\"image\":{\"@id\":\"https:\\\/\\\/www.eltriangle.eu\\\/es\\\/2024\\\/07\\\/02\\\/un-juzgado-de-barcelona-amnistia-a-46-policias-nacionales-investigados-por-las-cargas-del-1-o\\\/#primaryimage\"},\"thumbnailUrl\":\"https:\\\/\\\/www.eltriangle.eu\\\/wp-content\\\/uploads\\\/2024\\\/07\\\/carregues-policial-de-l1-o.jpg\",\"datePublished\":\"2024-07-02T09:22:54+00:00\",\"dateModified\":\"2024-07-02T12:52:02+00:00\",\"description\":\"El juzgado de instrucci\u00f3n n\u00famero 7 de Barcelona ha amnistiado los 46 polic\u00edas nacionales investigados por supuestamente agredir y lesionar decenas de\",\"breadcrumb\":{\"@id\":\"https:\\\/\\\/www.eltriangle.eu\\\/es\\\/2024\\\/07\\\/02\\\/un-juzgado-de-barcelona-amnistia-a-46-policias-nacionales-investigados-por-las-cargas-del-1-o\\\/#breadcrumb\"},\"inLanguage\":\"es\",\"potentialAction\":[{\"@type\":\"ReadAction\",\"target\":[\"https:\\\/\\\/www.eltriangle.eu\\\/es\\\/2024\\\/07\\\/02\\\/un-juzgado-de-barcelona-amnistia-a-46-policias-nacionales-investigados-por-las-cargas-del-1-o\\\/\"]}]},{\"@type\":\"ImageObject\",\"inLanguage\":\"es\",\"@id\":\"https:\\\/\\\/www.eltriangle.eu\\\/es\\\/2024\\\/07\\\/02\\\/un-juzgado-de-barcelona-amnistia-a-46-policias-nacionales-investigados-por-las-cargas-del-1-o\\\/#primaryimage\",\"url\":\"https:\\\/\\\/www.eltriangle.eu\\\/wp-content\\\/uploads\\\/2024\\\/07\\\/carregues-policial-de-l1-o.jpg\",\"contentUrl\":\"https:\\\/\\\/www.eltriangle.eu\\\/wp-content\\\/uploads\\\/2024\\\/07\\\/carregues-policial-de-l1-o.jpg\",\"width\":1200,\"height\":818,\"caption\":\"Cargas policiales del 1-O (ACN)\"},{\"@type\":\"BreadcrumbList\",\"@id\":\"https:\\\/\\\/www.eltriangle.eu\\\/es\\\/2024\\\/07\\\/02\\\/un-juzgado-de-barcelona-amnistia-a-46-policias-nacionales-investigados-por-las-cargas-del-1-o\\\/#breadcrumb\",\"itemListElement\":[{\"@type\":\"ListItem\",\"position\":1,\"name\":\"Portada\",\"item\":\"https:\\\/\\\/www.eltriangle.eu\\\/es\\\/\"},{\"@type\":\"ListItem\",\"position\":2,\"name\":\"Un juzgado de Barcelona amnist\u00eda a 46 polic\u00edas nacionales investigados por las cargas del 1-O\"}]},{\"@type\":\"WebSite\",\"@id\":\"https:\\\/\\\/www.eltriangle.eu\\\/es\\\/#website\",\"url\":\"https:\\\/\\\/www.eltriangle.eu\\\/es\\\/\",\"name\":\"El Triangle\",\"description\":\"El Triangle \u00e9s un Diari d&#039;informaci\u00f3 general, editat a Catalunya i escrit en llengua catalana, especialitzat en investigaci\u00f3 period\u00edstica\",\"publisher\":{\"@id\":\"https:\\\/\\\/www.eltriangle.eu\\\/es\\\/#organization\"},\"potentialAction\":[{\"@type\":\"SearchAction\",\"target\":{\"@type\":\"EntryPoint\",\"urlTemplate\":\"https:\\\/\\\/www.eltriangle.eu\\\/es\\\/?s={search_term_string}\"},\"query-input\":{\"@type\":\"PropertyValueSpecification\",\"valueRequired\":true,\"valueName\":\"search_term_string\"}}],\"inLanguage\":\"es\"},{\"@type\":[\"Organization\",\"NewsMediaOrganization\"],\"@id\":\"https:\\\/\\\/www.eltriangle.eu\\\/es\\\/#organization\",\"name\":\"El Triangle\",\"url\":\"https:\\\/\\\/www.eltriangle.eu\\\/es\\\/\",\"logo\":{\"@type\":\"ImageObject\",\"inLanguage\":\"es\",\"@id\":\"https:\\\/\\\/www.eltriangle.eu\\\/es\\\/#\\\/schema\\\/logo\\\/image\\\/\",\"url\":\"https:\\\/\\\/www.eltriangle.eu\\\/wp-content\\\/uploads\\\/2020\\\/11\\\/triangle_logo-ajustado.jpg\",\"contentUrl\":\"https:\\\/\\\/www.eltriangle.eu\\\/wp-content\\\/uploads\\\/2020\\\/11\\\/triangle_logo-ajustado.jpg\",\"width\":521,\"height\":92,\"caption\":\"El Triangle\"},\"image\":{\"@id\":\"https:\\\/\\\/www.eltriangle.eu\\\/es\\\/#\\\/schema\\\/logo\\\/image\\\/\"},\"sameAs\":[\"https:\\\/\\\/www.facebook.com\\\/El-Triangle-Diari-101787399020302\",\"https:\\\/\\\/x.com\\\/El_Triangle\",\"https:\\\/\\\/www.youtube.com\\\/channel\\\/UCTIjmYEMYSpdGonuAgNhbcg\"]},{\"@type\":\"Person\",\"@id\":\"https:\\\/\\\/www.eltriangle.eu\\\/es\\\/#\\\/schema\\\/person\\\/c66fd46c56decd3ba13a6923e2039c94\",\"name\":\"Oscar Ramos\",\"image\":{\"@type\":\"ImageObject\",\"inLanguage\":\"es\",\"@id\":\"\\\/\\\/www.gravatar.com\\\/avatar\\\/d3e3cbd0607e53f24e4122d9a9356507?s=96&#038;r=g&#038;d=mm\",\"url\":\"\\\/\\\/www.gravatar.com\\\/avatar\\\/d3e3cbd0607e53f24e4122d9a9356507?s=96&#038;r=g&#038;d=mm\",\"contentUrl\":\"\\\/\\\/www.gravatar.com\\\/avatar\\\/d3e3cbd0607e53f24e4122d9a9356507?s=96&#038;r=g&#038;d=mm\",\"caption\":\"Oscar Ramos\"},\"url\":\"https:\\\/\\\/www.eltriangle.eu\\\/es\\\/author\\\/oscar\\\/\"},{\"@type\":\"SiteNavigationElement\",\"@id\":\"https:\\\/\\\/www.eltriangle.eu\\\/es\\\/#site-navigation\",\"cssSelector\":[\".cib-main-menu\"]},{\"@type\":\"WPHeader\",\"@id\":\"https:\\\/\\\/www.eltriangle.eu\\\/es\\\/#header\",\"cssSelector\":[\".cib-header\"]},{\"@type\":\"WPFooter\",\"@id\":\"https:\\\/\\\/www.eltriangle.eu\\\/es\\\/#footer\",\"cssSelector\":[\".cib-footer\"]}]}<\/script>\n<!-- \/ Yoast SEO plugin. -->","yoast_head_json":{"title":"Un juzgado de Barcelona amnist\u00eda a 46 polic\u00edas nacionales investigados por las cargas del 1-O - El Triangle","description":"El juzgado de instrucci\u00f3n n\u00famero 7 de Barcelona ha amnistiado los 46 polic\u00edas nacionales investigados por supuestamente agredir y lesionar decenas de","robots":{"index":"index","follow":"follow","max-snippet":"max-snippet:-1","max-image-preview":"max-image-preview:large","max-video-preview":"max-video-preview:-1"},"canonical":"https:\/\/www.eltriangle.eu\/es\/2024\/07\/02\/un-juzgado-de-barcelona-amnistia-a-46-policias-nacionales-investigados-por-las-cargas-del-1-o\/","og_locale":"es_ES","og_type":"article","og_title":"Un juzgado de Barcelona amnist\u00eda a 46 polic\u00edas nacionales investigados por las cargas del 1-O - El Triangle","og_description":"El juzgado de instrucci\u00f3n n\u00famero 7 de Barcelona ha amnistiado los 46 polic\u00edas nacionales investigados por supuestamente agredir y lesionar decenas de","og_url":"https:\/\/www.eltriangle.eu\/es\/2024\/07\/02\/un-juzgado-de-barcelona-amnistia-a-46-policias-nacionales-investigados-por-las-cargas-del-1-o\/","og_site_name":"El Triangle","article_publisher":"https:\/\/www.facebook.com\/El-Triangle-Diari-101787399020302","article_published_time":"2024-07-02T09:22:54+00:00","article_modified_time":"2024-07-02T12:52:02+00:00","og_image":[{"width":1200,"height":818,"url":"https:\/\/www.eltriangle.eu\/wp-content\/uploads\/2024\/07\/carregues-policial-de-l1-o.jpg","type":"image\/jpeg"}],"author":"Oscar Ramos","twitter_card":"summary_large_image","twitter_creator":"@El_Triangle","twitter_site":"@El_Triangle","twitter_misc":{"Escrito por":"Oscar Ramos","Tiempo de lectura":"3 minutos"},"schema":{"@context":"https:\/\/schema.org","@graph":[{"@type":"NewsArticle","@id":"https:\/\/www.eltriangle.eu\/es\/2024\/07\/02\/un-juzgado-de-barcelona-amnistia-a-46-policias-nacionales-investigados-por-las-cargas-del-1-o\/#article","isPartOf":{"@id":"https:\/\/www.eltriangle.eu\/es\/2024\/07\/02\/un-juzgado-de-barcelona-amnistia-a-46-policias-nacionales-investigados-por-las-cargas-del-1-o\/"},"author":{"name":"Oscar Ramos","@id":"https:\/\/www.eltriangle.eu\/es\/#\/schema\/person\/c66fd46c56decd3ba13a6923e2039c94"},"headline":"Un juzgado de Barcelona amnist\u00eda a 46 polic\u00edas nacionales investigados por las cargas del 1-O","datePublished":"2024-07-02T09:22:54+00:00","dateModified":"2024-07-02T12:52:02+00:00","mainEntityOfPage":{"@id":"https:\/\/www.eltriangle.eu\/es\/2024\/07\/02\/un-juzgado-de-barcelona-amnistia-a-46-policias-nacionales-investigados-por-las-cargas-del-1-o\/"},"wordCount":642,"commentCount":0,"publisher":{"@id":"https:\/\/www.eltriangle.eu\/es\/#organization"},"image":{"@id":"https:\/\/www.eltriangle.eu\/es\/2024\/07\/02\/un-juzgado-de-barcelona-amnistia-a-46-policias-nacionales-investigados-por-las-cargas-del-1-o\/#primaryimage"},"thumbnailUrl":"https:\/\/www.eltriangle.eu\/wp-content\/uploads\/2024\/07\/carregues-policial-de-l1-o.jpg","keywords":["1-O","amnistia"],"articleSection":["Actualidad","Apertura","Tribunales"],"inLanguage":"es","potentialAction":[{"@type":"CommentAction","name":"Comment","target":["https:\/\/www.eltriangle.eu\/es\/2024\/07\/02\/un-juzgado-de-barcelona-amnistia-a-46-policias-nacionales-investigados-por-las-cargas-del-1-o\/#respond"]}]},{"@type":"WebPage","@id":"https:\/\/www.eltriangle.eu\/es\/2024\/07\/02\/un-juzgado-de-barcelona-amnistia-a-46-policias-nacionales-investigados-por-las-cargas-del-1-o\/","url":"https:\/\/www.eltriangle.eu\/es\/2024\/07\/02\/un-juzgado-de-barcelona-amnistia-a-46-policias-nacionales-investigados-por-las-cargas-del-1-o\/","name":"Un juzgado de Barcelona amnist\u00eda a 46 polic\u00edas nacionales investigados por las cargas del 1-O - El Triangle","isPartOf":{"@id":"https:\/\/www.eltriangle.eu\/es\/#website"},"primaryImageOfPage":{"@id":"https:\/\/www.eltriangle.eu\/es\/2024\/07\/02\/un-juzgado-de-barcelona-amnistia-a-46-policias-nacionales-investigados-por-las-cargas-del-1-o\/#primaryimage"},"image":{"@id":"https:\/\/www.eltriangle.eu\/es\/2024\/07\/02\/un-juzgado-de-barcelona-amnistia-a-46-policias-nacionales-investigados-por-las-cargas-del-1-o\/#primaryimage"},"thumbnailUrl":"https:\/\/www.eltriangle.eu\/wp-content\/uploads\/2024\/07\/carregues-policial-de-l1-o.jpg","datePublished":"2024-07-02T09:22:54+00:00","dateModified":"2024-07-02T12:52:02+00:00","description":"El juzgado de instrucci\u00f3n n\u00famero 7 de Barcelona ha amnistiado los 46 polic\u00edas nacionales investigados por supuestamente agredir y lesionar decenas de","breadcrumb":{"@id":"https:\/\/www.eltriangle.eu\/es\/2024\/07\/02\/un-juzgado-de-barcelona-amnistia-a-46-policias-nacionales-investigados-por-las-cargas-del-1-o\/#breadcrumb"},"inLanguage":"es","potentialAction":[{"@type":"ReadAction","target":["https:\/\/www.eltriangle.eu\/es\/2024\/07\/02\/un-juzgado-de-barcelona-amnistia-a-46-policias-nacionales-investigados-por-las-cargas-del-1-o\/"]}]},{"@type":"ImageObject","inLanguage":"es","@id":"https:\/\/www.eltriangle.eu\/es\/2024\/07\/02\/un-juzgado-de-barcelona-amnistia-a-46-policias-nacionales-investigados-por-las-cargas-del-1-o\/#primaryimage","url":"https:\/\/www.eltriangle.eu\/wp-content\/uploads\/2024\/07\/carregues-policial-de-l1-o.jpg","contentUrl":"https:\/\/www.eltriangle.eu\/wp-content\/uploads\/2024\/07\/carregues-policial-de-l1-o.jpg","width":1200,"height":818,"caption":"Cargas policiales del 1-O (ACN)"},{"@type":"BreadcrumbList","@id":"https:\/\/www.eltriangle.eu\/es\/2024\/07\/02\/un-juzgado-de-barcelona-amnistia-a-46-policias-nacionales-investigados-por-las-cargas-del-1-o\/#breadcrumb","itemListElement":[{"@type":"ListItem","position":1,"name":"Portada","item":"https:\/\/www.eltriangle.eu\/es\/"},{"@type":"ListItem","position":2,"name":"Un juzgado de Barcelona amnist\u00eda a 46 polic\u00edas nacionales investigados por las cargas del 1-O"}]},{"@type":"WebSite","@id":"https:\/\/www.eltriangle.eu\/es\/#website","url":"https:\/\/www.eltriangle.eu\/es\/","name":"El Triangle","description":"El Triangle \u00e9s un Diari d&#039;informaci\u00f3 general, editat a Catalunya i escrit en llengua catalana, especialitzat en investigaci\u00f3 period\u00edstica","publisher":{"@id":"https:\/\/www.eltriangle.eu\/es\/#organization"},"potentialAction":[{"@type":"SearchAction","target":{"@type":"EntryPoint","urlTemplate":"https:\/\/www.eltriangle.eu\/es\/?s={search_term_string}"},"query-input":{"@type":"PropertyValueSpecification","valueRequired":true,"valueName":"search_term_string"}}],"inLanguage":"es"},{"@type":["Organization","NewsMediaOrganization"],"@id":"https:\/\/www.eltriangle.eu\/es\/#organization","name":"El Triangle","url":"https:\/\/www.eltriangle.eu\/es\/","logo":{"@type":"ImageObject","inLanguage":"es","@id":"https:\/\/www.eltriangle.eu\/es\/#\/schema\/logo\/image\/","url":"https:\/\/www.eltriangle.eu\/wp-content\/uploads\/2020\/11\/triangle_logo-ajustado.jpg","contentUrl":"https:\/\/www.eltriangle.eu\/wp-content\/uploads\/2020\/11\/triangle_logo-ajustado.jpg","width":521,"height":92,"caption":"El Triangle"},"image":{"@id":"https:\/\/www.eltriangle.eu\/es\/#\/schema\/logo\/image\/"},"sameAs":["https:\/\/www.facebook.com\/El-Triangle-Diari-101787399020302","https:\/\/x.com\/El_Triangle","https:\/\/www.youtube.com\/channel\/UCTIjmYEMYSpdGonuAgNhbcg"]},{"@type":"Person","@id":"https:\/\/www.eltriangle.eu\/es\/#\/schema\/person\/c66fd46c56decd3ba13a6923e2039c94","name":"Oscar Ramos","image":{"@type":"ImageObject","inLanguage":"es","@id":"\/\/www.gravatar.com\/avatar\/d3e3cbd0607e53f24e4122d9a9356507?s=96&#038;r=g&#038;d=mm","url":"\/\/www.gravatar.com\/avatar\/d3e3cbd0607e53f24e4122d9a9356507?s=96&#038;r=g&#038;d=mm","contentUrl":"\/\/www.gravatar.com\/avatar\/d3e3cbd0607e53f24e4122d9a9356507?s=96&#038;r=g&#038;d=mm","caption":"Oscar Ramos"},"url":"https:\/\/www.eltriangle.eu\/es\/author\/oscar\/"},{"@type":"SiteNavigationElement","@id":"https:\/\/www.eltriangle.eu\/es\/#site-navigation","cssSelector":[".cib-main-menu"]},{"@type":"WPHeader","@id":"https:\/\/www.eltriangle.eu\/es\/#header","cssSelector":[".cib-header"]},{"@type":"WPFooter","@id":"https:\/\/www.eltriangle.eu\/es\/#footer","cssSelector":[".cib-footer"]}]}},"amp_enabled":true,"_links":{"self":[{"href":"https:\/\/www.eltriangle.eu\/es\/wp-json\/wp\/v2\/posts\/269191","targetHints":{"allow":["GET"]}}],"collection":[{"href":"https:\/\/www.eltriangle.eu\/es\/wp-json\/wp\/v2\/posts"}],"about":[{"href":"https:\/\/www.eltriangle.eu\/es\/wp-json\/wp\/v2\/types\/post"}],"author":[{"embeddable":true,"href":"https:\/\/www.eltriangle.eu\/es\/wp-json\/wp\/v2\/users\/94"}],"replies":[{"embeddable":true,"href":"https:\/\/www.eltriangle.eu\/es\/wp-json\/wp\/v2\/comments?post=269191"}],"version-history":[{"count":0,"href":"https:\/\/www.eltriangle.eu\/es\/wp-json\/wp\/v2\/posts\/269191\/revisions"}],"wp:featuredmedia":[{"embeddable":true,"href":"https:\/\/www.eltriangle.eu\/es\/wp-json\/wp\/v2\/media\/269189"}],"wp:attachment":[{"href":"https:\/\/www.eltriangle.eu\/es\/wp-json\/wp\/v2\/media?parent=269191"}],"wp:term":[{"taxonomy":"category","embeddable":true,"href":"https:\/\/www.eltriangle.eu\/es\/wp-json\/wp\/v2\/categories?post=269191"},{"taxonomy":"post_tag","embeddable":true,"href":"https:\/\/www.eltriangle.eu\/es\/wp-json\/wp\/v2\/tags?post=269191"}],"curies":[{"name":"wp","href":"https:\/\/api.w.org\/{rel}","templated":true}]}}