{"id":269160,"date":"2024-07-02T09:00:30","date_gmt":"2024-07-02T07:00:30","guid":{"rendered":null},"modified":"2024-07-02T10:08:19","modified_gmt":"2024-07-02T08:08:19","slug":"la-ocupacion-vuelve-superar-los-maximos-historicos-con-383-millones-de-trabajadores-en-cataluna","status":"publish","type":"post","link":"https:\/\/www.eltriangle.eu\/es\/2024\/07\/02\/la-ocupacion-vuelve-superar-los-maximos-historicos-con-383-millones-de-trabajadores-en-cataluna\/","title":{"rendered":"La ocupaci\u00f3n vuelve superar los m\u00e1ximos hist\u00f3ricos con 3,83 millones de trabajadores en Catalu\u00f1a"},"content":{"rendered":"<p>El mercado laboral empieza la temporada de verano con un nuevo r\u00e9cord de ocupaci\u00f3n en junio con <strong>3,83 millones de afiliados a la Seguridad Social en Catalu\u00f1a<\/strong>, seg\u00fan ha informado este martes el <strong>Ministerio de Inclusi\u00f3n, Seguridad Social y Migraciones<\/strong>. El ritmo de crecimiento se retarda respecto a mayo y se rebaja a pr\u00e1cticamente la mitad el incremento de trabajadores que se han dado de alta, con 26.348 personas m\u00e1s (+0,69%). Si se compara con junio de 2023, el aumento de afiliaciones es un 2,40% m\u00e1s (+89.932 personas).<\/p>\n<p>Por otro lado, el <strong>paro<\/strong> contin\u00faa a la baja en junio con 5.816 personas menos registradas (-1,76%), mientras que si se compara con junio del a\u00f1o pasado, cay\u00f3 en 4.778 personas, un 1,45%, seg\u00fan los datos del Ministerio de Trabajo y Econom\u00eda Social. En total, el paro registrado se ha situado en <strong>324.966 personas en Catalu\u00f1a<\/strong>, la cifra m\u00e1s baja desde julio de 2008, cuando hab\u00eda 321.964 parados.<\/p>\n<p>En el conjunto de Espa\u00f1a, los parados tambi\u00e9n han marcado el registro m\u00e1s bajo de los \u00faltimos 16 a\u00f1os con 2,56 millones de trabajadores (-1,79%). Por otro lado, durante el mes de junio se han superado los <strong>21,3 millones de ocupados en todo el pa\u00eds<\/strong>, un 0,33% m\u00e1s, principalmente por el impulso de la hosteler\u00eda (+32.030 afiliados) y el comercio (+30.304 afiliados) y el total ya se acerca al umbral de los 21,4 millones.<\/p>\n","protected":false},"excerpt":{"rendered":"<p>El mercado laboral empieza la temporada de verano con un nuevo r\u00e9cord de ocupaci\u00f3n en junio con 3,83 millones de afiliados a la Seguridad Social en Catalu\u00f1a, seg\u00fan ha informado este martes el Ministerio de Inclusi\u00f3n, Seguridad Social y Migraciones. El ritmo de crecimiento se retarda respecto a mayo y se rebaja a pr\u00e1cticamente la &#8230; <a title=\"La ocupaci\u00f3n vuelve superar los m\u00e1ximos hist\u00f3ricos con 3,83 millones de trabajadores en Catalu\u00f1a\" class=\"read-more\" href=\"https:\/\/www.eltriangle.eu\/es\/2024\/07\/02\/la-ocupacion-vuelve-superar-los-maximos-historicos-con-383-millones-de-trabajadores-en-cataluna\/\" aria-label=\"Leer m\u00e1s sobre La ocupaci\u00f3n vuelve superar los m\u00e1ximos hist\u00f3ricos con 3,83 millones de trabajadores en Catalu\u00f1a\">Leer m\u00e1s<\/a><\/p>\n","protected":false},"author":93,"featured_media":184552,"comment_status":"open","ping_status":"closed","sticky":false,"template":"","format":"standard","meta":{"_acf_changed":false,"pmpro_default_level":"","footnotes":""},"categories":[24,82],"tags":[991],"class_list":["post-269160","post","type-post","status-publish","format-standard","has-post-thumbnail","hentry","category-actualidad","category-economia","tag-paro","lh_instant_articles-syndicate-yes","pmpro-has-access"],"acf":[],"yoast_head":"<!-- This site is optimized with the Yoast SEO plugin v27.4 - https:\/\/yoast.com\/product\/yoast-seo-wordpress\/ -->\n<title>La ocupaci\u00f3n vuelve superar los m\u00e1ximos hist\u00f3ricos con 3,83 millones de trabajadores en Catalu\u00f1a - El Triangle<\/title>\n<meta name=\"description\" content=\"El mercado laboral empieza la temporada de verano con un nuevo r\u00e9cord de ocupaci\u00f3n en junio con 3,83 millones de afiliados a la Seguridad Social en\" class=\"yoast-seo-meta-tag\" \/>\n<meta name=\"robots\" content=\"index, follow, max-snippet:-1, max-image-preview:large, max-video-preview:-1\" \/>\n<link rel=\"canonical\" href=\"https:\/\/www.eltriangle.eu\/es\/2024\/07\/02\/la-ocupacion-vuelve-superar-los-maximos-historicos-con-383-millones-de-trabajadores-en-cataluna\/\" class=\"yoast-seo-meta-tag\" \/>\n<meta property=\"og:locale\" content=\"es_ES\" class=\"yoast-seo-meta-tag\" \/>\n<meta property=\"og:type\" content=\"article\" class=\"yoast-seo-meta-tag\" \/>\n<meta property=\"og:title\" content=\"La ocupaci\u00f3n vuelve superar los m\u00e1ximos hist\u00f3ricos con 3,83 millones de trabajadores en Catalu\u00f1a - El Triangle\" class=\"yoast-seo-meta-tag\" \/>\n<meta property=\"og:description\" content=\"El mercado laboral empieza la temporada de verano con un nuevo r\u00e9cord de ocupaci\u00f3n en junio con 3,83 millones de afiliados a la Seguridad Social en\" class=\"yoast-seo-meta-tag\" \/>\n<meta property=\"og:url\" content=\"https:\/\/www.eltriangle.eu\/es\/2024\/07\/02\/la-ocupacion-vuelve-superar-los-maximos-historicos-con-383-millones-de-trabajadores-en-cataluna\/\" class=\"yoast-seo-meta-tag\" \/>\n<meta property=\"og:site_name\" content=\"El Triangle\" class=\"yoast-seo-meta-tag\" \/>\n<meta property=\"article:publisher\" content=\"https:\/\/www.facebook.com\/El-Triangle-Diari-101787399020302\" class=\"yoast-seo-meta-tag\" \/>\n<meta property=\"article:published_time\" content=\"2024-07-02T07:00:30+00:00\" class=\"yoast-seo-meta-tag\" \/>\n<meta property=\"article:modified_time\" content=\"2024-07-02T08:08:19+00:00\" class=\"yoast-seo-meta-tag\" \/>\n<meta property=\"og:image\" content=\"https:\/\/www.eltriangle.eu\/wp-content\/uploads\/2023\/04\/d18ad17b-9d64-4ef2-b8da-b640638dbc64.jpg\" class=\"yoast-seo-meta-tag\" \/>\n\t<meta property=\"og:image:width\" content=\"1200\" class=\"yoast-seo-meta-tag\" \/>\n\t<meta property=\"og:image:height\" content=\"800\" class=\"yoast-seo-meta-tag\" \/>\n\t<meta property=\"og:image:type\" content=\"image\/jpeg\" class=\"yoast-seo-meta-tag\" \/>\n<meta name=\"author\" content=\"redaccio\" class=\"yoast-seo-meta-tag\" \/>\n<meta name=\"twitter:card\" content=\"summary_large_image\" class=\"yoast-seo-meta-tag\" \/>\n<meta name=\"twitter:creator\" content=\"@El_Triangle\" class=\"yoast-seo-meta-tag\" \/>\n<meta name=\"twitter:site\" content=\"@El_Triangle\" class=\"yoast-seo-meta-tag\" \/>\n<meta name=\"twitter:label1\" content=\"Escrito por\" class=\"yoast-seo-meta-tag\" \/>\n\t<meta name=\"twitter:data1\" content=\"redaccio\" class=\"yoast-seo-meta-tag\" \/>\n\t<meta name=\"twitter:label2\" content=\"Tiempo de lectura\" class=\"yoast-seo-meta-tag\" \/>\n\t<meta name=\"twitter:data2\" content=\"1 minuto\" class=\"yoast-seo-meta-tag\" \/>\n<script type=\"application\/ld+json\" class=\"yoast-schema-graph\">{\"@context\":\"https:\\\/\\\/schema.org\",\"@graph\":[{\"@type\":\"NewsArticle\",\"@id\":\"https:\\\/\\\/www.eltriangle.eu\\\/es\\\/2024\\\/07\\\/02\\\/la-ocupacion-vuelve-superar-los-maximos-historicos-con-383-millones-de-trabajadores-en-cataluna\\\/#article\",\"isPartOf\":{\"@id\":\"https:\\\/\\\/www.eltriangle.eu\\\/es\\\/2024\\\/07\\\/02\\\/la-ocupacion-vuelve-superar-los-maximos-historicos-con-383-millones-de-trabajadores-en-cataluna\\\/\"},\"author\":{\"name\":\"redaccio\",\"@id\":\"https:\\\/\\\/www.eltriangle.eu\\\/es\\\/#\\\/schema\\\/person\\\/7e5bff7fe0202e362b26fcec2bd6f383\"},\"headline\":\"La ocupaci\u00f3n vuelve superar los m\u00e1ximos hist\u00f3ricos con 3,83 millones de trabajadores en Catalu\u00f1a\",\"datePublished\":\"2024-07-02T07:00:30+00:00\",\"dateModified\":\"2024-07-02T08:08:19+00:00\",\"mainEntityOfPage\":{\"@id\":\"https:\\\/\\\/www.eltriangle.eu\\\/es\\\/2024\\\/07\\\/02\\\/la-ocupacion-vuelve-superar-los-maximos-historicos-con-383-millones-de-trabajadores-en-cataluna\\\/\"},\"wordCount\":250,\"commentCount\":0,\"publisher\":{\"@id\":\"https:\\\/\\\/www.eltriangle.eu\\\/es\\\/#organization\"},\"image\":{\"@id\":\"https:\\\/\\\/www.eltriangle.eu\\\/es\\\/2024\\\/07\\\/02\\\/la-ocupacion-vuelve-superar-los-maximos-historicos-con-383-millones-de-trabajadores-en-cataluna\\\/#primaryimage\"},\"thumbnailUrl\":\"https:\\\/\\\/www.eltriangle.eu\\\/wp-content\\\/uploads\\\/2023\\\/04\\\/d18ad17b-9d64-4ef2-b8da-b640638dbc64.jpg\",\"keywords\":[\"paro\"],\"articleSection\":[\"Actualidad\",\"Economia\"],\"inLanguage\":\"es\",\"potentialAction\":[{\"@type\":\"CommentAction\",\"name\":\"Comment\",\"target\":[\"https:\\\/\\\/www.eltriangle.eu\\\/es\\\/2024\\\/07\\\/02\\\/la-ocupacion-vuelve-superar-los-maximos-historicos-con-383-millones-de-trabajadores-en-cataluna\\\/#respond\"]}]},{\"@type\":\"WebPage\",\"@id\":\"https:\\\/\\\/www.eltriangle.eu\\\/es\\\/2024\\\/07\\\/02\\\/la-ocupacion-vuelve-superar-los-maximos-historicos-con-383-millones-de-trabajadores-en-cataluna\\\/\",\"url\":\"https:\\\/\\\/www.eltriangle.eu\\\/es\\\/2024\\\/07\\\/02\\\/la-ocupacion-vuelve-superar-los-maximos-historicos-con-383-millones-de-trabajadores-en-cataluna\\\/\",\"name\":\"La ocupaci\u00f3n vuelve superar los m\u00e1ximos hist\u00f3ricos con 3,83 millones de trabajadores en Catalu\u00f1a - El Triangle\",\"isPartOf\":{\"@id\":\"https:\\\/\\\/www.eltriangle.eu\\\/es\\\/#website\"},\"primaryImageOfPage\":{\"@id\":\"https:\\\/\\\/www.eltriangle.eu\\\/es\\\/2024\\\/07\\\/02\\\/la-ocupacion-vuelve-superar-los-maximos-historicos-con-383-millones-de-trabajadores-en-cataluna\\\/#primaryimage\"},\"image\":{\"@id\":\"https:\\\/\\\/www.eltriangle.eu\\\/es\\\/2024\\\/07\\\/02\\\/la-ocupacion-vuelve-superar-los-maximos-historicos-con-383-millones-de-trabajadores-en-cataluna\\\/#primaryimage\"},\"thumbnailUrl\":\"https:\\\/\\\/www.eltriangle.eu\\\/wp-content\\\/uploads\\\/2023\\\/04\\\/d18ad17b-9d64-4ef2-b8da-b640638dbc64.jpg\",\"datePublished\":\"2024-07-02T07:00:30+00:00\",\"dateModified\":\"2024-07-02T08:08:19+00:00\",\"description\":\"El mercado laboral empieza la temporada de verano con un nuevo r\u00e9cord de ocupaci\u00f3n en junio con 3,83 millones de afiliados a la Seguridad Social en\",\"breadcrumb\":{\"@id\":\"https:\\\/\\\/www.eltriangle.eu\\\/es\\\/2024\\\/07\\\/02\\\/la-ocupacion-vuelve-superar-los-maximos-historicos-con-383-millones-de-trabajadores-en-cataluna\\\/#breadcrumb\"},\"inLanguage\":\"es\",\"potentialAction\":[{\"@type\":\"ReadAction\",\"target\":[\"https:\\\/\\\/www.eltriangle.eu\\\/es\\\/2024\\\/07\\\/02\\\/la-ocupacion-vuelve-superar-los-maximos-historicos-con-383-millones-de-trabajadores-en-cataluna\\\/\"]}]},{\"@type\":\"ImageObject\",\"inLanguage\":\"es\",\"@id\":\"https:\\\/\\\/www.eltriangle.eu\\\/es\\\/2024\\\/07\\\/02\\\/la-ocupacion-vuelve-superar-los-maximos-historicos-con-383-millones-de-trabajadores-en-cataluna\\\/#primaryimage\",\"url\":\"https:\\\/\\\/www.eltriangle.eu\\\/wp-content\\\/uploads\\\/2023\\\/04\\\/d18ad17b-9d64-4ef2-b8da-b640638dbc64.jpg\",\"contentUrl\":\"https:\\\/\\\/www.eltriangle.eu\\\/wp-content\\\/uploads\\\/2023\\\/04\\\/d18ad17b-9d64-4ef2-b8da-b640638dbc64.jpg\",\"width\":1200,\"height\":800,\"caption\":\"Oficina de trabajo de la Generalitat\"},{\"@type\":\"BreadcrumbList\",\"@id\":\"https:\\\/\\\/www.eltriangle.eu\\\/es\\\/2024\\\/07\\\/02\\\/la-ocupacion-vuelve-superar-los-maximos-historicos-con-383-millones-de-trabajadores-en-cataluna\\\/#breadcrumb\",\"itemListElement\":[{\"@type\":\"ListItem\",\"position\":1,\"name\":\"Portada\",\"item\":\"https:\\\/\\\/www.eltriangle.eu\\\/es\\\/\"},{\"@type\":\"ListItem\",\"position\":2,\"name\":\"La ocupaci\u00f3n vuelve superar los m\u00e1ximos hist\u00f3ricos con 3,83 millones de trabajadores en Catalu\u00f1a\"}]},{\"@type\":\"WebSite\",\"@id\":\"https:\\\/\\\/www.eltriangle.eu\\\/es\\\/#website\",\"url\":\"https:\\\/\\\/www.eltriangle.eu\\\/es\\\/\",\"name\":\"El Triangle\",\"description\":\"El Triangle \u00e9s un Diari d&#039;informaci\u00f3 general, editat a Catalunya i escrit en llengua catalana, especialitzat en investigaci\u00f3 period\u00edstica\",\"publisher\":{\"@id\":\"https:\\\/\\\/www.eltriangle.eu\\\/es\\\/#organization\"},\"potentialAction\":[{\"@type\":\"SearchAction\",\"target\":{\"@type\":\"EntryPoint\",\"urlTemplate\":\"https:\\\/\\\/www.eltriangle.eu\\\/es\\\/?s={search_term_string}\"},\"query-input\":{\"@type\":\"PropertyValueSpecification\",\"valueRequired\":true,\"valueName\":\"search_term_string\"}}],\"inLanguage\":\"es\"},{\"@type\":[\"Organization\",\"NewsMediaOrganization\"],\"@id\":\"https:\\\/\\\/www.eltriangle.eu\\\/es\\\/#organization\",\"name\":\"El Triangle\",\"url\":\"https:\\\/\\\/www.eltriangle.eu\\\/es\\\/\",\"logo\":{\"@type\":\"ImageObject\",\"inLanguage\":\"es\",\"@id\":\"https:\\\/\\\/www.eltriangle.eu\\\/es\\\/#\\\/schema\\\/logo\\\/image\\\/\",\"url\":\"https:\\\/\\\/www.eltriangle.eu\\\/wp-content\\\/uploads\\\/2020\\\/11\\\/triangle_logo-ajustado.jpg\",\"contentUrl\":\"https:\\\/\\\/www.eltriangle.eu\\\/wp-content\\\/uploads\\\/2020\\\/11\\\/triangle_logo-ajustado.jpg\",\"width\":521,\"height\":92,\"caption\":\"El Triangle\"},\"image\":{\"@id\":\"https:\\\/\\\/www.eltriangle.eu\\\/es\\\/#\\\/schema\\\/logo\\\/image\\\/\"},\"sameAs\":[\"https:\\\/\\\/www.facebook.com\\\/El-Triangle-Diari-101787399020302\",\"https:\\\/\\\/x.com\\\/El_Triangle\",\"https:\\\/\\\/www.youtube.com\\\/channel\\\/UCTIjmYEMYSpdGonuAgNhbcg\"]},{\"@type\":\"Person\",\"@id\":\"https:\\\/\\\/www.eltriangle.eu\\\/es\\\/#\\\/schema\\\/person\\\/7e5bff7fe0202e362b26fcec2bd6f383\",\"name\":\"redaccio\",\"image\":{\"@type\":\"ImageObject\",\"inLanguage\":\"es\",\"@id\":\"\\\/\\\/www.gravatar.com\\\/avatar\\\/5661b3e51fe6027f31ed1f408d22a917?s=96&#038;r=g&#038;d=mm\",\"url\":\"\\\/\\\/www.gravatar.com\\\/avatar\\\/5661b3e51fe6027f31ed1f408d22a917?s=96&#038;r=g&#038;d=mm\",\"contentUrl\":\"\\\/\\\/www.gravatar.com\\\/avatar\\\/5661b3e51fe6027f31ed1f408d22a917?s=96&#038;r=g&#038;d=mm\",\"caption\":\"redaccio\"},\"url\":\"https:\\\/\\\/www.eltriangle.eu\\\/es\\\/author\\\/redaccio\\\/\"},{\"@type\":\"SiteNavigationElement\",\"@id\":\"https:\\\/\\\/www.eltriangle.eu\\\/es\\\/#site-navigation\",\"cssSelector\":[\".cib-main-menu\"]},{\"@type\":\"WPHeader\",\"@id\":\"https:\\\/\\\/www.eltriangle.eu\\\/es\\\/#header\",\"cssSelector\":[\".cib-header\"]},{\"@type\":\"WPFooter\",\"@id\":\"https:\\\/\\\/www.eltriangle.eu\\\/es\\\/#footer\",\"cssSelector\":[\".cib-footer\"]}]}<\/script>\n<!-- \/ Yoast SEO plugin. -->","yoast_head_json":{"title":"La ocupaci\u00f3n vuelve superar los m\u00e1ximos hist\u00f3ricos con 3,83 millones de trabajadores en Catalu\u00f1a - El Triangle","description":"El mercado laboral empieza la temporada de verano con un nuevo r\u00e9cord de ocupaci\u00f3n en junio con 3,83 millones de afiliados a la Seguridad Social en","robots":{"index":"index","follow":"follow","max-snippet":"max-snippet:-1","max-image-preview":"max-image-preview:large","max-video-preview":"max-video-preview:-1"},"canonical":"https:\/\/www.eltriangle.eu\/es\/2024\/07\/02\/la-ocupacion-vuelve-superar-los-maximos-historicos-con-383-millones-de-trabajadores-en-cataluna\/","og_locale":"es_ES","og_type":"article","og_title":"La ocupaci\u00f3n vuelve superar los m\u00e1ximos hist\u00f3ricos con 3,83 millones de trabajadores en Catalu\u00f1a - El Triangle","og_description":"El mercado laboral empieza la temporada de verano con un nuevo r\u00e9cord de ocupaci\u00f3n en junio con 3,83 millones de afiliados a la Seguridad Social en","og_url":"https:\/\/www.eltriangle.eu\/es\/2024\/07\/02\/la-ocupacion-vuelve-superar-los-maximos-historicos-con-383-millones-de-trabajadores-en-cataluna\/","og_site_name":"El Triangle","article_publisher":"https:\/\/www.facebook.com\/El-Triangle-Diari-101787399020302","article_published_time":"2024-07-02T07:00:30+00:00","article_modified_time":"2024-07-02T08:08:19+00:00","og_image":[{"width":1200,"height":800,"url":"https:\/\/www.eltriangle.eu\/wp-content\/uploads\/2023\/04\/d18ad17b-9d64-4ef2-b8da-b640638dbc64.jpg","type":"image\/jpeg"}],"author":"redaccio","twitter_card":"summary_large_image","twitter_creator":"@El_Triangle","twitter_site":"@El_Triangle","twitter_misc":{"Escrito por":"redaccio","Tiempo de lectura":"1 minuto"},"schema":{"@context":"https:\/\/schema.org","@graph":[{"@type":"NewsArticle","@id":"https:\/\/www.eltriangle.eu\/es\/2024\/07\/02\/la-ocupacion-vuelve-superar-los-maximos-historicos-con-383-millones-de-trabajadores-en-cataluna\/#article","isPartOf":{"@id":"https:\/\/www.eltriangle.eu\/es\/2024\/07\/02\/la-ocupacion-vuelve-superar-los-maximos-historicos-con-383-millones-de-trabajadores-en-cataluna\/"},"author":{"name":"redaccio","@id":"https:\/\/www.eltriangle.eu\/es\/#\/schema\/person\/7e5bff7fe0202e362b26fcec2bd6f383"},"headline":"La ocupaci\u00f3n vuelve superar los m\u00e1ximos hist\u00f3ricos con 3,83 millones de trabajadores en Catalu\u00f1a","datePublished":"2024-07-02T07:00:30+00:00","dateModified":"2024-07-02T08:08:19+00:00","mainEntityOfPage":{"@id":"https:\/\/www.eltriangle.eu\/es\/2024\/07\/02\/la-ocupacion-vuelve-superar-los-maximos-historicos-con-383-millones-de-trabajadores-en-cataluna\/"},"wordCount":250,"commentCount":0,"publisher":{"@id":"https:\/\/www.eltriangle.eu\/es\/#organization"},"image":{"@id":"https:\/\/www.eltriangle.eu\/es\/2024\/07\/02\/la-ocupacion-vuelve-superar-los-maximos-historicos-con-383-millones-de-trabajadores-en-cataluna\/#primaryimage"},"thumbnailUrl":"https:\/\/www.eltriangle.eu\/wp-content\/uploads\/2023\/04\/d18ad17b-9d64-4ef2-b8da-b640638dbc64.jpg","keywords":["paro"],"articleSection":["Actualidad","Economia"],"inLanguage":"es","potentialAction":[{"@type":"CommentAction","name":"Comment","target":["https:\/\/www.eltriangle.eu\/es\/2024\/07\/02\/la-ocupacion-vuelve-superar-los-maximos-historicos-con-383-millones-de-trabajadores-en-cataluna\/#respond"]}]},{"@type":"WebPage","@id":"https:\/\/www.eltriangle.eu\/es\/2024\/07\/02\/la-ocupacion-vuelve-superar-los-maximos-historicos-con-383-millones-de-trabajadores-en-cataluna\/","url":"https:\/\/www.eltriangle.eu\/es\/2024\/07\/02\/la-ocupacion-vuelve-superar-los-maximos-historicos-con-383-millones-de-trabajadores-en-cataluna\/","name":"La ocupaci\u00f3n vuelve superar los m\u00e1ximos hist\u00f3ricos con 3,83 millones de trabajadores en Catalu\u00f1a - El Triangle","isPartOf":{"@id":"https:\/\/www.eltriangle.eu\/es\/#website"},"primaryImageOfPage":{"@id":"https:\/\/www.eltriangle.eu\/es\/2024\/07\/02\/la-ocupacion-vuelve-superar-los-maximos-historicos-con-383-millones-de-trabajadores-en-cataluna\/#primaryimage"},"image":{"@id":"https:\/\/www.eltriangle.eu\/es\/2024\/07\/02\/la-ocupacion-vuelve-superar-los-maximos-historicos-con-383-millones-de-trabajadores-en-cataluna\/#primaryimage"},"thumbnailUrl":"https:\/\/www.eltriangle.eu\/wp-content\/uploads\/2023\/04\/d18ad17b-9d64-4ef2-b8da-b640638dbc64.jpg","datePublished":"2024-07-02T07:00:30+00:00","dateModified":"2024-07-02T08:08:19+00:00","description":"El mercado laboral empieza la temporada de verano con un nuevo r\u00e9cord de ocupaci\u00f3n en junio con 3,83 millones de afiliados a la Seguridad Social en","breadcrumb":{"@id":"https:\/\/www.eltriangle.eu\/es\/2024\/07\/02\/la-ocupacion-vuelve-superar-los-maximos-historicos-con-383-millones-de-trabajadores-en-cataluna\/#breadcrumb"},"inLanguage":"es","potentialAction":[{"@type":"ReadAction","target":["https:\/\/www.eltriangle.eu\/es\/2024\/07\/02\/la-ocupacion-vuelve-superar-los-maximos-historicos-con-383-millones-de-trabajadores-en-cataluna\/"]}]},{"@type":"ImageObject","inLanguage":"es","@id":"https:\/\/www.eltriangle.eu\/es\/2024\/07\/02\/la-ocupacion-vuelve-superar-los-maximos-historicos-con-383-millones-de-trabajadores-en-cataluna\/#primaryimage","url":"https:\/\/www.eltriangle.eu\/wp-content\/uploads\/2023\/04\/d18ad17b-9d64-4ef2-b8da-b640638dbc64.jpg","contentUrl":"https:\/\/www.eltriangle.eu\/wp-content\/uploads\/2023\/04\/d18ad17b-9d64-4ef2-b8da-b640638dbc64.jpg","width":1200,"height":800,"caption":"Oficina de trabajo de la Generalitat"},{"@type":"BreadcrumbList","@id":"https:\/\/www.eltriangle.eu\/es\/2024\/07\/02\/la-ocupacion-vuelve-superar-los-maximos-historicos-con-383-millones-de-trabajadores-en-cataluna\/#breadcrumb","itemListElement":[{"@type":"ListItem","position":1,"name":"Portada","item":"https:\/\/www.eltriangle.eu\/es\/"},{"@type":"ListItem","position":2,"name":"La ocupaci\u00f3n vuelve superar los m\u00e1ximos hist\u00f3ricos con 3,83 millones de trabajadores en Catalu\u00f1a"}]},{"@type":"WebSite","@id":"https:\/\/www.eltriangle.eu\/es\/#website","url":"https:\/\/www.eltriangle.eu\/es\/","name":"El Triangle","description":"El Triangle \u00e9s un Diari d&#039;informaci\u00f3 general, editat a Catalunya i escrit en llengua catalana, especialitzat en investigaci\u00f3 period\u00edstica","publisher":{"@id":"https:\/\/www.eltriangle.eu\/es\/#organization"},"potentialAction":[{"@type":"SearchAction","target":{"@type":"EntryPoint","urlTemplate":"https:\/\/www.eltriangle.eu\/es\/?s={search_term_string}"},"query-input":{"@type":"PropertyValueSpecification","valueRequired":true,"valueName":"search_term_string"}}],"inLanguage":"es"},{"@type":["Organization","NewsMediaOrganization"],"@id":"https:\/\/www.eltriangle.eu\/es\/#organization","name":"El Triangle","url":"https:\/\/www.eltriangle.eu\/es\/","logo":{"@type":"ImageObject","inLanguage":"es","@id":"https:\/\/www.eltriangle.eu\/es\/#\/schema\/logo\/image\/","url":"https:\/\/www.eltriangle.eu\/wp-content\/uploads\/2020\/11\/triangle_logo-ajustado.jpg","contentUrl":"https:\/\/www.eltriangle.eu\/wp-content\/uploads\/2020\/11\/triangle_logo-ajustado.jpg","width":521,"height":92,"caption":"El Triangle"},"image":{"@id":"https:\/\/www.eltriangle.eu\/es\/#\/schema\/logo\/image\/"},"sameAs":["https:\/\/www.facebook.com\/El-Triangle-Diari-101787399020302","https:\/\/x.com\/El_Triangle","https:\/\/www.youtube.com\/channel\/UCTIjmYEMYSpdGonuAgNhbcg"]},{"@type":"Person","@id":"https:\/\/www.eltriangle.eu\/es\/#\/schema\/person\/7e5bff7fe0202e362b26fcec2bd6f383","name":"redaccio","image":{"@type":"ImageObject","inLanguage":"es","@id":"\/\/www.gravatar.com\/avatar\/5661b3e51fe6027f31ed1f408d22a917?s=96&#038;r=g&#038;d=mm","url":"\/\/www.gravatar.com\/avatar\/5661b3e51fe6027f31ed1f408d22a917?s=96&#038;r=g&#038;d=mm","contentUrl":"\/\/www.gravatar.com\/avatar\/5661b3e51fe6027f31ed1f408d22a917?s=96&#038;r=g&#038;d=mm","caption":"redaccio"},"url":"https:\/\/www.eltriangle.eu\/es\/author\/redaccio\/"},{"@type":"SiteNavigationElement","@id":"https:\/\/www.eltriangle.eu\/es\/#site-navigation","cssSelector":[".cib-main-menu"]},{"@type":"WPHeader","@id":"https:\/\/www.eltriangle.eu\/es\/#header","cssSelector":[".cib-header"]},{"@type":"WPFooter","@id":"https:\/\/www.eltriangle.eu\/es\/#footer","cssSelector":[".cib-footer"]}]}},"amp_enabled":true,"_links":{"self":[{"href":"https:\/\/www.eltriangle.eu\/es\/wp-json\/wp\/v2\/posts\/269160","targetHints":{"allow":["GET"]}}],"collection":[{"href":"https:\/\/www.eltriangle.eu\/es\/wp-json\/wp\/v2\/posts"}],"about":[{"href":"https:\/\/www.eltriangle.eu\/es\/wp-json\/wp\/v2\/types\/post"}],"author":[{"embeddable":true,"href":"https:\/\/www.eltriangle.eu\/es\/wp-json\/wp\/v2\/users\/93"}],"replies":[{"embeddable":true,"href":"https:\/\/www.eltriangle.eu\/es\/wp-json\/wp\/v2\/comments?post=269160"}],"version-history":[{"count":0,"href":"https:\/\/www.eltriangle.eu\/es\/wp-json\/wp\/v2\/posts\/269160\/revisions"}],"wp:featuredmedia":[{"embeddable":true,"href":"https:\/\/www.eltriangle.eu\/es\/wp-json\/wp\/v2\/media\/184552"}],"wp:attachment":[{"href":"https:\/\/www.eltriangle.eu\/es\/wp-json\/wp\/v2\/media?parent=269160"}],"wp:term":[{"taxonomy":"category","embeddable":true,"href":"https:\/\/www.eltriangle.eu\/es\/wp-json\/wp\/v2\/categories?post=269160"},{"taxonomy":"post_tag","embeddable":true,"href":"https:\/\/www.eltriangle.eu\/es\/wp-json\/wp\/v2\/tags?post=269160"}],"curies":[{"name":"wp","href":"https:\/\/api.w.org\/{rel}","templated":true}]}}