{"id":267051,"date":"2024-06-19T10:45:00","date_gmt":"2024-06-19T08:45:00","guid":{"rendered":null},"modified":"2024-06-19T17:03:12","modified_gmt":"2024-06-19T15:03:12","slug":"la-fiscalia-pide-al-supremo-la-amnistia-por-el-1-o-y-tsunami-y-que-se-levanten-las-ordenes-de-detencion","status":"publish","type":"post","link":"https:\/\/www.eltriangle.eu\/es\/2024\/06\/19\/la-fiscalia-pide-al-supremo-la-amnistia-por-el-1-o-y-tsunami-y-que-se-levanten-las-ordenes-de-detencion\/","title":{"rendered":"La Fiscal\u00eda pide al Supremo la amnist\u00eda por el 1-O y Tsunami, y que se levanten las \u00f3rdenes de detenci\u00f3n"},"content":{"rendered":"<p>La <strong>Fiscal\u00eda<\/strong> ha pedido este mi\u00e9rcoles al<strong> Tribunal Supremo<\/strong> la <strong>amnist\u00eda<\/strong> para los dirigentes independentistas que cumplen condena o est\u00e1n investigados en la causa del<strong> 1-O<\/strong>, y para los dos\u00a0 investigados en el mismo tribunal por el caso de<strong> Tsunami Democr\u00e0tic<\/strong>,<strong> Carles Puigdemont y Ruben Wagensberg<\/strong>.<\/p>\n<p>Adem\u00e1s, ha solicitado que se levanten todas las medidas cautelares vigentes, como las \u00f3rdenes de detenci\u00f3n para los pol\u00edticos que se marcharon al extranjero para evitar la justicia espa\u00f1ola. Seg\u00fan el Ministerio P\u00fablico, ni la malversaci\u00f3n del 1-O ni el supuesto terrorismo de Tsunami quedan excluidos de la amnist\u00eda. En tres escritos, ha planteado la finalizaci\u00f3n de las causas para una decena de pol\u00edticos independentistas.<\/p>\n<p>En el escrito dirigido a la Sala de lo Penal, que juzg\u00f3 y conden\u00f3 a varios miembros del Gobierno de Carles Puigdemont, la teniente fiscal del Supremo, <strong>Mar\u00eda \u00c1ngeles S\u00e1nchez Conde<\/strong>, y el fiscal de sala jefe de la Sala de lo Penal, <strong>Joaqu\u00edn S\u00e1nchez-Covisa<\/strong>, han pedido que se declare extinguida la responsabilidad criminal y, por tanto, la pena de inhabilitaci\u00f3n todav\u00eda pendiente y las responsabilidades civiles y contables, para <strong>Oriol Junqueras, Ra\u00fcl Romeva, Jordi Turull y Dolors Bassa<\/strong> por los delitos de desobediencia y malversaci\u00f3n, as\u00ed como sus antecedentes penales.<\/p>\n<p>Por otra parte, sobre la supuesta afectaci\u00f3n a <strong>los intereses financieros de la Uni\u00f3n Europea<\/strong>, que los cuatro fiscales del Supremo que llevaron el caso quer\u00edan alegar para no amnistiar la malversaci\u00f3n, el criterio final de la Fiscal\u00eda ahora es que no se ha evidenciado.<\/p>\n<p>En el escrito dirigido a la instructora del caso de Tsunami, <strong>Susana Polo<\/strong>, la Fiscal\u00eda ha pedido que se archive la causa contra Puigdemont y Wagensberg. Seg\u00fan el documento, \u00abno cabe duda\u00bb de que \u00ablos hechos objeto de investigaci\u00f3n en la causa se encuentran dentro del \u00e1mbito objetivo contemplado en el art\u00edculo 1 de la ley de amnist\u00eda\u00bb, y no est\u00e1n afectados por \u00ablas exclusiones establecidas en el art\u00edculo 2\u00bb.<\/p>\n","protected":false},"excerpt":{"rendered":"<p>La Fiscal\u00eda ha pedido este mi\u00e9rcoles al Tribunal Supremo la amnist\u00eda para los dirigentes independentistas que cumplen condena o est\u00e1n investigados en la causa del 1-O, y para los dos\u00a0 investigados en el mismo tribunal por el caso de Tsunami Democr\u00e0tic, Carles Puigdemont y Ruben Wagensberg. Adem\u00e1s, ha solicitado que se levanten todas las medidas &#8230; <a title=\"La Fiscal\u00eda pide al Supremo la amnist\u00eda por el 1-O y Tsunami, y que se levanten las \u00f3rdenes de detenci\u00f3n\" class=\"read-more\" href=\"https:\/\/www.eltriangle.eu\/es\/2024\/06\/19\/la-fiscalia-pide-al-supremo-la-amnistia-por-el-1-o-y-tsunami-y-que-se-levanten-las-ordenes-de-detencion\/\" aria-label=\"Leer m\u00e1s sobre La Fiscal\u00eda pide al Supremo la amnist\u00eda por el 1-O y Tsunami, y que se levanten las \u00f3rdenes de detenci\u00f3n\">Leer m\u00e1s<\/a><\/p>\n","protected":false},"author":179,"featured_media":75105,"comment_status":"open","ping_status":"closed","sticky":false,"template":"","format":"standard","meta":{"_acf_changed":false,"pmpro_default_level":"","footnotes":""},"categories":[24,74],"tags":[458,615,4141,972],"class_list":["post-267051","post","type-post","status-publish","format-standard","has-post-thumbnail","hentry","category-actualidad","category-poderes","tag-1-o-es","tag-amnistia-es","tag-llei-damnistia-es","tag-tsunami-democratic-es","lh_instant_articles-syndicate-yes","pmpro-has-access"],"acf":[],"yoast_head":"<!-- This site is optimized with the Yoast SEO plugin v27.4 - https:\/\/yoast.com\/product\/yoast-seo-wordpress\/ -->\n<title>La Fiscal\u00eda pide al Supremo la amnist\u00eda por el 1-O y Tsunami, y que se levanten las \u00f3rdenes de detenci\u00f3n - El Triangle<\/title>\n<meta name=\"description\" content=\"La Fiscal\u00eda ha pedido este mi\u00e9rcoles al Tribunal Supremo la amnist\u00eda para los dirigentes independentistas que cumplen condena o est\u00e1n investigados en la\" class=\"yoast-seo-meta-tag\" \/>\n<meta name=\"robots\" content=\"index, follow, max-snippet:-1, max-image-preview:large, max-video-preview:-1\" \/>\n<link rel=\"canonical\" href=\"https:\/\/www.eltriangle.eu\/es\/2024\/06\/19\/la-fiscalia-pide-al-supremo-la-amnistia-por-el-1-o-y-tsunami-y-que-se-levanten-las-ordenes-de-detencion\/\" class=\"yoast-seo-meta-tag\" \/>\n<meta property=\"og:locale\" content=\"es_ES\" class=\"yoast-seo-meta-tag\" \/>\n<meta property=\"og:type\" content=\"article\" class=\"yoast-seo-meta-tag\" \/>\n<meta property=\"og:title\" content=\"La Fiscal\u00eda pide al Supremo la amnist\u00eda por el 1-O y Tsunami, y que se levanten las \u00f3rdenes de detenci\u00f3n - El Triangle\" class=\"yoast-seo-meta-tag\" \/>\n<meta property=\"og:description\" content=\"La Fiscal\u00eda ha pedido este mi\u00e9rcoles al Tribunal Supremo la amnist\u00eda para los dirigentes independentistas que cumplen condena o est\u00e1n investigados en la\" class=\"yoast-seo-meta-tag\" \/>\n<meta property=\"og:url\" content=\"https:\/\/www.eltriangle.eu\/es\/2024\/06\/19\/la-fiscalia-pide-al-supremo-la-amnistia-por-el-1-o-y-tsunami-y-que-se-levanten-las-ordenes-de-detencion\/\" class=\"yoast-seo-meta-tag\" \/>\n<meta property=\"og:site_name\" content=\"El Triangle\" class=\"yoast-seo-meta-tag\" \/>\n<meta property=\"article:publisher\" content=\"https:\/\/www.facebook.com\/El-Triangle-Diari-101787399020302\" class=\"yoast-seo-meta-tag\" \/>\n<meta property=\"article:published_time\" content=\"2024-06-19T08:45:00+00:00\" class=\"yoast-seo-meta-tag\" \/>\n<meta property=\"article:modified_time\" content=\"2024-06-19T15:03:12+00:00\" class=\"yoast-seo-meta-tag\" \/>\n<meta property=\"og:image\" content=\"https:\/\/www.eltriangle.eu\/wp-content\/uploads\/2020\/11\/tres.jpeg\" class=\"yoast-seo-meta-tag\" \/>\n\t<meta property=\"og:image:width\" content=\"1200\" class=\"yoast-seo-meta-tag\" \/>\n\t<meta property=\"og:image:height\" content=\"733\" class=\"yoast-seo-meta-tag\" \/>\n\t<meta property=\"og:image:type\" content=\"image\/jpeg\" class=\"yoast-seo-meta-tag\" \/>\n<meta name=\"author\" content=\"Redacci\u00f3 \/ ACN\" class=\"yoast-seo-meta-tag\" \/>\n<meta name=\"twitter:card\" content=\"summary_large_image\" class=\"yoast-seo-meta-tag\" \/>\n<meta name=\"twitter:creator\" content=\"@El_Triangle\" class=\"yoast-seo-meta-tag\" \/>\n<meta name=\"twitter:site\" content=\"@El_Triangle\" class=\"yoast-seo-meta-tag\" \/>\n<meta name=\"twitter:label1\" content=\"Escrito por\" class=\"yoast-seo-meta-tag\" \/>\n\t<meta name=\"twitter:data1\" content=\"Redacci\u00f3 \/ ACN\" class=\"yoast-seo-meta-tag\" \/>\n\t<meta name=\"twitter:label2\" content=\"Tiempo de lectura\" class=\"yoast-seo-meta-tag\" \/>\n\t<meta name=\"twitter:data2\" content=\"2 minutos\" class=\"yoast-seo-meta-tag\" \/>\n<script type=\"application\/ld+json\" class=\"yoast-schema-graph\">{\"@context\":\"https:\\\/\\\/schema.org\",\"@graph\":[{\"@type\":\"NewsArticle\",\"@id\":\"https:\\\/\\\/www.eltriangle.eu\\\/es\\\/2024\\\/06\\\/19\\\/la-fiscalia-pide-al-supremo-la-amnistia-por-el-1-o-y-tsunami-y-que-se-levanten-las-ordenes-de-detencion\\\/#article\",\"isPartOf\":{\"@id\":\"https:\\\/\\\/www.eltriangle.eu\\\/es\\\/2024\\\/06\\\/19\\\/la-fiscalia-pide-al-supremo-la-amnistia-por-el-1-o-y-tsunami-y-que-se-levanten-las-ordenes-de-detencion\\\/\"},\"author\":{\"name\":\"Redacci\u00f3 \\\/ ACN\",\"@id\":\"https:\\\/\\\/www.eltriangle.eu\\\/es\\\/#\\\/schema\\\/person\\\/6e5938f06dd4dcd413779558fbf437d9\"},\"headline\":\"La Fiscal\u00eda pide al Supremo la amnist\u00eda por el 1-O y Tsunami, y que se levanten las \u00f3rdenes de detenci\u00f3n\",\"datePublished\":\"2024-06-19T08:45:00+00:00\",\"dateModified\":\"2024-06-19T15:03:12+00:00\",\"mainEntityOfPage\":{\"@id\":\"https:\\\/\\\/www.eltriangle.eu\\\/es\\\/2024\\\/06\\\/19\\\/la-fiscalia-pide-al-supremo-la-amnistia-por-el-1-o-y-tsunami-y-que-se-levanten-las-ordenes-de-detencion\\\/\"},\"wordCount\":373,\"commentCount\":0,\"publisher\":{\"@id\":\"https:\\\/\\\/www.eltriangle.eu\\\/es\\\/#organization\"},\"image\":{\"@id\":\"https:\\\/\\\/www.eltriangle.eu\\\/es\\\/2024\\\/06\\\/19\\\/la-fiscalia-pide-al-supremo-la-amnistia-por-el-1-o-y-tsunami-y-que-se-levanten-las-ordenes-de-detencion\\\/#primaryimage\"},\"thumbnailUrl\":\"https:\\\/\\\/www.eltriangle.eu\\\/wp-content\\\/uploads\\\/2020\\\/11\\\/tres.jpeg\",\"keywords\":[\"1-O\",\"amnistia\",\"llei d'amnistia\",\"Tsunami Democr\u00e0tic\"],\"articleSection\":[\"Actualidad\",\"Poderes\"],\"inLanguage\":\"es\",\"potentialAction\":[{\"@type\":\"CommentAction\",\"name\":\"Comment\",\"target\":[\"https:\\\/\\\/www.eltriangle.eu\\\/es\\\/2024\\\/06\\\/19\\\/la-fiscalia-pide-al-supremo-la-amnistia-por-el-1-o-y-tsunami-y-que-se-levanten-las-ordenes-de-detencion\\\/#respond\"]}]},{\"@type\":\"WebPage\",\"@id\":\"https:\\\/\\\/www.eltriangle.eu\\\/es\\\/2024\\\/06\\\/19\\\/la-fiscalia-pide-al-supremo-la-amnistia-por-el-1-o-y-tsunami-y-que-se-levanten-las-ordenes-de-detencion\\\/\",\"url\":\"https:\\\/\\\/www.eltriangle.eu\\\/es\\\/2024\\\/06\\\/19\\\/la-fiscalia-pide-al-supremo-la-amnistia-por-el-1-o-y-tsunami-y-que-se-levanten-las-ordenes-de-detencion\\\/\",\"name\":\"La Fiscal\u00eda pide al Supremo la amnist\u00eda por el 1-O y Tsunami, y que se levanten las \u00f3rdenes de detenci\u00f3n - El Triangle\",\"isPartOf\":{\"@id\":\"https:\\\/\\\/www.eltriangle.eu\\\/es\\\/#website\"},\"primaryImageOfPage\":{\"@id\":\"https:\\\/\\\/www.eltriangle.eu\\\/es\\\/2024\\\/06\\\/19\\\/la-fiscalia-pide-al-supremo-la-amnistia-por-el-1-o-y-tsunami-y-que-se-levanten-las-ordenes-de-detencion\\\/#primaryimage\"},\"image\":{\"@id\":\"https:\\\/\\\/www.eltriangle.eu\\\/es\\\/2024\\\/06\\\/19\\\/la-fiscalia-pide-al-supremo-la-amnistia-por-el-1-o-y-tsunami-y-que-se-levanten-las-ordenes-de-detencion\\\/#primaryimage\"},\"thumbnailUrl\":\"https:\\\/\\\/www.eltriangle.eu\\\/wp-content\\\/uploads\\\/2020\\\/11\\\/tres.jpeg\",\"datePublished\":\"2024-06-19T08:45:00+00:00\",\"dateModified\":\"2024-06-19T15:03:12+00:00\",\"description\":\"La Fiscal\u00eda ha pedido este mi\u00e9rcoles al Tribunal Supremo la amnist\u00eda para los dirigentes independentistas que cumplen condena o est\u00e1n investigados en la\",\"breadcrumb\":{\"@id\":\"https:\\\/\\\/www.eltriangle.eu\\\/es\\\/2024\\\/06\\\/19\\\/la-fiscalia-pide-al-supremo-la-amnistia-por-el-1-o-y-tsunami-y-que-se-levanten-las-ordenes-de-detencion\\\/#breadcrumb\"},\"inLanguage\":\"es\",\"potentialAction\":[{\"@type\":\"ReadAction\",\"target\":[\"https:\\\/\\\/www.eltriangle.eu\\\/es\\\/2024\\\/06\\\/19\\\/la-fiscalia-pide-al-supremo-la-amnistia-por-el-1-o-y-tsunami-y-que-se-levanten-las-ordenes-de-detencion\\\/\"]}]},{\"@type\":\"ImageObject\",\"inLanguage\":\"es\",\"@id\":\"https:\\\/\\\/www.eltriangle.eu\\\/es\\\/2024\\\/06\\\/19\\\/la-fiscalia-pide-al-supremo-la-amnistia-por-el-1-o-y-tsunami-y-que-se-levanten-las-ordenes-de-detencion\\\/#primaryimage\",\"url\":\"https:\\\/\\\/www.eltriangle.eu\\\/wp-content\\\/uploads\\\/2020\\\/11\\\/tres.jpeg\",\"contentUrl\":\"https:\\\/\\\/www.eltriangle.eu\\\/wp-content\\\/uploads\\\/2020\\\/11\\\/tres.jpeg\",\"width\":1200,\"height\":733,\"caption\":\"Oriol Junqueras, Carles Puigdemont y Ra\u00fcl Romeva\"},{\"@type\":\"BreadcrumbList\",\"@id\":\"https:\\\/\\\/www.eltriangle.eu\\\/es\\\/2024\\\/06\\\/19\\\/la-fiscalia-pide-al-supremo-la-amnistia-por-el-1-o-y-tsunami-y-que-se-levanten-las-ordenes-de-detencion\\\/#breadcrumb\",\"itemListElement\":[{\"@type\":\"ListItem\",\"position\":1,\"name\":\"Portada\",\"item\":\"https:\\\/\\\/www.eltriangle.eu\\\/es\\\/\"},{\"@type\":\"ListItem\",\"position\":2,\"name\":\"La Fiscal\u00eda pide al Supremo la amnist\u00eda por el 1-O y Tsunami, y que se levanten las \u00f3rdenes de detenci\u00f3n\"}]},{\"@type\":\"WebSite\",\"@id\":\"https:\\\/\\\/www.eltriangle.eu\\\/es\\\/#website\",\"url\":\"https:\\\/\\\/www.eltriangle.eu\\\/es\\\/\",\"name\":\"El Triangle\",\"description\":\"El Triangle \u00e9s un Diari d&#039;informaci\u00f3 general, editat a Catalunya i escrit en llengua catalana, especialitzat en investigaci\u00f3 period\u00edstica\",\"publisher\":{\"@id\":\"https:\\\/\\\/www.eltriangle.eu\\\/es\\\/#organization\"},\"potentialAction\":[{\"@type\":\"SearchAction\",\"target\":{\"@type\":\"EntryPoint\",\"urlTemplate\":\"https:\\\/\\\/www.eltriangle.eu\\\/es\\\/?s={search_term_string}\"},\"query-input\":{\"@type\":\"PropertyValueSpecification\",\"valueRequired\":true,\"valueName\":\"search_term_string\"}}],\"inLanguage\":\"es\"},{\"@type\":[\"Organization\",\"NewsMediaOrganization\"],\"@id\":\"https:\\\/\\\/www.eltriangle.eu\\\/es\\\/#organization\",\"name\":\"El Triangle\",\"url\":\"https:\\\/\\\/www.eltriangle.eu\\\/es\\\/\",\"logo\":{\"@type\":\"ImageObject\",\"inLanguage\":\"es\",\"@id\":\"https:\\\/\\\/www.eltriangle.eu\\\/es\\\/#\\\/schema\\\/logo\\\/image\\\/\",\"url\":\"https:\\\/\\\/www.eltriangle.eu\\\/wp-content\\\/uploads\\\/2020\\\/11\\\/triangle_logo-ajustado.jpg\",\"contentUrl\":\"https:\\\/\\\/www.eltriangle.eu\\\/wp-content\\\/uploads\\\/2020\\\/11\\\/triangle_logo-ajustado.jpg\",\"width\":521,\"height\":92,\"caption\":\"El Triangle\"},\"image\":{\"@id\":\"https:\\\/\\\/www.eltriangle.eu\\\/es\\\/#\\\/schema\\\/logo\\\/image\\\/\"},\"sameAs\":[\"https:\\\/\\\/www.facebook.com\\\/El-Triangle-Diari-101787399020302\",\"https:\\\/\\\/x.com\\\/El_Triangle\",\"https:\\\/\\\/www.youtube.com\\\/channel\\\/UCTIjmYEMYSpdGonuAgNhbcg\"]},{\"@type\":\"Person\",\"@id\":\"https:\\\/\\\/www.eltriangle.eu\\\/es\\\/#\\\/schema\\\/person\\\/6e5938f06dd4dcd413779558fbf437d9\",\"name\":\"Redacci\u00f3 \\\/ ACN\",\"image\":{\"@type\":\"ImageObject\",\"inLanguage\":\"es\",\"@id\":\"\\\/\\\/www.gravatar.com\\\/avatar\\\/a5bc366245a614da74d9f8d49d1b53bf?s=96&#038;r=g&#038;d=mm\",\"url\":\"\\\/\\\/www.gravatar.com\\\/avatar\\\/a5bc366245a614da74d9f8d49d1b53bf?s=96&#038;r=g&#038;d=mm\",\"contentUrl\":\"\\\/\\\/www.gravatar.com\\\/avatar\\\/a5bc366245a614da74d9f8d49d1b53bf?s=96&#038;r=g&#038;d=mm\",\"caption\":\"Redacci\u00f3 \\\/ ACN\"},\"url\":\"https:\\\/\\\/www.eltriangle.eu\\\/es\\\/author\\\/redaccioacn\\\/\"},{\"@type\":\"SiteNavigationElement\",\"@id\":\"https:\\\/\\\/www.eltriangle.eu\\\/es\\\/#site-navigation\",\"cssSelector\":[\".cib-main-menu\"]},{\"@type\":\"WPHeader\",\"@id\":\"https:\\\/\\\/www.eltriangle.eu\\\/es\\\/#header\",\"cssSelector\":[\".cib-header\"]},{\"@type\":\"WPFooter\",\"@id\":\"https:\\\/\\\/www.eltriangle.eu\\\/es\\\/#footer\",\"cssSelector\":[\".cib-footer\"]}]}<\/script>\n<!-- \/ Yoast SEO plugin. -->","yoast_head_json":{"title":"La Fiscal\u00eda pide al Supremo la amnist\u00eda por el 1-O y Tsunami, y que se levanten las \u00f3rdenes de detenci\u00f3n - El Triangle","description":"La Fiscal\u00eda ha pedido este mi\u00e9rcoles al Tribunal Supremo la amnist\u00eda para los dirigentes independentistas que cumplen condena o est\u00e1n investigados en la","robots":{"index":"index","follow":"follow","max-snippet":"max-snippet:-1","max-image-preview":"max-image-preview:large","max-video-preview":"max-video-preview:-1"},"canonical":"https:\/\/www.eltriangle.eu\/es\/2024\/06\/19\/la-fiscalia-pide-al-supremo-la-amnistia-por-el-1-o-y-tsunami-y-que-se-levanten-las-ordenes-de-detencion\/","og_locale":"es_ES","og_type":"article","og_title":"La Fiscal\u00eda pide al Supremo la amnist\u00eda por el 1-O y Tsunami, y que se levanten las \u00f3rdenes de detenci\u00f3n - El Triangle","og_description":"La Fiscal\u00eda ha pedido este mi\u00e9rcoles al Tribunal Supremo la amnist\u00eda para los dirigentes independentistas que cumplen condena o est\u00e1n investigados en la","og_url":"https:\/\/www.eltriangle.eu\/es\/2024\/06\/19\/la-fiscalia-pide-al-supremo-la-amnistia-por-el-1-o-y-tsunami-y-que-se-levanten-las-ordenes-de-detencion\/","og_site_name":"El Triangle","article_publisher":"https:\/\/www.facebook.com\/El-Triangle-Diari-101787399020302","article_published_time":"2024-06-19T08:45:00+00:00","article_modified_time":"2024-06-19T15:03:12+00:00","og_image":[{"width":1200,"height":733,"url":"https:\/\/www.eltriangle.eu\/wp-content\/uploads\/2020\/11\/tres.jpeg","type":"image\/jpeg"}],"author":"Redacci\u00f3 \/ ACN","twitter_card":"summary_large_image","twitter_creator":"@El_Triangle","twitter_site":"@El_Triangle","twitter_misc":{"Escrito por":"Redacci\u00f3 \/ ACN","Tiempo de lectura":"2 minutos"},"schema":{"@context":"https:\/\/schema.org","@graph":[{"@type":"NewsArticle","@id":"https:\/\/www.eltriangle.eu\/es\/2024\/06\/19\/la-fiscalia-pide-al-supremo-la-amnistia-por-el-1-o-y-tsunami-y-que-se-levanten-las-ordenes-de-detencion\/#article","isPartOf":{"@id":"https:\/\/www.eltriangle.eu\/es\/2024\/06\/19\/la-fiscalia-pide-al-supremo-la-amnistia-por-el-1-o-y-tsunami-y-que-se-levanten-las-ordenes-de-detencion\/"},"author":{"name":"Redacci\u00f3 \/ ACN","@id":"https:\/\/www.eltriangle.eu\/es\/#\/schema\/person\/6e5938f06dd4dcd413779558fbf437d9"},"headline":"La Fiscal\u00eda pide al Supremo la amnist\u00eda por el 1-O y Tsunami, y que se levanten las \u00f3rdenes de detenci\u00f3n","datePublished":"2024-06-19T08:45:00+00:00","dateModified":"2024-06-19T15:03:12+00:00","mainEntityOfPage":{"@id":"https:\/\/www.eltriangle.eu\/es\/2024\/06\/19\/la-fiscalia-pide-al-supremo-la-amnistia-por-el-1-o-y-tsunami-y-que-se-levanten-las-ordenes-de-detencion\/"},"wordCount":373,"commentCount":0,"publisher":{"@id":"https:\/\/www.eltriangle.eu\/es\/#organization"},"image":{"@id":"https:\/\/www.eltriangle.eu\/es\/2024\/06\/19\/la-fiscalia-pide-al-supremo-la-amnistia-por-el-1-o-y-tsunami-y-que-se-levanten-las-ordenes-de-detencion\/#primaryimage"},"thumbnailUrl":"https:\/\/www.eltriangle.eu\/wp-content\/uploads\/2020\/11\/tres.jpeg","keywords":["1-O","amnistia","llei d'amnistia","Tsunami Democr\u00e0tic"],"articleSection":["Actualidad","Poderes"],"inLanguage":"es","potentialAction":[{"@type":"CommentAction","name":"Comment","target":["https:\/\/www.eltriangle.eu\/es\/2024\/06\/19\/la-fiscalia-pide-al-supremo-la-amnistia-por-el-1-o-y-tsunami-y-que-se-levanten-las-ordenes-de-detencion\/#respond"]}]},{"@type":"WebPage","@id":"https:\/\/www.eltriangle.eu\/es\/2024\/06\/19\/la-fiscalia-pide-al-supremo-la-amnistia-por-el-1-o-y-tsunami-y-que-se-levanten-las-ordenes-de-detencion\/","url":"https:\/\/www.eltriangle.eu\/es\/2024\/06\/19\/la-fiscalia-pide-al-supremo-la-amnistia-por-el-1-o-y-tsunami-y-que-se-levanten-las-ordenes-de-detencion\/","name":"La Fiscal\u00eda pide al Supremo la amnist\u00eda por el 1-O y Tsunami, y que se levanten las \u00f3rdenes de detenci\u00f3n - El Triangle","isPartOf":{"@id":"https:\/\/www.eltriangle.eu\/es\/#website"},"primaryImageOfPage":{"@id":"https:\/\/www.eltriangle.eu\/es\/2024\/06\/19\/la-fiscalia-pide-al-supremo-la-amnistia-por-el-1-o-y-tsunami-y-que-se-levanten-las-ordenes-de-detencion\/#primaryimage"},"image":{"@id":"https:\/\/www.eltriangle.eu\/es\/2024\/06\/19\/la-fiscalia-pide-al-supremo-la-amnistia-por-el-1-o-y-tsunami-y-que-se-levanten-las-ordenes-de-detencion\/#primaryimage"},"thumbnailUrl":"https:\/\/www.eltriangle.eu\/wp-content\/uploads\/2020\/11\/tres.jpeg","datePublished":"2024-06-19T08:45:00+00:00","dateModified":"2024-06-19T15:03:12+00:00","description":"La Fiscal\u00eda ha pedido este mi\u00e9rcoles al Tribunal Supremo la amnist\u00eda para los dirigentes independentistas que cumplen condena o est\u00e1n investigados en la","breadcrumb":{"@id":"https:\/\/www.eltriangle.eu\/es\/2024\/06\/19\/la-fiscalia-pide-al-supremo-la-amnistia-por-el-1-o-y-tsunami-y-que-se-levanten-las-ordenes-de-detencion\/#breadcrumb"},"inLanguage":"es","potentialAction":[{"@type":"ReadAction","target":["https:\/\/www.eltriangle.eu\/es\/2024\/06\/19\/la-fiscalia-pide-al-supremo-la-amnistia-por-el-1-o-y-tsunami-y-que-se-levanten-las-ordenes-de-detencion\/"]}]},{"@type":"ImageObject","inLanguage":"es","@id":"https:\/\/www.eltriangle.eu\/es\/2024\/06\/19\/la-fiscalia-pide-al-supremo-la-amnistia-por-el-1-o-y-tsunami-y-que-se-levanten-las-ordenes-de-detencion\/#primaryimage","url":"https:\/\/www.eltriangle.eu\/wp-content\/uploads\/2020\/11\/tres.jpeg","contentUrl":"https:\/\/www.eltriangle.eu\/wp-content\/uploads\/2020\/11\/tres.jpeg","width":1200,"height":733,"caption":"Oriol Junqueras, Carles Puigdemont y Ra\u00fcl Romeva"},{"@type":"BreadcrumbList","@id":"https:\/\/www.eltriangle.eu\/es\/2024\/06\/19\/la-fiscalia-pide-al-supremo-la-amnistia-por-el-1-o-y-tsunami-y-que-se-levanten-las-ordenes-de-detencion\/#breadcrumb","itemListElement":[{"@type":"ListItem","position":1,"name":"Portada","item":"https:\/\/www.eltriangle.eu\/es\/"},{"@type":"ListItem","position":2,"name":"La Fiscal\u00eda pide al Supremo la amnist\u00eda por el 1-O y Tsunami, y que se levanten las \u00f3rdenes de detenci\u00f3n"}]},{"@type":"WebSite","@id":"https:\/\/www.eltriangle.eu\/es\/#website","url":"https:\/\/www.eltriangle.eu\/es\/","name":"El Triangle","description":"El Triangle \u00e9s un Diari d&#039;informaci\u00f3 general, editat a Catalunya i escrit en llengua catalana, especialitzat en investigaci\u00f3 period\u00edstica","publisher":{"@id":"https:\/\/www.eltriangle.eu\/es\/#organization"},"potentialAction":[{"@type":"SearchAction","target":{"@type":"EntryPoint","urlTemplate":"https:\/\/www.eltriangle.eu\/es\/?s={search_term_string}"},"query-input":{"@type":"PropertyValueSpecification","valueRequired":true,"valueName":"search_term_string"}}],"inLanguage":"es"},{"@type":["Organization","NewsMediaOrganization"],"@id":"https:\/\/www.eltriangle.eu\/es\/#organization","name":"El Triangle","url":"https:\/\/www.eltriangle.eu\/es\/","logo":{"@type":"ImageObject","inLanguage":"es","@id":"https:\/\/www.eltriangle.eu\/es\/#\/schema\/logo\/image\/","url":"https:\/\/www.eltriangle.eu\/wp-content\/uploads\/2020\/11\/triangle_logo-ajustado.jpg","contentUrl":"https:\/\/www.eltriangle.eu\/wp-content\/uploads\/2020\/11\/triangle_logo-ajustado.jpg","width":521,"height":92,"caption":"El Triangle"},"image":{"@id":"https:\/\/www.eltriangle.eu\/es\/#\/schema\/logo\/image\/"},"sameAs":["https:\/\/www.facebook.com\/El-Triangle-Diari-101787399020302","https:\/\/x.com\/El_Triangle","https:\/\/www.youtube.com\/channel\/UCTIjmYEMYSpdGonuAgNhbcg"]},{"@type":"Person","@id":"https:\/\/www.eltriangle.eu\/es\/#\/schema\/person\/6e5938f06dd4dcd413779558fbf437d9","name":"Redacci\u00f3 \/ ACN","image":{"@type":"ImageObject","inLanguage":"es","@id":"\/\/www.gravatar.com\/avatar\/a5bc366245a614da74d9f8d49d1b53bf?s=96&#038;r=g&#038;d=mm","url":"\/\/www.gravatar.com\/avatar\/a5bc366245a614da74d9f8d49d1b53bf?s=96&#038;r=g&#038;d=mm","contentUrl":"\/\/www.gravatar.com\/avatar\/a5bc366245a614da74d9f8d49d1b53bf?s=96&#038;r=g&#038;d=mm","caption":"Redacci\u00f3 \/ ACN"},"url":"https:\/\/www.eltriangle.eu\/es\/author\/redaccioacn\/"},{"@type":"SiteNavigationElement","@id":"https:\/\/www.eltriangle.eu\/es\/#site-navigation","cssSelector":[".cib-main-menu"]},{"@type":"WPHeader","@id":"https:\/\/www.eltriangle.eu\/es\/#header","cssSelector":[".cib-header"]},{"@type":"WPFooter","@id":"https:\/\/www.eltriangle.eu\/es\/#footer","cssSelector":[".cib-footer"]}]}},"amp_enabled":true,"_links":{"self":[{"href":"https:\/\/www.eltriangle.eu\/es\/wp-json\/wp\/v2\/posts\/267051","targetHints":{"allow":["GET"]}}],"collection":[{"href":"https:\/\/www.eltriangle.eu\/es\/wp-json\/wp\/v2\/posts"}],"about":[{"href":"https:\/\/www.eltriangle.eu\/es\/wp-json\/wp\/v2\/types\/post"}],"author":[{"embeddable":true,"href":"https:\/\/www.eltriangle.eu\/es\/wp-json\/wp\/v2\/users\/179"}],"replies":[{"embeddable":true,"href":"https:\/\/www.eltriangle.eu\/es\/wp-json\/wp\/v2\/comments?post=267051"}],"version-history":[{"count":0,"href":"https:\/\/www.eltriangle.eu\/es\/wp-json\/wp\/v2\/posts\/267051\/revisions"}],"wp:featuredmedia":[{"embeddable":true,"href":"https:\/\/www.eltriangle.eu\/es\/wp-json\/wp\/v2\/media\/75105"}],"wp:attachment":[{"href":"https:\/\/www.eltriangle.eu\/es\/wp-json\/wp\/v2\/media?parent=267051"}],"wp:term":[{"taxonomy":"category","embeddable":true,"href":"https:\/\/www.eltriangle.eu\/es\/wp-json\/wp\/v2\/categories?post=267051"},{"taxonomy":"post_tag","embeddable":true,"href":"https:\/\/www.eltriangle.eu\/es\/wp-json\/wp\/v2\/tags?post=267051"}],"curies":[{"name":"wp","href":"https:\/\/api.w.org\/{rel}","templated":true}]}}