{"id":264434,"date":"2024-06-05T08:30:47","date_gmt":"2024-06-05T06:30:47","guid":{"rendered":null},"modified":"2024-06-05T12:27:14","modified_gmt":"2024-06-05T10:27:14","slug":"las-obras-del-camp-nou-tendran-que-acabar-a-las-22-00-horas-y-no-a-medianoche-hasta-el-20-de-junio","status":"publish","type":"post","link":"https:\/\/www.eltriangle.eu\/es\/2024\/06\/05\/las-obras-del-camp-nou-tendran-que-acabar-a-las-22-00-horas-y-no-a-medianoche-hasta-el-20-de-junio\/","title":{"rendered":"Las obras del Camp Nou tendr\u00e1n que acabar a las 22.00 horas, y no a medianoche, hasta el 20 de junio"},"content":{"rendered":"<p><strong>El horario de las obras de remodelaci\u00f3n del Camp Nou se acorta dos horas<\/strong> desde este mi\u00e9rcoles para evitar las molestias a los vecinos ante los incumplimientos detectados, seg\u00fan ha avanzado Betev\u00e9 y han confirmado fuentes municipales a la ACN. De lunes a viernes solo se autoriza el horario extraordinario de 20:00 a 22:00 horas y no hasta la medianoche, como estaba vigente desde abril.<\/p>\n<p>En este horario se tendr\u00e1n que realizar trabajos interiores que no requieren de maquinaria que provoque molestias por ruido o contaminaci\u00f3n lum\u00ednica. Tampoco se podr\u00e1 trabajar los dos primeros s\u00e1bados de junio, a\u00f1ade la misma informaci\u00f3n. Estos acuerdos se han alcanzado en el marco de una reuni\u00f3n de seguimiento entre el distrito, los vecinos y el club azulgrana, y estar\u00e1n vigentes hasta el 20 de junio.<\/p>\n<p>A partir de entonces, el distrito se volver\u00e1 a reunir con los vecinos para comprobar que se han cumplido las condiciones de trabajo establecidas de lunes a viernes y decidir si se permiten horarios extraordinarios los pr\u00f3ximos s\u00e1bados alternos.<\/p>\n<p>As\u00ed, seg\u00fan a\u00f1ade la misma informaci\u00f3n, si se comprueba que se han respetado estos acuerdos, a partir del 20 de junio se permitir\u00e1 trabajar como horario extraordinario en s\u00e1bados alternos de 10:00 a 20:00 horas. Entre las 20:00 y las 22:00 horas se permitir\u00e1 solo si se respetan las condiciones de trabajo establecidas entre semana. Este horario supone acortar dos horas el actual horario extraordinario vigente los s\u00e1bados.<\/p>\n","protected":false},"excerpt":{"rendered":"<p>El horario de las obras de remodelaci\u00f3n del Camp Nou se acorta dos horas desde este mi\u00e9rcoles para evitar las molestias a los vecinos ante los incumplimientos detectados, seg\u00fan ha avanzado Betev\u00e9 y han confirmado fuentes municipales a la ACN. De lunes a viernes solo se autoriza el horario extraordinario de 20:00 a 22:00 horas &#8230; <a title=\"Las obras del Camp Nou tendr\u00e1n que acabar a las 22.00 horas, y no a medianoche, hasta el 20 de junio\" class=\"read-more\" href=\"https:\/\/www.eltriangle.eu\/es\/2024\/06\/05\/las-obras-del-camp-nou-tendran-que-acabar-a-las-22-00-horas-y-no-a-medianoche-hasta-el-20-de-junio\/\" aria-label=\"Leer m\u00e1s sobre Las obras del Camp Nou tendr\u00e1n que acabar a las 22.00 horas, y no a medianoche, hasta el 20 de junio\">Leer m\u00e1s<\/a><\/p>\n","protected":false},"author":179,"featured_media":251887,"comment_status":"open","ping_status":"closed","sticky":false,"template":"","format":"standard","meta":{"_acf_changed":false,"pmpro_default_level":"","footnotes":""},"categories":[24,88,90],"tags":[563],"class_list":["post-264434","post","type-post","status-publish","format-standard","has-post-thumbnail","hentry","category-actualidad","category-deportes","category-local","tag-fc-barcelona-es","lh_instant_articles-syndicate-yes","pmpro-has-access"],"acf":[],"yoast_head":"<!-- This site is optimized with the Yoast SEO plugin v27.4 - https:\/\/yoast.com\/product\/yoast-seo-wordpress\/ -->\n<title>Las obras del Camp Nou tendr\u00e1n que acabar a las 22.00 horas, y no a medianoche, hasta el 20 de junio - El Triangle<\/title>\n<meta name=\"description\" content=\"El horario de las obras de remodelaci\u00f3n del Camp Nou se acorta dos horas desde este mi\u00e9rcoles para evitar las molestias a los vecinos ante los\" class=\"yoast-seo-meta-tag\" \/>\n<meta name=\"robots\" content=\"index, follow, max-snippet:-1, max-image-preview:large, max-video-preview:-1\" \/>\n<link rel=\"canonical\" href=\"https:\/\/www.eltriangle.eu\/es\/2024\/06\/05\/las-obras-del-camp-nou-tendran-que-acabar-a-las-22-00-horas-y-no-a-medianoche-hasta-el-20-de-junio\/\" class=\"yoast-seo-meta-tag\" \/>\n<meta property=\"og:locale\" content=\"es_ES\" class=\"yoast-seo-meta-tag\" \/>\n<meta property=\"og:type\" content=\"article\" class=\"yoast-seo-meta-tag\" \/>\n<meta property=\"og:title\" content=\"Las obras del Camp Nou tendr\u00e1n que acabar a las 22.00 horas, y no a medianoche, hasta el 20 de junio - El Triangle\" class=\"yoast-seo-meta-tag\" \/>\n<meta property=\"og:description\" content=\"El horario de las obras de remodelaci\u00f3n del Camp Nou se acorta dos horas desde este mi\u00e9rcoles para evitar las molestias a los vecinos ante los\" class=\"yoast-seo-meta-tag\" \/>\n<meta property=\"og:url\" content=\"https:\/\/www.eltriangle.eu\/es\/2024\/06\/05\/las-obras-del-camp-nou-tendran-que-acabar-a-las-22-00-horas-y-no-a-medianoche-hasta-el-20-de-junio\/\" class=\"yoast-seo-meta-tag\" \/>\n<meta property=\"og:site_name\" content=\"El Triangle\" class=\"yoast-seo-meta-tag\" \/>\n<meta property=\"article:publisher\" content=\"https:\/\/www.facebook.com\/El-Triangle-Diari-101787399020302\" class=\"yoast-seo-meta-tag\" \/>\n<meta property=\"article:published_time\" content=\"2024-06-05T06:30:47+00:00\" class=\"yoast-seo-meta-tag\" \/>\n<meta property=\"article:modified_time\" content=\"2024-06-05T10:27:14+00:00\" class=\"yoast-seo-meta-tag\" \/>\n<meta property=\"og:image\" content=\"https:\/\/www.eltriangle.eu\/wp-content\/uploads\/2024\/03\/les-obres-del-camp-nou.jpg\" class=\"yoast-seo-meta-tag\" \/>\n\t<meta property=\"og:image:width\" content=\"1196\" class=\"yoast-seo-meta-tag\" \/>\n\t<meta property=\"og:image:height\" content=\"749\" class=\"yoast-seo-meta-tag\" \/>\n\t<meta property=\"og:image:type\" content=\"image\/jpeg\" class=\"yoast-seo-meta-tag\" \/>\n<meta name=\"author\" content=\"Redacci\u00f3 \/ ACN\" class=\"yoast-seo-meta-tag\" \/>\n<meta name=\"twitter:card\" content=\"summary_large_image\" class=\"yoast-seo-meta-tag\" \/>\n<meta name=\"twitter:creator\" content=\"@El_Triangle\" class=\"yoast-seo-meta-tag\" \/>\n<meta name=\"twitter:site\" content=\"@El_Triangle\" class=\"yoast-seo-meta-tag\" \/>\n<meta name=\"twitter:label1\" content=\"Escrito por\" class=\"yoast-seo-meta-tag\" \/>\n\t<meta name=\"twitter:data1\" content=\"Redacci\u00f3 \/ ACN\" class=\"yoast-seo-meta-tag\" \/>\n\t<meta name=\"twitter:label2\" content=\"Tiempo de lectura\" class=\"yoast-seo-meta-tag\" \/>\n\t<meta name=\"twitter:data2\" content=\"1 minuto\" class=\"yoast-seo-meta-tag\" \/>\n<script type=\"application\/ld+json\" class=\"yoast-schema-graph\">{\"@context\":\"https:\\\/\\\/schema.org\",\"@graph\":[{\"@type\":\"NewsArticle\",\"@id\":\"https:\\\/\\\/www.eltriangle.eu\\\/es\\\/2024\\\/06\\\/05\\\/las-obras-del-camp-nou-tendran-que-acabar-a-las-22-00-horas-y-no-a-medianoche-hasta-el-20-de-junio\\\/#article\",\"isPartOf\":{\"@id\":\"https:\\\/\\\/www.eltriangle.eu\\\/es\\\/2024\\\/06\\\/05\\\/las-obras-del-camp-nou-tendran-que-acabar-a-las-22-00-horas-y-no-a-medianoche-hasta-el-20-de-junio\\\/\"},\"author\":{\"name\":\"Redacci\u00f3 \\\/ ACN\",\"@id\":\"https:\\\/\\\/www.eltriangle.eu\\\/es\\\/#\\\/schema\\\/person\\\/6e5938f06dd4dcd413779558fbf437d9\"},\"headline\":\"Las obras del Camp Nou tendr\u00e1n que acabar a las 22.00 horas, y no a medianoche, hasta el 20 de junio\",\"datePublished\":\"2024-06-05T06:30:47+00:00\",\"dateModified\":\"2024-06-05T10:27:14+00:00\",\"mainEntityOfPage\":{\"@id\":\"https:\\\/\\\/www.eltriangle.eu\\\/es\\\/2024\\\/06\\\/05\\\/las-obras-del-camp-nou-tendran-que-acabar-a-las-22-00-horas-y-no-a-medianoche-hasta-el-20-de-junio\\\/\"},\"wordCount\":268,\"commentCount\":0,\"publisher\":{\"@id\":\"https:\\\/\\\/www.eltriangle.eu\\\/es\\\/#organization\"},\"image\":{\"@id\":\"https:\\\/\\\/www.eltriangle.eu\\\/es\\\/2024\\\/06\\\/05\\\/las-obras-del-camp-nou-tendran-que-acabar-a-las-22-00-horas-y-no-a-medianoche-hasta-el-20-de-junio\\\/#primaryimage\"},\"thumbnailUrl\":\"https:\\\/\\\/www.eltriangle.eu\\\/wp-content\\\/uploads\\\/2024\\\/03\\\/les-obres-del-camp-nou.jpg\",\"keywords\":[\"FC Barcelona\"],\"articleSection\":[\"Actualidad\",\"Deportes\",\"Local\"],\"inLanguage\":\"es\",\"potentialAction\":[{\"@type\":\"CommentAction\",\"name\":\"Comment\",\"target\":[\"https:\\\/\\\/www.eltriangle.eu\\\/es\\\/2024\\\/06\\\/05\\\/las-obras-del-camp-nou-tendran-que-acabar-a-las-22-00-horas-y-no-a-medianoche-hasta-el-20-de-junio\\\/#respond\"]}]},{\"@type\":\"WebPage\",\"@id\":\"https:\\\/\\\/www.eltriangle.eu\\\/es\\\/2024\\\/06\\\/05\\\/las-obras-del-camp-nou-tendran-que-acabar-a-las-22-00-horas-y-no-a-medianoche-hasta-el-20-de-junio\\\/\",\"url\":\"https:\\\/\\\/www.eltriangle.eu\\\/es\\\/2024\\\/06\\\/05\\\/las-obras-del-camp-nou-tendran-que-acabar-a-las-22-00-horas-y-no-a-medianoche-hasta-el-20-de-junio\\\/\",\"name\":\"Las obras del Camp Nou tendr\u00e1n que acabar a las 22.00 horas, y no a medianoche, hasta el 20 de junio - El Triangle\",\"isPartOf\":{\"@id\":\"https:\\\/\\\/www.eltriangle.eu\\\/es\\\/#website\"},\"primaryImageOfPage\":{\"@id\":\"https:\\\/\\\/www.eltriangle.eu\\\/es\\\/2024\\\/06\\\/05\\\/las-obras-del-camp-nou-tendran-que-acabar-a-las-22-00-horas-y-no-a-medianoche-hasta-el-20-de-junio\\\/#primaryimage\"},\"image\":{\"@id\":\"https:\\\/\\\/www.eltriangle.eu\\\/es\\\/2024\\\/06\\\/05\\\/las-obras-del-camp-nou-tendran-que-acabar-a-las-22-00-horas-y-no-a-medianoche-hasta-el-20-de-junio\\\/#primaryimage\"},\"thumbnailUrl\":\"https:\\\/\\\/www.eltriangle.eu\\\/wp-content\\\/uploads\\\/2024\\\/03\\\/les-obres-del-camp-nou.jpg\",\"datePublished\":\"2024-06-05T06:30:47+00:00\",\"dateModified\":\"2024-06-05T10:27:14+00:00\",\"description\":\"El horario de las obras de remodelaci\u00f3n del Camp Nou se acorta dos horas desde este mi\u00e9rcoles para evitar las molestias a los vecinos ante los\",\"breadcrumb\":{\"@id\":\"https:\\\/\\\/www.eltriangle.eu\\\/es\\\/2024\\\/06\\\/05\\\/las-obras-del-camp-nou-tendran-que-acabar-a-las-22-00-horas-y-no-a-medianoche-hasta-el-20-de-junio\\\/#breadcrumb\"},\"inLanguage\":\"es\",\"potentialAction\":[{\"@type\":\"ReadAction\",\"target\":[\"https:\\\/\\\/www.eltriangle.eu\\\/es\\\/2024\\\/06\\\/05\\\/las-obras-del-camp-nou-tendran-que-acabar-a-las-22-00-horas-y-no-a-medianoche-hasta-el-20-de-junio\\\/\"]}]},{\"@type\":\"ImageObject\",\"inLanguage\":\"es\",\"@id\":\"https:\\\/\\\/www.eltriangle.eu\\\/es\\\/2024\\\/06\\\/05\\\/las-obras-del-camp-nou-tendran-que-acabar-a-las-22-00-horas-y-no-a-medianoche-hasta-el-20-de-junio\\\/#primaryimage\",\"url\":\"https:\\\/\\\/www.eltriangle.eu\\\/wp-content\\\/uploads\\\/2024\\\/03\\\/les-obres-del-camp-nou.jpg\",\"contentUrl\":\"https:\\\/\\\/www.eltriangle.eu\\\/wp-content\\\/uploads\\\/2024\\\/03\\\/les-obres-del-camp-nou.jpg\",\"width\":1196,\"height\":749,\"caption\":\"Les obres del Camp Nou\"},{\"@type\":\"BreadcrumbList\",\"@id\":\"https:\\\/\\\/www.eltriangle.eu\\\/es\\\/2024\\\/06\\\/05\\\/las-obras-del-camp-nou-tendran-que-acabar-a-las-22-00-horas-y-no-a-medianoche-hasta-el-20-de-junio\\\/#breadcrumb\",\"itemListElement\":[{\"@type\":\"ListItem\",\"position\":1,\"name\":\"Portada\",\"item\":\"https:\\\/\\\/www.eltriangle.eu\\\/es\\\/\"},{\"@type\":\"ListItem\",\"position\":2,\"name\":\"Las obras del Camp Nou tendr\u00e1n que acabar a las 22.00 horas, y no a medianoche, hasta el 20 de junio\"}]},{\"@type\":\"WebSite\",\"@id\":\"https:\\\/\\\/www.eltriangle.eu\\\/es\\\/#website\",\"url\":\"https:\\\/\\\/www.eltriangle.eu\\\/es\\\/\",\"name\":\"El Triangle\",\"description\":\"El Triangle \u00e9s un Diari d&#039;informaci\u00f3 general, editat a Catalunya i escrit en llengua catalana, especialitzat en investigaci\u00f3 period\u00edstica\",\"publisher\":{\"@id\":\"https:\\\/\\\/www.eltriangle.eu\\\/es\\\/#organization\"},\"potentialAction\":[{\"@type\":\"SearchAction\",\"target\":{\"@type\":\"EntryPoint\",\"urlTemplate\":\"https:\\\/\\\/www.eltriangle.eu\\\/es\\\/?s={search_term_string}\"},\"query-input\":{\"@type\":\"PropertyValueSpecification\",\"valueRequired\":true,\"valueName\":\"search_term_string\"}}],\"inLanguage\":\"es\"},{\"@type\":[\"Organization\",\"NewsMediaOrganization\"],\"@id\":\"https:\\\/\\\/www.eltriangle.eu\\\/es\\\/#organization\",\"name\":\"El Triangle\",\"url\":\"https:\\\/\\\/www.eltriangle.eu\\\/es\\\/\",\"logo\":{\"@type\":\"ImageObject\",\"inLanguage\":\"es\",\"@id\":\"https:\\\/\\\/www.eltriangle.eu\\\/es\\\/#\\\/schema\\\/logo\\\/image\\\/\",\"url\":\"https:\\\/\\\/www.eltriangle.eu\\\/wp-content\\\/uploads\\\/2020\\\/11\\\/triangle_logo-ajustado.jpg\",\"contentUrl\":\"https:\\\/\\\/www.eltriangle.eu\\\/wp-content\\\/uploads\\\/2020\\\/11\\\/triangle_logo-ajustado.jpg\",\"width\":521,\"height\":92,\"caption\":\"El Triangle\"},\"image\":{\"@id\":\"https:\\\/\\\/www.eltriangle.eu\\\/es\\\/#\\\/schema\\\/logo\\\/image\\\/\"},\"sameAs\":[\"https:\\\/\\\/www.facebook.com\\\/El-Triangle-Diari-101787399020302\",\"https:\\\/\\\/x.com\\\/El_Triangle\",\"https:\\\/\\\/www.youtube.com\\\/channel\\\/UCTIjmYEMYSpdGonuAgNhbcg\"]},{\"@type\":\"Person\",\"@id\":\"https:\\\/\\\/www.eltriangle.eu\\\/es\\\/#\\\/schema\\\/person\\\/6e5938f06dd4dcd413779558fbf437d9\",\"name\":\"Redacci\u00f3 \\\/ ACN\",\"image\":{\"@type\":\"ImageObject\",\"inLanguage\":\"es\",\"@id\":\"\\\/\\\/www.gravatar.com\\\/avatar\\\/a5bc366245a614da74d9f8d49d1b53bf?s=96&#038;r=g&#038;d=mm\",\"url\":\"\\\/\\\/www.gravatar.com\\\/avatar\\\/a5bc366245a614da74d9f8d49d1b53bf?s=96&#038;r=g&#038;d=mm\",\"contentUrl\":\"\\\/\\\/www.gravatar.com\\\/avatar\\\/a5bc366245a614da74d9f8d49d1b53bf?s=96&#038;r=g&#038;d=mm\",\"caption\":\"Redacci\u00f3 \\\/ ACN\"},\"url\":\"https:\\\/\\\/www.eltriangle.eu\\\/es\\\/author\\\/redaccioacn\\\/\"},{\"@type\":\"SiteNavigationElement\",\"@id\":\"https:\\\/\\\/www.eltriangle.eu\\\/es\\\/#site-navigation\",\"cssSelector\":[\".cib-main-menu\"]},{\"@type\":\"WPHeader\",\"@id\":\"https:\\\/\\\/www.eltriangle.eu\\\/es\\\/#header\",\"cssSelector\":[\".cib-header\"]},{\"@type\":\"WPFooter\",\"@id\":\"https:\\\/\\\/www.eltriangle.eu\\\/es\\\/#footer\",\"cssSelector\":[\".cib-footer\"]}]}<\/script>\n<!-- \/ Yoast SEO plugin. -->","yoast_head_json":{"title":"Las obras del Camp Nou tendr\u00e1n que acabar a las 22.00 horas, y no a medianoche, hasta el 20 de junio - El Triangle","description":"El horario de las obras de remodelaci\u00f3n del Camp Nou se acorta dos horas desde este mi\u00e9rcoles para evitar las molestias a los vecinos ante los","robots":{"index":"index","follow":"follow","max-snippet":"max-snippet:-1","max-image-preview":"max-image-preview:large","max-video-preview":"max-video-preview:-1"},"canonical":"https:\/\/www.eltriangle.eu\/es\/2024\/06\/05\/las-obras-del-camp-nou-tendran-que-acabar-a-las-22-00-horas-y-no-a-medianoche-hasta-el-20-de-junio\/","og_locale":"es_ES","og_type":"article","og_title":"Las obras del Camp Nou tendr\u00e1n que acabar a las 22.00 horas, y no a medianoche, hasta el 20 de junio - El Triangle","og_description":"El horario de las obras de remodelaci\u00f3n del Camp Nou se acorta dos horas desde este mi\u00e9rcoles para evitar las molestias a los vecinos ante los","og_url":"https:\/\/www.eltriangle.eu\/es\/2024\/06\/05\/las-obras-del-camp-nou-tendran-que-acabar-a-las-22-00-horas-y-no-a-medianoche-hasta-el-20-de-junio\/","og_site_name":"El Triangle","article_publisher":"https:\/\/www.facebook.com\/El-Triangle-Diari-101787399020302","article_published_time":"2024-06-05T06:30:47+00:00","article_modified_time":"2024-06-05T10:27:14+00:00","og_image":[{"width":1196,"height":749,"url":"https:\/\/www.eltriangle.eu\/wp-content\/uploads\/2024\/03\/les-obres-del-camp-nou.jpg","type":"image\/jpeg"}],"author":"Redacci\u00f3 \/ ACN","twitter_card":"summary_large_image","twitter_creator":"@El_Triangle","twitter_site":"@El_Triangle","twitter_misc":{"Escrito por":"Redacci\u00f3 \/ ACN","Tiempo de lectura":"1 minuto"},"schema":{"@context":"https:\/\/schema.org","@graph":[{"@type":"NewsArticle","@id":"https:\/\/www.eltriangle.eu\/es\/2024\/06\/05\/las-obras-del-camp-nou-tendran-que-acabar-a-las-22-00-horas-y-no-a-medianoche-hasta-el-20-de-junio\/#article","isPartOf":{"@id":"https:\/\/www.eltriangle.eu\/es\/2024\/06\/05\/las-obras-del-camp-nou-tendran-que-acabar-a-las-22-00-horas-y-no-a-medianoche-hasta-el-20-de-junio\/"},"author":{"name":"Redacci\u00f3 \/ ACN","@id":"https:\/\/www.eltriangle.eu\/es\/#\/schema\/person\/6e5938f06dd4dcd413779558fbf437d9"},"headline":"Las obras del Camp Nou tendr\u00e1n que acabar a las 22.00 horas, y no a medianoche, hasta el 20 de junio","datePublished":"2024-06-05T06:30:47+00:00","dateModified":"2024-06-05T10:27:14+00:00","mainEntityOfPage":{"@id":"https:\/\/www.eltriangle.eu\/es\/2024\/06\/05\/las-obras-del-camp-nou-tendran-que-acabar-a-las-22-00-horas-y-no-a-medianoche-hasta-el-20-de-junio\/"},"wordCount":268,"commentCount":0,"publisher":{"@id":"https:\/\/www.eltriangle.eu\/es\/#organization"},"image":{"@id":"https:\/\/www.eltriangle.eu\/es\/2024\/06\/05\/las-obras-del-camp-nou-tendran-que-acabar-a-las-22-00-horas-y-no-a-medianoche-hasta-el-20-de-junio\/#primaryimage"},"thumbnailUrl":"https:\/\/www.eltriangle.eu\/wp-content\/uploads\/2024\/03\/les-obres-del-camp-nou.jpg","keywords":["FC Barcelona"],"articleSection":["Actualidad","Deportes","Local"],"inLanguage":"es","potentialAction":[{"@type":"CommentAction","name":"Comment","target":["https:\/\/www.eltriangle.eu\/es\/2024\/06\/05\/las-obras-del-camp-nou-tendran-que-acabar-a-las-22-00-horas-y-no-a-medianoche-hasta-el-20-de-junio\/#respond"]}]},{"@type":"WebPage","@id":"https:\/\/www.eltriangle.eu\/es\/2024\/06\/05\/las-obras-del-camp-nou-tendran-que-acabar-a-las-22-00-horas-y-no-a-medianoche-hasta-el-20-de-junio\/","url":"https:\/\/www.eltriangle.eu\/es\/2024\/06\/05\/las-obras-del-camp-nou-tendran-que-acabar-a-las-22-00-horas-y-no-a-medianoche-hasta-el-20-de-junio\/","name":"Las obras del Camp Nou tendr\u00e1n que acabar a las 22.00 horas, y no a medianoche, hasta el 20 de junio - El Triangle","isPartOf":{"@id":"https:\/\/www.eltriangle.eu\/es\/#website"},"primaryImageOfPage":{"@id":"https:\/\/www.eltriangle.eu\/es\/2024\/06\/05\/las-obras-del-camp-nou-tendran-que-acabar-a-las-22-00-horas-y-no-a-medianoche-hasta-el-20-de-junio\/#primaryimage"},"image":{"@id":"https:\/\/www.eltriangle.eu\/es\/2024\/06\/05\/las-obras-del-camp-nou-tendran-que-acabar-a-las-22-00-horas-y-no-a-medianoche-hasta-el-20-de-junio\/#primaryimage"},"thumbnailUrl":"https:\/\/www.eltriangle.eu\/wp-content\/uploads\/2024\/03\/les-obres-del-camp-nou.jpg","datePublished":"2024-06-05T06:30:47+00:00","dateModified":"2024-06-05T10:27:14+00:00","description":"El horario de las obras de remodelaci\u00f3n del Camp Nou se acorta dos horas desde este mi\u00e9rcoles para evitar las molestias a los vecinos ante los","breadcrumb":{"@id":"https:\/\/www.eltriangle.eu\/es\/2024\/06\/05\/las-obras-del-camp-nou-tendran-que-acabar-a-las-22-00-horas-y-no-a-medianoche-hasta-el-20-de-junio\/#breadcrumb"},"inLanguage":"es","potentialAction":[{"@type":"ReadAction","target":["https:\/\/www.eltriangle.eu\/es\/2024\/06\/05\/las-obras-del-camp-nou-tendran-que-acabar-a-las-22-00-horas-y-no-a-medianoche-hasta-el-20-de-junio\/"]}]},{"@type":"ImageObject","inLanguage":"es","@id":"https:\/\/www.eltriangle.eu\/es\/2024\/06\/05\/las-obras-del-camp-nou-tendran-que-acabar-a-las-22-00-horas-y-no-a-medianoche-hasta-el-20-de-junio\/#primaryimage","url":"https:\/\/www.eltriangle.eu\/wp-content\/uploads\/2024\/03\/les-obres-del-camp-nou.jpg","contentUrl":"https:\/\/www.eltriangle.eu\/wp-content\/uploads\/2024\/03\/les-obres-del-camp-nou.jpg","width":1196,"height":749,"caption":"Les obres del Camp Nou"},{"@type":"BreadcrumbList","@id":"https:\/\/www.eltriangle.eu\/es\/2024\/06\/05\/las-obras-del-camp-nou-tendran-que-acabar-a-las-22-00-horas-y-no-a-medianoche-hasta-el-20-de-junio\/#breadcrumb","itemListElement":[{"@type":"ListItem","position":1,"name":"Portada","item":"https:\/\/www.eltriangle.eu\/es\/"},{"@type":"ListItem","position":2,"name":"Las obras del Camp Nou tendr\u00e1n que acabar a las 22.00 horas, y no a medianoche, hasta el 20 de junio"}]},{"@type":"WebSite","@id":"https:\/\/www.eltriangle.eu\/es\/#website","url":"https:\/\/www.eltriangle.eu\/es\/","name":"El Triangle","description":"El Triangle \u00e9s un Diari d&#039;informaci\u00f3 general, editat a Catalunya i escrit en llengua catalana, especialitzat en investigaci\u00f3 period\u00edstica","publisher":{"@id":"https:\/\/www.eltriangle.eu\/es\/#organization"},"potentialAction":[{"@type":"SearchAction","target":{"@type":"EntryPoint","urlTemplate":"https:\/\/www.eltriangle.eu\/es\/?s={search_term_string}"},"query-input":{"@type":"PropertyValueSpecification","valueRequired":true,"valueName":"search_term_string"}}],"inLanguage":"es"},{"@type":["Organization","NewsMediaOrganization"],"@id":"https:\/\/www.eltriangle.eu\/es\/#organization","name":"El Triangle","url":"https:\/\/www.eltriangle.eu\/es\/","logo":{"@type":"ImageObject","inLanguage":"es","@id":"https:\/\/www.eltriangle.eu\/es\/#\/schema\/logo\/image\/","url":"https:\/\/www.eltriangle.eu\/wp-content\/uploads\/2020\/11\/triangle_logo-ajustado.jpg","contentUrl":"https:\/\/www.eltriangle.eu\/wp-content\/uploads\/2020\/11\/triangle_logo-ajustado.jpg","width":521,"height":92,"caption":"El Triangle"},"image":{"@id":"https:\/\/www.eltriangle.eu\/es\/#\/schema\/logo\/image\/"},"sameAs":["https:\/\/www.facebook.com\/El-Triangle-Diari-101787399020302","https:\/\/x.com\/El_Triangle","https:\/\/www.youtube.com\/channel\/UCTIjmYEMYSpdGonuAgNhbcg"]},{"@type":"Person","@id":"https:\/\/www.eltriangle.eu\/es\/#\/schema\/person\/6e5938f06dd4dcd413779558fbf437d9","name":"Redacci\u00f3 \/ ACN","image":{"@type":"ImageObject","inLanguage":"es","@id":"\/\/www.gravatar.com\/avatar\/a5bc366245a614da74d9f8d49d1b53bf?s=96&#038;r=g&#038;d=mm","url":"\/\/www.gravatar.com\/avatar\/a5bc366245a614da74d9f8d49d1b53bf?s=96&#038;r=g&#038;d=mm","contentUrl":"\/\/www.gravatar.com\/avatar\/a5bc366245a614da74d9f8d49d1b53bf?s=96&#038;r=g&#038;d=mm","caption":"Redacci\u00f3 \/ ACN"},"url":"https:\/\/www.eltriangle.eu\/es\/author\/redaccioacn\/"},{"@type":"SiteNavigationElement","@id":"https:\/\/www.eltriangle.eu\/es\/#site-navigation","cssSelector":[".cib-main-menu"]},{"@type":"WPHeader","@id":"https:\/\/www.eltriangle.eu\/es\/#header","cssSelector":[".cib-header"]},{"@type":"WPFooter","@id":"https:\/\/www.eltriangle.eu\/es\/#footer","cssSelector":[".cib-footer"]}]}},"amp_enabled":true,"_links":{"self":[{"href":"https:\/\/www.eltriangle.eu\/es\/wp-json\/wp\/v2\/posts\/264434","targetHints":{"allow":["GET"]}}],"collection":[{"href":"https:\/\/www.eltriangle.eu\/es\/wp-json\/wp\/v2\/posts"}],"about":[{"href":"https:\/\/www.eltriangle.eu\/es\/wp-json\/wp\/v2\/types\/post"}],"author":[{"embeddable":true,"href":"https:\/\/www.eltriangle.eu\/es\/wp-json\/wp\/v2\/users\/179"}],"replies":[{"embeddable":true,"href":"https:\/\/www.eltriangle.eu\/es\/wp-json\/wp\/v2\/comments?post=264434"}],"version-history":[{"count":0,"href":"https:\/\/www.eltriangle.eu\/es\/wp-json\/wp\/v2\/posts\/264434\/revisions"}],"wp:featuredmedia":[{"embeddable":true,"href":"https:\/\/www.eltriangle.eu\/es\/wp-json\/wp\/v2\/media\/251887"}],"wp:attachment":[{"href":"https:\/\/www.eltriangle.eu\/es\/wp-json\/wp\/v2\/media?parent=264434"}],"wp:term":[{"taxonomy":"category","embeddable":true,"href":"https:\/\/www.eltriangle.eu\/es\/wp-json\/wp\/v2\/categories?post=264434"},{"taxonomy":"post_tag","embeddable":true,"href":"https:\/\/www.eltriangle.eu\/es\/wp-json\/wp\/v2\/tags?post=264434"}],"curies":[{"name":"wp","href":"https:\/\/api.w.org\/{rel}","templated":true}]}}