{"id":263599,"date":"2024-05-31T08:30:17","date_gmt":"2024-05-31T06:30:17","guid":{"rendered":null},"modified":"2024-05-31T13:40:36","modified_gmt":"2024-05-31T11:40:36","slug":"consumo-multa-con-mas-de-150-millones-a-cuatro-aerolineas-por-el-cobro-extra-del-equipaje-de-mano","status":"publish","type":"post","link":"https:\/\/www.eltriangle.eu\/es\/2024\/05\/31\/consumo-multa-con-mas-de-150-millones-a-cuatro-aerolineas-por-el-cobro-extra-del-equipaje-de-mano\/","title":{"rendered":"Consumo multa con m\u00e1s de 150 millones a cuatro aerol\u00edneas por el cobro extra del equipaje de mano"},"content":{"rendered":"<p>El <strong>Ministerio de Consumo<\/strong> ha multado con m\u00e1s de<strong> 150 millones de euros<\/strong> a las aerol\u00edneas <strong>Ryanair, Vueling, Volotea y Easyjet<\/strong> por el cobro extra del equipaje de mano, seg\u00fan ha avanzado la Cadena SER. Fuentes del ministerio han confirmado el expediente, pero han eludido facilitar los nombres de las compa\u00f1\u00edas y el importe de la multa, difunde la ACN.<\/p>\n<p>Tras recibir denuncias de organizaciones de consumidores, el Gobierno de Espa\u00f1a tambi\u00e9n investig\u00f3 pr\u00e1cticas que se pod\u00edan considerar \u00ababusivas\u00bb, como el cobro del suplemento por la reserva de asientos contiguos para acompa\u00f1ar a menores y dependientes, una falta de transparencia en la informaci\u00f3n precontractual sobre el precio final del servicio y la imposibilidad de pagar en met\u00e1lico en el aeropuerto por estos servicios u otros adicionales.<\/p>\n<p>La <strong>Direcci\u00f3n General de Consumo<\/strong> instruy\u00f3 la investigaci\u00f3n y envi\u00f3 las propuestas de sanci\u00f3n y razones a las compa\u00f1\u00edas afectadas, a\u00f1ade la misma informaci\u00f3n. Fuentes del Ministerio de Consumo han explicado que las cuatro aerol\u00edneas sancionadas tuvieron el derecho a realizar sus alegaciones ante la<strong> Secretar\u00eda General de Consumo y Juego<\/strong>, que estudi\u00f3 las alegaciones y las propuestas de resoluci\u00f3n de la Direcci\u00f3n General de Consumo y comunic\u00f3 la resoluci\u00f3n final a las aerol\u00edneas hace unas semanas.<\/p>\n<p>Ahora, las aerol\u00edneas tienen derecho a presentar un recurso de alzada ante Consumo y, una vez agotada la v\u00eda administrativa, podr\u00e1n acudir a los tribunales. Fuentes del mismo ministerio citadas por la ACN han dejado claro que tienen \u00abla obligaci\u00f3n de velar por el cumplimiento de la ley, garantizar el respeto a los derechos de las personas consumidoras y el deber de ofrecer las mismas garant\u00edas a las compa\u00f1\u00edas afectadas\u00bb.<\/p>\n","protected":false},"excerpt":{"rendered":"<p>El Ministerio de Consumo ha multado con m\u00e1s de 150 millones de euros a las aerol\u00edneas Ryanair, Vueling, Volotea y Easyjet por el cobro extra del equipaje de mano, seg\u00fan ha avanzado la Cadena SER. Fuentes del ministerio han confirmado el expediente, pero han eludido facilitar los nombres de las compa\u00f1\u00edas y el importe de &#8230; <a title=\"Consumo multa con m\u00e1s de 150 millones a cuatro aerol\u00edneas por el cobro extra del equipaje de mano\" class=\"read-more\" href=\"https:\/\/www.eltriangle.eu\/es\/2024\/05\/31\/consumo-multa-con-mas-de-150-millones-a-cuatro-aerolineas-por-el-cobro-extra-del-equipaje-de-mano\/\" aria-label=\"Leer m\u00e1s sobre Consumo multa con m\u00e1s de 150 millones a cuatro aerol\u00edneas por el cobro extra del equipaje de mano\">Leer m\u00e1s<\/a><\/p>\n","protected":false},"author":179,"featured_media":263598,"comment_status":"open","ping_status":"closed","sticky":false,"template":"","format":"standard","meta":{"_acf_changed":false,"pmpro_default_level":"","footnotes":""},"categories":[24,82,76],"tags":[],"class_list":["post-263599","post","type-post","status-publish","format-standard","has-post-thumbnail","hentry","category-actualidad","category-economia","category-en-la-calle","lh_instant_articles-syndicate-yes","pmpro-has-access"],"acf":[],"yoast_head":"<!-- This site is optimized with the Yoast SEO plugin v27.4 - https:\/\/yoast.com\/product\/yoast-seo-wordpress\/ -->\n<title>Consumo multa con m\u00e1s de 150 millones a cuatro aerol\u00edneas por el cobro extra del equipaje de mano - El Triangle<\/title>\n<meta name=\"description\" content=\"El Ministerio de Consumo ha multado con m\u00e1s de 150 millones de euros a las aerol\u00edneas Ryanair, Vueling, Volotea y Easyjet por el cobro extra del equipaje\" class=\"yoast-seo-meta-tag\" \/>\n<meta name=\"robots\" content=\"index, follow, max-snippet:-1, max-image-preview:large, max-video-preview:-1\" \/>\n<link rel=\"canonical\" href=\"https:\/\/www.eltriangle.eu\/es\/2024\/05\/31\/consumo-multa-con-mas-de-150-millones-a-cuatro-aerolineas-por-el-cobro-extra-del-equipaje-de-mano\/\" class=\"yoast-seo-meta-tag\" \/>\n<meta property=\"og:locale\" content=\"es_ES\" class=\"yoast-seo-meta-tag\" \/>\n<meta property=\"og:type\" content=\"article\" class=\"yoast-seo-meta-tag\" \/>\n<meta property=\"og:title\" content=\"Consumo multa con m\u00e1s de 150 millones a cuatro aerol\u00edneas por el cobro extra del equipaje de mano - El Triangle\" class=\"yoast-seo-meta-tag\" \/>\n<meta property=\"og:description\" content=\"El Ministerio de Consumo ha multado con m\u00e1s de 150 millones de euros a las aerol\u00edneas Ryanair, Vueling, Volotea y Easyjet por el cobro extra del equipaje\" class=\"yoast-seo-meta-tag\" \/>\n<meta property=\"og:url\" content=\"https:\/\/www.eltriangle.eu\/es\/2024\/05\/31\/consumo-multa-con-mas-de-150-millones-a-cuatro-aerolineas-por-el-cobro-extra-del-equipaje-de-mano\/\" class=\"yoast-seo-meta-tag\" \/>\n<meta property=\"og:site_name\" content=\"El Triangle\" class=\"yoast-seo-meta-tag\" \/>\n<meta property=\"article:publisher\" content=\"https:\/\/www.facebook.com\/El-Triangle-Diari-101787399020302\" class=\"yoast-seo-meta-tag\" \/>\n<meta property=\"article:published_time\" content=\"2024-05-31T06:30:17+00:00\" class=\"yoast-seo-meta-tag\" \/>\n<meta property=\"article:modified_time\" content=\"2024-05-31T11:40:36+00:00\" class=\"yoast-seo-meta-tag\" \/>\n<meta property=\"og:image\" content=\"https:\/\/www.eltriangle.eu\/wp-content\/uploads\/2024\/05\/avio-de-ryanair-foto-acn-aleix-freixas.jpg\" class=\"yoast-seo-meta-tag\" \/>\n\t<meta property=\"og:image:width\" content=\"1200\" class=\"yoast-seo-meta-tag\" \/>\n\t<meta property=\"og:image:height\" content=\"800\" class=\"yoast-seo-meta-tag\" \/>\n\t<meta property=\"og:image:type\" content=\"image\/jpeg\" class=\"yoast-seo-meta-tag\" \/>\n<meta name=\"author\" content=\"Redacci\u00f3 \/ ACN\" class=\"yoast-seo-meta-tag\" \/>\n<meta name=\"twitter:card\" content=\"summary_large_image\" class=\"yoast-seo-meta-tag\" \/>\n<meta name=\"twitter:creator\" content=\"@El_Triangle\" class=\"yoast-seo-meta-tag\" \/>\n<meta name=\"twitter:site\" content=\"@El_Triangle\" class=\"yoast-seo-meta-tag\" \/>\n<meta name=\"twitter:label1\" content=\"Escrito por\" class=\"yoast-seo-meta-tag\" \/>\n\t<meta name=\"twitter:data1\" content=\"Redacci\u00f3 \/ ACN\" class=\"yoast-seo-meta-tag\" \/>\n\t<meta name=\"twitter:label2\" content=\"Tiempo de lectura\" class=\"yoast-seo-meta-tag\" \/>\n\t<meta name=\"twitter:data2\" content=\"2 minutos\" class=\"yoast-seo-meta-tag\" \/>\n<script type=\"application\/ld+json\" class=\"yoast-schema-graph\">{\"@context\":\"https:\\\/\\\/schema.org\",\"@graph\":[{\"@type\":\"NewsArticle\",\"@id\":\"https:\\\/\\\/www.eltriangle.eu\\\/es\\\/2024\\\/05\\\/31\\\/consumo-multa-con-mas-de-150-millones-a-cuatro-aerolineas-por-el-cobro-extra-del-equipaje-de-mano\\\/#article\",\"isPartOf\":{\"@id\":\"https:\\\/\\\/www.eltriangle.eu\\\/es\\\/2024\\\/05\\\/31\\\/consumo-multa-con-mas-de-150-millones-a-cuatro-aerolineas-por-el-cobro-extra-del-equipaje-de-mano\\\/\"},\"author\":{\"name\":\"Redacci\u00f3 \\\/ ACN\",\"@id\":\"https:\\\/\\\/www.eltriangle.eu\\\/es\\\/#\\\/schema\\\/person\\\/6e5938f06dd4dcd413779558fbf437d9\"},\"headline\":\"Consumo multa con m\u00e1s de 150 millones a cuatro aerol\u00edneas por el cobro extra del equipaje de mano\",\"datePublished\":\"2024-05-31T06:30:17+00:00\",\"dateModified\":\"2024-05-31T11:40:36+00:00\",\"mainEntityOfPage\":{\"@id\":\"https:\\\/\\\/www.eltriangle.eu\\\/es\\\/2024\\\/05\\\/31\\\/consumo-multa-con-mas-de-150-millones-a-cuatro-aerolineas-por-el-cobro-extra-del-equipaje-de-mano\\\/\"},\"wordCount\":320,\"commentCount\":0,\"publisher\":{\"@id\":\"https:\\\/\\\/www.eltriangle.eu\\\/es\\\/#organization\"},\"image\":{\"@id\":\"https:\\\/\\\/www.eltriangle.eu\\\/es\\\/2024\\\/05\\\/31\\\/consumo-multa-con-mas-de-150-millones-a-cuatro-aerolineas-por-el-cobro-extra-del-equipaje-de-mano\\\/#primaryimage\"},\"thumbnailUrl\":\"https:\\\/\\\/www.eltriangle.eu\\\/wp-content\\\/uploads\\\/2024\\\/05\\\/avio-de-ryanair-foto-acn-aleix-freixas.jpg\",\"articleSection\":[\"Actualidad\",\"Economia\",\"En la calle\"],\"inLanguage\":\"es\",\"potentialAction\":[{\"@type\":\"CommentAction\",\"name\":\"Comment\",\"target\":[\"https:\\\/\\\/www.eltriangle.eu\\\/es\\\/2024\\\/05\\\/31\\\/consumo-multa-con-mas-de-150-millones-a-cuatro-aerolineas-por-el-cobro-extra-del-equipaje-de-mano\\\/#respond\"]}]},{\"@type\":\"WebPage\",\"@id\":\"https:\\\/\\\/www.eltriangle.eu\\\/es\\\/2024\\\/05\\\/31\\\/consumo-multa-con-mas-de-150-millones-a-cuatro-aerolineas-por-el-cobro-extra-del-equipaje-de-mano\\\/\",\"url\":\"https:\\\/\\\/www.eltriangle.eu\\\/es\\\/2024\\\/05\\\/31\\\/consumo-multa-con-mas-de-150-millones-a-cuatro-aerolineas-por-el-cobro-extra-del-equipaje-de-mano\\\/\",\"name\":\"Consumo multa con m\u00e1s de 150 millones a cuatro aerol\u00edneas por el cobro extra del equipaje de mano - El Triangle\",\"isPartOf\":{\"@id\":\"https:\\\/\\\/www.eltriangle.eu\\\/es\\\/#website\"},\"primaryImageOfPage\":{\"@id\":\"https:\\\/\\\/www.eltriangle.eu\\\/es\\\/2024\\\/05\\\/31\\\/consumo-multa-con-mas-de-150-millones-a-cuatro-aerolineas-por-el-cobro-extra-del-equipaje-de-mano\\\/#primaryimage\"},\"image\":{\"@id\":\"https:\\\/\\\/www.eltriangle.eu\\\/es\\\/2024\\\/05\\\/31\\\/consumo-multa-con-mas-de-150-millones-a-cuatro-aerolineas-por-el-cobro-extra-del-equipaje-de-mano\\\/#primaryimage\"},\"thumbnailUrl\":\"https:\\\/\\\/www.eltriangle.eu\\\/wp-content\\\/uploads\\\/2024\\\/05\\\/avio-de-ryanair-foto-acn-aleix-freixas.jpg\",\"datePublished\":\"2024-05-31T06:30:17+00:00\",\"dateModified\":\"2024-05-31T11:40:36+00:00\",\"description\":\"El Ministerio de Consumo ha multado con m\u00e1s de 150 millones de euros a las aerol\u00edneas Ryanair, Vueling, Volotea y Easyjet por el cobro extra del equipaje\",\"breadcrumb\":{\"@id\":\"https:\\\/\\\/www.eltriangle.eu\\\/es\\\/2024\\\/05\\\/31\\\/consumo-multa-con-mas-de-150-millones-a-cuatro-aerolineas-por-el-cobro-extra-del-equipaje-de-mano\\\/#breadcrumb\"},\"inLanguage\":\"es\",\"potentialAction\":[{\"@type\":\"ReadAction\",\"target\":[\"https:\\\/\\\/www.eltriangle.eu\\\/es\\\/2024\\\/05\\\/31\\\/consumo-multa-con-mas-de-150-millones-a-cuatro-aerolineas-por-el-cobro-extra-del-equipaje-de-mano\\\/\"]}]},{\"@type\":\"ImageObject\",\"inLanguage\":\"es\",\"@id\":\"https:\\\/\\\/www.eltriangle.eu\\\/es\\\/2024\\\/05\\\/31\\\/consumo-multa-con-mas-de-150-millones-a-cuatro-aerolineas-por-el-cobro-extra-del-equipaje-de-mano\\\/#primaryimage\",\"url\":\"https:\\\/\\\/www.eltriangle.eu\\\/wp-content\\\/uploads\\\/2024\\\/05\\\/avio-de-ryanair-foto-acn-aleix-freixas.jpg\",\"contentUrl\":\"https:\\\/\\\/www.eltriangle.eu\\\/wp-content\\\/uploads\\\/2024\\\/05\\\/avio-de-ryanair-foto-acn-aleix-freixas.jpg\",\"width\":1200,\"height\":800,\"caption\":\"Avi\u00f3 de Ryanair - Foto: ACN, Aleix Freixas\"},{\"@type\":\"BreadcrumbList\",\"@id\":\"https:\\\/\\\/www.eltriangle.eu\\\/es\\\/2024\\\/05\\\/31\\\/consumo-multa-con-mas-de-150-millones-a-cuatro-aerolineas-por-el-cobro-extra-del-equipaje-de-mano\\\/#breadcrumb\",\"itemListElement\":[{\"@type\":\"ListItem\",\"position\":1,\"name\":\"Portada\",\"item\":\"https:\\\/\\\/www.eltriangle.eu\\\/es\\\/\"},{\"@type\":\"ListItem\",\"position\":2,\"name\":\"Consumo multa con m\u00e1s de 150 millones a cuatro aerol\u00edneas por el cobro extra del equipaje de mano\"}]},{\"@type\":\"WebSite\",\"@id\":\"https:\\\/\\\/www.eltriangle.eu\\\/es\\\/#website\",\"url\":\"https:\\\/\\\/www.eltriangle.eu\\\/es\\\/\",\"name\":\"El Triangle\",\"description\":\"El Triangle \u00e9s un Diari d&#039;informaci\u00f3 general, editat a Catalunya i escrit en llengua catalana, especialitzat en investigaci\u00f3 period\u00edstica\",\"publisher\":{\"@id\":\"https:\\\/\\\/www.eltriangle.eu\\\/es\\\/#organization\"},\"potentialAction\":[{\"@type\":\"SearchAction\",\"target\":{\"@type\":\"EntryPoint\",\"urlTemplate\":\"https:\\\/\\\/www.eltriangle.eu\\\/es\\\/?s={search_term_string}\"},\"query-input\":{\"@type\":\"PropertyValueSpecification\",\"valueRequired\":true,\"valueName\":\"search_term_string\"}}],\"inLanguage\":\"es\"},{\"@type\":[\"Organization\",\"NewsMediaOrganization\"],\"@id\":\"https:\\\/\\\/www.eltriangle.eu\\\/es\\\/#organization\",\"name\":\"El Triangle\",\"url\":\"https:\\\/\\\/www.eltriangle.eu\\\/es\\\/\",\"logo\":{\"@type\":\"ImageObject\",\"inLanguage\":\"es\",\"@id\":\"https:\\\/\\\/www.eltriangle.eu\\\/es\\\/#\\\/schema\\\/logo\\\/image\\\/\",\"url\":\"https:\\\/\\\/www.eltriangle.eu\\\/wp-content\\\/uploads\\\/2020\\\/11\\\/triangle_logo-ajustado.jpg\",\"contentUrl\":\"https:\\\/\\\/www.eltriangle.eu\\\/wp-content\\\/uploads\\\/2020\\\/11\\\/triangle_logo-ajustado.jpg\",\"width\":521,\"height\":92,\"caption\":\"El Triangle\"},\"image\":{\"@id\":\"https:\\\/\\\/www.eltriangle.eu\\\/es\\\/#\\\/schema\\\/logo\\\/image\\\/\"},\"sameAs\":[\"https:\\\/\\\/www.facebook.com\\\/El-Triangle-Diari-101787399020302\",\"https:\\\/\\\/x.com\\\/El_Triangle\",\"https:\\\/\\\/www.youtube.com\\\/channel\\\/UCTIjmYEMYSpdGonuAgNhbcg\"]},{\"@type\":\"Person\",\"@id\":\"https:\\\/\\\/www.eltriangle.eu\\\/es\\\/#\\\/schema\\\/person\\\/6e5938f06dd4dcd413779558fbf437d9\",\"name\":\"Redacci\u00f3 \\\/ ACN\",\"image\":{\"@type\":\"ImageObject\",\"inLanguage\":\"es\",\"@id\":\"\\\/\\\/www.gravatar.com\\\/avatar\\\/a5bc366245a614da74d9f8d49d1b53bf?s=96&#038;r=g&#038;d=mm\",\"url\":\"\\\/\\\/www.gravatar.com\\\/avatar\\\/a5bc366245a614da74d9f8d49d1b53bf?s=96&#038;r=g&#038;d=mm\",\"contentUrl\":\"\\\/\\\/www.gravatar.com\\\/avatar\\\/a5bc366245a614da74d9f8d49d1b53bf?s=96&#038;r=g&#038;d=mm\",\"caption\":\"Redacci\u00f3 \\\/ ACN\"},\"url\":\"https:\\\/\\\/www.eltriangle.eu\\\/es\\\/author\\\/redaccioacn\\\/\"},{\"@type\":\"SiteNavigationElement\",\"@id\":\"https:\\\/\\\/www.eltriangle.eu\\\/es\\\/#site-navigation\",\"cssSelector\":[\".cib-main-menu\"]},{\"@type\":\"WPHeader\",\"@id\":\"https:\\\/\\\/www.eltriangle.eu\\\/es\\\/#header\",\"cssSelector\":[\".cib-header\"]},{\"@type\":\"WPFooter\",\"@id\":\"https:\\\/\\\/www.eltriangle.eu\\\/es\\\/#footer\",\"cssSelector\":[\".cib-footer\"]}]}<\/script>\n<!-- \/ Yoast SEO plugin. -->","yoast_head_json":{"title":"Consumo multa con m\u00e1s de 150 millones a cuatro aerol\u00edneas por el cobro extra del equipaje de mano - El Triangle","description":"El Ministerio de Consumo ha multado con m\u00e1s de 150 millones de euros a las aerol\u00edneas Ryanair, Vueling, Volotea y Easyjet por el cobro extra del equipaje","robots":{"index":"index","follow":"follow","max-snippet":"max-snippet:-1","max-image-preview":"max-image-preview:large","max-video-preview":"max-video-preview:-1"},"canonical":"https:\/\/www.eltriangle.eu\/es\/2024\/05\/31\/consumo-multa-con-mas-de-150-millones-a-cuatro-aerolineas-por-el-cobro-extra-del-equipaje-de-mano\/","og_locale":"es_ES","og_type":"article","og_title":"Consumo multa con m\u00e1s de 150 millones a cuatro aerol\u00edneas por el cobro extra del equipaje de mano - El Triangle","og_description":"El Ministerio de Consumo ha multado con m\u00e1s de 150 millones de euros a las aerol\u00edneas Ryanair, Vueling, Volotea y Easyjet por el cobro extra del equipaje","og_url":"https:\/\/www.eltriangle.eu\/es\/2024\/05\/31\/consumo-multa-con-mas-de-150-millones-a-cuatro-aerolineas-por-el-cobro-extra-del-equipaje-de-mano\/","og_site_name":"El Triangle","article_publisher":"https:\/\/www.facebook.com\/El-Triangle-Diari-101787399020302","article_published_time":"2024-05-31T06:30:17+00:00","article_modified_time":"2024-05-31T11:40:36+00:00","og_image":[{"width":1200,"height":800,"url":"https:\/\/www.eltriangle.eu\/wp-content\/uploads\/2024\/05\/avio-de-ryanair-foto-acn-aleix-freixas.jpg","type":"image\/jpeg"}],"author":"Redacci\u00f3 \/ ACN","twitter_card":"summary_large_image","twitter_creator":"@El_Triangle","twitter_site":"@El_Triangle","twitter_misc":{"Escrito por":"Redacci\u00f3 \/ ACN","Tiempo de lectura":"2 minutos"},"schema":{"@context":"https:\/\/schema.org","@graph":[{"@type":"NewsArticle","@id":"https:\/\/www.eltriangle.eu\/es\/2024\/05\/31\/consumo-multa-con-mas-de-150-millones-a-cuatro-aerolineas-por-el-cobro-extra-del-equipaje-de-mano\/#article","isPartOf":{"@id":"https:\/\/www.eltriangle.eu\/es\/2024\/05\/31\/consumo-multa-con-mas-de-150-millones-a-cuatro-aerolineas-por-el-cobro-extra-del-equipaje-de-mano\/"},"author":{"name":"Redacci\u00f3 \/ ACN","@id":"https:\/\/www.eltriangle.eu\/es\/#\/schema\/person\/6e5938f06dd4dcd413779558fbf437d9"},"headline":"Consumo multa con m\u00e1s de 150 millones a cuatro aerol\u00edneas por el cobro extra del equipaje de mano","datePublished":"2024-05-31T06:30:17+00:00","dateModified":"2024-05-31T11:40:36+00:00","mainEntityOfPage":{"@id":"https:\/\/www.eltriangle.eu\/es\/2024\/05\/31\/consumo-multa-con-mas-de-150-millones-a-cuatro-aerolineas-por-el-cobro-extra-del-equipaje-de-mano\/"},"wordCount":320,"commentCount":0,"publisher":{"@id":"https:\/\/www.eltriangle.eu\/es\/#organization"},"image":{"@id":"https:\/\/www.eltriangle.eu\/es\/2024\/05\/31\/consumo-multa-con-mas-de-150-millones-a-cuatro-aerolineas-por-el-cobro-extra-del-equipaje-de-mano\/#primaryimage"},"thumbnailUrl":"https:\/\/www.eltriangle.eu\/wp-content\/uploads\/2024\/05\/avio-de-ryanair-foto-acn-aleix-freixas.jpg","articleSection":["Actualidad","Economia","En la calle"],"inLanguage":"es","potentialAction":[{"@type":"CommentAction","name":"Comment","target":["https:\/\/www.eltriangle.eu\/es\/2024\/05\/31\/consumo-multa-con-mas-de-150-millones-a-cuatro-aerolineas-por-el-cobro-extra-del-equipaje-de-mano\/#respond"]}]},{"@type":"WebPage","@id":"https:\/\/www.eltriangle.eu\/es\/2024\/05\/31\/consumo-multa-con-mas-de-150-millones-a-cuatro-aerolineas-por-el-cobro-extra-del-equipaje-de-mano\/","url":"https:\/\/www.eltriangle.eu\/es\/2024\/05\/31\/consumo-multa-con-mas-de-150-millones-a-cuatro-aerolineas-por-el-cobro-extra-del-equipaje-de-mano\/","name":"Consumo multa con m\u00e1s de 150 millones a cuatro aerol\u00edneas por el cobro extra del equipaje de mano - El Triangle","isPartOf":{"@id":"https:\/\/www.eltriangle.eu\/es\/#website"},"primaryImageOfPage":{"@id":"https:\/\/www.eltriangle.eu\/es\/2024\/05\/31\/consumo-multa-con-mas-de-150-millones-a-cuatro-aerolineas-por-el-cobro-extra-del-equipaje-de-mano\/#primaryimage"},"image":{"@id":"https:\/\/www.eltriangle.eu\/es\/2024\/05\/31\/consumo-multa-con-mas-de-150-millones-a-cuatro-aerolineas-por-el-cobro-extra-del-equipaje-de-mano\/#primaryimage"},"thumbnailUrl":"https:\/\/www.eltriangle.eu\/wp-content\/uploads\/2024\/05\/avio-de-ryanair-foto-acn-aleix-freixas.jpg","datePublished":"2024-05-31T06:30:17+00:00","dateModified":"2024-05-31T11:40:36+00:00","description":"El Ministerio de Consumo ha multado con m\u00e1s de 150 millones de euros a las aerol\u00edneas Ryanair, Vueling, Volotea y Easyjet por el cobro extra del equipaje","breadcrumb":{"@id":"https:\/\/www.eltriangle.eu\/es\/2024\/05\/31\/consumo-multa-con-mas-de-150-millones-a-cuatro-aerolineas-por-el-cobro-extra-del-equipaje-de-mano\/#breadcrumb"},"inLanguage":"es","potentialAction":[{"@type":"ReadAction","target":["https:\/\/www.eltriangle.eu\/es\/2024\/05\/31\/consumo-multa-con-mas-de-150-millones-a-cuatro-aerolineas-por-el-cobro-extra-del-equipaje-de-mano\/"]}]},{"@type":"ImageObject","inLanguage":"es","@id":"https:\/\/www.eltriangle.eu\/es\/2024\/05\/31\/consumo-multa-con-mas-de-150-millones-a-cuatro-aerolineas-por-el-cobro-extra-del-equipaje-de-mano\/#primaryimage","url":"https:\/\/www.eltriangle.eu\/wp-content\/uploads\/2024\/05\/avio-de-ryanair-foto-acn-aleix-freixas.jpg","contentUrl":"https:\/\/www.eltriangle.eu\/wp-content\/uploads\/2024\/05\/avio-de-ryanair-foto-acn-aleix-freixas.jpg","width":1200,"height":800,"caption":"Avi\u00f3 de Ryanair - Foto: ACN, Aleix Freixas"},{"@type":"BreadcrumbList","@id":"https:\/\/www.eltriangle.eu\/es\/2024\/05\/31\/consumo-multa-con-mas-de-150-millones-a-cuatro-aerolineas-por-el-cobro-extra-del-equipaje-de-mano\/#breadcrumb","itemListElement":[{"@type":"ListItem","position":1,"name":"Portada","item":"https:\/\/www.eltriangle.eu\/es\/"},{"@type":"ListItem","position":2,"name":"Consumo multa con m\u00e1s de 150 millones a cuatro aerol\u00edneas por el cobro extra del equipaje de mano"}]},{"@type":"WebSite","@id":"https:\/\/www.eltriangle.eu\/es\/#website","url":"https:\/\/www.eltriangle.eu\/es\/","name":"El Triangle","description":"El Triangle \u00e9s un Diari d&#039;informaci\u00f3 general, editat a Catalunya i escrit en llengua catalana, especialitzat en investigaci\u00f3 period\u00edstica","publisher":{"@id":"https:\/\/www.eltriangle.eu\/es\/#organization"},"potentialAction":[{"@type":"SearchAction","target":{"@type":"EntryPoint","urlTemplate":"https:\/\/www.eltriangle.eu\/es\/?s={search_term_string}"},"query-input":{"@type":"PropertyValueSpecification","valueRequired":true,"valueName":"search_term_string"}}],"inLanguage":"es"},{"@type":["Organization","NewsMediaOrganization"],"@id":"https:\/\/www.eltriangle.eu\/es\/#organization","name":"El Triangle","url":"https:\/\/www.eltriangle.eu\/es\/","logo":{"@type":"ImageObject","inLanguage":"es","@id":"https:\/\/www.eltriangle.eu\/es\/#\/schema\/logo\/image\/","url":"https:\/\/www.eltriangle.eu\/wp-content\/uploads\/2020\/11\/triangle_logo-ajustado.jpg","contentUrl":"https:\/\/www.eltriangle.eu\/wp-content\/uploads\/2020\/11\/triangle_logo-ajustado.jpg","width":521,"height":92,"caption":"El Triangle"},"image":{"@id":"https:\/\/www.eltriangle.eu\/es\/#\/schema\/logo\/image\/"},"sameAs":["https:\/\/www.facebook.com\/El-Triangle-Diari-101787399020302","https:\/\/x.com\/El_Triangle","https:\/\/www.youtube.com\/channel\/UCTIjmYEMYSpdGonuAgNhbcg"]},{"@type":"Person","@id":"https:\/\/www.eltriangle.eu\/es\/#\/schema\/person\/6e5938f06dd4dcd413779558fbf437d9","name":"Redacci\u00f3 \/ ACN","image":{"@type":"ImageObject","inLanguage":"es","@id":"\/\/www.gravatar.com\/avatar\/a5bc366245a614da74d9f8d49d1b53bf?s=96&#038;r=g&#038;d=mm","url":"\/\/www.gravatar.com\/avatar\/a5bc366245a614da74d9f8d49d1b53bf?s=96&#038;r=g&#038;d=mm","contentUrl":"\/\/www.gravatar.com\/avatar\/a5bc366245a614da74d9f8d49d1b53bf?s=96&#038;r=g&#038;d=mm","caption":"Redacci\u00f3 \/ ACN"},"url":"https:\/\/www.eltriangle.eu\/es\/author\/redaccioacn\/"},{"@type":"SiteNavigationElement","@id":"https:\/\/www.eltriangle.eu\/es\/#site-navigation","cssSelector":[".cib-main-menu"]},{"@type":"WPHeader","@id":"https:\/\/www.eltriangle.eu\/es\/#header","cssSelector":[".cib-header"]},{"@type":"WPFooter","@id":"https:\/\/www.eltriangle.eu\/es\/#footer","cssSelector":[".cib-footer"]}]}},"amp_enabled":true,"_links":{"self":[{"href":"https:\/\/www.eltriangle.eu\/es\/wp-json\/wp\/v2\/posts\/263599","targetHints":{"allow":["GET"]}}],"collection":[{"href":"https:\/\/www.eltriangle.eu\/es\/wp-json\/wp\/v2\/posts"}],"about":[{"href":"https:\/\/www.eltriangle.eu\/es\/wp-json\/wp\/v2\/types\/post"}],"author":[{"embeddable":true,"href":"https:\/\/www.eltriangle.eu\/es\/wp-json\/wp\/v2\/users\/179"}],"replies":[{"embeddable":true,"href":"https:\/\/www.eltriangle.eu\/es\/wp-json\/wp\/v2\/comments?post=263599"}],"version-history":[{"count":0,"href":"https:\/\/www.eltriangle.eu\/es\/wp-json\/wp\/v2\/posts\/263599\/revisions"}],"wp:featuredmedia":[{"embeddable":true,"href":"https:\/\/www.eltriangle.eu\/es\/wp-json\/wp\/v2\/media\/263598"}],"wp:attachment":[{"href":"https:\/\/www.eltriangle.eu\/es\/wp-json\/wp\/v2\/media?parent=263599"}],"wp:term":[{"taxonomy":"category","embeddable":true,"href":"https:\/\/www.eltriangle.eu\/es\/wp-json\/wp\/v2\/categories?post=263599"},{"taxonomy":"post_tag","embeddable":true,"href":"https:\/\/www.eltriangle.eu\/es\/wp-json\/wp\/v2\/tags?post=263599"}],"curies":[{"name":"wp","href":"https:\/\/api.w.org\/{rel}","templated":true}]}}