{"id":263240,"date":"2024-05-29T14:00:41","date_gmt":"2024-05-29T12:00:41","guid":{"rendered":null},"modified":"2024-05-29T16:46:28","modified_gmt":"2024-05-29T14:46:28","slug":"la-audiencia-de-madrid-avala-la-investigacion-a-begona-gomez-pese-al-informe-de-la-uco","status":"publish","type":"post","link":"https:\/\/www.eltriangle.eu\/es\/2024\/05\/29\/la-audiencia-de-madrid-avala-la-investigacion-a-begona-gomez-pese-al-informe-de-la-uco\/","title":{"rendered":"La Audiencia de Madrid avala la investigaci\u00f3n a Bego\u00f1a G\u00f3mez pese al informe de la UCO"},"content":{"rendered":"<p>La <strong>Audiencia Provincial de Madrid<\/strong> ha hecho p\u00fablico este mi\u00e9rcoles un auto donde avala la decisi\u00f3n del juzgado 41 de Madrid de investigar a <strong>Bego\u00f1a G\u00f3mez<\/strong>, la mujer de presidente espa\u00f1ol, <strong>Pedro S\u00e1nchez<\/strong>, por supuestos delitos de tr\u00e1fico de influencias y corrupci\u00f3n en el \u00e1mbito de los negocios. La Audiencia ha rechazado la petici\u00f3n de la <strong>Fiscal\u00eda<\/strong> de archivar las actuaciones, y ha ordenado que se levante el secreto del sumario.<\/p>\n<p>A pesar de que el tribunal admite que algunas de las acusaciones que constan en la querella de <strong>Manos<\/strong> <strong>Limpias<\/strong> parecen \u00abinveros\u00edmiles\u00bb y tienen \u00abcar\u00e1cter gen\u00e9rico\u00bb, los magistrados mantienen viva la investigaci\u00f3n y obvian el informe de la <strong>Unidad Central Operativa (UCO) de la Guardia Civil<\/strong>, que no ve indicios de delito.<\/p>\n","protected":false},"excerpt":{"rendered":"<p>La Audiencia Provincial de Madrid ha hecho p\u00fablico este mi\u00e9rcoles un auto donde avala la decisi\u00f3n del juzgado 41 de Madrid de investigar a Bego\u00f1a G\u00f3mez, la mujer de presidente espa\u00f1ol, Pedro S\u00e1nchez, por supuestos delitos de tr\u00e1fico de influencias y corrupci\u00f3n en el \u00e1mbito de los negocios. La Audiencia ha rechazado la petici\u00f3n de &#8230; <a title=\"La Audiencia de Madrid avala la investigaci\u00f3n a Bego\u00f1a G\u00f3mez pese al informe de la UCO\" class=\"read-more\" href=\"https:\/\/www.eltriangle.eu\/es\/2024\/05\/29\/la-audiencia-de-madrid-avala-la-investigacion-a-begona-gomez-pese-al-informe-de-la-uco\/\" aria-label=\"Leer m\u00e1s sobre La Audiencia de Madrid avala la investigaci\u00f3n a Bego\u00f1a G\u00f3mez pese al informe de la UCO\">Leer m\u00e1s<\/a><\/p>\n","protected":false},"author":179,"featured_media":257017,"comment_status":"open","ping_status":"closed","sticky":false,"template":"","format":"standard","meta":{"_acf_changed":false,"pmpro_default_level":"","footnotes":""},"categories":[24,74,96],"tags":[1254,4474,282,455],"class_list":["post-263240","post","type-post","status-publish","format-standard","has-post-thumbnail","hentry","category-actualidad","category-poderes","category-tribunales","tag-audiencia-provincial-es","tag-begona-gomez-es","tag-guardia-civil-es","tag-pedro-sanchez-es","lh_instant_articles-syndicate-yes","pmpro-has-access"],"acf":[],"yoast_head":"<!-- This site is optimized with the Yoast SEO plugin v27.4 - https:\/\/yoast.com\/product\/yoast-seo-wordpress\/ -->\n<title>La Audiencia de Madrid avala la investigaci\u00f3n a Bego\u00f1a G\u00f3mez pese al informe de la UCO - El Triangle<\/title>\n<meta name=\"description\" content=\"La Audiencia Provincial de Madrid ha hecho p\u00fablico este mi\u00e9rcoles un auto donde avala la decisi\u00f3n del juzgado 41 de Madrid de investigar a Bego\u00f1a G\u00f3mez,\" class=\"yoast-seo-meta-tag\" \/>\n<meta name=\"robots\" content=\"index, follow, max-snippet:-1, max-image-preview:large, max-video-preview:-1\" \/>\n<link rel=\"canonical\" href=\"https:\/\/www.eltriangle.eu\/es\/2024\/05\/29\/la-audiencia-de-madrid-avala-la-investigacion-a-begona-gomez-pese-al-informe-de-la-uco\/\" class=\"yoast-seo-meta-tag\" \/>\n<meta property=\"og:locale\" content=\"es_ES\" class=\"yoast-seo-meta-tag\" \/>\n<meta property=\"og:type\" content=\"article\" class=\"yoast-seo-meta-tag\" \/>\n<meta property=\"og:title\" content=\"La Audiencia de Madrid avala la investigaci\u00f3n a Bego\u00f1a G\u00f3mez pese al informe de la UCO - El Triangle\" class=\"yoast-seo-meta-tag\" \/>\n<meta property=\"og:description\" content=\"La Audiencia Provincial de Madrid ha hecho p\u00fablico este mi\u00e9rcoles un auto donde avala la decisi\u00f3n del juzgado 41 de Madrid de investigar a Bego\u00f1a G\u00f3mez,\" class=\"yoast-seo-meta-tag\" \/>\n<meta property=\"og:url\" content=\"https:\/\/www.eltriangle.eu\/es\/2024\/05\/29\/la-audiencia-de-madrid-avala-la-investigacion-a-begona-gomez-pese-al-informe-de-la-uco\/\" class=\"yoast-seo-meta-tag\" \/>\n<meta property=\"og:site_name\" content=\"El Triangle\" class=\"yoast-seo-meta-tag\" \/>\n<meta property=\"article:publisher\" content=\"https:\/\/www.facebook.com\/El-Triangle-Diari-101787399020302\" class=\"yoast-seo-meta-tag\" \/>\n<meta property=\"article:published_time\" content=\"2024-05-29T12:00:41+00:00\" class=\"yoast-seo-meta-tag\" \/>\n<meta property=\"article:modified_time\" content=\"2024-05-29T14:46:28+00:00\" class=\"yoast-seo-meta-tag\" \/>\n<meta property=\"og:image\" content=\"https:\/\/www.eltriangle.eu\/wp-content\/uploads\/2024\/04\/begona-gomez-a-la-tribuna-del-congres-foto-telecinco.jpg\" class=\"yoast-seo-meta-tag\" \/>\n\t<meta property=\"og:image:width\" content=\"1015\" class=\"yoast-seo-meta-tag\" \/>\n\t<meta property=\"og:image:height\" content=\"567\" class=\"yoast-seo-meta-tag\" \/>\n\t<meta property=\"og:image:type\" content=\"image\/jpeg\" class=\"yoast-seo-meta-tag\" \/>\n<meta name=\"author\" content=\"Redacci\u00f3 \/ ACN\" class=\"yoast-seo-meta-tag\" \/>\n<meta name=\"twitter:card\" content=\"summary_large_image\" class=\"yoast-seo-meta-tag\" \/>\n<meta name=\"twitter:creator\" content=\"@El_Triangle\" class=\"yoast-seo-meta-tag\" \/>\n<meta name=\"twitter:site\" content=\"@El_Triangle\" class=\"yoast-seo-meta-tag\" \/>\n<meta name=\"twitter:label1\" content=\"Escrito por\" class=\"yoast-seo-meta-tag\" \/>\n\t<meta name=\"twitter:data1\" content=\"Redacci\u00f3 \/ ACN\" class=\"yoast-seo-meta-tag\" \/>\n\t<meta name=\"twitter:label2\" content=\"Tiempo de lectura\" class=\"yoast-seo-meta-tag\" \/>\n\t<meta name=\"twitter:data2\" content=\"1 minuto\" class=\"yoast-seo-meta-tag\" \/>\n<script type=\"application\/ld+json\" class=\"yoast-schema-graph\">{\"@context\":\"https:\\\/\\\/schema.org\",\"@graph\":[{\"@type\":\"NewsArticle\",\"@id\":\"https:\\\/\\\/www.eltriangle.eu\\\/es\\\/2024\\\/05\\\/29\\\/la-audiencia-de-madrid-avala-la-investigacion-a-begona-gomez-pese-al-informe-de-la-uco\\\/#article\",\"isPartOf\":{\"@id\":\"https:\\\/\\\/www.eltriangle.eu\\\/es\\\/2024\\\/05\\\/29\\\/la-audiencia-de-madrid-avala-la-investigacion-a-begona-gomez-pese-al-informe-de-la-uco\\\/\"},\"author\":{\"name\":\"Redacci\u00f3 \\\/ ACN\",\"@id\":\"https:\\\/\\\/www.eltriangle.eu\\\/es\\\/#\\\/schema\\\/person\\\/6e5938f06dd4dcd413779558fbf437d9\"},\"headline\":\"La Audiencia de Madrid avala la investigaci\u00f3n a Bego\u00f1a G\u00f3mez pese al informe de la UCO\",\"datePublished\":\"2024-05-29T12:00:41+00:00\",\"dateModified\":\"2024-05-29T14:46:28+00:00\",\"mainEntityOfPage\":{\"@id\":\"https:\\\/\\\/www.eltriangle.eu\\\/es\\\/2024\\\/05\\\/29\\\/la-audiencia-de-madrid-avala-la-investigacion-a-begona-gomez-pese-al-informe-de-la-uco\\\/\"},\"wordCount\":156,\"commentCount\":0,\"publisher\":{\"@id\":\"https:\\\/\\\/www.eltriangle.eu\\\/es\\\/#organization\"},\"image\":{\"@id\":\"https:\\\/\\\/www.eltriangle.eu\\\/es\\\/2024\\\/05\\\/29\\\/la-audiencia-de-madrid-avala-la-investigacion-a-begona-gomez-pese-al-informe-de-la-uco\\\/#primaryimage\"},\"thumbnailUrl\":\"https:\\\/\\\/www.eltriangle.eu\\\/wp-content\\\/uploads\\\/2024\\\/04\\\/begona-gomez-a-la-tribuna-del-congres-foto-telecinco.jpg\",\"keywords\":[\"Audiencia Provincial\",\"Bego\u00f1a G\u00f3mez\",\"Guardia Civil\",\"Pedro S\u00e1nchez\"],\"articleSection\":[\"Actualidad\",\"Poderes\",\"Tribunales\"],\"inLanguage\":\"es\",\"potentialAction\":[{\"@type\":\"CommentAction\",\"name\":\"Comment\",\"target\":[\"https:\\\/\\\/www.eltriangle.eu\\\/es\\\/2024\\\/05\\\/29\\\/la-audiencia-de-madrid-avala-la-investigacion-a-begona-gomez-pese-al-informe-de-la-uco\\\/#respond\"]}]},{\"@type\":\"WebPage\",\"@id\":\"https:\\\/\\\/www.eltriangle.eu\\\/es\\\/2024\\\/05\\\/29\\\/la-audiencia-de-madrid-avala-la-investigacion-a-begona-gomez-pese-al-informe-de-la-uco\\\/\",\"url\":\"https:\\\/\\\/www.eltriangle.eu\\\/es\\\/2024\\\/05\\\/29\\\/la-audiencia-de-madrid-avala-la-investigacion-a-begona-gomez-pese-al-informe-de-la-uco\\\/\",\"name\":\"La Audiencia de Madrid avala la investigaci\u00f3n a Bego\u00f1a G\u00f3mez pese al informe de la UCO - El Triangle\",\"isPartOf\":{\"@id\":\"https:\\\/\\\/www.eltriangle.eu\\\/es\\\/#website\"},\"primaryImageOfPage\":{\"@id\":\"https:\\\/\\\/www.eltriangle.eu\\\/es\\\/2024\\\/05\\\/29\\\/la-audiencia-de-madrid-avala-la-investigacion-a-begona-gomez-pese-al-informe-de-la-uco\\\/#primaryimage\"},\"image\":{\"@id\":\"https:\\\/\\\/www.eltriangle.eu\\\/es\\\/2024\\\/05\\\/29\\\/la-audiencia-de-madrid-avala-la-investigacion-a-begona-gomez-pese-al-informe-de-la-uco\\\/#primaryimage\"},\"thumbnailUrl\":\"https:\\\/\\\/www.eltriangle.eu\\\/wp-content\\\/uploads\\\/2024\\\/04\\\/begona-gomez-a-la-tribuna-del-congres-foto-telecinco.jpg\",\"datePublished\":\"2024-05-29T12:00:41+00:00\",\"dateModified\":\"2024-05-29T14:46:28+00:00\",\"description\":\"La Audiencia Provincial de Madrid ha hecho p\u00fablico este mi\u00e9rcoles un auto donde avala la decisi\u00f3n del juzgado 41 de Madrid de investigar a Bego\u00f1a G\u00f3mez,\",\"breadcrumb\":{\"@id\":\"https:\\\/\\\/www.eltriangle.eu\\\/es\\\/2024\\\/05\\\/29\\\/la-audiencia-de-madrid-avala-la-investigacion-a-begona-gomez-pese-al-informe-de-la-uco\\\/#breadcrumb\"},\"inLanguage\":\"es\",\"potentialAction\":[{\"@type\":\"ReadAction\",\"target\":[\"https:\\\/\\\/www.eltriangle.eu\\\/es\\\/2024\\\/05\\\/29\\\/la-audiencia-de-madrid-avala-la-investigacion-a-begona-gomez-pese-al-informe-de-la-uco\\\/\"]}]},{\"@type\":\"ImageObject\",\"inLanguage\":\"es\",\"@id\":\"https:\\\/\\\/www.eltriangle.eu\\\/es\\\/2024\\\/05\\\/29\\\/la-audiencia-de-madrid-avala-la-investigacion-a-begona-gomez-pese-al-informe-de-la-uco\\\/#primaryimage\",\"url\":\"https:\\\/\\\/www.eltriangle.eu\\\/wp-content\\\/uploads\\\/2024\\\/04\\\/begona-gomez-a-la-tribuna-del-congres-foto-telecinco.jpg\",\"contentUrl\":\"https:\\\/\\\/www.eltriangle.eu\\\/wp-content\\\/uploads\\\/2024\\\/04\\\/begona-gomez-a-la-tribuna-del-congres-foto-telecinco.jpg\",\"width\":1015,\"height\":567,\"caption\":\"Bego\u00f1a G\u00f3mez, a la tribuna del Congr\u00e9s - Foto: Telecinco\"},{\"@type\":\"BreadcrumbList\",\"@id\":\"https:\\\/\\\/www.eltriangle.eu\\\/es\\\/2024\\\/05\\\/29\\\/la-audiencia-de-madrid-avala-la-investigacion-a-begona-gomez-pese-al-informe-de-la-uco\\\/#breadcrumb\",\"itemListElement\":[{\"@type\":\"ListItem\",\"position\":1,\"name\":\"Portada\",\"item\":\"https:\\\/\\\/www.eltriangle.eu\\\/es\\\/\"},{\"@type\":\"ListItem\",\"position\":2,\"name\":\"La Audiencia de Madrid avala la investigaci\u00f3n a Bego\u00f1a G\u00f3mez pese al informe de la UCO\"}]},{\"@type\":\"WebSite\",\"@id\":\"https:\\\/\\\/www.eltriangle.eu\\\/es\\\/#website\",\"url\":\"https:\\\/\\\/www.eltriangle.eu\\\/es\\\/\",\"name\":\"El Triangle\",\"description\":\"El Triangle \u00e9s un Diari d&#039;informaci\u00f3 general, editat a Catalunya i escrit en llengua catalana, especialitzat en investigaci\u00f3 period\u00edstica\",\"publisher\":{\"@id\":\"https:\\\/\\\/www.eltriangle.eu\\\/es\\\/#organization\"},\"potentialAction\":[{\"@type\":\"SearchAction\",\"target\":{\"@type\":\"EntryPoint\",\"urlTemplate\":\"https:\\\/\\\/www.eltriangle.eu\\\/es\\\/?s={search_term_string}\"},\"query-input\":{\"@type\":\"PropertyValueSpecification\",\"valueRequired\":true,\"valueName\":\"search_term_string\"}}],\"inLanguage\":\"es\"},{\"@type\":[\"Organization\",\"NewsMediaOrganization\"],\"@id\":\"https:\\\/\\\/www.eltriangle.eu\\\/es\\\/#organization\",\"name\":\"El Triangle\",\"url\":\"https:\\\/\\\/www.eltriangle.eu\\\/es\\\/\",\"logo\":{\"@type\":\"ImageObject\",\"inLanguage\":\"es\",\"@id\":\"https:\\\/\\\/www.eltriangle.eu\\\/es\\\/#\\\/schema\\\/logo\\\/image\\\/\",\"url\":\"https:\\\/\\\/www.eltriangle.eu\\\/wp-content\\\/uploads\\\/2020\\\/11\\\/triangle_logo-ajustado.jpg\",\"contentUrl\":\"https:\\\/\\\/www.eltriangle.eu\\\/wp-content\\\/uploads\\\/2020\\\/11\\\/triangle_logo-ajustado.jpg\",\"width\":521,\"height\":92,\"caption\":\"El Triangle\"},\"image\":{\"@id\":\"https:\\\/\\\/www.eltriangle.eu\\\/es\\\/#\\\/schema\\\/logo\\\/image\\\/\"},\"sameAs\":[\"https:\\\/\\\/www.facebook.com\\\/El-Triangle-Diari-101787399020302\",\"https:\\\/\\\/x.com\\\/El_Triangle\",\"https:\\\/\\\/www.youtube.com\\\/channel\\\/UCTIjmYEMYSpdGonuAgNhbcg\"]},{\"@type\":\"Person\",\"@id\":\"https:\\\/\\\/www.eltriangle.eu\\\/es\\\/#\\\/schema\\\/person\\\/6e5938f06dd4dcd413779558fbf437d9\",\"name\":\"Redacci\u00f3 \\\/ ACN\",\"image\":{\"@type\":\"ImageObject\",\"inLanguage\":\"es\",\"@id\":\"\\\/\\\/www.gravatar.com\\\/avatar\\\/a5bc366245a614da74d9f8d49d1b53bf?s=96&#038;r=g&#038;d=mm\",\"url\":\"\\\/\\\/www.gravatar.com\\\/avatar\\\/a5bc366245a614da74d9f8d49d1b53bf?s=96&#038;r=g&#038;d=mm\",\"contentUrl\":\"\\\/\\\/www.gravatar.com\\\/avatar\\\/a5bc366245a614da74d9f8d49d1b53bf?s=96&#038;r=g&#038;d=mm\",\"caption\":\"Redacci\u00f3 \\\/ ACN\"},\"url\":\"https:\\\/\\\/www.eltriangle.eu\\\/es\\\/author\\\/redaccioacn\\\/\"},{\"@type\":\"SiteNavigationElement\",\"@id\":\"https:\\\/\\\/www.eltriangle.eu\\\/es\\\/#site-navigation\",\"cssSelector\":[\".cib-main-menu\"]},{\"@type\":\"WPHeader\",\"@id\":\"https:\\\/\\\/www.eltriangle.eu\\\/es\\\/#header\",\"cssSelector\":[\".cib-header\"]},{\"@type\":\"WPFooter\",\"@id\":\"https:\\\/\\\/www.eltriangle.eu\\\/es\\\/#footer\",\"cssSelector\":[\".cib-footer\"]}]}<\/script>\n<!-- \/ Yoast SEO plugin. -->","yoast_head_json":{"title":"La Audiencia de Madrid avala la investigaci\u00f3n a Bego\u00f1a G\u00f3mez pese al informe de la UCO - El Triangle","description":"La Audiencia Provincial de Madrid ha hecho p\u00fablico este mi\u00e9rcoles un auto donde avala la decisi\u00f3n del juzgado 41 de Madrid de investigar a Bego\u00f1a G\u00f3mez,","robots":{"index":"index","follow":"follow","max-snippet":"max-snippet:-1","max-image-preview":"max-image-preview:large","max-video-preview":"max-video-preview:-1"},"canonical":"https:\/\/www.eltriangle.eu\/es\/2024\/05\/29\/la-audiencia-de-madrid-avala-la-investigacion-a-begona-gomez-pese-al-informe-de-la-uco\/","og_locale":"es_ES","og_type":"article","og_title":"La Audiencia de Madrid avala la investigaci\u00f3n a Bego\u00f1a G\u00f3mez pese al informe de la UCO - El Triangle","og_description":"La Audiencia Provincial de Madrid ha hecho p\u00fablico este mi\u00e9rcoles un auto donde avala la decisi\u00f3n del juzgado 41 de Madrid de investigar a Bego\u00f1a G\u00f3mez,","og_url":"https:\/\/www.eltriangle.eu\/es\/2024\/05\/29\/la-audiencia-de-madrid-avala-la-investigacion-a-begona-gomez-pese-al-informe-de-la-uco\/","og_site_name":"El Triangle","article_publisher":"https:\/\/www.facebook.com\/El-Triangle-Diari-101787399020302","article_published_time":"2024-05-29T12:00:41+00:00","article_modified_time":"2024-05-29T14:46:28+00:00","og_image":[{"width":1015,"height":567,"url":"https:\/\/www.eltriangle.eu\/wp-content\/uploads\/2024\/04\/begona-gomez-a-la-tribuna-del-congres-foto-telecinco.jpg","type":"image\/jpeg"}],"author":"Redacci\u00f3 \/ ACN","twitter_card":"summary_large_image","twitter_creator":"@El_Triangle","twitter_site":"@El_Triangle","twitter_misc":{"Escrito por":"Redacci\u00f3 \/ ACN","Tiempo de lectura":"1 minuto"},"schema":{"@context":"https:\/\/schema.org","@graph":[{"@type":"NewsArticle","@id":"https:\/\/www.eltriangle.eu\/es\/2024\/05\/29\/la-audiencia-de-madrid-avala-la-investigacion-a-begona-gomez-pese-al-informe-de-la-uco\/#article","isPartOf":{"@id":"https:\/\/www.eltriangle.eu\/es\/2024\/05\/29\/la-audiencia-de-madrid-avala-la-investigacion-a-begona-gomez-pese-al-informe-de-la-uco\/"},"author":{"name":"Redacci\u00f3 \/ ACN","@id":"https:\/\/www.eltriangle.eu\/es\/#\/schema\/person\/6e5938f06dd4dcd413779558fbf437d9"},"headline":"La Audiencia de Madrid avala la investigaci\u00f3n a Bego\u00f1a G\u00f3mez pese al informe de la UCO","datePublished":"2024-05-29T12:00:41+00:00","dateModified":"2024-05-29T14:46:28+00:00","mainEntityOfPage":{"@id":"https:\/\/www.eltriangle.eu\/es\/2024\/05\/29\/la-audiencia-de-madrid-avala-la-investigacion-a-begona-gomez-pese-al-informe-de-la-uco\/"},"wordCount":156,"commentCount":0,"publisher":{"@id":"https:\/\/www.eltriangle.eu\/es\/#organization"},"image":{"@id":"https:\/\/www.eltriangle.eu\/es\/2024\/05\/29\/la-audiencia-de-madrid-avala-la-investigacion-a-begona-gomez-pese-al-informe-de-la-uco\/#primaryimage"},"thumbnailUrl":"https:\/\/www.eltriangle.eu\/wp-content\/uploads\/2024\/04\/begona-gomez-a-la-tribuna-del-congres-foto-telecinco.jpg","keywords":["Audiencia Provincial","Bego\u00f1a G\u00f3mez","Guardia Civil","Pedro S\u00e1nchez"],"articleSection":["Actualidad","Poderes","Tribunales"],"inLanguage":"es","potentialAction":[{"@type":"CommentAction","name":"Comment","target":["https:\/\/www.eltriangle.eu\/es\/2024\/05\/29\/la-audiencia-de-madrid-avala-la-investigacion-a-begona-gomez-pese-al-informe-de-la-uco\/#respond"]}]},{"@type":"WebPage","@id":"https:\/\/www.eltriangle.eu\/es\/2024\/05\/29\/la-audiencia-de-madrid-avala-la-investigacion-a-begona-gomez-pese-al-informe-de-la-uco\/","url":"https:\/\/www.eltriangle.eu\/es\/2024\/05\/29\/la-audiencia-de-madrid-avala-la-investigacion-a-begona-gomez-pese-al-informe-de-la-uco\/","name":"La Audiencia de Madrid avala la investigaci\u00f3n a Bego\u00f1a G\u00f3mez pese al informe de la UCO - El Triangle","isPartOf":{"@id":"https:\/\/www.eltriangle.eu\/es\/#website"},"primaryImageOfPage":{"@id":"https:\/\/www.eltriangle.eu\/es\/2024\/05\/29\/la-audiencia-de-madrid-avala-la-investigacion-a-begona-gomez-pese-al-informe-de-la-uco\/#primaryimage"},"image":{"@id":"https:\/\/www.eltriangle.eu\/es\/2024\/05\/29\/la-audiencia-de-madrid-avala-la-investigacion-a-begona-gomez-pese-al-informe-de-la-uco\/#primaryimage"},"thumbnailUrl":"https:\/\/www.eltriangle.eu\/wp-content\/uploads\/2024\/04\/begona-gomez-a-la-tribuna-del-congres-foto-telecinco.jpg","datePublished":"2024-05-29T12:00:41+00:00","dateModified":"2024-05-29T14:46:28+00:00","description":"La Audiencia Provincial de Madrid ha hecho p\u00fablico este mi\u00e9rcoles un auto donde avala la decisi\u00f3n del juzgado 41 de Madrid de investigar a Bego\u00f1a G\u00f3mez,","breadcrumb":{"@id":"https:\/\/www.eltriangle.eu\/es\/2024\/05\/29\/la-audiencia-de-madrid-avala-la-investigacion-a-begona-gomez-pese-al-informe-de-la-uco\/#breadcrumb"},"inLanguage":"es","potentialAction":[{"@type":"ReadAction","target":["https:\/\/www.eltriangle.eu\/es\/2024\/05\/29\/la-audiencia-de-madrid-avala-la-investigacion-a-begona-gomez-pese-al-informe-de-la-uco\/"]}]},{"@type":"ImageObject","inLanguage":"es","@id":"https:\/\/www.eltriangle.eu\/es\/2024\/05\/29\/la-audiencia-de-madrid-avala-la-investigacion-a-begona-gomez-pese-al-informe-de-la-uco\/#primaryimage","url":"https:\/\/www.eltriangle.eu\/wp-content\/uploads\/2024\/04\/begona-gomez-a-la-tribuna-del-congres-foto-telecinco.jpg","contentUrl":"https:\/\/www.eltriangle.eu\/wp-content\/uploads\/2024\/04\/begona-gomez-a-la-tribuna-del-congres-foto-telecinco.jpg","width":1015,"height":567,"caption":"Bego\u00f1a G\u00f3mez, a la tribuna del Congr\u00e9s - Foto: Telecinco"},{"@type":"BreadcrumbList","@id":"https:\/\/www.eltriangle.eu\/es\/2024\/05\/29\/la-audiencia-de-madrid-avala-la-investigacion-a-begona-gomez-pese-al-informe-de-la-uco\/#breadcrumb","itemListElement":[{"@type":"ListItem","position":1,"name":"Portada","item":"https:\/\/www.eltriangle.eu\/es\/"},{"@type":"ListItem","position":2,"name":"La Audiencia de Madrid avala la investigaci\u00f3n a Bego\u00f1a G\u00f3mez pese al informe de la UCO"}]},{"@type":"WebSite","@id":"https:\/\/www.eltriangle.eu\/es\/#website","url":"https:\/\/www.eltriangle.eu\/es\/","name":"El Triangle","description":"El Triangle \u00e9s un Diari d&#039;informaci\u00f3 general, editat a Catalunya i escrit en llengua catalana, especialitzat en investigaci\u00f3 period\u00edstica","publisher":{"@id":"https:\/\/www.eltriangle.eu\/es\/#organization"},"potentialAction":[{"@type":"SearchAction","target":{"@type":"EntryPoint","urlTemplate":"https:\/\/www.eltriangle.eu\/es\/?s={search_term_string}"},"query-input":{"@type":"PropertyValueSpecification","valueRequired":true,"valueName":"search_term_string"}}],"inLanguage":"es"},{"@type":["Organization","NewsMediaOrganization"],"@id":"https:\/\/www.eltriangle.eu\/es\/#organization","name":"El Triangle","url":"https:\/\/www.eltriangle.eu\/es\/","logo":{"@type":"ImageObject","inLanguage":"es","@id":"https:\/\/www.eltriangle.eu\/es\/#\/schema\/logo\/image\/","url":"https:\/\/www.eltriangle.eu\/wp-content\/uploads\/2020\/11\/triangle_logo-ajustado.jpg","contentUrl":"https:\/\/www.eltriangle.eu\/wp-content\/uploads\/2020\/11\/triangle_logo-ajustado.jpg","width":521,"height":92,"caption":"El Triangle"},"image":{"@id":"https:\/\/www.eltriangle.eu\/es\/#\/schema\/logo\/image\/"},"sameAs":["https:\/\/www.facebook.com\/El-Triangle-Diari-101787399020302","https:\/\/x.com\/El_Triangle","https:\/\/www.youtube.com\/channel\/UCTIjmYEMYSpdGonuAgNhbcg"]},{"@type":"Person","@id":"https:\/\/www.eltriangle.eu\/es\/#\/schema\/person\/6e5938f06dd4dcd413779558fbf437d9","name":"Redacci\u00f3 \/ ACN","image":{"@type":"ImageObject","inLanguage":"es","@id":"\/\/www.gravatar.com\/avatar\/a5bc366245a614da74d9f8d49d1b53bf?s=96&#038;r=g&#038;d=mm","url":"\/\/www.gravatar.com\/avatar\/a5bc366245a614da74d9f8d49d1b53bf?s=96&#038;r=g&#038;d=mm","contentUrl":"\/\/www.gravatar.com\/avatar\/a5bc366245a614da74d9f8d49d1b53bf?s=96&#038;r=g&#038;d=mm","caption":"Redacci\u00f3 \/ ACN"},"url":"https:\/\/www.eltriangle.eu\/es\/author\/redaccioacn\/"},{"@type":"SiteNavigationElement","@id":"https:\/\/www.eltriangle.eu\/es\/#site-navigation","cssSelector":[".cib-main-menu"]},{"@type":"WPHeader","@id":"https:\/\/www.eltriangle.eu\/es\/#header","cssSelector":[".cib-header"]},{"@type":"WPFooter","@id":"https:\/\/www.eltriangle.eu\/es\/#footer","cssSelector":[".cib-footer"]}]}},"amp_enabled":true,"_links":{"self":[{"href":"https:\/\/www.eltriangle.eu\/es\/wp-json\/wp\/v2\/posts\/263240","targetHints":{"allow":["GET"]}}],"collection":[{"href":"https:\/\/www.eltriangle.eu\/es\/wp-json\/wp\/v2\/posts"}],"about":[{"href":"https:\/\/www.eltriangle.eu\/es\/wp-json\/wp\/v2\/types\/post"}],"author":[{"embeddable":true,"href":"https:\/\/www.eltriangle.eu\/es\/wp-json\/wp\/v2\/users\/179"}],"replies":[{"embeddable":true,"href":"https:\/\/www.eltriangle.eu\/es\/wp-json\/wp\/v2\/comments?post=263240"}],"version-history":[{"count":0,"href":"https:\/\/www.eltriangle.eu\/es\/wp-json\/wp\/v2\/posts\/263240\/revisions"}],"wp:featuredmedia":[{"embeddable":true,"href":"https:\/\/www.eltriangle.eu\/es\/wp-json\/wp\/v2\/media\/257017"}],"wp:attachment":[{"href":"https:\/\/www.eltriangle.eu\/es\/wp-json\/wp\/v2\/media?parent=263240"}],"wp:term":[{"taxonomy":"category","embeddable":true,"href":"https:\/\/www.eltriangle.eu\/es\/wp-json\/wp\/v2\/categories?post=263240"},{"taxonomy":"post_tag","embeddable":true,"href":"https:\/\/www.eltriangle.eu\/es\/wp-json\/wp\/v2\/tags?post=263240"}],"curies":[{"name":"wp","href":"https:\/\/api.w.org\/{rel}","templated":true}]}}