{"id":257773,"date":"2024-04-30T07:45:41","date_gmt":"2024-04-30T05:45:41","guid":{"rendered":null},"modified":"2024-04-30T13:27:50","modified_gmt":"2024-04-30T11:27:50","slug":"la-generalitat-ratifica-el-acuerdo-laboral-de-los-trabajadores-penitenciarios","status":"publish","type":"post","link":"https:\/\/www.eltriangle.eu\/es\/2024\/04\/30\/la-generalitat-ratifica-el-acuerdo-laboral-de-los-trabajadores-penitenciarios\/","title":{"rendered":"La Generalitat ratifica el acuerdo laboral de los trabajadores penitenciarios"},"content":{"rendered":"<p>El <strong>Gobierno de la Generalitat<\/strong> ha aprobado este martes el <strong>nuevo modelo organizativo y de condiciones de trabajo 2024-2027 para el personal penitenciario<\/strong>, que sustituye al que se aplicaba desde 2006. El ejecutivo destinar\u00e1 30 millones de euros para hacerlo efectivo, difunde la ACN.<\/p>\n<p>El <strong>Departamento de Justicia de la Generalitat<\/strong> alcanz\u00f3 un acuerdo en el \u00faltimo momento con los sindicatos antes de la huelga prevista para el pasado viernes, en una negociaci\u00f3n marcada por el asesinato de una cocinera en la prisi\u00f3n de Mas d&#8217;Enric a manos de un interno.<\/p>\n<p>El<strong> Consejo Ejecutivo<\/strong> tambi\u00e9n ha ratificado el preacuerdo de mejora de las condiciones laborales con los trabajadores de la Administraci\u00f3n de Justicia, que se prev\u00e9 hacer efectivo de forma inminente y que incluye incrementos salariales de 200 euros de media, entre otras mejoras.<\/p>\n","protected":false},"excerpt":{"rendered":"<p>El Gobierno de la Generalitat ha aprobado este martes el nuevo modelo organizativo y de condiciones de trabajo 2024-2027 para el personal penitenciario, que sustituye al que se aplicaba desde 2006. El ejecutivo destinar\u00e1 30 millones de euros para hacerlo efectivo, difunde la ACN. El Departamento de Justicia de la Generalitat alcanz\u00f3 un acuerdo en &#8230; <a title=\"La Generalitat ratifica el acuerdo laboral de los trabajadores penitenciarios\" class=\"read-more\" href=\"https:\/\/www.eltriangle.eu\/es\/2024\/04\/30\/la-generalitat-ratifica-el-acuerdo-laboral-de-los-trabajadores-penitenciarios\/\" aria-label=\"Leer m\u00e1s sobre La Generalitat ratifica el acuerdo laboral de los trabajadores penitenciarios\">Leer m\u00e1s<\/a><\/p>\n","protected":false},"author":179,"featured_media":257772,"comment_status":"open","ping_status":"closed","sticky":false,"template":"","format":"standard","meta":{"_acf_changed":false,"pmpro_default_level":"","footnotes":""},"categories":[24,74],"tags":[3252,4335],"class_list":["post-257773","post","type-post","status-publish","format-standard","has-post-thumbnail","hentry","category-actualidad","category-poderes","tag-departamento-de-justicia","tag-funcionarios-de-prisiones","lh_instant_articles-syndicate-yes","pmpro-has-access"],"acf":[],"yoast_head":"<!-- This site is optimized with the Yoast SEO plugin v27.4 - https:\/\/yoast.com\/product\/yoast-seo-wordpress\/ -->\n<title>La Generalitat ratifica el acuerdo laboral de los trabajadores penitenciarios - El Triangle<\/title>\n<meta name=\"description\" content=\"El Gobierno de la Generalitat ha aprobado este martes el nuevo modelo organizativo y de condiciones de trabajo 2024-2027 para el personal penitenciario,\" class=\"yoast-seo-meta-tag\" \/>\n<meta name=\"robots\" content=\"index, follow, max-snippet:-1, max-image-preview:large, max-video-preview:-1\" \/>\n<link rel=\"canonical\" href=\"https:\/\/www.eltriangle.eu\/es\/2024\/04\/30\/la-generalitat-ratifica-el-acuerdo-laboral-de-los-trabajadores-penitenciarios\/\" class=\"yoast-seo-meta-tag\" \/>\n<meta property=\"og:locale\" content=\"es_ES\" class=\"yoast-seo-meta-tag\" \/>\n<meta property=\"og:type\" content=\"article\" class=\"yoast-seo-meta-tag\" \/>\n<meta property=\"og:title\" content=\"La Generalitat ratifica el acuerdo laboral de los trabajadores penitenciarios - El Triangle\" class=\"yoast-seo-meta-tag\" \/>\n<meta property=\"og:description\" content=\"El Gobierno de la Generalitat ha aprobado este martes el nuevo modelo organizativo y de condiciones de trabajo 2024-2027 para el personal penitenciario,\" class=\"yoast-seo-meta-tag\" \/>\n<meta property=\"og:url\" content=\"https:\/\/www.eltriangle.eu\/es\/2024\/04\/30\/la-generalitat-ratifica-el-acuerdo-laboral-de-los-trabajadores-penitenciarios\/\" class=\"yoast-seo-meta-tag\" \/>\n<meta property=\"og:site_name\" content=\"El Triangle\" class=\"yoast-seo-meta-tag\" \/>\n<meta property=\"article:publisher\" content=\"https:\/\/www.facebook.com\/El-Triangle-Diari-101787399020302\" class=\"yoast-seo-meta-tag\" \/>\n<meta property=\"article:published_time\" content=\"2024-04-30T05:45:41+00:00\" class=\"yoast-seo-meta-tag\" \/>\n<meta property=\"article:modified_time\" content=\"2024-04-30T11:27:50+00:00\" class=\"yoast-seo-meta-tag\" \/>\n<meta property=\"og:image\" content=\"https:\/\/www.eltriangle.eu\/wp-content\/uploads\/2024\/04\/la-consellera-de-justicia-gemma-ubasart.jpg\" class=\"yoast-seo-meta-tag\" \/>\n\t<meta property=\"og:image:width\" content=\"1200\" class=\"yoast-seo-meta-tag\" \/>\n\t<meta property=\"og:image:height\" content=\"800\" class=\"yoast-seo-meta-tag\" \/>\n\t<meta property=\"og:image:type\" content=\"image\/jpeg\" class=\"yoast-seo-meta-tag\" \/>\n<meta name=\"author\" content=\"Redacci\u00f3 \/ ACN\" class=\"yoast-seo-meta-tag\" \/>\n<meta name=\"twitter:card\" content=\"summary_large_image\" class=\"yoast-seo-meta-tag\" \/>\n<meta name=\"twitter:creator\" content=\"@El_Triangle\" class=\"yoast-seo-meta-tag\" \/>\n<meta name=\"twitter:site\" content=\"@El_Triangle\" class=\"yoast-seo-meta-tag\" \/>\n<meta name=\"twitter:label1\" content=\"Escrito por\" class=\"yoast-seo-meta-tag\" \/>\n\t<meta name=\"twitter:data1\" content=\"Redacci\u00f3 \/ ACN\" class=\"yoast-seo-meta-tag\" \/>\n\t<meta name=\"twitter:label2\" content=\"Tiempo de lectura\" class=\"yoast-seo-meta-tag\" \/>\n\t<meta name=\"twitter:data2\" content=\"1 minuto\" class=\"yoast-seo-meta-tag\" \/>\n<script type=\"application\/ld+json\" class=\"yoast-schema-graph\">{\"@context\":\"https:\\\/\\\/schema.org\",\"@graph\":[{\"@type\":\"NewsArticle\",\"@id\":\"https:\\\/\\\/www.eltriangle.eu\\\/es\\\/2024\\\/04\\\/30\\\/la-generalitat-ratifica-el-acuerdo-laboral-de-los-trabajadores-penitenciarios\\\/#article\",\"isPartOf\":{\"@id\":\"https:\\\/\\\/www.eltriangle.eu\\\/es\\\/2024\\\/04\\\/30\\\/la-generalitat-ratifica-el-acuerdo-laboral-de-los-trabajadores-penitenciarios\\\/\"},\"author\":{\"name\":\"Redacci\u00f3 \\\/ ACN\",\"@id\":\"https:\\\/\\\/www.eltriangle.eu\\\/es\\\/#\\\/schema\\\/person\\\/6e5938f06dd4dcd413779558fbf437d9\"},\"headline\":\"La Generalitat ratifica el acuerdo laboral de los trabajadores penitenciarios\",\"datePublished\":\"2024-04-30T05:45:41+00:00\",\"dateModified\":\"2024-04-30T11:27:50+00:00\",\"mainEntityOfPage\":{\"@id\":\"https:\\\/\\\/www.eltriangle.eu\\\/es\\\/2024\\\/04\\\/30\\\/la-generalitat-ratifica-el-acuerdo-laboral-de-los-trabajadores-penitenciarios\\\/\"},\"wordCount\":146,\"commentCount\":0,\"publisher\":{\"@id\":\"https:\\\/\\\/www.eltriangle.eu\\\/es\\\/#organization\"},\"image\":{\"@id\":\"https:\\\/\\\/www.eltriangle.eu\\\/es\\\/2024\\\/04\\\/30\\\/la-generalitat-ratifica-el-acuerdo-laboral-de-los-trabajadores-penitenciarios\\\/#primaryimage\"},\"thumbnailUrl\":\"https:\\\/\\\/www.eltriangle.eu\\\/wp-content\\\/uploads\\\/2024\\\/04\\\/la-consellera-de-justicia-gemma-ubasart.jpg\",\"keywords\":[\"Departamento de Just\u00edcia\",\"funcionarios de prisiones\"],\"articleSection\":[\"Actualidad\",\"Poderes\"],\"inLanguage\":\"es\",\"potentialAction\":[{\"@type\":\"CommentAction\",\"name\":\"Comment\",\"target\":[\"https:\\\/\\\/www.eltriangle.eu\\\/es\\\/2024\\\/04\\\/30\\\/la-generalitat-ratifica-el-acuerdo-laboral-de-los-trabajadores-penitenciarios\\\/#respond\"]}]},{\"@type\":\"WebPage\",\"@id\":\"https:\\\/\\\/www.eltriangle.eu\\\/es\\\/2024\\\/04\\\/30\\\/la-generalitat-ratifica-el-acuerdo-laboral-de-los-trabajadores-penitenciarios\\\/\",\"url\":\"https:\\\/\\\/www.eltriangle.eu\\\/es\\\/2024\\\/04\\\/30\\\/la-generalitat-ratifica-el-acuerdo-laboral-de-los-trabajadores-penitenciarios\\\/\",\"name\":\"La Generalitat ratifica el acuerdo laboral de los trabajadores penitenciarios - El Triangle\",\"isPartOf\":{\"@id\":\"https:\\\/\\\/www.eltriangle.eu\\\/es\\\/#website\"},\"primaryImageOfPage\":{\"@id\":\"https:\\\/\\\/www.eltriangle.eu\\\/es\\\/2024\\\/04\\\/30\\\/la-generalitat-ratifica-el-acuerdo-laboral-de-los-trabajadores-penitenciarios\\\/#primaryimage\"},\"image\":{\"@id\":\"https:\\\/\\\/www.eltriangle.eu\\\/es\\\/2024\\\/04\\\/30\\\/la-generalitat-ratifica-el-acuerdo-laboral-de-los-trabajadores-penitenciarios\\\/#primaryimage\"},\"thumbnailUrl\":\"https:\\\/\\\/www.eltriangle.eu\\\/wp-content\\\/uploads\\\/2024\\\/04\\\/la-consellera-de-justicia-gemma-ubasart.jpg\",\"datePublished\":\"2024-04-30T05:45:41+00:00\",\"dateModified\":\"2024-04-30T11:27:50+00:00\",\"description\":\"El Gobierno de la Generalitat ha aprobado este martes el nuevo modelo organizativo y de condiciones de trabajo 2024-2027 para el personal penitenciario,\",\"breadcrumb\":{\"@id\":\"https:\\\/\\\/www.eltriangle.eu\\\/es\\\/2024\\\/04\\\/30\\\/la-generalitat-ratifica-el-acuerdo-laboral-de-los-trabajadores-penitenciarios\\\/#breadcrumb\"},\"inLanguage\":\"es\",\"potentialAction\":[{\"@type\":\"ReadAction\",\"target\":[\"https:\\\/\\\/www.eltriangle.eu\\\/es\\\/2024\\\/04\\\/30\\\/la-generalitat-ratifica-el-acuerdo-laboral-de-los-trabajadores-penitenciarios\\\/\"]}]},{\"@type\":\"ImageObject\",\"inLanguage\":\"es\",\"@id\":\"https:\\\/\\\/www.eltriangle.eu\\\/es\\\/2024\\\/04\\\/30\\\/la-generalitat-ratifica-el-acuerdo-laboral-de-los-trabajadores-penitenciarios\\\/#primaryimage\",\"url\":\"https:\\\/\\\/www.eltriangle.eu\\\/wp-content\\\/uploads\\\/2024\\\/04\\\/la-consellera-de-justicia-gemma-ubasart.jpg\",\"contentUrl\":\"https:\\\/\\\/www.eltriangle.eu\\\/wp-content\\\/uploads\\\/2024\\\/04\\\/la-consellera-de-justicia-gemma-ubasart.jpg\",\"width\":1200,\"height\":800,\"caption\":\"La consellera de Just\u00edcia, Gemma Ubasart\"},{\"@type\":\"BreadcrumbList\",\"@id\":\"https:\\\/\\\/www.eltriangle.eu\\\/es\\\/2024\\\/04\\\/30\\\/la-generalitat-ratifica-el-acuerdo-laboral-de-los-trabajadores-penitenciarios\\\/#breadcrumb\",\"itemListElement\":[{\"@type\":\"ListItem\",\"position\":1,\"name\":\"Portada\",\"item\":\"https:\\\/\\\/www.eltriangle.eu\\\/es\\\/\"},{\"@type\":\"ListItem\",\"position\":2,\"name\":\"La Generalitat ratifica el acuerdo laboral de los trabajadores penitenciarios\"}]},{\"@type\":\"WebSite\",\"@id\":\"https:\\\/\\\/www.eltriangle.eu\\\/es\\\/#website\",\"url\":\"https:\\\/\\\/www.eltriangle.eu\\\/es\\\/\",\"name\":\"El Triangle\",\"description\":\"El Triangle \u00e9s un Diari d&#039;informaci\u00f3 general, editat a Catalunya i escrit en llengua catalana, especialitzat en investigaci\u00f3 period\u00edstica\",\"publisher\":{\"@id\":\"https:\\\/\\\/www.eltriangle.eu\\\/es\\\/#organization\"},\"potentialAction\":[{\"@type\":\"SearchAction\",\"target\":{\"@type\":\"EntryPoint\",\"urlTemplate\":\"https:\\\/\\\/www.eltriangle.eu\\\/es\\\/?s={search_term_string}\"},\"query-input\":{\"@type\":\"PropertyValueSpecification\",\"valueRequired\":true,\"valueName\":\"search_term_string\"}}],\"inLanguage\":\"es\"},{\"@type\":[\"Organization\",\"NewsMediaOrganization\"],\"@id\":\"https:\\\/\\\/www.eltriangle.eu\\\/es\\\/#organization\",\"name\":\"El Triangle\",\"url\":\"https:\\\/\\\/www.eltriangle.eu\\\/es\\\/\",\"logo\":{\"@type\":\"ImageObject\",\"inLanguage\":\"es\",\"@id\":\"https:\\\/\\\/www.eltriangle.eu\\\/es\\\/#\\\/schema\\\/logo\\\/image\\\/\",\"url\":\"https:\\\/\\\/www.eltriangle.eu\\\/wp-content\\\/uploads\\\/2020\\\/11\\\/triangle_logo-ajustado.jpg\",\"contentUrl\":\"https:\\\/\\\/www.eltriangle.eu\\\/wp-content\\\/uploads\\\/2020\\\/11\\\/triangle_logo-ajustado.jpg\",\"width\":521,\"height\":92,\"caption\":\"El Triangle\"},\"image\":{\"@id\":\"https:\\\/\\\/www.eltriangle.eu\\\/es\\\/#\\\/schema\\\/logo\\\/image\\\/\"},\"sameAs\":[\"https:\\\/\\\/www.facebook.com\\\/El-Triangle-Diari-101787399020302\",\"https:\\\/\\\/x.com\\\/El_Triangle\",\"https:\\\/\\\/www.youtube.com\\\/channel\\\/UCTIjmYEMYSpdGonuAgNhbcg\"]},{\"@type\":\"Person\",\"@id\":\"https:\\\/\\\/www.eltriangle.eu\\\/es\\\/#\\\/schema\\\/person\\\/6e5938f06dd4dcd413779558fbf437d9\",\"name\":\"Redacci\u00f3 \\\/ ACN\",\"image\":{\"@type\":\"ImageObject\",\"inLanguage\":\"es\",\"@id\":\"\\\/\\\/www.gravatar.com\\\/avatar\\\/a5bc366245a614da74d9f8d49d1b53bf?s=96&#038;r=g&#038;d=mm\",\"url\":\"\\\/\\\/www.gravatar.com\\\/avatar\\\/a5bc366245a614da74d9f8d49d1b53bf?s=96&#038;r=g&#038;d=mm\",\"contentUrl\":\"\\\/\\\/www.gravatar.com\\\/avatar\\\/a5bc366245a614da74d9f8d49d1b53bf?s=96&#038;r=g&#038;d=mm\",\"caption\":\"Redacci\u00f3 \\\/ ACN\"},\"url\":\"https:\\\/\\\/www.eltriangle.eu\\\/es\\\/author\\\/redaccioacn\\\/\"},{\"@type\":\"SiteNavigationElement\",\"@id\":\"https:\\\/\\\/www.eltriangle.eu\\\/es\\\/#site-navigation\",\"cssSelector\":[\".cib-main-menu\"]},{\"@type\":\"WPHeader\",\"@id\":\"https:\\\/\\\/www.eltriangle.eu\\\/es\\\/#header\",\"cssSelector\":[\".cib-header\"]},{\"@type\":\"WPFooter\",\"@id\":\"https:\\\/\\\/www.eltriangle.eu\\\/es\\\/#footer\",\"cssSelector\":[\".cib-footer\"]}]}<\/script>\n<!-- \/ Yoast SEO plugin. -->","yoast_head_json":{"title":"La Generalitat ratifica el acuerdo laboral de los trabajadores penitenciarios - El Triangle","description":"El Gobierno de la Generalitat ha aprobado este martes el nuevo modelo organizativo y de condiciones de trabajo 2024-2027 para el personal penitenciario,","robots":{"index":"index","follow":"follow","max-snippet":"max-snippet:-1","max-image-preview":"max-image-preview:large","max-video-preview":"max-video-preview:-1"},"canonical":"https:\/\/www.eltriangle.eu\/es\/2024\/04\/30\/la-generalitat-ratifica-el-acuerdo-laboral-de-los-trabajadores-penitenciarios\/","og_locale":"es_ES","og_type":"article","og_title":"La Generalitat ratifica el acuerdo laboral de los trabajadores penitenciarios - El Triangle","og_description":"El Gobierno de la Generalitat ha aprobado este martes el nuevo modelo organizativo y de condiciones de trabajo 2024-2027 para el personal penitenciario,","og_url":"https:\/\/www.eltriangle.eu\/es\/2024\/04\/30\/la-generalitat-ratifica-el-acuerdo-laboral-de-los-trabajadores-penitenciarios\/","og_site_name":"El Triangle","article_publisher":"https:\/\/www.facebook.com\/El-Triangle-Diari-101787399020302","article_published_time":"2024-04-30T05:45:41+00:00","article_modified_time":"2024-04-30T11:27:50+00:00","og_image":[{"width":1200,"height":800,"url":"https:\/\/www.eltriangle.eu\/wp-content\/uploads\/2024\/04\/la-consellera-de-justicia-gemma-ubasart.jpg","type":"image\/jpeg"}],"author":"Redacci\u00f3 \/ ACN","twitter_card":"summary_large_image","twitter_creator":"@El_Triangle","twitter_site":"@El_Triangle","twitter_misc":{"Escrito por":"Redacci\u00f3 \/ ACN","Tiempo de lectura":"1 minuto"},"schema":{"@context":"https:\/\/schema.org","@graph":[{"@type":"NewsArticle","@id":"https:\/\/www.eltriangle.eu\/es\/2024\/04\/30\/la-generalitat-ratifica-el-acuerdo-laboral-de-los-trabajadores-penitenciarios\/#article","isPartOf":{"@id":"https:\/\/www.eltriangle.eu\/es\/2024\/04\/30\/la-generalitat-ratifica-el-acuerdo-laboral-de-los-trabajadores-penitenciarios\/"},"author":{"name":"Redacci\u00f3 \/ ACN","@id":"https:\/\/www.eltriangle.eu\/es\/#\/schema\/person\/6e5938f06dd4dcd413779558fbf437d9"},"headline":"La Generalitat ratifica el acuerdo laboral de los trabajadores penitenciarios","datePublished":"2024-04-30T05:45:41+00:00","dateModified":"2024-04-30T11:27:50+00:00","mainEntityOfPage":{"@id":"https:\/\/www.eltriangle.eu\/es\/2024\/04\/30\/la-generalitat-ratifica-el-acuerdo-laboral-de-los-trabajadores-penitenciarios\/"},"wordCount":146,"commentCount":0,"publisher":{"@id":"https:\/\/www.eltriangle.eu\/es\/#organization"},"image":{"@id":"https:\/\/www.eltriangle.eu\/es\/2024\/04\/30\/la-generalitat-ratifica-el-acuerdo-laboral-de-los-trabajadores-penitenciarios\/#primaryimage"},"thumbnailUrl":"https:\/\/www.eltriangle.eu\/wp-content\/uploads\/2024\/04\/la-consellera-de-justicia-gemma-ubasart.jpg","keywords":["Departamento de Just\u00edcia","funcionarios de prisiones"],"articleSection":["Actualidad","Poderes"],"inLanguage":"es","potentialAction":[{"@type":"CommentAction","name":"Comment","target":["https:\/\/www.eltriangle.eu\/es\/2024\/04\/30\/la-generalitat-ratifica-el-acuerdo-laboral-de-los-trabajadores-penitenciarios\/#respond"]}]},{"@type":"WebPage","@id":"https:\/\/www.eltriangle.eu\/es\/2024\/04\/30\/la-generalitat-ratifica-el-acuerdo-laboral-de-los-trabajadores-penitenciarios\/","url":"https:\/\/www.eltriangle.eu\/es\/2024\/04\/30\/la-generalitat-ratifica-el-acuerdo-laboral-de-los-trabajadores-penitenciarios\/","name":"La Generalitat ratifica el acuerdo laboral de los trabajadores penitenciarios - El Triangle","isPartOf":{"@id":"https:\/\/www.eltriangle.eu\/es\/#website"},"primaryImageOfPage":{"@id":"https:\/\/www.eltriangle.eu\/es\/2024\/04\/30\/la-generalitat-ratifica-el-acuerdo-laboral-de-los-trabajadores-penitenciarios\/#primaryimage"},"image":{"@id":"https:\/\/www.eltriangle.eu\/es\/2024\/04\/30\/la-generalitat-ratifica-el-acuerdo-laboral-de-los-trabajadores-penitenciarios\/#primaryimage"},"thumbnailUrl":"https:\/\/www.eltriangle.eu\/wp-content\/uploads\/2024\/04\/la-consellera-de-justicia-gemma-ubasart.jpg","datePublished":"2024-04-30T05:45:41+00:00","dateModified":"2024-04-30T11:27:50+00:00","description":"El Gobierno de la Generalitat ha aprobado este martes el nuevo modelo organizativo y de condiciones de trabajo 2024-2027 para el personal penitenciario,","breadcrumb":{"@id":"https:\/\/www.eltriangle.eu\/es\/2024\/04\/30\/la-generalitat-ratifica-el-acuerdo-laboral-de-los-trabajadores-penitenciarios\/#breadcrumb"},"inLanguage":"es","potentialAction":[{"@type":"ReadAction","target":["https:\/\/www.eltriangle.eu\/es\/2024\/04\/30\/la-generalitat-ratifica-el-acuerdo-laboral-de-los-trabajadores-penitenciarios\/"]}]},{"@type":"ImageObject","inLanguage":"es","@id":"https:\/\/www.eltriangle.eu\/es\/2024\/04\/30\/la-generalitat-ratifica-el-acuerdo-laboral-de-los-trabajadores-penitenciarios\/#primaryimage","url":"https:\/\/www.eltriangle.eu\/wp-content\/uploads\/2024\/04\/la-consellera-de-justicia-gemma-ubasart.jpg","contentUrl":"https:\/\/www.eltriangle.eu\/wp-content\/uploads\/2024\/04\/la-consellera-de-justicia-gemma-ubasart.jpg","width":1200,"height":800,"caption":"La consellera de Just\u00edcia, Gemma Ubasart"},{"@type":"BreadcrumbList","@id":"https:\/\/www.eltriangle.eu\/es\/2024\/04\/30\/la-generalitat-ratifica-el-acuerdo-laboral-de-los-trabajadores-penitenciarios\/#breadcrumb","itemListElement":[{"@type":"ListItem","position":1,"name":"Portada","item":"https:\/\/www.eltriangle.eu\/es\/"},{"@type":"ListItem","position":2,"name":"La Generalitat ratifica el acuerdo laboral de los trabajadores penitenciarios"}]},{"@type":"WebSite","@id":"https:\/\/www.eltriangle.eu\/es\/#website","url":"https:\/\/www.eltriangle.eu\/es\/","name":"El Triangle","description":"El Triangle \u00e9s un Diari d&#039;informaci\u00f3 general, editat a Catalunya i escrit en llengua catalana, especialitzat en investigaci\u00f3 period\u00edstica","publisher":{"@id":"https:\/\/www.eltriangle.eu\/es\/#organization"},"potentialAction":[{"@type":"SearchAction","target":{"@type":"EntryPoint","urlTemplate":"https:\/\/www.eltriangle.eu\/es\/?s={search_term_string}"},"query-input":{"@type":"PropertyValueSpecification","valueRequired":true,"valueName":"search_term_string"}}],"inLanguage":"es"},{"@type":["Organization","NewsMediaOrganization"],"@id":"https:\/\/www.eltriangle.eu\/es\/#organization","name":"El Triangle","url":"https:\/\/www.eltriangle.eu\/es\/","logo":{"@type":"ImageObject","inLanguage":"es","@id":"https:\/\/www.eltriangle.eu\/es\/#\/schema\/logo\/image\/","url":"https:\/\/www.eltriangle.eu\/wp-content\/uploads\/2020\/11\/triangle_logo-ajustado.jpg","contentUrl":"https:\/\/www.eltriangle.eu\/wp-content\/uploads\/2020\/11\/triangle_logo-ajustado.jpg","width":521,"height":92,"caption":"El Triangle"},"image":{"@id":"https:\/\/www.eltriangle.eu\/es\/#\/schema\/logo\/image\/"},"sameAs":["https:\/\/www.facebook.com\/El-Triangle-Diari-101787399020302","https:\/\/x.com\/El_Triangle","https:\/\/www.youtube.com\/channel\/UCTIjmYEMYSpdGonuAgNhbcg"]},{"@type":"Person","@id":"https:\/\/www.eltriangle.eu\/es\/#\/schema\/person\/6e5938f06dd4dcd413779558fbf437d9","name":"Redacci\u00f3 \/ ACN","image":{"@type":"ImageObject","inLanguage":"es","@id":"\/\/www.gravatar.com\/avatar\/a5bc366245a614da74d9f8d49d1b53bf?s=96&#038;r=g&#038;d=mm","url":"\/\/www.gravatar.com\/avatar\/a5bc366245a614da74d9f8d49d1b53bf?s=96&#038;r=g&#038;d=mm","contentUrl":"\/\/www.gravatar.com\/avatar\/a5bc366245a614da74d9f8d49d1b53bf?s=96&#038;r=g&#038;d=mm","caption":"Redacci\u00f3 \/ ACN"},"url":"https:\/\/www.eltriangle.eu\/es\/author\/redaccioacn\/"},{"@type":"SiteNavigationElement","@id":"https:\/\/www.eltriangle.eu\/es\/#site-navigation","cssSelector":[".cib-main-menu"]},{"@type":"WPHeader","@id":"https:\/\/www.eltriangle.eu\/es\/#header","cssSelector":[".cib-header"]},{"@type":"WPFooter","@id":"https:\/\/www.eltriangle.eu\/es\/#footer","cssSelector":[".cib-footer"]}]}},"amp_enabled":true,"_links":{"self":[{"href":"https:\/\/www.eltriangle.eu\/es\/wp-json\/wp\/v2\/posts\/257773","targetHints":{"allow":["GET"]}}],"collection":[{"href":"https:\/\/www.eltriangle.eu\/es\/wp-json\/wp\/v2\/posts"}],"about":[{"href":"https:\/\/www.eltriangle.eu\/es\/wp-json\/wp\/v2\/types\/post"}],"author":[{"embeddable":true,"href":"https:\/\/www.eltriangle.eu\/es\/wp-json\/wp\/v2\/users\/179"}],"replies":[{"embeddable":true,"href":"https:\/\/www.eltriangle.eu\/es\/wp-json\/wp\/v2\/comments?post=257773"}],"version-history":[{"count":0,"href":"https:\/\/www.eltriangle.eu\/es\/wp-json\/wp\/v2\/posts\/257773\/revisions"}],"wp:featuredmedia":[{"embeddable":true,"href":"https:\/\/www.eltriangle.eu\/es\/wp-json\/wp\/v2\/media\/257772"}],"wp:attachment":[{"href":"https:\/\/www.eltriangle.eu\/es\/wp-json\/wp\/v2\/media?parent=257773"}],"wp:term":[{"taxonomy":"category","embeddable":true,"href":"https:\/\/www.eltriangle.eu\/es\/wp-json\/wp\/v2\/categories?post=257773"},{"taxonomy":"post_tag","embeddable":true,"href":"https:\/\/www.eltriangle.eu\/es\/wp-json\/wp\/v2\/tags?post=257773"}],"curies":[{"name":"wp","href":"https:\/\/api.w.org\/{rel}","templated":true}]}}