{"id":257143,"date":"2024-04-26T11:02:25","date_gmt":"2024-04-26T09:02:25","guid":{"rendered":null},"modified":"2024-04-26T11:02:25","modified_gmt":"2024-04-26T09:02:25","slug":"las-criticas-al-tiempo-de-reflexion-de-sanchez-irrumpen-en-el-primer-debate-de-candidatos-y-el-psc-sale-en-su-defensa","status":"publish","type":"post","link":"https:\/\/www.eltriangle.eu\/es\/2024\/04\/26\/las-criticas-al-tiempo-de-reflexion-de-sanchez-irrumpen-en-el-primer-debate-de-candidatos-y-el-psc-sale-en-su-defensa\/","title":{"rendered":"Las cr\u00edticas al tiempo de reflexi\u00f3n de S\u00e1nchez irrumpen en el primer debate de candidatos y el PSC sale en su defensa"},"content":{"rendered":"<p>La mayor\u00eda de los candidatos al 12-M ven con recelo el tiempo de reflexi\u00f3n que se ha tomado el presidente del gobierno central, el socialista <strong>Pedro S\u00e1nchez<\/strong>, despu\u00e9s de la investigaci\u00f3n abierta contra su mujer por una denuncia de Manos Limpias. En el debate de RAC1 y <em>La Vanguardia<\/em>, solo el socialista <strong>Salvador Illa<\/strong> lo ha defendido: \u00abEs un hecho in\u00e9dito, pero es un acto de sinceridad\u00bb. Illa considera que todo ello es un ataque personal a S\u00e1nchez y pide una \u00abreflexi\u00f3n colectiva\u00bb sobre los l\u00edmites de la pol\u00edtica.<\/p>\n<p>En este sentido, <strong>Josep Rull <\/strong>(Junts + Puigdemont per Catalunya), <strong>Pere Aragon\u00e8s<\/strong> (ERC) y <strong>J\u00e9ssica Albiach<\/strong> (Comuns Sumar) empatizan con S\u00e1nchez para sufrir ahora <em>lawfare<\/em>, pero recuerdan que los ataques de la ultraderecha no son nuevos. M\u00e1s contundentes han estado<strong> Alejandro Fern\u00e1ndez<\/strong> (PPC), <strong>Ignacio Garriga<\/strong> (Vox), <strong>Laia Estrada<\/strong> (CUP) i <strong>Carlos Carrizosa<\/strong> (Cs), que ven un movimiento extra\u00f1o.<\/p>\n<p>El candidato del PP, Alejandro Fern\u00e1ndez, asegura que el movimiento de S\u00e1nchez \u00abse ha cargado\u00bb la campa\u00f1a de Salvador Illa en Catalu\u00f1a porque mientras el candidato socialista defiende que su proyecto es el de la fiabilidad y la inestabilidad, el gesto del presidente espa\u00f1ol \u00abdeja Espa\u00f1a en el limbo de la incertidumbre y la inestabilidad\u00bb.<\/p>\n<p>Por el candidato de Vox, Ignacio Garriga, el tiempo de reflexi\u00f3n de Pedro S\u00e1nchez es una \u00abescenificaci\u00f3n\u00bb y, al contrario de lo que defiende Illa, es S\u00e1nchez el que ha superado los \u00abl\u00edmites pol\u00edticos y morales\u00bb y lo anima a dimitir. El l\u00edder de Vox tambi\u00e9n apunta a que m\u00e1s que S\u00e1nchez, hay catalanes que han sufrido \u00abviolencia\u00bb independentista, como la familia de la escuela de Canet.<\/p>\n<p>En esta l\u00ednea se ha pronunciado el candidato de Cs, Carlos Carrizosa, que acusa a S\u00e1nchez de \u00abcobarde\u00bb por no dar la cara mientras en Catalu\u00f1a hay gente que vive \u00abasediada por el separatismo\u00bb que ahora se puede beneficiar por la amnist\u00eda. En este sentido, Carrizosa ha anunciado que este viernes se desplazar\u00e1 a Argelers (Francia) \u00abpara decirle a Puigdemont que es un \u00abfugado\u00bb.<\/p>\n<p>Tambi\u00e9n han sido duras las cr\u00edticas de la candidata de la CUP, Laia Estrada, que recuerda a S\u00e1nchez que Manos Limpias \u00abno naci\u00f3 ayer\u00bb. Estrada ha evitado empatizar con el l\u00edder del PSOE porque a pesar de que ahora sufra \u00abel alcantarillado del r\u00e9gimen del 78\u00bb, en otras ocasiones, dice, \u00ablo ha utilizado cuando le ha hecho falta.<\/p>\n<p>Quien s\u00ed que ha empatizado con S\u00e1nchez, son los candidatos de ERC, Pere Aragon\u00e8s; el n\u00famero 3 de Junts + Puigdemont per Catalunya, Josep Rull, y la candidata de Comunes Sumar, J\u00e9ssica Albiach. Aun as\u00ed, tampoco han ahorrado en cr\u00edticas. \u00abNo es propia esta actitud. Se tiene que venir llorado de casa\u00bb, ha espetado Rull.<\/p>\n<p>Aragon\u00e8s dice que entiende a S\u00e1nchez \u00abdesde el punto de vista personal\u00bb, pero le recuerda que a la extrema derecha \u00abse le tiene que hacer frente siempre\u00bb. Tambi\u00e9n Albiach ha pedido al presidente espa\u00f1ol \u00abresistir y pasar a la ofensiva\u00bb para no dejar la democracia en manos de una derecha enloquecida\u00bb.<\/p>\n","protected":false},"excerpt":{"rendered":"<p>La mayor\u00eda de los candidatos al 12-M ven con recelo el tiempo de reflexi\u00f3n que se ha tomado el presidente del gobierno central, el socialista Pedro S\u00e1nchez, despu\u00e9s de la investigaci\u00f3n abierta contra su mujer por una denuncia de Manos Limpias. En el debate de RAC1 y La Vanguardia, solo el socialista Salvador Illa lo &#8230; <a title=\"Las cr\u00edticas al tiempo de reflexi\u00f3n de S\u00e1nchez irrumpen en el primer debate de candidatos y el PSC sale en su defensa\" class=\"read-more\" href=\"https:\/\/www.eltriangle.eu\/es\/2024\/04\/26\/las-criticas-al-tiempo-de-reflexion-de-sanchez-irrumpen-en-el-primer-debate-de-candidatos-y-el-psc-sale-en-su-defensa\/\" aria-label=\"Leer m\u00e1s sobre Las cr\u00edticas al tiempo de reflexi\u00f3n de S\u00e1nchez irrumpen en el primer debate de candidatos y el PSC sale en su defensa\">Leer m\u00e1s<\/a><\/p>\n","protected":false},"author":190,"featured_media":257136,"comment_status":"open","ping_status":"closed","sticky":false,"template":"","format":"standard","meta":{"_acf_changed":false,"pmpro_default_level":"","footnotes":""},"categories":[24,74],"tags":[4333,258,177,354,4423,182,393],"class_list":["post-257143","post","type-post","status-publish","format-standard","has-post-thumbnail","hentry","category-actualidad","category-poderes","tag-12-m-es","tag-alejandro-fernandez-es","tag-carles-puigdemont-es","tag-jessica-albiach-es","tag-pere-aragones-es-3","tag-pere-aragones-es","tag-salvador-illa-es","lh_instant_articles-syndicate-yes","pmpro-has-access"],"acf":[],"yoast_head":"<!-- This site is optimized with the Yoast SEO plugin v27.4 - https:\/\/yoast.com\/product\/yoast-seo-wordpress\/ -->\n<title>Las cr\u00edticas al tiempo de reflexi\u00f3n de S\u00e1nchez irrumpen en el primer debate de candidatos y el PSC sale en su defensa - El Triangle<\/title>\n<meta name=\"description\" content=\"La mayor\u00eda de los candidatos al 12-M ven con recelo el tiempo de reflexi\u00f3n que se ha tomado el presidente del gobierno central, el socialista Pedro\" class=\"yoast-seo-meta-tag\" \/>\n<meta name=\"robots\" content=\"index, follow, max-snippet:-1, max-image-preview:large, max-video-preview:-1\" \/>\n<link rel=\"canonical\" href=\"https:\/\/www.eltriangle.eu\/es\/2024\/04\/26\/las-criticas-al-tiempo-de-reflexion-de-sanchez-irrumpen-en-el-primer-debate-de-candidatos-y-el-psc-sale-en-su-defensa\/\" class=\"yoast-seo-meta-tag\" \/>\n<meta property=\"og:locale\" content=\"es_ES\" class=\"yoast-seo-meta-tag\" \/>\n<meta property=\"og:type\" content=\"article\" class=\"yoast-seo-meta-tag\" \/>\n<meta property=\"og:title\" content=\"Las cr\u00edticas al tiempo de reflexi\u00f3n de S\u00e1nchez irrumpen en el primer debate de candidatos y el PSC sale en su defensa - El Triangle\" class=\"yoast-seo-meta-tag\" \/>\n<meta property=\"og:description\" content=\"La mayor\u00eda de los candidatos al 12-M ven con recelo el tiempo de reflexi\u00f3n que se ha tomado el presidente del gobierno central, el socialista Pedro\" class=\"yoast-seo-meta-tag\" \/>\n<meta property=\"og:url\" content=\"https:\/\/www.eltriangle.eu\/es\/2024\/04\/26\/las-criticas-al-tiempo-de-reflexion-de-sanchez-irrumpen-en-el-primer-debate-de-candidatos-y-el-psc-sale-en-su-defensa\/\" class=\"yoast-seo-meta-tag\" \/>\n<meta property=\"og:site_name\" content=\"El Triangle\" class=\"yoast-seo-meta-tag\" \/>\n<meta property=\"article:publisher\" content=\"https:\/\/www.facebook.com\/El-Triangle-Diari-101787399020302\" class=\"yoast-seo-meta-tag\" \/>\n<meta property=\"article:published_time\" content=\"2024-04-26T09:02:25+00:00\" class=\"yoast-seo-meta-tag\" \/>\n<meta property=\"og:image\" content=\"https:\/\/www.eltriangle.eu\/wp-content\/uploads\/2024\/04\/candidats-al-12-m.jpg\" class=\"yoast-seo-meta-tag\" \/>\n\t<meta property=\"og:image:width\" content=\"1200\" class=\"yoast-seo-meta-tag\" \/>\n\t<meta property=\"og:image:height\" content=\"800\" class=\"yoast-seo-meta-tag\" \/>\n\t<meta property=\"og:image:type\" content=\"image\/jpeg\" class=\"yoast-seo-meta-tag\" \/>\n<meta name=\"author\" content=\"Redacci\u00f3 \/ Ag\u00e8ncies\" class=\"yoast-seo-meta-tag\" \/>\n<meta name=\"twitter:card\" content=\"summary_large_image\" class=\"yoast-seo-meta-tag\" \/>\n<meta name=\"twitter:creator\" content=\"@El_Triangle\" class=\"yoast-seo-meta-tag\" \/>\n<meta name=\"twitter:site\" content=\"@El_Triangle\" class=\"yoast-seo-meta-tag\" \/>\n<meta name=\"twitter:label1\" content=\"Escrito por\" class=\"yoast-seo-meta-tag\" \/>\n\t<meta name=\"twitter:data1\" content=\"Redacci\u00f3 \/ Ag\u00e8ncies\" class=\"yoast-seo-meta-tag\" \/>\n\t<meta name=\"twitter:label2\" content=\"Tiempo de lectura\" class=\"yoast-seo-meta-tag\" \/>\n\t<meta name=\"twitter:data2\" content=\"3 minutos\" class=\"yoast-seo-meta-tag\" \/>\n<script type=\"application\/ld+json\" class=\"yoast-schema-graph\">{\"@context\":\"https:\\\/\\\/schema.org\",\"@graph\":[{\"@type\":\"NewsArticle\",\"@id\":\"https:\\\/\\\/www.eltriangle.eu\\\/es\\\/2024\\\/04\\\/26\\\/las-criticas-al-tiempo-de-reflexion-de-sanchez-irrumpen-en-el-primer-debate-de-candidatos-y-el-psc-sale-en-su-defensa\\\/#article\",\"isPartOf\":{\"@id\":\"https:\\\/\\\/www.eltriangle.eu\\\/es\\\/2024\\\/04\\\/26\\\/las-criticas-al-tiempo-de-reflexion-de-sanchez-irrumpen-en-el-primer-debate-de-candidatos-y-el-psc-sale-en-su-defensa\\\/\"},\"author\":{\"name\":\"Redacci\u00f3 \\\/ Ag\u00e8ncies\",\"@id\":\"https:\\\/\\\/www.eltriangle.eu\\\/es\\\/#\\\/schema\\\/person\\\/64856baeb85b6977ea0d14f347aa650f\"},\"headline\":\"Las cr\u00edticas al tiempo de reflexi\u00f3n de S\u00e1nchez irrumpen en el primer debate de candidatos y el PSC sale en su defensa\",\"datePublished\":\"2024-04-26T09:02:25+00:00\",\"mainEntityOfPage\":{\"@id\":\"https:\\\/\\\/www.eltriangle.eu\\\/es\\\/2024\\\/04\\\/26\\\/las-criticas-al-tiempo-de-reflexion-de-sanchez-irrumpen-en-el-primer-debate-de-candidatos-y-el-psc-sale-en-su-defensa\\\/\"},\"wordCount\":568,\"commentCount\":0,\"publisher\":{\"@id\":\"https:\\\/\\\/www.eltriangle.eu\\\/es\\\/#organization\"},\"image\":{\"@id\":\"https:\\\/\\\/www.eltriangle.eu\\\/es\\\/2024\\\/04\\\/26\\\/las-criticas-al-tiempo-de-reflexion-de-sanchez-irrumpen-en-el-primer-debate-de-candidatos-y-el-psc-sale-en-su-defensa\\\/#primaryimage\"},\"thumbnailUrl\":\"https:\\\/\\\/www.eltriangle.eu\\\/wp-content\\\/uploads\\\/2024\\\/04\\\/candidats-al-12-m.jpg\",\"keywords\":[\"12-M\",\"Alejandro Fern\u00e1ndez\",\"Carles Puigdemont\",\"J\u00e9ssica Albiach\",\"Pere Aragon\u00e8s\",\"Pere Aragon\u00e8s\",\"Salvador Illa\"],\"articleSection\":[\"Actualidad\",\"Poderes\"],\"inLanguage\":\"es\",\"potentialAction\":[{\"@type\":\"CommentAction\",\"name\":\"Comment\",\"target\":[\"https:\\\/\\\/www.eltriangle.eu\\\/es\\\/2024\\\/04\\\/26\\\/las-criticas-al-tiempo-de-reflexion-de-sanchez-irrumpen-en-el-primer-debate-de-candidatos-y-el-psc-sale-en-su-defensa\\\/#respond\"]}]},{\"@type\":\"WebPage\",\"@id\":\"https:\\\/\\\/www.eltriangle.eu\\\/es\\\/2024\\\/04\\\/26\\\/las-criticas-al-tiempo-de-reflexion-de-sanchez-irrumpen-en-el-primer-debate-de-candidatos-y-el-psc-sale-en-su-defensa\\\/\",\"url\":\"https:\\\/\\\/www.eltriangle.eu\\\/es\\\/2024\\\/04\\\/26\\\/las-criticas-al-tiempo-de-reflexion-de-sanchez-irrumpen-en-el-primer-debate-de-candidatos-y-el-psc-sale-en-su-defensa\\\/\",\"name\":\"Las cr\u00edticas al tiempo de reflexi\u00f3n de S\u00e1nchez irrumpen en el primer debate de candidatos y el PSC sale en su defensa - El Triangle\",\"isPartOf\":{\"@id\":\"https:\\\/\\\/www.eltriangle.eu\\\/es\\\/#website\"},\"primaryImageOfPage\":{\"@id\":\"https:\\\/\\\/www.eltriangle.eu\\\/es\\\/2024\\\/04\\\/26\\\/las-criticas-al-tiempo-de-reflexion-de-sanchez-irrumpen-en-el-primer-debate-de-candidatos-y-el-psc-sale-en-su-defensa\\\/#primaryimage\"},\"image\":{\"@id\":\"https:\\\/\\\/www.eltriangle.eu\\\/es\\\/2024\\\/04\\\/26\\\/las-criticas-al-tiempo-de-reflexion-de-sanchez-irrumpen-en-el-primer-debate-de-candidatos-y-el-psc-sale-en-su-defensa\\\/#primaryimage\"},\"thumbnailUrl\":\"https:\\\/\\\/www.eltriangle.eu\\\/wp-content\\\/uploads\\\/2024\\\/04\\\/candidats-al-12-m.jpg\",\"datePublished\":\"2024-04-26T09:02:25+00:00\",\"description\":\"La mayor\u00eda de los candidatos al 12-M ven con recelo el tiempo de reflexi\u00f3n que se ha tomado el presidente del gobierno central, el socialista Pedro\",\"breadcrumb\":{\"@id\":\"https:\\\/\\\/www.eltriangle.eu\\\/es\\\/2024\\\/04\\\/26\\\/las-criticas-al-tiempo-de-reflexion-de-sanchez-irrumpen-en-el-primer-debate-de-candidatos-y-el-psc-sale-en-su-defensa\\\/#breadcrumb\"},\"inLanguage\":\"es\",\"potentialAction\":[{\"@type\":\"ReadAction\",\"target\":[\"https:\\\/\\\/www.eltriangle.eu\\\/es\\\/2024\\\/04\\\/26\\\/las-criticas-al-tiempo-de-reflexion-de-sanchez-irrumpen-en-el-primer-debate-de-candidatos-y-el-psc-sale-en-su-defensa\\\/\"]}]},{\"@type\":\"ImageObject\",\"inLanguage\":\"es\",\"@id\":\"https:\\\/\\\/www.eltriangle.eu\\\/es\\\/2024\\\/04\\\/26\\\/las-criticas-al-tiempo-de-reflexion-de-sanchez-irrumpen-en-el-primer-debate-de-candidatos-y-el-psc-sale-en-su-defensa\\\/#primaryimage\",\"url\":\"https:\\\/\\\/www.eltriangle.eu\\\/wp-content\\\/uploads\\\/2024\\\/04\\\/candidats-al-12-m.jpg\",\"contentUrl\":\"https:\\\/\\\/www.eltriangle.eu\\\/wp-content\\\/uploads\\\/2024\\\/04\\\/candidats-al-12-m.jpg\",\"width\":1200,\"height\":800,\"caption\":\"Candidats al 12-M\"},{\"@type\":\"BreadcrumbList\",\"@id\":\"https:\\\/\\\/www.eltriangle.eu\\\/es\\\/2024\\\/04\\\/26\\\/las-criticas-al-tiempo-de-reflexion-de-sanchez-irrumpen-en-el-primer-debate-de-candidatos-y-el-psc-sale-en-su-defensa\\\/#breadcrumb\",\"itemListElement\":[{\"@type\":\"ListItem\",\"position\":1,\"name\":\"Portada\",\"item\":\"https:\\\/\\\/www.eltriangle.eu\\\/es\\\/\"},{\"@type\":\"ListItem\",\"position\":2,\"name\":\"Las cr\u00edticas al tiempo de reflexi\u00f3n de S\u00e1nchez irrumpen en el primer debate de candidatos y el PSC sale en su defensa\"}]},{\"@type\":\"WebSite\",\"@id\":\"https:\\\/\\\/www.eltriangle.eu\\\/es\\\/#website\",\"url\":\"https:\\\/\\\/www.eltriangle.eu\\\/es\\\/\",\"name\":\"El Triangle\",\"description\":\"El Triangle \u00e9s un Diari d&#039;informaci\u00f3 general, editat a Catalunya i escrit en llengua catalana, especialitzat en investigaci\u00f3 period\u00edstica\",\"publisher\":{\"@id\":\"https:\\\/\\\/www.eltriangle.eu\\\/es\\\/#organization\"},\"potentialAction\":[{\"@type\":\"SearchAction\",\"target\":{\"@type\":\"EntryPoint\",\"urlTemplate\":\"https:\\\/\\\/www.eltriangle.eu\\\/es\\\/?s={search_term_string}\"},\"query-input\":{\"@type\":\"PropertyValueSpecification\",\"valueRequired\":true,\"valueName\":\"search_term_string\"}}],\"inLanguage\":\"es\"},{\"@type\":[\"Organization\",\"NewsMediaOrganization\"],\"@id\":\"https:\\\/\\\/www.eltriangle.eu\\\/es\\\/#organization\",\"name\":\"El Triangle\",\"url\":\"https:\\\/\\\/www.eltriangle.eu\\\/es\\\/\",\"logo\":{\"@type\":\"ImageObject\",\"inLanguage\":\"es\",\"@id\":\"https:\\\/\\\/www.eltriangle.eu\\\/es\\\/#\\\/schema\\\/logo\\\/image\\\/\",\"url\":\"https:\\\/\\\/www.eltriangle.eu\\\/wp-content\\\/uploads\\\/2020\\\/11\\\/triangle_logo-ajustado.jpg\",\"contentUrl\":\"https:\\\/\\\/www.eltriangle.eu\\\/wp-content\\\/uploads\\\/2020\\\/11\\\/triangle_logo-ajustado.jpg\",\"width\":521,\"height\":92,\"caption\":\"El Triangle\"},\"image\":{\"@id\":\"https:\\\/\\\/www.eltriangle.eu\\\/es\\\/#\\\/schema\\\/logo\\\/image\\\/\"},\"sameAs\":[\"https:\\\/\\\/www.facebook.com\\\/El-Triangle-Diari-101787399020302\",\"https:\\\/\\\/x.com\\\/El_Triangle\",\"https:\\\/\\\/www.youtube.com\\\/channel\\\/UCTIjmYEMYSpdGonuAgNhbcg\"]},{\"@type\":\"Person\",\"@id\":\"https:\\\/\\\/www.eltriangle.eu\\\/es\\\/#\\\/schema\\\/person\\\/64856baeb85b6977ea0d14f347aa650f\",\"name\":\"Redacci\u00f3 \\\/ Ag\u00e8ncies\",\"image\":{\"@type\":\"ImageObject\",\"inLanguage\":\"es\",\"@id\":\"\\\/\\\/www.gravatar.com\\\/avatar\\\/351b28574babbd1ad908587a8fb19654?s=96&#038;r=g&#038;d=mm\",\"url\":\"\\\/\\\/www.gravatar.com\\\/avatar\\\/351b28574babbd1ad908587a8fb19654?s=96&#038;r=g&#038;d=mm\",\"contentUrl\":\"\\\/\\\/www.gravatar.com\\\/avatar\\\/351b28574babbd1ad908587a8fb19654?s=96&#038;r=g&#038;d=mm\",\"caption\":\"Redacci\u00f3 \\\/ Ag\u00e8ncies\"},\"url\":\"https:\\\/\\\/www.eltriangle.eu\\\/es\\\/author\\\/redaccioagencies\\\/\"},{\"@type\":\"SiteNavigationElement\",\"@id\":\"https:\\\/\\\/www.eltriangle.eu\\\/es\\\/#site-navigation\",\"cssSelector\":[\".cib-main-menu\"]},{\"@type\":\"WPHeader\",\"@id\":\"https:\\\/\\\/www.eltriangle.eu\\\/es\\\/#header\",\"cssSelector\":[\".cib-header\"]},{\"@type\":\"WPFooter\",\"@id\":\"https:\\\/\\\/www.eltriangle.eu\\\/es\\\/#footer\",\"cssSelector\":[\".cib-footer\"]}]}<\/script>\n<!-- \/ Yoast SEO plugin. -->","yoast_head_json":{"title":"Las cr\u00edticas al tiempo de reflexi\u00f3n de S\u00e1nchez irrumpen en el primer debate de candidatos y el PSC sale en su defensa - El Triangle","description":"La mayor\u00eda de los candidatos al 12-M ven con recelo el tiempo de reflexi\u00f3n que se ha tomado el presidente del gobierno central, el socialista Pedro","robots":{"index":"index","follow":"follow","max-snippet":"max-snippet:-1","max-image-preview":"max-image-preview:large","max-video-preview":"max-video-preview:-1"},"canonical":"https:\/\/www.eltriangle.eu\/es\/2024\/04\/26\/las-criticas-al-tiempo-de-reflexion-de-sanchez-irrumpen-en-el-primer-debate-de-candidatos-y-el-psc-sale-en-su-defensa\/","og_locale":"es_ES","og_type":"article","og_title":"Las cr\u00edticas al tiempo de reflexi\u00f3n de S\u00e1nchez irrumpen en el primer debate de candidatos y el PSC sale en su defensa - El Triangle","og_description":"La mayor\u00eda de los candidatos al 12-M ven con recelo el tiempo de reflexi\u00f3n que se ha tomado el presidente del gobierno central, el socialista Pedro","og_url":"https:\/\/www.eltriangle.eu\/es\/2024\/04\/26\/las-criticas-al-tiempo-de-reflexion-de-sanchez-irrumpen-en-el-primer-debate-de-candidatos-y-el-psc-sale-en-su-defensa\/","og_site_name":"El Triangle","article_publisher":"https:\/\/www.facebook.com\/El-Triangle-Diari-101787399020302","article_published_time":"2024-04-26T09:02:25+00:00","og_image":[{"width":1200,"height":800,"url":"https:\/\/www.eltriangle.eu\/wp-content\/uploads\/2024\/04\/candidats-al-12-m.jpg","type":"image\/jpeg"}],"author":"Redacci\u00f3 \/ Ag\u00e8ncies","twitter_card":"summary_large_image","twitter_creator":"@El_Triangle","twitter_site":"@El_Triangle","twitter_misc":{"Escrito por":"Redacci\u00f3 \/ Ag\u00e8ncies","Tiempo de lectura":"3 minutos"},"schema":{"@context":"https:\/\/schema.org","@graph":[{"@type":"NewsArticle","@id":"https:\/\/www.eltriangle.eu\/es\/2024\/04\/26\/las-criticas-al-tiempo-de-reflexion-de-sanchez-irrumpen-en-el-primer-debate-de-candidatos-y-el-psc-sale-en-su-defensa\/#article","isPartOf":{"@id":"https:\/\/www.eltriangle.eu\/es\/2024\/04\/26\/las-criticas-al-tiempo-de-reflexion-de-sanchez-irrumpen-en-el-primer-debate-de-candidatos-y-el-psc-sale-en-su-defensa\/"},"author":{"name":"Redacci\u00f3 \/ Ag\u00e8ncies","@id":"https:\/\/www.eltriangle.eu\/es\/#\/schema\/person\/64856baeb85b6977ea0d14f347aa650f"},"headline":"Las cr\u00edticas al tiempo de reflexi\u00f3n de S\u00e1nchez irrumpen en el primer debate de candidatos y el PSC sale en su defensa","datePublished":"2024-04-26T09:02:25+00:00","mainEntityOfPage":{"@id":"https:\/\/www.eltriangle.eu\/es\/2024\/04\/26\/las-criticas-al-tiempo-de-reflexion-de-sanchez-irrumpen-en-el-primer-debate-de-candidatos-y-el-psc-sale-en-su-defensa\/"},"wordCount":568,"commentCount":0,"publisher":{"@id":"https:\/\/www.eltriangle.eu\/es\/#organization"},"image":{"@id":"https:\/\/www.eltriangle.eu\/es\/2024\/04\/26\/las-criticas-al-tiempo-de-reflexion-de-sanchez-irrumpen-en-el-primer-debate-de-candidatos-y-el-psc-sale-en-su-defensa\/#primaryimage"},"thumbnailUrl":"https:\/\/www.eltriangle.eu\/wp-content\/uploads\/2024\/04\/candidats-al-12-m.jpg","keywords":["12-M","Alejandro Fern\u00e1ndez","Carles Puigdemont","J\u00e9ssica Albiach","Pere Aragon\u00e8s","Pere Aragon\u00e8s","Salvador Illa"],"articleSection":["Actualidad","Poderes"],"inLanguage":"es","potentialAction":[{"@type":"CommentAction","name":"Comment","target":["https:\/\/www.eltriangle.eu\/es\/2024\/04\/26\/las-criticas-al-tiempo-de-reflexion-de-sanchez-irrumpen-en-el-primer-debate-de-candidatos-y-el-psc-sale-en-su-defensa\/#respond"]}]},{"@type":"WebPage","@id":"https:\/\/www.eltriangle.eu\/es\/2024\/04\/26\/las-criticas-al-tiempo-de-reflexion-de-sanchez-irrumpen-en-el-primer-debate-de-candidatos-y-el-psc-sale-en-su-defensa\/","url":"https:\/\/www.eltriangle.eu\/es\/2024\/04\/26\/las-criticas-al-tiempo-de-reflexion-de-sanchez-irrumpen-en-el-primer-debate-de-candidatos-y-el-psc-sale-en-su-defensa\/","name":"Las cr\u00edticas al tiempo de reflexi\u00f3n de S\u00e1nchez irrumpen en el primer debate de candidatos y el PSC sale en su defensa - El Triangle","isPartOf":{"@id":"https:\/\/www.eltriangle.eu\/es\/#website"},"primaryImageOfPage":{"@id":"https:\/\/www.eltriangle.eu\/es\/2024\/04\/26\/las-criticas-al-tiempo-de-reflexion-de-sanchez-irrumpen-en-el-primer-debate-de-candidatos-y-el-psc-sale-en-su-defensa\/#primaryimage"},"image":{"@id":"https:\/\/www.eltriangle.eu\/es\/2024\/04\/26\/las-criticas-al-tiempo-de-reflexion-de-sanchez-irrumpen-en-el-primer-debate-de-candidatos-y-el-psc-sale-en-su-defensa\/#primaryimage"},"thumbnailUrl":"https:\/\/www.eltriangle.eu\/wp-content\/uploads\/2024\/04\/candidats-al-12-m.jpg","datePublished":"2024-04-26T09:02:25+00:00","description":"La mayor\u00eda de los candidatos al 12-M ven con recelo el tiempo de reflexi\u00f3n que se ha tomado el presidente del gobierno central, el socialista Pedro","breadcrumb":{"@id":"https:\/\/www.eltriangle.eu\/es\/2024\/04\/26\/las-criticas-al-tiempo-de-reflexion-de-sanchez-irrumpen-en-el-primer-debate-de-candidatos-y-el-psc-sale-en-su-defensa\/#breadcrumb"},"inLanguage":"es","potentialAction":[{"@type":"ReadAction","target":["https:\/\/www.eltriangle.eu\/es\/2024\/04\/26\/las-criticas-al-tiempo-de-reflexion-de-sanchez-irrumpen-en-el-primer-debate-de-candidatos-y-el-psc-sale-en-su-defensa\/"]}]},{"@type":"ImageObject","inLanguage":"es","@id":"https:\/\/www.eltriangle.eu\/es\/2024\/04\/26\/las-criticas-al-tiempo-de-reflexion-de-sanchez-irrumpen-en-el-primer-debate-de-candidatos-y-el-psc-sale-en-su-defensa\/#primaryimage","url":"https:\/\/www.eltriangle.eu\/wp-content\/uploads\/2024\/04\/candidats-al-12-m.jpg","contentUrl":"https:\/\/www.eltriangle.eu\/wp-content\/uploads\/2024\/04\/candidats-al-12-m.jpg","width":1200,"height":800,"caption":"Candidats al 12-M"},{"@type":"BreadcrumbList","@id":"https:\/\/www.eltriangle.eu\/es\/2024\/04\/26\/las-criticas-al-tiempo-de-reflexion-de-sanchez-irrumpen-en-el-primer-debate-de-candidatos-y-el-psc-sale-en-su-defensa\/#breadcrumb","itemListElement":[{"@type":"ListItem","position":1,"name":"Portada","item":"https:\/\/www.eltriangle.eu\/es\/"},{"@type":"ListItem","position":2,"name":"Las cr\u00edticas al tiempo de reflexi\u00f3n de S\u00e1nchez irrumpen en el primer debate de candidatos y el PSC sale en su defensa"}]},{"@type":"WebSite","@id":"https:\/\/www.eltriangle.eu\/es\/#website","url":"https:\/\/www.eltriangle.eu\/es\/","name":"El Triangle","description":"El Triangle \u00e9s un Diari d&#039;informaci\u00f3 general, editat a Catalunya i escrit en llengua catalana, especialitzat en investigaci\u00f3 period\u00edstica","publisher":{"@id":"https:\/\/www.eltriangle.eu\/es\/#organization"},"potentialAction":[{"@type":"SearchAction","target":{"@type":"EntryPoint","urlTemplate":"https:\/\/www.eltriangle.eu\/es\/?s={search_term_string}"},"query-input":{"@type":"PropertyValueSpecification","valueRequired":true,"valueName":"search_term_string"}}],"inLanguage":"es"},{"@type":["Organization","NewsMediaOrganization"],"@id":"https:\/\/www.eltriangle.eu\/es\/#organization","name":"El Triangle","url":"https:\/\/www.eltriangle.eu\/es\/","logo":{"@type":"ImageObject","inLanguage":"es","@id":"https:\/\/www.eltriangle.eu\/es\/#\/schema\/logo\/image\/","url":"https:\/\/www.eltriangle.eu\/wp-content\/uploads\/2020\/11\/triangle_logo-ajustado.jpg","contentUrl":"https:\/\/www.eltriangle.eu\/wp-content\/uploads\/2020\/11\/triangle_logo-ajustado.jpg","width":521,"height":92,"caption":"El Triangle"},"image":{"@id":"https:\/\/www.eltriangle.eu\/es\/#\/schema\/logo\/image\/"},"sameAs":["https:\/\/www.facebook.com\/El-Triangle-Diari-101787399020302","https:\/\/x.com\/El_Triangle","https:\/\/www.youtube.com\/channel\/UCTIjmYEMYSpdGonuAgNhbcg"]},{"@type":"Person","@id":"https:\/\/www.eltriangle.eu\/es\/#\/schema\/person\/64856baeb85b6977ea0d14f347aa650f","name":"Redacci\u00f3 \/ Ag\u00e8ncies","image":{"@type":"ImageObject","inLanguage":"es","@id":"\/\/www.gravatar.com\/avatar\/351b28574babbd1ad908587a8fb19654?s=96&#038;r=g&#038;d=mm","url":"\/\/www.gravatar.com\/avatar\/351b28574babbd1ad908587a8fb19654?s=96&#038;r=g&#038;d=mm","contentUrl":"\/\/www.gravatar.com\/avatar\/351b28574babbd1ad908587a8fb19654?s=96&#038;r=g&#038;d=mm","caption":"Redacci\u00f3 \/ Ag\u00e8ncies"},"url":"https:\/\/www.eltriangle.eu\/es\/author\/redaccioagencies\/"},{"@type":"SiteNavigationElement","@id":"https:\/\/www.eltriangle.eu\/es\/#site-navigation","cssSelector":[".cib-main-menu"]},{"@type":"WPHeader","@id":"https:\/\/www.eltriangle.eu\/es\/#header","cssSelector":[".cib-header"]},{"@type":"WPFooter","@id":"https:\/\/www.eltriangle.eu\/es\/#footer","cssSelector":[".cib-footer"]}]}},"amp_enabled":true,"_links":{"self":[{"href":"https:\/\/www.eltriangle.eu\/es\/wp-json\/wp\/v2\/posts\/257143","targetHints":{"allow":["GET"]}}],"collection":[{"href":"https:\/\/www.eltriangle.eu\/es\/wp-json\/wp\/v2\/posts"}],"about":[{"href":"https:\/\/www.eltriangle.eu\/es\/wp-json\/wp\/v2\/types\/post"}],"author":[{"embeddable":true,"href":"https:\/\/www.eltriangle.eu\/es\/wp-json\/wp\/v2\/users\/190"}],"replies":[{"embeddable":true,"href":"https:\/\/www.eltriangle.eu\/es\/wp-json\/wp\/v2\/comments?post=257143"}],"version-history":[{"count":0,"href":"https:\/\/www.eltriangle.eu\/es\/wp-json\/wp\/v2\/posts\/257143\/revisions"}],"wp:featuredmedia":[{"embeddable":true,"href":"https:\/\/www.eltriangle.eu\/es\/wp-json\/wp\/v2\/media\/257136"}],"wp:attachment":[{"href":"https:\/\/www.eltriangle.eu\/es\/wp-json\/wp\/v2\/media?parent=257143"}],"wp:term":[{"taxonomy":"category","embeddable":true,"href":"https:\/\/www.eltriangle.eu\/es\/wp-json\/wp\/v2\/categories?post=257143"},{"taxonomy":"post_tag","embeddable":true,"href":"https:\/\/www.eltriangle.eu\/es\/wp-json\/wp\/v2\/tags?post=257143"}],"curies":[{"name":"wp","href":"https:\/\/api.w.org\/{rel}","templated":true}]}}