{"id":254136,"date":"2024-04-09T08:00:20","date_gmt":"2024-04-09T06:00:20","guid":{"rendered":null},"modified":"2024-04-09T09:58:09","modified_gmt":"2024-04-09T07:58:09","slug":"rechazan-aplazar-un-juicio-contra-manifestantes-por-la-sentencia-del-1-o-a-la-espera-de-la-amnistia","status":"publish","type":"post","link":"https:\/\/www.eltriangle.eu\/es\/2024\/04\/09\/rechazan-aplazar-un-juicio-contra-manifestantes-por-la-sentencia-del-1-o-a-la-espera-de-la-amnistia\/","title":{"rendered":"Rechazan aplazar un juicio contra manifestantes por la sentencia del 1-O a la espera de la amnist\u00eda"},"content":{"rendered":"<p>La secci\u00f3n 10\u00aa de la <strong>Audiencia de Barcelona<\/strong> ha rechazado aplazar un juicio previsto para el 22 de mayo contra unos manifestantes por la sentencia del <i>proc\u00e9s <\/i>a la espera de la amnist\u00eda, como ped\u00eda la defensa. Los abogados de los manifestantes solicitaban aplazar el juicio trabajando con los c\u00e1lculos de que la ley de amnist\u00eda pueda entrar en vigor a finales de mayo, una vez se haya superado la enmienda a la totalidad en el Senado, pero el tribunal se ha negado.<\/p>\n<p>El juicio afecta a dos personas que protestaban por la sentencia a los l\u00edderes del <i>proc\u00e9s <\/i>y a cuatro agentes de los Mossos d&#8217;Esquadra, acusados de apalizar a los dos detenidos, seg\u00fan ha informado la defensa. Los manifestantes se enfrentan a peticiones de hasta <strong>nueve a\u00f1os y medio de prisi\u00f3n<\/strong> por parte de la Fiscal\u00eda y de <strong>tres a\u00f1os y medio<\/strong> por parte de la Generalitat.<i aria-hidden=\"true\"><\/i><\/p>\n","protected":false},"excerpt":{"rendered":"<p>La secci\u00f3n 10\u00aa de la Audiencia de Barcelona ha rechazado aplazar un juicio previsto para el 22 de mayo contra unos manifestantes por la sentencia del proc\u00e9s a la espera de la amnist\u00eda, como ped\u00eda la defensa. Los abogados de los manifestantes solicitaban aplazar el juicio trabajando con los c\u00e1lculos de que la ley de &#8230; <a title=\"Rechazan aplazar un juicio contra manifestantes por la sentencia del 1-O a la espera de la amnist\u00eda\" class=\"read-more\" href=\"https:\/\/www.eltriangle.eu\/es\/2024\/04\/09\/rechazan-aplazar-un-juicio-contra-manifestantes-por-la-sentencia-del-1-o-a-la-espera-de-la-amnistia\/\" aria-label=\"Leer m\u00e1s sobre Rechazan aplazar un juicio contra manifestantes por la sentencia del 1-O a la espera de la amnist\u00eda\">Leer m\u00e1s<\/a><\/p>\n","protected":false},"author":179,"featured_media":123758,"comment_status":"open","ping_status":"closed","sticky":false,"template":"","format":"standard","meta":{"_acf_changed":false,"pmpro_default_level":"","footnotes":""},"categories":[24,96],"tags":[458,3699,4141],"class_list":["post-254136","post","type-post","status-publish","format-standard","has-post-thumbnail","hentry","category-actualidad","category-tribunales","tag-1-o-es","tag-audiencia-de-barcelona-es","tag-llei-damnistia-es","lh_instant_articles-syndicate-yes","pmpro-has-access"],"acf":[],"yoast_head":"<!-- This site is optimized with the Yoast SEO plugin v27.4 - https:\/\/yoast.com\/product\/yoast-seo-wordpress\/ -->\n<title>Rechazan aplazar un juicio contra manifestantes por la sentencia del 1-O a la espera de la amnist\u00eda - El Triangle<\/title>\n<meta name=\"description\" content=\"La secci\u00f3n 10\u00aa de la Audiencia de Barcelona ha rechazado aplazar un juicio previsto para el 22 de mayo contra unos manifestantes por la sentencia del\" class=\"yoast-seo-meta-tag\" \/>\n<meta name=\"robots\" content=\"index, follow, max-snippet:-1, max-image-preview:large, max-video-preview:-1\" \/>\n<link rel=\"canonical\" href=\"https:\/\/www.eltriangle.eu\/es\/2024\/04\/09\/rechazan-aplazar-un-juicio-contra-manifestantes-por-la-sentencia-del-1-o-a-la-espera-de-la-amnistia\/\" class=\"yoast-seo-meta-tag\" \/>\n<meta property=\"og:locale\" content=\"es_ES\" class=\"yoast-seo-meta-tag\" \/>\n<meta property=\"og:type\" content=\"article\" class=\"yoast-seo-meta-tag\" \/>\n<meta property=\"og:title\" content=\"Rechazan aplazar un juicio contra manifestantes por la sentencia del 1-O a la espera de la amnist\u00eda - El Triangle\" class=\"yoast-seo-meta-tag\" \/>\n<meta property=\"og:description\" content=\"La secci\u00f3n 10\u00aa de la Audiencia de Barcelona ha rechazado aplazar un juicio previsto para el 22 de mayo contra unos manifestantes por la sentencia del\" class=\"yoast-seo-meta-tag\" \/>\n<meta property=\"og:url\" content=\"https:\/\/www.eltriangle.eu\/es\/2024\/04\/09\/rechazan-aplazar-un-juicio-contra-manifestantes-por-la-sentencia-del-1-o-a-la-espera-de-la-amnistia\/\" class=\"yoast-seo-meta-tag\" \/>\n<meta property=\"og:site_name\" content=\"El Triangle\" class=\"yoast-seo-meta-tag\" \/>\n<meta property=\"article:publisher\" content=\"https:\/\/www.facebook.com\/El-Triangle-Diari-101787399020302\" class=\"yoast-seo-meta-tag\" \/>\n<meta property=\"article:published_time\" content=\"2024-04-09T06:00:20+00:00\" class=\"yoast-seo-meta-tag\" \/>\n<meta property=\"article:modified_time\" content=\"2024-04-09T07:58:09+00:00\" class=\"yoast-seo-meta-tag\" \/>\n<meta property=\"og:image\" content=\"https:\/\/www.eltriangle.eu\/wp-content\/uploads\/2021\/12\/audiencia-de-barcelona.jpg\" class=\"yoast-seo-meta-tag\" \/>\n\t<meta property=\"og:image:width\" content=\"1080\" class=\"yoast-seo-meta-tag\" \/>\n\t<meta property=\"og:image:height\" content=\"601\" class=\"yoast-seo-meta-tag\" \/>\n\t<meta property=\"og:image:type\" content=\"image\/jpeg\" class=\"yoast-seo-meta-tag\" \/>\n<meta name=\"author\" content=\"Redacci\u00f3 \/ ACN\" class=\"yoast-seo-meta-tag\" \/>\n<meta name=\"twitter:card\" content=\"summary_large_image\" class=\"yoast-seo-meta-tag\" \/>\n<meta name=\"twitter:creator\" content=\"@El_Triangle\" class=\"yoast-seo-meta-tag\" \/>\n<meta name=\"twitter:site\" content=\"@El_Triangle\" class=\"yoast-seo-meta-tag\" \/>\n<meta name=\"twitter:label1\" content=\"Escrito por\" class=\"yoast-seo-meta-tag\" \/>\n\t<meta name=\"twitter:data1\" content=\"Redacci\u00f3 \/ ACN\" class=\"yoast-seo-meta-tag\" \/>\n\t<meta name=\"twitter:label2\" content=\"Tiempo de lectura\" class=\"yoast-seo-meta-tag\" \/>\n\t<meta name=\"twitter:data2\" content=\"1 minuto\" class=\"yoast-seo-meta-tag\" \/>\n<script type=\"application\/ld+json\" class=\"yoast-schema-graph\">{\"@context\":\"https:\\\/\\\/schema.org\",\"@graph\":[{\"@type\":\"NewsArticle\",\"@id\":\"https:\\\/\\\/www.eltriangle.eu\\\/es\\\/2024\\\/04\\\/09\\\/rechazan-aplazar-un-juicio-contra-manifestantes-por-la-sentencia-del-1-o-a-la-espera-de-la-amnistia\\\/#article\",\"isPartOf\":{\"@id\":\"https:\\\/\\\/www.eltriangle.eu\\\/es\\\/2024\\\/04\\\/09\\\/rechazan-aplazar-un-juicio-contra-manifestantes-por-la-sentencia-del-1-o-a-la-espera-de-la-amnistia\\\/\"},\"author\":{\"name\":\"Redacci\u00f3 \\\/ ACN\",\"@id\":\"https:\\\/\\\/www.eltriangle.eu\\\/es\\\/#\\\/schema\\\/person\\\/6e5938f06dd4dcd413779558fbf437d9\"},\"headline\":\"Rechazan aplazar un juicio contra manifestantes por la sentencia del 1-O a la espera de la amnist\u00eda\",\"datePublished\":\"2024-04-09T06:00:20+00:00\",\"dateModified\":\"2024-04-09T07:58:09+00:00\",\"mainEntityOfPage\":{\"@id\":\"https:\\\/\\\/www.eltriangle.eu\\\/es\\\/2024\\\/04\\\/09\\\/rechazan-aplazar-un-juicio-contra-manifestantes-por-la-sentencia-del-1-o-a-la-espera-de-la-amnistia\\\/\"},\"wordCount\":179,\"commentCount\":0,\"publisher\":{\"@id\":\"https:\\\/\\\/www.eltriangle.eu\\\/es\\\/#organization\"},\"image\":{\"@id\":\"https:\\\/\\\/www.eltriangle.eu\\\/es\\\/2024\\\/04\\\/09\\\/rechazan-aplazar-un-juicio-contra-manifestantes-por-la-sentencia-del-1-o-a-la-espera-de-la-amnistia\\\/#primaryimage\"},\"thumbnailUrl\":\"https:\\\/\\\/www.eltriangle.eu\\\/wp-content\\\/uploads\\\/2021\\\/12\\\/audiencia-de-barcelona.jpg\",\"keywords\":[\"1-O\",\"Audiencia de Barcelona\",\"llei d'amnistia\"],\"articleSection\":[\"Actualidad\",\"Tribunales\"],\"inLanguage\":\"es\",\"potentialAction\":[{\"@type\":\"CommentAction\",\"name\":\"Comment\",\"target\":[\"https:\\\/\\\/www.eltriangle.eu\\\/es\\\/2024\\\/04\\\/09\\\/rechazan-aplazar-un-juicio-contra-manifestantes-por-la-sentencia-del-1-o-a-la-espera-de-la-amnistia\\\/#respond\"]}]},{\"@type\":\"WebPage\",\"@id\":\"https:\\\/\\\/www.eltriangle.eu\\\/es\\\/2024\\\/04\\\/09\\\/rechazan-aplazar-un-juicio-contra-manifestantes-por-la-sentencia-del-1-o-a-la-espera-de-la-amnistia\\\/\",\"url\":\"https:\\\/\\\/www.eltriangle.eu\\\/es\\\/2024\\\/04\\\/09\\\/rechazan-aplazar-un-juicio-contra-manifestantes-por-la-sentencia-del-1-o-a-la-espera-de-la-amnistia\\\/\",\"name\":\"Rechazan aplazar un juicio contra manifestantes por la sentencia del 1-O a la espera de la amnist\u00eda - El Triangle\",\"isPartOf\":{\"@id\":\"https:\\\/\\\/www.eltriangle.eu\\\/es\\\/#website\"},\"primaryImageOfPage\":{\"@id\":\"https:\\\/\\\/www.eltriangle.eu\\\/es\\\/2024\\\/04\\\/09\\\/rechazan-aplazar-un-juicio-contra-manifestantes-por-la-sentencia-del-1-o-a-la-espera-de-la-amnistia\\\/#primaryimage\"},\"image\":{\"@id\":\"https:\\\/\\\/www.eltriangle.eu\\\/es\\\/2024\\\/04\\\/09\\\/rechazan-aplazar-un-juicio-contra-manifestantes-por-la-sentencia-del-1-o-a-la-espera-de-la-amnistia\\\/#primaryimage\"},\"thumbnailUrl\":\"https:\\\/\\\/www.eltriangle.eu\\\/wp-content\\\/uploads\\\/2021\\\/12\\\/audiencia-de-barcelona.jpg\",\"datePublished\":\"2024-04-09T06:00:20+00:00\",\"dateModified\":\"2024-04-09T07:58:09+00:00\",\"description\":\"La secci\u00f3n 10\u00aa de la Audiencia de Barcelona ha rechazado aplazar un juicio previsto para el 22 de mayo contra unos manifestantes por la sentencia del\",\"breadcrumb\":{\"@id\":\"https:\\\/\\\/www.eltriangle.eu\\\/es\\\/2024\\\/04\\\/09\\\/rechazan-aplazar-un-juicio-contra-manifestantes-por-la-sentencia-del-1-o-a-la-espera-de-la-amnistia\\\/#breadcrumb\"},\"inLanguage\":\"es\",\"potentialAction\":[{\"@type\":\"ReadAction\",\"target\":[\"https:\\\/\\\/www.eltriangle.eu\\\/es\\\/2024\\\/04\\\/09\\\/rechazan-aplazar-un-juicio-contra-manifestantes-por-la-sentencia-del-1-o-a-la-espera-de-la-amnistia\\\/\"]}]},{\"@type\":\"ImageObject\",\"inLanguage\":\"es\",\"@id\":\"https:\\\/\\\/www.eltriangle.eu\\\/es\\\/2024\\\/04\\\/09\\\/rechazan-aplazar-un-juicio-contra-manifestantes-por-la-sentencia-del-1-o-a-la-espera-de-la-amnistia\\\/#primaryimage\",\"url\":\"https:\\\/\\\/www.eltriangle.eu\\\/wp-content\\\/uploads\\\/2021\\\/12\\\/audiencia-de-barcelona.jpg\",\"contentUrl\":\"https:\\\/\\\/www.eltriangle.eu\\\/wp-content\\\/uploads\\\/2021\\\/12\\\/audiencia-de-barcelona.jpg\",\"width\":1080,\"height\":601,\"caption\":\"Audiencia de Barcelona\"},{\"@type\":\"BreadcrumbList\",\"@id\":\"https:\\\/\\\/www.eltriangle.eu\\\/es\\\/2024\\\/04\\\/09\\\/rechazan-aplazar-un-juicio-contra-manifestantes-por-la-sentencia-del-1-o-a-la-espera-de-la-amnistia\\\/#breadcrumb\",\"itemListElement\":[{\"@type\":\"ListItem\",\"position\":1,\"name\":\"Portada\",\"item\":\"https:\\\/\\\/www.eltriangle.eu\\\/es\\\/\"},{\"@type\":\"ListItem\",\"position\":2,\"name\":\"Rechazan aplazar un juicio contra manifestantes por la sentencia del 1-O a la espera de la amnist\u00eda\"}]},{\"@type\":\"WebSite\",\"@id\":\"https:\\\/\\\/www.eltriangle.eu\\\/es\\\/#website\",\"url\":\"https:\\\/\\\/www.eltriangle.eu\\\/es\\\/\",\"name\":\"El Triangle\",\"description\":\"El Triangle \u00e9s un Diari d&#039;informaci\u00f3 general, editat a Catalunya i escrit en llengua catalana, especialitzat en investigaci\u00f3 period\u00edstica\",\"publisher\":{\"@id\":\"https:\\\/\\\/www.eltriangle.eu\\\/es\\\/#organization\"},\"potentialAction\":[{\"@type\":\"SearchAction\",\"target\":{\"@type\":\"EntryPoint\",\"urlTemplate\":\"https:\\\/\\\/www.eltriangle.eu\\\/es\\\/?s={search_term_string}\"},\"query-input\":{\"@type\":\"PropertyValueSpecification\",\"valueRequired\":true,\"valueName\":\"search_term_string\"}}],\"inLanguage\":\"es\"},{\"@type\":[\"Organization\",\"NewsMediaOrganization\"],\"@id\":\"https:\\\/\\\/www.eltriangle.eu\\\/es\\\/#organization\",\"name\":\"El Triangle\",\"url\":\"https:\\\/\\\/www.eltriangle.eu\\\/es\\\/\",\"logo\":{\"@type\":\"ImageObject\",\"inLanguage\":\"es\",\"@id\":\"https:\\\/\\\/www.eltriangle.eu\\\/es\\\/#\\\/schema\\\/logo\\\/image\\\/\",\"url\":\"https:\\\/\\\/www.eltriangle.eu\\\/wp-content\\\/uploads\\\/2020\\\/11\\\/triangle_logo-ajustado.jpg\",\"contentUrl\":\"https:\\\/\\\/www.eltriangle.eu\\\/wp-content\\\/uploads\\\/2020\\\/11\\\/triangle_logo-ajustado.jpg\",\"width\":521,\"height\":92,\"caption\":\"El Triangle\"},\"image\":{\"@id\":\"https:\\\/\\\/www.eltriangle.eu\\\/es\\\/#\\\/schema\\\/logo\\\/image\\\/\"},\"sameAs\":[\"https:\\\/\\\/www.facebook.com\\\/El-Triangle-Diari-101787399020302\",\"https:\\\/\\\/x.com\\\/El_Triangle\",\"https:\\\/\\\/www.youtube.com\\\/channel\\\/UCTIjmYEMYSpdGonuAgNhbcg\"]},{\"@type\":\"Person\",\"@id\":\"https:\\\/\\\/www.eltriangle.eu\\\/es\\\/#\\\/schema\\\/person\\\/6e5938f06dd4dcd413779558fbf437d9\",\"name\":\"Redacci\u00f3 \\\/ ACN\",\"image\":{\"@type\":\"ImageObject\",\"inLanguage\":\"es\",\"@id\":\"\\\/\\\/www.gravatar.com\\\/avatar\\\/a5bc366245a614da74d9f8d49d1b53bf?s=96&#038;r=g&#038;d=mm\",\"url\":\"\\\/\\\/www.gravatar.com\\\/avatar\\\/a5bc366245a614da74d9f8d49d1b53bf?s=96&#038;r=g&#038;d=mm\",\"contentUrl\":\"\\\/\\\/www.gravatar.com\\\/avatar\\\/a5bc366245a614da74d9f8d49d1b53bf?s=96&#038;r=g&#038;d=mm\",\"caption\":\"Redacci\u00f3 \\\/ ACN\"},\"url\":\"https:\\\/\\\/www.eltriangle.eu\\\/es\\\/author\\\/redaccioacn\\\/\"},{\"@type\":\"SiteNavigationElement\",\"@id\":\"https:\\\/\\\/www.eltriangle.eu\\\/es\\\/#site-navigation\",\"cssSelector\":[\".cib-main-menu\"]},{\"@type\":\"WPHeader\",\"@id\":\"https:\\\/\\\/www.eltriangle.eu\\\/es\\\/#header\",\"cssSelector\":[\".cib-header\"]},{\"@type\":\"WPFooter\",\"@id\":\"https:\\\/\\\/www.eltriangle.eu\\\/es\\\/#footer\",\"cssSelector\":[\".cib-footer\"]}]}<\/script>\n<!-- \/ Yoast SEO plugin. -->","yoast_head_json":{"title":"Rechazan aplazar un juicio contra manifestantes por la sentencia del 1-O a la espera de la amnist\u00eda - El Triangle","description":"La secci\u00f3n 10\u00aa de la Audiencia de Barcelona ha rechazado aplazar un juicio previsto para el 22 de mayo contra unos manifestantes por la sentencia del","robots":{"index":"index","follow":"follow","max-snippet":"max-snippet:-1","max-image-preview":"max-image-preview:large","max-video-preview":"max-video-preview:-1"},"canonical":"https:\/\/www.eltriangle.eu\/es\/2024\/04\/09\/rechazan-aplazar-un-juicio-contra-manifestantes-por-la-sentencia-del-1-o-a-la-espera-de-la-amnistia\/","og_locale":"es_ES","og_type":"article","og_title":"Rechazan aplazar un juicio contra manifestantes por la sentencia del 1-O a la espera de la amnist\u00eda - El Triangle","og_description":"La secci\u00f3n 10\u00aa de la Audiencia de Barcelona ha rechazado aplazar un juicio previsto para el 22 de mayo contra unos manifestantes por la sentencia del","og_url":"https:\/\/www.eltriangle.eu\/es\/2024\/04\/09\/rechazan-aplazar-un-juicio-contra-manifestantes-por-la-sentencia-del-1-o-a-la-espera-de-la-amnistia\/","og_site_name":"El Triangle","article_publisher":"https:\/\/www.facebook.com\/El-Triangle-Diari-101787399020302","article_published_time":"2024-04-09T06:00:20+00:00","article_modified_time":"2024-04-09T07:58:09+00:00","og_image":[{"width":1080,"height":601,"url":"https:\/\/www.eltriangle.eu\/wp-content\/uploads\/2021\/12\/audiencia-de-barcelona.jpg","type":"image\/jpeg"}],"author":"Redacci\u00f3 \/ ACN","twitter_card":"summary_large_image","twitter_creator":"@El_Triangle","twitter_site":"@El_Triangle","twitter_misc":{"Escrito por":"Redacci\u00f3 \/ ACN","Tiempo de lectura":"1 minuto"},"schema":{"@context":"https:\/\/schema.org","@graph":[{"@type":"NewsArticle","@id":"https:\/\/www.eltriangle.eu\/es\/2024\/04\/09\/rechazan-aplazar-un-juicio-contra-manifestantes-por-la-sentencia-del-1-o-a-la-espera-de-la-amnistia\/#article","isPartOf":{"@id":"https:\/\/www.eltriangle.eu\/es\/2024\/04\/09\/rechazan-aplazar-un-juicio-contra-manifestantes-por-la-sentencia-del-1-o-a-la-espera-de-la-amnistia\/"},"author":{"name":"Redacci\u00f3 \/ ACN","@id":"https:\/\/www.eltriangle.eu\/es\/#\/schema\/person\/6e5938f06dd4dcd413779558fbf437d9"},"headline":"Rechazan aplazar un juicio contra manifestantes por la sentencia del 1-O a la espera de la amnist\u00eda","datePublished":"2024-04-09T06:00:20+00:00","dateModified":"2024-04-09T07:58:09+00:00","mainEntityOfPage":{"@id":"https:\/\/www.eltriangle.eu\/es\/2024\/04\/09\/rechazan-aplazar-un-juicio-contra-manifestantes-por-la-sentencia-del-1-o-a-la-espera-de-la-amnistia\/"},"wordCount":179,"commentCount":0,"publisher":{"@id":"https:\/\/www.eltriangle.eu\/es\/#organization"},"image":{"@id":"https:\/\/www.eltriangle.eu\/es\/2024\/04\/09\/rechazan-aplazar-un-juicio-contra-manifestantes-por-la-sentencia-del-1-o-a-la-espera-de-la-amnistia\/#primaryimage"},"thumbnailUrl":"https:\/\/www.eltriangle.eu\/wp-content\/uploads\/2021\/12\/audiencia-de-barcelona.jpg","keywords":["1-O","Audiencia de Barcelona","llei d'amnistia"],"articleSection":["Actualidad","Tribunales"],"inLanguage":"es","potentialAction":[{"@type":"CommentAction","name":"Comment","target":["https:\/\/www.eltriangle.eu\/es\/2024\/04\/09\/rechazan-aplazar-un-juicio-contra-manifestantes-por-la-sentencia-del-1-o-a-la-espera-de-la-amnistia\/#respond"]}]},{"@type":"WebPage","@id":"https:\/\/www.eltriangle.eu\/es\/2024\/04\/09\/rechazan-aplazar-un-juicio-contra-manifestantes-por-la-sentencia-del-1-o-a-la-espera-de-la-amnistia\/","url":"https:\/\/www.eltriangle.eu\/es\/2024\/04\/09\/rechazan-aplazar-un-juicio-contra-manifestantes-por-la-sentencia-del-1-o-a-la-espera-de-la-amnistia\/","name":"Rechazan aplazar un juicio contra manifestantes por la sentencia del 1-O a la espera de la amnist\u00eda - El Triangle","isPartOf":{"@id":"https:\/\/www.eltriangle.eu\/es\/#website"},"primaryImageOfPage":{"@id":"https:\/\/www.eltriangle.eu\/es\/2024\/04\/09\/rechazan-aplazar-un-juicio-contra-manifestantes-por-la-sentencia-del-1-o-a-la-espera-de-la-amnistia\/#primaryimage"},"image":{"@id":"https:\/\/www.eltriangle.eu\/es\/2024\/04\/09\/rechazan-aplazar-un-juicio-contra-manifestantes-por-la-sentencia-del-1-o-a-la-espera-de-la-amnistia\/#primaryimage"},"thumbnailUrl":"https:\/\/www.eltriangle.eu\/wp-content\/uploads\/2021\/12\/audiencia-de-barcelona.jpg","datePublished":"2024-04-09T06:00:20+00:00","dateModified":"2024-04-09T07:58:09+00:00","description":"La secci\u00f3n 10\u00aa de la Audiencia de Barcelona ha rechazado aplazar un juicio previsto para el 22 de mayo contra unos manifestantes por la sentencia del","breadcrumb":{"@id":"https:\/\/www.eltriangle.eu\/es\/2024\/04\/09\/rechazan-aplazar-un-juicio-contra-manifestantes-por-la-sentencia-del-1-o-a-la-espera-de-la-amnistia\/#breadcrumb"},"inLanguage":"es","potentialAction":[{"@type":"ReadAction","target":["https:\/\/www.eltriangle.eu\/es\/2024\/04\/09\/rechazan-aplazar-un-juicio-contra-manifestantes-por-la-sentencia-del-1-o-a-la-espera-de-la-amnistia\/"]}]},{"@type":"ImageObject","inLanguage":"es","@id":"https:\/\/www.eltriangle.eu\/es\/2024\/04\/09\/rechazan-aplazar-un-juicio-contra-manifestantes-por-la-sentencia-del-1-o-a-la-espera-de-la-amnistia\/#primaryimage","url":"https:\/\/www.eltriangle.eu\/wp-content\/uploads\/2021\/12\/audiencia-de-barcelona.jpg","contentUrl":"https:\/\/www.eltriangle.eu\/wp-content\/uploads\/2021\/12\/audiencia-de-barcelona.jpg","width":1080,"height":601,"caption":"Audiencia de Barcelona"},{"@type":"BreadcrumbList","@id":"https:\/\/www.eltriangle.eu\/es\/2024\/04\/09\/rechazan-aplazar-un-juicio-contra-manifestantes-por-la-sentencia-del-1-o-a-la-espera-de-la-amnistia\/#breadcrumb","itemListElement":[{"@type":"ListItem","position":1,"name":"Portada","item":"https:\/\/www.eltriangle.eu\/es\/"},{"@type":"ListItem","position":2,"name":"Rechazan aplazar un juicio contra manifestantes por la sentencia del 1-O a la espera de la amnist\u00eda"}]},{"@type":"WebSite","@id":"https:\/\/www.eltriangle.eu\/es\/#website","url":"https:\/\/www.eltriangle.eu\/es\/","name":"El Triangle","description":"El Triangle \u00e9s un Diari d&#039;informaci\u00f3 general, editat a Catalunya i escrit en llengua catalana, especialitzat en investigaci\u00f3 period\u00edstica","publisher":{"@id":"https:\/\/www.eltriangle.eu\/es\/#organization"},"potentialAction":[{"@type":"SearchAction","target":{"@type":"EntryPoint","urlTemplate":"https:\/\/www.eltriangle.eu\/es\/?s={search_term_string}"},"query-input":{"@type":"PropertyValueSpecification","valueRequired":true,"valueName":"search_term_string"}}],"inLanguage":"es"},{"@type":["Organization","NewsMediaOrganization"],"@id":"https:\/\/www.eltriangle.eu\/es\/#organization","name":"El Triangle","url":"https:\/\/www.eltriangle.eu\/es\/","logo":{"@type":"ImageObject","inLanguage":"es","@id":"https:\/\/www.eltriangle.eu\/es\/#\/schema\/logo\/image\/","url":"https:\/\/www.eltriangle.eu\/wp-content\/uploads\/2020\/11\/triangle_logo-ajustado.jpg","contentUrl":"https:\/\/www.eltriangle.eu\/wp-content\/uploads\/2020\/11\/triangle_logo-ajustado.jpg","width":521,"height":92,"caption":"El Triangle"},"image":{"@id":"https:\/\/www.eltriangle.eu\/es\/#\/schema\/logo\/image\/"},"sameAs":["https:\/\/www.facebook.com\/El-Triangle-Diari-101787399020302","https:\/\/x.com\/El_Triangle","https:\/\/www.youtube.com\/channel\/UCTIjmYEMYSpdGonuAgNhbcg"]},{"@type":"Person","@id":"https:\/\/www.eltriangle.eu\/es\/#\/schema\/person\/6e5938f06dd4dcd413779558fbf437d9","name":"Redacci\u00f3 \/ ACN","image":{"@type":"ImageObject","inLanguage":"es","@id":"\/\/www.gravatar.com\/avatar\/a5bc366245a614da74d9f8d49d1b53bf?s=96&#038;r=g&#038;d=mm","url":"\/\/www.gravatar.com\/avatar\/a5bc366245a614da74d9f8d49d1b53bf?s=96&#038;r=g&#038;d=mm","contentUrl":"\/\/www.gravatar.com\/avatar\/a5bc366245a614da74d9f8d49d1b53bf?s=96&#038;r=g&#038;d=mm","caption":"Redacci\u00f3 \/ ACN"},"url":"https:\/\/www.eltriangle.eu\/es\/author\/redaccioacn\/"},{"@type":"SiteNavigationElement","@id":"https:\/\/www.eltriangle.eu\/es\/#site-navigation","cssSelector":[".cib-main-menu"]},{"@type":"WPHeader","@id":"https:\/\/www.eltriangle.eu\/es\/#header","cssSelector":[".cib-header"]},{"@type":"WPFooter","@id":"https:\/\/www.eltriangle.eu\/es\/#footer","cssSelector":[".cib-footer"]}]}},"amp_enabled":true,"_links":{"self":[{"href":"https:\/\/www.eltriangle.eu\/es\/wp-json\/wp\/v2\/posts\/254136","targetHints":{"allow":["GET"]}}],"collection":[{"href":"https:\/\/www.eltriangle.eu\/es\/wp-json\/wp\/v2\/posts"}],"about":[{"href":"https:\/\/www.eltriangle.eu\/es\/wp-json\/wp\/v2\/types\/post"}],"author":[{"embeddable":true,"href":"https:\/\/www.eltriangle.eu\/es\/wp-json\/wp\/v2\/users\/179"}],"replies":[{"embeddable":true,"href":"https:\/\/www.eltriangle.eu\/es\/wp-json\/wp\/v2\/comments?post=254136"}],"version-history":[{"count":0,"href":"https:\/\/www.eltriangle.eu\/es\/wp-json\/wp\/v2\/posts\/254136\/revisions"}],"wp:featuredmedia":[{"embeddable":true,"href":"https:\/\/www.eltriangle.eu\/es\/wp-json\/wp\/v2\/media\/123758"}],"wp:attachment":[{"href":"https:\/\/www.eltriangle.eu\/es\/wp-json\/wp\/v2\/media?parent=254136"}],"wp:term":[{"taxonomy":"category","embeddable":true,"href":"https:\/\/www.eltriangle.eu\/es\/wp-json\/wp\/v2\/categories?post=254136"},{"taxonomy":"post_tag","embeddable":true,"href":"https:\/\/www.eltriangle.eu\/es\/wp-json\/wp\/v2\/tags?post=254136"}],"curies":[{"name":"wp","href":"https:\/\/api.w.org\/{rel}","templated":true}]}}