{"id":252340,"date":"2024-03-28T10:00:11","date_gmt":"2024-03-28T09:00:11","guid":{"rendered":null},"modified":"2024-03-28T13:02:49","modified_gmt":"2024-03-28T12:02:49","slug":"el-tsjc-aplaza-el-juicio-contra-jove-salvado-y-garriga-por-el-1-o-para-que-no-coincida-con-la-campana-electoral","status":"publish","type":"post","link":"https:\/\/www.eltriangle.eu\/es\/2024\/03\/28\/el-tsjc-aplaza-el-juicio-contra-jove-salvado-y-garriga-por-el-1-o-para-que-no-coincida-con-la-campana-electoral\/","title":{"rendered":"El TSJC aplaza el juicio contra Jov\u00e9, Salvad\u00f3 y Garriga por el 1-O para que no coincida con la campa\u00f1a electoral"},"content":{"rendered":"<p>El <strong>Tribunal Superior de Justicia de Catalu\u00f1a (TSJC)<\/strong> ha decidido aplazar el juicio contra el diputado de ERC<strong> Josep Maria Jov\u00e9<\/strong>, el presidente del Puerto de Barcelona,<strong> Llu\u00eds Salvad\u00f3<\/strong>, y la consejera catalana de Cultura, <strong>Nat\u00e0lia Garriga<\/strong>, por el 1-O, que estaba previsto que se alargara del 10 de abril a finales de mayo. El tribunal alega que el juicio coincidir\u00eda parcialmente con la campa\u00f1a electoral del 12-M.\u00a0Ahora el tribunal tendr\u00e1 que dictar nuevas fechas para el juicio. En cambio, desestima la petici\u00f3n de las defensas de suspender las vistas orales a la espera de la aprobaci\u00f3n de la ley de amnist\u00eda.<\/p>\n<p>Los magistrados recuerdan que uno de los acusados, Jov\u00e9, es diputado en el Parlamento de Catalu\u00f1a, y otra, Garriga, consejera de la Generalitat, los dos del mismo partido, mientras que la acusaci\u00f3n popular, Vox, tambi\u00e9n concurre a las elecciones catalanas. Todas las partes del procedimiento han estado de acuerdo que la celebraci\u00f3n del juicio pod\u00eda interferir en la campa\u00f1a electoral y viceversa.<\/p>\n<p>Por otro lado, para el tribunal, la simple tramitaci\u00f3n de la ley de amnist\u00eda no puede suspender el juicio porque este supuesto no est\u00e1 prevista a las leyes procesales hasta que no se haya publicado la nueva legislaci\u00f3n. Adem\u00e1s, los magistrados consideran que actualmente la ley no puede ser tenida como un hecho cierto con capacidad de interferir o alterar el curso del juicio. Sin embargo, su eventual promulgaci\u00f3n y publicaci\u00f3n s\u00ed que har\u00eda que el tribunal estudiara si se podr\u00eda aplicar a los hechos y acusados de este procedimiento judicial.<\/p>\n","protected":false},"excerpt":{"rendered":"<p>El Tribunal Superior de Justicia de Catalu\u00f1a (TSJC) ha decidido aplazar el juicio contra el diputado de ERC Josep Maria Jov\u00e9, el presidente del Puerto de Barcelona, Llu\u00eds Salvad\u00f3, y la consejera catalana de Cultura, Nat\u00e0lia Garriga, por el 1-O, que estaba previsto que se alargara del 10 de abril a finales de mayo. El &#8230; <a title=\"El TSJC aplaza el juicio contra Jov\u00e9, Salvad\u00f3 y Garriga por el 1-O para que no coincida con la campa\u00f1a electoral\" class=\"read-more\" href=\"https:\/\/www.eltriangle.eu\/es\/2024\/03\/28\/el-tsjc-aplaza-el-juicio-contra-jove-salvado-y-garriga-por-el-1-o-para-que-no-coincida-con-la-campana-electoral\/\" aria-label=\"Leer m\u00e1s sobre El TSJC aplaza el juicio contra Jov\u00e9, Salvad\u00f3 y Garriga por el 1-O para que no coincida con la campa\u00f1a electoral\">Leer m\u00e1s<\/a><\/p>\n","protected":false},"author":190,"featured_media":181754,"comment_status":"open","ping_status":"closed","sticky":false,"template":"","format":"standard","meta":{"_acf_changed":false,"pmpro_default_level":"","footnotes":""},"categories":[24,96],"tags":[458,786,787,830,577],"class_list":["post-252340","post","type-post","status-publish","format-standard","has-post-thumbnail","hentry","category-actualidad","category-tribunales","tag-1-o-es","tag-josep-maria-jove-es","tag-lluis-salvado-es","tag-natalia-garriga-es","tag-tsjc-es","lh_instant_articles-syndicate-yes","pmpro-has-access"],"acf":[],"yoast_head":"<!-- This site is optimized with the Yoast SEO plugin v27.4 - https:\/\/yoast.com\/product\/yoast-seo-wordpress\/ -->\n<title>El TSJC aplaza el juicio contra Jov\u00e9, Salvad\u00f3 y Garriga por el 1-O para que no coincida con la campa\u00f1a electoral - El Triangle<\/title>\n<meta name=\"description\" content=\"El Tribunal Superior de Justicia de Catalu\u00f1a (TSJC) ha decidido aplazar el juicio contra el diputado de ERC Josep Maria Jov\u00e9, el presidente del Puerto de\" class=\"yoast-seo-meta-tag\" \/>\n<meta name=\"robots\" content=\"index, follow, max-snippet:-1, max-image-preview:large, max-video-preview:-1\" \/>\n<link rel=\"canonical\" href=\"https:\/\/www.eltriangle.eu\/es\/2024\/03\/28\/el-tsjc-aplaza-el-juicio-contra-jove-salvado-y-garriga-por-el-1-o-para-que-no-coincida-con-la-campana-electoral\/\" class=\"yoast-seo-meta-tag\" \/>\n<meta property=\"og:locale\" content=\"es_ES\" class=\"yoast-seo-meta-tag\" \/>\n<meta property=\"og:type\" content=\"article\" class=\"yoast-seo-meta-tag\" \/>\n<meta property=\"og:title\" content=\"El TSJC aplaza el juicio contra Jov\u00e9, Salvad\u00f3 y Garriga por el 1-O para que no coincida con la campa\u00f1a electoral - El Triangle\" class=\"yoast-seo-meta-tag\" \/>\n<meta property=\"og:description\" content=\"El Tribunal Superior de Justicia de Catalu\u00f1a (TSJC) ha decidido aplazar el juicio contra el diputado de ERC Josep Maria Jov\u00e9, el presidente del Puerto de\" class=\"yoast-seo-meta-tag\" \/>\n<meta property=\"og:url\" content=\"https:\/\/www.eltriangle.eu\/es\/2024\/03\/28\/el-tsjc-aplaza-el-juicio-contra-jove-salvado-y-garriga-por-el-1-o-para-que-no-coincida-con-la-campana-electoral\/\" class=\"yoast-seo-meta-tag\" \/>\n<meta property=\"og:site_name\" content=\"El Triangle\" class=\"yoast-seo-meta-tag\" \/>\n<meta property=\"article:publisher\" content=\"https:\/\/www.facebook.com\/El-Triangle-Diari-101787399020302\" class=\"yoast-seo-meta-tag\" \/>\n<meta property=\"article:published_time\" content=\"2024-03-28T09:00:11+00:00\" class=\"yoast-seo-meta-tag\" \/>\n<meta property=\"article:modified_time\" content=\"2024-03-28T12:02:49+00:00\" class=\"yoast-seo-meta-tag\" \/>\n<meta property=\"og:image\" content=\"https:\/\/www.eltriangle.eu\/wp-content\/uploads\/2023\/03\/josep-maria-jove-i-lluis-salvado.jpg\" class=\"yoast-seo-meta-tag\" \/>\n\t<meta property=\"og:image:width\" content=\"1200\" class=\"yoast-seo-meta-tag\" \/>\n\t<meta property=\"og:image:height\" content=\"800\" class=\"yoast-seo-meta-tag\" \/>\n\t<meta property=\"og:image:type\" content=\"image\/jpeg\" class=\"yoast-seo-meta-tag\" \/>\n<meta name=\"author\" content=\"Redacci\u00f3 \/ Ag\u00e8ncies\" class=\"yoast-seo-meta-tag\" \/>\n<meta name=\"twitter:card\" content=\"summary_large_image\" class=\"yoast-seo-meta-tag\" \/>\n<meta name=\"twitter:creator\" content=\"@El_Triangle\" class=\"yoast-seo-meta-tag\" \/>\n<meta name=\"twitter:site\" content=\"@El_Triangle\" class=\"yoast-seo-meta-tag\" \/>\n<meta name=\"twitter:label1\" content=\"Escrito por\" class=\"yoast-seo-meta-tag\" \/>\n\t<meta name=\"twitter:data1\" content=\"Redacci\u00f3 \/ Ag\u00e8ncies\" class=\"yoast-seo-meta-tag\" \/>\n\t<meta name=\"twitter:label2\" content=\"Tiempo de lectura\" class=\"yoast-seo-meta-tag\" \/>\n\t<meta name=\"twitter:data2\" content=\"1 minuto\" class=\"yoast-seo-meta-tag\" \/>\n<script type=\"application\/ld+json\" class=\"yoast-schema-graph\">{\"@context\":\"https:\\\/\\\/schema.org\",\"@graph\":[{\"@type\":\"NewsArticle\",\"@id\":\"https:\\\/\\\/www.eltriangle.eu\\\/es\\\/2024\\\/03\\\/28\\\/el-tsjc-aplaza-el-juicio-contra-jove-salvado-y-garriga-por-el-1-o-para-que-no-coincida-con-la-campana-electoral\\\/#article\",\"isPartOf\":{\"@id\":\"https:\\\/\\\/www.eltriangle.eu\\\/es\\\/2024\\\/03\\\/28\\\/el-tsjc-aplaza-el-juicio-contra-jove-salvado-y-garriga-por-el-1-o-para-que-no-coincida-con-la-campana-electoral\\\/\"},\"author\":{\"name\":\"Redacci\u00f3 \\\/ Ag\u00e8ncies\",\"@id\":\"https:\\\/\\\/www.eltriangle.eu\\\/es\\\/#\\\/schema\\\/person\\\/64856baeb85b6977ea0d14f347aa650f\"},\"headline\":\"El TSJC aplaza el juicio contra Jov\u00e9, Salvad\u00f3 y Garriga por el 1-O para que no coincida con la campa\u00f1a electoral\",\"datePublished\":\"2024-03-28T09:00:11+00:00\",\"dateModified\":\"2024-03-28T12:02:49+00:00\",\"mainEntityOfPage\":{\"@id\":\"https:\\\/\\\/www.eltriangle.eu\\\/es\\\/2024\\\/03\\\/28\\\/el-tsjc-aplaza-el-juicio-contra-jove-salvado-y-garriga-por-el-1-o-para-que-no-coincida-con-la-campana-electoral\\\/\"},\"wordCount\":299,\"commentCount\":0,\"publisher\":{\"@id\":\"https:\\\/\\\/www.eltriangle.eu\\\/es\\\/#organization\"},\"image\":{\"@id\":\"https:\\\/\\\/www.eltriangle.eu\\\/es\\\/2024\\\/03\\\/28\\\/el-tsjc-aplaza-el-juicio-contra-jove-salvado-y-garriga-por-el-1-o-para-que-no-coincida-con-la-campana-electoral\\\/#primaryimage\"},\"thumbnailUrl\":\"https:\\\/\\\/www.eltriangle.eu\\\/wp-content\\\/uploads\\\/2023\\\/03\\\/josep-maria-jove-i-lluis-salvado.jpg\",\"keywords\":[\"1-O\",\"Josep Maria Jov\u00e9\",\"Llu\u00eds Salvad\u00f3\",\"Natalia Garriga\",\"TSJC\"],\"articleSection\":[\"Actualidad\",\"Tribunales\"],\"inLanguage\":\"es\",\"potentialAction\":[{\"@type\":\"CommentAction\",\"name\":\"Comment\",\"target\":[\"https:\\\/\\\/www.eltriangle.eu\\\/es\\\/2024\\\/03\\\/28\\\/el-tsjc-aplaza-el-juicio-contra-jove-salvado-y-garriga-por-el-1-o-para-que-no-coincida-con-la-campana-electoral\\\/#respond\"]}]},{\"@type\":\"WebPage\",\"@id\":\"https:\\\/\\\/www.eltriangle.eu\\\/es\\\/2024\\\/03\\\/28\\\/el-tsjc-aplaza-el-juicio-contra-jove-salvado-y-garriga-por-el-1-o-para-que-no-coincida-con-la-campana-electoral\\\/\",\"url\":\"https:\\\/\\\/www.eltriangle.eu\\\/es\\\/2024\\\/03\\\/28\\\/el-tsjc-aplaza-el-juicio-contra-jove-salvado-y-garriga-por-el-1-o-para-que-no-coincida-con-la-campana-electoral\\\/\",\"name\":\"El TSJC aplaza el juicio contra Jov\u00e9, Salvad\u00f3 y Garriga por el 1-O para que no coincida con la campa\u00f1a electoral - El Triangle\",\"isPartOf\":{\"@id\":\"https:\\\/\\\/www.eltriangle.eu\\\/es\\\/#website\"},\"primaryImageOfPage\":{\"@id\":\"https:\\\/\\\/www.eltriangle.eu\\\/es\\\/2024\\\/03\\\/28\\\/el-tsjc-aplaza-el-juicio-contra-jove-salvado-y-garriga-por-el-1-o-para-que-no-coincida-con-la-campana-electoral\\\/#primaryimage\"},\"image\":{\"@id\":\"https:\\\/\\\/www.eltriangle.eu\\\/es\\\/2024\\\/03\\\/28\\\/el-tsjc-aplaza-el-juicio-contra-jove-salvado-y-garriga-por-el-1-o-para-que-no-coincida-con-la-campana-electoral\\\/#primaryimage\"},\"thumbnailUrl\":\"https:\\\/\\\/www.eltriangle.eu\\\/wp-content\\\/uploads\\\/2023\\\/03\\\/josep-maria-jove-i-lluis-salvado.jpg\",\"datePublished\":\"2024-03-28T09:00:11+00:00\",\"dateModified\":\"2024-03-28T12:02:49+00:00\",\"description\":\"El Tribunal Superior de Justicia de Catalu\u00f1a (TSJC) ha decidido aplazar el juicio contra el diputado de ERC Josep Maria Jov\u00e9, el presidente del Puerto de\",\"breadcrumb\":{\"@id\":\"https:\\\/\\\/www.eltriangle.eu\\\/es\\\/2024\\\/03\\\/28\\\/el-tsjc-aplaza-el-juicio-contra-jove-salvado-y-garriga-por-el-1-o-para-que-no-coincida-con-la-campana-electoral\\\/#breadcrumb\"},\"inLanguage\":\"es\",\"potentialAction\":[{\"@type\":\"ReadAction\",\"target\":[\"https:\\\/\\\/www.eltriangle.eu\\\/es\\\/2024\\\/03\\\/28\\\/el-tsjc-aplaza-el-juicio-contra-jove-salvado-y-garriga-por-el-1-o-para-que-no-coincida-con-la-campana-electoral\\\/\"]}]},{\"@type\":\"ImageObject\",\"inLanguage\":\"es\",\"@id\":\"https:\\\/\\\/www.eltriangle.eu\\\/es\\\/2024\\\/03\\\/28\\\/el-tsjc-aplaza-el-juicio-contra-jove-salvado-y-garriga-por-el-1-o-para-que-no-coincida-con-la-campana-electoral\\\/#primaryimage\",\"url\":\"https:\\\/\\\/www.eltriangle.eu\\\/wp-content\\\/uploads\\\/2023\\\/03\\\/josep-maria-jove-i-lluis-salvado.jpg\",\"contentUrl\":\"https:\\\/\\\/www.eltriangle.eu\\\/wp-content\\\/uploads\\\/2023\\\/03\\\/josep-maria-jove-i-lluis-salvado.jpg\",\"width\":1200,\"height\":800,\"caption\":\"Josep Maria Jov\u00e9 y Llu\u00eds Salvad\u00f3\"},{\"@type\":\"BreadcrumbList\",\"@id\":\"https:\\\/\\\/www.eltriangle.eu\\\/es\\\/2024\\\/03\\\/28\\\/el-tsjc-aplaza-el-juicio-contra-jove-salvado-y-garriga-por-el-1-o-para-que-no-coincida-con-la-campana-electoral\\\/#breadcrumb\",\"itemListElement\":[{\"@type\":\"ListItem\",\"position\":1,\"name\":\"Portada\",\"item\":\"https:\\\/\\\/www.eltriangle.eu\\\/es\\\/\"},{\"@type\":\"ListItem\",\"position\":2,\"name\":\"El TSJC aplaza el juicio contra Jov\u00e9, Salvad\u00f3 y Garriga por el 1-O para que no coincida con la campa\u00f1a electoral\"}]},{\"@type\":\"WebSite\",\"@id\":\"https:\\\/\\\/www.eltriangle.eu\\\/es\\\/#website\",\"url\":\"https:\\\/\\\/www.eltriangle.eu\\\/es\\\/\",\"name\":\"El Triangle\",\"description\":\"El Triangle \u00e9s un Diari d&#039;informaci\u00f3 general, editat a Catalunya i escrit en llengua catalana, especialitzat en investigaci\u00f3 period\u00edstica\",\"publisher\":{\"@id\":\"https:\\\/\\\/www.eltriangle.eu\\\/es\\\/#organization\"},\"potentialAction\":[{\"@type\":\"SearchAction\",\"target\":{\"@type\":\"EntryPoint\",\"urlTemplate\":\"https:\\\/\\\/www.eltriangle.eu\\\/es\\\/?s={search_term_string}\"},\"query-input\":{\"@type\":\"PropertyValueSpecification\",\"valueRequired\":true,\"valueName\":\"search_term_string\"}}],\"inLanguage\":\"es\"},{\"@type\":[\"Organization\",\"NewsMediaOrganization\"],\"@id\":\"https:\\\/\\\/www.eltriangle.eu\\\/es\\\/#organization\",\"name\":\"El Triangle\",\"url\":\"https:\\\/\\\/www.eltriangle.eu\\\/es\\\/\",\"logo\":{\"@type\":\"ImageObject\",\"inLanguage\":\"es\",\"@id\":\"https:\\\/\\\/www.eltriangle.eu\\\/es\\\/#\\\/schema\\\/logo\\\/image\\\/\",\"url\":\"https:\\\/\\\/www.eltriangle.eu\\\/wp-content\\\/uploads\\\/2020\\\/11\\\/triangle_logo-ajustado.jpg\",\"contentUrl\":\"https:\\\/\\\/www.eltriangle.eu\\\/wp-content\\\/uploads\\\/2020\\\/11\\\/triangle_logo-ajustado.jpg\",\"width\":521,\"height\":92,\"caption\":\"El Triangle\"},\"image\":{\"@id\":\"https:\\\/\\\/www.eltriangle.eu\\\/es\\\/#\\\/schema\\\/logo\\\/image\\\/\"},\"sameAs\":[\"https:\\\/\\\/www.facebook.com\\\/El-Triangle-Diari-101787399020302\",\"https:\\\/\\\/x.com\\\/El_Triangle\",\"https:\\\/\\\/www.youtube.com\\\/channel\\\/UCTIjmYEMYSpdGonuAgNhbcg\"]},{\"@type\":\"Person\",\"@id\":\"https:\\\/\\\/www.eltriangle.eu\\\/es\\\/#\\\/schema\\\/person\\\/64856baeb85b6977ea0d14f347aa650f\",\"name\":\"Redacci\u00f3 \\\/ Ag\u00e8ncies\",\"image\":{\"@type\":\"ImageObject\",\"inLanguage\":\"es\",\"@id\":\"\\\/\\\/www.gravatar.com\\\/avatar\\\/351b28574babbd1ad908587a8fb19654?s=96&#038;r=g&#038;d=mm\",\"url\":\"\\\/\\\/www.gravatar.com\\\/avatar\\\/351b28574babbd1ad908587a8fb19654?s=96&#038;r=g&#038;d=mm\",\"contentUrl\":\"\\\/\\\/www.gravatar.com\\\/avatar\\\/351b28574babbd1ad908587a8fb19654?s=96&#038;r=g&#038;d=mm\",\"caption\":\"Redacci\u00f3 \\\/ Ag\u00e8ncies\"},\"url\":\"https:\\\/\\\/www.eltriangle.eu\\\/es\\\/author\\\/redaccioagencies\\\/\"},{\"@type\":\"SiteNavigationElement\",\"@id\":\"https:\\\/\\\/www.eltriangle.eu\\\/es\\\/#site-navigation\",\"cssSelector\":[\".cib-main-menu\"]},{\"@type\":\"WPHeader\",\"@id\":\"https:\\\/\\\/www.eltriangle.eu\\\/es\\\/#header\",\"cssSelector\":[\".cib-header\"]},{\"@type\":\"WPFooter\",\"@id\":\"https:\\\/\\\/www.eltriangle.eu\\\/es\\\/#footer\",\"cssSelector\":[\".cib-footer\"]}]}<\/script>\n<!-- \/ Yoast SEO plugin. -->","yoast_head_json":{"title":"El TSJC aplaza el juicio contra Jov\u00e9, Salvad\u00f3 y Garriga por el 1-O para que no coincida con la campa\u00f1a electoral - El Triangle","description":"El Tribunal Superior de Justicia de Catalu\u00f1a (TSJC) ha decidido aplazar el juicio contra el diputado de ERC Josep Maria Jov\u00e9, el presidente del Puerto de","robots":{"index":"index","follow":"follow","max-snippet":"max-snippet:-1","max-image-preview":"max-image-preview:large","max-video-preview":"max-video-preview:-1"},"canonical":"https:\/\/www.eltriangle.eu\/es\/2024\/03\/28\/el-tsjc-aplaza-el-juicio-contra-jove-salvado-y-garriga-por-el-1-o-para-que-no-coincida-con-la-campana-electoral\/","og_locale":"es_ES","og_type":"article","og_title":"El TSJC aplaza el juicio contra Jov\u00e9, Salvad\u00f3 y Garriga por el 1-O para que no coincida con la campa\u00f1a electoral - El Triangle","og_description":"El Tribunal Superior de Justicia de Catalu\u00f1a (TSJC) ha decidido aplazar el juicio contra el diputado de ERC Josep Maria Jov\u00e9, el presidente del Puerto de","og_url":"https:\/\/www.eltriangle.eu\/es\/2024\/03\/28\/el-tsjc-aplaza-el-juicio-contra-jove-salvado-y-garriga-por-el-1-o-para-que-no-coincida-con-la-campana-electoral\/","og_site_name":"El Triangle","article_publisher":"https:\/\/www.facebook.com\/El-Triangle-Diari-101787399020302","article_published_time":"2024-03-28T09:00:11+00:00","article_modified_time":"2024-03-28T12:02:49+00:00","og_image":[{"width":1200,"height":800,"url":"https:\/\/www.eltriangle.eu\/wp-content\/uploads\/2023\/03\/josep-maria-jove-i-lluis-salvado.jpg","type":"image\/jpeg"}],"author":"Redacci\u00f3 \/ Ag\u00e8ncies","twitter_card":"summary_large_image","twitter_creator":"@El_Triangle","twitter_site":"@El_Triangle","twitter_misc":{"Escrito por":"Redacci\u00f3 \/ Ag\u00e8ncies","Tiempo de lectura":"1 minuto"},"schema":{"@context":"https:\/\/schema.org","@graph":[{"@type":"NewsArticle","@id":"https:\/\/www.eltriangle.eu\/es\/2024\/03\/28\/el-tsjc-aplaza-el-juicio-contra-jove-salvado-y-garriga-por-el-1-o-para-que-no-coincida-con-la-campana-electoral\/#article","isPartOf":{"@id":"https:\/\/www.eltriangle.eu\/es\/2024\/03\/28\/el-tsjc-aplaza-el-juicio-contra-jove-salvado-y-garriga-por-el-1-o-para-que-no-coincida-con-la-campana-electoral\/"},"author":{"name":"Redacci\u00f3 \/ Ag\u00e8ncies","@id":"https:\/\/www.eltriangle.eu\/es\/#\/schema\/person\/64856baeb85b6977ea0d14f347aa650f"},"headline":"El TSJC aplaza el juicio contra Jov\u00e9, Salvad\u00f3 y Garriga por el 1-O para que no coincida con la campa\u00f1a electoral","datePublished":"2024-03-28T09:00:11+00:00","dateModified":"2024-03-28T12:02:49+00:00","mainEntityOfPage":{"@id":"https:\/\/www.eltriangle.eu\/es\/2024\/03\/28\/el-tsjc-aplaza-el-juicio-contra-jove-salvado-y-garriga-por-el-1-o-para-que-no-coincida-con-la-campana-electoral\/"},"wordCount":299,"commentCount":0,"publisher":{"@id":"https:\/\/www.eltriangle.eu\/es\/#organization"},"image":{"@id":"https:\/\/www.eltriangle.eu\/es\/2024\/03\/28\/el-tsjc-aplaza-el-juicio-contra-jove-salvado-y-garriga-por-el-1-o-para-que-no-coincida-con-la-campana-electoral\/#primaryimage"},"thumbnailUrl":"https:\/\/www.eltriangle.eu\/wp-content\/uploads\/2023\/03\/josep-maria-jove-i-lluis-salvado.jpg","keywords":["1-O","Josep Maria Jov\u00e9","Llu\u00eds Salvad\u00f3","Natalia Garriga","TSJC"],"articleSection":["Actualidad","Tribunales"],"inLanguage":"es","potentialAction":[{"@type":"CommentAction","name":"Comment","target":["https:\/\/www.eltriangle.eu\/es\/2024\/03\/28\/el-tsjc-aplaza-el-juicio-contra-jove-salvado-y-garriga-por-el-1-o-para-que-no-coincida-con-la-campana-electoral\/#respond"]}]},{"@type":"WebPage","@id":"https:\/\/www.eltriangle.eu\/es\/2024\/03\/28\/el-tsjc-aplaza-el-juicio-contra-jove-salvado-y-garriga-por-el-1-o-para-que-no-coincida-con-la-campana-electoral\/","url":"https:\/\/www.eltriangle.eu\/es\/2024\/03\/28\/el-tsjc-aplaza-el-juicio-contra-jove-salvado-y-garriga-por-el-1-o-para-que-no-coincida-con-la-campana-electoral\/","name":"El TSJC aplaza el juicio contra Jov\u00e9, Salvad\u00f3 y Garriga por el 1-O para que no coincida con la campa\u00f1a electoral - El Triangle","isPartOf":{"@id":"https:\/\/www.eltriangle.eu\/es\/#website"},"primaryImageOfPage":{"@id":"https:\/\/www.eltriangle.eu\/es\/2024\/03\/28\/el-tsjc-aplaza-el-juicio-contra-jove-salvado-y-garriga-por-el-1-o-para-que-no-coincida-con-la-campana-electoral\/#primaryimage"},"image":{"@id":"https:\/\/www.eltriangle.eu\/es\/2024\/03\/28\/el-tsjc-aplaza-el-juicio-contra-jove-salvado-y-garriga-por-el-1-o-para-que-no-coincida-con-la-campana-electoral\/#primaryimage"},"thumbnailUrl":"https:\/\/www.eltriangle.eu\/wp-content\/uploads\/2023\/03\/josep-maria-jove-i-lluis-salvado.jpg","datePublished":"2024-03-28T09:00:11+00:00","dateModified":"2024-03-28T12:02:49+00:00","description":"El Tribunal Superior de Justicia de Catalu\u00f1a (TSJC) ha decidido aplazar el juicio contra el diputado de ERC Josep Maria Jov\u00e9, el presidente del Puerto de","breadcrumb":{"@id":"https:\/\/www.eltriangle.eu\/es\/2024\/03\/28\/el-tsjc-aplaza-el-juicio-contra-jove-salvado-y-garriga-por-el-1-o-para-que-no-coincida-con-la-campana-electoral\/#breadcrumb"},"inLanguage":"es","potentialAction":[{"@type":"ReadAction","target":["https:\/\/www.eltriangle.eu\/es\/2024\/03\/28\/el-tsjc-aplaza-el-juicio-contra-jove-salvado-y-garriga-por-el-1-o-para-que-no-coincida-con-la-campana-electoral\/"]}]},{"@type":"ImageObject","inLanguage":"es","@id":"https:\/\/www.eltriangle.eu\/es\/2024\/03\/28\/el-tsjc-aplaza-el-juicio-contra-jove-salvado-y-garriga-por-el-1-o-para-que-no-coincida-con-la-campana-electoral\/#primaryimage","url":"https:\/\/www.eltriangle.eu\/wp-content\/uploads\/2023\/03\/josep-maria-jove-i-lluis-salvado.jpg","contentUrl":"https:\/\/www.eltriangle.eu\/wp-content\/uploads\/2023\/03\/josep-maria-jove-i-lluis-salvado.jpg","width":1200,"height":800,"caption":"Josep Maria Jov\u00e9 y Llu\u00eds Salvad\u00f3"},{"@type":"BreadcrumbList","@id":"https:\/\/www.eltriangle.eu\/es\/2024\/03\/28\/el-tsjc-aplaza-el-juicio-contra-jove-salvado-y-garriga-por-el-1-o-para-que-no-coincida-con-la-campana-electoral\/#breadcrumb","itemListElement":[{"@type":"ListItem","position":1,"name":"Portada","item":"https:\/\/www.eltriangle.eu\/es\/"},{"@type":"ListItem","position":2,"name":"El TSJC aplaza el juicio contra Jov\u00e9, Salvad\u00f3 y Garriga por el 1-O para que no coincida con la campa\u00f1a electoral"}]},{"@type":"WebSite","@id":"https:\/\/www.eltriangle.eu\/es\/#website","url":"https:\/\/www.eltriangle.eu\/es\/","name":"El Triangle","description":"El Triangle \u00e9s un Diari d&#039;informaci\u00f3 general, editat a Catalunya i escrit en llengua catalana, especialitzat en investigaci\u00f3 period\u00edstica","publisher":{"@id":"https:\/\/www.eltriangle.eu\/es\/#organization"},"potentialAction":[{"@type":"SearchAction","target":{"@type":"EntryPoint","urlTemplate":"https:\/\/www.eltriangle.eu\/es\/?s={search_term_string}"},"query-input":{"@type":"PropertyValueSpecification","valueRequired":true,"valueName":"search_term_string"}}],"inLanguage":"es"},{"@type":["Organization","NewsMediaOrganization"],"@id":"https:\/\/www.eltriangle.eu\/es\/#organization","name":"El Triangle","url":"https:\/\/www.eltriangle.eu\/es\/","logo":{"@type":"ImageObject","inLanguage":"es","@id":"https:\/\/www.eltriangle.eu\/es\/#\/schema\/logo\/image\/","url":"https:\/\/www.eltriangle.eu\/wp-content\/uploads\/2020\/11\/triangle_logo-ajustado.jpg","contentUrl":"https:\/\/www.eltriangle.eu\/wp-content\/uploads\/2020\/11\/triangle_logo-ajustado.jpg","width":521,"height":92,"caption":"El Triangle"},"image":{"@id":"https:\/\/www.eltriangle.eu\/es\/#\/schema\/logo\/image\/"},"sameAs":["https:\/\/www.facebook.com\/El-Triangle-Diari-101787399020302","https:\/\/x.com\/El_Triangle","https:\/\/www.youtube.com\/channel\/UCTIjmYEMYSpdGonuAgNhbcg"]},{"@type":"Person","@id":"https:\/\/www.eltriangle.eu\/es\/#\/schema\/person\/64856baeb85b6977ea0d14f347aa650f","name":"Redacci\u00f3 \/ Ag\u00e8ncies","image":{"@type":"ImageObject","inLanguage":"es","@id":"\/\/www.gravatar.com\/avatar\/351b28574babbd1ad908587a8fb19654?s=96&#038;r=g&#038;d=mm","url":"\/\/www.gravatar.com\/avatar\/351b28574babbd1ad908587a8fb19654?s=96&#038;r=g&#038;d=mm","contentUrl":"\/\/www.gravatar.com\/avatar\/351b28574babbd1ad908587a8fb19654?s=96&#038;r=g&#038;d=mm","caption":"Redacci\u00f3 \/ Ag\u00e8ncies"},"url":"https:\/\/www.eltriangle.eu\/es\/author\/redaccioagencies\/"},{"@type":"SiteNavigationElement","@id":"https:\/\/www.eltriangle.eu\/es\/#site-navigation","cssSelector":[".cib-main-menu"]},{"@type":"WPHeader","@id":"https:\/\/www.eltriangle.eu\/es\/#header","cssSelector":[".cib-header"]},{"@type":"WPFooter","@id":"https:\/\/www.eltriangle.eu\/es\/#footer","cssSelector":[".cib-footer"]}]}},"amp_enabled":true,"_links":{"self":[{"href":"https:\/\/www.eltriangle.eu\/es\/wp-json\/wp\/v2\/posts\/252340","targetHints":{"allow":["GET"]}}],"collection":[{"href":"https:\/\/www.eltriangle.eu\/es\/wp-json\/wp\/v2\/posts"}],"about":[{"href":"https:\/\/www.eltriangle.eu\/es\/wp-json\/wp\/v2\/types\/post"}],"author":[{"embeddable":true,"href":"https:\/\/www.eltriangle.eu\/es\/wp-json\/wp\/v2\/users\/190"}],"replies":[{"embeddable":true,"href":"https:\/\/www.eltriangle.eu\/es\/wp-json\/wp\/v2\/comments?post=252340"}],"version-history":[{"count":0,"href":"https:\/\/www.eltriangle.eu\/es\/wp-json\/wp\/v2\/posts\/252340\/revisions"}],"wp:featuredmedia":[{"embeddable":true,"href":"https:\/\/www.eltriangle.eu\/es\/wp-json\/wp\/v2\/media\/181754"}],"wp:attachment":[{"href":"https:\/\/www.eltriangle.eu\/es\/wp-json\/wp\/v2\/media?parent=252340"}],"wp:term":[{"taxonomy":"category","embeddable":true,"href":"https:\/\/www.eltriangle.eu\/es\/wp-json\/wp\/v2\/categories?post=252340"},{"taxonomy":"post_tag","embeddable":true,"href":"https:\/\/www.eltriangle.eu\/es\/wp-json\/wp\/v2\/tags?post=252340"}],"curies":[{"name":"wp","href":"https:\/\/api.w.org\/{rel}","templated":true}]}}