{"id":250602,"date":"2024-03-19T09:00:02","date_gmt":"2024-03-19T08:00:02","guid":{"rendered":null},"modified":"2024-03-19T12:28:30","modified_gmt":"2024-03-19T11:28:30","slug":"espana-defiende-ante-la-justicia-europea-que-las-condenas-del-1-o-fueron-respetuosas-con-los-derechos-humanos","status":"publish","type":"post","link":"https:\/\/www.eltriangle.eu\/es\/2024\/03\/19\/espana-defiende-ante-la-justicia-europea-que-las-condenas-del-1-o-fueron-respetuosas-con-los-derechos-humanos\/","title":{"rendered":"Espa\u00f1a defiende ante la justicia europea que las condenas del 1-O fueron \u00abrespetuosas\u00bb con los derechos humanos"},"content":{"rendered":"<p>Espa\u00f1a defiende ante el <strong>Tribunal Europeo de Derechos Humanos (TEDH)<\/strong> que las condenas del<strong> Tribunal Supremo<\/strong> a los l\u00edderes independentistas por el refer\u00e9ndum del 1-O fueron \u00abprevisibles\u00bb y \u00abrespetuosas\u00bb con los derechos humanos. En el escrito de la abogac\u00eda general del Estado que ha avanzado <em>VilaWeb<\/em> y al cual ha tenido acceso la ACN, el Estado espa\u00f1ol justifica la actuaci\u00f3n del Supremo y el <strong>Tribunal Constitucional<\/strong> y niega ninguna \u00abmotivaci\u00f3n pol\u00edtica\u00bb en la causa del proceso independentista.<\/p>\n<p>La abogac\u00eda del Estado se ha limitado a contestar las preguntas que traslad\u00f3 el tribunal de Estrasburgo sobre la demanda de los l\u00edderes independentistas contra Espa\u00f1a y, si bien menciona los indultos parciales de 2021, no hay ninguna referencia a la ley de amnist\u00eda, actualmente en tr\u00e1mite en el Senado.<\/p>\n<p>Estrasburgo tiene sobre la mesa las demandas contra Espa\u00f1a de Oriol Junqueras, Ra\u00fcl Romeva, Dolors Bassa, Jordi Cuixart, Jordi S\u00e0nchez, Jordi Turull, Josep Rull, Carme Forcadell y Quim Forn por las condenas en la causa del proceso independentista.<\/p>\n<p>A pesar de las particularidades de cada caso, en l\u00edneas generales todos los recursos giran en torno a la vulneraci\u00f3n del derecho a un juicio justo (derecho a un juez imparcial, a un tribunal establecido por la ley y a la presunci\u00f3n de inocencia) y de los derechos a la libertad de pensamiento, de expresi\u00f3n y de reuni\u00f3n. Tambi\u00e9n se alegan vulneraciones de derechos pol\u00edticos y \u00abde abuso de poder\u00bb por parte de las autoridades espa\u00f1olas. El TEDH ha unificado el caso y el septiembre de 2023 envi\u00f3 seis preguntas en Espa\u00f1a por la demanda de los nueve expr\u00e9s.<\/p>\n","protected":false},"excerpt":{"rendered":"<p>Espa\u00f1a defiende ante el Tribunal Europeo de Derechos Humanos (TEDH) que las condenas del Tribunal Supremo a los l\u00edderes independentistas por el refer\u00e9ndum del 1-O fueron \u00abprevisibles\u00bb y \u00abrespetuosas\u00bb con los derechos humanos. En el escrito de la abogac\u00eda general del Estado que ha avanzado VilaWeb y al cual ha tenido acceso la ACN, el &#8230; <a title=\"Espa\u00f1a defiende ante la justicia europea que las condenas del 1-O fueron \u00abrespetuosas\u00bb con los derechos humanos\" class=\"read-more\" href=\"https:\/\/www.eltriangle.eu\/es\/2024\/03\/19\/espana-defiende-ante-la-justicia-europea-que-las-condenas-del-1-o-fueron-respetuosas-con-los-derechos-humanos\/\" aria-label=\"Leer m\u00e1s sobre Espa\u00f1a defiende ante la justicia europea que las condenas del 1-O fueron \u00abrespetuosas\u00bb con los derechos humanos\">Leer m\u00e1s<\/a><\/p>\n","protected":false},"author":94,"featured_media":30772,"comment_status":"open","ping_status":"closed","sticky":false,"template":"","format":"standard","meta":{"_acf_changed":false,"pmpro_default_level":"","footnotes":""},"categories":[24,84,96],"tags":[458,4219],"class_list":["post-250602","post","type-post","status-publish","format-standard","has-post-thumbnail","hentry","category-actualidad","category-mundo","category-tribunales","tag-1-o-es","tag-tribunal-europeo-de-derechos-humanos-tedh","lh_instant_articles-syndicate-yes","pmpro-has-access"],"acf":[],"yoast_head":"<!-- This site is optimized with the Yoast SEO plugin v27.4 - https:\/\/yoast.com\/product\/yoast-seo-wordpress\/ -->\n<title>Espa\u00f1a defiende ante la justicia europea que las condenas del 1-O fueron &quot;respetuosas&quot; con los derechos humanos - El Triangle<\/title>\n<meta name=\"description\" content=\"Espa\u00f1a defiende ante el Tribunal Europeo de Derechos Humanos (TEDH) que las condenas del Tribunal Supremo a los l\u00edderes independentistas por el refer\u00e9ndum\" class=\"yoast-seo-meta-tag\" \/>\n<meta name=\"robots\" content=\"index, follow, max-snippet:-1, max-image-preview:large, max-video-preview:-1\" \/>\n<link rel=\"canonical\" href=\"https:\/\/www.eltriangle.eu\/es\/2024\/03\/19\/espana-defiende-ante-la-justicia-europea-que-las-condenas-del-1-o-fueron-respetuosas-con-los-derechos-humanos\/\" class=\"yoast-seo-meta-tag\" \/>\n<meta property=\"og:locale\" content=\"es_ES\" class=\"yoast-seo-meta-tag\" \/>\n<meta property=\"og:type\" content=\"article\" class=\"yoast-seo-meta-tag\" \/>\n<meta property=\"og:title\" content=\"Espa\u00f1a defiende ante la justicia europea que las condenas del 1-O fueron &quot;respetuosas&quot; con los derechos humanos - El Triangle\" class=\"yoast-seo-meta-tag\" \/>\n<meta property=\"og:description\" content=\"Espa\u00f1a defiende ante el Tribunal Europeo de Derechos Humanos (TEDH) que las condenas del Tribunal Supremo a los l\u00edderes independentistas por el refer\u00e9ndum\" class=\"yoast-seo-meta-tag\" \/>\n<meta property=\"og:url\" content=\"https:\/\/www.eltriangle.eu\/es\/2024\/03\/19\/espana-defiende-ante-la-justicia-europea-que-las-condenas-del-1-o-fueron-respetuosas-con-los-derechos-humanos\/\" class=\"yoast-seo-meta-tag\" \/>\n<meta property=\"og:site_name\" content=\"El Triangle\" class=\"yoast-seo-meta-tag\" \/>\n<meta property=\"article:publisher\" content=\"https:\/\/www.facebook.com\/El-Triangle-Diari-101787399020302\" class=\"yoast-seo-meta-tag\" \/>\n<meta property=\"article:published_time\" content=\"2024-03-19T08:00:02+00:00\" class=\"yoast-seo-meta-tag\" \/>\n<meta property=\"article:modified_time\" content=\"2024-03-19T11:28:30+00:00\" class=\"yoast-seo-meta-tag\" \/>\n<meta property=\"og:image\" content=\"https:\/\/www.eltriangle.eu\/wp-content\/uploads\/2020\/11\/judici-a-l-1-o-al-tribunal-suprem.jpeg\" class=\"yoast-seo-meta-tag\" \/>\n\t<meta property=\"og:image:width\" content=\"1960\" class=\"yoast-seo-meta-tag\" \/>\n\t<meta property=\"og:image:height\" content=\"1262\" class=\"yoast-seo-meta-tag\" \/>\n\t<meta property=\"og:image:type\" content=\"image\/jpeg\" class=\"yoast-seo-meta-tag\" \/>\n<meta name=\"author\" content=\"Oscar Ramos\" class=\"yoast-seo-meta-tag\" \/>\n<meta name=\"twitter:card\" content=\"summary_large_image\" class=\"yoast-seo-meta-tag\" \/>\n<meta name=\"twitter:creator\" content=\"@El_Triangle\" class=\"yoast-seo-meta-tag\" \/>\n<meta name=\"twitter:site\" content=\"@El_Triangle\" class=\"yoast-seo-meta-tag\" \/>\n<meta name=\"twitter:label1\" content=\"Escrito por\" class=\"yoast-seo-meta-tag\" \/>\n\t<meta name=\"twitter:data1\" content=\"Oscar Ramos\" class=\"yoast-seo-meta-tag\" \/>\n\t<meta name=\"twitter:label2\" content=\"Tiempo de lectura\" class=\"yoast-seo-meta-tag\" \/>\n\t<meta name=\"twitter:data2\" content=\"1 minuto\" class=\"yoast-seo-meta-tag\" \/>\n<script type=\"application\/ld+json\" class=\"yoast-schema-graph\">{\"@context\":\"https:\\\/\\\/schema.org\",\"@graph\":[{\"@type\":\"NewsArticle\",\"@id\":\"https:\\\/\\\/www.eltriangle.eu\\\/es\\\/2024\\\/03\\\/19\\\/espana-defiende-ante-la-justicia-europea-que-las-condenas-del-1-o-fueron-respetuosas-con-los-derechos-humanos\\\/#article\",\"isPartOf\":{\"@id\":\"https:\\\/\\\/www.eltriangle.eu\\\/es\\\/2024\\\/03\\\/19\\\/espana-defiende-ante-la-justicia-europea-que-las-condenas-del-1-o-fueron-respetuosas-con-los-derechos-humanos\\\/\"},\"author\":{\"name\":\"Oscar Ramos\",\"@id\":\"https:\\\/\\\/www.eltriangle.eu\\\/es\\\/#\\\/schema\\\/person\\\/c66fd46c56decd3ba13a6923e2039c94\"},\"headline\":\"Espa\u00f1a defiende ante la justicia europea que las condenas del 1-O fueron \u00abrespetuosas\u00bb con los derechos humanos\",\"datePublished\":\"2024-03-19T08:00:02+00:00\",\"dateModified\":\"2024-03-19T11:28:30+00:00\",\"mainEntityOfPage\":{\"@id\":\"https:\\\/\\\/www.eltriangle.eu\\\/es\\\/2024\\\/03\\\/19\\\/espana-defiende-ante-la-justicia-europea-que-las-condenas-del-1-o-fueron-respetuosas-con-los-derechos-humanos\\\/\"},\"wordCount\":306,\"commentCount\":0,\"publisher\":{\"@id\":\"https:\\\/\\\/www.eltriangle.eu\\\/es\\\/#organization\"},\"image\":{\"@id\":\"https:\\\/\\\/www.eltriangle.eu\\\/es\\\/2024\\\/03\\\/19\\\/espana-defiende-ante-la-justicia-europea-que-las-condenas-del-1-o-fueron-respetuosas-con-los-derechos-humanos\\\/#primaryimage\"},\"thumbnailUrl\":\"https:\\\/\\\/www.eltriangle.eu\\\/wp-content\\\/uploads\\\/2020\\\/11\\\/judici-a-l-1-o-al-tribunal-suprem.jpeg\",\"keywords\":[\"1-O\",\"Tribunal Europeo de Derechos Humanos (TEDH)\"],\"articleSection\":[\"Actualidad\",\"Mundo\",\"Tribunales\"],\"inLanguage\":\"es\",\"potentialAction\":[{\"@type\":\"CommentAction\",\"name\":\"Comment\",\"target\":[\"https:\\\/\\\/www.eltriangle.eu\\\/es\\\/2024\\\/03\\\/19\\\/espana-defiende-ante-la-justicia-europea-que-las-condenas-del-1-o-fueron-respetuosas-con-los-derechos-humanos\\\/#respond\"]}]},{\"@type\":\"WebPage\",\"@id\":\"https:\\\/\\\/www.eltriangle.eu\\\/es\\\/2024\\\/03\\\/19\\\/espana-defiende-ante-la-justicia-europea-que-las-condenas-del-1-o-fueron-respetuosas-con-los-derechos-humanos\\\/\",\"url\":\"https:\\\/\\\/www.eltriangle.eu\\\/es\\\/2024\\\/03\\\/19\\\/espana-defiende-ante-la-justicia-europea-que-las-condenas-del-1-o-fueron-respetuosas-con-los-derechos-humanos\\\/\",\"name\":\"Espa\u00f1a defiende ante la justicia europea que las condenas del 1-O fueron \\\"respetuosas\\\" con los derechos humanos - El Triangle\",\"isPartOf\":{\"@id\":\"https:\\\/\\\/www.eltriangle.eu\\\/es\\\/#website\"},\"primaryImageOfPage\":{\"@id\":\"https:\\\/\\\/www.eltriangle.eu\\\/es\\\/2024\\\/03\\\/19\\\/espana-defiende-ante-la-justicia-europea-que-las-condenas-del-1-o-fueron-respetuosas-con-los-derechos-humanos\\\/#primaryimage\"},\"image\":{\"@id\":\"https:\\\/\\\/www.eltriangle.eu\\\/es\\\/2024\\\/03\\\/19\\\/espana-defiende-ante-la-justicia-europea-que-las-condenas-del-1-o-fueron-respetuosas-con-los-derechos-humanos\\\/#primaryimage\"},\"thumbnailUrl\":\"https:\\\/\\\/www.eltriangle.eu\\\/wp-content\\\/uploads\\\/2020\\\/11\\\/judici-a-l-1-o-al-tribunal-suprem.jpeg\",\"datePublished\":\"2024-03-19T08:00:02+00:00\",\"dateModified\":\"2024-03-19T11:28:30+00:00\",\"description\":\"Espa\u00f1a defiende ante el Tribunal Europeo de Derechos Humanos (TEDH) que las condenas del Tribunal Supremo a los l\u00edderes independentistas por el refer\u00e9ndum\",\"breadcrumb\":{\"@id\":\"https:\\\/\\\/www.eltriangle.eu\\\/es\\\/2024\\\/03\\\/19\\\/espana-defiende-ante-la-justicia-europea-que-las-condenas-del-1-o-fueron-respetuosas-con-los-derechos-humanos\\\/#breadcrumb\"},\"inLanguage\":\"es\",\"potentialAction\":[{\"@type\":\"ReadAction\",\"target\":[\"https:\\\/\\\/www.eltriangle.eu\\\/es\\\/2024\\\/03\\\/19\\\/espana-defiende-ante-la-justicia-europea-que-las-condenas-del-1-o-fueron-respetuosas-con-los-derechos-humanos\\\/\"]}]},{\"@type\":\"ImageObject\",\"inLanguage\":\"es\",\"@id\":\"https:\\\/\\\/www.eltriangle.eu\\\/es\\\/2024\\\/03\\\/19\\\/espana-defiende-ante-la-justicia-europea-que-las-condenas-del-1-o-fueron-respetuosas-con-los-derechos-humanos\\\/#primaryimage\",\"url\":\"https:\\\/\\\/www.eltriangle.eu\\\/wp-content\\\/uploads\\\/2020\\\/11\\\/judici-a-l-1-o-al-tribunal-suprem.jpeg\",\"contentUrl\":\"https:\\\/\\\/www.eltriangle.eu\\\/wp-content\\\/uploads\\\/2020\\\/11\\\/judici-a-l-1-o-al-tribunal-suprem.jpeg\",\"width\":1960,\"height\":1262,\"caption\":\"Juicio del 1-O en el Tribunal Supremo\"},{\"@type\":\"BreadcrumbList\",\"@id\":\"https:\\\/\\\/www.eltriangle.eu\\\/es\\\/2024\\\/03\\\/19\\\/espana-defiende-ante-la-justicia-europea-que-las-condenas-del-1-o-fueron-respetuosas-con-los-derechos-humanos\\\/#breadcrumb\",\"itemListElement\":[{\"@type\":\"ListItem\",\"position\":1,\"name\":\"Portada\",\"item\":\"https:\\\/\\\/www.eltriangle.eu\\\/es\\\/\"},{\"@type\":\"ListItem\",\"position\":2,\"name\":\"Espa\u00f1a defiende ante la justicia europea que las condenas del 1-O fueron \u00abrespetuosas\u00bb con los derechos humanos\"}]},{\"@type\":\"WebSite\",\"@id\":\"https:\\\/\\\/www.eltriangle.eu\\\/es\\\/#website\",\"url\":\"https:\\\/\\\/www.eltriangle.eu\\\/es\\\/\",\"name\":\"El Triangle\",\"description\":\"El Triangle \u00e9s un Diari d&#039;informaci\u00f3 general, editat a Catalunya i escrit en llengua catalana, especialitzat en investigaci\u00f3 period\u00edstica\",\"publisher\":{\"@id\":\"https:\\\/\\\/www.eltriangle.eu\\\/es\\\/#organization\"},\"potentialAction\":[{\"@type\":\"SearchAction\",\"target\":{\"@type\":\"EntryPoint\",\"urlTemplate\":\"https:\\\/\\\/www.eltriangle.eu\\\/es\\\/?s={search_term_string}\"},\"query-input\":{\"@type\":\"PropertyValueSpecification\",\"valueRequired\":true,\"valueName\":\"search_term_string\"}}],\"inLanguage\":\"es\"},{\"@type\":[\"Organization\",\"NewsMediaOrganization\"],\"@id\":\"https:\\\/\\\/www.eltriangle.eu\\\/es\\\/#organization\",\"name\":\"El Triangle\",\"url\":\"https:\\\/\\\/www.eltriangle.eu\\\/es\\\/\",\"logo\":{\"@type\":\"ImageObject\",\"inLanguage\":\"es\",\"@id\":\"https:\\\/\\\/www.eltriangle.eu\\\/es\\\/#\\\/schema\\\/logo\\\/image\\\/\",\"url\":\"https:\\\/\\\/www.eltriangle.eu\\\/wp-content\\\/uploads\\\/2020\\\/11\\\/triangle_logo-ajustado.jpg\",\"contentUrl\":\"https:\\\/\\\/www.eltriangle.eu\\\/wp-content\\\/uploads\\\/2020\\\/11\\\/triangle_logo-ajustado.jpg\",\"width\":521,\"height\":92,\"caption\":\"El Triangle\"},\"image\":{\"@id\":\"https:\\\/\\\/www.eltriangle.eu\\\/es\\\/#\\\/schema\\\/logo\\\/image\\\/\"},\"sameAs\":[\"https:\\\/\\\/www.facebook.com\\\/El-Triangle-Diari-101787399020302\",\"https:\\\/\\\/x.com\\\/El_Triangle\",\"https:\\\/\\\/www.youtube.com\\\/channel\\\/UCTIjmYEMYSpdGonuAgNhbcg\"]},{\"@type\":\"Person\",\"@id\":\"https:\\\/\\\/www.eltriangle.eu\\\/es\\\/#\\\/schema\\\/person\\\/c66fd46c56decd3ba13a6923e2039c94\",\"name\":\"Oscar Ramos\",\"image\":{\"@type\":\"ImageObject\",\"inLanguage\":\"es\",\"@id\":\"\\\/\\\/www.gravatar.com\\\/avatar\\\/d3e3cbd0607e53f24e4122d9a9356507?s=96&#038;r=g&#038;d=mm\",\"url\":\"\\\/\\\/www.gravatar.com\\\/avatar\\\/d3e3cbd0607e53f24e4122d9a9356507?s=96&#038;r=g&#038;d=mm\",\"contentUrl\":\"\\\/\\\/www.gravatar.com\\\/avatar\\\/d3e3cbd0607e53f24e4122d9a9356507?s=96&#038;r=g&#038;d=mm\",\"caption\":\"Oscar Ramos\"},\"url\":\"https:\\\/\\\/www.eltriangle.eu\\\/es\\\/author\\\/oscar\\\/\"},{\"@type\":\"SiteNavigationElement\",\"@id\":\"https:\\\/\\\/www.eltriangle.eu\\\/es\\\/#site-navigation\",\"cssSelector\":[\".cib-main-menu\"]},{\"@type\":\"WPHeader\",\"@id\":\"https:\\\/\\\/www.eltriangle.eu\\\/es\\\/#header\",\"cssSelector\":[\".cib-header\"]},{\"@type\":\"WPFooter\",\"@id\":\"https:\\\/\\\/www.eltriangle.eu\\\/es\\\/#footer\",\"cssSelector\":[\".cib-footer\"]}]}<\/script>\n<!-- \/ Yoast SEO plugin. -->","yoast_head_json":{"title":"Espa\u00f1a defiende ante la justicia europea que las condenas del 1-O fueron \"respetuosas\" con los derechos humanos - El Triangle","description":"Espa\u00f1a defiende ante el Tribunal Europeo de Derechos Humanos (TEDH) que las condenas del Tribunal Supremo a los l\u00edderes independentistas por el refer\u00e9ndum","robots":{"index":"index","follow":"follow","max-snippet":"max-snippet:-1","max-image-preview":"max-image-preview:large","max-video-preview":"max-video-preview:-1"},"canonical":"https:\/\/www.eltriangle.eu\/es\/2024\/03\/19\/espana-defiende-ante-la-justicia-europea-que-las-condenas-del-1-o-fueron-respetuosas-con-los-derechos-humanos\/","og_locale":"es_ES","og_type":"article","og_title":"Espa\u00f1a defiende ante la justicia europea que las condenas del 1-O fueron \"respetuosas\" con los derechos humanos - El Triangle","og_description":"Espa\u00f1a defiende ante el Tribunal Europeo de Derechos Humanos (TEDH) que las condenas del Tribunal Supremo a los l\u00edderes independentistas por el refer\u00e9ndum","og_url":"https:\/\/www.eltriangle.eu\/es\/2024\/03\/19\/espana-defiende-ante-la-justicia-europea-que-las-condenas-del-1-o-fueron-respetuosas-con-los-derechos-humanos\/","og_site_name":"El Triangle","article_publisher":"https:\/\/www.facebook.com\/El-Triangle-Diari-101787399020302","article_published_time":"2024-03-19T08:00:02+00:00","article_modified_time":"2024-03-19T11:28:30+00:00","og_image":[{"width":1960,"height":1262,"url":"https:\/\/www.eltriangle.eu\/wp-content\/uploads\/2020\/11\/judici-a-l-1-o-al-tribunal-suprem.jpeg","type":"image\/jpeg"}],"author":"Oscar Ramos","twitter_card":"summary_large_image","twitter_creator":"@El_Triangle","twitter_site":"@El_Triangle","twitter_misc":{"Escrito por":"Oscar Ramos","Tiempo de lectura":"1 minuto"},"schema":{"@context":"https:\/\/schema.org","@graph":[{"@type":"NewsArticle","@id":"https:\/\/www.eltriangle.eu\/es\/2024\/03\/19\/espana-defiende-ante-la-justicia-europea-que-las-condenas-del-1-o-fueron-respetuosas-con-los-derechos-humanos\/#article","isPartOf":{"@id":"https:\/\/www.eltriangle.eu\/es\/2024\/03\/19\/espana-defiende-ante-la-justicia-europea-que-las-condenas-del-1-o-fueron-respetuosas-con-los-derechos-humanos\/"},"author":{"name":"Oscar Ramos","@id":"https:\/\/www.eltriangle.eu\/es\/#\/schema\/person\/c66fd46c56decd3ba13a6923e2039c94"},"headline":"Espa\u00f1a defiende ante la justicia europea que las condenas del 1-O fueron \u00abrespetuosas\u00bb con los derechos humanos","datePublished":"2024-03-19T08:00:02+00:00","dateModified":"2024-03-19T11:28:30+00:00","mainEntityOfPage":{"@id":"https:\/\/www.eltriangle.eu\/es\/2024\/03\/19\/espana-defiende-ante-la-justicia-europea-que-las-condenas-del-1-o-fueron-respetuosas-con-los-derechos-humanos\/"},"wordCount":306,"commentCount":0,"publisher":{"@id":"https:\/\/www.eltriangle.eu\/es\/#organization"},"image":{"@id":"https:\/\/www.eltriangle.eu\/es\/2024\/03\/19\/espana-defiende-ante-la-justicia-europea-que-las-condenas-del-1-o-fueron-respetuosas-con-los-derechos-humanos\/#primaryimage"},"thumbnailUrl":"https:\/\/www.eltriangle.eu\/wp-content\/uploads\/2020\/11\/judici-a-l-1-o-al-tribunal-suprem.jpeg","keywords":["1-O","Tribunal Europeo de Derechos Humanos (TEDH)"],"articleSection":["Actualidad","Mundo","Tribunales"],"inLanguage":"es","potentialAction":[{"@type":"CommentAction","name":"Comment","target":["https:\/\/www.eltriangle.eu\/es\/2024\/03\/19\/espana-defiende-ante-la-justicia-europea-que-las-condenas-del-1-o-fueron-respetuosas-con-los-derechos-humanos\/#respond"]}]},{"@type":"WebPage","@id":"https:\/\/www.eltriangle.eu\/es\/2024\/03\/19\/espana-defiende-ante-la-justicia-europea-que-las-condenas-del-1-o-fueron-respetuosas-con-los-derechos-humanos\/","url":"https:\/\/www.eltriangle.eu\/es\/2024\/03\/19\/espana-defiende-ante-la-justicia-europea-que-las-condenas-del-1-o-fueron-respetuosas-con-los-derechos-humanos\/","name":"Espa\u00f1a defiende ante la justicia europea que las condenas del 1-O fueron \"respetuosas\" con los derechos humanos - El Triangle","isPartOf":{"@id":"https:\/\/www.eltriangle.eu\/es\/#website"},"primaryImageOfPage":{"@id":"https:\/\/www.eltriangle.eu\/es\/2024\/03\/19\/espana-defiende-ante-la-justicia-europea-que-las-condenas-del-1-o-fueron-respetuosas-con-los-derechos-humanos\/#primaryimage"},"image":{"@id":"https:\/\/www.eltriangle.eu\/es\/2024\/03\/19\/espana-defiende-ante-la-justicia-europea-que-las-condenas-del-1-o-fueron-respetuosas-con-los-derechos-humanos\/#primaryimage"},"thumbnailUrl":"https:\/\/www.eltriangle.eu\/wp-content\/uploads\/2020\/11\/judici-a-l-1-o-al-tribunal-suprem.jpeg","datePublished":"2024-03-19T08:00:02+00:00","dateModified":"2024-03-19T11:28:30+00:00","description":"Espa\u00f1a defiende ante el Tribunal Europeo de Derechos Humanos (TEDH) que las condenas del Tribunal Supremo a los l\u00edderes independentistas por el refer\u00e9ndum","breadcrumb":{"@id":"https:\/\/www.eltriangle.eu\/es\/2024\/03\/19\/espana-defiende-ante-la-justicia-europea-que-las-condenas-del-1-o-fueron-respetuosas-con-los-derechos-humanos\/#breadcrumb"},"inLanguage":"es","potentialAction":[{"@type":"ReadAction","target":["https:\/\/www.eltriangle.eu\/es\/2024\/03\/19\/espana-defiende-ante-la-justicia-europea-que-las-condenas-del-1-o-fueron-respetuosas-con-los-derechos-humanos\/"]}]},{"@type":"ImageObject","inLanguage":"es","@id":"https:\/\/www.eltriangle.eu\/es\/2024\/03\/19\/espana-defiende-ante-la-justicia-europea-que-las-condenas-del-1-o-fueron-respetuosas-con-los-derechos-humanos\/#primaryimage","url":"https:\/\/www.eltriangle.eu\/wp-content\/uploads\/2020\/11\/judici-a-l-1-o-al-tribunal-suprem.jpeg","contentUrl":"https:\/\/www.eltriangle.eu\/wp-content\/uploads\/2020\/11\/judici-a-l-1-o-al-tribunal-suprem.jpeg","width":1960,"height":1262,"caption":"Juicio del 1-O en el Tribunal Supremo"},{"@type":"BreadcrumbList","@id":"https:\/\/www.eltriangle.eu\/es\/2024\/03\/19\/espana-defiende-ante-la-justicia-europea-que-las-condenas-del-1-o-fueron-respetuosas-con-los-derechos-humanos\/#breadcrumb","itemListElement":[{"@type":"ListItem","position":1,"name":"Portada","item":"https:\/\/www.eltriangle.eu\/es\/"},{"@type":"ListItem","position":2,"name":"Espa\u00f1a defiende ante la justicia europea que las condenas del 1-O fueron \u00abrespetuosas\u00bb con los derechos humanos"}]},{"@type":"WebSite","@id":"https:\/\/www.eltriangle.eu\/es\/#website","url":"https:\/\/www.eltriangle.eu\/es\/","name":"El Triangle","description":"El Triangle \u00e9s un Diari d&#039;informaci\u00f3 general, editat a Catalunya i escrit en llengua catalana, especialitzat en investigaci\u00f3 period\u00edstica","publisher":{"@id":"https:\/\/www.eltriangle.eu\/es\/#organization"},"potentialAction":[{"@type":"SearchAction","target":{"@type":"EntryPoint","urlTemplate":"https:\/\/www.eltriangle.eu\/es\/?s={search_term_string}"},"query-input":{"@type":"PropertyValueSpecification","valueRequired":true,"valueName":"search_term_string"}}],"inLanguage":"es"},{"@type":["Organization","NewsMediaOrganization"],"@id":"https:\/\/www.eltriangle.eu\/es\/#organization","name":"El Triangle","url":"https:\/\/www.eltriangle.eu\/es\/","logo":{"@type":"ImageObject","inLanguage":"es","@id":"https:\/\/www.eltriangle.eu\/es\/#\/schema\/logo\/image\/","url":"https:\/\/www.eltriangle.eu\/wp-content\/uploads\/2020\/11\/triangle_logo-ajustado.jpg","contentUrl":"https:\/\/www.eltriangle.eu\/wp-content\/uploads\/2020\/11\/triangle_logo-ajustado.jpg","width":521,"height":92,"caption":"El Triangle"},"image":{"@id":"https:\/\/www.eltriangle.eu\/es\/#\/schema\/logo\/image\/"},"sameAs":["https:\/\/www.facebook.com\/El-Triangle-Diari-101787399020302","https:\/\/x.com\/El_Triangle","https:\/\/www.youtube.com\/channel\/UCTIjmYEMYSpdGonuAgNhbcg"]},{"@type":"Person","@id":"https:\/\/www.eltriangle.eu\/es\/#\/schema\/person\/c66fd46c56decd3ba13a6923e2039c94","name":"Oscar Ramos","image":{"@type":"ImageObject","inLanguage":"es","@id":"\/\/www.gravatar.com\/avatar\/d3e3cbd0607e53f24e4122d9a9356507?s=96&#038;r=g&#038;d=mm","url":"\/\/www.gravatar.com\/avatar\/d3e3cbd0607e53f24e4122d9a9356507?s=96&#038;r=g&#038;d=mm","contentUrl":"\/\/www.gravatar.com\/avatar\/d3e3cbd0607e53f24e4122d9a9356507?s=96&#038;r=g&#038;d=mm","caption":"Oscar Ramos"},"url":"https:\/\/www.eltriangle.eu\/es\/author\/oscar\/"},{"@type":"SiteNavigationElement","@id":"https:\/\/www.eltriangle.eu\/es\/#site-navigation","cssSelector":[".cib-main-menu"]},{"@type":"WPHeader","@id":"https:\/\/www.eltriangle.eu\/es\/#header","cssSelector":[".cib-header"]},{"@type":"WPFooter","@id":"https:\/\/www.eltriangle.eu\/es\/#footer","cssSelector":[".cib-footer"]}]}},"amp_enabled":true,"_links":{"self":[{"href":"https:\/\/www.eltriangle.eu\/es\/wp-json\/wp\/v2\/posts\/250602","targetHints":{"allow":["GET"]}}],"collection":[{"href":"https:\/\/www.eltriangle.eu\/es\/wp-json\/wp\/v2\/posts"}],"about":[{"href":"https:\/\/www.eltriangle.eu\/es\/wp-json\/wp\/v2\/types\/post"}],"author":[{"embeddable":true,"href":"https:\/\/www.eltriangle.eu\/es\/wp-json\/wp\/v2\/users\/94"}],"replies":[{"embeddable":true,"href":"https:\/\/www.eltriangle.eu\/es\/wp-json\/wp\/v2\/comments?post=250602"}],"version-history":[{"count":0,"href":"https:\/\/www.eltriangle.eu\/es\/wp-json\/wp\/v2\/posts\/250602\/revisions"}],"wp:featuredmedia":[{"embeddable":true,"href":"https:\/\/www.eltriangle.eu\/es\/wp-json\/wp\/v2\/media\/30772"}],"wp:attachment":[{"href":"https:\/\/www.eltriangle.eu\/es\/wp-json\/wp\/v2\/media?parent=250602"}],"wp:term":[{"taxonomy":"category","embeddable":true,"href":"https:\/\/www.eltriangle.eu\/es\/wp-json\/wp\/v2\/categories?post=250602"},{"taxonomy":"post_tag","embeddable":true,"href":"https:\/\/www.eltriangle.eu\/es\/wp-json\/wp\/v2\/tags?post=250602"}],"curies":[{"name":"wp","href":"https:\/\/api.w.org\/{rel}","templated":true}]}}