{"id":245220,"date":"2024-02-27T14:15:56","date_gmt":"2024-02-27T13:15:56","guid":{"rendered":null},"modified":"2024-02-27T17:14:03","modified_gmt":"2024-02-27T16:14:03","slug":"el-supremo-confirma-la-inhabilitacion-de-miquel-serra-exalcalde-de-alcarras-por-el-1-o","status":"publish","type":"post","link":"https:\/\/www.eltriangle.eu\/es\/2024\/02\/27\/el-supremo-confirma-la-inhabilitacion-de-miquel-serra-exalcalde-de-alcarras-por-el-1-o\/","title":{"rendered":"El Supremo confirma la inhabilitaci\u00f3n de Miquel Serra, exalcalde de Alcarr\u00e0s, por el 1-O"},"content":{"rendered":"<p>El <strong>Tribunal Supremo<\/strong> ha confirmado la condena de<strong> Miquel Serra<\/strong>, exalcalde de Alcarr\u00e0s (Lleida), a tres meses de inhabilitaci\u00f3n por un delito de <strong>desobediencia<\/strong> por su actuaci\u00f3n en relaci\u00f3n con la votaci\u00f3n del 1 de octubre de 2017.<\/p>\n<p>El alto tribunal desestima as\u00ed el recurso de casaci\u00f3n interpuesto por Serra contra la sentencia de la Audiencia de Lleida, que tambi\u00e9n le conden\u00f3 a pagar una multa de 450 euros por abrir un espacio municipal por celebrar la votaci\u00f3n, difunde la ACN.<\/p>\n<p>Serra, de ERC, tambi\u00e9n fue condenado por la Audiencia de Lleida en otro procedimiento a un a\u00f1o de inhabilitaci\u00f3n por no descolgar esteladas ni retirar una placa del 1-O del espacio p\u00fablico en la campa\u00f1a de las elecciones generales de 2019.<\/p>\n","protected":false},"excerpt":{"rendered":"<p>El Tribunal Supremo ha confirmado la condena de Miquel Serra, exalcalde de Alcarr\u00e0s (Lleida), a tres meses de inhabilitaci\u00f3n por un delito de desobediencia por su actuaci\u00f3n en relaci\u00f3n con la votaci\u00f3n del 1 de octubre de 2017. El alto tribunal desestima as\u00ed el recurso de casaci\u00f3n interpuesto por Serra contra la sentencia de la &#8230; <a title=\"El Supremo confirma la inhabilitaci\u00f3n de Miquel Serra, exalcalde de Alcarr\u00e0s, por el 1-O\" class=\"read-more\" href=\"https:\/\/www.eltriangle.eu\/es\/2024\/02\/27\/el-supremo-confirma-la-inhabilitacion-de-miquel-serra-exalcalde-de-alcarras-por-el-1-o\/\" aria-label=\"Leer m\u00e1s sobre El Supremo confirma la inhabilitaci\u00f3n de Miquel Serra, exalcalde de Alcarr\u00e0s, por el 1-O\">Leer m\u00e1s<\/a><\/p>\n","protected":false},"author":179,"featured_media":245218,"comment_status":"open","ping_status":"closed","sticky":false,"template":"","format":"standard","meta":{"_acf_changed":false,"pmpro_default_level":"","footnotes":""},"categories":[24,90,96],"tags":[458],"class_list":["post-245220","post","type-post","status-publish","format-standard","has-post-thumbnail","hentry","category-actualidad","category-local","category-tribunales","tag-1-o-es","lh_instant_articles-syndicate-yes","pmpro-has-access"],"acf":[],"yoast_head":"<!-- This site is optimized with the Yoast SEO plugin v27.4 - https:\/\/yoast.com\/product\/yoast-seo-wordpress\/ -->\n<title>El Supremo confirma la inhabilitaci\u00f3n de Miquel Serra, exalcalde de Alcarr\u00e0s, por el 1-O - El Triangle<\/title>\n<meta name=\"description\" content=\"El Tribunal Supremo ha confirmado la condena de Miquel Serra, exalcalde de Alcarr\u00e0s (Lleida), a tres meses de inhabilitaci\u00f3n por un delito de\" class=\"yoast-seo-meta-tag\" \/>\n<meta name=\"robots\" content=\"index, follow, max-snippet:-1, max-image-preview:large, max-video-preview:-1\" \/>\n<link rel=\"canonical\" href=\"https:\/\/www.eltriangle.eu\/es\/2024\/02\/27\/el-supremo-confirma-la-inhabilitacion-de-miquel-serra-exalcalde-de-alcarras-por-el-1-o\/\" class=\"yoast-seo-meta-tag\" \/>\n<meta property=\"og:locale\" content=\"es_ES\" class=\"yoast-seo-meta-tag\" \/>\n<meta property=\"og:type\" content=\"article\" class=\"yoast-seo-meta-tag\" \/>\n<meta property=\"og:title\" content=\"El Supremo confirma la inhabilitaci\u00f3n de Miquel Serra, exalcalde de Alcarr\u00e0s, por el 1-O - El Triangle\" class=\"yoast-seo-meta-tag\" \/>\n<meta property=\"og:description\" content=\"El Tribunal Supremo ha confirmado la condena de Miquel Serra, exalcalde de Alcarr\u00e0s (Lleida), a tres meses de inhabilitaci\u00f3n por un delito de\" class=\"yoast-seo-meta-tag\" \/>\n<meta property=\"og:url\" content=\"https:\/\/www.eltriangle.eu\/es\/2024\/02\/27\/el-supremo-confirma-la-inhabilitacion-de-miquel-serra-exalcalde-de-alcarras-por-el-1-o\/\" class=\"yoast-seo-meta-tag\" \/>\n<meta property=\"og:site_name\" content=\"El Triangle\" class=\"yoast-seo-meta-tag\" \/>\n<meta property=\"article:publisher\" content=\"https:\/\/www.facebook.com\/El-Triangle-Diari-101787399020302\" class=\"yoast-seo-meta-tag\" \/>\n<meta property=\"article:published_time\" content=\"2024-02-27T13:15:56+00:00\" class=\"yoast-seo-meta-tag\" \/>\n<meta property=\"article:modified_time\" content=\"2024-02-27T16:14:03+00:00\" class=\"yoast-seo-meta-tag\" \/>\n<meta property=\"og:image\" content=\"https:\/\/www.eltriangle.eu\/wp-content\/uploads\/2024\/02\/miquel-serra.jpg\" class=\"yoast-seo-meta-tag\" \/>\n\t<meta property=\"og:image:width\" content=\"653\" class=\"yoast-seo-meta-tag\" \/>\n\t<meta property=\"og:image:height\" content=\"544\" class=\"yoast-seo-meta-tag\" \/>\n\t<meta property=\"og:image:type\" content=\"image\/jpeg\" class=\"yoast-seo-meta-tag\" \/>\n<meta name=\"author\" content=\"Redacci\u00f3 \/ ACN\" class=\"yoast-seo-meta-tag\" \/>\n<meta name=\"twitter:card\" content=\"summary_large_image\" class=\"yoast-seo-meta-tag\" \/>\n<meta name=\"twitter:creator\" content=\"@El_Triangle\" class=\"yoast-seo-meta-tag\" \/>\n<meta name=\"twitter:site\" content=\"@El_Triangle\" class=\"yoast-seo-meta-tag\" \/>\n<meta name=\"twitter:label1\" content=\"Escrito por\" class=\"yoast-seo-meta-tag\" \/>\n\t<meta name=\"twitter:data1\" content=\"Redacci\u00f3 \/ ACN\" class=\"yoast-seo-meta-tag\" \/>\n\t<meta name=\"twitter:label2\" content=\"Tiempo de lectura\" class=\"yoast-seo-meta-tag\" \/>\n\t<meta name=\"twitter:data2\" content=\"1 minuto\" class=\"yoast-seo-meta-tag\" \/>\n<script type=\"application\/ld+json\" class=\"yoast-schema-graph\">{\"@context\":\"https:\\\/\\\/schema.org\",\"@graph\":[{\"@type\":\"NewsArticle\",\"@id\":\"https:\\\/\\\/www.eltriangle.eu\\\/es\\\/2024\\\/02\\\/27\\\/el-supremo-confirma-la-inhabilitacion-de-miquel-serra-exalcalde-de-alcarras-por-el-1-o\\\/#article\",\"isPartOf\":{\"@id\":\"https:\\\/\\\/www.eltriangle.eu\\\/es\\\/2024\\\/02\\\/27\\\/el-supremo-confirma-la-inhabilitacion-de-miquel-serra-exalcalde-de-alcarras-por-el-1-o\\\/\"},\"author\":{\"name\":\"Redacci\u00f3 \\\/ ACN\",\"@id\":\"https:\\\/\\\/www.eltriangle.eu\\\/es\\\/#\\\/schema\\\/person\\\/6e5938f06dd4dcd413779558fbf437d9\"},\"headline\":\"El Supremo confirma la inhabilitaci\u00f3n de Miquel Serra, exalcalde de Alcarr\u00e0s, por el 1-O\",\"datePublished\":\"2024-02-27T13:15:56+00:00\",\"dateModified\":\"2024-02-27T16:14:03+00:00\",\"mainEntityOfPage\":{\"@id\":\"https:\\\/\\\/www.eltriangle.eu\\\/es\\\/2024\\\/02\\\/27\\\/el-supremo-confirma-la-inhabilitacion-de-miquel-serra-exalcalde-de-alcarras-por-el-1-o\\\/\"},\"wordCount\":147,\"commentCount\":0,\"publisher\":{\"@id\":\"https:\\\/\\\/www.eltriangle.eu\\\/es\\\/#organization\"},\"image\":{\"@id\":\"https:\\\/\\\/www.eltriangle.eu\\\/es\\\/2024\\\/02\\\/27\\\/el-supremo-confirma-la-inhabilitacion-de-miquel-serra-exalcalde-de-alcarras-por-el-1-o\\\/#primaryimage\"},\"thumbnailUrl\":\"https:\\\/\\\/www.eltriangle.eu\\\/wp-content\\\/uploads\\\/2024\\\/02\\\/miquel-serra.jpg\",\"keywords\":[\"1-O\"],\"articleSection\":[\"Actualidad\",\"Local\",\"Tribunales\"],\"inLanguage\":\"es\",\"potentialAction\":[{\"@type\":\"CommentAction\",\"name\":\"Comment\",\"target\":[\"https:\\\/\\\/www.eltriangle.eu\\\/es\\\/2024\\\/02\\\/27\\\/el-supremo-confirma-la-inhabilitacion-de-miquel-serra-exalcalde-de-alcarras-por-el-1-o\\\/#respond\"]}]},{\"@type\":\"WebPage\",\"@id\":\"https:\\\/\\\/www.eltriangle.eu\\\/es\\\/2024\\\/02\\\/27\\\/el-supremo-confirma-la-inhabilitacion-de-miquel-serra-exalcalde-de-alcarras-por-el-1-o\\\/\",\"url\":\"https:\\\/\\\/www.eltriangle.eu\\\/es\\\/2024\\\/02\\\/27\\\/el-supremo-confirma-la-inhabilitacion-de-miquel-serra-exalcalde-de-alcarras-por-el-1-o\\\/\",\"name\":\"El Supremo confirma la inhabilitaci\u00f3n de Miquel Serra, exalcalde de Alcarr\u00e0s, por el 1-O - El Triangle\",\"isPartOf\":{\"@id\":\"https:\\\/\\\/www.eltriangle.eu\\\/es\\\/#website\"},\"primaryImageOfPage\":{\"@id\":\"https:\\\/\\\/www.eltriangle.eu\\\/es\\\/2024\\\/02\\\/27\\\/el-supremo-confirma-la-inhabilitacion-de-miquel-serra-exalcalde-de-alcarras-por-el-1-o\\\/#primaryimage\"},\"image\":{\"@id\":\"https:\\\/\\\/www.eltriangle.eu\\\/es\\\/2024\\\/02\\\/27\\\/el-supremo-confirma-la-inhabilitacion-de-miquel-serra-exalcalde-de-alcarras-por-el-1-o\\\/#primaryimage\"},\"thumbnailUrl\":\"https:\\\/\\\/www.eltriangle.eu\\\/wp-content\\\/uploads\\\/2024\\\/02\\\/miquel-serra.jpg\",\"datePublished\":\"2024-02-27T13:15:56+00:00\",\"dateModified\":\"2024-02-27T16:14:03+00:00\",\"description\":\"El Tribunal Supremo ha confirmado la condena de Miquel Serra, exalcalde de Alcarr\u00e0s (Lleida), a tres meses de inhabilitaci\u00f3n por un delito de\",\"breadcrumb\":{\"@id\":\"https:\\\/\\\/www.eltriangle.eu\\\/es\\\/2024\\\/02\\\/27\\\/el-supremo-confirma-la-inhabilitacion-de-miquel-serra-exalcalde-de-alcarras-por-el-1-o\\\/#breadcrumb\"},\"inLanguage\":\"es\",\"potentialAction\":[{\"@type\":\"ReadAction\",\"target\":[\"https:\\\/\\\/www.eltriangle.eu\\\/es\\\/2024\\\/02\\\/27\\\/el-supremo-confirma-la-inhabilitacion-de-miquel-serra-exalcalde-de-alcarras-por-el-1-o\\\/\"]}]},{\"@type\":\"ImageObject\",\"inLanguage\":\"es\",\"@id\":\"https:\\\/\\\/www.eltriangle.eu\\\/es\\\/2024\\\/02\\\/27\\\/el-supremo-confirma-la-inhabilitacion-de-miquel-serra-exalcalde-de-alcarras-por-el-1-o\\\/#primaryimage\",\"url\":\"https:\\\/\\\/www.eltriangle.eu\\\/wp-content\\\/uploads\\\/2024\\\/02\\\/miquel-serra.jpg\",\"contentUrl\":\"https:\\\/\\\/www.eltriangle.eu\\\/wp-content\\\/uploads\\\/2024\\\/02\\\/miquel-serra.jpg\",\"width\":653,\"height\":544,\"caption\":\"Miquel Serra\"},{\"@type\":\"BreadcrumbList\",\"@id\":\"https:\\\/\\\/www.eltriangle.eu\\\/es\\\/2024\\\/02\\\/27\\\/el-supremo-confirma-la-inhabilitacion-de-miquel-serra-exalcalde-de-alcarras-por-el-1-o\\\/#breadcrumb\",\"itemListElement\":[{\"@type\":\"ListItem\",\"position\":1,\"name\":\"Portada\",\"item\":\"https:\\\/\\\/www.eltriangle.eu\\\/es\\\/\"},{\"@type\":\"ListItem\",\"position\":2,\"name\":\"El Supremo confirma la inhabilitaci\u00f3n de Miquel Serra, exalcalde de Alcarr\u00e0s, por el 1-O\"}]},{\"@type\":\"WebSite\",\"@id\":\"https:\\\/\\\/www.eltriangle.eu\\\/es\\\/#website\",\"url\":\"https:\\\/\\\/www.eltriangle.eu\\\/es\\\/\",\"name\":\"El Triangle\",\"description\":\"El Triangle \u00e9s un Diari d&#039;informaci\u00f3 general, editat a Catalunya i escrit en llengua catalana, especialitzat en investigaci\u00f3 period\u00edstica\",\"publisher\":{\"@id\":\"https:\\\/\\\/www.eltriangle.eu\\\/es\\\/#organization\"},\"potentialAction\":[{\"@type\":\"SearchAction\",\"target\":{\"@type\":\"EntryPoint\",\"urlTemplate\":\"https:\\\/\\\/www.eltriangle.eu\\\/es\\\/?s={search_term_string}\"},\"query-input\":{\"@type\":\"PropertyValueSpecification\",\"valueRequired\":true,\"valueName\":\"search_term_string\"}}],\"inLanguage\":\"es\"},{\"@type\":[\"Organization\",\"NewsMediaOrganization\"],\"@id\":\"https:\\\/\\\/www.eltriangle.eu\\\/es\\\/#organization\",\"name\":\"El Triangle\",\"url\":\"https:\\\/\\\/www.eltriangle.eu\\\/es\\\/\",\"logo\":{\"@type\":\"ImageObject\",\"inLanguage\":\"es\",\"@id\":\"https:\\\/\\\/www.eltriangle.eu\\\/es\\\/#\\\/schema\\\/logo\\\/image\\\/\",\"url\":\"https:\\\/\\\/www.eltriangle.eu\\\/wp-content\\\/uploads\\\/2020\\\/11\\\/triangle_logo-ajustado.jpg\",\"contentUrl\":\"https:\\\/\\\/www.eltriangle.eu\\\/wp-content\\\/uploads\\\/2020\\\/11\\\/triangle_logo-ajustado.jpg\",\"width\":521,\"height\":92,\"caption\":\"El Triangle\"},\"image\":{\"@id\":\"https:\\\/\\\/www.eltriangle.eu\\\/es\\\/#\\\/schema\\\/logo\\\/image\\\/\"},\"sameAs\":[\"https:\\\/\\\/www.facebook.com\\\/El-Triangle-Diari-101787399020302\",\"https:\\\/\\\/x.com\\\/El_Triangle\",\"https:\\\/\\\/www.youtube.com\\\/channel\\\/UCTIjmYEMYSpdGonuAgNhbcg\"]},{\"@type\":\"Person\",\"@id\":\"https:\\\/\\\/www.eltriangle.eu\\\/es\\\/#\\\/schema\\\/person\\\/6e5938f06dd4dcd413779558fbf437d9\",\"name\":\"Redacci\u00f3 \\\/ ACN\",\"image\":{\"@type\":\"ImageObject\",\"inLanguage\":\"es\",\"@id\":\"\\\/\\\/www.gravatar.com\\\/avatar\\\/a5bc366245a614da74d9f8d49d1b53bf?s=96&#038;r=g&#038;d=mm\",\"url\":\"\\\/\\\/www.gravatar.com\\\/avatar\\\/a5bc366245a614da74d9f8d49d1b53bf?s=96&#038;r=g&#038;d=mm\",\"contentUrl\":\"\\\/\\\/www.gravatar.com\\\/avatar\\\/a5bc366245a614da74d9f8d49d1b53bf?s=96&#038;r=g&#038;d=mm\",\"caption\":\"Redacci\u00f3 \\\/ ACN\"},\"url\":\"https:\\\/\\\/www.eltriangle.eu\\\/es\\\/author\\\/redaccioacn\\\/\"},{\"@type\":\"SiteNavigationElement\",\"@id\":\"https:\\\/\\\/www.eltriangle.eu\\\/es\\\/#site-navigation\",\"cssSelector\":[\".cib-main-menu\"]},{\"@type\":\"WPHeader\",\"@id\":\"https:\\\/\\\/www.eltriangle.eu\\\/es\\\/#header\",\"cssSelector\":[\".cib-header\"]},{\"@type\":\"WPFooter\",\"@id\":\"https:\\\/\\\/www.eltriangle.eu\\\/es\\\/#footer\",\"cssSelector\":[\".cib-footer\"]}]}<\/script>\n<!-- \/ Yoast SEO plugin. -->","yoast_head_json":{"title":"El Supremo confirma la inhabilitaci\u00f3n de Miquel Serra, exalcalde de Alcarr\u00e0s, por el 1-O - El Triangle","description":"El Tribunal Supremo ha confirmado la condena de Miquel Serra, exalcalde de Alcarr\u00e0s (Lleida), a tres meses de inhabilitaci\u00f3n por un delito de","robots":{"index":"index","follow":"follow","max-snippet":"max-snippet:-1","max-image-preview":"max-image-preview:large","max-video-preview":"max-video-preview:-1"},"canonical":"https:\/\/www.eltriangle.eu\/es\/2024\/02\/27\/el-supremo-confirma-la-inhabilitacion-de-miquel-serra-exalcalde-de-alcarras-por-el-1-o\/","og_locale":"es_ES","og_type":"article","og_title":"El Supremo confirma la inhabilitaci\u00f3n de Miquel Serra, exalcalde de Alcarr\u00e0s, por el 1-O - El Triangle","og_description":"El Tribunal Supremo ha confirmado la condena de Miquel Serra, exalcalde de Alcarr\u00e0s (Lleida), a tres meses de inhabilitaci\u00f3n por un delito de","og_url":"https:\/\/www.eltriangle.eu\/es\/2024\/02\/27\/el-supremo-confirma-la-inhabilitacion-de-miquel-serra-exalcalde-de-alcarras-por-el-1-o\/","og_site_name":"El Triangle","article_publisher":"https:\/\/www.facebook.com\/El-Triangle-Diari-101787399020302","article_published_time":"2024-02-27T13:15:56+00:00","article_modified_time":"2024-02-27T16:14:03+00:00","og_image":[{"width":653,"height":544,"url":"https:\/\/www.eltriangle.eu\/wp-content\/uploads\/2024\/02\/miquel-serra.jpg","type":"image\/jpeg"}],"author":"Redacci\u00f3 \/ ACN","twitter_card":"summary_large_image","twitter_creator":"@El_Triangle","twitter_site":"@El_Triangle","twitter_misc":{"Escrito por":"Redacci\u00f3 \/ ACN","Tiempo de lectura":"1 minuto"},"schema":{"@context":"https:\/\/schema.org","@graph":[{"@type":"NewsArticle","@id":"https:\/\/www.eltriangle.eu\/es\/2024\/02\/27\/el-supremo-confirma-la-inhabilitacion-de-miquel-serra-exalcalde-de-alcarras-por-el-1-o\/#article","isPartOf":{"@id":"https:\/\/www.eltriangle.eu\/es\/2024\/02\/27\/el-supremo-confirma-la-inhabilitacion-de-miquel-serra-exalcalde-de-alcarras-por-el-1-o\/"},"author":{"name":"Redacci\u00f3 \/ ACN","@id":"https:\/\/www.eltriangle.eu\/es\/#\/schema\/person\/6e5938f06dd4dcd413779558fbf437d9"},"headline":"El Supremo confirma la inhabilitaci\u00f3n de Miquel Serra, exalcalde de Alcarr\u00e0s, por el 1-O","datePublished":"2024-02-27T13:15:56+00:00","dateModified":"2024-02-27T16:14:03+00:00","mainEntityOfPage":{"@id":"https:\/\/www.eltriangle.eu\/es\/2024\/02\/27\/el-supremo-confirma-la-inhabilitacion-de-miquel-serra-exalcalde-de-alcarras-por-el-1-o\/"},"wordCount":147,"commentCount":0,"publisher":{"@id":"https:\/\/www.eltriangle.eu\/es\/#organization"},"image":{"@id":"https:\/\/www.eltriangle.eu\/es\/2024\/02\/27\/el-supremo-confirma-la-inhabilitacion-de-miquel-serra-exalcalde-de-alcarras-por-el-1-o\/#primaryimage"},"thumbnailUrl":"https:\/\/www.eltriangle.eu\/wp-content\/uploads\/2024\/02\/miquel-serra.jpg","keywords":["1-O"],"articleSection":["Actualidad","Local","Tribunales"],"inLanguage":"es","potentialAction":[{"@type":"CommentAction","name":"Comment","target":["https:\/\/www.eltriangle.eu\/es\/2024\/02\/27\/el-supremo-confirma-la-inhabilitacion-de-miquel-serra-exalcalde-de-alcarras-por-el-1-o\/#respond"]}]},{"@type":"WebPage","@id":"https:\/\/www.eltriangle.eu\/es\/2024\/02\/27\/el-supremo-confirma-la-inhabilitacion-de-miquel-serra-exalcalde-de-alcarras-por-el-1-o\/","url":"https:\/\/www.eltriangle.eu\/es\/2024\/02\/27\/el-supremo-confirma-la-inhabilitacion-de-miquel-serra-exalcalde-de-alcarras-por-el-1-o\/","name":"El Supremo confirma la inhabilitaci\u00f3n de Miquel Serra, exalcalde de Alcarr\u00e0s, por el 1-O - El Triangle","isPartOf":{"@id":"https:\/\/www.eltriangle.eu\/es\/#website"},"primaryImageOfPage":{"@id":"https:\/\/www.eltriangle.eu\/es\/2024\/02\/27\/el-supremo-confirma-la-inhabilitacion-de-miquel-serra-exalcalde-de-alcarras-por-el-1-o\/#primaryimage"},"image":{"@id":"https:\/\/www.eltriangle.eu\/es\/2024\/02\/27\/el-supremo-confirma-la-inhabilitacion-de-miquel-serra-exalcalde-de-alcarras-por-el-1-o\/#primaryimage"},"thumbnailUrl":"https:\/\/www.eltriangle.eu\/wp-content\/uploads\/2024\/02\/miquel-serra.jpg","datePublished":"2024-02-27T13:15:56+00:00","dateModified":"2024-02-27T16:14:03+00:00","description":"El Tribunal Supremo ha confirmado la condena de Miquel Serra, exalcalde de Alcarr\u00e0s (Lleida), a tres meses de inhabilitaci\u00f3n por un delito de","breadcrumb":{"@id":"https:\/\/www.eltriangle.eu\/es\/2024\/02\/27\/el-supremo-confirma-la-inhabilitacion-de-miquel-serra-exalcalde-de-alcarras-por-el-1-o\/#breadcrumb"},"inLanguage":"es","potentialAction":[{"@type":"ReadAction","target":["https:\/\/www.eltriangle.eu\/es\/2024\/02\/27\/el-supremo-confirma-la-inhabilitacion-de-miquel-serra-exalcalde-de-alcarras-por-el-1-o\/"]}]},{"@type":"ImageObject","inLanguage":"es","@id":"https:\/\/www.eltriangle.eu\/es\/2024\/02\/27\/el-supremo-confirma-la-inhabilitacion-de-miquel-serra-exalcalde-de-alcarras-por-el-1-o\/#primaryimage","url":"https:\/\/www.eltriangle.eu\/wp-content\/uploads\/2024\/02\/miquel-serra.jpg","contentUrl":"https:\/\/www.eltriangle.eu\/wp-content\/uploads\/2024\/02\/miquel-serra.jpg","width":653,"height":544,"caption":"Miquel Serra"},{"@type":"BreadcrumbList","@id":"https:\/\/www.eltriangle.eu\/es\/2024\/02\/27\/el-supremo-confirma-la-inhabilitacion-de-miquel-serra-exalcalde-de-alcarras-por-el-1-o\/#breadcrumb","itemListElement":[{"@type":"ListItem","position":1,"name":"Portada","item":"https:\/\/www.eltriangle.eu\/es\/"},{"@type":"ListItem","position":2,"name":"El Supremo confirma la inhabilitaci\u00f3n de Miquel Serra, exalcalde de Alcarr\u00e0s, por el 1-O"}]},{"@type":"WebSite","@id":"https:\/\/www.eltriangle.eu\/es\/#website","url":"https:\/\/www.eltriangle.eu\/es\/","name":"El Triangle","description":"El Triangle \u00e9s un Diari d&#039;informaci\u00f3 general, editat a Catalunya i escrit en llengua catalana, especialitzat en investigaci\u00f3 period\u00edstica","publisher":{"@id":"https:\/\/www.eltriangle.eu\/es\/#organization"},"potentialAction":[{"@type":"SearchAction","target":{"@type":"EntryPoint","urlTemplate":"https:\/\/www.eltriangle.eu\/es\/?s={search_term_string}"},"query-input":{"@type":"PropertyValueSpecification","valueRequired":true,"valueName":"search_term_string"}}],"inLanguage":"es"},{"@type":["Organization","NewsMediaOrganization"],"@id":"https:\/\/www.eltriangle.eu\/es\/#organization","name":"El Triangle","url":"https:\/\/www.eltriangle.eu\/es\/","logo":{"@type":"ImageObject","inLanguage":"es","@id":"https:\/\/www.eltriangle.eu\/es\/#\/schema\/logo\/image\/","url":"https:\/\/www.eltriangle.eu\/wp-content\/uploads\/2020\/11\/triangle_logo-ajustado.jpg","contentUrl":"https:\/\/www.eltriangle.eu\/wp-content\/uploads\/2020\/11\/triangle_logo-ajustado.jpg","width":521,"height":92,"caption":"El Triangle"},"image":{"@id":"https:\/\/www.eltriangle.eu\/es\/#\/schema\/logo\/image\/"},"sameAs":["https:\/\/www.facebook.com\/El-Triangle-Diari-101787399020302","https:\/\/x.com\/El_Triangle","https:\/\/www.youtube.com\/channel\/UCTIjmYEMYSpdGonuAgNhbcg"]},{"@type":"Person","@id":"https:\/\/www.eltriangle.eu\/es\/#\/schema\/person\/6e5938f06dd4dcd413779558fbf437d9","name":"Redacci\u00f3 \/ ACN","image":{"@type":"ImageObject","inLanguage":"es","@id":"\/\/www.gravatar.com\/avatar\/a5bc366245a614da74d9f8d49d1b53bf?s=96&#038;r=g&#038;d=mm","url":"\/\/www.gravatar.com\/avatar\/a5bc366245a614da74d9f8d49d1b53bf?s=96&#038;r=g&#038;d=mm","contentUrl":"\/\/www.gravatar.com\/avatar\/a5bc366245a614da74d9f8d49d1b53bf?s=96&#038;r=g&#038;d=mm","caption":"Redacci\u00f3 \/ ACN"},"url":"https:\/\/www.eltriangle.eu\/es\/author\/redaccioacn\/"},{"@type":"SiteNavigationElement","@id":"https:\/\/www.eltriangle.eu\/es\/#site-navigation","cssSelector":[".cib-main-menu"]},{"@type":"WPHeader","@id":"https:\/\/www.eltriangle.eu\/es\/#header","cssSelector":[".cib-header"]},{"@type":"WPFooter","@id":"https:\/\/www.eltriangle.eu\/es\/#footer","cssSelector":[".cib-footer"]}]}},"amp_enabled":true,"_links":{"self":[{"href":"https:\/\/www.eltriangle.eu\/es\/wp-json\/wp\/v2\/posts\/245220","targetHints":{"allow":["GET"]}}],"collection":[{"href":"https:\/\/www.eltriangle.eu\/es\/wp-json\/wp\/v2\/posts"}],"about":[{"href":"https:\/\/www.eltriangle.eu\/es\/wp-json\/wp\/v2\/types\/post"}],"author":[{"embeddable":true,"href":"https:\/\/www.eltriangle.eu\/es\/wp-json\/wp\/v2\/users\/179"}],"replies":[{"embeddable":true,"href":"https:\/\/www.eltriangle.eu\/es\/wp-json\/wp\/v2\/comments?post=245220"}],"version-history":[{"count":0,"href":"https:\/\/www.eltriangle.eu\/es\/wp-json\/wp\/v2\/posts\/245220\/revisions"}],"wp:featuredmedia":[{"embeddable":true,"href":"https:\/\/www.eltriangle.eu\/es\/wp-json\/wp\/v2\/media\/245218"}],"wp:attachment":[{"href":"https:\/\/www.eltriangle.eu\/es\/wp-json\/wp\/v2\/media?parent=245220"}],"wp:term":[{"taxonomy":"category","embeddable":true,"href":"https:\/\/www.eltriangle.eu\/es\/wp-json\/wp\/v2\/categories?post=245220"},{"taxonomy":"post_tag","embeddable":true,"href":"https:\/\/www.eltriangle.eu\/es\/wp-json\/wp\/v2\/tags?post=245220"}],"curies":[{"name":"wp","href":"https:\/\/api.w.org\/{rel}","templated":true}]}}