{"id":241256,"date":"2024-02-05T09:00:09","date_gmt":"2024-02-05T08:00:09","guid":{"rendered":null},"modified":"2024-02-05T11:34:49","modified_gmt":"2024-02-05T10:34:49","slug":"recurso-de-jordi-pujol-jr-para-poder-acusar-a-la-policia-patriotica","status":"publish","type":"post","link":"https:\/\/www.eltriangle.eu\/es\/2024\/02\/05\/recurso-de-jordi-pujol-jr-para-poder-acusar-a-la-policia-patriotica\/","title":{"rendered":"Recurso de Jordi Pujol jr. para poder acusar a la &#8216;polic\u00eda patri\u00f3tica&#8217;"},"content":{"rendered":"<p><strong>Jordi Pujol Ferrusola<\/strong> ha presentado un recurso en la Audiencia Nacional para tratar de conseguir que le permita personarse como perjudicado en la<strong> causa T\u00e1ndem<\/strong>, obligando al juez instructor <strong>Manuel Garc\u00eda Castell\u00f3n<\/strong> a cambiar su negativa sobre esta solicitud.<\/p>\n<p>Seg\u00fan difunde <em>eldiario.es<\/em>, el hijo primog\u00e9nito del expresidente de la Generalitat Jordi Pujol, mediante los abogados Albert Carrillo y Crist\u00f3bal Martell, han presentado un escrito en el que acusa al excomisario <strong>Jos\u00e9 Manuel Villarejo<\/strong> de haber actuado fuera de la ley en las sus investigaciones sobre los Pujol Ferrusola, en el marco de la trama parapolicial conocida como operaci\u00f3n Catalu\u00f1a, durante la etapa de Jorge Fern\u00e1ndez D\u00edaz como ministro del Interior del gobierno de Mariano Rajoy.<\/p>\n<p>Los abogados de Jordi Pujol Ferrusola, en concreto, han aportado notas informativas de la unidad de Asuntos Internos de la Polic\u00eda Nacional que reflejan la admisi\u00f3n por parte de Villarejo de que esa investigaci\u00f3n se llev\u00f3 a cabo \u00absin marco ni mandato judicial\u00bb, a\u00f1ade la misma informaci\u00f3n.<\/p>\n<p>El escrito tambi\u00e9n esgrime la existencia de \u00abintrusiones en el domicilio, captaci\u00f3n bajo precio de testigos pretendidamente de cargo y elaboraci\u00f3n de documentaci\u00f3n falsa\u00bb para argumentar que Jordi Pujol Ferrusola debe poder acusar a Villarejo como perjudicado en la causa T\u00e1ndem.<\/p>\n","protected":false},"excerpt":{"rendered":"<p>Jordi Pujol Ferrusola ha presentado un recurso en la Audiencia Nacional para tratar de conseguir que le permita personarse como perjudicado en la causa T\u00e1ndem, obligando al juez instructor Manuel Garc\u00eda Castell\u00f3n a cambiar su negativa sobre esta solicitud. Seg\u00fan difunde eldiario.es, el hijo primog\u00e9nito del expresidente de la Generalitat Jordi Pujol, mediante los abogados &#8230; <a title=\"Recurso de Jordi Pujol jr. para poder acusar a la &#8216;polic\u00eda patri\u00f3tica&#8217;\" class=\"read-more\" href=\"https:\/\/www.eltriangle.eu\/es\/2024\/02\/05\/recurso-de-jordi-pujol-jr-para-poder-acusar-a-la-policia-patriotica\/\" aria-label=\"Leer m\u00e1s sobre Recurso de Jordi Pujol jr. para poder acusar a la &#8216;polic\u00eda patri\u00f3tica&#8217;\">Leer m\u00e1s<\/a><\/p>\n","protected":false},"author":2,"featured_media":25174,"comment_status":"open","ping_status":"closed","sticky":false,"template":"","format":"standard","meta":{"_acf_changed":false,"pmpro_default_level":"","footnotes":""},"categories":[24,74,96],"tags":[227,228],"class_list":["post-241256","post","type-post","status-publish","format-standard","has-post-thumbnail","hentry","category-actualidad","category-poderes","category-tribunales","tag-jordi-pujol-ferrusola-es","tag-jose-manuel-villarejo-es","lh_instant_articles-syndicate-yes","pmpro-has-access"],"acf":[],"yoast_head":"<!-- This site is optimized with the Yoast SEO plugin v27.4 - https:\/\/yoast.com\/product\/yoast-seo-wordpress\/ -->\n<title>Recurso de Jordi Pujol jr. para poder acusar a la &#039;polic\u00eda patri\u00f3tica&#039; - El Triangle<\/title>\n<meta name=\"description\" content=\"Jordi Pujol Ferrusola ha presentado un recurso en la Audiencia Nacional para tratar de conseguir que le permita personarse como perjudicado en la causa\" class=\"yoast-seo-meta-tag\" \/>\n<meta name=\"robots\" content=\"index, follow, max-snippet:-1, max-image-preview:large, max-video-preview:-1\" \/>\n<link rel=\"canonical\" href=\"https:\/\/www.eltriangle.eu\/es\/2024\/02\/05\/recurso-de-jordi-pujol-jr-para-poder-acusar-a-la-policia-patriotica\/\" class=\"yoast-seo-meta-tag\" \/>\n<meta property=\"og:locale\" content=\"es_ES\" class=\"yoast-seo-meta-tag\" \/>\n<meta property=\"og:type\" content=\"article\" class=\"yoast-seo-meta-tag\" \/>\n<meta property=\"og:title\" content=\"Recurso de Jordi Pujol jr. para poder acusar a la &#039;polic\u00eda patri\u00f3tica&#039; - El Triangle\" class=\"yoast-seo-meta-tag\" \/>\n<meta property=\"og:description\" content=\"Jordi Pujol Ferrusola ha presentado un recurso en la Audiencia Nacional para tratar de conseguir que le permita personarse como perjudicado en la causa\" class=\"yoast-seo-meta-tag\" \/>\n<meta property=\"og:url\" content=\"https:\/\/www.eltriangle.eu\/es\/2024\/02\/05\/recurso-de-jordi-pujol-jr-para-poder-acusar-a-la-policia-patriotica\/\" class=\"yoast-seo-meta-tag\" \/>\n<meta property=\"og:site_name\" content=\"El Triangle\" class=\"yoast-seo-meta-tag\" \/>\n<meta property=\"article:publisher\" content=\"https:\/\/www.facebook.com\/El-Triangle-Diari-101787399020302\" class=\"yoast-seo-meta-tag\" \/>\n<meta property=\"article:published_time\" content=\"2024-02-05T08:00:09+00:00\" class=\"yoast-seo-meta-tag\" \/>\n<meta property=\"article:modified_time\" content=\"2024-02-05T10:34:49+00:00\" class=\"yoast-seo-meta-tag\" \/>\n<meta property=\"og:image\" content=\"https:\/\/www.eltriangle.eu\/wp-content\/uploads\/2020\/11\/captura-de-pantalla-2018-02-19-a-la-s-10-02-33-53628.png\" class=\"yoast-seo-meta-tag\" \/>\n\t<meta property=\"og:image:width\" content=\"563\" class=\"yoast-seo-meta-tag\" \/>\n\t<meta property=\"og:image:height\" content=\"440\" class=\"yoast-seo-meta-tag\" \/>\n\t<meta property=\"og:image:type\" content=\"image\/png\" class=\"yoast-seo-meta-tag\" \/>\n<meta name=\"author\" content=\"Redacci\u00f3n\" class=\"yoast-seo-meta-tag\" \/>\n<meta name=\"twitter:card\" content=\"summary_large_image\" class=\"yoast-seo-meta-tag\" \/>\n<meta name=\"twitter:creator\" content=\"@El_Triangle\" class=\"yoast-seo-meta-tag\" \/>\n<meta name=\"twitter:site\" content=\"@El_Triangle\" class=\"yoast-seo-meta-tag\" \/>\n<meta name=\"twitter:label1\" content=\"Escrito por\" class=\"yoast-seo-meta-tag\" \/>\n\t<meta name=\"twitter:data1\" content=\"Redacci\u00f3n\" class=\"yoast-seo-meta-tag\" \/>\n\t<meta name=\"twitter:label2\" content=\"Tiempo de lectura\" class=\"yoast-seo-meta-tag\" \/>\n\t<meta name=\"twitter:data2\" content=\"1 minuto\" class=\"yoast-seo-meta-tag\" \/>\n<script type=\"application\/ld+json\" class=\"yoast-schema-graph\">{\"@context\":\"https:\\\/\\\/schema.org\",\"@graph\":[{\"@type\":\"NewsArticle\",\"@id\":\"https:\\\/\\\/www.eltriangle.eu\\\/es\\\/2024\\\/02\\\/05\\\/recurso-de-jordi-pujol-jr-para-poder-acusar-a-la-policia-patriotica\\\/#article\",\"isPartOf\":{\"@id\":\"https:\\\/\\\/www.eltriangle.eu\\\/es\\\/2024\\\/02\\\/05\\\/recurso-de-jordi-pujol-jr-para-poder-acusar-a-la-policia-patriotica\\\/\"},\"author\":{\"name\":\"Redacci\u00f3n\",\"@id\":\"https:\\\/\\\/www.eltriangle.eu\\\/es\\\/#\\\/schema\\\/person\\\/164a138451b4f28d35c3f5984dac8e18\"},\"headline\":\"Recurso de Jordi Pujol jr. para poder acusar a la &#8216;polic\u00eda patri\u00f3tica&#8217;\",\"datePublished\":\"2024-02-05T08:00:09+00:00\",\"dateModified\":\"2024-02-05T10:34:49+00:00\",\"mainEntityOfPage\":{\"@id\":\"https:\\\/\\\/www.eltriangle.eu\\\/es\\\/2024\\\/02\\\/05\\\/recurso-de-jordi-pujol-jr-para-poder-acusar-a-la-policia-patriotica\\\/\"},\"wordCount\":238,\"commentCount\":0,\"publisher\":{\"@id\":\"https:\\\/\\\/www.eltriangle.eu\\\/es\\\/#organization\"},\"image\":{\"@id\":\"https:\\\/\\\/www.eltriangle.eu\\\/es\\\/2024\\\/02\\\/05\\\/recurso-de-jordi-pujol-jr-para-poder-acusar-a-la-policia-patriotica\\\/#primaryimage\"},\"thumbnailUrl\":\"https:\\\/\\\/www.eltriangle.eu\\\/wp-content\\\/uploads\\\/2020\\\/11\\\/captura-de-pantalla-2018-02-19-a-la-s-10-02-33-53628.png\",\"keywords\":[\"Jordi Pujol Ferrusola\",\"Jos\u00e9 Manuel Villarejo\"],\"articleSection\":[\"Actualidad\",\"Poderes\",\"Tribunales\"],\"inLanguage\":\"es\",\"potentialAction\":[{\"@type\":\"CommentAction\",\"name\":\"Comment\",\"target\":[\"https:\\\/\\\/www.eltriangle.eu\\\/es\\\/2024\\\/02\\\/05\\\/recurso-de-jordi-pujol-jr-para-poder-acusar-a-la-policia-patriotica\\\/#respond\"]}]},{\"@type\":\"WebPage\",\"@id\":\"https:\\\/\\\/www.eltriangle.eu\\\/es\\\/2024\\\/02\\\/05\\\/recurso-de-jordi-pujol-jr-para-poder-acusar-a-la-policia-patriotica\\\/\",\"url\":\"https:\\\/\\\/www.eltriangle.eu\\\/es\\\/2024\\\/02\\\/05\\\/recurso-de-jordi-pujol-jr-para-poder-acusar-a-la-policia-patriotica\\\/\",\"name\":\"Recurso de Jordi Pujol jr. para poder acusar a la 'polic\u00eda patri\u00f3tica' - El Triangle\",\"isPartOf\":{\"@id\":\"https:\\\/\\\/www.eltriangle.eu\\\/es\\\/#website\"},\"primaryImageOfPage\":{\"@id\":\"https:\\\/\\\/www.eltriangle.eu\\\/es\\\/2024\\\/02\\\/05\\\/recurso-de-jordi-pujol-jr-para-poder-acusar-a-la-policia-patriotica\\\/#primaryimage\"},\"image\":{\"@id\":\"https:\\\/\\\/www.eltriangle.eu\\\/es\\\/2024\\\/02\\\/05\\\/recurso-de-jordi-pujol-jr-para-poder-acusar-a-la-policia-patriotica\\\/#primaryimage\"},\"thumbnailUrl\":\"https:\\\/\\\/www.eltriangle.eu\\\/wp-content\\\/uploads\\\/2020\\\/11\\\/captura-de-pantalla-2018-02-19-a-la-s-10-02-33-53628.png\",\"datePublished\":\"2024-02-05T08:00:09+00:00\",\"dateModified\":\"2024-02-05T10:34:49+00:00\",\"description\":\"Jordi Pujol Ferrusola ha presentado un recurso en la Audiencia Nacional para tratar de conseguir que le permita personarse como perjudicado en la causa\",\"breadcrumb\":{\"@id\":\"https:\\\/\\\/www.eltriangle.eu\\\/es\\\/2024\\\/02\\\/05\\\/recurso-de-jordi-pujol-jr-para-poder-acusar-a-la-policia-patriotica\\\/#breadcrumb\"},\"inLanguage\":\"es\",\"potentialAction\":[{\"@type\":\"ReadAction\",\"target\":[\"https:\\\/\\\/www.eltriangle.eu\\\/es\\\/2024\\\/02\\\/05\\\/recurso-de-jordi-pujol-jr-para-poder-acusar-a-la-policia-patriotica\\\/\"]}]},{\"@type\":\"ImageObject\",\"inLanguage\":\"es\",\"@id\":\"https:\\\/\\\/www.eltriangle.eu\\\/es\\\/2024\\\/02\\\/05\\\/recurso-de-jordi-pujol-jr-para-poder-acusar-a-la-policia-patriotica\\\/#primaryimage\",\"url\":\"https:\\\/\\\/www.eltriangle.eu\\\/wp-content\\\/uploads\\\/2020\\\/11\\\/captura-de-pantalla-2018-02-19-a-la-s-10-02-33-53628.png\",\"contentUrl\":\"https:\\\/\\\/www.eltriangle.eu\\\/wp-content\\\/uploads\\\/2020\\\/11\\\/captura-de-pantalla-2018-02-19-a-la-s-10-02-33-53628.png\",\"width\":563,\"height\":440,\"caption\":\"jordi pujol ferrusola parlament\"},{\"@type\":\"BreadcrumbList\",\"@id\":\"https:\\\/\\\/www.eltriangle.eu\\\/es\\\/2024\\\/02\\\/05\\\/recurso-de-jordi-pujol-jr-para-poder-acusar-a-la-policia-patriotica\\\/#breadcrumb\",\"itemListElement\":[{\"@type\":\"ListItem\",\"position\":1,\"name\":\"Portada\",\"item\":\"https:\\\/\\\/www.eltriangle.eu\\\/es\\\/\"},{\"@type\":\"ListItem\",\"position\":2,\"name\":\"Recurso de Jordi Pujol jr. para poder acusar a la &#8216;polic\u00eda patri\u00f3tica&#8217;\"}]},{\"@type\":\"WebSite\",\"@id\":\"https:\\\/\\\/www.eltriangle.eu\\\/es\\\/#website\",\"url\":\"https:\\\/\\\/www.eltriangle.eu\\\/es\\\/\",\"name\":\"El Triangle\",\"description\":\"El Triangle \u00e9s un Diari d&#039;informaci\u00f3 general, editat a Catalunya i escrit en llengua catalana, especialitzat en investigaci\u00f3 period\u00edstica\",\"publisher\":{\"@id\":\"https:\\\/\\\/www.eltriangle.eu\\\/es\\\/#organization\"},\"potentialAction\":[{\"@type\":\"SearchAction\",\"target\":{\"@type\":\"EntryPoint\",\"urlTemplate\":\"https:\\\/\\\/www.eltriangle.eu\\\/es\\\/?s={search_term_string}\"},\"query-input\":{\"@type\":\"PropertyValueSpecification\",\"valueRequired\":true,\"valueName\":\"search_term_string\"}}],\"inLanguage\":\"es\"},{\"@type\":[\"Organization\",\"NewsMediaOrganization\"],\"@id\":\"https:\\\/\\\/www.eltriangle.eu\\\/es\\\/#organization\",\"name\":\"El Triangle\",\"url\":\"https:\\\/\\\/www.eltriangle.eu\\\/es\\\/\",\"logo\":{\"@type\":\"ImageObject\",\"inLanguage\":\"es\",\"@id\":\"https:\\\/\\\/www.eltriangle.eu\\\/es\\\/#\\\/schema\\\/logo\\\/image\\\/\",\"url\":\"https:\\\/\\\/www.eltriangle.eu\\\/wp-content\\\/uploads\\\/2020\\\/11\\\/triangle_logo-ajustado.jpg\",\"contentUrl\":\"https:\\\/\\\/www.eltriangle.eu\\\/wp-content\\\/uploads\\\/2020\\\/11\\\/triangle_logo-ajustado.jpg\",\"width\":521,\"height\":92,\"caption\":\"El Triangle\"},\"image\":{\"@id\":\"https:\\\/\\\/www.eltriangle.eu\\\/es\\\/#\\\/schema\\\/logo\\\/image\\\/\"},\"sameAs\":[\"https:\\\/\\\/www.facebook.com\\\/El-Triangle-Diari-101787399020302\",\"https:\\\/\\\/x.com\\\/El_Triangle\",\"https:\\\/\\\/www.youtube.com\\\/channel\\\/UCTIjmYEMYSpdGonuAgNhbcg\"]},{\"@type\":\"Person\",\"@id\":\"https:\\\/\\\/www.eltriangle.eu\\\/es\\\/#\\\/schema\\\/person\\\/164a138451b4f28d35c3f5984dac8e18\",\"name\":\"Redacci\u00f3n\",\"image\":{\"@type\":\"ImageObject\",\"inLanguage\":\"es\",\"@id\":\"\\\/\\\/www.gravatar.com\\\/avatar\\\/147263d1a435839b8405c79279bb6558?s=96&#038;r=g&#038;d=mm\",\"url\":\"\\\/\\\/www.gravatar.com\\\/avatar\\\/147263d1a435839b8405c79279bb6558?s=96&#038;r=g&#038;d=mm\",\"contentUrl\":\"\\\/\\\/www.gravatar.com\\\/avatar\\\/147263d1a435839b8405c79279bb6558?s=96&#038;r=g&#038;d=mm\",\"caption\":\"Redacci\u00f3n\"},\"url\":\"https:\\\/\\\/www.eltriangle.eu\\\/es\\\/author\\\/autor-1\\\/\"},{\"@type\":\"SiteNavigationElement\",\"@id\":\"https:\\\/\\\/www.eltriangle.eu\\\/es\\\/#site-navigation\",\"cssSelector\":[\".cib-main-menu\"]},{\"@type\":\"WPHeader\",\"@id\":\"https:\\\/\\\/www.eltriangle.eu\\\/es\\\/#header\",\"cssSelector\":[\".cib-header\"]},{\"@type\":\"WPFooter\",\"@id\":\"https:\\\/\\\/www.eltriangle.eu\\\/es\\\/#footer\",\"cssSelector\":[\".cib-footer\"]}]}<\/script>\n<!-- \/ Yoast SEO plugin. -->","yoast_head_json":{"title":"Recurso de Jordi Pujol jr. para poder acusar a la 'polic\u00eda patri\u00f3tica' - El Triangle","description":"Jordi Pujol Ferrusola ha presentado un recurso en la Audiencia Nacional para tratar de conseguir que le permita personarse como perjudicado en la causa","robots":{"index":"index","follow":"follow","max-snippet":"max-snippet:-1","max-image-preview":"max-image-preview:large","max-video-preview":"max-video-preview:-1"},"canonical":"https:\/\/www.eltriangle.eu\/es\/2024\/02\/05\/recurso-de-jordi-pujol-jr-para-poder-acusar-a-la-policia-patriotica\/","og_locale":"es_ES","og_type":"article","og_title":"Recurso de Jordi Pujol jr. para poder acusar a la 'polic\u00eda patri\u00f3tica' - El Triangle","og_description":"Jordi Pujol Ferrusola ha presentado un recurso en la Audiencia Nacional para tratar de conseguir que le permita personarse como perjudicado en la causa","og_url":"https:\/\/www.eltriangle.eu\/es\/2024\/02\/05\/recurso-de-jordi-pujol-jr-para-poder-acusar-a-la-policia-patriotica\/","og_site_name":"El Triangle","article_publisher":"https:\/\/www.facebook.com\/El-Triangle-Diari-101787399020302","article_published_time":"2024-02-05T08:00:09+00:00","article_modified_time":"2024-02-05T10:34:49+00:00","og_image":[{"width":563,"height":440,"url":"https:\/\/www.eltriangle.eu\/wp-content\/uploads\/2020\/11\/captura-de-pantalla-2018-02-19-a-la-s-10-02-33-53628.png","type":"image\/png"}],"author":"Redacci\u00f3n","twitter_card":"summary_large_image","twitter_creator":"@El_Triangle","twitter_site":"@El_Triangle","twitter_misc":{"Escrito por":"Redacci\u00f3n","Tiempo de lectura":"1 minuto"},"schema":{"@context":"https:\/\/schema.org","@graph":[{"@type":"NewsArticle","@id":"https:\/\/www.eltriangle.eu\/es\/2024\/02\/05\/recurso-de-jordi-pujol-jr-para-poder-acusar-a-la-policia-patriotica\/#article","isPartOf":{"@id":"https:\/\/www.eltriangle.eu\/es\/2024\/02\/05\/recurso-de-jordi-pujol-jr-para-poder-acusar-a-la-policia-patriotica\/"},"author":{"name":"Redacci\u00f3n","@id":"https:\/\/www.eltriangle.eu\/es\/#\/schema\/person\/164a138451b4f28d35c3f5984dac8e18"},"headline":"Recurso de Jordi Pujol jr. para poder acusar a la &#8216;polic\u00eda patri\u00f3tica&#8217;","datePublished":"2024-02-05T08:00:09+00:00","dateModified":"2024-02-05T10:34:49+00:00","mainEntityOfPage":{"@id":"https:\/\/www.eltriangle.eu\/es\/2024\/02\/05\/recurso-de-jordi-pujol-jr-para-poder-acusar-a-la-policia-patriotica\/"},"wordCount":238,"commentCount":0,"publisher":{"@id":"https:\/\/www.eltriangle.eu\/es\/#organization"},"image":{"@id":"https:\/\/www.eltriangle.eu\/es\/2024\/02\/05\/recurso-de-jordi-pujol-jr-para-poder-acusar-a-la-policia-patriotica\/#primaryimage"},"thumbnailUrl":"https:\/\/www.eltriangle.eu\/wp-content\/uploads\/2020\/11\/captura-de-pantalla-2018-02-19-a-la-s-10-02-33-53628.png","keywords":["Jordi Pujol Ferrusola","Jos\u00e9 Manuel Villarejo"],"articleSection":["Actualidad","Poderes","Tribunales"],"inLanguage":"es","potentialAction":[{"@type":"CommentAction","name":"Comment","target":["https:\/\/www.eltriangle.eu\/es\/2024\/02\/05\/recurso-de-jordi-pujol-jr-para-poder-acusar-a-la-policia-patriotica\/#respond"]}]},{"@type":"WebPage","@id":"https:\/\/www.eltriangle.eu\/es\/2024\/02\/05\/recurso-de-jordi-pujol-jr-para-poder-acusar-a-la-policia-patriotica\/","url":"https:\/\/www.eltriangle.eu\/es\/2024\/02\/05\/recurso-de-jordi-pujol-jr-para-poder-acusar-a-la-policia-patriotica\/","name":"Recurso de Jordi Pujol jr. para poder acusar a la 'polic\u00eda patri\u00f3tica' - El Triangle","isPartOf":{"@id":"https:\/\/www.eltriangle.eu\/es\/#website"},"primaryImageOfPage":{"@id":"https:\/\/www.eltriangle.eu\/es\/2024\/02\/05\/recurso-de-jordi-pujol-jr-para-poder-acusar-a-la-policia-patriotica\/#primaryimage"},"image":{"@id":"https:\/\/www.eltriangle.eu\/es\/2024\/02\/05\/recurso-de-jordi-pujol-jr-para-poder-acusar-a-la-policia-patriotica\/#primaryimage"},"thumbnailUrl":"https:\/\/www.eltriangle.eu\/wp-content\/uploads\/2020\/11\/captura-de-pantalla-2018-02-19-a-la-s-10-02-33-53628.png","datePublished":"2024-02-05T08:00:09+00:00","dateModified":"2024-02-05T10:34:49+00:00","description":"Jordi Pujol Ferrusola ha presentado un recurso en la Audiencia Nacional para tratar de conseguir que le permita personarse como perjudicado en la causa","breadcrumb":{"@id":"https:\/\/www.eltriangle.eu\/es\/2024\/02\/05\/recurso-de-jordi-pujol-jr-para-poder-acusar-a-la-policia-patriotica\/#breadcrumb"},"inLanguage":"es","potentialAction":[{"@type":"ReadAction","target":["https:\/\/www.eltriangle.eu\/es\/2024\/02\/05\/recurso-de-jordi-pujol-jr-para-poder-acusar-a-la-policia-patriotica\/"]}]},{"@type":"ImageObject","inLanguage":"es","@id":"https:\/\/www.eltriangle.eu\/es\/2024\/02\/05\/recurso-de-jordi-pujol-jr-para-poder-acusar-a-la-policia-patriotica\/#primaryimage","url":"https:\/\/www.eltriangle.eu\/wp-content\/uploads\/2020\/11\/captura-de-pantalla-2018-02-19-a-la-s-10-02-33-53628.png","contentUrl":"https:\/\/www.eltriangle.eu\/wp-content\/uploads\/2020\/11\/captura-de-pantalla-2018-02-19-a-la-s-10-02-33-53628.png","width":563,"height":440,"caption":"jordi pujol ferrusola parlament"},{"@type":"BreadcrumbList","@id":"https:\/\/www.eltriangle.eu\/es\/2024\/02\/05\/recurso-de-jordi-pujol-jr-para-poder-acusar-a-la-policia-patriotica\/#breadcrumb","itemListElement":[{"@type":"ListItem","position":1,"name":"Portada","item":"https:\/\/www.eltriangle.eu\/es\/"},{"@type":"ListItem","position":2,"name":"Recurso de Jordi Pujol jr. para poder acusar a la &#8216;polic\u00eda patri\u00f3tica&#8217;"}]},{"@type":"WebSite","@id":"https:\/\/www.eltriangle.eu\/es\/#website","url":"https:\/\/www.eltriangle.eu\/es\/","name":"El Triangle","description":"El Triangle \u00e9s un Diari d&#039;informaci\u00f3 general, editat a Catalunya i escrit en llengua catalana, especialitzat en investigaci\u00f3 period\u00edstica","publisher":{"@id":"https:\/\/www.eltriangle.eu\/es\/#organization"},"potentialAction":[{"@type":"SearchAction","target":{"@type":"EntryPoint","urlTemplate":"https:\/\/www.eltriangle.eu\/es\/?s={search_term_string}"},"query-input":{"@type":"PropertyValueSpecification","valueRequired":true,"valueName":"search_term_string"}}],"inLanguage":"es"},{"@type":["Organization","NewsMediaOrganization"],"@id":"https:\/\/www.eltriangle.eu\/es\/#organization","name":"El Triangle","url":"https:\/\/www.eltriangle.eu\/es\/","logo":{"@type":"ImageObject","inLanguage":"es","@id":"https:\/\/www.eltriangle.eu\/es\/#\/schema\/logo\/image\/","url":"https:\/\/www.eltriangle.eu\/wp-content\/uploads\/2020\/11\/triangle_logo-ajustado.jpg","contentUrl":"https:\/\/www.eltriangle.eu\/wp-content\/uploads\/2020\/11\/triangle_logo-ajustado.jpg","width":521,"height":92,"caption":"El Triangle"},"image":{"@id":"https:\/\/www.eltriangle.eu\/es\/#\/schema\/logo\/image\/"},"sameAs":["https:\/\/www.facebook.com\/El-Triangle-Diari-101787399020302","https:\/\/x.com\/El_Triangle","https:\/\/www.youtube.com\/channel\/UCTIjmYEMYSpdGonuAgNhbcg"]},{"@type":"Person","@id":"https:\/\/www.eltriangle.eu\/es\/#\/schema\/person\/164a138451b4f28d35c3f5984dac8e18","name":"Redacci\u00f3n","image":{"@type":"ImageObject","inLanguage":"es","@id":"\/\/www.gravatar.com\/avatar\/147263d1a435839b8405c79279bb6558?s=96&#038;r=g&#038;d=mm","url":"\/\/www.gravatar.com\/avatar\/147263d1a435839b8405c79279bb6558?s=96&#038;r=g&#038;d=mm","contentUrl":"\/\/www.gravatar.com\/avatar\/147263d1a435839b8405c79279bb6558?s=96&#038;r=g&#038;d=mm","caption":"Redacci\u00f3n"},"url":"https:\/\/www.eltriangle.eu\/es\/author\/autor-1\/"},{"@type":"SiteNavigationElement","@id":"https:\/\/www.eltriangle.eu\/es\/#site-navigation","cssSelector":[".cib-main-menu"]},{"@type":"WPHeader","@id":"https:\/\/www.eltriangle.eu\/es\/#header","cssSelector":[".cib-header"]},{"@type":"WPFooter","@id":"https:\/\/www.eltriangle.eu\/es\/#footer","cssSelector":[".cib-footer"]}]}},"amp_enabled":true,"_links":{"self":[{"href":"https:\/\/www.eltriangle.eu\/es\/wp-json\/wp\/v2\/posts\/241256","targetHints":{"allow":["GET"]}}],"collection":[{"href":"https:\/\/www.eltriangle.eu\/es\/wp-json\/wp\/v2\/posts"}],"about":[{"href":"https:\/\/www.eltriangle.eu\/es\/wp-json\/wp\/v2\/types\/post"}],"author":[{"embeddable":true,"href":"https:\/\/www.eltriangle.eu\/es\/wp-json\/wp\/v2\/users\/2"}],"replies":[{"embeddable":true,"href":"https:\/\/www.eltriangle.eu\/es\/wp-json\/wp\/v2\/comments?post=241256"}],"version-history":[{"count":0,"href":"https:\/\/www.eltriangle.eu\/es\/wp-json\/wp\/v2\/posts\/241256\/revisions"}],"wp:featuredmedia":[{"embeddable":true,"href":"https:\/\/www.eltriangle.eu\/es\/wp-json\/wp\/v2\/media\/25174"}],"wp:attachment":[{"href":"https:\/\/www.eltriangle.eu\/es\/wp-json\/wp\/v2\/media?parent=241256"}],"wp:term":[{"taxonomy":"category","embeddable":true,"href":"https:\/\/www.eltriangle.eu\/es\/wp-json\/wp\/v2\/categories?post=241256"},{"taxonomy":"post_tag","embeddable":true,"href":"https:\/\/www.eltriangle.eu\/es\/wp-json\/wp\/v2\/tags?post=241256"}],"curies":[{"name":"wp","href":"https:\/\/api.w.org\/{rel}","templated":true}]}}