{"id":237796,"date":"2024-01-16T08:00:58","date_gmt":"2024-01-16T07:00:58","guid":{"rendered":null},"modified":"2024-01-16T10:24:10","modified_gmt":"2024-01-16T09:24:10","slug":"dispositivo-policial-contra-el-terrorismo-yihadista-en-sant-pere-de-ribes-martorell-rubi-y-merida","status":"publish","type":"post","link":"https:\/\/www.eltriangle.eu\/es\/2024\/01\/16\/dispositivo-policial-contra-el-terrorismo-yihadista-en-sant-pere-de-ribes-martorell-rubi-y-merida\/","title":{"rendered":"Dispositivo policial contra el terrorismo yihadista en Sant Pere de Ribes, Martorell, Rub\u00ed y M\u00e9rida"},"content":{"rendered":"<p>Los <strong>Mossos d&#8217;Esquadra<\/strong> y la <strong>Guardia Civil<\/strong> han desplegado este martes a primera hora de la ma\u00f1ana un dispositivo policial conjunto contra el terrorismo yihadista, que incluye entradas y registros desde las seis y media de la ma\u00f1ana en Rub\u00ed, Martorell, Sant Pere de Ribes (Barcelona) y M\u00e9rida (Extremadura). Fuentes policiales han previsto al menos dos detenciones y la investigaci\u00f3n, que conduce el Juzgado Central de Instrucci\u00f3n n\u00famero 6 de la Audiencia Nacional, est\u00e1 bajo secreto de sumario, difunde la ACN.<\/p>\n<p>Los Mossos han desplegado agentes de la Comisar\u00eda General de Informaci\u00f3n, de los TEDAX, los GEI, el \u00c1rea Regional de Recursos Operativos, la unidad canina y la cient\u00edfica. En la entrada que se ha efectuado en la calle M\u00f3naco de San Pere de Ribes los agentes han accedido al interior del inmueble forzando la puerta de entrada y sin hacer uso de ning\u00fan arma de fuego.<\/p>\n<p>El Grupo Especial de Intervenci\u00f3n se ha desplazado para apoyarlos y se ha iniciado la recogida de indicios. Fuentes policiales citadas por la ACN indican que se prev\u00e9 al menos una detenci\u00f3n en ah\u00ed. Adem\u00e1s, seg\u00fan la Guardia Civil, tambi\u00e9n habr\u00eda otro detenido en la entrada que se est\u00e1 llevando a cabo en Martorell.<\/p>\n<p>Paralelamente, un equipo de los Mossos ha viajado hasta la ciudad de M\u00e9rida para participar en la actuaci\u00f3n que se est\u00e1 realizando en coordinaci\u00f3n con agentes de la Guardia Civil.<\/p>\n","protected":false},"excerpt":{"rendered":"<p>Los Mossos d&#8217;Esquadra y la Guardia Civil han desplegado este martes a primera hora de la ma\u00f1ana un dispositivo policial conjunto contra el terrorismo yihadista, que incluye entradas y registros desde las seis y media de la ma\u00f1ana en Rub\u00ed, Martorell, Sant Pere de Ribes (Barcelona) y M\u00e9rida (Extremadura). Fuentes policiales han previsto al menos &#8230; <a title=\"Dispositivo policial contra el terrorismo yihadista en Sant Pere de Ribes, Martorell, Rub\u00ed y M\u00e9rida\" class=\"read-more\" href=\"https:\/\/www.eltriangle.eu\/es\/2024\/01\/16\/dispositivo-policial-contra-el-terrorismo-yihadista-en-sant-pere-de-ribes-martorell-rubi-y-merida\/\" aria-label=\"Leer m\u00e1s sobre Dispositivo policial contra el terrorismo yihadista en Sant Pere de Ribes, Martorell, Rub\u00ed y M\u00e9rida\">Leer m\u00e1s<\/a><\/p>\n","protected":false},"author":179,"featured_media":237804,"comment_status":"open","ping_status":"closed","sticky":false,"template":"","format":"standard","meta":{"_acf_changed":false,"pmpro_default_level":"","footnotes":""},"categories":[24],"tags":[282,480],"class_list":["post-237796","post","type-post","status-publish","format-standard","has-post-thumbnail","hentry","category-actualidad","tag-guardia-civil-es","tag-mossos-desquadra-es","lh_instant_articles-syndicate-yes","pmpro-has-access"],"acf":[],"yoast_head":"<!-- This site is optimized with the Yoast SEO plugin v27.4 - https:\/\/yoast.com\/product\/yoast-seo-wordpress\/ -->\n<title>Dispositivo policial contra el terrorismo yihadista en Sant Pere de Ribes, Martorell, Rub\u00ed y M\u00e9rida - El Triangle<\/title>\n<meta name=\"description\" content=\"Los Mossos d&#039;Esquadra y la Guardia Civil han desplegado este martes a primera hora de la ma\u00f1ana un dispositivo policial conjunto contra el terrorismo\" class=\"yoast-seo-meta-tag\" \/>\n<meta name=\"robots\" content=\"index, follow, max-snippet:-1, max-image-preview:large, max-video-preview:-1\" \/>\n<link rel=\"canonical\" href=\"https:\/\/www.eltriangle.eu\/es\/2024\/01\/16\/dispositivo-policial-contra-el-terrorismo-yihadista-en-sant-pere-de-ribes-martorell-rubi-y-merida\/\" class=\"yoast-seo-meta-tag\" \/>\n<meta property=\"og:locale\" content=\"es_ES\" class=\"yoast-seo-meta-tag\" \/>\n<meta property=\"og:type\" content=\"article\" class=\"yoast-seo-meta-tag\" \/>\n<meta property=\"og:title\" content=\"Dispositivo policial contra el terrorismo yihadista en Sant Pere de Ribes, Martorell, Rub\u00ed y M\u00e9rida - El Triangle\" class=\"yoast-seo-meta-tag\" \/>\n<meta property=\"og:description\" content=\"Los Mossos d&#039;Esquadra y la Guardia Civil han desplegado este martes a primera hora de la ma\u00f1ana un dispositivo policial conjunto contra el terrorismo\" class=\"yoast-seo-meta-tag\" \/>\n<meta property=\"og:url\" content=\"https:\/\/www.eltriangle.eu\/es\/2024\/01\/16\/dispositivo-policial-contra-el-terrorismo-yihadista-en-sant-pere-de-ribes-martorell-rubi-y-merida\/\" class=\"yoast-seo-meta-tag\" \/>\n<meta property=\"og:site_name\" content=\"El Triangle\" class=\"yoast-seo-meta-tag\" \/>\n<meta property=\"article:publisher\" content=\"https:\/\/www.facebook.com\/El-Triangle-Diari-101787399020302\" class=\"yoast-seo-meta-tag\" \/>\n<meta property=\"article:published_time\" content=\"2024-01-16T07:00:58+00:00\" class=\"yoast-seo-meta-tag\" \/>\n<meta property=\"article:modified_time\" content=\"2024-01-16T09:24:10+00:00\" class=\"yoast-seo-meta-tag\" \/>\n<meta property=\"og:image\" content=\"https:\/\/www.eltriangle.eu\/wp-content\/uploads\/2024\/01\/agents-a-sant-pere-de-ribes.jpg\" class=\"yoast-seo-meta-tag\" \/>\n\t<meta property=\"og:image:width\" content=\"1200\" class=\"yoast-seo-meta-tag\" \/>\n\t<meta property=\"og:image:height\" content=\"800\" class=\"yoast-seo-meta-tag\" \/>\n\t<meta property=\"og:image:type\" content=\"image\/jpeg\" class=\"yoast-seo-meta-tag\" \/>\n<meta name=\"author\" content=\"Redacci\u00f3 \/ ACN\" class=\"yoast-seo-meta-tag\" \/>\n<meta name=\"twitter:card\" content=\"summary_large_image\" class=\"yoast-seo-meta-tag\" \/>\n<meta name=\"twitter:creator\" content=\"@El_Triangle\" class=\"yoast-seo-meta-tag\" \/>\n<meta name=\"twitter:site\" content=\"@El_Triangle\" class=\"yoast-seo-meta-tag\" \/>\n<meta name=\"twitter:label1\" content=\"Escrito por\" class=\"yoast-seo-meta-tag\" \/>\n\t<meta name=\"twitter:data1\" content=\"Redacci\u00f3 \/ ACN\" class=\"yoast-seo-meta-tag\" \/>\n\t<meta name=\"twitter:label2\" content=\"Tiempo de lectura\" class=\"yoast-seo-meta-tag\" \/>\n\t<meta name=\"twitter:data2\" content=\"1 minuto\" class=\"yoast-seo-meta-tag\" \/>\n<script type=\"application\/ld+json\" class=\"yoast-schema-graph\">{\"@context\":\"https:\\\/\\\/schema.org\",\"@graph\":[{\"@type\":\"NewsArticle\",\"@id\":\"https:\\\/\\\/www.eltriangle.eu\\\/es\\\/2024\\\/01\\\/16\\\/dispositivo-policial-contra-el-terrorismo-yihadista-en-sant-pere-de-ribes-martorell-rubi-y-merida\\\/#article\",\"isPartOf\":{\"@id\":\"https:\\\/\\\/www.eltriangle.eu\\\/es\\\/2024\\\/01\\\/16\\\/dispositivo-policial-contra-el-terrorismo-yihadista-en-sant-pere-de-ribes-martorell-rubi-y-merida\\\/\"},\"author\":{\"name\":\"Redacci\u00f3 \\\/ ACN\",\"@id\":\"https:\\\/\\\/www.eltriangle.eu\\\/es\\\/#\\\/schema\\\/person\\\/6e5938f06dd4dcd413779558fbf437d9\"},\"headline\":\"Dispositivo policial contra el terrorismo yihadista en Sant Pere de Ribes, Martorell, Rub\u00ed y M\u00e9rida\",\"datePublished\":\"2024-01-16T07:00:58+00:00\",\"dateModified\":\"2024-01-16T09:24:10+00:00\",\"mainEntityOfPage\":{\"@id\":\"https:\\\/\\\/www.eltriangle.eu\\\/es\\\/2024\\\/01\\\/16\\\/dispositivo-policial-contra-el-terrorismo-yihadista-en-sant-pere-de-ribes-martorell-rubi-y-merida\\\/\"},\"wordCount\":267,\"commentCount\":0,\"publisher\":{\"@id\":\"https:\\\/\\\/www.eltriangle.eu\\\/es\\\/#organization\"},\"image\":{\"@id\":\"https:\\\/\\\/www.eltriangle.eu\\\/es\\\/2024\\\/01\\\/16\\\/dispositivo-policial-contra-el-terrorismo-yihadista-en-sant-pere-de-ribes-martorell-rubi-y-merida\\\/#primaryimage\"},\"thumbnailUrl\":\"https:\\\/\\\/www.eltriangle.eu\\\/wp-content\\\/uploads\\\/2024\\\/01\\\/agents-a-sant-pere-de-ribes.jpg\",\"keywords\":[\"Guardia Civil\",\"Mossos d'Esquadra\"],\"articleSection\":[\"Actualidad\"],\"inLanguage\":\"es\",\"potentialAction\":[{\"@type\":\"CommentAction\",\"name\":\"Comment\",\"target\":[\"https:\\\/\\\/www.eltriangle.eu\\\/es\\\/2024\\\/01\\\/16\\\/dispositivo-policial-contra-el-terrorismo-yihadista-en-sant-pere-de-ribes-martorell-rubi-y-merida\\\/#respond\"]}]},{\"@type\":\"WebPage\",\"@id\":\"https:\\\/\\\/www.eltriangle.eu\\\/es\\\/2024\\\/01\\\/16\\\/dispositivo-policial-contra-el-terrorismo-yihadista-en-sant-pere-de-ribes-martorell-rubi-y-merida\\\/\",\"url\":\"https:\\\/\\\/www.eltriangle.eu\\\/es\\\/2024\\\/01\\\/16\\\/dispositivo-policial-contra-el-terrorismo-yihadista-en-sant-pere-de-ribes-martorell-rubi-y-merida\\\/\",\"name\":\"Dispositivo policial contra el terrorismo yihadista en Sant Pere de Ribes, Martorell, Rub\u00ed y M\u00e9rida - El Triangle\",\"isPartOf\":{\"@id\":\"https:\\\/\\\/www.eltriangle.eu\\\/es\\\/#website\"},\"primaryImageOfPage\":{\"@id\":\"https:\\\/\\\/www.eltriangle.eu\\\/es\\\/2024\\\/01\\\/16\\\/dispositivo-policial-contra-el-terrorismo-yihadista-en-sant-pere-de-ribes-martorell-rubi-y-merida\\\/#primaryimage\"},\"image\":{\"@id\":\"https:\\\/\\\/www.eltriangle.eu\\\/es\\\/2024\\\/01\\\/16\\\/dispositivo-policial-contra-el-terrorismo-yihadista-en-sant-pere-de-ribes-martorell-rubi-y-merida\\\/#primaryimage\"},\"thumbnailUrl\":\"https:\\\/\\\/www.eltriangle.eu\\\/wp-content\\\/uploads\\\/2024\\\/01\\\/agents-a-sant-pere-de-ribes.jpg\",\"datePublished\":\"2024-01-16T07:00:58+00:00\",\"dateModified\":\"2024-01-16T09:24:10+00:00\",\"description\":\"Los Mossos d'Esquadra y la Guardia Civil han desplegado este martes a primera hora de la ma\u00f1ana un dispositivo policial conjunto contra el terrorismo\",\"breadcrumb\":{\"@id\":\"https:\\\/\\\/www.eltriangle.eu\\\/es\\\/2024\\\/01\\\/16\\\/dispositivo-policial-contra-el-terrorismo-yihadista-en-sant-pere-de-ribes-martorell-rubi-y-merida\\\/#breadcrumb\"},\"inLanguage\":\"es\",\"potentialAction\":[{\"@type\":\"ReadAction\",\"target\":[\"https:\\\/\\\/www.eltriangle.eu\\\/es\\\/2024\\\/01\\\/16\\\/dispositivo-policial-contra-el-terrorismo-yihadista-en-sant-pere-de-ribes-martorell-rubi-y-merida\\\/\"]}]},{\"@type\":\"ImageObject\",\"inLanguage\":\"es\",\"@id\":\"https:\\\/\\\/www.eltriangle.eu\\\/es\\\/2024\\\/01\\\/16\\\/dispositivo-policial-contra-el-terrorismo-yihadista-en-sant-pere-de-ribes-martorell-rubi-y-merida\\\/#primaryimage\",\"url\":\"https:\\\/\\\/www.eltriangle.eu\\\/wp-content\\\/uploads\\\/2024\\\/01\\\/agents-a-sant-pere-de-ribes.jpg\",\"contentUrl\":\"https:\\\/\\\/www.eltriangle.eu\\\/wp-content\\\/uploads\\\/2024\\\/01\\\/agents-a-sant-pere-de-ribes.jpg\",\"width\":1200,\"height\":800,\"caption\":\"Agents a Sant Pere de Ribes\"},{\"@type\":\"BreadcrumbList\",\"@id\":\"https:\\\/\\\/www.eltriangle.eu\\\/es\\\/2024\\\/01\\\/16\\\/dispositivo-policial-contra-el-terrorismo-yihadista-en-sant-pere-de-ribes-martorell-rubi-y-merida\\\/#breadcrumb\",\"itemListElement\":[{\"@type\":\"ListItem\",\"position\":1,\"name\":\"Portada\",\"item\":\"https:\\\/\\\/www.eltriangle.eu\\\/es\\\/\"},{\"@type\":\"ListItem\",\"position\":2,\"name\":\"Dispositivo policial contra el terrorismo yihadista en Sant Pere de Ribes, Martorell, Rub\u00ed y M\u00e9rida\"}]},{\"@type\":\"WebSite\",\"@id\":\"https:\\\/\\\/www.eltriangle.eu\\\/es\\\/#website\",\"url\":\"https:\\\/\\\/www.eltriangle.eu\\\/es\\\/\",\"name\":\"El Triangle\",\"description\":\"El Triangle \u00e9s un Diari d&#039;informaci\u00f3 general, editat a Catalunya i escrit en llengua catalana, especialitzat en investigaci\u00f3 period\u00edstica\",\"publisher\":{\"@id\":\"https:\\\/\\\/www.eltriangle.eu\\\/es\\\/#organization\"},\"potentialAction\":[{\"@type\":\"SearchAction\",\"target\":{\"@type\":\"EntryPoint\",\"urlTemplate\":\"https:\\\/\\\/www.eltriangle.eu\\\/es\\\/?s={search_term_string}\"},\"query-input\":{\"@type\":\"PropertyValueSpecification\",\"valueRequired\":true,\"valueName\":\"search_term_string\"}}],\"inLanguage\":\"es\"},{\"@type\":[\"Organization\",\"NewsMediaOrganization\"],\"@id\":\"https:\\\/\\\/www.eltriangle.eu\\\/es\\\/#organization\",\"name\":\"El Triangle\",\"url\":\"https:\\\/\\\/www.eltriangle.eu\\\/es\\\/\",\"logo\":{\"@type\":\"ImageObject\",\"inLanguage\":\"es\",\"@id\":\"https:\\\/\\\/www.eltriangle.eu\\\/es\\\/#\\\/schema\\\/logo\\\/image\\\/\",\"url\":\"https:\\\/\\\/www.eltriangle.eu\\\/wp-content\\\/uploads\\\/2020\\\/11\\\/triangle_logo-ajustado.jpg\",\"contentUrl\":\"https:\\\/\\\/www.eltriangle.eu\\\/wp-content\\\/uploads\\\/2020\\\/11\\\/triangle_logo-ajustado.jpg\",\"width\":521,\"height\":92,\"caption\":\"El Triangle\"},\"image\":{\"@id\":\"https:\\\/\\\/www.eltriangle.eu\\\/es\\\/#\\\/schema\\\/logo\\\/image\\\/\"},\"sameAs\":[\"https:\\\/\\\/www.facebook.com\\\/El-Triangle-Diari-101787399020302\",\"https:\\\/\\\/x.com\\\/El_Triangle\",\"https:\\\/\\\/www.youtube.com\\\/channel\\\/UCTIjmYEMYSpdGonuAgNhbcg\"]},{\"@type\":\"Person\",\"@id\":\"https:\\\/\\\/www.eltriangle.eu\\\/es\\\/#\\\/schema\\\/person\\\/6e5938f06dd4dcd413779558fbf437d9\",\"name\":\"Redacci\u00f3 \\\/ ACN\",\"image\":{\"@type\":\"ImageObject\",\"inLanguage\":\"es\",\"@id\":\"\\\/\\\/www.gravatar.com\\\/avatar\\\/a5bc366245a614da74d9f8d49d1b53bf?s=96&#038;r=g&#038;d=mm\",\"url\":\"\\\/\\\/www.gravatar.com\\\/avatar\\\/a5bc366245a614da74d9f8d49d1b53bf?s=96&#038;r=g&#038;d=mm\",\"contentUrl\":\"\\\/\\\/www.gravatar.com\\\/avatar\\\/a5bc366245a614da74d9f8d49d1b53bf?s=96&#038;r=g&#038;d=mm\",\"caption\":\"Redacci\u00f3 \\\/ ACN\"},\"url\":\"https:\\\/\\\/www.eltriangle.eu\\\/es\\\/author\\\/redaccioacn\\\/\"},{\"@type\":\"SiteNavigationElement\",\"@id\":\"https:\\\/\\\/www.eltriangle.eu\\\/es\\\/#site-navigation\",\"cssSelector\":[\".cib-main-menu\"]},{\"@type\":\"WPHeader\",\"@id\":\"https:\\\/\\\/www.eltriangle.eu\\\/es\\\/#header\",\"cssSelector\":[\".cib-header\"]},{\"@type\":\"WPFooter\",\"@id\":\"https:\\\/\\\/www.eltriangle.eu\\\/es\\\/#footer\",\"cssSelector\":[\".cib-footer\"]}]}<\/script>\n<!-- \/ Yoast SEO plugin. -->","yoast_head_json":{"title":"Dispositivo policial contra el terrorismo yihadista en Sant Pere de Ribes, Martorell, Rub\u00ed y M\u00e9rida - El Triangle","description":"Los Mossos d'Esquadra y la Guardia Civil han desplegado este martes a primera hora de la ma\u00f1ana un dispositivo policial conjunto contra el terrorismo","robots":{"index":"index","follow":"follow","max-snippet":"max-snippet:-1","max-image-preview":"max-image-preview:large","max-video-preview":"max-video-preview:-1"},"canonical":"https:\/\/www.eltriangle.eu\/es\/2024\/01\/16\/dispositivo-policial-contra-el-terrorismo-yihadista-en-sant-pere-de-ribes-martorell-rubi-y-merida\/","og_locale":"es_ES","og_type":"article","og_title":"Dispositivo policial contra el terrorismo yihadista en Sant Pere de Ribes, Martorell, Rub\u00ed y M\u00e9rida - El Triangle","og_description":"Los Mossos d'Esquadra y la Guardia Civil han desplegado este martes a primera hora de la ma\u00f1ana un dispositivo policial conjunto contra el terrorismo","og_url":"https:\/\/www.eltriangle.eu\/es\/2024\/01\/16\/dispositivo-policial-contra-el-terrorismo-yihadista-en-sant-pere-de-ribes-martorell-rubi-y-merida\/","og_site_name":"El Triangle","article_publisher":"https:\/\/www.facebook.com\/El-Triangle-Diari-101787399020302","article_published_time":"2024-01-16T07:00:58+00:00","article_modified_time":"2024-01-16T09:24:10+00:00","og_image":[{"width":1200,"height":800,"url":"https:\/\/www.eltriangle.eu\/wp-content\/uploads\/2024\/01\/agents-a-sant-pere-de-ribes.jpg","type":"image\/jpeg"}],"author":"Redacci\u00f3 \/ ACN","twitter_card":"summary_large_image","twitter_creator":"@El_Triangle","twitter_site":"@El_Triangle","twitter_misc":{"Escrito por":"Redacci\u00f3 \/ ACN","Tiempo de lectura":"1 minuto"},"schema":{"@context":"https:\/\/schema.org","@graph":[{"@type":"NewsArticle","@id":"https:\/\/www.eltriangle.eu\/es\/2024\/01\/16\/dispositivo-policial-contra-el-terrorismo-yihadista-en-sant-pere-de-ribes-martorell-rubi-y-merida\/#article","isPartOf":{"@id":"https:\/\/www.eltriangle.eu\/es\/2024\/01\/16\/dispositivo-policial-contra-el-terrorismo-yihadista-en-sant-pere-de-ribes-martorell-rubi-y-merida\/"},"author":{"name":"Redacci\u00f3 \/ ACN","@id":"https:\/\/www.eltriangle.eu\/es\/#\/schema\/person\/6e5938f06dd4dcd413779558fbf437d9"},"headline":"Dispositivo policial contra el terrorismo yihadista en Sant Pere de Ribes, Martorell, Rub\u00ed y M\u00e9rida","datePublished":"2024-01-16T07:00:58+00:00","dateModified":"2024-01-16T09:24:10+00:00","mainEntityOfPage":{"@id":"https:\/\/www.eltriangle.eu\/es\/2024\/01\/16\/dispositivo-policial-contra-el-terrorismo-yihadista-en-sant-pere-de-ribes-martorell-rubi-y-merida\/"},"wordCount":267,"commentCount":0,"publisher":{"@id":"https:\/\/www.eltriangle.eu\/es\/#organization"},"image":{"@id":"https:\/\/www.eltriangle.eu\/es\/2024\/01\/16\/dispositivo-policial-contra-el-terrorismo-yihadista-en-sant-pere-de-ribes-martorell-rubi-y-merida\/#primaryimage"},"thumbnailUrl":"https:\/\/www.eltriangle.eu\/wp-content\/uploads\/2024\/01\/agents-a-sant-pere-de-ribes.jpg","keywords":["Guardia Civil","Mossos d'Esquadra"],"articleSection":["Actualidad"],"inLanguage":"es","potentialAction":[{"@type":"CommentAction","name":"Comment","target":["https:\/\/www.eltriangle.eu\/es\/2024\/01\/16\/dispositivo-policial-contra-el-terrorismo-yihadista-en-sant-pere-de-ribes-martorell-rubi-y-merida\/#respond"]}]},{"@type":"WebPage","@id":"https:\/\/www.eltriangle.eu\/es\/2024\/01\/16\/dispositivo-policial-contra-el-terrorismo-yihadista-en-sant-pere-de-ribes-martorell-rubi-y-merida\/","url":"https:\/\/www.eltriangle.eu\/es\/2024\/01\/16\/dispositivo-policial-contra-el-terrorismo-yihadista-en-sant-pere-de-ribes-martorell-rubi-y-merida\/","name":"Dispositivo policial contra el terrorismo yihadista en Sant Pere de Ribes, Martorell, Rub\u00ed y M\u00e9rida - El Triangle","isPartOf":{"@id":"https:\/\/www.eltriangle.eu\/es\/#website"},"primaryImageOfPage":{"@id":"https:\/\/www.eltriangle.eu\/es\/2024\/01\/16\/dispositivo-policial-contra-el-terrorismo-yihadista-en-sant-pere-de-ribes-martorell-rubi-y-merida\/#primaryimage"},"image":{"@id":"https:\/\/www.eltriangle.eu\/es\/2024\/01\/16\/dispositivo-policial-contra-el-terrorismo-yihadista-en-sant-pere-de-ribes-martorell-rubi-y-merida\/#primaryimage"},"thumbnailUrl":"https:\/\/www.eltriangle.eu\/wp-content\/uploads\/2024\/01\/agents-a-sant-pere-de-ribes.jpg","datePublished":"2024-01-16T07:00:58+00:00","dateModified":"2024-01-16T09:24:10+00:00","description":"Los Mossos d'Esquadra y la Guardia Civil han desplegado este martes a primera hora de la ma\u00f1ana un dispositivo policial conjunto contra el terrorismo","breadcrumb":{"@id":"https:\/\/www.eltriangle.eu\/es\/2024\/01\/16\/dispositivo-policial-contra-el-terrorismo-yihadista-en-sant-pere-de-ribes-martorell-rubi-y-merida\/#breadcrumb"},"inLanguage":"es","potentialAction":[{"@type":"ReadAction","target":["https:\/\/www.eltriangle.eu\/es\/2024\/01\/16\/dispositivo-policial-contra-el-terrorismo-yihadista-en-sant-pere-de-ribes-martorell-rubi-y-merida\/"]}]},{"@type":"ImageObject","inLanguage":"es","@id":"https:\/\/www.eltriangle.eu\/es\/2024\/01\/16\/dispositivo-policial-contra-el-terrorismo-yihadista-en-sant-pere-de-ribes-martorell-rubi-y-merida\/#primaryimage","url":"https:\/\/www.eltriangle.eu\/wp-content\/uploads\/2024\/01\/agents-a-sant-pere-de-ribes.jpg","contentUrl":"https:\/\/www.eltriangle.eu\/wp-content\/uploads\/2024\/01\/agents-a-sant-pere-de-ribes.jpg","width":1200,"height":800,"caption":"Agents a Sant Pere de Ribes"},{"@type":"BreadcrumbList","@id":"https:\/\/www.eltriangle.eu\/es\/2024\/01\/16\/dispositivo-policial-contra-el-terrorismo-yihadista-en-sant-pere-de-ribes-martorell-rubi-y-merida\/#breadcrumb","itemListElement":[{"@type":"ListItem","position":1,"name":"Portada","item":"https:\/\/www.eltriangle.eu\/es\/"},{"@type":"ListItem","position":2,"name":"Dispositivo policial contra el terrorismo yihadista en Sant Pere de Ribes, Martorell, Rub\u00ed y M\u00e9rida"}]},{"@type":"WebSite","@id":"https:\/\/www.eltriangle.eu\/es\/#website","url":"https:\/\/www.eltriangle.eu\/es\/","name":"El Triangle","description":"El Triangle \u00e9s un Diari d&#039;informaci\u00f3 general, editat a Catalunya i escrit en llengua catalana, especialitzat en investigaci\u00f3 period\u00edstica","publisher":{"@id":"https:\/\/www.eltriangle.eu\/es\/#organization"},"potentialAction":[{"@type":"SearchAction","target":{"@type":"EntryPoint","urlTemplate":"https:\/\/www.eltriangle.eu\/es\/?s={search_term_string}"},"query-input":{"@type":"PropertyValueSpecification","valueRequired":true,"valueName":"search_term_string"}}],"inLanguage":"es"},{"@type":["Organization","NewsMediaOrganization"],"@id":"https:\/\/www.eltriangle.eu\/es\/#organization","name":"El Triangle","url":"https:\/\/www.eltriangle.eu\/es\/","logo":{"@type":"ImageObject","inLanguage":"es","@id":"https:\/\/www.eltriangle.eu\/es\/#\/schema\/logo\/image\/","url":"https:\/\/www.eltriangle.eu\/wp-content\/uploads\/2020\/11\/triangle_logo-ajustado.jpg","contentUrl":"https:\/\/www.eltriangle.eu\/wp-content\/uploads\/2020\/11\/triangle_logo-ajustado.jpg","width":521,"height":92,"caption":"El Triangle"},"image":{"@id":"https:\/\/www.eltriangle.eu\/es\/#\/schema\/logo\/image\/"},"sameAs":["https:\/\/www.facebook.com\/El-Triangle-Diari-101787399020302","https:\/\/x.com\/El_Triangle","https:\/\/www.youtube.com\/channel\/UCTIjmYEMYSpdGonuAgNhbcg"]},{"@type":"Person","@id":"https:\/\/www.eltriangle.eu\/es\/#\/schema\/person\/6e5938f06dd4dcd413779558fbf437d9","name":"Redacci\u00f3 \/ ACN","image":{"@type":"ImageObject","inLanguage":"es","@id":"\/\/www.gravatar.com\/avatar\/a5bc366245a614da74d9f8d49d1b53bf?s=96&#038;r=g&#038;d=mm","url":"\/\/www.gravatar.com\/avatar\/a5bc366245a614da74d9f8d49d1b53bf?s=96&#038;r=g&#038;d=mm","contentUrl":"\/\/www.gravatar.com\/avatar\/a5bc366245a614da74d9f8d49d1b53bf?s=96&#038;r=g&#038;d=mm","caption":"Redacci\u00f3 \/ ACN"},"url":"https:\/\/www.eltriangle.eu\/es\/author\/redaccioacn\/"},{"@type":"SiteNavigationElement","@id":"https:\/\/www.eltriangle.eu\/es\/#site-navigation","cssSelector":[".cib-main-menu"]},{"@type":"WPHeader","@id":"https:\/\/www.eltriangle.eu\/es\/#header","cssSelector":[".cib-header"]},{"@type":"WPFooter","@id":"https:\/\/www.eltriangle.eu\/es\/#footer","cssSelector":[".cib-footer"]}]}},"amp_enabled":true,"_links":{"self":[{"href":"https:\/\/www.eltriangle.eu\/es\/wp-json\/wp\/v2\/posts\/237796","targetHints":{"allow":["GET"]}}],"collection":[{"href":"https:\/\/www.eltriangle.eu\/es\/wp-json\/wp\/v2\/posts"}],"about":[{"href":"https:\/\/www.eltriangle.eu\/es\/wp-json\/wp\/v2\/types\/post"}],"author":[{"embeddable":true,"href":"https:\/\/www.eltriangle.eu\/es\/wp-json\/wp\/v2\/users\/179"}],"replies":[{"embeddable":true,"href":"https:\/\/www.eltriangle.eu\/es\/wp-json\/wp\/v2\/comments?post=237796"}],"version-history":[{"count":0,"href":"https:\/\/www.eltriangle.eu\/es\/wp-json\/wp\/v2\/posts\/237796\/revisions"}],"wp:featuredmedia":[{"embeddable":true,"href":"https:\/\/www.eltriangle.eu\/es\/wp-json\/wp\/v2\/media\/237804"}],"wp:attachment":[{"href":"https:\/\/www.eltriangle.eu\/es\/wp-json\/wp\/v2\/media?parent=237796"}],"wp:term":[{"taxonomy":"category","embeddable":true,"href":"https:\/\/www.eltriangle.eu\/es\/wp-json\/wp\/v2\/categories?post=237796"},{"taxonomy":"post_tag","embeddable":true,"href":"https:\/\/www.eltriangle.eu\/es\/wp-json\/wp\/v2\/tags?post=237796"}],"curies":[{"name":"wp","href":"https:\/\/api.w.org\/{rel}","templated":true}]}}