{"id":233163,"date":"2023-12-13T14:00:05","date_gmt":"2023-12-13T13:00:05","guid":{"rendered":null},"modified":"2023-12-13T16:30:55","modified_gmt":"2023-12-13T15:30:55","slug":"sanchez-insta-a-puigdemont-a-seguir-trabajando-por-la-via-del-dialogo-la-negociacion-y-la-constitucion","status":"publish","type":"post","link":"https:\/\/www.eltriangle.eu\/es\/2023\/12\/13\/sanchez-insta-a-puigdemont-a-seguir-trabajando-por-la-via-del-dialogo-la-negociacion-y-la-constitucion\/","title":{"rendered":"S\u00e1nchez insta a Puigdemont a seguir trabajando \u00abpor la v\u00eda del di\u00e1logo, la negociaci\u00f3n y la Constituci\u00f3n\u00bb"},"content":{"rendered":"<p>El presidente del Gobierno de Espa\u00f1a, <strong>Pedro S\u00e1nchez<\/strong>, ha apelado este mi\u00e9rcoles directamente al expresidente de la Generalitat <strong>Carles Puigdemont<\/strong> en el debate en el Parlamento Europeo sobre la presidencia espa\u00f1ola del Consejo de la Uni\u00f3n Europea (UE). En el discurso final despu\u00e9s de las intervenciones de los eurodiputados, S\u00e1nchez ha respondido a <a href=\"https:\/\/www.eltriangle.eu\/es\/2023\/12\/13\/puigdemont-advierte-a-sanchez-que-si-no-cumple-los-acuerdos-tendra-consecuencias-nunca-agradables\/\" target=\"_blank\" rel=\"noopener\">la advertencia de Puigdemont<\/a> sobre las consecuencias de incumplir los pactos con Junts para la investidura del socialista, y lo ha instado a <strong>seguir trabajando \u00abpor la v\u00eda del di\u00e1logo, la negociaci\u00f3n y la Constituci\u00f3n\u00bb<\/strong>.<\/p>\n<p>\u00abEst\u00e1 en nuestras manos conseguirlo\u00bb, ha dicho el presidente espa\u00f1ol al dirigente de Junts, \u00aby yo creo que<strong> la ley de amnist\u00eda es un paso importante en la buena direcci\u00f3n<\/strong>, una ley que respalda una amplia mayor\u00eda de nuestros ciudadanos\u00bb, ha a\u00f1adido. De hecho, S\u00e1nchez ha defendido la medida de gracia como una \u00abv\u00eda para superar el conflicto\u00bb, y ha reivindicado que la amnist\u00eda \u00abapuntala\u00bb el \u00abnoble objetivo\u00bb de \u00abnormalizar\u00bb la situaci\u00f3n en Catalu\u00f1a.<\/p>\n<p>En su intervenci\u00f3n, S\u00e1nchez ha criticado los ataques \u00aberr\u00f3neos y maliciosos\u00bb contra el Estado de derecho, que ha defendido que es \u00abrobusto\u00bb. \u00abEspa\u00f1a es una de las democracias m\u00e1s plenas del mundo\u00bb, ha reivindicado el l\u00edder del ejecutivo espa\u00f1ol, que tambi\u00e9n se ha dirigido directamente al l\u00edder del Partido Popular Europeo, <strong>Manfred<\/strong> <strong>Weber<\/strong>, despu\u00e9s de sus cr\u00edticas a la amnist\u00eda. \u00abLo que amenaza a la democracia no es la apuesta por el reencuentro y la superaci\u00f3n de los contenciosos pol\u00edticos, sino el adelanto de la extrema derecha\u00bb, ha dicho a S\u00e1nchez a Weber, pregunt\u00e1ndole si \u00absabe qui\u00e9n es realmente el aliado del PP\u00bb y \u00abqu\u00e9 piensa de Vox\u00bb.<\/p>\n<p>S\u00e1nchez tambi\u00e9n ha indicado que promover\u00e1 el uso de las lenguas cooficiales, despu\u00e9s de los reproches de Junts y ERC por el estancamiento de la petici\u00f3n de oficialidad del catal\u00e1n.<i aria-hidden=\"true\"><\/i><\/p>\n","protected":false},"excerpt":{"rendered":"<p>El presidente del Gobierno de Espa\u00f1a, Pedro S\u00e1nchez, ha apelado este mi\u00e9rcoles directamente al expresidente de la Generalitat Carles Puigdemont en el debate en el Parlamento Europeo sobre la presidencia espa\u00f1ola del Consejo de la Uni\u00f3n Europea (UE). En el discurso final despu\u00e9s de las intervenciones de los eurodiputados, S\u00e1nchez ha respondido a la advertencia &#8230; <a title=\"S\u00e1nchez insta a Puigdemont a seguir trabajando \u00abpor la v\u00eda del di\u00e1logo, la negociaci\u00f3n y la Constituci\u00f3n\u00bb\" class=\"read-more\" href=\"https:\/\/www.eltriangle.eu\/es\/2023\/12\/13\/sanchez-insta-a-puigdemont-a-seguir-trabajando-por-la-via-del-dialogo-la-negociacion-y-la-constitucion\/\" aria-label=\"Leer m\u00e1s sobre S\u00e1nchez insta a Puigdemont a seguir trabajando \u00abpor la v\u00eda del di\u00e1logo, la negociaci\u00f3n y la Constituci\u00f3n\u00bb\">Leer m\u00e1s<\/a><\/p>\n","protected":false},"author":190,"featured_media":233159,"comment_status":"open","ping_status":"closed","sticky":false,"template":"","format":"standard","meta":{"_acf_changed":false,"pmpro_default_level":"","footnotes":""},"categories":[24,74],"tags":[277,455],"class_list":["post-233163","post","type-post","status-publish","format-standard","has-post-thumbnail","hentry","category-actualidad","category-poderes","tag-parlamento-europeo","tag-pedro-sanchez-es","lh_instant_articles-syndicate-yes","pmpro-has-access"],"acf":[],"yoast_head":"<!-- This site is optimized with the Yoast SEO plugin v27.4 - https:\/\/yoast.com\/product\/yoast-seo-wordpress\/ -->\n<title>S\u00e1nchez insta a Puigdemont a seguir trabajando &quot;por la v\u00eda del di\u00e1logo, la negociaci\u00f3n y la Constituci\u00f3n&quot; - El Triangle<\/title>\n<meta name=\"description\" content=\"El presidente del Gobierno de Espa\u00f1a, Pedro S\u00e1nchez, ha apelado este mi\u00e9rcoles directamente al expresidente de la Generalitat Carles Puigdemont en el\" class=\"yoast-seo-meta-tag\" \/>\n<meta name=\"robots\" content=\"index, follow, max-snippet:-1, max-image-preview:large, max-video-preview:-1\" \/>\n<link rel=\"canonical\" href=\"https:\/\/www.eltriangle.eu\/es\/2023\/12\/13\/sanchez-insta-a-puigdemont-a-seguir-trabajando-por-la-via-del-dialogo-la-negociacion-y-la-constitucion\/\" class=\"yoast-seo-meta-tag\" \/>\n<meta property=\"og:locale\" content=\"es_ES\" class=\"yoast-seo-meta-tag\" \/>\n<meta property=\"og:type\" content=\"article\" class=\"yoast-seo-meta-tag\" \/>\n<meta property=\"og:title\" content=\"S\u00e1nchez insta a Puigdemont a seguir trabajando &quot;por la v\u00eda del di\u00e1logo, la negociaci\u00f3n y la Constituci\u00f3n&quot; - El Triangle\" class=\"yoast-seo-meta-tag\" \/>\n<meta property=\"og:description\" content=\"El presidente del Gobierno de Espa\u00f1a, Pedro S\u00e1nchez, ha apelado este mi\u00e9rcoles directamente al expresidente de la Generalitat Carles Puigdemont en el\" class=\"yoast-seo-meta-tag\" \/>\n<meta property=\"og:url\" content=\"https:\/\/www.eltriangle.eu\/es\/2023\/12\/13\/sanchez-insta-a-puigdemont-a-seguir-trabajando-por-la-via-del-dialogo-la-negociacion-y-la-constitucion\/\" class=\"yoast-seo-meta-tag\" \/>\n<meta property=\"og:site_name\" content=\"El Triangle\" class=\"yoast-seo-meta-tag\" \/>\n<meta property=\"article:publisher\" content=\"https:\/\/www.facebook.com\/El-Triangle-Diari-101787399020302\" class=\"yoast-seo-meta-tag\" \/>\n<meta property=\"article:published_time\" content=\"2023-12-13T13:00:05+00:00\" class=\"yoast-seo-meta-tag\" \/>\n<meta property=\"article:modified_time\" content=\"2023-12-13T15:30:55+00:00\" class=\"yoast-seo-meta-tag\" \/>\n<meta property=\"og:image\" content=\"https:\/\/www.eltriangle.eu\/wp-content\/uploads\/2023\/12\/1702461786789-20231213-ep-161043b-fm2-eg-019-download-large-e1702480613740.jpg\" class=\"yoast-seo-meta-tag\" \/>\n\t<meta property=\"og:image:width\" content=\"1200\" class=\"yoast-seo-meta-tag\" \/>\n\t<meta property=\"og:image:height\" content=\"800\" class=\"yoast-seo-meta-tag\" \/>\n\t<meta property=\"og:image:type\" content=\"image\/jpeg\" class=\"yoast-seo-meta-tag\" \/>\n<meta name=\"author\" content=\"Redacci\u00f3 \/ Ag\u00e8ncies\" class=\"yoast-seo-meta-tag\" \/>\n<meta name=\"twitter:card\" content=\"summary_large_image\" class=\"yoast-seo-meta-tag\" \/>\n<meta name=\"twitter:creator\" content=\"@El_Triangle\" class=\"yoast-seo-meta-tag\" \/>\n<meta name=\"twitter:site\" content=\"@El_Triangle\" class=\"yoast-seo-meta-tag\" \/>\n<meta name=\"twitter:label1\" content=\"Escrito por\" class=\"yoast-seo-meta-tag\" \/>\n\t<meta name=\"twitter:data1\" content=\"Redacci\u00f3 \/ Ag\u00e8ncies\" class=\"yoast-seo-meta-tag\" \/>\n\t<meta name=\"twitter:label2\" content=\"Tiempo de lectura\" class=\"yoast-seo-meta-tag\" \/>\n\t<meta name=\"twitter:data2\" content=\"2 minutos\" class=\"yoast-seo-meta-tag\" \/>\n<script type=\"application\/ld+json\" class=\"yoast-schema-graph\">{\"@context\":\"https:\\\/\\\/schema.org\",\"@graph\":[{\"@type\":\"NewsArticle\",\"@id\":\"https:\\\/\\\/www.eltriangle.eu\\\/es\\\/2023\\\/12\\\/13\\\/sanchez-insta-a-puigdemont-a-seguir-trabajando-por-la-via-del-dialogo-la-negociacion-y-la-constitucion\\\/#article\",\"isPartOf\":{\"@id\":\"https:\\\/\\\/www.eltriangle.eu\\\/es\\\/2023\\\/12\\\/13\\\/sanchez-insta-a-puigdemont-a-seguir-trabajando-por-la-via-del-dialogo-la-negociacion-y-la-constitucion\\\/\"},\"author\":{\"name\":\"Redacci\u00f3 \\\/ Ag\u00e8ncies\",\"@id\":\"https:\\\/\\\/www.eltriangle.eu\\\/es\\\/#\\\/schema\\\/person\\\/64856baeb85b6977ea0d14f347aa650f\"},\"headline\":\"S\u00e1nchez insta a Puigdemont a seguir trabajando \u00abpor la v\u00eda del di\u00e1logo, la negociaci\u00f3n y la Constituci\u00f3n\u00bb\",\"datePublished\":\"2023-12-13T13:00:05+00:00\",\"dateModified\":\"2023-12-13T15:30:55+00:00\",\"mainEntityOfPage\":{\"@id\":\"https:\\\/\\\/www.eltriangle.eu\\\/es\\\/2023\\\/12\\\/13\\\/sanchez-insta-a-puigdemont-a-seguir-trabajando-por-la-via-del-dialogo-la-negociacion-y-la-constitucion\\\/\"},\"wordCount\":365,\"commentCount\":0,\"publisher\":{\"@id\":\"https:\\\/\\\/www.eltriangle.eu\\\/es\\\/#organization\"},\"image\":{\"@id\":\"https:\\\/\\\/www.eltriangle.eu\\\/es\\\/2023\\\/12\\\/13\\\/sanchez-insta-a-puigdemont-a-seguir-trabajando-por-la-via-del-dialogo-la-negociacion-y-la-constitucion\\\/#primaryimage\"},\"thumbnailUrl\":\"https:\\\/\\\/www.eltriangle.eu\\\/wp-content\\\/uploads\\\/2023\\\/12\\\/1702461786789-20231213-ep-161043b-fm2-eg-019-download-large-e1702480613740.jpg\",\"keywords\":[\"Parlamento Europeo\",\"Pedro S\u00e1nchez\"],\"articleSection\":[\"Actualidad\",\"Poderes\"],\"inLanguage\":\"es\",\"potentialAction\":[{\"@type\":\"CommentAction\",\"name\":\"Comment\",\"target\":[\"https:\\\/\\\/www.eltriangle.eu\\\/es\\\/2023\\\/12\\\/13\\\/sanchez-insta-a-puigdemont-a-seguir-trabajando-por-la-via-del-dialogo-la-negociacion-y-la-constitucion\\\/#respond\"]}]},{\"@type\":\"WebPage\",\"@id\":\"https:\\\/\\\/www.eltriangle.eu\\\/es\\\/2023\\\/12\\\/13\\\/sanchez-insta-a-puigdemont-a-seguir-trabajando-por-la-via-del-dialogo-la-negociacion-y-la-constitucion\\\/\",\"url\":\"https:\\\/\\\/www.eltriangle.eu\\\/es\\\/2023\\\/12\\\/13\\\/sanchez-insta-a-puigdemont-a-seguir-trabajando-por-la-via-del-dialogo-la-negociacion-y-la-constitucion\\\/\",\"name\":\"S\u00e1nchez insta a Puigdemont a seguir trabajando \\\"por la v\u00eda del di\u00e1logo, la negociaci\u00f3n y la Constituci\u00f3n\\\" - El Triangle\",\"isPartOf\":{\"@id\":\"https:\\\/\\\/www.eltriangle.eu\\\/es\\\/#website\"},\"primaryImageOfPage\":{\"@id\":\"https:\\\/\\\/www.eltriangle.eu\\\/es\\\/2023\\\/12\\\/13\\\/sanchez-insta-a-puigdemont-a-seguir-trabajando-por-la-via-del-dialogo-la-negociacion-y-la-constitucion\\\/#primaryimage\"},\"image\":{\"@id\":\"https:\\\/\\\/www.eltriangle.eu\\\/es\\\/2023\\\/12\\\/13\\\/sanchez-insta-a-puigdemont-a-seguir-trabajando-por-la-via-del-dialogo-la-negociacion-y-la-constitucion\\\/#primaryimage\"},\"thumbnailUrl\":\"https:\\\/\\\/www.eltriangle.eu\\\/wp-content\\\/uploads\\\/2023\\\/12\\\/1702461786789-20231213-ep-161043b-fm2-eg-019-download-large-e1702480613740.jpg\",\"datePublished\":\"2023-12-13T13:00:05+00:00\",\"dateModified\":\"2023-12-13T15:30:55+00:00\",\"description\":\"El presidente del Gobierno de Espa\u00f1a, Pedro S\u00e1nchez, ha apelado este mi\u00e9rcoles directamente al expresidente de la Generalitat Carles Puigdemont en el\",\"breadcrumb\":{\"@id\":\"https:\\\/\\\/www.eltriangle.eu\\\/es\\\/2023\\\/12\\\/13\\\/sanchez-insta-a-puigdemont-a-seguir-trabajando-por-la-via-del-dialogo-la-negociacion-y-la-constitucion\\\/#breadcrumb\"},\"inLanguage\":\"es\",\"potentialAction\":[{\"@type\":\"ReadAction\",\"target\":[\"https:\\\/\\\/www.eltriangle.eu\\\/es\\\/2023\\\/12\\\/13\\\/sanchez-insta-a-puigdemont-a-seguir-trabajando-por-la-via-del-dialogo-la-negociacion-y-la-constitucion\\\/\"]}]},{\"@type\":\"ImageObject\",\"inLanguage\":\"es\",\"@id\":\"https:\\\/\\\/www.eltriangle.eu\\\/es\\\/2023\\\/12\\\/13\\\/sanchez-insta-a-puigdemont-a-seguir-trabajando-por-la-via-del-dialogo-la-negociacion-y-la-constitucion\\\/#primaryimage\",\"url\":\"https:\\\/\\\/www.eltriangle.eu\\\/wp-content\\\/uploads\\\/2023\\\/12\\\/1702461786789-20231213-ep-161043b-fm2-eg-019-download-large-e1702480613740.jpg\",\"contentUrl\":\"https:\\\/\\\/www.eltriangle.eu\\\/wp-content\\\/uploads\\\/2023\\\/12\\\/1702461786789-20231213-ep-161043b-fm2-eg-019-download-large-e1702480613740.jpg\",\"width\":1200,\"height\":800,\"caption\":\"El president del Govern d'Espanya, Pedro S\u00e1nchez, compareix a l'Eurocambra (Parlament Europeu)\"},{\"@type\":\"BreadcrumbList\",\"@id\":\"https:\\\/\\\/www.eltriangle.eu\\\/es\\\/2023\\\/12\\\/13\\\/sanchez-insta-a-puigdemont-a-seguir-trabajando-por-la-via-del-dialogo-la-negociacion-y-la-constitucion\\\/#breadcrumb\",\"itemListElement\":[{\"@type\":\"ListItem\",\"position\":1,\"name\":\"Portada\",\"item\":\"https:\\\/\\\/www.eltriangle.eu\\\/es\\\/\"},{\"@type\":\"ListItem\",\"position\":2,\"name\":\"S\u00e1nchez insta a Puigdemont a seguir trabajando \u00abpor la v\u00eda del di\u00e1logo, la negociaci\u00f3n y la Constituci\u00f3n\u00bb\"}]},{\"@type\":\"WebSite\",\"@id\":\"https:\\\/\\\/www.eltriangle.eu\\\/es\\\/#website\",\"url\":\"https:\\\/\\\/www.eltriangle.eu\\\/es\\\/\",\"name\":\"El Triangle\",\"description\":\"El Triangle \u00e9s un Diari d&#039;informaci\u00f3 general, editat a Catalunya i escrit en llengua catalana, especialitzat en investigaci\u00f3 period\u00edstica\",\"publisher\":{\"@id\":\"https:\\\/\\\/www.eltriangle.eu\\\/es\\\/#organization\"},\"potentialAction\":[{\"@type\":\"SearchAction\",\"target\":{\"@type\":\"EntryPoint\",\"urlTemplate\":\"https:\\\/\\\/www.eltriangle.eu\\\/es\\\/?s={search_term_string}\"},\"query-input\":{\"@type\":\"PropertyValueSpecification\",\"valueRequired\":true,\"valueName\":\"search_term_string\"}}],\"inLanguage\":\"es\"},{\"@type\":[\"Organization\",\"NewsMediaOrganization\"],\"@id\":\"https:\\\/\\\/www.eltriangle.eu\\\/es\\\/#organization\",\"name\":\"El Triangle\",\"url\":\"https:\\\/\\\/www.eltriangle.eu\\\/es\\\/\",\"logo\":{\"@type\":\"ImageObject\",\"inLanguage\":\"es\",\"@id\":\"https:\\\/\\\/www.eltriangle.eu\\\/es\\\/#\\\/schema\\\/logo\\\/image\\\/\",\"url\":\"https:\\\/\\\/www.eltriangle.eu\\\/wp-content\\\/uploads\\\/2020\\\/11\\\/triangle_logo-ajustado.jpg\",\"contentUrl\":\"https:\\\/\\\/www.eltriangle.eu\\\/wp-content\\\/uploads\\\/2020\\\/11\\\/triangle_logo-ajustado.jpg\",\"width\":521,\"height\":92,\"caption\":\"El Triangle\"},\"image\":{\"@id\":\"https:\\\/\\\/www.eltriangle.eu\\\/es\\\/#\\\/schema\\\/logo\\\/image\\\/\"},\"sameAs\":[\"https:\\\/\\\/www.facebook.com\\\/El-Triangle-Diari-101787399020302\",\"https:\\\/\\\/x.com\\\/El_Triangle\",\"https:\\\/\\\/www.youtube.com\\\/channel\\\/UCTIjmYEMYSpdGonuAgNhbcg\"]},{\"@type\":\"Person\",\"@id\":\"https:\\\/\\\/www.eltriangle.eu\\\/es\\\/#\\\/schema\\\/person\\\/64856baeb85b6977ea0d14f347aa650f\",\"name\":\"Redacci\u00f3 \\\/ Ag\u00e8ncies\",\"image\":{\"@type\":\"ImageObject\",\"inLanguage\":\"es\",\"@id\":\"\\\/\\\/www.gravatar.com\\\/avatar\\\/351b28574babbd1ad908587a8fb19654?s=96&#038;r=g&#038;d=mm\",\"url\":\"\\\/\\\/www.gravatar.com\\\/avatar\\\/351b28574babbd1ad908587a8fb19654?s=96&#038;r=g&#038;d=mm\",\"contentUrl\":\"\\\/\\\/www.gravatar.com\\\/avatar\\\/351b28574babbd1ad908587a8fb19654?s=96&#038;r=g&#038;d=mm\",\"caption\":\"Redacci\u00f3 \\\/ Ag\u00e8ncies\"},\"url\":\"https:\\\/\\\/www.eltriangle.eu\\\/es\\\/author\\\/redaccioagencies\\\/\"},{\"@type\":\"SiteNavigationElement\",\"@id\":\"https:\\\/\\\/www.eltriangle.eu\\\/es\\\/#site-navigation\",\"cssSelector\":[\".cib-main-menu\"]},{\"@type\":\"WPHeader\",\"@id\":\"https:\\\/\\\/www.eltriangle.eu\\\/es\\\/#header\",\"cssSelector\":[\".cib-header\"]},{\"@type\":\"WPFooter\",\"@id\":\"https:\\\/\\\/www.eltriangle.eu\\\/es\\\/#footer\",\"cssSelector\":[\".cib-footer\"]}]}<\/script>\n<!-- \/ Yoast SEO plugin. -->","yoast_head_json":{"title":"S\u00e1nchez insta a Puigdemont a seguir trabajando \"por la v\u00eda del di\u00e1logo, la negociaci\u00f3n y la Constituci\u00f3n\" - El Triangle","description":"El presidente del Gobierno de Espa\u00f1a, Pedro S\u00e1nchez, ha apelado este mi\u00e9rcoles directamente al expresidente de la Generalitat Carles Puigdemont en el","robots":{"index":"index","follow":"follow","max-snippet":"max-snippet:-1","max-image-preview":"max-image-preview:large","max-video-preview":"max-video-preview:-1"},"canonical":"https:\/\/www.eltriangle.eu\/es\/2023\/12\/13\/sanchez-insta-a-puigdemont-a-seguir-trabajando-por-la-via-del-dialogo-la-negociacion-y-la-constitucion\/","og_locale":"es_ES","og_type":"article","og_title":"S\u00e1nchez insta a Puigdemont a seguir trabajando \"por la v\u00eda del di\u00e1logo, la negociaci\u00f3n y la Constituci\u00f3n\" - El Triangle","og_description":"El presidente del Gobierno de Espa\u00f1a, Pedro S\u00e1nchez, ha apelado este mi\u00e9rcoles directamente al expresidente de la Generalitat Carles Puigdemont en el","og_url":"https:\/\/www.eltriangle.eu\/es\/2023\/12\/13\/sanchez-insta-a-puigdemont-a-seguir-trabajando-por-la-via-del-dialogo-la-negociacion-y-la-constitucion\/","og_site_name":"El Triangle","article_publisher":"https:\/\/www.facebook.com\/El-Triangle-Diari-101787399020302","article_published_time":"2023-12-13T13:00:05+00:00","article_modified_time":"2023-12-13T15:30:55+00:00","og_image":[{"width":1200,"height":800,"url":"https:\/\/www.eltriangle.eu\/wp-content\/uploads\/2023\/12\/1702461786789-20231213-ep-161043b-fm2-eg-019-download-large-e1702480613740.jpg","type":"image\/jpeg"}],"author":"Redacci\u00f3 \/ Ag\u00e8ncies","twitter_card":"summary_large_image","twitter_creator":"@El_Triangle","twitter_site":"@El_Triangle","twitter_misc":{"Escrito por":"Redacci\u00f3 \/ Ag\u00e8ncies","Tiempo de lectura":"2 minutos"},"schema":{"@context":"https:\/\/schema.org","@graph":[{"@type":"NewsArticle","@id":"https:\/\/www.eltriangle.eu\/es\/2023\/12\/13\/sanchez-insta-a-puigdemont-a-seguir-trabajando-por-la-via-del-dialogo-la-negociacion-y-la-constitucion\/#article","isPartOf":{"@id":"https:\/\/www.eltriangle.eu\/es\/2023\/12\/13\/sanchez-insta-a-puigdemont-a-seguir-trabajando-por-la-via-del-dialogo-la-negociacion-y-la-constitucion\/"},"author":{"name":"Redacci\u00f3 \/ Ag\u00e8ncies","@id":"https:\/\/www.eltriangle.eu\/es\/#\/schema\/person\/64856baeb85b6977ea0d14f347aa650f"},"headline":"S\u00e1nchez insta a Puigdemont a seguir trabajando \u00abpor la v\u00eda del di\u00e1logo, la negociaci\u00f3n y la Constituci\u00f3n\u00bb","datePublished":"2023-12-13T13:00:05+00:00","dateModified":"2023-12-13T15:30:55+00:00","mainEntityOfPage":{"@id":"https:\/\/www.eltriangle.eu\/es\/2023\/12\/13\/sanchez-insta-a-puigdemont-a-seguir-trabajando-por-la-via-del-dialogo-la-negociacion-y-la-constitucion\/"},"wordCount":365,"commentCount":0,"publisher":{"@id":"https:\/\/www.eltriangle.eu\/es\/#organization"},"image":{"@id":"https:\/\/www.eltriangle.eu\/es\/2023\/12\/13\/sanchez-insta-a-puigdemont-a-seguir-trabajando-por-la-via-del-dialogo-la-negociacion-y-la-constitucion\/#primaryimage"},"thumbnailUrl":"https:\/\/www.eltriangle.eu\/wp-content\/uploads\/2023\/12\/1702461786789-20231213-ep-161043b-fm2-eg-019-download-large-e1702480613740.jpg","keywords":["Parlamento Europeo","Pedro S\u00e1nchez"],"articleSection":["Actualidad","Poderes"],"inLanguage":"es","potentialAction":[{"@type":"CommentAction","name":"Comment","target":["https:\/\/www.eltriangle.eu\/es\/2023\/12\/13\/sanchez-insta-a-puigdemont-a-seguir-trabajando-por-la-via-del-dialogo-la-negociacion-y-la-constitucion\/#respond"]}]},{"@type":"WebPage","@id":"https:\/\/www.eltriangle.eu\/es\/2023\/12\/13\/sanchez-insta-a-puigdemont-a-seguir-trabajando-por-la-via-del-dialogo-la-negociacion-y-la-constitucion\/","url":"https:\/\/www.eltriangle.eu\/es\/2023\/12\/13\/sanchez-insta-a-puigdemont-a-seguir-trabajando-por-la-via-del-dialogo-la-negociacion-y-la-constitucion\/","name":"S\u00e1nchez insta a Puigdemont a seguir trabajando \"por la v\u00eda del di\u00e1logo, la negociaci\u00f3n y la Constituci\u00f3n\" - El Triangle","isPartOf":{"@id":"https:\/\/www.eltriangle.eu\/es\/#website"},"primaryImageOfPage":{"@id":"https:\/\/www.eltriangle.eu\/es\/2023\/12\/13\/sanchez-insta-a-puigdemont-a-seguir-trabajando-por-la-via-del-dialogo-la-negociacion-y-la-constitucion\/#primaryimage"},"image":{"@id":"https:\/\/www.eltriangle.eu\/es\/2023\/12\/13\/sanchez-insta-a-puigdemont-a-seguir-trabajando-por-la-via-del-dialogo-la-negociacion-y-la-constitucion\/#primaryimage"},"thumbnailUrl":"https:\/\/www.eltriangle.eu\/wp-content\/uploads\/2023\/12\/1702461786789-20231213-ep-161043b-fm2-eg-019-download-large-e1702480613740.jpg","datePublished":"2023-12-13T13:00:05+00:00","dateModified":"2023-12-13T15:30:55+00:00","description":"El presidente del Gobierno de Espa\u00f1a, Pedro S\u00e1nchez, ha apelado este mi\u00e9rcoles directamente al expresidente de la Generalitat Carles Puigdemont en el","breadcrumb":{"@id":"https:\/\/www.eltriangle.eu\/es\/2023\/12\/13\/sanchez-insta-a-puigdemont-a-seguir-trabajando-por-la-via-del-dialogo-la-negociacion-y-la-constitucion\/#breadcrumb"},"inLanguage":"es","potentialAction":[{"@type":"ReadAction","target":["https:\/\/www.eltriangle.eu\/es\/2023\/12\/13\/sanchez-insta-a-puigdemont-a-seguir-trabajando-por-la-via-del-dialogo-la-negociacion-y-la-constitucion\/"]}]},{"@type":"ImageObject","inLanguage":"es","@id":"https:\/\/www.eltriangle.eu\/es\/2023\/12\/13\/sanchez-insta-a-puigdemont-a-seguir-trabajando-por-la-via-del-dialogo-la-negociacion-y-la-constitucion\/#primaryimage","url":"https:\/\/www.eltriangle.eu\/wp-content\/uploads\/2023\/12\/1702461786789-20231213-ep-161043b-fm2-eg-019-download-large-e1702480613740.jpg","contentUrl":"https:\/\/www.eltriangle.eu\/wp-content\/uploads\/2023\/12\/1702461786789-20231213-ep-161043b-fm2-eg-019-download-large-e1702480613740.jpg","width":1200,"height":800,"caption":"El president del Govern d'Espanya, Pedro S\u00e1nchez, compareix a l'Eurocambra (Parlament Europeu)"},{"@type":"BreadcrumbList","@id":"https:\/\/www.eltriangle.eu\/es\/2023\/12\/13\/sanchez-insta-a-puigdemont-a-seguir-trabajando-por-la-via-del-dialogo-la-negociacion-y-la-constitucion\/#breadcrumb","itemListElement":[{"@type":"ListItem","position":1,"name":"Portada","item":"https:\/\/www.eltriangle.eu\/es\/"},{"@type":"ListItem","position":2,"name":"S\u00e1nchez insta a Puigdemont a seguir trabajando \u00abpor la v\u00eda del di\u00e1logo, la negociaci\u00f3n y la Constituci\u00f3n\u00bb"}]},{"@type":"WebSite","@id":"https:\/\/www.eltriangle.eu\/es\/#website","url":"https:\/\/www.eltriangle.eu\/es\/","name":"El Triangle","description":"El Triangle \u00e9s un Diari d&#039;informaci\u00f3 general, editat a Catalunya i escrit en llengua catalana, especialitzat en investigaci\u00f3 period\u00edstica","publisher":{"@id":"https:\/\/www.eltriangle.eu\/es\/#organization"},"potentialAction":[{"@type":"SearchAction","target":{"@type":"EntryPoint","urlTemplate":"https:\/\/www.eltriangle.eu\/es\/?s={search_term_string}"},"query-input":{"@type":"PropertyValueSpecification","valueRequired":true,"valueName":"search_term_string"}}],"inLanguage":"es"},{"@type":["Organization","NewsMediaOrganization"],"@id":"https:\/\/www.eltriangle.eu\/es\/#organization","name":"El Triangle","url":"https:\/\/www.eltriangle.eu\/es\/","logo":{"@type":"ImageObject","inLanguage":"es","@id":"https:\/\/www.eltriangle.eu\/es\/#\/schema\/logo\/image\/","url":"https:\/\/www.eltriangle.eu\/wp-content\/uploads\/2020\/11\/triangle_logo-ajustado.jpg","contentUrl":"https:\/\/www.eltriangle.eu\/wp-content\/uploads\/2020\/11\/triangle_logo-ajustado.jpg","width":521,"height":92,"caption":"El Triangle"},"image":{"@id":"https:\/\/www.eltriangle.eu\/es\/#\/schema\/logo\/image\/"},"sameAs":["https:\/\/www.facebook.com\/El-Triangle-Diari-101787399020302","https:\/\/x.com\/El_Triangle","https:\/\/www.youtube.com\/channel\/UCTIjmYEMYSpdGonuAgNhbcg"]},{"@type":"Person","@id":"https:\/\/www.eltriangle.eu\/es\/#\/schema\/person\/64856baeb85b6977ea0d14f347aa650f","name":"Redacci\u00f3 \/ Ag\u00e8ncies","image":{"@type":"ImageObject","inLanguage":"es","@id":"\/\/www.gravatar.com\/avatar\/351b28574babbd1ad908587a8fb19654?s=96&#038;r=g&#038;d=mm","url":"\/\/www.gravatar.com\/avatar\/351b28574babbd1ad908587a8fb19654?s=96&#038;r=g&#038;d=mm","contentUrl":"\/\/www.gravatar.com\/avatar\/351b28574babbd1ad908587a8fb19654?s=96&#038;r=g&#038;d=mm","caption":"Redacci\u00f3 \/ Ag\u00e8ncies"},"url":"https:\/\/www.eltriangle.eu\/es\/author\/redaccioagencies\/"},{"@type":"SiteNavigationElement","@id":"https:\/\/www.eltriangle.eu\/es\/#site-navigation","cssSelector":[".cib-main-menu"]},{"@type":"WPHeader","@id":"https:\/\/www.eltriangle.eu\/es\/#header","cssSelector":[".cib-header"]},{"@type":"WPFooter","@id":"https:\/\/www.eltriangle.eu\/es\/#footer","cssSelector":[".cib-footer"]}]}},"amp_enabled":true,"_links":{"self":[{"href":"https:\/\/www.eltriangle.eu\/es\/wp-json\/wp\/v2\/posts\/233163","targetHints":{"allow":["GET"]}}],"collection":[{"href":"https:\/\/www.eltriangle.eu\/es\/wp-json\/wp\/v2\/posts"}],"about":[{"href":"https:\/\/www.eltriangle.eu\/es\/wp-json\/wp\/v2\/types\/post"}],"author":[{"embeddable":true,"href":"https:\/\/www.eltriangle.eu\/es\/wp-json\/wp\/v2\/users\/190"}],"replies":[{"embeddable":true,"href":"https:\/\/www.eltriangle.eu\/es\/wp-json\/wp\/v2\/comments?post=233163"}],"version-history":[{"count":0,"href":"https:\/\/www.eltriangle.eu\/es\/wp-json\/wp\/v2\/posts\/233163\/revisions"}],"wp:featuredmedia":[{"embeddable":true,"href":"https:\/\/www.eltriangle.eu\/es\/wp-json\/wp\/v2\/media\/233159"}],"wp:attachment":[{"href":"https:\/\/www.eltriangle.eu\/es\/wp-json\/wp\/v2\/media?parent=233163"}],"wp:term":[{"taxonomy":"category","embeddable":true,"href":"https:\/\/www.eltriangle.eu\/es\/wp-json\/wp\/v2\/categories?post=233163"},{"taxonomy":"post_tag","embeddable":true,"href":"https:\/\/www.eltriangle.eu\/es\/wp-json\/wp\/v2\/tags?post=233163"}],"curies":[{"name":"wp","href":"https:\/\/api.w.org\/{rel}","templated":true}]}}