{"id":233153,"date":"2023-12-13T12:00:12","date_gmt":"2023-12-13T11:00:12","guid":{"rendered":null},"modified":"2023-12-13T14:04:17","modified_gmt":"2023-12-13T13:04:17","slug":"puigdemont-advierte-a-sanchez-que-si-no-cumple-los-acuerdos-tendra-consecuencias-nunca-agradables","status":"publish","type":"post","link":"https:\/\/www.eltriangle.eu\/es\/2023\/12\/13\/puigdemont-advierte-a-sanchez-que-si-no-cumple-los-acuerdos-tendra-consecuencias-nunca-agradables\/","title":{"rendered":"Puigdemont advierte a S\u00e1nchez que si no cumple los acuerdos, tendr\u00e1 \u00abconsecuencias nunca agradables\u00bb"},"content":{"rendered":"<p>El expresidente de la Generalitat <strong>Carles Puigdemont<\/strong> ha advertido este mi\u00e9rcoles al presidente espa\u00f1ol, <strong>Pedro<\/strong> <strong>S\u00e1nchez<\/strong>, de las consecuencias de incumplir sus promesas. En una interpelaci\u00f3n directa desde la Euroc\u00e1mara, donde los dos han coincidido por primera vez, Puigdemont ha reprochado a S\u00e1nchez que el catal\u00e1n todav\u00eda no sea oficial en la Uni\u00f3n Europea (UE): \u201c<strong>Presidente S\u00e1nchez, las oportunidades hay que aprovecharlas. Si se dejan pasar por miedo o por incapacidad, las consecuencias nunca son agradables<\/strong>\u201d, ha avisado el expresidente catal\u00e1n.<\/p>\n<p>Puigdemont tambi\u00e9n ha indicado al jefe del ejecutivo espa\u00f1ol que \u201c<strong>del incumplimiento nace la desconfianza, que puede poner en riesgo incluso un proyecto tan s\u00f3lido como la Uni\u00f3n Europea<\/strong>\u201d, y ha lamentado que \u201choy le hablo en su lengua materna, y no lo puedo hacer en la m\u00eda\u201d. En este sentido, el dirigente y eurodiputado de Junts ha recordado que \u201cmillones de europeos\u201d catalanohablantes no pueden ejercer sus derechos fundamentales porque Europa \u201cno les incluye\u201d, y se ha quejado a S\u00e1nchez de que \u201cnuestra libertad de expresi\u00f3n en esta c\u00e1mara vale menos que la suya\u201d.<i aria-hidden=\"true\"><\/i><\/p>\n","protected":false},"excerpt":{"rendered":"<p>El expresidente de la Generalitat Carles Puigdemont ha advertido este mi\u00e9rcoles al presidente espa\u00f1ol, Pedro S\u00e1nchez, de las consecuencias de incumplir sus promesas. En una interpelaci\u00f3n directa desde la Euroc\u00e1mara, donde los dos han coincidido por primera vez, Puigdemont ha reprochado a S\u00e1nchez que el catal\u00e1n todav\u00eda no sea oficial en la Uni\u00f3n Europea (UE): &#8230; <a title=\"Puigdemont advierte a S\u00e1nchez que si no cumple los acuerdos, tendr\u00e1 \u00abconsecuencias nunca agradables\u00bb\" class=\"read-more\" href=\"https:\/\/www.eltriangle.eu\/es\/2023\/12\/13\/puigdemont-advierte-a-sanchez-que-si-no-cumple-los-acuerdos-tendra-consecuencias-nunca-agradables\/\" aria-label=\"Leer m\u00e1s sobre Puigdemont advierte a S\u00e1nchez que si no cumple los acuerdos, tendr\u00e1 \u00abconsecuencias nunca agradables\u00bb\">Leer m\u00e1s<\/a><\/p>\n","protected":false},"author":179,"featured_media":233149,"comment_status":"open","ping_status":"closed","sticky":false,"template":"","format":"standard","meta":{"_acf_changed":false,"pmpro_default_level":"","footnotes":""},"categories":[24,74],"tags":[2175,277,455],"class_list":["post-233153","post","type-post","status-publish","format-standard","has-post-thumbnail","hentry","category-actualidad","category-poderes","tag-catalan","tag-parlamento-europeo","tag-pedro-sanchez-es","lh_instant_articles-syndicate-yes","pmpro-has-access"],"acf":[],"yoast_head":"<!-- This site is optimized with the Yoast SEO plugin v27.4 - https:\/\/yoast.com\/product\/yoast-seo-wordpress\/ -->\n<title>Puigdemont advierte a S\u00e1nchez que si no cumple los acuerdos, tendr\u00e1 &quot;consecuencias nunca agradables&quot; - El Triangle<\/title>\n<meta name=\"description\" content=\"El expresidente de la Generalitat Carles Puigdemont ha advertido este mi\u00e9rcoles al presidente espa\u00f1ol, Pedro S\u00e1nchez, de las consecuencias de incumplir\" class=\"yoast-seo-meta-tag\" \/>\n<meta name=\"robots\" content=\"index, follow, max-snippet:-1, max-image-preview:large, max-video-preview:-1\" \/>\n<link rel=\"canonical\" href=\"https:\/\/www.eltriangle.eu\/es\/2023\/12\/13\/puigdemont-advierte-a-sanchez-que-si-no-cumple-los-acuerdos-tendra-consecuencias-nunca-agradables\/\" class=\"yoast-seo-meta-tag\" \/>\n<meta property=\"og:locale\" content=\"es_ES\" class=\"yoast-seo-meta-tag\" \/>\n<meta property=\"og:type\" content=\"article\" class=\"yoast-seo-meta-tag\" \/>\n<meta property=\"og:title\" content=\"Puigdemont advierte a S\u00e1nchez que si no cumple los acuerdos, tendr\u00e1 &quot;consecuencias nunca agradables&quot; - El Triangle\" class=\"yoast-seo-meta-tag\" \/>\n<meta property=\"og:description\" content=\"El expresidente de la Generalitat Carles Puigdemont ha advertido este mi\u00e9rcoles al presidente espa\u00f1ol, Pedro S\u00e1nchez, de las consecuencias de incumplir\" class=\"yoast-seo-meta-tag\" \/>\n<meta property=\"og:url\" content=\"https:\/\/www.eltriangle.eu\/es\/2023\/12\/13\/puigdemont-advierte-a-sanchez-que-si-no-cumple-los-acuerdos-tendra-consecuencias-nunca-agradables\/\" class=\"yoast-seo-meta-tag\" \/>\n<meta property=\"og:site_name\" content=\"El Triangle\" class=\"yoast-seo-meta-tag\" \/>\n<meta property=\"article:publisher\" content=\"https:\/\/www.facebook.com\/El-Triangle-Diari-101787399020302\" class=\"yoast-seo-meta-tag\" \/>\n<meta property=\"article:published_time\" content=\"2023-12-13T11:00:12+00:00\" class=\"yoast-seo-meta-tag\" \/>\n<meta property=\"article:modified_time\" content=\"2023-12-13T13:04:17+00:00\" class=\"yoast-seo-meta-tag\" \/>\n<meta property=\"og:image\" content=\"https:\/\/www.eltriangle.eu\/wp-content\/uploads\/2023\/12\/eb904596-c85f-4412-b76a-229c5fc1b86b.jpg\" class=\"yoast-seo-meta-tag\" \/>\n\t<meta property=\"og:image:width\" content=\"1200\" class=\"yoast-seo-meta-tag\" \/>\n\t<meta property=\"og:image:height\" content=\"800\" class=\"yoast-seo-meta-tag\" \/>\n\t<meta property=\"og:image:type\" content=\"image\/jpeg\" class=\"yoast-seo-meta-tag\" \/>\n<meta name=\"author\" content=\"Redacci\u00f3 \/ ACN\" class=\"yoast-seo-meta-tag\" \/>\n<meta name=\"twitter:card\" content=\"summary_large_image\" class=\"yoast-seo-meta-tag\" \/>\n<meta name=\"twitter:creator\" content=\"@El_Triangle\" class=\"yoast-seo-meta-tag\" \/>\n<meta name=\"twitter:site\" content=\"@El_Triangle\" class=\"yoast-seo-meta-tag\" \/>\n<meta name=\"twitter:label1\" content=\"Escrito por\" class=\"yoast-seo-meta-tag\" \/>\n\t<meta name=\"twitter:data1\" content=\"Redacci\u00f3 \/ ACN\" class=\"yoast-seo-meta-tag\" \/>\n\t<meta name=\"twitter:label2\" content=\"Tiempo de lectura\" class=\"yoast-seo-meta-tag\" \/>\n\t<meta name=\"twitter:data2\" content=\"1 minuto\" class=\"yoast-seo-meta-tag\" \/>\n<script type=\"application\/ld+json\" class=\"yoast-schema-graph\">{\"@context\":\"https:\\\/\\\/schema.org\",\"@graph\":[{\"@type\":\"NewsArticle\",\"@id\":\"https:\\\/\\\/www.eltriangle.eu\\\/es\\\/2023\\\/12\\\/13\\\/puigdemont-advierte-a-sanchez-que-si-no-cumple-los-acuerdos-tendra-consecuencias-nunca-agradables\\\/#article\",\"isPartOf\":{\"@id\":\"https:\\\/\\\/www.eltriangle.eu\\\/es\\\/2023\\\/12\\\/13\\\/puigdemont-advierte-a-sanchez-que-si-no-cumple-los-acuerdos-tendra-consecuencias-nunca-agradables\\\/\"},\"author\":{\"name\":\"Redacci\u00f3 \\\/ ACN\",\"@id\":\"https:\\\/\\\/www.eltriangle.eu\\\/es\\\/#\\\/schema\\\/person\\\/6e5938f06dd4dcd413779558fbf437d9\"},\"headline\":\"Puigdemont advierte a S\u00e1nchez que si no cumple los acuerdos, tendr\u00e1 \u00abconsecuencias nunca agradables\u00bb\",\"datePublished\":\"2023-12-13T11:00:12+00:00\",\"dateModified\":\"2023-12-13T13:04:17+00:00\",\"mainEntityOfPage\":{\"@id\":\"https:\\\/\\\/www.eltriangle.eu\\\/es\\\/2023\\\/12\\\/13\\\/puigdemont-advierte-a-sanchez-que-si-no-cumple-los-acuerdos-tendra-consecuencias-nunca-agradables\\\/\"},\"wordCount\":210,\"commentCount\":0,\"publisher\":{\"@id\":\"https:\\\/\\\/www.eltriangle.eu\\\/es\\\/#organization\"},\"image\":{\"@id\":\"https:\\\/\\\/www.eltriangle.eu\\\/es\\\/2023\\\/12\\\/13\\\/puigdemont-advierte-a-sanchez-que-si-no-cumple-los-acuerdos-tendra-consecuencias-nunca-agradables\\\/#primaryimage\"},\"thumbnailUrl\":\"https:\\\/\\\/www.eltriangle.eu\\\/wp-content\\\/uploads\\\/2023\\\/12\\\/eb904596-c85f-4412-b76a-229c5fc1b86b.jpg\",\"keywords\":[\"catal\u00e1n\",\"Parlamento Europeo\",\"Pedro S\u00e1nchez\"],\"articleSection\":[\"Actualidad\",\"Poderes\"],\"inLanguage\":\"es\",\"potentialAction\":[{\"@type\":\"CommentAction\",\"name\":\"Comment\",\"target\":[\"https:\\\/\\\/www.eltriangle.eu\\\/es\\\/2023\\\/12\\\/13\\\/puigdemont-advierte-a-sanchez-que-si-no-cumple-los-acuerdos-tendra-consecuencias-nunca-agradables\\\/#respond\"]}]},{\"@type\":\"WebPage\",\"@id\":\"https:\\\/\\\/www.eltriangle.eu\\\/es\\\/2023\\\/12\\\/13\\\/puigdemont-advierte-a-sanchez-que-si-no-cumple-los-acuerdos-tendra-consecuencias-nunca-agradables\\\/\",\"url\":\"https:\\\/\\\/www.eltriangle.eu\\\/es\\\/2023\\\/12\\\/13\\\/puigdemont-advierte-a-sanchez-que-si-no-cumple-los-acuerdos-tendra-consecuencias-nunca-agradables\\\/\",\"name\":\"Puigdemont advierte a S\u00e1nchez que si no cumple los acuerdos, tendr\u00e1 \\\"consecuencias nunca agradables\\\" - El Triangle\",\"isPartOf\":{\"@id\":\"https:\\\/\\\/www.eltriangle.eu\\\/es\\\/#website\"},\"primaryImageOfPage\":{\"@id\":\"https:\\\/\\\/www.eltriangle.eu\\\/es\\\/2023\\\/12\\\/13\\\/puigdemont-advierte-a-sanchez-que-si-no-cumple-los-acuerdos-tendra-consecuencias-nunca-agradables\\\/#primaryimage\"},\"image\":{\"@id\":\"https:\\\/\\\/www.eltriangle.eu\\\/es\\\/2023\\\/12\\\/13\\\/puigdemont-advierte-a-sanchez-que-si-no-cumple-los-acuerdos-tendra-consecuencias-nunca-agradables\\\/#primaryimage\"},\"thumbnailUrl\":\"https:\\\/\\\/www.eltriangle.eu\\\/wp-content\\\/uploads\\\/2023\\\/12\\\/eb904596-c85f-4412-b76a-229c5fc1b86b.jpg\",\"datePublished\":\"2023-12-13T11:00:12+00:00\",\"dateModified\":\"2023-12-13T13:04:17+00:00\",\"description\":\"El expresidente de la Generalitat Carles Puigdemont ha advertido este mi\u00e9rcoles al presidente espa\u00f1ol, Pedro S\u00e1nchez, de las consecuencias de incumplir\",\"breadcrumb\":{\"@id\":\"https:\\\/\\\/www.eltriangle.eu\\\/es\\\/2023\\\/12\\\/13\\\/puigdemont-advierte-a-sanchez-que-si-no-cumple-los-acuerdos-tendra-consecuencias-nunca-agradables\\\/#breadcrumb\"},\"inLanguage\":\"es\",\"potentialAction\":[{\"@type\":\"ReadAction\",\"target\":[\"https:\\\/\\\/www.eltriangle.eu\\\/es\\\/2023\\\/12\\\/13\\\/puigdemont-advierte-a-sanchez-que-si-no-cumple-los-acuerdos-tendra-consecuencias-nunca-agradables\\\/\"]}]},{\"@type\":\"ImageObject\",\"inLanguage\":\"es\",\"@id\":\"https:\\\/\\\/www.eltriangle.eu\\\/es\\\/2023\\\/12\\\/13\\\/puigdemont-advierte-a-sanchez-que-si-no-cumple-los-acuerdos-tendra-consecuencias-nunca-agradables\\\/#primaryimage\",\"url\":\"https:\\\/\\\/www.eltriangle.eu\\\/wp-content\\\/uploads\\\/2023\\\/12\\\/eb904596-c85f-4412-b76a-229c5fc1b86b.jpg\",\"contentUrl\":\"https:\\\/\\\/www.eltriangle.eu\\\/wp-content\\\/uploads\\\/2023\\\/12\\\/eb904596-c85f-4412-b76a-229c5fc1b86b.jpg\",\"width\":1200,\"height\":800,\"caption\":\"El eurodiputado de Junts y expresidente de la Generalitat, Carles Puigdemont, durante la intervenci\u00f3n en el debate con Pedro S\u00e1nchez en Estrasburgo (Parlamento Europeo)\"},{\"@type\":\"BreadcrumbList\",\"@id\":\"https:\\\/\\\/www.eltriangle.eu\\\/es\\\/2023\\\/12\\\/13\\\/puigdemont-advierte-a-sanchez-que-si-no-cumple-los-acuerdos-tendra-consecuencias-nunca-agradables\\\/#breadcrumb\",\"itemListElement\":[{\"@type\":\"ListItem\",\"position\":1,\"name\":\"Portada\",\"item\":\"https:\\\/\\\/www.eltriangle.eu\\\/es\\\/\"},{\"@type\":\"ListItem\",\"position\":2,\"name\":\"Puigdemont advierte a S\u00e1nchez que si no cumple los acuerdos, tendr\u00e1 \u00abconsecuencias nunca agradables\u00bb\"}]},{\"@type\":\"WebSite\",\"@id\":\"https:\\\/\\\/www.eltriangle.eu\\\/es\\\/#website\",\"url\":\"https:\\\/\\\/www.eltriangle.eu\\\/es\\\/\",\"name\":\"El Triangle\",\"description\":\"El Triangle \u00e9s un Diari d&#039;informaci\u00f3 general, editat a Catalunya i escrit en llengua catalana, especialitzat en investigaci\u00f3 period\u00edstica\",\"publisher\":{\"@id\":\"https:\\\/\\\/www.eltriangle.eu\\\/es\\\/#organization\"},\"potentialAction\":[{\"@type\":\"SearchAction\",\"target\":{\"@type\":\"EntryPoint\",\"urlTemplate\":\"https:\\\/\\\/www.eltriangle.eu\\\/es\\\/?s={search_term_string}\"},\"query-input\":{\"@type\":\"PropertyValueSpecification\",\"valueRequired\":true,\"valueName\":\"search_term_string\"}}],\"inLanguage\":\"es\"},{\"@type\":[\"Organization\",\"NewsMediaOrganization\"],\"@id\":\"https:\\\/\\\/www.eltriangle.eu\\\/es\\\/#organization\",\"name\":\"El Triangle\",\"url\":\"https:\\\/\\\/www.eltriangle.eu\\\/es\\\/\",\"logo\":{\"@type\":\"ImageObject\",\"inLanguage\":\"es\",\"@id\":\"https:\\\/\\\/www.eltriangle.eu\\\/es\\\/#\\\/schema\\\/logo\\\/image\\\/\",\"url\":\"https:\\\/\\\/www.eltriangle.eu\\\/wp-content\\\/uploads\\\/2020\\\/11\\\/triangle_logo-ajustado.jpg\",\"contentUrl\":\"https:\\\/\\\/www.eltriangle.eu\\\/wp-content\\\/uploads\\\/2020\\\/11\\\/triangle_logo-ajustado.jpg\",\"width\":521,\"height\":92,\"caption\":\"El Triangle\"},\"image\":{\"@id\":\"https:\\\/\\\/www.eltriangle.eu\\\/es\\\/#\\\/schema\\\/logo\\\/image\\\/\"},\"sameAs\":[\"https:\\\/\\\/www.facebook.com\\\/El-Triangle-Diari-101787399020302\",\"https:\\\/\\\/x.com\\\/El_Triangle\",\"https:\\\/\\\/www.youtube.com\\\/channel\\\/UCTIjmYEMYSpdGonuAgNhbcg\"]},{\"@type\":\"Person\",\"@id\":\"https:\\\/\\\/www.eltriangle.eu\\\/es\\\/#\\\/schema\\\/person\\\/6e5938f06dd4dcd413779558fbf437d9\",\"name\":\"Redacci\u00f3 \\\/ ACN\",\"image\":{\"@type\":\"ImageObject\",\"inLanguage\":\"es\",\"@id\":\"\\\/\\\/www.gravatar.com\\\/avatar\\\/a5bc366245a614da74d9f8d49d1b53bf?s=96&#038;r=g&#038;d=mm\",\"url\":\"\\\/\\\/www.gravatar.com\\\/avatar\\\/a5bc366245a614da74d9f8d49d1b53bf?s=96&#038;r=g&#038;d=mm\",\"contentUrl\":\"\\\/\\\/www.gravatar.com\\\/avatar\\\/a5bc366245a614da74d9f8d49d1b53bf?s=96&#038;r=g&#038;d=mm\",\"caption\":\"Redacci\u00f3 \\\/ ACN\"},\"url\":\"https:\\\/\\\/www.eltriangle.eu\\\/es\\\/author\\\/redaccioacn\\\/\"},{\"@type\":\"SiteNavigationElement\",\"@id\":\"https:\\\/\\\/www.eltriangle.eu\\\/es\\\/#site-navigation\",\"cssSelector\":[\".cib-main-menu\"]},{\"@type\":\"WPHeader\",\"@id\":\"https:\\\/\\\/www.eltriangle.eu\\\/es\\\/#header\",\"cssSelector\":[\".cib-header\"]},{\"@type\":\"WPFooter\",\"@id\":\"https:\\\/\\\/www.eltriangle.eu\\\/es\\\/#footer\",\"cssSelector\":[\".cib-footer\"]}]}<\/script>\n<!-- \/ Yoast SEO plugin. -->","yoast_head_json":{"title":"Puigdemont advierte a S\u00e1nchez que si no cumple los acuerdos, tendr\u00e1 \"consecuencias nunca agradables\" - El Triangle","description":"El expresidente de la Generalitat Carles Puigdemont ha advertido este mi\u00e9rcoles al presidente espa\u00f1ol, Pedro S\u00e1nchez, de las consecuencias de incumplir","robots":{"index":"index","follow":"follow","max-snippet":"max-snippet:-1","max-image-preview":"max-image-preview:large","max-video-preview":"max-video-preview:-1"},"canonical":"https:\/\/www.eltriangle.eu\/es\/2023\/12\/13\/puigdemont-advierte-a-sanchez-que-si-no-cumple-los-acuerdos-tendra-consecuencias-nunca-agradables\/","og_locale":"es_ES","og_type":"article","og_title":"Puigdemont advierte a S\u00e1nchez que si no cumple los acuerdos, tendr\u00e1 \"consecuencias nunca agradables\" - El Triangle","og_description":"El expresidente de la Generalitat Carles Puigdemont ha advertido este mi\u00e9rcoles al presidente espa\u00f1ol, Pedro S\u00e1nchez, de las consecuencias de incumplir","og_url":"https:\/\/www.eltriangle.eu\/es\/2023\/12\/13\/puigdemont-advierte-a-sanchez-que-si-no-cumple-los-acuerdos-tendra-consecuencias-nunca-agradables\/","og_site_name":"El Triangle","article_publisher":"https:\/\/www.facebook.com\/El-Triangle-Diari-101787399020302","article_published_time":"2023-12-13T11:00:12+00:00","article_modified_time":"2023-12-13T13:04:17+00:00","og_image":[{"width":1200,"height":800,"url":"https:\/\/www.eltriangle.eu\/wp-content\/uploads\/2023\/12\/eb904596-c85f-4412-b76a-229c5fc1b86b.jpg","type":"image\/jpeg"}],"author":"Redacci\u00f3 \/ ACN","twitter_card":"summary_large_image","twitter_creator":"@El_Triangle","twitter_site":"@El_Triangle","twitter_misc":{"Escrito por":"Redacci\u00f3 \/ ACN","Tiempo de lectura":"1 minuto"},"schema":{"@context":"https:\/\/schema.org","@graph":[{"@type":"NewsArticle","@id":"https:\/\/www.eltriangle.eu\/es\/2023\/12\/13\/puigdemont-advierte-a-sanchez-que-si-no-cumple-los-acuerdos-tendra-consecuencias-nunca-agradables\/#article","isPartOf":{"@id":"https:\/\/www.eltriangle.eu\/es\/2023\/12\/13\/puigdemont-advierte-a-sanchez-que-si-no-cumple-los-acuerdos-tendra-consecuencias-nunca-agradables\/"},"author":{"name":"Redacci\u00f3 \/ ACN","@id":"https:\/\/www.eltriangle.eu\/es\/#\/schema\/person\/6e5938f06dd4dcd413779558fbf437d9"},"headline":"Puigdemont advierte a S\u00e1nchez que si no cumple los acuerdos, tendr\u00e1 \u00abconsecuencias nunca agradables\u00bb","datePublished":"2023-12-13T11:00:12+00:00","dateModified":"2023-12-13T13:04:17+00:00","mainEntityOfPage":{"@id":"https:\/\/www.eltriangle.eu\/es\/2023\/12\/13\/puigdemont-advierte-a-sanchez-que-si-no-cumple-los-acuerdos-tendra-consecuencias-nunca-agradables\/"},"wordCount":210,"commentCount":0,"publisher":{"@id":"https:\/\/www.eltriangle.eu\/es\/#organization"},"image":{"@id":"https:\/\/www.eltriangle.eu\/es\/2023\/12\/13\/puigdemont-advierte-a-sanchez-que-si-no-cumple-los-acuerdos-tendra-consecuencias-nunca-agradables\/#primaryimage"},"thumbnailUrl":"https:\/\/www.eltriangle.eu\/wp-content\/uploads\/2023\/12\/eb904596-c85f-4412-b76a-229c5fc1b86b.jpg","keywords":["catal\u00e1n","Parlamento Europeo","Pedro S\u00e1nchez"],"articleSection":["Actualidad","Poderes"],"inLanguage":"es","potentialAction":[{"@type":"CommentAction","name":"Comment","target":["https:\/\/www.eltriangle.eu\/es\/2023\/12\/13\/puigdemont-advierte-a-sanchez-que-si-no-cumple-los-acuerdos-tendra-consecuencias-nunca-agradables\/#respond"]}]},{"@type":"WebPage","@id":"https:\/\/www.eltriangle.eu\/es\/2023\/12\/13\/puigdemont-advierte-a-sanchez-que-si-no-cumple-los-acuerdos-tendra-consecuencias-nunca-agradables\/","url":"https:\/\/www.eltriangle.eu\/es\/2023\/12\/13\/puigdemont-advierte-a-sanchez-que-si-no-cumple-los-acuerdos-tendra-consecuencias-nunca-agradables\/","name":"Puigdemont advierte a S\u00e1nchez que si no cumple los acuerdos, tendr\u00e1 \"consecuencias nunca agradables\" - El Triangle","isPartOf":{"@id":"https:\/\/www.eltriangle.eu\/es\/#website"},"primaryImageOfPage":{"@id":"https:\/\/www.eltriangle.eu\/es\/2023\/12\/13\/puigdemont-advierte-a-sanchez-que-si-no-cumple-los-acuerdos-tendra-consecuencias-nunca-agradables\/#primaryimage"},"image":{"@id":"https:\/\/www.eltriangle.eu\/es\/2023\/12\/13\/puigdemont-advierte-a-sanchez-que-si-no-cumple-los-acuerdos-tendra-consecuencias-nunca-agradables\/#primaryimage"},"thumbnailUrl":"https:\/\/www.eltriangle.eu\/wp-content\/uploads\/2023\/12\/eb904596-c85f-4412-b76a-229c5fc1b86b.jpg","datePublished":"2023-12-13T11:00:12+00:00","dateModified":"2023-12-13T13:04:17+00:00","description":"El expresidente de la Generalitat Carles Puigdemont ha advertido este mi\u00e9rcoles al presidente espa\u00f1ol, Pedro S\u00e1nchez, de las consecuencias de incumplir","breadcrumb":{"@id":"https:\/\/www.eltriangle.eu\/es\/2023\/12\/13\/puigdemont-advierte-a-sanchez-que-si-no-cumple-los-acuerdos-tendra-consecuencias-nunca-agradables\/#breadcrumb"},"inLanguage":"es","potentialAction":[{"@type":"ReadAction","target":["https:\/\/www.eltriangle.eu\/es\/2023\/12\/13\/puigdemont-advierte-a-sanchez-que-si-no-cumple-los-acuerdos-tendra-consecuencias-nunca-agradables\/"]}]},{"@type":"ImageObject","inLanguage":"es","@id":"https:\/\/www.eltriangle.eu\/es\/2023\/12\/13\/puigdemont-advierte-a-sanchez-que-si-no-cumple-los-acuerdos-tendra-consecuencias-nunca-agradables\/#primaryimage","url":"https:\/\/www.eltriangle.eu\/wp-content\/uploads\/2023\/12\/eb904596-c85f-4412-b76a-229c5fc1b86b.jpg","contentUrl":"https:\/\/www.eltriangle.eu\/wp-content\/uploads\/2023\/12\/eb904596-c85f-4412-b76a-229c5fc1b86b.jpg","width":1200,"height":800,"caption":"El eurodiputado de Junts y expresidente de la Generalitat, Carles Puigdemont, durante la intervenci\u00f3n en el debate con Pedro S\u00e1nchez en Estrasburgo (Parlamento Europeo)"},{"@type":"BreadcrumbList","@id":"https:\/\/www.eltriangle.eu\/es\/2023\/12\/13\/puigdemont-advierte-a-sanchez-que-si-no-cumple-los-acuerdos-tendra-consecuencias-nunca-agradables\/#breadcrumb","itemListElement":[{"@type":"ListItem","position":1,"name":"Portada","item":"https:\/\/www.eltriangle.eu\/es\/"},{"@type":"ListItem","position":2,"name":"Puigdemont advierte a S\u00e1nchez que si no cumple los acuerdos, tendr\u00e1 \u00abconsecuencias nunca agradables\u00bb"}]},{"@type":"WebSite","@id":"https:\/\/www.eltriangle.eu\/es\/#website","url":"https:\/\/www.eltriangle.eu\/es\/","name":"El Triangle","description":"El Triangle \u00e9s un Diari d&#039;informaci\u00f3 general, editat a Catalunya i escrit en llengua catalana, especialitzat en investigaci\u00f3 period\u00edstica","publisher":{"@id":"https:\/\/www.eltriangle.eu\/es\/#organization"},"potentialAction":[{"@type":"SearchAction","target":{"@type":"EntryPoint","urlTemplate":"https:\/\/www.eltriangle.eu\/es\/?s={search_term_string}"},"query-input":{"@type":"PropertyValueSpecification","valueRequired":true,"valueName":"search_term_string"}}],"inLanguage":"es"},{"@type":["Organization","NewsMediaOrganization"],"@id":"https:\/\/www.eltriangle.eu\/es\/#organization","name":"El Triangle","url":"https:\/\/www.eltriangle.eu\/es\/","logo":{"@type":"ImageObject","inLanguage":"es","@id":"https:\/\/www.eltriangle.eu\/es\/#\/schema\/logo\/image\/","url":"https:\/\/www.eltriangle.eu\/wp-content\/uploads\/2020\/11\/triangle_logo-ajustado.jpg","contentUrl":"https:\/\/www.eltriangle.eu\/wp-content\/uploads\/2020\/11\/triangle_logo-ajustado.jpg","width":521,"height":92,"caption":"El Triangle"},"image":{"@id":"https:\/\/www.eltriangle.eu\/es\/#\/schema\/logo\/image\/"},"sameAs":["https:\/\/www.facebook.com\/El-Triangle-Diari-101787399020302","https:\/\/x.com\/El_Triangle","https:\/\/www.youtube.com\/channel\/UCTIjmYEMYSpdGonuAgNhbcg"]},{"@type":"Person","@id":"https:\/\/www.eltriangle.eu\/es\/#\/schema\/person\/6e5938f06dd4dcd413779558fbf437d9","name":"Redacci\u00f3 \/ ACN","image":{"@type":"ImageObject","inLanguage":"es","@id":"\/\/www.gravatar.com\/avatar\/a5bc366245a614da74d9f8d49d1b53bf?s=96&#038;r=g&#038;d=mm","url":"\/\/www.gravatar.com\/avatar\/a5bc366245a614da74d9f8d49d1b53bf?s=96&#038;r=g&#038;d=mm","contentUrl":"\/\/www.gravatar.com\/avatar\/a5bc366245a614da74d9f8d49d1b53bf?s=96&#038;r=g&#038;d=mm","caption":"Redacci\u00f3 \/ ACN"},"url":"https:\/\/www.eltriangle.eu\/es\/author\/redaccioacn\/"},{"@type":"SiteNavigationElement","@id":"https:\/\/www.eltriangle.eu\/es\/#site-navigation","cssSelector":[".cib-main-menu"]},{"@type":"WPHeader","@id":"https:\/\/www.eltriangle.eu\/es\/#header","cssSelector":[".cib-header"]},{"@type":"WPFooter","@id":"https:\/\/www.eltriangle.eu\/es\/#footer","cssSelector":[".cib-footer"]}]}},"amp_enabled":true,"_links":{"self":[{"href":"https:\/\/www.eltriangle.eu\/es\/wp-json\/wp\/v2\/posts\/233153","targetHints":{"allow":["GET"]}}],"collection":[{"href":"https:\/\/www.eltriangle.eu\/es\/wp-json\/wp\/v2\/posts"}],"about":[{"href":"https:\/\/www.eltriangle.eu\/es\/wp-json\/wp\/v2\/types\/post"}],"author":[{"embeddable":true,"href":"https:\/\/www.eltriangle.eu\/es\/wp-json\/wp\/v2\/users\/179"}],"replies":[{"embeddable":true,"href":"https:\/\/www.eltriangle.eu\/es\/wp-json\/wp\/v2\/comments?post=233153"}],"version-history":[{"count":0,"href":"https:\/\/www.eltriangle.eu\/es\/wp-json\/wp\/v2\/posts\/233153\/revisions"}],"wp:featuredmedia":[{"embeddable":true,"href":"https:\/\/www.eltriangle.eu\/es\/wp-json\/wp\/v2\/media\/233149"}],"wp:attachment":[{"href":"https:\/\/www.eltriangle.eu\/es\/wp-json\/wp\/v2\/media?parent=233153"}],"wp:term":[{"taxonomy":"category","embeddable":true,"href":"https:\/\/www.eltriangle.eu\/es\/wp-json\/wp\/v2\/categories?post=233153"},{"taxonomy":"post_tag","embeddable":true,"href":"https:\/\/www.eltriangle.eu\/es\/wp-json\/wp\/v2\/tags?post=233153"}],"curies":[{"name":"wp","href":"https:\/\/api.w.org\/{rel}","templated":true}]}}