{"id":230997,"date":"2023-11-30T08:10:46","date_gmt":"2023-11-30T07:10:46","guid":{"rendered":null},"modified":"2023-11-30T11:31:43","modified_gmt":"2023-11-30T10:31:43","slug":"el-76-del-hachis-decomisado-el-pasado-ano-en-cataluna-se-intercepto-en-tarragona","status":"publish","type":"post","link":"https:\/\/www.eltriangle.eu\/es\/2023\/11\/30\/el-76-del-hachis-decomisado-el-pasado-ano-en-cataluna-se-intercepto-en-tarragona\/","title":{"rendered":"El 76% del hach\u00eds decomisado el pasado a\u00f1o en Catalu\u00f1a se intercept\u00f3 en Tarragona"},"content":{"rendered":"<p><strong>El 76% del hach\u00eds decomisado en 2022 en Catalu\u00f1a se intercept\u00f3 en la provincia de Tarragona<\/strong>, seg\u00fan datos de la Guardia Civil. Desde principios de a\u00f1o y hasta noviembre, el cuerpo ha desarticulado cinco organizaciones dedicadas al tr\u00e1fico de marihuana. Estas actuaciones se han saldado con 22.000 plantas incautadas, 50 detenidos y 35 registros. En una entrevista en la ACN, el teniente coronel de la comandancia tarraconense, <strong>Jordi Verger<\/strong>, ha subrayado que han descabezado la c\u00fapula de estos grupos y que la presi\u00f3n policial ejercida ha hecho que se desplacen hacia otros lugares. Tambi\u00e9n se\u00f1ala que algunos de los arrestados son v\u00edctimas del tr\u00e1fico de seres humanos.<\/p>\n<p><strong>Verger explica que el hach\u00eds llega v\u00eda mar\u00edtima desde el norte de \u00c1frica a las costas tarraconenses y ebrencas<\/strong>. En el caso de la provincia, dice que existen organizaciones que facilitan la llegada y el almacenamiento de esta droga, as\u00ed como su transporte, principalmente, hacia Europa. \u00abTradicionalmente, nos hemos encontrado con organizaciones que ya van haciendo esto y que junto a la presi\u00f3n en el sur de Espa\u00f1a, con operaciones especiales contra este fen\u00f3meno delincuencial, ha hecho que estas bandas busquen otra vez el \u00e1mbito de Tarragona\u00bb, indica el responsable policial.<\/p>\n<p>Por lo que, indica, el 76% del hach\u00eds que se comis\u00f3 el pasado a\u00f1o en Catalunya se intercept\u00f3 en la provincia tarraconense. En concreto, <strong>se incautaron de 7.852 kilogramos de esta sustancia en el a\u00f1o 2022 y en lo que llevamos de este a\u00f1o la cifra asciende a los 9.965 kilogramos<\/strong>. \u00abCon esta presi\u00f3n hecha en Tarragona hemos podido verificar que estas organizaciones han desplazado sus actuaciones de descarga a otras provincias y, por tanto, tenemos constancia de la llegada de hach\u00eds tanto a la provincia de Barcelona, de Girona o tambi\u00e9n a la de Castell\u00f3n; al menos hemos conseguido que estas bandas se planteen buscar otras alternativas\u00bb, ha a\u00f1adido.<\/p>\n<p>Verger afirma que les preocupa que las organizaciones criminales elijan Tarragona o Catalu\u00f1a como el lugar para instalar su actividad delictiva. \u00abPreferir\u00edamos que no lo hicieran, estamos intentando que lo tengan muy dif\u00edcil para hacer estas plantaciones y que si las montan tarde o temprano las podamos detectar para que se dediquen a otra cosa o que lo hagan a otro pa\u00eds que no sea Espa\u00f1a\u00bb, ha aseverado.<\/p>\n","protected":false},"excerpt":{"rendered":"<p>El 76% del hach\u00eds decomisado en 2022 en Catalu\u00f1a se intercept\u00f3 en la provincia de Tarragona, seg\u00fan datos de la Guardia Civil. Desde principios de a\u00f1o y hasta noviembre, el cuerpo ha desarticulado cinco organizaciones dedicadas al tr\u00e1fico de marihuana. Estas actuaciones se han saldado con 22.000 plantas incautadas, 50 detenidos y 35 registros. En &#8230; <a title=\"El 76% del hach\u00eds decomisado el pasado a\u00f1o en Catalu\u00f1a se intercept\u00f3 en Tarragona\" class=\"read-more\" href=\"https:\/\/www.eltriangle.eu\/es\/2023\/11\/30\/el-76-del-hachis-decomisado-el-pasado-ano-en-cataluna-se-intercepto-en-tarragona\/\" aria-label=\"Leer m\u00e1s sobre El 76% del hach\u00eds decomisado el pasado a\u00f1o en Catalu\u00f1a se intercept\u00f3 en Tarragona\">Leer m\u00e1s<\/a><\/p>\n","protected":false},"author":190,"featured_media":230993,"comment_status":"open","ping_status":"closed","sticky":false,"template":"","format":"standard","meta":{"_acf_changed":false,"pmpro_default_level":"","footnotes":""},"categories":[24,76],"tags":[282],"class_list":["post-230997","post","type-post","status-publish","format-standard","has-post-thumbnail","hentry","category-actualidad","category-en-la-calle","tag-guardia-civil-es","lh_instant_articles-syndicate-yes","pmpro-has-access"],"acf":[],"yoast_head":"<!-- This site is optimized with the Yoast SEO plugin v27.4 - https:\/\/yoast.com\/product\/yoast-seo-wordpress\/ -->\n<title>El 76% del hach\u00eds decomisado el pasado a\u00f1o en Catalu\u00f1a se intercept\u00f3 en Tarragona - El Triangle<\/title>\n<meta name=\"description\" content=\"El 76% del hach\u00eds decomisado en 2022 en Catalu\u00f1a se intercept\u00f3 en la provincia de Tarragona, seg\u00fan datos de la Guardia Civil. Desde principios de a\u00f1o y\" class=\"yoast-seo-meta-tag\" \/>\n<meta name=\"robots\" content=\"index, follow, max-snippet:-1, max-image-preview:large, max-video-preview:-1\" \/>\n<link rel=\"canonical\" href=\"https:\/\/www.eltriangle.eu\/es\/2023\/11\/30\/el-76-del-hachis-decomisado-el-pasado-ano-en-cataluna-se-intercepto-en-tarragona\/\" class=\"yoast-seo-meta-tag\" \/>\n<meta property=\"og:locale\" content=\"es_ES\" class=\"yoast-seo-meta-tag\" \/>\n<meta property=\"og:type\" content=\"article\" class=\"yoast-seo-meta-tag\" \/>\n<meta property=\"og:title\" content=\"El 76% del hach\u00eds decomisado el pasado a\u00f1o en Catalu\u00f1a se intercept\u00f3 en Tarragona - El Triangle\" class=\"yoast-seo-meta-tag\" \/>\n<meta property=\"og:description\" content=\"El 76% del hach\u00eds decomisado en 2022 en Catalu\u00f1a se intercept\u00f3 en la provincia de Tarragona, seg\u00fan datos de la Guardia Civil. Desde principios de a\u00f1o y\" class=\"yoast-seo-meta-tag\" \/>\n<meta property=\"og:url\" content=\"https:\/\/www.eltriangle.eu\/es\/2023\/11\/30\/el-76-del-hachis-decomisado-el-pasado-ano-en-cataluna-se-intercepto-en-tarragona\/\" class=\"yoast-seo-meta-tag\" \/>\n<meta property=\"og:site_name\" content=\"El Triangle\" class=\"yoast-seo-meta-tag\" \/>\n<meta property=\"article:publisher\" content=\"https:\/\/www.facebook.com\/El-Triangle-Diari-101787399020302\" class=\"yoast-seo-meta-tag\" \/>\n<meta property=\"article:published_time\" content=\"2023-11-30T07:10:46+00:00\" class=\"yoast-seo-meta-tag\" \/>\n<meta property=\"article:modified_time\" content=\"2023-11-30T10:31:43+00:00\" class=\"yoast-seo-meta-tag\" \/>\n<meta property=\"og:image\" content=\"https:\/\/www.eltriangle.eu\/wp-content\/uploads\/2023\/11\/c0b0d74f-cc25-4240-bf0e-f0c8d504e587.jpg\" class=\"yoast-seo-meta-tag\" \/>\n\t<meta property=\"og:image:width\" content=\"1200\" class=\"yoast-seo-meta-tag\" \/>\n\t<meta property=\"og:image:height\" content=\"800\" class=\"yoast-seo-meta-tag\" \/>\n\t<meta property=\"og:image:type\" content=\"image\/jpeg\" class=\"yoast-seo-meta-tag\" \/>\n<meta name=\"author\" content=\"Redacci\u00f3 \/ Ag\u00e8ncies\" class=\"yoast-seo-meta-tag\" \/>\n<meta name=\"twitter:card\" content=\"summary_large_image\" class=\"yoast-seo-meta-tag\" \/>\n<meta name=\"twitter:creator\" content=\"@El_Triangle\" class=\"yoast-seo-meta-tag\" \/>\n<meta name=\"twitter:site\" content=\"@El_Triangle\" class=\"yoast-seo-meta-tag\" \/>\n<meta name=\"twitter:label1\" content=\"Escrito por\" class=\"yoast-seo-meta-tag\" \/>\n\t<meta name=\"twitter:data1\" content=\"Redacci\u00f3 \/ Ag\u00e8ncies\" class=\"yoast-seo-meta-tag\" \/>\n\t<meta name=\"twitter:label2\" content=\"Tiempo de lectura\" class=\"yoast-seo-meta-tag\" \/>\n\t<meta name=\"twitter:data2\" content=\"2 minutos\" class=\"yoast-seo-meta-tag\" \/>\n<script type=\"application\/ld+json\" class=\"yoast-schema-graph\">{\"@context\":\"https:\\\/\\\/schema.org\",\"@graph\":[{\"@type\":\"NewsArticle\",\"@id\":\"https:\\\/\\\/www.eltriangle.eu\\\/es\\\/2023\\\/11\\\/30\\\/el-76-del-hachis-decomisado-el-pasado-ano-en-cataluna-se-intercepto-en-tarragona\\\/#article\",\"isPartOf\":{\"@id\":\"https:\\\/\\\/www.eltriangle.eu\\\/es\\\/2023\\\/11\\\/30\\\/el-76-del-hachis-decomisado-el-pasado-ano-en-cataluna-se-intercepto-en-tarragona\\\/\"},\"author\":{\"name\":\"Redacci\u00f3 \\\/ Ag\u00e8ncies\",\"@id\":\"https:\\\/\\\/www.eltriangle.eu\\\/es\\\/#\\\/schema\\\/person\\\/64856baeb85b6977ea0d14f347aa650f\"},\"headline\":\"El 76% del hach\u00eds decomisado el pasado a\u00f1o en Catalu\u00f1a se intercept\u00f3 en Tarragona\",\"datePublished\":\"2023-11-30T07:10:46+00:00\",\"dateModified\":\"2023-11-30T10:31:43+00:00\",\"mainEntityOfPage\":{\"@id\":\"https:\\\/\\\/www.eltriangle.eu\\\/es\\\/2023\\\/11\\\/30\\\/el-76-del-hachis-decomisado-el-pasado-ano-en-cataluna-se-intercepto-en-tarragona\\\/\"},\"wordCount\":414,\"commentCount\":0,\"publisher\":{\"@id\":\"https:\\\/\\\/www.eltriangle.eu\\\/es\\\/#organization\"},\"image\":{\"@id\":\"https:\\\/\\\/www.eltriangle.eu\\\/es\\\/2023\\\/11\\\/30\\\/el-76-del-hachis-decomisado-el-pasado-ano-en-cataluna-se-intercepto-en-tarragona\\\/#primaryimage\"},\"thumbnailUrl\":\"https:\\\/\\\/www.eltriangle.eu\\\/wp-content\\\/uploads\\\/2023\\\/11\\\/c0b0d74f-cc25-4240-bf0e-f0c8d504e587.jpg\",\"keywords\":[\"Guardia Civil\"],\"articleSection\":[\"Actualidad\",\"En la calle\"],\"inLanguage\":\"es\",\"potentialAction\":[{\"@type\":\"CommentAction\",\"name\":\"Comment\",\"target\":[\"https:\\\/\\\/www.eltriangle.eu\\\/es\\\/2023\\\/11\\\/30\\\/el-76-del-hachis-decomisado-el-pasado-ano-en-cataluna-se-intercepto-en-tarragona\\\/#respond\"]}]},{\"@type\":\"WebPage\",\"@id\":\"https:\\\/\\\/www.eltriangle.eu\\\/es\\\/2023\\\/11\\\/30\\\/el-76-del-hachis-decomisado-el-pasado-ano-en-cataluna-se-intercepto-en-tarragona\\\/\",\"url\":\"https:\\\/\\\/www.eltriangle.eu\\\/es\\\/2023\\\/11\\\/30\\\/el-76-del-hachis-decomisado-el-pasado-ano-en-cataluna-se-intercepto-en-tarragona\\\/\",\"name\":\"El 76% del hach\u00eds decomisado el pasado a\u00f1o en Catalu\u00f1a se intercept\u00f3 en Tarragona - El Triangle\",\"isPartOf\":{\"@id\":\"https:\\\/\\\/www.eltriangle.eu\\\/es\\\/#website\"},\"primaryImageOfPage\":{\"@id\":\"https:\\\/\\\/www.eltriangle.eu\\\/es\\\/2023\\\/11\\\/30\\\/el-76-del-hachis-decomisado-el-pasado-ano-en-cataluna-se-intercepto-en-tarragona\\\/#primaryimage\"},\"image\":{\"@id\":\"https:\\\/\\\/www.eltriangle.eu\\\/es\\\/2023\\\/11\\\/30\\\/el-76-del-hachis-decomisado-el-pasado-ano-en-cataluna-se-intercepto-en-tarragona\\\/#primaryimage\"},\"thumbnailUrl\":\"https:\\\/\\\/www.eltriangle.eu\\\/wp-content\\\/uploads\\\/2023\\\/11\\\/c0b0d74f-cc25-4240-bf0e-f0c8d504e587.jpg\",\"datePublished\":\"2023-11-30T07:10:46+00:00\",\"dateModified\":\"2023-11-30T10:31:43+00:00\",\"description\":\"El 76% del hach\u00eds decomisado en 2022 en Catalu\u00f1a se intercept\u00f3 en la provincia de Tarragona, seg\u00fan datos de la Guardia Civil. Desde principios de a\u00f1o y\",\"breadcrumb\":{\"@id\":\"https:\\\/\\\/www.eltriangle.eu\\\/es\\\/2023\\\/11\\\/30\\\/el-76-del-hachis-decomisado-el-pasado-ano-en-cataluna-se-intercepto-en-tarragona\\\/#breadcrumb\"},\"inLanguage\":\"es\",\"potentialAction\":[{\"@type\":\"ReadAction\",\"target\":[\"https:\\\/\\\/www.eltriangle.eu\\\/es\\\/2023\\\/11\\\/30\\\/el-76-del-hachis-decomisado-el-pasado-ano-en-cataluna-se-intercepto-en-tarragona\\\/\"]}]},{\"@type\":\"ImageObject\",\"inLanguage\":\"es\",\"@id\":\"https:\\\/\\\/www.eltriangle.eu\\\/es\\\/2023\\\/11\\\/30\\\/el-76-del-hachis-decomisado-el-pasado-ano-en-cataluna-se-intercepto-en-tarragona\\\/#primaryimage\",\"url\":\"https:\\\/\\\/www.eltriangle.eu\\\/wp-content\\\/uploads\\\/2023\\\/11\\\/c0b0d74f-cc25-4240-bf0e-f0c8d504e587.jpg\",\"contentUrl\":\"https:\\\/\\\/www.eltriangle.eu\\\/wp-content\\\/uploads\\\/2023\\\/11\\\/c0b0d74f-cc25-4240-bf0e-f0c8d504e587.jpg\",\"width\":1200,\"height\":800,\"caption\":\"El tinent coronel de la Gu\u00e0rdia Civil de Tarragona, Jordi Verger, durant l'entrevista feta a la seva oficina de la comand\u00e0ncia tarragonina\"},{\"@type\":\"BreadcrumbList\",\"@id\":\"https:\\\/\\\/www.eltriangle.eu\\\/es\\\/2023\\\/11\\\/30\\\/el-76-del-hachis-decomisado-el-pasado-ano-en-cataluna-se-intercepto-en-tarragona\\\/#breadcrumb\",\"itemListElement\":[{\"@type\":\"ListItem\",\"position\":1,\"name\":\"Portada\",\"item\":\"https:\\\/\\\/www.eltriangle.eu\\\/es\\\/\"},{\"@type\":\"ListItem\",\"position\":2,\"name\":\"El 76% del hach\u00eds decomisado el pasado a\u00f1o en Catalu\u00f1a se intercept\u00f3 en Tarragona\"}]},{\"@type\":\"WebSite\",\"@id\":\"https:\\\/\\\/www.eltriangle.eu\\\/es\\\/#website\",\"url\":\"https:\\\/\\\/www.eltriangle.eu\\\/es\\\/\",\"name\":\"El Triangle\",\"description\":\"El Triangle \u00e9s un Diari d&#039;informaci\u00f3 general, editat a Catalunya i escrit en llengua catalana, especialitzat en investigaci\u00f3 period\u00edstica\",\"publisher\":{\"@id\":\"https:\\\/\\\/www.eltriangle.eu\\\/es\\\/#organization\"},\"potentialAction\":[{\"@type\":\"SearchAction\",\"target\":{\"@type\":\"EntryPoint\",\"urlTemplate\":\"https:\\\/\\\/www.eltriangle.eu\\\/es\\\/?s={search_term_string}\"},\"query-input\":{\"@type\":\"PropertyValueSpecification\",\"valueRequired\":true,\"valueName\":\"search_term_string\"}}],\"inLanguage\":\"es\"},{\"@type\":[\"Organization\",\"NewsMediaOrganization\"],\"@id\":\"https:\\\/\\\/www.eltriangle.eu\\\/es\\\/#organization\",\"name\":\"El Triangle\",\"url\":\"https:\\\/\\\/www.eltriangle.eu\\\/es\\\/\",\"logo\":{\"@type\":\"ImageObject\",\"inLanguage\":\"es\",\"@id\":\"https:\\\/\\\/www.eltriangle.eu\\\/es\\\/#\\\/schema\\\/logo\\\/image\\\/\",\"url\":\"https:\\\/\\\/www.eltriangle.eu\\\/wp-content\\\/uploads\\\/2020\\\/11\\\/triangle_logo-ajustado.jpg\",\"contentUrl\":\"https:\\\/\\\/www.eltriangle.eu\\\/wp-content\\\/uploads\\\/2020\\\/11\\\/triangle_logo-ajustado.jpg\",\"width\":521,\"height\":92,\"caption\":\"El Triangle\"},\"image\":{\"@id\":\"https:\\\/\\\/www.eltriangle.eu\\\/es\\\/#\\\/schema\\\/logo\\\/image\\\/\"},\"sameAs\":[\"https:\\\/\\\/www.facebook.com\\\/El-Triangle-Diari-101787399020302\",\"https:\\\/\\\/x.com\\\/El_Triangle\",\"https:\\\/\\\/www.youtube.com\\\/channel\\\/UCTIjmYEMYSpdGonuAgNhbcg\"]},{\"@type\":\"Person\",\"@id\":\"https:\\\/\\\/www.eltriangle.eu\\\/es\\\/#\\\/schema\\\/person\\\/64856baeb85b6977ea0d14f347aa650f\",\"name\":\"Redacci\u00f3 \\\/ Ag\u00e8ncies\",\"image\":{\"@type\":\"ImageObject\",\"inLanguage\":\"es\",\"@id\":\"\\\/\\\/www.gravatar.com\\\/avatar\\\/351b28574babbd1ad908587a8fb19654?s=96&#038;r=g&#038;d=mm\",\"url\":\"\\\/\\\/www.gravatar.com\\\/avatar\\\/351b28574babbd1ad908587a8fb19654?s=96&#038;r=g&#038;d=mm\",\"contentUrl\":\"\\\/\\\/www.gravatar.com\\\/avatar\\\/351b28574babbd1ad908587a8fb19654?s=96&#038;r=g&#038;d=mm\",\"caption\":\"Redacci\u00f3 \\\/ Ag\u00e8ncies\"},\"url\":\"https:\\\/\\\/www.eltriangle.eu\\\/es\\\/author\\\/redaccioagencies\\\/\"},{\"@type\":\"SiteNavigationElement\",\"@id\":\"https:\\\/\\\/www.eltriangle.eu\\\/es\\\/#site-navigation\",\"cssSelector\":[\".cib-main-menu\"]},{\"@type\":\"WPHeader\",\"@id\":\"https:\\\/\\\/www.eltriangle.eu\\\/es\\\/#header\",\"cssSelector\":[\".cib-header\"]},{\"@type\":\"WPFooter\",\"@id\":\"https:\\\/\\\/www.eltriangle.eu\\\/es\\\/#footer\",\"cssSelector\":[\".cib-footer\"]}]}<\/script>\n<!-- \/ Yoast SEO plugin. -->","yoast_head_json":{"title":"El 76% del hach\u00eds decomisado el pasado a\u00f1o en Catalu\u00f1a se intercept\u00f3 en Tarragona - El Triangle","description":"El 76% del hach\u00eds decomisado en 2022 en Catalu\u00f1a se intercept\u00f3 en la provincia de Tarragona, seg\u00fan datos de la Guardia Civil. Desde principios de a\u00f1o y","robots":{"index":"index","follow":"follow","max-snippet":"max-snippet:-1","max-image-preview":"max-image-preview:large","max-video-preview":"max-video-preview:-1"},"canonical":"https:\/\/www.eltriangle.eu\/es\/2023\/11\/30\/el-76-del-hachis-decomisado-el-pasado-ano-en-cataluna-se-intercepto-en-tarragona\/","og_locale":"es_ES","og_type":"article","og_title":"El 76% del hach\u00eds decomisado el pasado a\u00f1o en Catalu\u00f1a se intercept\u00f3 en Tarragona - El Triangle","og_description":"El 76% del hach\u00eds decomisado en 2022 en Catalu\u00f1a se intercept\u00f3 en la provincia de Tarragona, seg\u00fan datos de la Guardia Civil. Desde principios de a\u00f1o y","og_url":"https:\/\/www.eltriangle.eu\/es\/2023\/11\/30\/el-76-del-hachis-decomisado-el-pasado-ano-en-cataluna-se-intercepto-en-tarragona\/","og_site_name":"El Triangle","article_publisher":"https:\/\/www.facebook.com\/El-Triangle-Diari-101787399020302","article_published_time":"2023-11-30T07:10:46+00:00","article_modified_time":"2023-11-30T10:31:43+00:00","og_image":[{"width":1200,"height":800,"url":"https:\/\/www.eltriangle.eu\/wp-content\/uploads\/2023\/11\/c0b0d74f-cc25-4240-bf0e-f0c8d504e587.jpg","type":"image\/jpeg"}],"author":"Redacci\u00f3 \/ Ag\u00e8ncies","twitter_card":"summary_large_image","twitter_creator":"@El_Triangle","twitter_site":"@El_Triangle","twitter_misc":{"Escrito por":"Redacci\u00f3 \/ Ag\u00e8ncies","Tiempo de lectura":"2 minutos"},"schema":{"@context":"https:\/\/schema.org","@graph":[{"@type":"NewsArticle","@id":"https:\/\/www.eltriangle.eu\/es\/2023\/11\/30\/el-76-del-hachis-decomisado-el-pasado-ano-en-cataluna-se-intercepto-en-tarragona\/#article","isPartOf":{"@id":"https:\/\/www.eltriangle.eu\/es\/2023\/11\/30\/el-76-del-hachis-decomisado-el-pasado-ano-en-cataluna-se-intercepto-en-tarragona\/"},"author":{"name":"Redacci\u00f3 \/ Ag\u00e8ncies","@id":"https:\/\/www.eltriangle.eu\/es\/#\/schema\/person\/64856baeb85b6977ea0d14f347aa650f"},"headline":"El 76% del hach\u00eds decomisado el pasado a\u00f1o en Catalu\u00f1a se intercept\u00f3 en Tarragona","datePublished":"2023-11-30T07:10:46+00:00","dateModified":"2023-11-30T10:31:43+00:00","mainEntityOfPage":{"@id":"https:\/\/www.eltriangle.eu\/es\/2023\/11\/30\/el-76-del-hachis-decomisado-el-pasado-ano-en-cataluna-se-intercepto-en-tarragona\/"},"wordCount":414,"commentCount":0,"publisher":{"@id":"https:\/\/www.eltriangle.eu\/es\/#organization"},"image":{"@id":"https:\/\/www.eltriangle.eu\/es\/2023\/11\/30\/el-76-del-hachis-decomisado-el-pasado-ano-en-cataluna-se-intercepto-en-tarragona\/#primaryimage"},"thumbnailUrl":"https:\/\/www.eltriangle.eu\/wp-content\/uploads\/2023\/11\/c0b0d74f-cc25-4240-bf0e-f0c8d504e587.jpg","keywords":["Guardia Civil"],"articleSection":["Actualidad","En la calle"],"inLanguage":"es","potentialAction":[{"@type":"CommentAction","name":"Comment","target":["https:\/\/www.eltriangle.eu\/es\/2023\/11\/30\/el-76-del-hachis-decomisado-el-pasado-ano-en-cataluna-se-intercepto-en-tarragona\/#respond"]}]},{"@type":"WebPage","@id":"https:\/\/www.eltriangle.eu\/es\/2023\/11\/30\/el-76-del-hachis-decomisado-el-pasado-ano-en-cataluna-se-intercepto-en-tarragona\/","url":"https:\/\/www.eltriangle.eu\/es\/2023\/11\/30\/el-76-del-hachis-decomisado-el-pasado-ano-en-cataluna-se-intercepto-en-tarragona\/","name":"El 76% del hach\u00eds decomisado el pasado a\u00f1o en Catalu\u00f1a se intercept\u00f3 en Tarragona - El Triangle","isPartOf":{"@id":"https:\/\/www.eltriangle.eu\/es\/#website"},"primaryImageOfPage":{"@id":"https:\/\/www.eltriangle.eu\/es\/2023\/11\/30\/el-76-del-hachis-decomisado-el-pasado-ano-en-cataluna-se-intercepto-en-tarragona\/#primaryimage"},"image":{"@id":"https:\/\/www.eltriangle.eu\/es\/2023\/11\/30\/el-76-del-hachis-decomisado-el-pasado-ano-en-cataluna-se-intercepto-en-tarragona\/#primaryimage"},"thumbnailUrl":"https:\/\/www.eltriangle.eu\/wp-content\/uploads\/2023\/11\/c0b0d74f-cc25-4240-bf0e-f0c8d504e587.jpg","datePublished":"2023-11-30T07:10:46+00:00","dateModified":"2023-11-30T10:31:43+00:00","description":"El 76% del hach\u00eds decomisado en 2022 en Catalu\u00f1a se intercept\u00f3 en la provincia de Tarragona, seg\u00fan datos de la Guardia Civil. Desde principios de a\u00f1o y","breadcrumb":{"@id":"https:\/\/www.eltriangle.eu\/es\/2023\/11\/30\/el-76-del-hachis-decomisado-el-pasado-ano-en-cataluna-se-intercepto-en-tarragona\/#breadcrumb"},"inLanguage":"es","potentialAction":[{"@type":"ReadAction","target":["https:\/\/www.eltriangle.eu\/es\/2023\/11\/30\/el-76-del-hachis-decomisado-el-pasado-ano-en-cataluna-se-intercepto-en-tarragona\/"]}]},{"@type":"ImageObject","inLanguage":"es","@id":"https:\/\/www.eltriangle.eu\/es\/2023\/11\/30\/el-76-del-hachis-decomisado-el-pasado-ano-en-cataluna-se-intercepto-en-tarragona\/#primaryimage","url":"https:\/\/www.eltriangle.eu\/wp-content\/uploads\/2023\/11\/c0b0d74f-cc25-4240-bf0e-f0c8d504e587.jpg","contentUrl":"https:\/\/www.eltriangle.eu\/wp-content\/uploads\/2023\/11\/c0b0d74f-cc25-4240-bf0e-f0c8d504e587.jpg","width":1200,"height":800,"caption":"El tinent coronel de la Gu\u00e0rdia Civil de Tarragona, Jordi Verger, durant l'entrevista feta a la seva oficina de la comand\u00e0ncia tarragonina"},{"@type":"BreadcrumbList","@id":"https:\/\/www.eltriangle.eu\/es\/2023\/11\/30\/el-76-del-hachis-decomisado-el-pasado-ano-en-cataluna-se-intercepto-en-tarragona\/#breadcrumb","itemListElement":[{"@type":"ListItem","position":1,"name":"Portada","item":"https:\/\/www.eltriangle.eu\/es\/"},{"@type":"ListItem","position":2,"name":"El 76% del hach\u00eds decomisado el pasado a\u00f1o en Catalu\u00f1a se intercept\u00f3 en Tarragona"}]},{"@type":"WebSite","@id":"https:\/\/www.eltriangle.eu\/es\/#website","url":"https:\/\/www.eltriangle.eu\/es\/","name":"El Triangle","description":"El Triangle \u00e9s un Diari d&#039;informaci\u00f3 general, editat a Catalunya i escrit en llengua catalana, especialitzat en investigaci\u00f3 period\u00edstica","publisher":{"@id":"https:\/\/www.eltriangle.eu\/es\/#organization"},"potentialAction":[{"@type":"SearchAction","target":{"@type":"EntryPoint","urlTemplate":"https:\/\/www.eltriangle.eu\/es\/?s={search_term_string}"},"query-input":{"@type":"PropertyValueSpecification","valueRequired":true,"valueName":"search_term_string"}}],"inLanguage":"es"},{"@type":["Organization","NewsMediaOrganization"],"@id":"https:\/\/www.eltriangle.eu\/es\/#organization","name":"El Triangle","url":"https:\/\/www.eltriangle.eu\/es\/","logo":{"@type":"ImageObject","inLanguage":"es","@id":"https:\/\/www.eltriangle.eu\/es\/#\/schema\/logo\/image\/","url":"https:\/\/www.eltriangle.eu\/wp-content\/uploads\/2020\/11\/triangle_logo-ajustado.jpg","contentUrl":"https:\/\/www.eltriangle.eu\/wp-content\/uploads\/2020\/11\/triangle_logo-ajustado.jpg","width":521,"height":92,"caption":"El Triangle"},"image":{"@id":"https:\/\/www.eltriangle.eu\/es\/#\/schema\/logo\/image\/"},"sameAs":["https:\/\/www.facebook.com\/El-Triangle-Diari-101787399020302","https:\/\/x.com\/El_Triangle","https:\/\/www.youtube.com\/channel\/UCTIjmYEMYSpdGonuAgNhbcg"]},{"@type":"Person","@id":"https:\/\/www.eltriangle.eu\/es\/#\/schema\/person\/64856baeb85b6977ea0d14f347aa650f","name":"Redacci\u00f3 \/ Ag\u00e8ncies","image":{"@type":"ImageObject","inLanguage":"es","@id":"\/\/www.gravatar.com\/avatar\/351b28574babbd1ad908587a8fb19654?s=96&#038;r=g&#038;d=mm","url":"\/\/www.gravatar.com\/avatar\/351b28574babbd1ad908587a8fb19654?s=96&#038;r=g&#038;d=mm","contentUrl":"\/\/www.gravatar.com\/avatar\/351b28574babbd1ad908587a8fb19654?s=96&#038;r=g&#038;d=mm","caption":"Redacci\u00f3 \/ Ag\u00e8ncies"},"url":"https:\/\/www.eltriangle.eu\/es\/author\/redaccioagencies\/"},{"@type":"SiteNavigationElement","@id":"https:\/\/www.eltriangle.eu\/es\/#site-navigation","cssSelector":[".cib-main-menu"]},{"@type":"WPHeader","@id":"https:\/\/www.eltriangle.eu\/es\/#header","cssSelector":[".cib-header"]},{"@type":"WPFooter","@id":"https:\/\/www.eltriangle.eu\/es\/#footer","cssSelector":[".cib-footer"]}]}},"amp_enabled":true,"_links":{"self":[{"href":"https:\/\/www.eltriangle.eu\/es\/wp-json\/wp\/v2\/posts\/230997","targetHints":{"allow":["GET"]}}],"collection":[{"href":"https:\/\/www.eltriangle.eu\/es\/wp-json\/wp\/v2\/posts"}],"about":[{"href":"https:\/\/www.eltriangle.eu\/es\/wp-json\/wp\/v2\/types\/post"}],"author":[{"embeddable":true,"href":"https:\/\/www.eltriangle.eu\/es\/wp-json\/wp\/v2\/users\/190"}],"replies":[{"embeddable":true,"href":"https:\/\/www.eltriangle.eu\/es\/wp-json\/wp\/v2\/comments?post=230997"}],"version-history":[{"count":0,"href":"https:\/\/www.eltriangle.eu\/es\/wp-json\/wp\/v2\/posts\/230997\/revisions"}],"wp:featuredmedia":[{"embeddable":true,"href":"https:\/\/www.eltriangle.eu\/es\/wp-json\/wp\/v2\/media\/230993"}],"wp:attachment":[{"href":"https:\/\/www.eltriangle.eu\/es\/wp-json\/wp\/v2\/media?parent=230997"}],"wp:term":[{"taxonomy":"category","embeddable":true,"href":"https:\/\/www.eltriangle.eu\/es\/wp-json\/wp\/v2\/categories?post=230997"},{"taxonomy":"post_tag","embeddable":true,"href":"https:\/\/www.eltriangle.eu\/es\/wp-json\/wp\/v2\/tags?post=230997"}],"curies":[{"name":"wp","href":"https:\/\/api.w.org\/{rel}","templated":true}]}}