{"id":229671,"date":"2023-11-23T08:30:05","date_gmt":"2023-11-23T07:30:05","guid":{"rendered":null},"modified":"2023-11-23T11:54:46","modified_gmt":"2023-11-23T10:54:46","slug":"montero-espera-aprobar-los-presupuestos-de-2024-el-primer-trimestre-del-ano-que-viene","status":"publish","type":"post","link":"https:\/\/www.eltriangle.eu\/es\/2023\/11\/23\/montero-espera-aprobar-los-presupuestos-de-2024-el-primer-trimestre-del-ano-que-viene\/","title":{"rendered":"Montero espera aprobar los presupuestos de 2024 el primer trimestre del a\u00f1o que viene"},"content":{"rendered":"<p>La vicepresidenta cuarta del Gobierno de Espa\u00f1a, <strong>Mar\u00eda Jes\u00fas Montero<\/strong>, prev\u00e9 que durante el primer trimestre de 2024 ya est\u00e9n aprobados los <strong>Presupuestos Generales del Estado (PGE)<\/strong> del a\u00f1o que viene. En una entrevista en TVE, la tambi\u00e9n ministra de Hacienda ha reconocido que la elaboraci\u00f3n de las cuentas es un proceso \u00abcomplejo\u00bb, pero ha recordado que en las negociaciones para la investidura de <strong>Pedro S\u00e1nchez<\/strong> ya se habl\u00f3 con los socios de la necesidad de aprobarlas \u00absucesivamente\u00bb.<\/p>\n<p>\u00abEspero que la tramitaci\u00f3n del presupuesto vaya lo m\u00e1s r\u00e1pido posible\u00bb, ha deseado Montero, que ha destacado la importancia de tener unas cuentas actualizadas para asegurar el \u00abbienestar\u00bb y el \u00abprogreso\u00bb de la poblaci\u00f3n. Preguntada por la <strong>cancelaci\u00f3n de la deuda de las comunidades aut\u00f3nomas<\/strong> que el PSOE pact\u00f3 con partidos como ERC o el BNG, Montero ha dicho que incluso las regiones gobernadas por el PP est\u00e1n interesadas en la medida.<\/p>\n<p>\u00abSe han interesado de forma directa o indirecta de qu\u00e9 parte calculamos que les puede corresponder a su comunidad\u00bb, ha afirmado la ministra, que ha asegurado que \u00ablos presidentes de las comunidades saben que es una buena medida\u00bb, ha remachado.<\/p>\n","protected":false},"excerpt":{"rendered":"<p>La vicepresidenta cuarta del Gobierno de Espa\u00f1a, Mar\u00eda Jes\u00fas Montero, prev\u00e9 que durante el primer trimestre de 2024 ya est\u00e9n aprobados los Presupuestos Generales del Estado (PGE) del a\u00f1o que viene. En una entrevista en TVE, la tambi\u00e9n ministra de Hacienda ha reconocido que la elaboraci\u00f3n de las cuentas es un proceso \u00abcomplejo\u00bb, pero ha &#8230; <a title=\"Montero espera aprobar los presupuestos de 2024 el primer trimestre del a\u00f1o que viene\" class=\"read-more\" href=\"https:\/\/www.eltriangle.eu\/es\/2023\/11\/23\/montero-espera-aprobar-los-presupuestos-de-2024-el-primer-trimestre-del-ano-que-viene\/\" aria-label=\"Leer m\u00e1s sobre Montero espera aprobar los presupuestos de 2024 el primer trimestre del a\u00f1o que viene\">Leer m\u00e1s<\/a><\/p>\n","protected":false},"author":179,"featured_media":229667,"comment_status":"open","ping_status":"closed","sticky":false,"template":"","format":"standard","meta":{"_acf_changed":false,"pmpro_default_level":"","footnotes":""},"categories":[24,82,74],"tags":[706,3957],"class_list":["post-229671","post","type-post","status-publish","format-standard","has-post-thumbnail","hentry","category-actualidad","category-economia","category-poderes","tag-maria-jesus-montero-es","tag-pressupostos-generals-de-lestat-es","lh_instant_articles-syndicate-yes","pmpro-has-access"],"acf":[],"yoast_head":"<!-- This site is optimized with the Yoast SEO plugin v27.4 - https:\/\/yoast.com\/product\/yoast-seo-wordpress\/ -->\n<title>Montero espera aprobar los presupuestos de 2024 el primer trimestre del a\u00f1o que viene - El Triangle<\/title>\n<meta name=\"description\" content=\"La vicepresidenta cuarta del Gobierno de Espa\u00f1a, Mar\u00eda Jes\u00fas Montero, prev\u00e9 que durante el primer trimestre de 2024 ya est\u00e9n aprobados los Presupuestos\" class=\"yoast-seo-meta-tag\" \/>\n<meta name=\"robots\" content=\"index, follow, max-snippet:-1, max-image-preview:large, max-video-preview:-1\" \/>\n<link rel=\"canonical\" href=\"https:\/\/www.eltriangle.eu\/es\/2023\/11\/23\/montero-espera-aprobar-los-presupuestos-de-2024-el-primer-trimestre-del-ano-que-viene\/\" class=\"yoast-seo-meta-tag\" \/>\n<meta property=\"og:locale\" content=\"es_ES\" class=\"yoast-seo-meta-tag\" \/>\n<meta property=\"og:type\" content=\"article\" class=\"yoast-seo-meta-tag\" \/>\n<meta property=\"og:title\" content=\"Montero espera aprobar los presupuestos de 2024 el primer trimestre del a\u00f1o que viene - El Triangle\" class=\"yoast-seo-meta-tag\" \/>\n<meta property=\"og:description\" content=\"La vicepresidenta cuarta del Gobierno de Espa\u00f1a, Mar\u00eda Jes\u00fas Montero, prev\u00e9 que durante el primer trimestre de 2024 ya est\u00e9n aprobados los Presupuestos\" class=\"yoast-seo-meta-tag\" \/>\n<meta property=\"og:url\" content=\"https:\/\/www.eltriangle.eu\/es\/2023\/11\/23\/montero-espera-aprobar-los-presupuestos-de-2024-el-primer-trimestre-del-ano-que-viene\/\" class=\"yoast-seo-meta-tag\" \/>\n<meta property=\"og:site_name\" content=\"El Triangle\" class=\"yoast-seo-meta-tag\" \/>\n<meta property=\"article:publisher\" content=\"https:\/\/www.facebook.com\/El-Triangle-Diari-101787399020302\" class=\"yoast-seo-meta-tag\" \/>\n<meta property=\"article:published_time\" content=\"2023-11-23T07:30:05+00:00\" class=\"yoast-seo-meta-tag\" \/>\n<meta property=\"article:modified_time\" content=\"2023-11-23T10:54:46+00:00\" class=\"yoast-seo-meta-tag\" \/>\n<meta property=\"og:image\" content=\"https:\/\/www.eltriangle.eu\/wp-content\/uploads\/2023\/11\/9e0d6607-d432-43e1-b7c5-a5fbfb1128ec-e1700733090426.jpg\" class=\"yoast-seo-meta-tag\" \/>\n\t<meta property=\"og:image:width\" content=\"1200\" class=\"yoast-seo-meta-tag\" \/>\n\t<meta property=\"og:image:height\" content=\"800\" class=\"yoast-seo-meta-tag\" \/>\n\t<meta property=\"og:image:type\" content=\"image\/jpeg\" class=\"yoast-seo-meta-tag\" \/>\n<meta name=\"author\" content=\"Redacci\u00f3 \/ ACN\" class=\"yoast-seo-meta-tag\" \/>\n<meta name=\"twitter:card\" content=\"summary_large_image\" class=\"yoast-seo-meta-tag\" \/>\n<meta name=\"twitter:creator\" content=\"@El_Triangle\" class=\"yoast-seo-meta-tag\" \/>\n<meta name=\"twitter:site\" content=\"@El_Triangle\" class=\"yoast-seo-meta-tag\" \/>\n<meta name=\"twitter:label1\" content=\"Escrito por\" class=\"yoast-seo-meta-tag\" \/>\n\t<meta name=\"twitter:data1\" content=\"Redacci\u00f3 \/ ACN\" class=\"yoast-seo-meta-tag\" \/>\n\t<meta name=\"twitter:label2\" content=\"Tiempo de lectura\" class=\"yoast-seo-meta-tag\" \/>\n\t<meta name=\"twitter:data2\" content=\"1 minuto\" class=\"yoast-seo-meta-tag\" \/>\n<script type=\"application\/ld+json\" class=\"yoast-schema-graph\">{\"@context\":\"https:\\\/\\\/schema.org\",\"@graph\":[{\"@type\":\"NewsArticle\",\"@id\":\"https:\\\/\\\/www.eltriangle.eu\\\/es\\\/2023\\\/11\\\/23\\\/montero-espera-aprobar-los-presupuestos-de-2024-el-primer-trimestre-del-ano-que-viene\\\/#article\",\"isPartOf\":{\"@id\":\"https:\\\/\\\/www.eltriangle.eu\\\/es\\\/2023\\\/11\\\/23\\\/montero-espera-aprobar-los-presupuestos-de-2024-el-primer-trimestre-del-ano-que-viene\\\/\"},\"author\":{\"name\":\"Redacci\u00f3 \\\/ ACN\",\"@id\":\"https:\\\/\\\/www.eltriangle.eu\\\/es\\\/#\\\/schema\\\/person\\\/6e5938f06dd4dcd413779558fbf437d9\"},\"headline\":\"Montero espera aprobar los presupuestos de 2024 el primer trimestre del a\u00f1o que viene\",\"datePublished\":\"2023-11-23T07:30:05+00:00\",\"dateModified\":\"2023-11-23T10:54:46+00:00\",\"mainEntityOfPage\":{\"@id\":\"https:\\\/\\\/www.eltriangle.eu\\\/es\\\/2023\\\/11\\\/23\\\/montero-espera-aprobar-los-presupuestos-de-2024-el-primer-trimestre-del-ano-que-viene\\\/\"},\"wordCount\":218,\"commentCount\":0,\"publisher\":{\"@id\":\"https:\\\/\\\/www.eltriangle.eu\\\/es\\\/#organization\"},\"image\":{\"@id\":\"https:\\\/\\\/www.eltriangle.eu\\\/es\\\/2023\\\/11\\\/23\\\/montero-espera-aprobar-los-presupuestos-de-2024-el-primer-trimestre-del-ano-que-viene\\\/#primaryimage\"},\"thumbnailUrl\":\"https:\\\/\\\/www.eltriangle.eu\\\/wp-content\\\/uploads\\\/2023\\\/11\\\/9e0d6607-d432-43e1-b7c5-a5fbfb1128ec-e1700733090426.jpg\",\"keywords\":[\"Mar\u00eda Jes\u00fas Montero\",\"pressupostos generals de l'Estat\"],\"articleSection\":[\"Actualidad\",\"Economia\",\"Poderes\"],\"inLanguage\":\"es\",\"potentialAction\":[{\"@type\":\"CommentAction\",\"name\":\"Comment\",\"target\":[\"https:\\\/\\\/www.eltriangle.eu\\\/es\\\/2023\\\/11\\\/23\\\/montero-espera-aprobar-los-presupuestos-de-2024-el-primer-trimestre-del-ano-que-viene\\\/#respond\"]}]},{\"@type\":\"WebPage\",\"@id\":\"https:\\\/\\\/www.eltriangle.eu\\\/es\\\/2023\\\/11\\\/23\\\/montero-espera-aprobar-los-presupuestos-de-2024-el-primer-trimestre-del-ano-que-viene\\\/\",\"url\":\"https:\\\/\\\/www.eltriangle.eu\\\/es\\\/2023\\\/11\\\/23\\\/montero-espera-aprobar-los-presupuestos-de-2024-el-primer-trimestre-del-ano-que-viene\\\/\",\"name\":\"Montero espera aprobar los presupuestos de 2024 el primer trimestre del a\u00f1o que viene - El Triangle\",\"isPartOf\":{\"@id\":\"https:\\\/\\\/www.eltriangle.eu\\\/es\\\/#website\"},\"primaryImageOfPage\":{\"@id\":\"https:\\\/\\\/www.eltriangle.eu\\\/es\\\/2023\\\/11\\\/23\\\/montero-espera-aprobar-los-presupuestos-de-2024-el-primer-trimestre-del-ano-que-viene\\\/#primaryimage\"},\"image\":{\"@id\":\"https:\\\/\\\/www.eltriangle.eu\\\/es\\\/2023\\\/11\\\/23\\\/montero-espera-aprobar-los-presupuestos-de-2024-el-primer-trimestre-del-ano-que-viene\\\/#primaryimage\"},\"thumbnailUrl\":\"https:\\\/\\\/www.eltriangle.eu\\\/wp-content\\\/uploads\\\/2023\\\/11\\\/9e0d6607-d432-43e1-b7c5-a5fbfb1128ec-e1700733090426.jpg\",\"datePublished\":\"2023-11-23T07:30:05+00:00\",\"dateModified\":\"2023-11-23T10:54:46+00:00\",\"description\":\"La vicepresidenta cuarta del Gobierno de Espa\u00f1a, Mar\u00eda Jes\u00fas Montero, prev\u00e9 que durante el primer trimestre de 2024 ya est\u00e9n aprobados los Presupuestos\",\"breadcrumb\":{\"@id\":\"https:\\\/\\\/www.eltriangle.eu\\\/es\\\/2023\\\/11\\\/23\\\/montero-espera-aprobar-los-presupuestos-de-2024-el-primer-trimestre-del-ano-que-viene\\\/#breadcrumb\"},\"inLanguage\":\"es\",\"potentialAction\":[{\"@type\":\"ReadAction\",\"target\":[\"https:\\\/\\\/www.eltriangle.eu\\\/es\\\/2023\\\/11\\\/23\\\/montero-espera-aprobar-los-presupuestos-de-2024-el-primer-trimestre-del-ano-que-viene\\\/\"]}]},{\"@type\":\"ImageObject\",\"inLanguage\":\"es\",\"@id\":\"https:\\\/\\\/www.eltriangle.eu\\\/es\\\/2023\\\/11\\\/23\\\/montero-espera-aprobar-los-presupuestos-de-2024-el-primer-trimestre-del-ano-que-viene\\\/#primaryimage\",\"url\":\"https:\\\/\\\/www.eltriangle.eu\\\/wp-content\\\/uploads\\\/2023\\\/11\\\/9e0d6607-d432-43e1-b7c5-a5fbfb1128ec-e1700733090426.jpg\",\"contentUrl\":\"https:\\\/\\\/www.eltriangle.eu\\\/wp-content\\\/uploads\\\/2023\\\/11\\\/9e0d6607-d432-43e1-b7c5-a5fbfb1128ec-e1700733090426.jpg\",\"width\":1200,\"height\":800,\"caption\":\"La vicesecretaria general del PSOE y ministra de Hacienda, Mar\u00eda Jes\u00fas Montero (PSOE)\"},{\"@type\":\"BreadcrumbList\",\"@id\":\"https:\\\/\\\/www.eltriangle.eu\\\/es\\\/2023\\\/11\\\/23\\\/montero-espera-aprobar-los-presupuestos-de-2024-el-primer-trimestre-del-ano-que-viene\\\/#breadcrumb\",\"itemListElement\":[{\"@type\":\"ListItem\",\"position\":1,\"name\":\"Portada\",\"item\":\"https:\\\/\\\/www.eltriangle.eu\\\/es\\\/\"},{\"@type\":\"ListItem\",\"position\":2,\"name\":\"Montero espera aprobar los presupuestos de 2024 el primer trimestre del a\u00f1o que viene\"}]},{\"@type\":\"WebSite\",\"@id\":\"https:\\\/\\\/www.eltriangle.eu\\\/es\\\/#website\",\"url\":\"https:\\\/\\\/www.eltriangle.eu\\\/es\\\/\",\"name\":\"El Triangle\",\"description\":\"El Triangle \u00e9s un Diari d&#039;informaci\u00f3 general, editat a Catalunya i escrit en llengua catalana, especialitzat en investigaci\u00f3 period\u00edstica\",\"publisher\":{\"@id\":\"https:\\\/\\\/www.eltriangle.eu\\\/es\\\/#organization\"},\"potentialAction\":[{\"@type\":\"SearchAction\",\"target\":{\"@type\":\"EntryPoint\",\"urlTemplate\":\"https:\\\/\\\/www.eltriangle.eu\\\/es\\\/?s={search_term_string}\"},\"query-input\":{\"@type\":\"PropertyValueSpecification\",\"valueRequired\":true,\"valueName\":\"search_term_string\"}}],\"inLanguage\":\"es\"},{\"@type\":[\"Organization\",\"NewsMediaOrganization\"],\"@id\":\"https:\\\/\\\/www.eltriangle.eu\\\/es\\\/#organization\",\"name\":\"El Triangle\",\"url\":\"https:\\\/\\\/www.eltriangle.eu\\\/es\\\/\",\"logo\":{\"@type\":\"ImageObject\",\"inLanguage\":\"es\",\"@id\":\"https:\\\/\\\/www.eltriangle.eu\\\/es\\\/#\\\/schema\\\/logo\\\/image\\\/\",\"url\":\"https:\\\/\\\/www.eltriangle.eu\\\/wp-content\\\/uploads\\\/2020\\\/11\\\/triangle_logo-ajustado.jpg\",\"contentUrl\":\"https:\\\/\\\/www.eltriangle.eu\\\/wp-content\\\/uploads\\\/2020\\\/11\\\/triangle_logo-ajustado.jpg\",\"width\":521,\"height\":92,\"caption\":\"El Triangle\"},\"image\":{\"@id\":\"https:\\\/\\\/www.eltriangle.eu\\\/es\\\/#\\\/schema\\\/logo\\\/image\\\/\"},\"sameAs\":[\"https:\\\/\\\/www.facebook.com\\\/El-Triangle-Diari-101787399020302\",\"https:\\\/\\\/x.com\\\/El_Triangle\",\"https:\\\/\\\/www.youtube.com\\\/channel\\\/UCTIjmYEMYSpdGonuAgNhbcg\"]},{\"@type\":\"Person\",\"@id\":\"https:\\\/\\\/www.eltriangle.eu\\\/es\\\/#\\\/schema\\\/person\\\/6e5938f06dd4dcd413779558fbf437d9\",\"name\":\"Redacci\u00f3 \\\/ ACN\",\"image\":{\"@type\":\"ImageObject\",\"inLanguage\":\"es\",\"@id\":\"\\\/\\\/www.gravatar.com\\\/avatar\\\/a5bc366245a614da74d9f8d49d1b53bf?s=96&#038;r=g&#038;d=mm\",\"url\":\"\\\/\\\/www.gravatar.com\\\/avatar\\\/a5bc366245a614da74d9f8d49d1b53bf?s=96&#038;r=g&#038;d=mm\",\"contentUrl\":\"\\\/\\\/www.gravatar.com\\\/avatar\\\/a5bc366245a614da74d9f8d49d1b53bf?s=96&#038;r=g&#038;d=mm\",\"caption\":\"Redacci\u00f3 \\\/ ACN\"},\"url\":\"https:\\\/\\\/www.eltriangle.eu\\\/es\\\/author\\\/redaccioacn\\\/\"},{\"@type\":\"SiteNavigationElement\",\"@id\":\"https:\\\/\\\/www.eltriangle.eu\\\/es\\\/#site-navigation\",\"cssSelector\":[\".cib-main-menu\"]},{\"@type\":\"WPHeader\",\"@id\":\"https:\\\/\\\/www.eltriangle.eu\\\/es\\\/#header\",\"cssSelector\":[\".cib-header\"]},{\"@type\":\"WPFooter\",\"@id\":\"https:\\\/\\\/www.eltriangle.eu\\\/es\\\/#footer\",\"cssSelector\":[\".cib-footer\"]}]}<\/script>\n<!-- \/ Yoast SEO plugin. -->","yoast_head_json":{"title":"Montero espera aprobar los presupuestos de 2024 el primer trimestre del a\u00f1o que viene - El Triangle","description":"La vicepresidenta cuarta del Gobierno de Espa\u00f1a, Mar\u00eda Jes\u00fas Montero, prev\u00e9 que durante el primer trimestre de 2024 ya est\u00e9n aprobados los Presupuestos","robots":{"index":"index","follow":"follow","max-snippet":"max-snippet:-1","max-image-preview":"max-image-preview:large","max-video-preview":"max-video-preview:-1"},"canonical":"https:\/\/www.eltriangle.eu\/es\/2023\/11\/23\/montero-espera-aprobar-los-presupuestos-de-2024-el-primer-trimestre-del-ano-que-viene\/","og_locale":"es_ES","og_type":"article","og_title":"Montero espera aprobar los presupuestos de 2024 el primer trimestre del a\u00f1o que viene - El Triangle","og_description":"La vicepresidenta cuarta del Gobierno de Espa\u00f1a, Mar\u00eda Jes\u00fas Montero, prev\u00e9 que durante el primer trimestre de 2024 ya est\u00e9n aprobados los Presupuestos","og_url":"https:\/\/www.eltriangle.eu\/es\/2023\/11\/23\/montero-espera-aprobar-los-presupuestos-de-2024-el-primer-trimestre-del-ano-que-viene\/","og_site_name":"El Triangle","article_publisher":"https:\/\/www.facebook.com\/El-Triangle-Diari-101787399020302","article_published_time":"2023-11-23T07:30:05+00:00","article_modified_time":"2023-11-23T10:54:46+00:00","og_image":[{"width":1200,"height":800,"url":"https:\/\/www.eltriangle.eu\/wp-content\/uploads\/2023\/11\/9e0d6607-d432-43e1-b7c5-a5fbfb1128ec-e1700733090426.jpg","type":"image\/jpeg"}],"author":"Redacci\u00f3 \/ ACN","twitter_card":"summary_large_image","twitter_creator":"@El_Triangle","twitter_site":"@El_Triangle","twitter_misc":{"Escrito por":"Redacci\u00f3 \/ ACN","Tiempo de lectura":"1 minuto"},"schema":{"@context":"https:\/\/schema.org","@graph":[{"@type":"NewsArticle","@id":"https:\/\/www.eltriangle.eu\/es\/2023\/11\/23\/montero-espera-aprobar-los-presupuestos-de-2024-el-primer-trimestre-del-ano-que-viene\/#article","isPartOf":{"@id":"https:\/\/www.eltriangle.eu\/es\/2023\/11\/23\/montero-espera-aprobar-los-presupuestos-de-2024-el-primer-trimestre-del-ano-que-viene\/"},"author":{"name":"Redacci\u00f3 \/ ACN","@id":"https:\/\/www.eltriangle.eu\/es\/#\/schema\/person\/6e5938f06dd4dcd413779558fbf437d9"},"headline":"Montero espera aprobar los presupuestos de 2024 el primer trimestre del a\u00f1o que viene","datePublished":"2023-11-23T07:30:05+00:00","dateModified":"2023-11-23T10:54:46+00:00","mainEntityOfPage":{"@id":"https:\/\/www.eltriangle.eu\/es\/2023\/11\/23\/montero-espera-aprobar-los-presupuestos-de-2024-el-primer-trimestre-del-ano-que-viene\/"},"wordCount":218,"commentCount":0,"publisher":{"@id":"https:\/\/www.eltriangle.eu\/es\/#organization"},"image":{"@id":"https:\/\/www.eltriangle.eu\/es\/2023\/11\/23\/montero-espera-aprobar-los-presupuestos-de-2024-el-primer-trimestre-del-ano-que-viene\/#primaryimage"},"thumbnailUrl":"https:\/\/www.eltriangle.eu\/wp-content\/uploads\/2023\/11\/9e0d6607-d432-43e1-b7c5-a5fbfb1128ec-e1700733090426.jpg","keywords":["Mar\u00eda Jes\u00fas Montero","pressupostos generals de l'Estat"],"articleSection":["Actualidad","Economia","Poderes"],"inLanguage":"es","potentialAction":[{"@type":"CommentAction","name":"Comment","target":["https:\/\/www.eltriangle.eu\/es\/2023\/11\/23\/montero-espera-aprobar-los-presupuestos-de-2024-el-primer-trimestre-del-ano-que-viene\/#respond"]}]},{"@type":"WebPage","@id":"https:\/\/www.eltriangle.eu\/es\/2023\/11\/23\/montero-espera-aprobar-los-presupuestos-de-2024-el-primer-trimestre-del-ano-que-viene\/","url":"https:\/\/www.eltriangle.eu\/es\/2023\/11\/23\/montero-espera-aprobar-los-presupuestos-de-2024-el-primer-trimestre-del-ano-que-viene\/","name":"Montero espera aprobar los presupuestos de 2024 el primer trimestre del a\u00f1o que viene - El Triangle","isPartOf":{"@id":"https:\/\/www.eltriangle.eu\/es\/#website"},"primaryImageOfPage":{"@id":"https:\/\/www.eltriangle.eu\/es\/2023\/11\/23\/montero-espera-aprobar-los-presupuestos-de-2024-el-primer-trimestre-del-ano-que-viene\/#primaryimage"},"image":{"@id":"https:\/\/www.eltriangle.eu\/es\/2023\/11\/23\/montero-espera-aprobar-los-presupuestos-de-2024-el-primer-trimestre-del-ano-que-viene\/#primaryimage"},"thumbnailUrl":"https:\/\/www.eltriangle.eu\/wp-content\/uploads\/2023\/11\/9e0d6607-d432-43e1-b7c5-a5fbfb1128ec-e1700733090426.jpg","datePublished":"2023-11-23T07:30:05+00:00","dateModified":"2023-11-23T10:54:46+00:00","description":"La vicepresidenta cuarta del Gobierno de Espa\u00f1a, Mar\u00eda Jes\u00fas Montero, prev\u00e9 que durante el primer trimestre de 2024 ya est\u00e9n aprobados los Presupuestos","breadcrumb":{"@id":"https:\/\/www.eltriangle.eu\/es\/2023\/11\/23\/montero-espera-aprobar-los-presupuestos-de-2024-el-primer-trimestre-del-ano-que-viene\/#breadcrumb"},"inLanguage":"es","potentialAction":[{"@type":"ReadAction","target":["https:\/\/www.eltriangle.eu\/es\/2023\/11\/23\/montero-espera-aprobar-los-presupuestos-de-2024-el-primer-trimestre-del-ano-que-viene\/"]}]},{"@type":"ImageObject","inLanguage":"es","@id":"https:\/\/www.eltriangle.eu\/es\/2023\/11\/23\/montero-espera-aprobar-los-presupuestos-de-2024-el-primer-trimestre-del-ano-que-viene\/#primaryimage","url":"https:\/\/www.eltriangle.eu\/wp-content\/uploads\/2023\/11\/9e0d6607-d432-43e1-b7c5-a5fbfb1128ec-e1700733090426.jpg","contentUrl":"https:\/\/www.eltriangle.eu\/wp-content\/uploads\/2023\/11\/9e0d6607-d432-43e1-b7c5-a5fbfb1128ec-e1700733090426.jpg","width":1200,"height":800,"caption":"La vicesecretaria general del PSOE y ministra de Hacienda, Mar\u00eda Jes\u00fas Montero (PSOE)"},{"@type":"BreadcrumbList","@id":"https:\/\/www.eltriangle.eu\/es\/2023\/11\/23\/montero-espera-aprobar-los-presupuestos-de-2024-el-primer-trimestre-del-ano-que-viene\/#breadcrumb","itemListElement":[{"@type":"ListItem","position":1,"name":"Portada","item":"https:\/\/www.eltriangle.eu\/es\/"},{"@type":"ListItem","position":2,"name":"Montero espera aprobar los presupuestos de 2024 el primer trimestre del a\u00f1o que viene"}]},{"@type":"WebSite","@id":"https:\/\/www.eltriangle.eu\/es\/#website","url":"https:\/\/www.eltriangle.eu\/es\/","name":"El Triangle","description":"El Triangle \u00e9s un Diari d&#039;informaci\u00f3 general, editat a Catalunya i escrit en llengua catalana, especialitzat en investigaci\u00f3 period\u00edstica","publisher":{"@id":"https:\/\/www.eltriangle.eu\/es\/#organization"},"potentialAction":[{"@type":"SearchAction","target":{"@type":"EntryPoint","urlTemplate":"https:\/\/www.eltriangle.eu\/es\/?s={search_term_string}"},"query-input":{"@type":"PropertyValueSpecification","valueRequired":true,"valueName":"search_term_string"}}],"inLanguage":"es"},{"@type":["Organization","NewsMediaOrganization"],"@id":"https:\/\/www.eltriangle.eu\/es\/#organization","name":"El Triangle","url":"https:\/\/www.eltriangle.eu\/es\/","logo":{"@type":"ImageObject","inLanguage":"es","@id":"https:\/\/www.eltriangle.eu\/es\/#\/schema\/logo\/image\/","url":"https:\/\/www.eltriangle.eu\/wp-content\/uploads\/2020\/11\/triangle_logo-ajustado.jpg","contentUrl":"https:\/\/www.eltriangle.eu\/wp-content\/uploads\/2020\/11\/triangle_logo-ajustado.jpg","width":521,"height":92,"caption":"El Triangle"},"image":{"@id":"https:\/\/www.eltriangle.eu\/es\/#\/schema\/logo\/image\/"},"sameAs":["https:\/\/www.facebook.com\/El-Triangle-Diari-101787399020302","https:\/\/x.com\/El_Triangle","https:\/\/www.youtube.com\/channel\/UCTIjmYEMYSpdGonuAgNhbcg"]},{"@type":"Person","@id":"https:\/\/www.eltriangle.eu\/es\/#\/schema\/person\/6e5938f06dd4dcd413779558fbf437d9","name":"Redacci\u00f3 \/ ACN","image":{"@type":"ImageObject","inLanguage":"es","@id":"\/\/www.gravatar.com\/avatar\/a5bc366245a614da74d9f8d49d1b53bf?s=96&#038;r=g&#038;d=mm","url":"\/\/www.gravatar.com\/avatar\/a5bc366245a614da74d9f8d49d1b53bf?s=96&#038;r=g&#038;d=mm","contentUrl":"\/\/www.gravatar.com\/avatar\/a5bc366245a614da74d9f8d49d1b53bf?s=96&#038;r=g&#038;d=mm","caption":"Redacci\u00f3 \/ ACN"},"url":"https:\/\/www.eltriangle.eu\/es\/author\/redaccioacn\/"},{"@type":"SiteNavigationElement","@id":"https:\/\/www.eltriangle.eu\/es\/#site-navigation","cssSelector":[".cib-main-menu"]},{"@type":"WPHeader","@id":"https:\/\/www.eltriangle.eu\/es\/#header","cssSelector":[".cib-header"]},{"@type":"WPFooter","@id":"https:\/\/www.eltriangle.eu\/es\/#footer","cssSelector":[".cib-footer"]}]}},"amp_enabled":true,"_links":{"self":[{"href":"https:\/\/www.eltriangle.eu\/es\/wp-json\/wp\/v2\/posts\/229671","targetHints":{"allow":["GET"]}}],"collection":[{"href":"https:\/\/www.eltriangle.eu\/es\/wp-json\/wp\/v2\/posts"}],"about":[{"href":"https:\/\/www.eltriangle.eu\/es\/wp-json\/wp\/v2\/types\/post"}],"author":[{"embeddable":true,"href":"https:\/\/www.eltriangle.eu\/es\/wp-json\/wp\/v2\/users\/179"}],"replies":[{"embeddable":true,"href":"https:\/\/www.eltriangle.eu\/es\/wp-json\/wp\/v2\/comments?post=229671"}],"version-history":[{"count":0,"href":"https:\/\/www.eltriangle.eu\/es\/wp-json\/wp\/v2\/posts\/229671\/revisions"}],"wp:featuredmedia":[{"embeddable":true,"href":"https:\/\/www.eltriangle.eu\/es\/wp-json\/wp\/v2\/media\/229667"}],"wp:attachment":[{"href":"https:\/\/www.eltriangle.eu\/es\/wp-json\/wp\/v2\/media?parent=229671"}],"wp:term":[{"taxonomy":"category","embeddable":true,"href":"https:\/\/www.eltriangle.eu\/es\/wp-json\/wp\/v2\/categories?post=229671"},{"taxonomy":"post_tag","embeddable":true,"href":"https:\/\/www.eltriangle.eu\/es\/wp-json\/wp\/v2\/tags?post=229671"}],"curies":[{"name":"wp","href":"https:\/\/api.w.org\/{rel}","templated":true}]}}