{"id":228210,"date":"2023-11-16T08:00:34","date_gmt":"2023-11-16T07:00:34","guid":{"rendered":null},"modified":"2023-11-16T12:32:03","modified_gmt":"2023-11-16T11:32:03","slug":"catalunya-sufre-su-episodio-de-sequia-mas-grave-jamas-registrado","status":"publish","type":"post","link":"https:\/\/www.eltriangle.eu\/es\/2023\/11\/16\/catalunya-sufre-su-episodio-de-sequia-mas-grave-jamas-registrado\/","title":{"rendered":"Catalu\u00f1a sufre su episodio de sequ\u00eda m\u00e1s grave jam\u00e1s registrado"},"content":{"rendered":"<p><strong>Catalu\u00f1a est\u00e1 viviendo su episodio de sequ\u00eda m\u00e1s grave desde 1916<\/strong>, el primero desde el que se tienen registros. La magnitud de los d\u00e9ficits de precipitaci\u00f3n, la extensi\u00f3n de las zonas afectadas y la duraci\u00f3n del fen\u00f3meno hacen que se supere el precedente m\u00e1s severo, la sequ\u00eda de los a\u00f1os 2005-2008, difunde la ACN.<\/p>\n<p><strong>La racha seca acumula ya 31 meses<\/strong> (entonces fueron 19) y <strong>el 50% del territorio catal\u00e1n se ha visto afectado de forma persistente<\/strong>, con un d\u00e9ficit global de precipitaci\u00f3n de 446 mm.<\/p>\n<p>Para volver a una situaci\u00f3n de normalidad ser\u00eda necesaria una precipitaci\u00f3n equivalente a la lluvia que cae de media en Barcelona durante todo un a\u00f1o, pero el Servicio Meteorol\u00f3gico de Catalu\u00f1a (Meteocat) no prev\u00e9 ning\u00fan episodio de lluvia abundante a corto o medio plazo.<\/p>\n","protected":false},"excerpt":{"rendered":"<p>Catalu\u00f1a est\u00e1 viviendo su episodio de sequ\u00eda m\u00e1s grave desde 1916, el primero desde el que se tienen registros. La magnitud de los d\u00e9ficits de precipitaci\u00f3n, la extensi\u00f3n de las zonas afectadas y la duraci\u00f3n del fen\u00f3meno hacen que se supere el precedente m\u00e1s severo, la sequ\u00eda de los a\u00f1os 2005-2008, difunde la ACN. La &#8230; <a title=\"Catalu\u00f1a sufre su episodio de sequ\u00eda m\u00e1s grave jam\u00e1s registrado\" class=\"read-more\" href=\"https:\/\/www.eltriangle.eu\/es\/2023\/11\/16\/catalunya-sufre-su-episodio-de-sequia-mas-grave-jamas-registrado\/\" aria-label=\"Leer m\u00e1s sobre Catalu\u00f1a sufre su episodio de sequ\u00eda m\u00e1s grave jam\u00e1s registrado\">Leer m\u00e1s<\/a><\/p>\n","protected":false},"author":179,"featured_media":228204,"comment_status":"open","ping_status":"closed","sticky":false,"template":"","format":"standard","meta":{"_acf_changed":false,"pmpro_default_level":"","footnotes":""},"categories":[24,94],"tags":[1990],"class_list":["post-228210","post","type-post","status-publish","format-standard","has-post-thumbnail","hentry","category-actualidad","category-medio-ambiente","tag-meteocat-es","lh_instant_articles-syndicate-yes","pmpro-has-access"],"acf":[],"yoast_head":"<!-- This site is optimized with the Yoast SEO plugin v27.4 - https:\/\/yoast.com\/product\/yoast-seo-wordpress\/ -->\n<title>Catalu\u00f1a sufre su episodio de sequ\u00eda m\u00e1s grave jam\u00e1s registrado - El Triangle<\/title>\n<meta name=\"description\" content=\"Catalu\u00f1a est\u00e1 viviendo su episodio de sequ\u00eda m\u00e1s grave desde 1916, el primero desde el que se tienen registros. La magnitud de los d\u00e9ficits de\" class=\"yoast-seo-meta-tag\" \/>\n<meta name=\"robots\" content=\"index, follow, max-snippet:-1, max-image-preview:large, max-video-preview:-1\" \/>\n<link rel=\"canonical\" href=\"https:\/\/www.eltriangle.eu\/es\/2023\/11\/16\/catalunya-sufre-su-episodio-de-sequia-mas-grave-jamas-registrado\/\" class=\"yoast-seo-meta-tag\" \/>\n<meta property=\"og:locale\" content=\"es_ES\" class=\"yoast-seo-meta-tag\" \/>\n<meta property=\"og:type\" content=\"article\" class=\"yoast-seo-meta-tag\" \/>\n<meta property=\"og:title\" content=\"Catalu\u00f1a sufre su episodio de sequ\u00eda m\u00e1s grave jam\u00e1s registrado - El Triangle\" class=\"yoast-seo-meta-tag\" \/>\n<meta property=\"og:description\" content=\"Catalu\u00f1a est\u00e1 viviendo su episodio de sequ\u00eda m\u00e1s grave desde 1916, el primero desde el que se tienen registros. La magnitud de los d\u00e9ficits de\" class=\"yoast-seo-meta-tag\" \/>\n<meta property=\"og:url\" content=\"https:\/\/www.eltriangle.eu\/es\/2023\/11\/16\/catalunya-sufre-su-episodio-de-sequia-mas-grave-jamas-registrado\/\" class=\"yoast-seo-meta-tag\" \/>\n<meta property=\"og:site_name\" content=\"El Triangle\" class=\"yoast-seo-meta-tag\" \/>\n<meta property=\"article:publisher\" content=\"https:\/\/www.facebook.com\/El-Triangle-Diari-101787399020302\" class=\"yoast-seo-meta-tag\" \/>\n<meta property=\"article:published_time\" content=\"2023-11-16T07:00:34+00:00\" class=\"yoast-seo-meta-tag\" \/>\n<meta property=\"article:modified_time\" content=\"2023-11-16T11:32:03+00:00\" class=\"yoast-seo-meta-tag\" \/>\n<meta property=\"og:image\" content=\"https:\/\/www.eltriangle.eu\/wp-content\/uploads\/2023\/11\/terra-seca-al-panta-de-sau.jpg\" class=\"yoast-seo-meta-tag\" \/>\n\t<meta property=\"og:image:width\" content=\"1200\" class=\"yoast-seo-meta-tag\" \/>\n\t<meta property=\"og:image:height\" content=\"800\" class=\"yoast-seo-meta-tag\" \/>\n\t<meta property=\"og:image:type\" content=\"image\/jpeg\" class=\"yoast-seo-meta-tag\" \/>\n<meta name=\"author\" content=\"Redacci\u00f3 \/ ACN\" class=\"yoast-seo-meta-tag\" \/>\n<meta name=\"twitter:card\" content=\"summary_large_image\" class=\"yoast-seo-meta-tag\" \/>\n<meta name=\"twitter:creator\" content=\"@El_Triangle\" class=\"yoast-seo-meta-tag\" \/>\n<meta name=\"twitter:site\" content=\"@El_Triangle\" class=\"yoast-seo-meta-tag\" \/>\n<meta name=\"twitter:label1\" content=\"Escrito por\" class=\"yoast-seo-meta-tag\" \/>\n\t<meta name=\"twitter:data1\" content=\"Redacci\u00f3 \/ ACN\" class=\"yoast-seo-meta-tag\" \/>\n\t<meta name=\"twitter:label2\" content=\"Tiempo de lectura\" class=\"yoast-seo-meta-tag\" \/>\n\t<meta name=\"twitter:data2\" content=\"1 minuto\" class=\"yoast-seo-meta-tag\" \/>\n<script type=\"application\/ld+json\" class=\"yoast-schema-graph\">{\"@context\":\"https:\\\/\\\/schema.org\",\"@graph\":[{\"@type\":\"NewsArticle\",\"@id\":\"https:\\\/\\\/www.eltriangle.eu\\\/es\\\/2023\\\/11\\\/16\\\/catalunya-sufre-su-episodio-de-sequia-mas-grave-jamas-registrado\\\/#article\",\"isPartOf\":{\"@id\":\"https:\\\/\\\/www.eltriangle.eu\\\/es\\\/2023\\\/11\\\/16\\\/catalunya-sufre-su-episodio-de-sequia-mas-grave-jamas-registrado\\\/\"},\"author\":{\"name\":\"Redacci\u00f3 \\\/ ACN\",\"@id\":\"https:\\\/\\\/www.eltriangle.eu\\\/es\\\/#\\\/schema\\\/person\\\/6e5938f06dd4dcd413779558fbf437d9\"},\"headline\":\"Catalu\u00f1a sufre su episodio de sequ\u00eda m\u00e1s grave jam\u00e1s registrado\",\"datePublished\":\"2023-11-16T07:00:34+00:00\",\"dateModified\":\"2023-11-16T11:32:03+00:00\",\"mainEntityOfPage\":{\"@id\":\"https:\\\/\\\/www.eltriangle.eu\\\/es\\\/2023\\\/11\\\/16\\\/catalunya-sufre-su-episodio-de-sequia-mas-grave-jamas-registrado\\\/\"},\"wordCount\":160,\"commentCount\":0,\"publisher\":{\"@id\":\"https:\\\/\\\/www.eltriangle.eu\\\/es\\\/#organization\"},\"image\":{\"@id\":\"https:\\\/\\\/www.eltriangle.eu\\\/es\\\/2023\\\/11\\\/16\\\/catalunya-sufre-su-episodio-de-sequia-mas-grave-jamas-registrado\\\/#primaryimage\"},\"thumbnailUrl\":\"https:\\\/\\\/www.eltriangle.eu\\\/wp-content\\\/uploads\\\/2023\\\/11\\\/terra-seca-al-panta-de-sau.jpg\",\"keywords\":[\"Meteocat\"],\"articleSection\":[\"Actualidad\",\"Medio ambiente\"],\"inLanguage\":\"es\",\"potentialAction\":[{\"@type\":\"CommentAction\",\"name\":\"Comment\",\"target\":[\"https:\\\/\\\/www.eltriangle.eu\\\/es\\\/2023\\\/11\\\/16\\\/catalunya-sufre-su-episodio-de-sequia-mas-grave-jamas-registrado\\\/#respond\"]}]},{\"@type\":\"WebPage\",\"@id\":\"https:\\\/\\\/www.eltriangle.eu\\\/es\\\/2023\\\/11\\\/16\\\/catalunya-sufre-su-episodio-de-sequia-mas-grave-jamas-registrado\\\/\",\"url\":\"https:\\\/\\\/www.eltriangle.eu\\\/es\\\/2023\\\/11\\\/16\\\/catalunya-sufre-su-episodio-de-sequia-mas-grave-jamas-registrado\\\/\",\"name\":\"Catalu\u00f1a sufre su episodio de sequ\u00eda m\u00e1s grave jam\u00e1s registrado - El Triangle\",\"isPartOf\":{\"@id\":\"https:\\\/\\\/www.eltriangle.eu\\\/es\\\/#website\"},\"primaryImageOfPage\":{\"@id\":\"https:\\\/\\\/www.eltriangle.eu\\\/es\\\/2023\\\/11\\\/16\\\/catalunya-sufre-su-episodio-de-sequia-mas-grave-jamas-registrado\\\/#primaryimage\"},\"image\":{\"@id\":\"https:\\\/\\\/www.eltriangle.eu\\\/es\\\/2023\\\/11\\\/16\\\/catalunya-sufre-su-episodio-de-sequia-mas-grave-jamas-registrado\\\/#primaryimage\"},\"thumbnailUrl\":\"https:\\\/\\\/www.eltriangle.eu\\\/wp-content\\\/uploads\\\/2023\\\/11\\\/terra-seca-al-panta-de-sau.jpg\",\"datePublished\":\"2023-11-16T07:00:34+00:00\",\"dateModified\":\"2023-11-16T11:32:03+00:00\",\"description\":\"Catalu\u00f1a est\u00e1 viviendo su episodio de sequ\u00eda m\u00e1s grave desde 1916, el primero desde el que se tienen registros. La magnitud de los d\u00e9ficits de\",\"breadcrumb\":{\"@id\":\"https:\\\/\\\/www.eltriangle.eu\\\/es\\\/2023\\\/11\\\/16\\\/catalunya-sufre-su-episodio-de-sequia-mas-grave-jamas-registrado\\\/#breadcrumb\"},\"inLanguage\":\"es\",\"potentialAction\":[{\"@type\":\"ReadAction\",\"target\":[\"https:\\\/\\\/www.eltriangle.eu\\\/es\\\/2023\\\/11\\\/16\\\/catalunya-sufre-su-episodio-de-sequia-mas-grave-jamas-registrado\\\/\"]}]},{\"@type\":\"ImageObject\",\"inLanguage\":\"es\",\"@id\":\"https:\\\/\\\/www.eltriangle.eu\\\/es\\\/2023\\\/11\\\/16\\\/catalunya-sufre-su-episodio-de-sequia-mas-grave-jamas-registrado\\\/#primaryimage\",\"url\":\"https:\\\/\\\/www.eltriangle.eu\\\/wp-content\\\/uploads\\\/2023\\\/11\\\/terra-seca-al-panta-de-sau.jpg\",\"contentUrl\":\"https:\\\/\\\/www.eltriangle.eu\\\/wp-content\\\/uploads\\\/2023\\\/11\\\/terra-seca-al-panta-de-sau.jpg\",\"width\":1200,\"height\":800,\"caption\":\"Terra seca al pant\u00e0 de Sau\"},{\"@type\":\"BreadcrumbList\",\"@id\":\"https:\\\/\\\/www.eltriangle.eu\\\/es\\\/2023\\\/11\\\/16\\\/catalunya-sufre-su-episodio-de-sequia-mas-grave-jamas-registrado\\\/#breadcrumb\",\"itemListElement\":[{\"@type\":\"ListItem\",\"position\":1,\"name\":\"Portada\",\"item\":\"https:\\\/\\\/www.eltriangle.eu\\\/es\\\/\"},{\"@type\":\"ListItem\",\"position\":2,\"name\":\"Catalu\u00f1a sufre su episodio de sequ\u00eda m\u00e1s grave jam\u00e1s registrado\"}]},{\"@type\":\"WebSite\",\"@id\":\"https:\\\/\\\/www.eltriangle.eu\\\/es\\\/#website\",\"url\":\"https:\\\/\\\/www.eltriangle.eu\\\/es\\\/\",\"name\":\"El Triangle\",\"description\":\"El Triangle \u00e9s un Diari d&#039;informaci\u00f3 general, editat a Catalunya i escrit en llengua catalana, especialitzat en investigaci\u00f3 period\u00edstica\",\"publisher\":{\"@id\":\"https:\\\/\\\/www.eltriangle.eu\\\/es\\\/#organization\"},\"potentialAction\":[{\"@type\":\"SearchAction\",\"target\":{\"@type\":\"EntryPoint\",\"urlTemplate\":\"https:\\\/\\\/www.eltriangle.eu\\\/es\\\/?s={search_term_string}\"},\"query-input\":{\"@type\":\"PropertyValueSpecification\",\"valueRequired\":true,\"valueName\":\"search_term_string\"}}],\"inLanguage\":\"es\"},{\"@type\":[\"Organization\",\"NewsMediaOrganization\"],\"@id\":\"https:\\\/\\\/www.eltriangle.eu\\\/es\\\/#organization\",\"name\":\"El Triangle\",\"url\":\"https:\\\/\\\/www.eltriangle.eu\\\/es\\\/\",\"logo\":{\"@type\":\"ImageObject\",\"inLanguage\":\"es\",\"@id\":\"https:\\\/\\\/www.eltriangle.eu\\\/es\\\/#\\\/schema\\\/logo\\\/image\\\/\",\"url\":\"https:\\\/\\\/www.eltriangle.eu\\\/wp-content\\\/uploads\\\/2020\\\/11\\\/triangle_logo-ajustado.jpg\",\"contentUrl\":\"https:\\\/\\\/www.eltriangle.eu\\\/wp-content\\\/uploads\\\/2020\\\/11\\\/triangle_logo-ajustado.jpg\",\"width\":521,\"height\":92,\"caption\":\"El Triangle\"},\"image\":{\"@id\":\"https:\\\/\\\/www.eltriangle.eu\\\/es\\\/#\\\/schema\\\/logo\\\/image\\\/\"},\"sameAs\":[\"https:\\\/\\\/www.facebook.com\\\/El-Triangle-Diari-101787399020302\",\"https:\\\/\\\/x.com\\\/El_Triangle\",\"https:\\\/\\\/www.youtube.com\\\/channel\\\/UCTIjmYEMYSpdGonuAgNhbcg\"]},{\"@type\":\"Person\",\"@id\":\"https:\\\/\\\/www.eltriangle.eu\\\/es\\\/#\\\/schema\\\/person\\\/6e5938f06dd4dcd413779558fbf437d9\",\"name\":\"Redacci\u00f3 \\\/ ACN\",\"image\":{\"@type\":\"ImageObject\",\"inLanguage\":\"es\",\"@id\":\"\\\/\\\/www.gravatar.com\\\/avatar\\\/a5bc366245a614da74d9f8d49d1b53bf?s=96&#038;r=g&#038;d=mm\",\"url\":\"\\\/\\\/www.gravatar.com\\\/avatar\\\/a5bc366245a614da74d9f8d49d1b53bf?s=96&#038;r=g&#038;d=mm\",\"contentUrl\":\"\\\/\\\/www.gravatar.com\\\/avatar\\\/a5bc366245a614da74d9f8d49d1b53bf?s=96&#038;r=g&#038;d=mm\",\"caption\":\"Redacci\u00f3 \\\/ ACN\"},\"url\":\"https:\\\/\\\/www.eltriangle.eu\\\/es\\\/author\\\/redaccioacn\\\/\"},{\"@type\":\"SiteNavigationElement\",\"@id\":\"https:\\\/\\\/www.eltriangle.eu\\\/es\\\/#site-navigation\",\"cssSelector\":[\".cib-main-menu\"]},{\"@type\":\"WPHeader\",\"@id\":\"https:\\\/\\\/www.eltriangle.eu\\\/es\\\/#header\",\"cssSelector\":[\".cib-header\"]},{\"@type\":\"WPFooter\",\"@id\":\"https:\\\/\\\/www.eltriangle.eu\\\/es\\\/#footer\",\"cssSelector\":[\".cib-footer\"]}]}<\/script>\n<!-- \/ Yoast SEO plugin. -->","yoast_head_json":{"title":"Catalu\u00f1a sufre su episodio de sequ\u00eda m\u00e1s grave jam\u00e1s registrado - El Triangle","description":"Catalu\u00f1a est\u00e1 viviendo su episodio de sequ\u00eda m\u00e1s grave desde 1916, el primero desde el que se tienen registros. La magnitud de los d\u00e9ficits de","robots":{"index":"index","follow":"follow","max-snippet":"max-snippet:-1","max-image-preview":"max-image-preview:large","max-video-preview":"max-video-preview:-1"},"canonical":"https:\/\/www.eltriangle.eu\/es\/2023\/11\/16\/catalunya-sufre-su-episodio-de-sequia-mas-grave-jamas-registrado\/","og_locale":"es_ES","og_type":"article","og_title":"Catalu\u00f1a sufre su episodio de sequ\u00eda m\u00e1s grave jam\u00e1s registrado - El Triangle","og_description":"Catalu\u00f1a est\u00e1 viviendo su episodio de sequ\u00eda m\u00e1s grave desde 1916, el primero desde el que se tienen registros. La magnitud de los d\u00e9ficits de","og_url":"https:\/\/www.eltriangle.eu\/es\/2023\/11\/16\/catalunya-sufre-su-episodio-de-sequia-mas-grave-jamas-registrado\/","og_site_name":"El Triangle","article_publisher":"https:\/\/www.facebook.com\/El-Triangle-Diari-101787399020302","article_published_time":"2023-11-16T07:00:34+00:00","article_modified_time":"2023-11-16T11:32:03+00:00","og_image":[{"width":1200,"height":800,"url":"https:\/\/www.eltriangle.eu\/wp-content\/uploads\/2023\/11\/terra-seca-al-panta-de-sau.jpg","type":"image\/jpeg"}],"author":"Redacci\u00f3 \/ ACN","twitter_card":"summary_large_image","twitter_creator":"@El_Triangle","twitter_site":"@El_Triangle","twitter_misc":{"Escrito por":"Redacci\u00f3 \/ ACN","Tiempo de lectura":"1 minuto"},"schema":{"@context":"https:\/\/schema.org","@graph":[{"@type":"NewsArticle","@id":"https:\/\/www.eltriangle.eu\/es\/2023\/11\/16\/catalunya-sufre-su-episodio-de-sequia-mas-grave-jamas-registrado\/#article","isPartOf":{"@id":"https:\/\/www.eltriangle.eu\/es\/2023\/11\/16\/catalunya-sufre-su-episodio-de-sequia-mas-grave-jamas-registrado\/"},"author":{"name":"Redacci\u00f3 \/ ACN","@id":"https:\/\/www.eltriangle.eu\/es\/#\/schema\/person\/6e5938f06dd4dcd413779558fbf437d9"},"headline":"Catalu\u00f1a sufre su episodio de sequ\u00eda m\u00e1s grave jam\u00e1s registrado","datePublished":"2023-11-16T07:00:34+00:00","dateModified":"2023-11-16T11:32:03+00:00","mainEntityOfPage":{"@id":"https:\/\/www.eltriangle.eu\/es\/2023\/11\/16\/catalunya-sufre-su-episodio-de-sequia-mas-grave-jamas-registrado\/"},"wordCount":160,"commentCount":0,"publisher":{"@id":"https:\/\/www.eltriangle.eu\/es\/#organization"},"image":{"@id":"https:\/\/www.eltriangle.eu\/es\/2023\/11\/16\/catalunya-sufre-su-episodio-de-sequia-mas-grave-jamas-registrado\/#primaryimage"},"thumbnailUrl":"https:\/\/www.eltriangle.eu\/wp-content\/uploads\/2023\/11\/terra-seca-al-panta-de-sau.jpg","keywords":["Meteocat"],"articleSection":["Actualidad","Medio ambiente"],"inLanguage":"es","potentialAction":[{"@type":"CommentAction","name":"Comment","target":["https:\/\/www.eltriangle.eu\/es\/2023\/11\/16\/catalunya-sufre-su-episodio-de-sequia-mas-grave-jamas-registrado\/#respond"]}]},{"@type":"WebPage","@id":"https:\/\/www.eltriangle.eu\/es\/2023\/11\/16\/catalunya-sufre-su-episodio-de-sequia-mas-grave-jamas-registrado\/","url":"https:\/\/www.eltriangle.eu\/es\/2023\/11\/16\/catalunya-sufre-su-episodio-de-sequia-mas-grave-jamas-registrado\/","name":"Catalu\u00f1a sufre su episodio de sequ\u00eda m\u00e1s grave jam\u00e1s registrado - El Triangle","isPartOf":{"@id":"https:\/\/www.eltriangle.eu\/es\/#website"},"primaryImageOfPage":{"@id":"https:\/\/www.eltriangle.eu\/es\/2023\/11\/16\/catalunya-sufre-su-episodio-de-sequia-mas-grave-jamas-registrado\/#primaryimage"},"image":{"@id":"https:\/\/www.eltriangle.eu\/es\/2023\/11\/16\/catalunya-sufre-su-episodio-de-sequia-mas-grave-jamas-registrado\/#primaryimage"},"thumbnailUrl":"https:\/\/www.eltriangle.eu\/wp-content\/uploads\/2023\/11\/terra-seca-al-panta-de-sau.jpg","datePublished":"2023-11-16T07:00:34+00:00","dateModified":"2023-11-16T11:32:03+00:00","description":"Catalu\u00f1a est\u00e1 viviendo su episodio de sequ\u00eda m\u00e1s grave desde 1916, el primero desde el que se tienen registros. La magnitud de los d\u00e9ficits de","breadcrumb":{"@id":"https:\/\/www.eltriangle.eu\/es\/2023\/11\/16\/catalunya-sufre-su-episodio-de-sequia-mas-grave-jamas-registrado\/#breadcrumb"},"inLanguage":"es","potentialAction":[{"@type":"ReadAction","target":["https:\/\/www.eltriangle.eu\/es\/2023\/11\/16\/catalunya-sufre-su-episodio-de-sequia-mas-grave-jamas-registrado\/"]}]},{"@type":"ImageObject","inLanguage":"es","@id":"https:\/\/www.eltriangle.eu\/es\/2023\/11\/16\/catalunya-sufre-su-episodio-de-sequia-mas-grave-jamas-registrado\/#primaryimage","url":"https:\/\/www.eltriangle.eu\/wp-content\/uploads\/2023\/11\/terra-seca-al-panta-de-sau.jpg","contentUrl":"https:\/\/www.eltriangle.eu\/wp-content\/uploads\/2023\/11\/terra-seca-al-panta-de-sau.jpg","width":1200,"height":800,"caption":"Terra seca al pant\u00e0 de Sau"},{"@type":"BreadcrumbList","@id":"https:\/\/www.eltriangle.eu\/es\/2023\/11\/16\/catalunya-sufre-su-episodio-de-sequia-mas-grave-jamas-registrado\/#breadcrumb","itemListElement":[{"@type":"ListItem","position":1,"name":"Portada","item":"https:\/\/www.eltriangle.eu\/es\/"},{"@type":"ListItem","position":2,"name":"Catalu\u00f1a sufre su episodio de sequ\u00eda m\u00e1s grave jam\u00e1s registrado"}]},{"@type":"WebSite","@id":"https:\/\/www.eltriangle.eu\/es\/#website","url":"https:\/\/www.eltriangle.eu\/es\/","name":"El Triangle","description":"El Triangle \u00e9s un Diari d&#039;informaci\u00f3 general, editat a Catalunya i escrit en llengua catalana, especialitzat en investigaci\u00f3 period\u00edstica","publisher":{"@id":"https:\/\/www.eltriangle.eu\/es\/#organization"},"potentialAction":[{"@type":"SearchAction","target":{"@type":"EntryPoint","urlTemplate":"https:\/\/www.eltriangle.eu\/es\/?s={search_term_string}"},"query-input":{"@type":"PropertyValueSpecification","valueRequired":true,"valueName":"search_term_string"}}],"inLanguage":"es"},{"@type":["Organization","NewsMediaOrganization"],"@id":"https:\/\/www.eltriangle.eu\/es\/#organization","name":"El Triangle","url":"https:\/\/www.eltriangle.eu\/es\/","logo":{"@type":"ImageObject","inLanguage":"es","@id":"https:\/\/www.eltriangle.eu\/es\/#\/schema\/logo\/image\/","url":"https:\/\/www.eltriangle.eu\/wp-content\/uploads\/2020\/11\/triangle_logo-ajustado.jpg","contentUrl":"https:\/\/www.eltriangle.eu\/wp-content\/uploads\/2020\/11\/triangle_logo-ajustado.jpg","width":521,"height":92,"caption":"El Triangle"},"image":{"@id":"https:\/\/www.eltriangle.eu\/es\/#\/schema\/logo\/image\/"},"sameAs":["https:\/\/www.facebook.com\/El-Triangle-Diari-101787399020302","https:\/\/x.com\/El_Triangle","https:\/\/www.youtube.com\/channel\/UCTIjmYEMYSpdGonuAgNhbcg"]},{"@type":"Person","@id":"https:\/\/www.eltriangle.eu\/es\/#\/schema\/person\/6e5938f06dd4dcd413779558fbf437d9","name":"Redacci\u00f3 \/ ACN","image":{"@type":"ImageObject","inLanguage":"es","@id":"\/\/www.gravatar.com\/avatar\/a5bc366245a614da74d9f8d49d1b53bf?s=96&#038;r=g&#038;d=mm","url":"\/\/www.gravatar.com\/avatar\/a5bc366245a614da74d9f8d49d1b53bf?s=96&#038;r=g&#038;d=mm","contentUrl":"\/\/www.gravatar.com\/avatar\/a5bc366245a614da74d9f8d49d1b53bf?s=96&#038;r=g&#038;d=mm","caption":"Redacci\u00f3 \/ ACN"},"url":"https:\/\/www.eltriangle.eu\/es\/author\/redaccioacn\/"},{"@type":"SiteNavigationElement","@id":"https:\/\/www.eltriangle.eu\/es\/#site-navigation","cssSelector":[".cib-main-menu"]},{"@type":"WPHeader","@id":"https:\/\/www.eltriangle.eu\/es\/#header","cssSelector":[".cib-header"]},{"@type":"WPFooter","@id":"https:\/\/www.eltriangle.eu\/es\/#footer","cssSelector":[".cib-footer"]}]}},"amp_enabled":true,"_links":{"self":[{"href":"https:\/\/www.eltriangle.eu\/es\/wp-json\/wp\/v2\/posts\/228210","targetHints":{"allow":["GET"]}}],"collection":[{"href":"https:\/\/www.eltriangle.eu\/es\/wp-json\/wp\/v2\/posts"}],"about":[{"href":"https:\/\/www.eltriangle.eu\/es\/wp-json\/wp\/v2\/types\/post"}],"author":[{"embeddable":true,"href":"https:\/\/www.eltriangle.eu\/es\/wp-json\/wp\/v2\/users\/179"}],"replies":[{"embeddable":true,"href":"https:\/\/www.eltriangle.eu\/es\/wp-json\/wp\/v2\/comments?post=228210"}],"version-history":[{"count":0,"href":"https:\/\/www.eltriangle.eu\/es\/wp-json\/wp\/v2\/posts\/228210\/revisions"}],"wp:featuredmedia":[{"embeddable":true,"href":"https:\/\/www.eltriangle.eu\/es\/wp-json\/wp\/v2\/media\/228204"}],"wp:attachment":[{"href":"https:\/\/www.eltriangle.eu\/es\/wp-json\/wp\/v2\/media?parent=228210"}],"wp:term":[{"taxonomy":"category","embeddable":true,"href":"https:\/\/www.eltriangle.eu\/es\/wp-json\/wp\/v2\/categories?post=228210"},{"taxonomy":"post_tag","embeddable":true,"href":"https:\/\/www.eltriangle.eu\/es\/wp-json\/wp\/v2\/tags?post=228210"}],"curies":[{"name":"wp","href":"https:\/\/api.w.org\/{rel}","templated":true}]}}