{"id":225574,"date":"2023-11-03T11:20:24","date_gmt":"2023-11-03T10:20:24","guid":{"rendered":null},"modified":"2023-11-03T17:16:08","modified_gmt":"2023-11-03T16:16:08","slug":"la-guardia-civil-concluye-que-marta-rovira-coordino-tsunami-democratic","status":"publish","type":"post","link":"https:\/\/www.eltriangle.eu\/es\/2023\/11\/03\/la-guardia-civil-concluye-que-marta-rovira-coordino-tsunami-democratic\/","title":{"rendered":"La Guardia Civil concluye que Marta Rovira coordin\u00f3 Tsunami Democr\u00e0tic"},"content":{"rendered":"<p><span lang=\"es\">La <strong>Guardia Civil<\/strong> ha concluido que la secretaria general de ERC,<strong> Marta Rovira<\/strong>, fue una coordinadora del <strong>Tsunami Democr\u00e0tic<\/strong> encargada sobre todo de buscar apoyos internacionales y dentro de su partido, seg\u00fan ha hecho constar el instituto armado en un informe remitido a la <strong>Audiencia Nacional<\/strong>, cuyo contenido han avanzado RTVE y<em> El Confidencial<\/em>.<\/span><\/p>\n<p>Para los investigadores del caso, Rovira utilizaba el sobrenombre <em>Matagalls<\/em> y respond\u00eda al nombre de Marta en conversaciones con el exdirigente y exconsejero de ERC <strong>Xavier Vendrell<\/strong> y con <strong>Josep Llu\u00eds Alay<\/strong>, actual responsable de la oficina de expresidente de Carles Puigdemont, y particip\u00f3 en el reclutamiento de gente, adem\u00e1s de ejercer de enlace entre Tsunami y la direcci\u00f3n.<\/p>\n<p>Adem\u00e1s, el informe refleja que Rovira ten\u00eda un \u00abconocimiento previo\u00bb de al menos ciertas acciones de la plataforma, recoge la ACN, y que era una persona autorizada para discutir y defender el proyecto de Tsunami Democr\u00e0tic ante facciones independentistas que pudieran estar en contra, seg\u00fan fragmentos difundidos por<em> El Mundo<\/em> y <em>ABC<\/em>.<\/p>\n<p>La Audiencia Nacional investiga a Tsunami por acciones como el bloqueo del aeropuerto de El Prat o el corte de la AP-7 en la frontera, en una causa a la que podr\u00eda afectar a una futura<strong> ley de amnist\u00eda<\/strong> que pacte el PSOE con los partidos independentistas catalanes.<\/p>\n","protected":false},"excerpt":{"rendered":"<p>La Guardia Civil ha concluido que la secretaria general de ERC, Marta Rovira, fue una coordinadora del Tsunami Democr\u00e0tic encargada sobre todo de buscar apoyos internacionales y dentro de su partido, seg\u00fan ha hecho constar el instituto armado en un informe remitido a la Audiencia Nacional, cuyo contenido han avanzado RTVE y El Confidencial. Para &#8230; <a title=\"La Guardia Civil concluye que Marta Rovira coordin\u00f3 Tsunami Democr\u00e0tic\" class=\"read-more\" href=\"https:\/\/www.eltriangle.eu\/es\/2023\/11\/03\/la-guardia-civil-concluye-que-marta-rovira-coordino-tsunami-democratic\/\" aria-label=\"Leer m\u00e1s sobre La Guardia Civil concluye que Marta Rovira coordin\u00f3 Tsunami Democr\u00e0tic\">Leer m\u00e1s<\/a><\/p>\n","protected":false},"author":179,"featured_media":134247,"comment_status":"open","ping_status":"closed","sticky":false,"template":"","format":"standard","meta":{"_acf_changed":false,"pmpro_default_level":"","footnotes":""},"categories":[24,74,96],"tags":[1058,282,579,972],"class_list":["post-225574","post","type-post","status-publish","format-standard","has-post-thumbnail","hentry","category-actualidad","category-poderes","category-tribunales","tag-audiencia-nacional-es","tag-guardia-civil-es","tag-marta-rovira-es","tag-tsunami-democratic-es","lh_instant_articles-syndicate-yes","pmpro-has-access"],"acf":[],"yoast_head":"<!-- This site is optimized with the Yoast SEO plugin v27.4 - https:\/\/yoast.com\/product\/yoast-seo-wordpress\/ -->\n<title>La Guardia Civil concluye que Marta Rovira coordin\u00f3 Tsunami Democr\u00e0tic - El Triangle<\/title>\n<meta name=\"description\" content=\"La Guardia Civil ha concluido que la secretaria general de ERC, Marta Rovira, fue una coordinadora del Tsunami Democr\u00e0tic encargada sobre todo de buscar\" class=\"yoast-seo-meta-tag\" \/>\n<meta name=\"robots\" content=\"index, follow, max-snippet:-1, max-image-preview:large, max-video-preview:-1\" \/>\n<link rel=\"canonical\" href=\"https:\/\/www.eltriangle.eu\/es\/2023\/11\/03\/la-guardia-civil-concluye-que-marta-rovira-coordino-tsunami-democratic\/\" class=\"yoast-seo-meta-tag\" \/>\n<meta property=\"og:locale\" content=\"es_ES\" class=\"yoast-seo-meta-tag\" \/>\n<meta property=\"og:type\" content=\"article\" class=\"yoast-seo-meta-tag\" \/>\n<meta property=\"og:title\" content=\"La Guardia Civil concluye que Marta Rovira coordin\u00f3 Tsunami Democr\u00e0tic - El Triangle\" class=\"yoast-seo-meta-tag\" \/>\n<meta property=\"og:description\" content=\"La Guardia Civil ha concluido que la secretaria general de ERC, Marta Rovira, fue una coordinadora del Tsunami Democr\u00e0tic encargada sobre todo de buscar\" class=\"yoast-seo-meta-tag\" \/>\n<meta property=\"og:url\" content=\"https:\/\/www.eltriangle.eu\/es\/2023\/11\/03\/la-guardia-civil-concluye-que-marta-rovira-coordino-tsunami-democratic\/\" class=\"yoast-seo-meta-tag\" \/>\n<meta property=\"og:site_name\" content=\"El Triangle\" class=\"yoast-seo-meta-tag\" \/>\n<meta property=\"article:publisher\" content=\"https:\/\/www.facebook.com\/El-Triangle-Diari-101787399020302\" class=\"yoast-seo-meta-tag\" \/>\n<meta property=\"article:published_time\" content=\"2023-11-03T10:20:24+00:00\" class=\"yoast-seo-meta-tag\" \/>\n<meta property=\"article:modified_time\" content=\"2023-11-03T16:16:08+00:00\" class=\"yoast-seo-meta-tag\" \/>\n<meta property=\"og:image\" content=\"https:\/\/www.eltriangle.eu\/wp-content\/uploads\/2022\/03\/marta-rovira.jpg\" class=\"yoast-seo-meta-tag\" \/>\n\t<meta property=\"og:image:width\" content=\"674\" class=\"yoast-seo-meta-tag\" \/>\n\t<meta property=\"og:image:height\" content=\"460\" class=\"yoast-seo-meta-tag\" \/>\n\t<meta property=\"og:image:type\" content=\"image\/jpeg\" class=\"yoast-seo-meta-tag\" \/>\n<meta name=\"author\" content=\"Redacci\u00f3 \/ ACN\" class=\"yoast-seo-meta-tag\" \/>\n<meta name=\"twitter:card\" content=\"summary_large_image\" class=\"yoast-seo-meta-tag\" \/>\n<meta name=\"twitter:creator\" content=\"@El_Triangle\" class=\"yoast-seo-meta-tag\" \/>\n<meta name=\"twitter:site\" content=\"@El_Triangle\" class=\"yoast-seo-meta-tag\" \/>\n<meta name=\"twitter:label1\" content=\"Escrito por\" class=\"yoast-seo-meta-tag\" \/>\n\t<meta name=\"twitter:data1\" content=\"Redacci\u00f3 \/ ACN\" class=\"yoast-seo-meta-tag\" \/>\n\t<meta name=\"twitter:label2\" content=\"Tiempo de lectura\" class=\"yoast-seo-meta-tag\" \/>\n\t<meta name=\"twitter:data2\" content=\"1 minuto\" class=\"yoast-seo-meta-tag\" \/>\n<script type=\"application\/ld+json\" class=\"yoast-schema-graph\">{\"@context\":\"https:\\\/\\\/schema.org\",\"@graph\":[{\"@type\":\"NewsArticle\",\"@id\":\"https:\\\/\\\/www.eltriangle.eu\\\/es\\\/2023\\\/11\\\/03\\\/la-guardia-civil-concluye-que-marta-rovira-coordino-tsunami-democratic\\\/#article\",\"isPartOf\":{\"@id\":\"https:\\\/\\\/www.eltriangle.eu\\\/es\\\/2023\\\/11\\\/03\\\/la-guardia-civil-concluye-que-marta-rovira-coordino-tsunami-democratic\\\/\"},\"author\":{\"name\":\"Redacci\u00f3 \\\/ ACN\",\"@id\":\"https:\\\/\\\/www.eltriangle.eu\\\/es\\\/#\\\/schema\\\/person\\\/6e5938f06dd4dcd413779558fbf437d9\"},\"headline\":\"La Guardia Civil concluye que Marta Rovira coordin\u00f3 Tsunami Democr\u00e0tic\",\"datePublished\":\"2023-11-03T10:20:24+00:00\",\"dateModified\":\"2023-11-03T16:16:08+00:00\",\"mainEntityOfPage\":{\"@id\":\"https:\\\/\\\/www.eltriangle.eu\\\/es\\\/2023\\\/11\\\/03\\\/la-guardia-civil-concluye-que-marta-rovira-coordino-tsunami-democratic\\\/\"},\"wordCount\":236,\"commentCount\":0,\"publisher\":{\"@id\":\"https:\\\/\\\/www.eltriangle.eu\\\/es\\\/#organization\"},\"image\":{\"@id\":\"https:\\\/\\\/www.eltriangle.eu\\\/es\\\/2023\\\/11\\\/03\\\/la-guardia-civil-concluye-que-marta-rovira-coordino-tsunami-democratic\\\/#primaryimage\"},\"thumbnailUrl\":\"https:\\\/\\\/www.eltriangle.eu\\\/wp-content\\\/uploads\\\/2022\\\/03\\\/marta-rovira.jpg\",\"keywords\":[\"Audiencia Nacional\",\"Guardia Civil\",\"Marta Rovira\",\"Tsunami Democr\u00e0tic\"],\"articleSection\":[\"Actualidad\",\"Poderes\",\"Tribunales\"],\"inLanguage\":\"es\",\"potentialAction\":[{\"@type\":\"CommentAction\",\"name\":\"Comment\",\"target\":[\"https:\\\/\\\/www.eltriangle.eu\\\/es\\\/2023\\\/11\\\/03\\\/la-guardia-civil-concluye-que-marta-rovira-coordino-tsunami-democratic\\\/#respond\"]}]},{\"@type\":\"WebPage\",\"@id\":\"https:\\\/\\\/www.eltriangle.eu\\\/es\\\/2023\\\/11\\\/03\\\/la-guardia-civil-concluye-que-marta-rovira-coordino-tsunami-democratic\\\/\",\"url\":\"https:\\\/\\\/www.eltriangle.eu\\\/es\\\/2023\\\/11\\\/03\\\/la-guardia-civil-concluye-que-marta-rovira-coordino-tsunami-democratic\\\/\",\"name\":\"La Guardia Civil concluye que Marta Rovira coordin\u00f3 Tsunami Democr\u00e0tic - El Triangle\",\"isPartOf\":{\"@id\":\"https:\\\/\\\/www.eltriangle.eu\\\/es\\\/#website\"},\"primaryImageOfPage\":{\"@id\":\"https:\\\/\\\/www.eltriangle.eu\\\/es\\\/2023\\\/11\\\/03\\\/la-guardia-civil-concluye-que-marta-rovira-coordino-tsunami-democratic\\\/#primaryimage\"},\"image\":{\"@id\":\"https:\\\/\\\/www.eltriangle.eu\\\/es\\\/2023\\\/11\\\/03\\\/la-guardia-civil-concluye-que-marta-rovira-coordino-tsunami-democratic\\\/#primaryimage\"},\"thumbnailUrl\":\"https:\\\/\\\/www.eltriangle.eu\\\/wp-content\\\/uploads\\\/2022\\\/03\\\/marta-rovira.jpg\",\"datePublished\":\"2023-11-03T10:20:24+00:00\",\"dateModified\":\"2023-11-03T16:16:08+00:00\",\"description\":\"La Guardia Civil ha concluido que la secretaria general de ERC, Marta Rovira, fue una coordinadora del Tsunami Democr\u00e0tic encargada sobre todo de buscar\",\"breadcrumb\":{\"@id\":\"https:\\\/\\\/www.eltriangle.eu\\\/es\\\/2023\\\/11\\\/03\\\/la-guardia-civil-concluye-que-marta-rovira-coordino-tsunami-democratic\\\/#breadcrumb\"},\"inLanguage\":\"es\",\"potentialAction\":[{\"@type\":\"ReadAction\",\"target\":[\"https:\\\/\\\/www.eltriangle.eu\\\/es\\\/2023\\\/11\\\/03\\\/la-guardia-civil-concluye-que-marta-rovira-coordino-tsunami-democratic\\\/\"]}]},{\"@type\":\"ImageObject\",\"inLanguage\":\"es\",\"@id\":\"https:\\\/\\\/www.eltriangle.eu\\\/es\\\/2023\\\/11\\\/03\\\/la-guardia-civil-concluye-que-marta-rovira-coordino-tsunami-democratic\\\/#primaryimage\",\"url\":\"https:\\\/\\\/www.eltriangle.eu\\\/wp-content\\\/uploads\\\/2022\\\/03\\\/marta-rovira.jpg\",\"contentUrl\":\"https:\\\/\\\/www.eltriangle.eu\\\/wp-content\\\/uploads\\\/2022\\\/03\\\/marta-rovira.jpg\",\"width\":674,\"height\":460,\"caption\":\"Intervenci\u00f3n telem\u00e1tica de Marta Rovira en un acto de ERC\"},{\"@type\":\"BreadcrumbList\",\"@id\":\"https:\\\/\\\/www.eltriangle.eu\\\/es\\\/2023\\\/11\\\/03\\\/la-guardia-civil-concluye-que-marta-rovira-coordino-tsunami-democratic\\\/#breadcrumb\",\"itemListElement\":[{\"@type\":\"ListItem\",\"position\":1,\"name\":\"Portada\",\"item\":\"https:\\\/\\\/www.eltriangle.eu\\\/es\\\/\"},{\"@type\":\"ListItem\",\"position\":2,\"name\":\"La Guardia Civil concluye que Marta Rovira coordin\u00f3 Tsunami Democr\u00e0tic\"}]},{\"@type\":\"WebSite\",\"@id\":\"https:\\\/\\\/www.eltriangle.eu\\\/es\\\/#website\",\"url\":\"https:\\\/\\\/www.eltriangle.eu\\\/es\\\/\",\"name\":\"El Triangle\",\"description\":\"El Triangle \u00e9s un Diari d&#039;informaci\u00f3 general, editat a Catalunya i escrit en llengua catalana, especialitzat en investigaci\u00f3 period\u00edstica\",\"publisher\":{\"@id\":\"https:\\\/\\\/www.eltriangle.eu\\\/es\\\/#organization\"},\"potentialAction\":[{\"@type\":\"SearchAction\",\"target\":{\"@type\":\"EntryPoint\",\"urlTemplate\":\"https:\\\/\\\/www.eltriangle.eu\\\/es\\\/?s={search_term_string}\"},\"query-input\":{\"@type\":\"PropertyValueSpecification\",\"valueRequired\":true,\"valueName\":\"search_term_string\"}}],\"inLanguage\":\"es\"},{\"@type\":[\"Organization\",\"NewsMediaOrganization\"],\"@id\":\"https:\\\/\\\/www.eltriangle.eu\\\/es\\\/#organization\",\"name\":\"El Triangle\",\"url\":\"https:\\\/\\\/www.eltriangle.eu\\\/es\\\/\",\"logo\":{\"@type\":\"ImageObject\",\"inLanguage\":\"es\",\"@id\":\"https:\\\/\\\/www.eltriangle.eu\\\/es\\\/#\\\/schema\\\/logo\\\/image\\\/\",\"url\":\"https:\\\/\\\/www.eltriangle.eu\\\/wp-content\\\/uploads\\\/2020\\\/11\\\/triangle_logo-ajustado.jpg\",\"contentUrl\":\"https:\\\/\\\/www.eltriangle.eu\\\/wp-content\\\/uploads\\\/2020\\\/11\\\/triangle_logo-ajustado.jpg\",\"width\":521,\"height\":92,\"caption\":\"El Triangle\"},\"image\":{\"@id\":\"https:\\\/\\\/www.eltriangle.eu\\\/es\\\/#\\\/schema\\\/logo\\\/image\\\/\"},\"sameAs\":[\"https:\\\/\\\/www.facebook.com\\\/El-Triangle-Diari-101787399020302\",\"https:\\\/\\\/x.com\\\/El_Triangle\",\"https:\\\/\\\/www.youtube.com\\\/channel\\\/UCTIjmYEMYSpdGonuAgNhbcg\"]},{\"@type\":\"Person\",\"@id\":\"https:\\\/\\\/www.eltriangle.eu\\\/es\\\/#\\\/schema\\\/person\\\/6e5938f06dd4dcd413779558fbf437d9\",\"name\":\"Redacci\u00f3 \\\/ ACN\",\"image\":{\"@type\":\"ImageObject\",\"inLanguage\":\"es\",\"@id\":\"\\\/\\\/www.gravatar.com\\\/avatar\\\/a5bc366245a614da74d9f8d49d1b53bf?s=96&#038;r=g&#038;d=mm\",\"url\":\"\\\/\\\/www.gravatar.com\\\/avatar\\\/a5bc366245a614da74d9f8d49d1b53bf?s=96&#038;r=g&#038;d=mm\",\"contentUrl\":\"\\\/\\\/www.gravatar.com\\\/avatar\\\/a5bc366245a614da74d9f8d49d1b53bf?s=96&#038;r=g&#038;d=mm\",\"caption\":\"Redacci\u00f3 \\\/ ACN\"},\"url\":\"https:\\\/\\\/www.eltriangle.eu\\\/es\\\/author\\\/redaccioacn\\\/\"},{\"@type\":\"SiteNavigationElement\",\"@id\":\"https:\\\/\\\/www.eltriangle.eu\\\/es\\\/#site-navigation\",\"cssSelector\":[\".cib-main-menu\"]},{\"@type\":\"WPHeader\",\"@id\":\"https:\\\/\\\/www.eltriangle.eu\\\/es\\\/#header\",\"cssSelector\":[\".cib-header\"]},{\"@type\":\"WPFooter\",\"@id\":\"https:\\\/\\\/www.eltriangle.eu\\\/es\\\/#footer\",\"cssSelector\":[\".cib-footer\"]}]}<\/script>\n<!-- \/ Yoast SEO plugin. -->","yoast_head_json":{"title":"La Guardia Civil concluye que Marta Rovira coordin\u00f3 Tsunami Democr\u00e0tic - El Triangle","description":"La Guardia Civil ha concluido que la secretaria general de ERC, Marta Rovira, fue una coordinadora del Tsunami Democr\u00e0tic encargada sobre todo de buscar","robots":{"index":"index","follow":"follow","max-snippet":"max-snippet:-1","max-image-preview":"max-image-preview:large","max-video-preview":"max-video-preview:-1"},"canonical":"https:\/\/www.eltriangle.eu\/es\/2023\/11\/03\/la-guardia-civil-concluye-que-marta-rovira-coordino-tsunami-democratic\/","og_locale":"es_ES","og_type":"article","og_title":"La Guardia Civil concluye que Marta Rovira coordin\u00f3 Tsunami Democr\u00e0tic - El Triangle","og_description":"La Guardia Civil ha concluido que la secretaria general de ERC, Marta Rovira, fue una coordinadora del Tsunami Democr\u00e0tic encargada sobre todo de buscar","og_url":"https:\/\/www.eltriangle.eu\/es\/2023\/11\/03\/la-guardia-civil-concluye-que-marta-rovira-coordino-tsunami-democratic\/","og_site_name":"El Triangle","article_publisher":"https:\/\/www.facebook.com\/El-Triangle-Diari-101787399020302","article_published_time":"2023-11-03T10:20:24+00:00","article_modified_time":"2023-11-03T16:16:08+00:00","og_image":[{"width":674,"height":460,"url":"https:\/\/www.eltriangle.eu\/wp-content\/uploads\/2022\/03\/marta-rovira.jpg","type":"image\/jpeg"}],"author":"Redacci\u00f3 \/ ACN","twitter_card":"summary_large_image","twitter_creator":"@El_Triangle","twitter_site":"@El_Triangle","twitter_misc":{"Escrito por":"Redacci\u00f3 \/ ACN","Tiempo de lectura":"1 minuto"},"schema":{"@context":"https:\/\/schema.org","@graph":[{"@type":"NewsArticle","@id":"https:\/\/www.eltriangle.eu\/es\/2023\/11\/03\/la-guardia-civil-concluye-que-marta-rovira-coordino-tsunami-democratic\/#article","isPartOf":{"@id":"https:\/\/www.eltriangle.eu\/es\/2023\/11\/03\/la-guardia-civil-concluye-que-marta-rovira-coordino-tsunami-democratic\/"},"author":{"name":"Redacci\u00f3 \/ ACN","@id":"https:\/\/www.eltriangle.eu\/es\/#\/schema\/person\/6e5938f06dd4dcd413779558fbf437d9"},"headline":"La Guardia Civil concluye que Marta Rovira coordin\u00f3 Tsunami Democr\u00e0tic","datePublished":"2023-11-03T10:20:24+00:00","dateModified":"2023-11-03T16:16:08+00:00","mainEntityOfPage":{"@id":"https:\/\/www.eltriangle.eu\/es\/2023\/11\/03\/la-guardia-civil-concluye-que-marta-rovira-coordino-tsunami-democratic\/"},"wordCount":236,"commentCount":0,"publisher":{"@id":"https:\/\/www.eltriangle.eu\/es\/#organization"},"image":{"@id":"https:\/\/www.eltriangle.eu\/es\/2023\/11\/03\/la-guardia-civil-concluye-que-marta-rovira-coordino-tsunami-democratic\/#primaryimage"},"thumbnailUrl":"https:\/\/www.eltriangle.eu\/wp-content\/uploads\/2022\/03\/marta-rovira.jpg","keywords":["Audiencia Nacional","Guardia Civil","Marta Rovira","Tsunami Democr\u00e0tic"],"articleSection":["Actualidad","Poderes","Tribunales"],"inLanguage":"es","potentialAction":[{"@type":"CommentAction","name":"Comment","target":["https:\/\/www.eltriangle.eu\/es\/2023\/11\/03\/la-guardia-civil-concluye-que-marta-rovira-coordino-tsunami-democratic\/#respond"]}]},{"@type":"WebPage","@id":"https:\/\/www.eltriangle.eu\/es\/2023\/11\/03\/la-guardia-civil-concluye-que-marta-rovira-coordino-tsunami-democratic\/","url":"https:\/\/www.eltriangle.eu\/es\/2023\/11\/03\/la-guardia-civil-concluye-que-marta-rovira-coordino-tsunami-democratic\/","name":"La Guardia Civil concluye que Marta Rovira coordin\u00f3 Tsunami Democr\u00e0tic - El Triangle","isPartOf":{"@id":"https:\/\/www.eltriangle.eu\/es\/#website"},"primaryImageOfPage":{"@id":"https:\/\/www.eltriangle.eu\/es\/2023\/11\/03\/la-guardia-civil-concluye-que-marta-rovira-coordino-tsunami-democratic\/#primaryimage"},"image":{"@id":"https:\/\/www.eltriangle.eu\/es\/2023\/11\/03\/la-guardia-civil-concluye-que-marta-rovira-coordino-tsunami-democratic\/#primaryimage"},"thumbnailUrl":"https:\/\/www.eltriangle.eu\/wp-content\/uploads\/2022\/03\/marta-rovira.jpg","datePublished":"2023-11-03T10:20:24+00:00","dateModified":"2023-11-03T16:16:08+00:00","description":"La Guardia Civil ha concluido que la secretaria general de ERC, Marta Rovira, fue una coordinadora del Tsunami Democr\u00e0tic encargada sobre todo de buscar","breadcrumb":{"@id":"https:\/\/www.eltriangle.eu\/es\/2023\/11\/03\/la-guardia-civil-concluye-que-marta-rovira-coordino-tsunami-democratic\/#breadcrumb"},"inLanguage":"es","potentialAction":[{"@type":"ReadAction","target":["https:\/\/www.eltriangle.eu\/es\/2023\/11\/03\/la-guardia-civil-concluye-que-marta-rovira-coordino-tsunami-democratic\/"]}]},{"@type":"ImageObject","inLanguage":"es","@id":"https:\/\/www.eltriangle.eu\/es\/2023\/11\/03\/la-guardia-civil-concluye-que-marta-rovira-coordino-tsunami-democratic\/#primaryimage","url":"https:\/\/www.eltriangle.eu\/wp-content\/uploads\/2022\/03\/marta-rovira.jpg","contentUrl":"https:\/\/www.eltriangle.eu\/wp-content\/uploads\/2022\/03\/marta-rovira.jpg","width":674,"height":460,"caption":"Intervenci\u00f3n telem\u00e1tica de Marta Rovira en un acto de ERC"},{"@type":"BreadcrumbList","@id":"https:\/\/www.eltriangle.eu\/es\/2023\/11\/03\/la-guardia-civil-concluye-que-marta-rovira-coordino-tsunami-democratic\/#breadcrumb","itemListElement":[{"@type":"ListItem","position":1,"name":"Portada","item":"https:\/\/www.eltriangle.eu\/es\/"},{"@type":"ListItem","position":2,"name":"La Guardia Civil concluye que Marta Rovira coordin\u00f3 Tsunami Democr\u00e0tic"}]},{"@type":"WebSite","@id":"https:\/\/www.eltriangle.eu\/es\/#website","url":"https:\/\/www.eltriangle.eu\/es\/","name":"El Triangle","description":"El Triangle \u00e9s un Diari d&#039;informaci\u00f3 general, editat a Catalunya i escrit en llengua catalana, especialitzat en investigaci\u00f3 period\u00edstica","publisher":{"@id":"https:\/\/www.eltriangle.eu\/es\/#organization"},"potentialAction":[{"@type":"SearchAction","target":{"@type":"EntryPoint","urlTemplate":"https:\/\/www.eltriangle.eu\/es\/?s={search_term_string}"},"query-input":{"@type":"PropertyValueSpecification","valueRequired":true,"valueName":"search_term_string"}}],"inLanguage":"es"},{"@type":["Organization","NewsMediaOrganization"],"@id":"https:\/\/www.eltriangle.eu\/es\/#organization","name":"El Triangle","url":"https:\/\/www.eltriangle.eu\/es\/","logo":{"@type":"ImageObject","inLanguage":"es","@id":"https:\/\/www.eltriangle.eu\/es\/#\/schema\/logo\/image\/","url":"https:\/\/www.eltriangle.eu\/wp-content\/uploads\/2020\/11\/triangle_logo-ajustado.jpg","contentUrl":"https:\/\/www.eltriangle.eu\/wp-content\/uploads\/2020\/11\/triangle_logo-ajustado.jpg","width":521,"height":92,"caption":"El Triangle"},"image":{"@id":"https:\/\/www.eltriangle.eu\/es\/#\/schema\/logo\/image\/"},"sameAs":["https:\/\/www.facebook.com\/El-Triangle-Diari-101787399020302","https:\/\/x.com\/El_Triangle","https:\/\/www.youtube.com\/channel\/UCTIjmYEMYSpdGonuAgNhbcg"]},{"@type":"Person","@id":"https:\/\/www.eltriangle.eu\/es\/#\/schema\/person\/6e5938f06dd4dcd413779558fbf437d9","name":"Redacci\u00f3 \/ ACN","image":{"@type":"ImageObject","inLanguage":"es","@id":"\/\/www.gravatar.com\/avatar\/a5bc366245a614da74d9f8d49d1b53bf?s=96&#038;r=g&#038;d=mm","url":"\/\/www.gravatar.com\/avatar\/a5bc366245a614da74d9f8d49d1b53bf?s=96&#038;r=g&#038;d=mm","contentUrl":"\/\/www.gravatar.com\/avatar\/a5bc366245a614da74d9f8d49d1b53bf?s=96&#038;r=g&#038;d=mm","caption":"Redacci\u00f3 \/ ACN"},"url":"https:\/\/www.eltriangle.eu\/es\/author\/redaccioacn\/"},{"@type":"SiteNavigationElement","@id":"https:\/\/www.eltriangle.eu\/es\/#site-navigation","cssSelector":[".cib-main-menu"]},{"@type":"WPHeader","@id":"https:\/\/www.eltriangle.eu\/es\/#header","cssSelector":[".cib-header"]},{"@type":"WPFooter","@id":"https:\/\/www.eltriangle.eu\/es\/#footer","cssSelector":[".cib-footer"]}]}},"amp_enabled":true,"_links":{"self":[{"href":"https:\/\/www.eltriangle.eu\/es\/wp-json\/wp\/v2\/posts\/225574","targetHints":{"allow":["GET"]}}],"collection":[{"href":"https:\/\/www.eltriangle.eu\/es\/wp-json\/wp\/v2\/posts"}],"about":[{"href":"https:\/\/www.eltriangle.eu\/es\/wp-json\/wp\/v2\/types\/post"}],"author":[{"embeddable":true,"href":"https:\/\/www.eltriangle.eu\/es\/wp-json\/wp\/v2\/users\/179"}],"replies":[{"embeddable":true,"href":"https:\/\/www.eltriangle.eu\/es\/wp-json\/wp\/v2\/comments?post=225574"}],"version-history":[{"count":0,"href":"https:\/\/www.eltriangle.eu\/es\/wp-json\/wp\/v2\/posts\/225574\/revisions"}],"wp:featuredmedia":[{"embeddable":true,"href":"https:\/\/www.eltriangle.eu\/es\/wp-json\/wp\/v2\/media\/134247"}],"wp:attachment":[{"href":"https:\/\/www.eltriangle.eu\/es\/wp-json\/wp\/v2\/media?parent=225574"}],"wp:term":[{"taxonomy":"category","embeddable":true,"href":"https:\/\/www.eltriangle.eu\/es\/wp-json\/wp\/v2\/categories?post=225574"},{"taxonomy":"post_tag","embeddable":true,"href":"https:\/\/www.eltriangle.eu\/es\/wp-json\/wp\/v2\/tags?post=225574"}],"curies":[{"name":"wp","href":"https:\/\/api.w.org\/{rel}","templated":true}]}}