{"id":223370,"date":"2023-10-23T15:45:43","date_gmt":"2023-10-23T13:45:43","guid":{"rendered":null},"modified":"2023-10-23T16:32:01","modified_gmt":"2023-10-23T14:32:01","slug":"el-puerto-de-barcelona-dice-que-su-futuro-esta-en-riesgo-por-la-propuesta-de-foment-para-ampliar-el-aeropuerto","status":"publish","type":"post","link":"https:\/\/www.eltriangle.eu\/es\/2023\/10\/23\/el-puerto-de-barcelona-dice-que-su-futuro-esta-en-riesgo-por-la-propuesta-de-foment-para-ampliar-el-aeropuerto\/","title":{"rendered":"El Puerto de Barcelona dice que su futuro est\u00e1 en riesgo por la propuesta de Foment para ampliar el aeropuerto"},"content":{"rendered":"<p>El<strong> Puerto de Barcelona<\/strong> ha avisado de que la propuesta de <strong>Foment del Treball<\/strong> de ampliar la pista del <strong>aeropuerto de El Prat<\/strong> en 840 metros hacia el norte \u00abpone en riesgo\u00bb el futuro de la actividad portuaria.<\/p>\n<p>En una carta, el presidente del Puerto, <strong>Llu\u00eds Salvad\u00f3<\/strong>, ha reprochado al presidente de la patronal, <strong>Josep S\u00e1nchez Llibre<\/strong>, que avale esta opci\u00f3n, pese a haber sido informado \u00abreiteradamente\u00bb de sus \u00abgraves potenciales afectaciones\u00bb, recoge la ACN.<\/p>\n<p>Seg\u00fan el Puerto, la ampliaci\u00f3n propuesta \u00abpuede imposibilitar el funcionamiento de la actual terminal de contenedores del Moll Prat y el futuro traslado de la segunda terminal de contenedores al futuro Moll Catalunya\u00bb, que necesitan gr\u00faas m\u00e1s altas que no podr\u00edan operar si los aviones deben despegar.<\/p>\n<p>Esto asegura que genera \u00abgraves incertidumbres p\u00fablicamente\u00bb, lo que indica que puede afectar a la toma de decisiones estrat\u00e9gicas de las empresas que operan o se plantean hacerlo desde el Puerto de Barcelona.<\/p>\n<p>Adem\u00e1s, Salvad\u00f3 ha explicado que hace dos a\u00f1os que se trabaja con las administraciones responsables de tr\u00e1fico a\u00e9reo para \u00abpoder elevar las gr\u00faas de 80 a 90 metros de altura\u00bb pero que, pese a la \u00abbuena predisposici\u00f3n\u00bb, no ha habido avances y cualquier soluci\u00f3n tardar\u00e1 tiempo.<\/p>\n","protected":false},"excerpt":{"rendered":"<p>El Puerto de Barcelona ha avisado de que la propuesta de Foment del Treball de ampliar la pista del aeropuerto de El Prat en 840 metros hacia el norte \u00abpone en riesgo\u00bb el futuro de la actividad portuaria. En una carta, el presidente del Puerto, Llu\u00eds Salvad\u00f3, ha reprochado al presidente de la patronal, Josep &#8230; <a title=\"El Puerto de Barcelona dice que su futuro est\u00e1 en riesgo por la propuesta de Foment para ampliar el aeropuerto\" class=\"read-more\" href=\"https:\/\/www.eltriangle.eu\/es\/2023\/10\/23\/el-puerto-de-barcelona-dice-que-su-futuro-esta-en-riesgo-por-la-propuesta-de-foment-para-ampliar-el-aeropuerto\/\" aria-label=\"Leer m\u00e1s sobre El Puerto de Barcelona dice que su futuro est\u00e1 en riesgo por la propuesta de Foment para ampliar el aeropuerto\">Leer m\u00e1s<\/a><\/p>\n","protected":false},"author":179,"featured_media":161202,"comment_status":"open","ping_status":"closed","sticky":false,"template":"","format":"standard","meta":{"_acf_changed":false,"pmpro_default_level":"","footnotes":""},"categories":[24,82,74],"tags":[2266,787,1516],"class_list":["post-223370","post","type-post","status-publish","format-standard","has-post-thumbnail","hentry","category-actualidad","category-economia","category-poderes","tag-aeropuerto-de-el-prat","tag-lluis-salvado-es","tag-puerto-de-barcelona","lh_instant_articles-syndicate-yes","pmpro-has-access"],"acf":[],"yoast_head":"<!-- This site is optimized with the Yoast SEO plugin v27.4 - https:\/\/yoast.com\/product\/yoast-seo-wordpress\/ -->\n<title>El Puerto de Barcelona dice que su futuro est\u00e1 en riesgo por la propuesta de Foment para ampliar el aeropuerto - El Triangle<\/title>\n<meta name=\"description\" content=\"El Puerto de Barcelona ha avisado de que la propuesta de Foment del Treball de ampliar la pista del aeropuerto de El Prat en 840 metros hacia el norte\" class=\"yoast-seo-meta-tag\" \/>\n<meta name=\"robots\" content=\"index, follow, max-snippet:-1, max-image-preview:large, max-video-preview:-1\" \/>\n<link rel=\"canonical\" href=\"https:\/\/www.eltriangle.eu\/es\/2023\/10\/23\/el-puerto-de-barcelona-dice-que-su-futuro-esta-en-riesgo-por-la-propuesta-de-foment-para-ampliar-el-aeropuerto\/\" class=\"yoast-seo-meta-tag\" \/>\n<meta property=\"og:locale\" content=\"es_ES\" class=\"yoast-seo-meta-tag\" \/>\n<meta property=\"og:type\" content=\"article\" class=\"yoast-seo-meta-tag\" \/>\n<meta property=\"og:title\" content=\"El Puerto de Barcelona dice que su futuro est\u00e1 en riesgo por la propuesta de Foment para ampliar el aeropuerto - El Triangle\" class=\"yoast-seo-meta-tag\" \/>\n<meta property=\"og:description\" content=\"El Puerto de Barcelona ha avisado de que la propuesta de Foment del Treball de ampliar la pista del aeropuerto de El Prat en 840 metros hacia el norte\" class=\"yoast-seo-meta-tag\" \/>\n<meta property=\"og:url\" content=\"https:\/\/www.eltriangle.eu\/es\/2023\/10\/23\/el-puerto-de-barcelona-dice-que-su-futuro-esta-en-riesgo-por-la-propuesta-de-foment-para-ampliar-el-aeropuerto\/\" class=\"yoast-seo-meta-tag\" \/>\n<meta property=\"og:site_name\" content=\"El Triangle\" class=\"yoast-seo-meta-tag\" \/>\n<meta property=\"article:publisher\" content=\"https:\/\/www.facebook.com\/El-Triangle-Diari-101787399020302\" class=\"yoast-seo-meta-tag\" \/>\n<meta property=\"article:published_time\" content=\"2023-10-23T13:45:43+00:00\" class=\"yoast-seo-meta-tag\" \/>\n<meta property=\"article:modified_time\" content=\"2023-10-23T14:32:01+00:00\" class=\"yoast-seo-meta-tag\" \/>\n<meta property=\"og:image\" content=\"https:\/\/www.eltriangle.eu\/wp-content\/uploads\/2022\/10\/lluis-salvado.jpg\" class=\"yoast-seo-meta-tag\" \/>\n\t<meta property=\"og:image:width\" content=\"1200\" class=\"yoast-seo-meta-tag\" \/>\n\t<meta property=\"og:image:height\" content=\"800\" class=\"yoast-seo-meta-tag\" \/>\n\t<meta property=\"og:image:type\" content=\"image\/jpeg\" class=\"yoast-seo-meta-tag\" \/>\n<meta name=\"author\" content=\"Redacci\u00f3 \/ ACN\" class=\"yoast-seo-meta-tag\" \/>\n<meta name=\"twitter:card\" content=\"summary_large_image\" class=\"yoast-seo-meta-tag\" \/>\n<meta name=\"twitter:creator\" content=\"@El_Triangle\" class=\"yoast-seo-meta-tag\" \/>\n<meta name=\"twitter:site\" content=\"@El_Triangle\" class=\"yoast-seo-meta-tag\" \/>\n<meta name=\"twitter:label1\" content=\"Escrito por\" class=\"yoast-seo-meta-tag\" \/>\n\t<meta name=\"twitter:data1\" content=\"Redacci\u00f3 \/ ACN\" class=\"yoast-seo-meta-tag\" \/>\n\t<meta name=\"twitter:label2\" content=\"Tiempo de lectura\" class=\"yoast-seo-meta-tag\" \/>\n\t<meta name=\"twitter:data2\" content=\"1 minuto\" class=\"yoast-seo-meta-tag\" \/>\n<script type=\"application\/ld+json\" class=\"yoast-schema-graph\">{\"@context\":\"https:\\\/\\\/schema.org\",\"@graph\":[{\"@type\":\"NewsArticle\",\"@id\":\"https:\\\/\\\/www.eltriangle.eu\\\/es\\\/2023\\\/10\\\/23\\\/el-puerto-de-barcelona-dice-que-su-futuro-esta-en-riesgo-por-la-propuesta-de-foment-para-ampliar-el-aeropuerto\\\/#article\",\"isPartOf\":{\"@id\":\"https:\\\/\\\/www.eltriangle.eu\\\/es\\\/2023\\\/10\\\/23\\\/el-puerto-de-barcelona-dice-que-su-futuro-esta-en-riesgo-por-la-propuesta-de-foment-para-ampliar-el-aeropuerto\\\/\"},\"author\":{\"name\":\"Redacci\u00f3 \\\/ ACN\",\"@id\":\"https:\\\/\\\/www.eltriangle.eu\\\/es\\\/#\\\/schema\\\/person\\\/6e5938f06dd4dcd413779558fbf437d9\"},\"headline\":\"El Puerto de Barcelona dice que su futuro est\u00e1 en riesgo por la propuesta de Foment para ampliar el aeropuerto\",\"datePublished\":\"2023-10-23T13:45:43+00:00\",\"dateModified\":\"2023-10-23T14:32:01+00:00\",\"mainEntityOfPage\":{\"@id\":\"https:\\\/\\\/www.eltriangle.eu\\\/es\\\/2023\\\/10\\\/23\\\/el-puerto-de-barcelona-dice-que-su-futuro-esta-en-riesgo-por-la-propuesta-de-foment-para-ampliar-el-aeropuerto\\\/\"},\"wordCount\":235,\"commentCount\":0,\"publisher\":{\"@id\":\"https:\\\/\\\/www.eltriangle.eu\\\/es\\\/#organization\"},\"image\":{\"@id\":\"https:\\\/\\\/www.eltriangle.eu\\\/es\\\/2023\\\/10\\\/23\\\/el-puerto-de-barcelona-dice-que-su-futuro-esta-en-riesgo-por-la-propuesta-de-foment-para-ampliar-el-aeropuerto\\\/#primaryimage\"},\"thumbnailUrl\":\"https:\\\/\\\/www.eltriangle.eu\\\/wp-content\\\/uploads\\\/2022\\\/10\\\/lluis-salvado.jpg\",\"keywords\":[\"Aeropuerto de El Prat\",\"Llu\u00eds Salvad\u00f3\",\"Puerto de Barcelona\"],\"articleSection\":[\"Actualidad\",\"Economia\",\"Poderes\"],\"inLanguage\":\"es\",\"potentialAction\":[{\"@type\":\"CommentAction\",\"name\":\"Comment\",\"target\":[\"https:\\\/\\\/www.eltriangle.eu\\\/es\\\/2023\\\/10\\\/23\\\/el-puerto-de-barcelona-dice-que-su-futuro-esta-en-riesgo-por-la-propuesta-de-foment-para-ampliar-el-aeropuerto\\\/#respond\"]}]},{\"@type\":\"WebPage\",\"@id\":\"https:\\\/\\\/www.eltriangle.eu\\\/es\\\/2023\\\/10\\\/23\\\/el-puerto-de-barcelona-dice-que-su-futuro-esta-en-riesgo-por-la-propuesta-de-foment-para-ampliar-el-aeropuerto\\\/\",\"url\":\"https:\\\/\\\/www.eltriangle.eu\\\/es\\\/2023\\\/10\\\/23\\\/el-puerto-de-barcelona-dice-que-su-futuro-esta-en-riesgo-por-la-propuesta-de-foment-para-ampliar-el-aeropuerto\\\/\",\"name\":\"El Puerto de Barcelona dice que su futuro est\u00e1 en riesgo por la propuesta de Foment para ampliar el aeropuerto - El Triangle\",\"isPartOf\":{\"@id\":\"https:\\\/\\\/www.eltriangle.eu\\\/es\\\/#website\"},\"primaryImageOfPage\":{\"@id\":\"https:\\\/\\\/www.eltriangle.eu\\\/es\\\/2023\\\/10\\\/23\\\/el-puerto-de-barcelona-dice-que-su-futuro-esta-en-riesgo-por-la-propuesta-de-foment-para-ampliar-el-aeropuerto\\\/#primaryimage\"},\"image\":{\"@id\":\"https:\\\/\\\/www.eltriangle.eu\\\/es\\\/2023\\\/10\\\/23\\\/el-puerto-de-barcelona-dice-que-su-futuro-esta-en-riesgo-por-la-propuesta-de-foment-para-ampliar-el-aeropuerto\\\/#primaryimage\"},\"thumbnailUrl\":\"https:\\\/\\\/www.eltriangle.eu\\\/wp-content\\\/uploads\\\/2022\\\/10\\\/lluis-salvado.jpg\",\"datePublished\":\"2023-10-23T13:45:43+00:00\",\"dateModified\":\"2023-10-23T14:32:01+00:00\",\"description\":\"El Puerto de Barcelona ha avisado de que la propuesta de Foment del Treball de ampliar la pista del aeropuerto de El Prat en 840 metros hacia el norte\",\"breadcrumb\":{\"@id\":\"https:\\\/\\\/www.eltriangle.eu\\\/es\\\/2023\\\/10\\\/23\\\/el-puerto-de-barcelona-dice-que-su-futuro-esta-en-riesgo-por-la-propuesta-de-foment-para-ampliar-el-aeropuerto\\\/#breadcrumb\"},\"inLanguage\":\"es\",\"potentialAction\":[{\"@type\":\"ReadAction\",\"target\":[\"https:\\\/\\\/www.eltriangle.eu\\\/es\\\/2023\\\/10\\\/23\\\/el-puerto-de-barcelona-dice-que-su-futuro-esta-en-riesgo-por-la-propuesta-de-foment-para-ampliar-el-aeropuerto\\\/\"]}]},{\"@type\":\"ImageObject\",\"inLanguage\":\"es\",\"@id\":\"https:\\\/\\\/www.eltriangle.eu\\\/es\\\/2023\\\/10\\\/23\\\/el-puerto-de-barcelona-dice-que-su-futuro-esta-en-riesgo-por-la-propuesta-de-foment-para-ampliar-el-aeropuerto\\\/#primaryimage\",\"url\":\"https:\\\/\\\/www.eltriangle.eu\\\/wp-content\\\/uploads\\\/2022\\\/10\\\/lluis-salvado.jpg\",\"contentUrl\":\"https:\\\/\\\/www.eltriangle.eu\\\/wp-content\\\/uploads\\\/2022\\\/10\\\/lluis-salvado.jpg\",\"width\":1200,\"height\":800,\"caption\":\"Llu\u00eds Salvad\u00f3\"},{\"@type\":\"BreadcrumbList\",\"@id\":\"https:\\\/\\\/www.eltriangle.eu\\\/es\\\/2023\\\/10\\\/23\\\/el-puerto-de-barcelona-dice-que-su-futuro-esta-en-riesgo-por-la-propuesta-de-foment-para-ampliar-el-aeropuerto\\\/#breadcrumb\",\"itemListElement\":[{\"@type\":\"ListItem\",\"position\":1,\"name\":\"Portada\",\"item\":\"https:\\\/\\\/www.eltriangle.eu\\\/es\\\/\"},{\"@type\":\"ListItem\",\"position\":2,\"name\":\"El Puerto de Barcelona dice que su futuro est\u00e1 en riesgo por la propuesta de Foment para ampliar el aeropuerto\"}]},{\"@type\":\"WebSite\",\"@id\":\"https:\\\/\\\/www.eltriangle.eu\\\/es\\\/#website\",\"url\":\"https:\\\/\\\/www.eltriangle.eu\\\/es\\\/\",\"name\":\"El Triangle\",\"description\":\"El Triangle \u00e9s un Diari d&#039;informaci\u00f3 general, editat a Catalunya i escrit en llengua catalana, especialitzat en investigaci\u00f3 period\u00edstica\",\"publisher\":{\"@id\":\"https:\\\/\\\/www.eltriangle.eu\\\/es\\\/#organization\"},\"potentialAction\":[{\"@type\":\"SearchAction\",\"target\":{\"@type\":\"EntryPoint\",\"urlTemplate\":\"https:\\\/\\\/www.eltriangle.eu\\\/es\\\/?s={search_term_string}\"},\"query-input\":{\"@type\":\"PropertyValueSpecification\",\"valueRequired\":true,\"valueName\":\"search_term_string\"}}],\"inLanguage\":\"es\"},{\"@type\":[\"Organization\",\"NewsMediaOrganization\"],\"@id\":\"https:\\\/\\\/www.eltriangle.eu\\\/es\\\/#organization\",\"name\":\"El Triangle\",\"url\":\"https:\\\/\\\/www.eltriangle.eu\\\/es\\\/\",\"logo\":{\"@type\":\"ImageObject\",\"inLanguage\":\"es\",\"@id\":\"https:\\\/\\\/www.eltriangle.eu\\\/es\\\/#\\\/schema\\\/logo\\\/image\\\/\",\"url\":\"https:\\\/\\\/www.eltriangle.eu\\\/wp-content\\\/uploads\\\/2020\\\/11\\\/triangle_logo-ajustado.jpg\",\"contentUrl\":\"https:\\\/\\\/www.eltriangle.eu\\\/wp-content\\\/uploads\\\/2020\\\/11\\\/triangle_logo-ajustado.jpg\",\"width\":521,\"height\":92,\"caption\":\"El Triangle\"},\"image\":{\"@id\":\"https:\\\/\\\/www.eltriangle.eu\\\/es\\\/#\\\/schema\\\/logo\\\/image\\\/\"},\"sameAs\":[\"https:\\\/\\\/www.facebook.com\\\/El-Triangle-Diari-101787399020302\",\"https:\\\/\\\/x.com\\\/El_Triangle\",\"https:\\\/\\\/www.youtube.com\\\/channel\\\/UCTIjmYEMYSpdGonuAgNhbcg\"]},{\"@type\":\"Person\",\"@id\":\"https:\\\/\\\/www.eltriangle.eu\\\/es\\\/#\\\/schema\\\/person\\\/6e5938f06dd4dcd413779558fbf437d9\",\"name\":\"Redacci\u00f3 \\\/ ACN\",\"image\":{\"@type\":\"ImageObject\",\"inLanguage\":\"es\",\"@id\":\"\\\/\\\/www.gravatar.com\\\/avatar\\\/a5bc366245a614da74d9f8d49d1b53bf?s=96&#038;r=g&#038;d=mm\",\"url\":\"\\\/\\\/www.gravatar.com\\\/avatar\\\/a5bc366245a614da74d9f8d49d1b53bf?s=96&#038;r=g&#038;d=mm\",\"contentUrl\":\"\\\/\\\/www.gravatar.com\\\/avatar\\\/a5bc366245a614da74d9f8d49d1b53bf?s=96&#038;r=g&#038;d=mm\",\"caption\":\"Redacci\u00f3 \\\/ ACN\"},\"url\":\"https:\\\/\\\/www.eltriangle.eu\\\/es\\\/author\\\/redaccioacn\\\/\"},{\"@type\":\"SiteNavigationElement\",\"@id\":\"https:\\\/\\\/www.eltriangle.eu\\\/es\\\/#site-navigation\",\"cssSelector\":[\".cib-main-menu\"]},{\"@type\":\"WPHeader\",\"@id\":\"https:\\\/\\\/www.eltriangle.eu\\\/es\\\/#header\",\"cssSelector\":[\".cib-header\"]},{\"@type\":\"WPFooter\",\"@id\":\"https:\\\/\\\/www.eltriangle.eu\\\/es\\\/#footer\",\"cssSelector\":[\".cib-footer\"]}]}<\/script>\n<!-- \/ Yoast SEO plugin. -->","yoast_head_json":{"title":"El Puerto de Barcelona dice que su futuro est\u00e1 en riesgo por la propuesta de Foment para ampliar el aeropuerto - El Triangle","description":"El Puerto de Barcelona ha avisado de que la propuesta de Foment del Treball de ampliar la pista del aeropuerto de El Prat en 840 metros hacia el norte","robots":{"index":"index","follow":"follow","max-snippet":"max-snippet:-1","max-image-preview":"max-image-preview:large","max-video-preview":"max-video-preview:-1"},"canonical":"https:\/\/www.eltriangle.eu\/es\/2023\/10\/23\/el-puerto-de-barcelona-dice-que-su-futuro-esta-en-riesgo-por-la-propuesta-de-foment-para-ampliar-el-aeropuerto\/","og_locale":"es_ES","og_type":"article","og_title":"El Puerto de Barcelona dice que su futuro est\u00e1 en riesgo por la propuesta de Foment para ampliar el aeropuerto - El Triangle","og_description":"El Puerto de Barcelona ha avisado de que la propuesta de Foment del Treball de ampliar la pista del aeropuerto de El Prat en 840 metros hacia el norte","og_url":"https:\/\/www.eltriangle.eu\/es\/2023\/10\/23\/el-puerto-de-barcelona-dice-que-su-futuro-esta-en-riesgo-por-la-propuesta-de-foment-para-ampliar-el-aeropuerto\/","og_site_name":"El Triangle","article_publisher":"https:\/\/www.facebook.com\/El-Triangle-Diari-101787399020302","article_published_time":"2023-10-23T13:45:43+00:00","article_modified_time":"2023-10-23T14:32:01+00:00","og_image":[{"width":1200,"height":800,"url":"https:\/\/www.eltriangle.eu\/wp-content\/uploads\/2022\/10\/lluis-salvado.jpg","type":"image\/jpeg"}],"author":"Redacci\u00f3 \/ ACN","twitter_card":"summary_large_image","twitter_creator":"@El_Triangle","twitter_site":"@El_Triangle","twitter_misc":{"Escrito por":"Redacci\u00f3 \/ ACN","Tiempo de lectura":"1 minuto"},"schema":{"@context":"https:\/\/schema.org","@graph":[{"@type":"NewsArticle","@id":"https:\/\/www.eltriangle.eu\/es\/2023\/10\/23\/el-puerto-de-barcelona-dice-que-su-futuro-esta-en-riesgo-por-la-propuesta-de-foment-para-ampliar-el-aeropuerto\/#article","isPartOf":{"@id":"https:\/\/www.eltriangle.eu\/es\/2023\/10\/23\/el-puerto-de-barcelona-dice-que-su-futuro-esta-en-riesgo-por-la-propuesta-de-foment-para-ampliar-el-aeropuerto\/"},"author":{"name":"Redacci\u00f3 \/ ACN","@id":"https:\/\/www.eltriangle.eu\/es\/#\/schema\/person\/6e5938f06dd4dcd413779558fbf437d9"},"headline":"El Puerto de Barcelona dice que su futuro est\u00e1 en riesgo por la propuesta de Foment para ampliar el aeropuerto","datePublished":"2023-10-23T13:45:43+00:00","dateModified":"2023-10-23T14:32:01+00:00","mainEntityOfPage":{"@id":"https:\/\/www.eltriangle.eu\/es\/2023\/10\/23\/el-puerto-de-barcelona-dice-que-su-futuro-esta-en-riesgo-por-la-propuesta-de-foment-para-ampliar-el-aeropuerto\/"},"wordCount":235,"commentCount":0,"publisher":{"@id":"https:\/\/www.eltriangle.eu\/es\/#organization"},"image":{"@id":"https:\/\/www.eltriangle.eu\/es\/2023\/10\/23\/el-puerto-de-barcelona-dice-que-su-futuro-esta-en-riesgo-por-la-propuesta-de-foment-para-ampliar-el-aeropuerto\/#primaryimage"},"thumbnailUrl":"https:\/\/www.eltriangle.eu\/wp-content\/uploads\/2022\/10\/lluis-salvado.jpg","keywords":["Aeropuerto de El Prat","Llu\u00eds Salvad\u00f3","Puerto de Barcelona"],"articleSection":["Actualidad","Economia","Poderes"],"inLanguage":"es","potentialAction":[{"@type":"CommentAction","name":"Comment","target":["https:\/\/www.eltriangle.eu\/es\/2023\/10\/23\/el-puerto-de-barcelona-dice-que-su-futuro-esta-en-riesgo-por-la-propuesta-de-foment-para-ampliar-el-aeropuerto\/#respond"]}]},{"@type":"WebPage","@id":"https:\/\/www.eltriangle.eu\/es\/2023\/10\/23\/el-puerto-de-barcelona-dice-que-su-futuro-esta-en-riesgo-por-la-propuesta-de-foment-para-ampliar-el-aeropuerto\/","url":"https:\/\/www.eltriangle.eu\/es\/2023\/10\/23\/el-puerto-de-barcelona-dice-que-su-futuro-esta-en-riesgo-por-la-propuesta-de-foment-para-ampliar-el-aeropuerto\/","name":"El Puerto de Barcelona dice que su futuro est\u00e1 en riesgo por la propuesta de Foment para ampliar el aeropuerto - El Triangle","isPartOf":{"@id":"https:\/\/www.eltriangle.eu\/es\/#website"},"primaryImageOfPage":{"@id":"https:\/\/www.eltriangle.eu\/es\/2023\/10\/23\/el-puerto-de-barcelona-dice-que-su-futuro-esta-en-riesgo-por-la-propuesta-de-foment-para-ampliar-el-aeropuerto\/#primaryimage"},"image":{"@id":"https:\/\/www.eltriangle.eu\/es\/2023\/10\/23\/el-puerto-de-barcelona-dice-que-su-futuro-esta-en-riesgo-por-la-propuesta-de-foment-para-ampliar-el-aeropuerto\/#primaryimage"},"thumbnailUrl":"https:\/\/www.eltriangle.eu\/wp-content\/uploads\/2022\/10\/lluis-salvado.jpg","datePublished":"2023-10-23T13:45:43+00:00","dateModified":"2023-10-23T14:32:01+00:00","description":"El Puerto de Barcelona ha avisado de que la propuesta de Foment del Treball de ampliar la pista del aeropuerto de El Prat en 840 metros hacia el norte","breadcrumb":{"@id":"https:\/\/www.eltriangle.eu\/es\/2023\/10\/23\/el-puerto-de-barcelona-dice-que-su-futuro-esta-en-riesgo-por-la-propuesta-de-foment-para-ampliar-el-aeropuerto\/#breadcrumb"},"inLanguage":"es","potentialAction":[{"@type":"ReadAction","target":["https:\/\/www.eltriangle.eu\/es\/2023\/10\/23\/el-puerto-de-barcelona-dice-que-su-futuro-esta-en-riesgo-por-la-propuesta-de-foment-para-ampliar-el-aeropuerto\/"]}]},{"@type":"ImageObject","inLanguage":"es","@id":"https:\/\/www.eltriangle.eu\/es\/2023\/10\/23\/el-puerto-de-barcelona-dice-que-su-futuro-esta-en-riesgo-por-la-propuesta-de-foment-para-ampliar-el-aeropuerto\/#primaryimage","url":"https:\/\/www.eltriangle.eu\/wp-content\/uploads\/2022\/10\/lluis-salvado.jpg","contentUrl":"https:\/\/www.eltriangle.eu\/wp-content\/uploads\/2022\/10\/lluis-salvado.jpg","width":1200,"height":800,"caption":"Llu\u00eds Salvad\u00f3"},{"@type":"BreadcrumbList","@id":"https:\/\/www.eltriangle.eu\/es\/2023\/10\/23\/el-puerto-de-barcelona-dice-que-su-futuro-esta-en-riesgo-por-la-propuesta-de-foment-para-ampliar-el-aeropuerto\/#breadcrumb","itemListElement":[{"@type":"ListItem","position":1,"name":"Portada","item":"https:\/\/www.eltriangle.eu\/es\/"},{"@type":"ListItem","position":2,"name":"El Puerto de Barcelona dice que su futuro est\u00e1 en riesgo por la propuesta de Foment para ampliar el aeropuerto"}]},{"@type":"WebSite","@id":"https:\/\/www.eltriangle.eu\/es\/#website","url":"https:\/\/www.eltriangle.eu\/es\/","name":"El Triangle","description":"El Triangle \u00e9s un Diari d&#039;informaci\u00f3 general, editat a Catalunya i escrit en llengua catalana, especialitzat en investigaci\u00f3 period\u00edstica","publisher":{"@id":"https:\/\/www.eltriangle.eu\/es\/#organization"},"potentialAction":[{"@type":"SearchAction","target":{"@type":"EntryPoint","urlTemplate":"https:\/\/www.eltriangle.eu\/es\/?s={search_term_string}"},"query-input":{"@type":"PropertyValueSpecification","valueRequired":true,"valueName":"search_term_string"}}],"inLanguage":"es"},{"@type":["Organization","NewsMediaOrganization"],"@id":"https:\/\/www.eltriangle.eu\/es\/#organization","name":"El Triangle","url":"https:\/\/www.eltriangle.eu\/es\/","logo":{"@type":"ImageObject","inLanguage":"es","@id":"https:\/\/www.eltriangle.eu\/es\/#\/schema\/logo\/image\/","url":"https:\/\/www.eltriangle.eu\/wp-content\/uploads\/2020\/11\/triangle_logo-ajustado.jpg","contentUrl":"https:\/\/www.eltriangle.eu\/wp-content\/uploads\/2020\/11\/triangle_logo-ajustado.jpg","width":521,"height":92,"caption":"El Triangle"},"image":{"@id":"https:\/\/www.eltriangle.eu\/es\/#\/schema\/logo\/image\/"},"sameAs":["https:\/\/www.facebook.com\/El-Triangle-Diari-101787399020302","https:\/\/x.com\/El_Triangle","https:\/\/www.youtube.com\/channel\/UCTIjmYEMYSpdGonuAgNhbcg"]},{"@type":"Person","@id":"https:\/\/www.eltriangle.eu\/es\/#\/schema\/person\/6e5938f06dd4dcd413779558fbf437d9","name":"Redacci\u00f3 \/ ACN","image":{"@type":"ImageObject","inLanguage":"es","@id":"\/\/www.gravatar.com\/avatar\/a5bc366245a614da74d9f8d49d1b53bf?s=96&#038;r=g&#038;d=mm","url":"\/\/www.gravatar.com\/avatar\/a5bc366245a614da74d9f8d49d1b53bf?s=96&#038;r=g&#038;d=mm","contentUrl":"\/\/www.gravatar.com\/avatar\/a5bc366245a614da74d9f8d49d1b53bf?s=96&#038;r=g&#038;d=mm","caption":"Redacci\u00f3 \/ ACN"},"url":"https:\/\/www.eltriangle.eu\/es\/author\/redaccioacn\/"},{"@type":"SiteNavigationElement","@id":"https:\/\/www.eltriangle.eu\/es\/#site-navigation","cssSelector":[".cib-main-menu"]},{"@type":"WPHeader","@id":"https:\/\/www.eltriangle.eu\/es\/#header","cssSelector":[".cib-header"]},{"@type":"WPFooter","@id":"https:\/\/www.eltriangle.eu\/es\/#footer","cssSelector":[".cib-footer"]}]}},"amp_enabled":true,"_links":{"self":[{"href":"https:\/\/www.eltriangle.eu\/es\/wp-json\/wp\/v2\/posts\/223370","targetHints":{"allow":["GET"]}}],"collection":[{"href":"https:\/\/www.eltriangle.eu\/es\/wp-json\/wp\/v2\/posts"}],"about":[{"href":"https:\/\/www.eltriangle.eu\/es\/wp-json\/wp\/v2\/types\/post"}],"author":[{"embeddable":true,"href":"https:\/\/www.eltriangle.eu\/es\/wp-json\/wp\/v2\/users\/179"}],"replies":[{"embeddable":true,"href":"https:\/\/www.eltriangle.eu\/es\/wp-json\/wp\/v2\/comments?post=223370"}],"version-history":[{"count":0,"href":"https:\/\/www.eltriangle.eu\/es\/wp-json\/wp\/v2\/posts\/223370\/revisions"}],"wp:featuredmedia":[{"embeddable":true,"href":"https:\/\/www.eltriangle.eu\/es\/wp-json\/wp\/v2\/media\/161202"}],"wp:attachment":[{"href":"https:\/\/www.eltriangle.eu\/es\/wp-json\/wp\/v2\/media?parent=223370"}],"wp:term":[{"taxonomy":"category","embeddable":true,"href":"https:\/\/www.eltriangle.eu\/es\/wp-json\/wp\/v2\/categories?post=223370"},{"taxonomy":"post_tag","embeddable":true,"href":"https:\/\/www.eltriangle.eu\/es\/wp-json\/wp\/v2\/tags?post=223370"}],"curies":[{"name":"wp","href":"https:\/\/api.w.org\/{rel}","templated":true}]}}