{"id":216372,"date":"2023-09-14T09:15:31","date_gmt":"2023-09-14T07:15:31","guid":{"rendered":null},"modified":"2023-09-14T13:55:32","modified_gmt":"2023-09-14T11:55:32","slug":"la-eurocamara-denuncia-la-conducta-de-rubiales-con-jenni-hermoso","status":"publish","type":"post","link":"https:\/\/www.eltriangle.eu\/es\/2023\/09\/14\/la-eurocamara-denuncia-la-conducta-de-rubiales-con-jenni-hermoso\/","title":{"rendered":"La Euroc\u00e1mara denuncia la conducta de Rubiales con Jenni Hermoso"},"content":{"rendered":"<p>Los diputados del <strong>Parlamento Europeo<\/strong> han condenado este jueves actitudes del ya expresidente de la Real Federaci\u00f3n Espa\u00f1ola de F\u00fatbol (RFEF), <strong>Luis Rubiales<\/strong>, como el beso que dio a la futbolista <strong>Jenni Hermoso<\/strong> tras la victoria de la selecci\u00f3n espa\u00f1ola femenina en el Mundial, el pasado 20 de agosto.<\/p>\n<p>La Euroc\u00e1mara, adem\u00e1s, se ha mostrado mayoritariamente cr\u00edtica con la <strong>falta de paridad<\/strong> de la asamblea de la Real Federaci\u00f3n Espa\u00f1ola de F\u00fatbol (RFEF), donde s\u00f3lo seis de los 140 miembros son mujeres.<\/p>\n<p>El debate ha puesto de acuerdo a casi todo el arco parlamentario en contra del comportamiento de Rubiales y a favor de las reivindicaciones de las futbolistas espa\u00f1olas, con intervenciones de Lina G\u00e1lvez y Laura Ballar\u00edn (PSOE), Sira Rego (IU), Soraya Rodr\u00edguez ( Cs), Ernest Urtasun (Comunes), Diana Riba (ERC) y Rosa Estar\u00e1s (PP), si bien esta \u00faltima ha lamentado que las \u00abdram\u00e1ticas consecuencias\u00bb de la ley<em> s\u00f3lo s\u00ed es s\u00ed<\/em> no hayan generado la misma reacci\u00f3n que el comportamiento de Rubiales.<\/p>\n<p>Por su parte, el representante de Vox Jorge Buxad\u00e9 ha evitado manifestar apoyo a Hermoso o condenar a Rubiales, y ha aprovechado su intervenci\u00f3n para criticar la ley <em>s\u00f3lo s\u00ed es s\u00ed<\/em> y presentar la ley trans como una fuente de violencia hacia las mujeres en el deporte femenino.<\/p>\n","protected":false},"excerpt":{"rendered":"<p>Los diputados del Parlamento Europeo han condenado este jueves actitudes del ya expresidente de la Real Federaci\u00f3n Espa\u00f1ola de F\u00fatbol (RFEF), Luis Rubiales, como el beso que dio a la futbolista Jenni Hermoso tras la victoria de la selecci\u00f3n espa\u00f1ola femenina en el Mundial, el pasado 20 de agosto. La Euroc\u00e1mara, adem\u00e1s, se ha mostrado &#8230; <a title=\"La Euroc\u00e1mara denuncia la conducta de Rubiales con Jenni Hermoso\" class=\"read-more\" href=\"https:\/\/www.eltriangle.eu\/es\/2023\/09\/14\/la-eurocamara-denuncia-la-conducta-de-rubiales-con-jenni-hermoso\/\" aria-label=\"Leer m\u00e1s sobre La Euroc\u00e1mara denuncia la conducta de Rubiales con Jenni Hermoso\">Leer m\u00e1s<\/a><\/p>\n","protected":false},"author":2,"featured_media":199790,"comment_status":"open","ping_status":"closed","sticky":false,"template":"","format":"standard","meta":{"_acf_changed":false,"pmpro_default_level":"","footnotes":""},"categories":[24,88,74],"tags":[3697,3668,277],"class_list":["post-216372","post","type-post","status-publish","format-standard","has-post-thumbnail","hentry","category-actualidad","category-deportes","category-poderes","tag-jenni-hermoso-es","tag-luis-rubiales-es","tag-parlamento-europeo","lh_instant_articles-syndicate-yes","pmpro-has-access"],"acf":[],"yoast_head":"<!-- This site is optimized with the Yoast SEO plugin v27.4 - https:\/\/yoast.com\/product\/yoast-seo-wordpress\/ -->\n<title>La Euroc\u00e1mara denuncia la conducta de Rubiales con Jenni Hermoso - El Triangle<\/title>\n<meta name=\"description\" content=\"Los diputados del Parlamento Europeo han condenado este jueves actitudes del ya expresidente de la Real Federaci\u00f3n Espa\u00f1ola de F\u00fatbol (RFEF), Luis\" class=\"yoast-seo-meta-tag\" \/>\n<meta name=\"robots\" content=\"index, follow, max-snippet:-1, max-image-preview:large, max-video-preview:-1\" \/>\n<link rel=\"canonical\" href=\"https:\/\/www.eltriangle.eu\/es\/2023\/09\/14\/la-eurocamara-denuncia-la-conducta-de-rubiales-con-jenni-hermoso\/\" class=\"yoast-seo-meta-tag\" \/>\n<meta property=\"og:locale\" content=\"es_ES\" class=\"yoast-seo-meta-tag\" \/>\n<meta property=\"og:type\" content=\"article\" class=\"yoast-seo-meta-tag\" \/>\n<meta property=\"og:title\" content=\"La Euroc\u00e1mara denuncia la conducta de Rubiales con Jenni Hermoso - El Triangle\" class=\"yoast-seo-meta-tag\" \/>\n<meta property=\"og:description\" content=\"Los diputados del Parlamento Europeo han condenado este jueves actitudes del ya expresidente de la Real Federaci\u00f3n Espa\u00f1ola de F\u00fatbol (RFEF), Luis\" class=\"yoast-seo-meta-tag\" \/>\n<meta property=\"og:url\" content=\"https:\/\/www.eltriangle.eu\/es\/2023\/09\/14\/la-eurocamara-denuncia-la-conducta-de-rubiales-con-jenni-hermoso\/\" class=\"yoast-seo-meta-tag\" \/>\n<meta property=\"og:site_name\" content=\"El Triangle\" class=\"yoast-seo-meta-tag\" \/>\n<meta property=\"article:publisher\" content=\"https:\/\/www.facebook.com\/El-Triangle-Diari-101787399020302\" class=\"yoast-seo-meta-tag\" \/>\n<meta property=\"article:published_time\" content=\"2023-09-14T07:15:31+00:00\" class=\"yoast-seo-meta-tag\" \/>\n<meta property=\"article:modified_time\" content=\"2023-09-14T11:55:32+00:00\" class=\"yoast-seo-meta-tag\" \/>\n<meta property=\"og:image\" content=\"https:\/\/www.eltriangle.eu\/wp-content\/uploads\/2023\/06\/3d2f53f0-ff34-4cae-ac39-7ff7ad88fd14-e1686830151680.jpg\" class=\"yoast-seo-meta-tag\" \/>\n\t<meta property=\"og:image:width\" content=\"1200\" class=\"yoast-seo-meta-tag\" \/>\n\t<meta property=\"og:image:height\" content=\"800\" class=\"yoast-seo-meta-tag\" \/>\n\t<meta property=\"og:image:type\" content=\"image\/jpeg\" class=\"yoast-seo-meta-tag\" \/>\n<meta name=\"author\" content=\"Redacci\u00f3n\" class=\"yoast-seo-meta-tag\" \/>\n<meta name=\"twitter:card\" content=\"summary_large_image\" class=\"yoast-seo-meta-tag\" \/>\n<meta name=\"twitter:creator\" content=\"@El_Triangle\" class=\"yoast-seo-meta-tag\" \/>\n<meta name=\"twitter:site\" content=\"@El_Triangle\" class=\"yoast-seo-meta-tag\" \/>\n<meta name=\"twitter:label1\" content=\"Escrito por\" class=\"yoast-seo-meta-tag\" \/>\n\t<meta name=\"twitter:data1\" content=\"Redacci\u00f3n\" class=\"yoast-seo-meta-tag\" \/>\n\t<meta name=\"twitter:label2\" content=\"Tiempo de lectura\" class=\"yoast-seo-meta-tag\" \/>\n\t<meta name=\"twitter:data2\" content=\"1 minuto\" class=\"yoast-seo-meta-tag\" \/>\n<script type=\"application\/ld+json\" class=\"yoast-schema-graph\">{\"@context\":\"https:\\\/\\\/schema.org\",\"@graph\":[{\"@type\":\"NewsArticle\",\"@id\":\"https:\\\/\\\/www.eltriangle.eu\\\/es\\\/2023\\\/09\\\/14\\\/la-eurocamara-denuncia-la-conducta-de-rubiales-con-jenni-hermoso\\\/#article\",\"isPartOf\":{\"@id\":\"https:\\\/\\\/www.eltriangle.eu\\\/es\\\/2023\\\/09\\\/14\\\/la-eurocamara-denuncia-la-conducta-de-rubiales-con-jenni-hermoso\\\/\"},\"author\":{\"name\":\"Redacci\u00f3n\",\"@id\":\"https:\\\/\\\/www.eltriangle.eu\\\/es\\\/#\\\/schema\\\/person\\\/164a138451b4f28d35c3f5984dac8e18\"},\"headline\":\"La Euroc\u00e1mara denuncia la conducta de Rubiales con Jenni Hermoso\",\"datePublished\":\"2023-09-14T07:15:31+00:00\",\"dateModified\":\"2023-09-14T11:55:32+00:00\",\"mainEntityOfPage\":{\"@id\":\"https:\\\/\\\/www.eltriangle.eu\\\/es\\\/2023\\\/09\\\/14\\\/la-eurocamara-denuncia-la-conducta-de-rubiales-con-jenni-hermoso\\\/\"},\"wordCount\":243,\"commentCount\":0,\"publisher\":{\"@id\":\"https:\\\/\\\/www.eltriangle.eu\\\/es\\\/#organization\"},\"image\":{\"@id\":\"https:\\\/\\\/www.eltriangle.eu\\\/es\\\/2023\\\/09\\\/14\\\/la-eurocamara-denuncia-la-conducta-de-rubiales-con-jenni-hermoso\\\/#primaryimage\"},\"thumbnailUrl\":\"https:\\\/\\\/www.eltriangle.eu\\\/wp-content\\\/uploads\\\/2023\\\/06\\\/3d2f53f0-ff34-4cae-ac39-7ff7ad88fd14-e1686830151680.jpg\",\"keywords\":[\"Jenni Hermoso\",\"Luis Rubiales\",\"Parlamento Europeo\"],\"articleSection\":[\"Actualidad\",\"Deportes\",\"Poderes\"],\"inLanguage\":\"es\",\"potentialAction\":[{\"@type\":\"CommentAction\",\"name\":\"Comment\",\"target\":[\"https:\\\/\\\/www.eltriangle.eu\\\/es\\\/2023\\\/09\\\/14\\\/la-eurocamara-denuncia-la-conducta-de-rubiales-con-jenni-hermoso\\\/#respond\"]}]},{\"@type\":\"WebPage\",\"@id\":\"https:\\\/\\\/www.eltriangle.eu\\\/es\\\/2023\\\/09\\\/14\\\/la-eurocamara-denuncia-la-conducta-de-rubiales-con-jenni-hermoso\\\/\",\"url\":\"https:\\\/\\\/www.eltriangle.eu\\\/es\\\/2023\\\/09\\\/14\\\/la-eurocamara-denuncia-la-conducta-de-rubiales-con-jenni-hermoso\\\/\",\"name\":\"La Euroc\u00e1mara denuncia la conducta de Rubiales con Jenni Hermoso - El Triangle\",\"isPartOf\":{\"@id\":\"https:\\\/\\\/www.eltriangle.eu\\\/es\\\/#website\"},\"primaryImageOfPage\":{\"@id\":\"https:\\\/\\\/www.eltriangle.eu\\\/es\\\/2023\\\/09\\\/14\\\/la-eurocamara-denuncia-la-conducta-de-rubiales-con-jenni-hermoso\\\/#primaryimage\"},\"image\":{\"@id\":\"https:\\\/\\\/www.eltriangle.eu\\\/es\\\/2023\\\/09\\\/14\\\/la-eurocamara-denuncia-la-conducta-de-rubiales-con-jenni-hermoso\\\/#primaryimage\"},\"thumbnailUrl\":\"https:\\\/\\\/www.eltriangle.eu\\\/wp-content\\\/uploads\\\/2023\\\/06\\\/3d2f53f0-ff34-4cae-ac39-7ff7ad88fd14-e1686830151680.jpg\",\"datePublished\":\"2023-09-14T07:15:31+00:00\",\"dateModified\":\"2023-09-14T11:55:32+00:00\",\"description\":\"Los diputados del Parlamento Europeo han condenado este jueves actitudes del ya expresidente de la Real Federaci\u00f3n Espa\u00f1ola de F\u00fatbol (RFEF), Luis\",\"breadcrumb\":{\"@id\":\"https:\\\/\\\/www.eltriangle.eu\\\/es\\\/2023\\\/09\\\/14\\\/la-eurocamara-denuncia-la-conducta-de-rubiales-con-jenni-hermoso\\\/#breadcrumb\"},\"inLanguage\":\"es\",\"potentialAction\":[{\"@type\":\"ReadAction\",\"target\":[\"https:\\\/\\\/www.eltriangle.eu\\\/es\\\/2023\\\/09\\\/14\\\/la-eurocamara-denuncia-la-conducta-de-rubiales-con-jenni-hermoso\\\/\"]}]},{\"@type\":\"ImageObject\",\"inLanguage\":\"es\",\"@id\":\"https:\\\/\\\/www.eltriangle.eu\\\/es\\\/2023\\\/09\\\/14\\\/la-eurocamara-denuncia-la-conducta-de-rubiales-con-jenni-hermoso\\\/#primaryimage\",\"url\":\"https:\\\/\\\/www.eltriangle.eu\\\/wp-content\\\/uploads\\\/2023\\\/06\\\/3d2f53f0-ff34-4cae-ac39-7ff7ad88fd14-e1686830151680.jpg\",\"contentUrl\":\"https:\\\/\\\/www.eltriangle.eu\\\/wp-content\\\/uploads\\\/2023\\\/06\\\/3d2f53f0-ff34-4cae-ac39-7ff7ad88fd14-e1686830151680.jpg\",\"width\":1200,\"height\":800,\"caption\":\"Votaci\u00f3n del pleno del Parlamento Europeo en Estrasburgo (UE\\\/ACN)\"},{\"@type\":\"BreadcrumbList\",\"@id\":\"https:\\\/\\\/www.eltriangle.eu\\\/es\\\/2023\\\/09\\\/14\\\/la-eurocamara-denuncia-la-conducta-de-rubiales-con-jenni-hermoso\\\/#breadcrumb\",\"itemListElement\":[{\"@type\":\"ListItem\",\"position\":1,\"name\":\"Portada\",\"item\":\"https:\\\/\\\/www.eltriangle.eu\\\/es\\\/\"},{\"@type\":\"ListItem\",\"position\":2,\"name\":\"La Euroc\u00e1mara denuncia la conducta de Rubiales con Jenni Hermoso\"}]},{\"@type\":\"WebSite\",\"@id\":\"https:\\\/\\\/www.eltriangle.eu\\\/es\\\/#website\",\"url\":\"https:\\\/\\\/www.eltriangle.eu\\\/es\\\/\",\"name\":\"El Triangle\",\"description\":\"El Triangle \u00e9s un Diari d&#039;informaci\u00f3 general, editat a Catalunya i escrit en llengua catalana, especialitzat en investigaci\u00f3 period\u00edstica\",\"publisher\":{\"@id\":\"https:\\\/\\\/www.eltriangle.eu\\\/es\\\/#organization\"},\"potentialAction\":[{\"@type\":\"SearchAction\",\"target\":{\"@type\":\"EntryPoint\",\"urlTemplate\":\"https:\\\/\\\/www.eltriangle.eu\\\/es\\\/?s={search_term_string}\"},\"query-input\":{\"@type\":\"PropertyValueSpecification\",\"valueRequired\":true,\"valueName\":\"search_term_string\"}}],\"inLanguage\":\"es\"},{\"@type\":[\"Organization\",\"NewsMediaOrganization\"],\"@id\":\"https:\\\/\\\/www.eltriangle.eu\\\/es\\\/#organization\",\"name\":\"El Triangle\",\"url\":\"https:\\\/\\\/www.eltriangle.eu\\\/es\\\/\",\"logo\":{\"@type\":\"ImageObject\",\"inLanguage\":\"es\",\"@id\":\"https:\\\/\\\/www.eltriangle.eu\\\/es\\\/#\\\/schema\\\/logo\\\/image\\\/\",\"url\":\"https:\\\/\\\/www.eltriangle.eu\\\/wp-content\\\/uploads\\\/2020\\\/11\\\/triangle_logo-ajustado.jpg\",\"contentUrl\":\"https:\\\/\\\/www.eltriangle.eu\\\/wp-content\\\/uploads\\\/2020\\\/11\\\/triangle_logo-ajustado.jpg\",\"width\":521,\"height\":92,\"caption\":\"El Triangle\"},\"image\":{\"@id\":\"https:\\\/\\\/www.eltriangle.eu\\\/es\\\/#\\\/schema\\\/logo\\\/image\\\/\"},\"sameAs\":[\"https:\\\/\\\/www.facebook.com\\\/El-Triangle-Diari-101787399020302\",\"https:\\\/\\\/x.com\\\/El_Triangle\",\"https:\\\/\\\/www.youtube.com\\\/channel\\\/UCTIjmYEMYSpdGonuAgNhbcg\"]},{\"@type\":\"Person\",\"@id\":\"https:\\\/\\\/www.eltriangle.eu\\\/es\\\/#\\\/schema\\\/person\\\/164a138451b4f28d35c3f5984dac8e18\",\"name\":\"Redacci\u00f3n\",\"image\":{\"@type\":\"ImageObject\",\"inLanguage\":\"es\",\"@id\":\"\\\/\\\/www.gravatar.com\\\/avatar\\\/147263d1a435839b8405c79279bb6558?s=96&#038;r=g&#038;d=mm\",\"url\":\"\\\/\\\/www.gravatar.com\\\/avatar\\\/147263d1a435839b8405c79279bb6558?s=96&#038;r=g&#038;d=mm\",\"contentUrl\":\"\\\/\\\/www.gravatar.com\\\/avatar\\\/147263d1a435839b8405c79279bb6558?s=96&#038;r=g&#038;d=mm\",\"caption\":\"Redacci\u00f3n\"},\"url\":\"https:\\\/\\\/www.eltriangle.eu\\\/es\\\/author\\\/autor-1\\\/\"},{\"@type\":\"SiteNavigationElement\",\"@id\":\"https:\\\/\\\/www.eltriangle.eu\\\/es\\\/#site-navigation\",\"cssSelector\":[\".cib-main-menu\"]},{\"@type\":\"WPHeader\",\"@id\":\"https:\\\/\\\/www.eltriangle.eu\\\/es\\\/#header\",\"cssSelector\":[\".cib-header\"]},{\"@type\":\"WPFooter\",\"@id\":\"https:\\\/\\\/www.eltriangle.eu\\\/es\\\/#footer\",\"cssSelector\":[\".cib-footer\"]}]}<\/script>\n<!-- \/ Yoast SEO plugin. -->","yoast_head_json":{"title":"La Euroc\u00e1mara denuncia la conducta de Rubiales con Jenni Hermoso - El Triangle","description":"Los diputados del Parlamento Europeo han condenado este jueves actitudes del ya expresidente de la Real Federaci\u00f3n Espa\u00f1ola de F\u00fatbol (RFEF), Luis","robots":{"index":"index","follow":"follow","max-snippet":"max-snippet:-1","max-image-preview":"max-image-preview:large","max-video-preview":"max-video-preview:-1"},"canonical":"https:\/\/www.eltriangle.eu\/es\/2023\/09\/14\/la-eurocamara-denuncia-la-conducta-de-rubiales-con-jenni-hermoso\/","og_locale":"es_ES","og_type":"article","og_title":"La Euroc\u00e1mara denuncia la conducta de Rubiales con Jenni Hermoso - El Triangle","og_description":"Los diputados del Parlamento Europeo han condenado este jueves actitudes del ya expresidente de la Real Federaci\u00f3n Espa\u00f1ola de F\u00fatbol (RFEF), Luis","og_url":"https:\/\/www.eltriangle.eu\/es\/2023\/09\/14\/la-eurocamara-denuncia-la-conducta-de-rubiales-con-jenni-hermoso\/","og_site_name":"El Triangle","article_publisher":"https:\/\/www.facebook.com\/El-Triangle-Diari-101787399020302","article_published_time":"2023-09-14T07:15:31+00:00","article_modified_time":"2023-09-14T11:55:32+00:00","og_image":[{"width":1200,"height":800,"url":"https:\/\/www.eltriangle.eu\/wp-content\/uploads\/2023\/06\/3d2f53f0-ff34-4cae-ac39-7ff7ad88fd14-e1686830151680.jpg","type":"image\/jpeg"}],"author":"Redacci\u00f3n","twitter_card":"summary_large_image","twitter_creator":"@El_Triangle","twitter_site":"@El_Triangle","twitter_misc":{"Escrito por":"Redacci\u00f3n","Tiempo de lectura":"1 minuto"},"schema":{"@context":"https:\/\/schema.org","@graph":[{"@type":"NewsArticle","@id":"https:\/\/www.eltriangle.eu\/es\/2023\/09\/14\/la-eurocamara-denuncia-la-conducta-de-rubiales-con-jenni-hermoso\/#article","isPartOf":{"@id":"https:\/\/www.eltriangle.eu\/es\/2023\/09\/14\/la-eurocamara-denuncia-la-conducta-de-rubiales-con-jenni-hermoso\/"},"author":{"name":"Redacci\u00f3n","@id":"https:\/\/www.eltriangle.eu\/es\/#\/schema\/person\/164a138451b4f28d35c3f5984dac8e18"},"headline":"La Euroc\u00e1mara denuncia la conducta de Rubiales con Jenni Hermoso","datePublished":"2023-09-14T07:15:31+00:00","dateModified":"2023-09-14T11:55:32+00:00","mainEntityOfPage":{"@id":"https:\/\/www.eltriangle.eu\/es\/2023\/09\/14\/la-eurocamara-denuncia-la-conducta-de-rubiales-con-jenni-hermoso\/"},"wordCount":243,"commentCount":0,"publisher":{"@id":"https:\/\/www.eltriangle.eu\/es\/#organization"},"image":{"@id":"https:\/\/www.eltriangle.eu\/es\/2023\/09\/14\/la-eurocamara-denuncia-la-conducta-de-rubiales-con-jenni-hermoso\/#primaryimage"},"thumbnailUrl":"https:\/\/www.eltriangle.eu\/wp-content\/uploads\/2023\/06\/3d2f53f0-ff34-4cae-ac39-7ff7ad88fd14-e1686830151680.jpg","keywords":["Jenni Hermoso","Luis Rubiales","Parlamento Europeo"],"articleSection":["Actualidad","Deportes","Poderes"],"inLanguage":"es","potentialAction":[{"@type":"CommentAction","name":"Comment","target":["https:\/\/www.eltriangle.eu\/es\/2023\/09\/14\/la-eurocamara-denuncia-la-conducta-de-rubiales-con-jenni-hermoso\/#respond"]}]},{"@type":"WebPage","@id":"https:\/\/www.eltriangle.eu\/es\/2023\/09\/14\/la-eurocamara-denuncia-la-conducta-de-rubiales-con-jenni-hermoso\/","url":"https:\/\/www.eltriangle.eu\/es\/2023\/09\/14\/la-eurocamara-denuncia-la-conducta-de-rubiales-con-jenni-hermoso\/","name":"La Euroc\u00e1mara denuncia la conducta de Rubiales con Jenni Hermoso - El Triangle","isPartOf":{"@id":"https:\/\/www.eltriangle.eu\/es\/#website"},"primaryImageOfPage":{"@id":"https:\/\/www.eltriangle.eu\/es\/2023\/09\/14\/la-eurocamara-denuncia-la-conducta-de-rubiales-con-jenni-hermoso\/#primaryimage"},"image":{"@id":"https:\/\/www.eltriangle.eu\/es\/2023\/09\/14\/la-eurocamara-denuncia-la-conducta-de-rubiales-con-jenni-hermoso\/#primaryimage"},"thumbnailUrl":"https:\/\/www.eltriangle.eu\/wp-content\/uploads\/2023\/06\/3d2f53f0-ff34-4cae-ac39-7ff7ad88fd14-e1686830151680.jpg","datePublished":"2023-09-14T07:15:31+00:00","dateModified":"2023-09-14T11:55:32+00:00","description":"Los diputados del Parlamento Europeo han condenado este jueves actitudes del ya expresidente de la Real Federaci\u00f3n Espa\u00f1ola de F\u00fatbol (RFEF), Luis","breadcrumb":{"@id":"https:\/\/www.eltriangle.eu\/es\/2023\/09\/14\/la-eurocamara-denuncia-la-conducta-de-rubiales-con-jenni-hermoso\/#breadcrumb"},"inLanguage":"es","potentialAction":[{"@type":"ReadAction","target":["https:\/\/www.eltriangle.eu\/es\/2023\/09\/14\/la-eurocamara-denuncia-la-conducta-de-rubiales-con-jenni-hermoso\/"]}]},{"@type":"ImageObject","inLanguage":"es","@id":"https:\/\/www.eltriangle.eu\/es\/2023\/09\/14\/la-eurocamara-denuncia-la-conducta-de-rubiales-con-jenni-hermoso\/#primaryimage","url":"https:\/\/www.eltriangle.eu\/wp-content\/uploads\/2023\/06\/3d2f53f0-ff34-4cae-ac39-7ff7ad88fd14-e1686830151680.jpg","contentUrl":"https:\/\/www.eltriangle.eu\/wp-content\/uploads\/2023\/06\/3d2f53f0-ff34-4cae-ac39-7ff7ad88fd14-e1686830151680.jpg","width":1200,"height":800,"caption":"Votaci\u00f3n del pleno del Parlamento Europeo en Estrasburgo (UE\/ACN)"},{"@type":"BreadcrumbList","@id":"https:\/\/www.eltriangle.eu\/es\/2023\/09\/14\/la-eurocamara-denuncia-la-conducta-de-rubiales-con-jenni-hermoso\/#breadcrumb","itemListElement":[{"@type":"ListItem","position":1,"name":"Portada","item":"https:\/\/www.eltriangle.eu\/es\/"},{"@type":"ListItem","position":2,"name":"La Euroc\u00e1mara denuncia la conducta de Rubiales con Jenni Hermoso"}]},{"@type":"WebSite","@id":"https:\/\/www.eltriangle.eu\/es\/#website","url":"https:\/\/www.eltriangle.eu\/es\/","name":"El Triangle","description":"El Triangle \u00e9s un Diari d&#039;informaci\u00f3 general, editat a Catalunya i escrit en llengua catalana, especialitzat en investigaci\u00f3 period\u00edstica","publisher":{"@id":"https:\/\/www.eltriangle.eu\/es\/#organization"},"potentialAction":[{"@type":"SearchAction","target":{"@type":"EntryPoint","urlTemplate":"https:\/\/www.eltriangle.eu\/es\/?s={search_term_string}"},"query-input":{"@type":"PropertyValueSpecification","valueRequired":true,"valueName":"search_term_string"}}],"inLanguage":"es"},{"@type":["Organization","NewsMediaOrganization"],"@id":"https:\/\/www.eltriangle.eu\/es\/#organization","name":"El Triangle","url":"https:\/\/www.eltriangle.eu\/es\/","logo":{"@type":"ImageObject","inLanguage":"es","@id":"https:\/\/www.eltriangle.eu\/es\/#\/schema\/logo\/image\/","url":"https:\/\/www.eltriangle.eu\/wp-content\/uploads\/2020\/11\/triangle_logo-ajustado.jpg","contentUrl":"https:\/\/www.eltriangle.eu\/wp-content\/uploads\/2020\/11\/triangle_logo-ajustado.jpg","width":521,"height":92,"caption":"El Triangle"},"image":{"@id":"https:\/\/www.eltriangle.eu\/es\/#\/schema\/logo\/image\/"},"sameAs":["https:\/\/www.facebook.com\/El-Triangle-Diari-101787399020302","https:\/\/x.com\/El_Triangle","https:\/\/www.youtube.com\/channel\/UCTIjmYEMYSpdGonuAgNhbcg"]},{"@type":"Person","@id":"https:\/\/www.eltriangle.eu\/es\/#\/schema\/person\/164a138451b4f28d35c3f5984dac8e18","name":"Redacci\u00f3n","image":{"@type":"ImageObject","inLanguage":"es","@id":"\/\/www.gravatar.com\/avatar\/147263d1a435839b8405c79279bb6558?s=96&#038;r=g&#038;d=mm","url":"\/\/www.gravatar.com\/avatar\/147263d1a435839b8405c79279bb6558?s=96&#038;r=g&#038;d=mm","contentUrl":"\/\/www.gravatar.com\/avatar\/147263d1a435839b8405c79279bb6558?s=96&#038;r=g&#038;d=mm","caption":"Redacci\u00f3n"},"url":"https:\/\/www.eltriangle.eu\/es\/author\/autor-1\/"},{"@type":"SiteNavigationElement","@id":"https:\/\/www.eltriangle.eu\/es\/#site-navigation","cssSelector":[".cib-main-menu"]},{"@type":"WPHeader","@id":"https:\/\/www.eltriangle.eu\/es\/#header","cssSelector":[".cib-header"]},{"@type":"WPFooter","@id":"https:\/\/www.eltriangle.eu\/es\/#footer","cssSelector":[".cib-footer"]}]}},"amp_enabled":true,"_links":{"self":[{"href":"https:\/\/www.eltriangle.eu\/es\/wp-json\/wp\/v2\/posts\/216372","targetHints":{"allow":["GET"]}}],"collection":[{"href":"https:\/\/www.eltriangle.eu\/es\/wp-json\/wp\/v2\/posts"}],"about":[{"href":"https:\/\/www.eltriangle.eu\/es\/wp-json\/wp\/v2\/types\/post"}],"author":[{"embeddable":true,"href":"https:\/\/www.eltriangle.eu\/es\/wp-json\/wp\/v2\/users\/2"}],"replies":[{"embeddable":true,"href":"https:\/\/www.eltriangle.eu\/es\/wp-json\/wp\/v2\/comments?post=216372"}],"version-history":[{"count":0,"href":"https:\/\/www.eltriangle.eu\/es\/wp-json\/wp\/v2\/posts\/216372\/revisions"}],"wp:featuredmedia":[{"embeddable":true,"href":"https:\/\/www.eltriangle.eu\/es\/wp-json\/wp\/v2\/media\/199790"}],"wp:attachment":[{"href":"https:\/\/www.eltriangle.eu\/es\/wp-json\/wp\/v2\/media?parent=216372"}],"wp:term":[{"taxonomy":"category","embeddable":true,"href":"https:\/\/www.eltriangle.eu\/es\/wp-json\/wp\/v2\/categories?post=216372"},{"taxonomy":"post_tag","embeddable":true,"href":"https:\/\/www.eltriangle.eu\/es\/wp-json\/wp\/v2\/tags?post=216372"}],"curies":[{"name":"wp","href":"https:\/\/api.w.org\/{rel}","templated":true}]}}