{"id":209761,"date":"2023-08-01T18:33:58","date_gmt":"2023-08-01T16:33:58","guid":{"rendered":null},"modified":"2023-08-01T18:34:53","modified_gmt":"2023-08-01T16:34:53","slug":"condenado-a-95-anos-de-carcel-el-hombre-juzgado-por-el-triple-crimen-en-ciutat-vella-en-enero-del-2020","status":"publish","type":"post","link":"https:\/\/www.eltriangle.eu\/es\/2023\/08\/01\/condenado-a-95-anos-de-carcel-el-hombre-juzgado-por-el-triple-crimen-en-ciutat-vella-en-enero-del-2020\/","title":{"rendered":"Condenado a 95 a\u00f1os de c\u00e1rcel el hombre juzgado por el triple crimen en Ciutat Vella en 2020"},"content":{"rendered":"<p>La Audiencia de Barcelona ha condenado a 95 a\u00f1os de c\u00e1rcel al hombre juzgado por el triple crimen en Ciutat Vella en enero del 2020. El juez le ha considerado culpable de dos asesinatos y del homicidio del periodista del Ayuntamiento de Barcelona <strong>David Caminada<\/strong>. Adem\u00e1s, fue sentenciado por cuatro delitos de robo con violencia, uno de lesiones, uno de incendio y dos de amenazas.<\/p>\n<p>El magistrado tambi\u00e9n le impuso una indemnizaci\u00f3n de entre 50.000 y 300.000 euros a los familiares de las v\u00edctimas que en global asciende a 1,2 millones de euros.<\/p>\n<p>La sentencia coincide con el tribunal popular y no aprecia ning\u00fan atenuante por alteraci\u00f3n ps\u00edquica o drogadicci\u00f3n. Por el contrario, s\u00ed considera a los agravantes de alevos\u00eda, ensa\u00f1amiento y abuso de superioridad.<\/p>\n","protected":false},"excerpt":{"rendered":"<p>La Audiencia de Barcelona ha condenado a 95 a\u00f1os de c\u00e1rcel al hombre juzgado por el triple crimen en Ciutat Vella en enero del 2020. El juez le ha considerado culpable de dos asesinatos y del homicidio del periodista del Ayuntamiento de Barcelona David Caminada. Adem\u00e1s, fue sentenciado por cuatro delitos de robo con violencia, &#8230; <a title=\"Condenado a 95 a\u00f1os de c\u00e1rcel el hombre juzgado por el triple crimen en Ciutat Vella en 2020\" class=\"read-more\" href=\"https:\/\/www.eltriangle.eu\/es\/2023\/08\/01\/condenado-a-95-anos-de-carcel-el-hombre-juzgado-por-el-triple-crimen-en-ciutat-vella-en-enero-del-2020\/\" aria-label=\"Leer m\u00e1s sobre Condenado a 95 a\u00f1os de c\u00e1rcel el hombre juzgado por el triple crimen en Ciutat Vella en 2020\">Leer m\u00e1s<\/a><\/p>\n","protected":false},"author":97,"featured_media":206396,"comment_status":"open","ping_status":"closed","sticky":false,"template":"","format":"standard","meta":{"_acf_changed":false,"pmpro_default_level":"","footnotes":""},"categories":[24],"tags":[2018],"class_list":["post-209761","post","type-post","status-publish","format-standard","has-post-thumbnail","hentry","category-actualidad","tag-ciutat-vella-es","lh_instant_articles-syndicate-yes","pmpro-has-access"],"acf":[],"yoast_head":"<!-- This site is optimized with the Yoast SEO plugin v27.4 - https:\/\/yoast.com\/product\/yoast-seo-wordpress\/ -->\n<title>Condenado a 95 a\u00f1os de c\u00e1rcel el hombre juzgado por el triple crimen en Ciutat Vella en 2020 - El Triangle<\/title>\n<meta name=\"description\" content=\"La Audiencia de Barcelona ha condenado a 95 a\u00f1os de c\u00e1rcel al hombre juzgado por el triple crimen en Ciutat Vella en enero del 2020. El juez le ha\" class=\"yoast-seo-meta-tag\" \/>\n<meta name=\"robots\" content=\"index, follow, max-snippet:-1, max-image-preview:large, max-video-preview:-1\" \/>\n<link rel=\"canonical\" href=\"https:\/\/www.eltriangle.eu\/es\/2023\/08\/01\/condenado-a-95-anos-de-carcel-el-hombre-juzgado-por-el-triple-crimen-en-ciutat-vella-en-enero-del-2020\/\" class=\"yoast-seo-meta-tag\" \/>\n<meta property=\"og:locale\" content=\"es_ES\" class=\"yoast-seo-meta-tag\" \/>\n<meta property=\"og:type\" content=\"article\" class=\"yoast-seo-meta-tag\" \/>\n<meta property=\"og:title\" content=\"Condenado a 95 a\u00f1os de c\u00e1rcel el hombre juzgado por el triple crimen en Ciutat Vella en 2020 - El Triangle\" class=\"yoast-seo-meta-tag\" \/>\n<meta property=\"og:description\" content=\"La Audiencia de Barcelona ha condenado a 95 a\u00f1os de c\u00e1rcel al hombre juzgado por el triple crimen en Ciutat Vella en enero del 2020. El juez le ha\" class=\"yoast-seo-meta-tag\" \/>\n<meta property=\"og:url\" content=\"https:\/\/www.eltriangle.eu\/es\/2023\/08\/01\/condenado-a-95-anos-de-carcel-el-hombre-juzgado-por-el-triple-crimen-en-ciutat-vella-en-enero-del-2020\/\" class=\"yoast-seo-meta-tag\" \/>\n<meta property=\"og:site_name\" content=\"El Triangle\" class=\"yoast-seo-meta-tag\" \/>\n<meta property=\"article:publisher\" content=\"https:\/\/www.facebook.com\/El-Triangle-Diari-101787399020302\" class=\"yoast-seo-meta-tag\" \/>\n<meta property=\"article:published_time\" content=\"2023-08-01T16:33:58+00:00\" class=\"yoast-seo-meta-tag\" \/>\n<meta property=\"article:modified_time\" content=\"2023-08-01T16:34:53+00:00\" class=\"yoast-seo-meta-tag\" \/>\n<meta property=\"og:image\" content=\"https:\/\/www.eltriangle.eu\/wp-content\/uploads\/2023\/07\/judici-pel-triple-crim-de-ciutat-vella-el-gener-del-2020.jpg\" class=\"yoast-seo-meta-tag\" \/>\n\t<meta property=\"og:image:width\" content=\"1200\" class=\"yoast-seo-meta-tag\" \/>\n\t<meta property=\"og:image:height\" content=\"800\" class=\"yoast-seo-meta-tag\" \/>\n\t<meta property=\"og:image:type\" content=\"image\/jpeg\" class=\"yoast-seo-meta-tag\" \/>\n<meta name=\"author\" content=\"xavier\" class=\"yoast-seo-meta-tag\" \/>\n<meta name=\"twitter:card\" content=\"summary_large_image\" class=\"yoast-seo-meta-tag\" \/>\n<meta name=\"twitter:creator\" content=\"@El_Triangle\" class=\"yoast-seo-meta-tag\" \/>\n<meta name=\"twitter:site\" content=\"@El_Triangle\" class=\"yoast-seo-meta-tag\" \/>\n<meta name=\"twitter:label1\" content=\"Escrito por\" class=\"yoast-seo-meta-tag\" \/>\n\t<meta name=\"twitter:data1\" content=\"xavier\" class=\"yoast-seo-meta-tag\" \/>\n\t<meta name=\"twitter:label2\" content=\"Tiempo de lectura\" class=\"yoast-seo-meta-tag\" \/>\n\t<meta name=\"twitter:data2\" content=\"1 minuto\" class=\"yoast-seo-meta-tag\" \/>\n<script type=\"application\/ld+json\" class=\"yoast-schema-graph\">{\"@context\":\"https:\\\/\\\/schema.org\",\"@graph\":[{\"@type\":\"NewsArticle\",\"@id\":\"https:\\\/\\\/www.eltriangle.eu\\\/es\\\/2023\\\/08\\\/01\\\/condenado-a-95-anos-de-carcel-el-hombre-juzgado-por-el-triple-crimen-en-ciutat-vella-en-enero-del-2020\\\/#article\",\"isPartOf\":{\"@id\":\"https:\\\/\\\/www.eltriangle.eu\\\/es\\\/2023\\\/08\\\/01\\\/condenado-a-95-anos-de-carcel-el-hombre-juzgado-por-el-triple-crimen-en-ciutat-vella-en-enero-del-2020\\\/\"},\"author\":{\"name\":\"xavier\",\"@id\":\"https:\\\/\\\/www.eltriangle.eu\\\/es\\\/#\\\/schema\\\/person\\\/df9cb61ef0b061092c35cf7a8636dfc6\"},\"headline\":\"Condenado a 95 a\u00f1os de c\u00e1rcel el hombre juzgado por el triple crimen en Ciutat Vella en 2020\",\"datePublished\":\"2023-08-01T16:33:58+00:00\",\"dateModified\":\"2023-08-01T16:34:53+00:00\",\"mainEntityOfPage\":{\"@id\":\"https:\\\/\\\/www.eltriangle.eu\\\/es\\\/2023\\\/08\\\/01\\\/condenado-a-95-anos-de-carcel-el-hombre-juzgado-por-el-triple-crimen-en-ciutat-vella-en-enero-del-2020\\\/\"},\"wordCount\":150,\"commentCount\":0,\"publisher\":{\"@id\":\"https:\\\/\\\/www.eltriangle.eu\\\/es\\\/#organization\"},\"image\":{\"@id\":\"https:\\\/\\\/www.eltriangle.eu\\\/es\\\/2023\\\/08\\\/01\\\/condenado-a-95-anos-de-carcel-el-hombre-juzgado-por-el-triple-crimen-en-ciutat-vella-en-enero-del-2020\\\/#primaryimage\"},\"thumbnailUrl\":\"https:\\\/\\\/www.eltriangle.eu\\\/wp-content\\\/uploads\\\/2023\\\/07\\\/judici-pel-triple-crim-de-ciutat-vella-el-gener-del-2020.jpg\",\"keywords\":[\"Ciutat Vella\"],\"articleSection\":[\"Actualidad\"],\"inLanguage\":\"es\",\"potentialAction\":[{\"@type\":\"CommentAction\",\"name\":\"Comment\",\"target\":[\"https:\\\/\\\/www.eltriangle.eu\\\/es\\\/2023\\\/08\\\/01\\\/condenado-a-95-anos-de-carcel-el-hombre-juzgado-por-el-triple-crimen-en-ciutat-vella-en-enero-del-2020\\\/#respond\"]}]},{\"@type\":\"WebPage\",\"@id\":\"https:\\\/\\\/www.eltriangle.eu\\\/es\\\/2023\\\/08\\\/01\\\/condenado-a-95-anos-de-carcel-el-hombre-juzgado-por-el-triple-crimen-en-ciutat-vella-en-enero-del-2020\\\/\",\"url\":\"https:\\\/\\\/www.eltriangle.eu\\\/es\\\/2023\\\/08\\\/01\\\/condenado-a-95-anos-de-carcel-el-hombre-juzgado-por-el-triple-crimen-en-ciutat-vella-en-enero-del-2020\\\/\",\"name\":\"Condenado a 95 a\u00f1os de c\u00e1rcel el hombre juzgado por el triple crimen en Ciutat Vella en 2020 - El Triangle\",\"isPartOf\":{\"@id\":\"https:\\\/\\\/www.eltriangle.eu\\\/es\\\/#website\"},\"primaryImageOfPage\":{\"@id\":\"https:\\\/\\\/www.eltriangle.eu\\\/es\\\/2023\\\/08\\\/01\\\/condenado-a-95-anos-de-carcel-el-hombre-juzgado-por-el-triple-crimen-en-ciutat-vella-en-enero-del-2020\\\/#primaryimage\"},\"image\":{\"@id\":\"https:\\\/\\\/www.eltriangle.eu\\\/es\\\/2023\\\/08\\\/01\\\/condenado-a-95-anos-de-carcel-el-hombre-juzgado-por-el-triple-crimen-en-ciutat-vella-en-enero-del-2020\\\/#primaryimage\"},\"thumbnailUrl\":\"https:\\\/\\\/www.eltriangle.eu\\\/wp-content\\\/uploads\\\/2023\\\/07\\\/judici-pel-triple-crim-de-ciutat-vella-el-gener-del-2020.jpg\",\"datePublished\":\"2023-08-01T16:33:58+00:00\",\"dateModified\":\"2023-08-01T16:34:53+00:00\",\"description\":\"La Audiencia de Barcelona ha condenado a 95 a\u00f1os de c\u00e1rcel al hombre juzgado por el triple crimen en Ciutat Vella en enero del 2020. El juez le ha\",\"breadcrumb\":{\"@id\":\"https:\\\/\\\/www.eltriangle.eu\\\/es\\\/2023\\\/08\\\/01\\\/condenado-a-95-anos-de-carcel-el-hombre-juzgado-por-el-triple-crimen-en-ciutat-vella-en-enero-del-2020\\\/#breadcrumb\"},\"inLanguage\":\"es\",\"potentialAction\":[{\"@type\":\"ReadAction\",\"target\":[\"https:\\\/\\\/www.eltriangle.eu\\\/es\\\/2023\\\/08\\\/01\\\/condenado-a-95-anos-de-carcel-el-hombre-juzgado-por-el-triple-crimen-en-ciutat-vella-en-enero-del-2020\\\/\"]}]},{\"@type\":\"ImageObject\",\"inLanguage\":\"es\",\"@id\":\"https:\\\/\\\/www.eltriangle.eu\\\/es\\\/2023\\\/08\\\/01\\\/condenado-a-95-anos-de-carcel-el-hombre-juzgado-por-el-triple-crimen-en-ciutat-vella-en-enero-del-2020\\\/#primaryimage\",\"url\":\"https:\\\/\\\/www.eltriangle.eu\\\/wp-content\\\/uploads\\\/2023\\\/07\\\/judici-pel-triple-crim-de-ciutat-vella-el-gener-del-2020.jpg\",\"contentUrl\":\"https:\\\/\\\/www.eltriangle.eu\\\/wp-content\\\/uploads\\\/2023\\\/07\\\/judici-pel-triple-crim-de-ciutat-vella-el-gener-del-2020.jpg\",\"width\":1200,\"height\":800,\"caption\":\"Judici pel triple crim de Ciutat Vella el gener del 2020\"},{\"@type\":\"BreadcrumbList\",\"@id\":\"https:\\\/\\\/www.eltriangle.eu\\\/es\\\/2023\\\/08\\\/01\\\/condenado-a-95-anos-de-carcel-el-hombre-juzgado-por-el-triple-crimen-en-ciutat-vella-en-enero-del-2020\\\/#breadcrumb\",\"itemListElement\":[{\"@type\":\"ListItem\",\"position\":1,\"name\":\"Portada\",\"item\":\"https:\\\/\\\/www.eltriangle.eu\\\/es\\\/\"},{\"@type\":\"ListItem\",\"position\":2,\"name\":\"Condenado a 95 a\u00f1os de c\u00e1rcel el hombre juzgado por el triple crimen en Ciutat Vella en 2020\"}]},{\"@type\":\"WebSite\",\"@id\":\"https:\\\/\\\/www.eltriangle.eu\\\/es\\\/#website\",\"url\":\"https:\\\/\\\/www.eltriangle.eu\\\/es\\\/\",\"name\":\"El Triangle\",\"description\":\"El Triangle \u00e9s un Diari d&#039;informaci\u00f3 general, editat a Catalunya i escrit en llengua catalana, especialitzat en investigaci\u00f3 period\u00edstica\",\"publisher\":{\"@id\":\"https:\\\/\\\/www.eltriangle.eu\\\/es\\\/#organization\"},\"potentialAction\":[{\"@type\":\"SearchAction\",\"target\":{\"@type\":\"EntryPoint\",\"urlTemplate\":\"https:\\\/\\\/www.eltriangle.eu\\\/es\\\/?s={search_term_string}\"},\"query-input\":{\"@type\":\"PropertyValueSpecification\",\"valueRequired\":true,\"valueName\":\"search_term_string\"}}],\"inLanguage\":\"es\"},{\"@type\":[\"Organization\",\"NewsMediaOrganization\"],\"@id\":\"https:\\\/\\\/www.eltriangle.eu\\\/es\\\/#organization\",\"name\":\"El Triangle\",\"url\":\"https:\\\/\\\/www.eltriangle.eu\\\/es\\\/\",\"logo\":{\"@type\":\"ImageObject\",\"inLanguage\":\"es\",\"@id\":\"https:\\\/\\\/www.eltriangle.eu\\\/es\\\/#\\\/schema\\\/logo\\\/image\\\/\",\"url\":\"https:\\\/\\\/www.eltriangle.eu\\\/wp-content\\\/uploads\\\/2020\\\/11\\\/triangle_logo-ajustado.jpg\",\"contentUrl\":\"https:\\\/\\\/www.eltriangle.eu\\\/wp-content\\\/uploads\\\/2020\\\/11\\\/triangle_logo-ajustado.jpg\",\"width\":521,\"height\":92,\"caption\":\"El Triangle\"},\"image\":{\"@id\":\"https:\\\/\\\/www.eltriangle.eu\\\/es\\\/#\\\/schema\\\/logo\\\/image\\\/\"},\"sameAs\":[\"https:\\\/\\\/www.facebook.com\\\/El-Triangle-Diari-101787399020302\",\"https:\\\/\\\/x.com\\\/El_Triangle\",\"https:\\\/\\\/www.youtube.com\\\/channel\\\/UCTIjmYEMYSpdGonuAgNhbcg\"]},{\"@type\":\"Person\",\"@id\":\"https:\\\/\\\/www.eltriangle.eu\\\/es\\\/#\\\/schema\\\/person\\\/df9cb61ef0b061092c35cf7a8636dfc6\",\"name\":\"xavier\",\"image\":{\"@type\":\"ImageObject\",\"inLanguage\":\"es\",\"@id\":\"\\\/\\\/www.gravatar.com\\\/avatar\\\/70cc50ebe4287089b363a6a3c8fa3e72?s=96&#038;r=g&#038;d=mm\",\"url\":\"\\\/\\\/www.gravatar.com\\\/avatar\\\/70cc50ebe4287089b363a6a3c8fa3e72?s=96&#038;r=g&#038;d=mm\",\"contentUrl\":\"\\\/\\\/www.gravatar.com\\\/avatar\\\/70cc50ebe4287089b363a6a3c8fa3e72?s=96&#038;r=g&#038;d=mm\",\"caption\":\"xavier\"},\"url\":\"https:\\\/\\\/www.eltriangle.eu\\\/es\\\/author\\\/xavier\\\/\"},{\"@type\":\"SiteNavigationElement\",\"@id\":\"https:\\\/\\\/www.eltriangle.eu\\\/es\\\/#site-navigation\",\"cssSelector\":[\".cib-main-menu\"]},{\"@type\":\"WPHeader\",\"@id\":\"https:\\\/\\\/www.eltriangle.eu\\\/es\\\/#header\",\"cssSelector\":[\".cib-header\"]},{\"@type\":\"WPFooter\",\"@id\":\"https:\\\/\\\/www.eltriangle.eu\\\/es\\\/#footer\",\"cssSelector\":[\".cib-footer\"]}]}<\/script>\n<!-- \/ Yoast SEO plugin. -->","yoast_head_json":{"title":"Condenado a 95 a\u00f1os de c\u00e1rcel el hombre juzgado por el triple crimen en Ciutat Vella en 2020 - El Triangle","description":"La Audiencia de Barcelona ha condenado a 95 a\u00f1os de c\u00e1rcel al hombre juzgado por el triple crimen en Ciutat Vella en enero del 2020. El juez le ha","robots":{"index":"index","follow":"follow","max-snippet":"max-snippet:-1","max-image-preview":"max-image-preview:large","max-video-preview":"max-video-preview:-1"},"canonical":"https:\/\/www.eltriangle.eu\/es\/2023\/08\/01\/condenado-a-95-anos-de-carcel-el-hombre-juzgado-por-el-triple-crimen-en-ciutat-vella-en-enero-del-2020\/","og_locale":"es_ES","og_type":"article","og_title":"Condenado a 95 a\u00f1os de c\u00e1rcel el hombre juzgado por el triple crimen en Ciutat Vella en 2020 - El Triangle","og_description":"La Audiencia de Barcelona ha condenado a 95 a\u00f1os de c\u00e1rcel al hombre juzgado por el triple crimen en Ciutat Vella en enero del 2020. El juez le ha","og_url":"https:\/\/www.eltriangle.eu\/es\/2023\/08\/01\/condenado-a-95-anos-de-carcel-el-hombre-juzgado-por-el-triple-crimen-en-ciutat-vella-en-enero-del-2020\/","og_site_name":"El Triangle","article_publisher":"https:\/\/www.facebook.com\/El-Triangle-Diari-101787399020302","article_published_time":"2023-08-01T16:33:58+00:00","article_modified_time":"2023-08-01T16:34:53+00:00","og_image":[{"width":1200,"height":800,"url":"https:\/\/www.eltriangle.eu\/wp-content\/uploads\/2023\/07\/judici-pel-triple-crim-de-ciutat-vella-el-gener-del-2020.jpg","type":"image\/jpeg"}],"author":"xavier","twitter_card":"summary_large_image","twitter_creator":"@El_Triangle","twitter_site":"@El_Triangle","twitter_misc":{"Escrito por":"xavier","Tiempo de lectura":"1 minuto"},"schema":{"@context":"https:\/\/schema.org","@graph":[{"@type":"NewsArticle","@id":"https:\/\/www.eltriangle.eu\/es\/2023\/08\/01\/condenado-a-95-anos-de-carcel-el-hombre-juzgado-por-el-triple-crimen-en-ciutat-vella-en-enero-del-2020\/#article","isPartOf":{"@id":"https:\/\/www.eltriangle.eu\/es\/2023\/08\/01\/condenado-a-95-anos-de-carcel-el-hombre-juzgado-por-el-triple-crimen-en-ciutat-vella-en-enero-del-2020\/"},"author":{"name":"xavier","@id":"https:\/\/www.eltriangle.eu\/es\/#\/schema\/person\/df9cb61ef0b061092c35cf7a8636dfc6"},"headline":"Condenado a 95 a\u00f1os de c\u00e1rcel el hombre juzgado por el triple crimen en Ciutat Vella en 2020","datePublished":"2023-08-01T16:33:58+00:00","dateModified":"2023-08-01T16:34:53+00:00","mainEntityOfPage":{"@id":"https:\/\/www.eltriangle.eu\/es\/2023\/08\/01\/condenado-a-95-anos-de-carcel-el-hombre-juzgado-por-el-triple-crimen-en-ciutat-vella-en-enero-del-2020\/"},"wordCount":150,"commentCount":0,"publisher":{"@id":"https:\/\/www.eltriangle.eu\/es\/#organization"},"image":{"@id":"https:\/\/www.eltriangle.eu\/es\/2023\/08\/01\/condenado-a-95-anos-de-carcel-el-hombre-juzgado-por-el-triple-crimen-en-ciutat-vella-en-enero-del-2020\/#primaryimage"},"thumbnailUrl":"https:\/\/www.eltriangle.eu\/wp-content\/uploads\/2023\/07\/judici-pel-triple-crim-de-ciutat-vella-el-gener-del-2020.jpg","keywords":["Ciutat Vella"],"articleSection":["Actualidad"],"inLanguage":"es","potentialAction":[{"@type":"CommentAction","name":"Comment","target":["https:\/\/www.eltriangle.eu\/es\/2023\/08\/01\/condenado-a-95-anos-de-carcel-el-hombre-juzgado-por-el-triple-crimen-en-ciutat-vella-en-enero-del-2020\/#respond"]}]},{"@type":"WebPage","@id":"https:\/\/www.eltriangle.eu\/es\/2023\/08\/01\/condenado-a-95-anos-de-carcel-el-hombre-juzgado-por-el-triple-crimen-en-ciutat-vella-en-enero-del-2020\/","url":"https:\/\/www.eltriangle.eu\/es\/2023\/08\/01\/condenado-a-95-anos-de-carcel-el-hombre-juzgado-por-el-triple-crimen-en-ciutat-vella-en-enero-del-2020\/","name":"Condenado a 95 a\u00f1os de c\u00e1rcel el hombre juzgado por el triple crimen en Ciutat Vella en 2020 - El Triangle","isPartOf":{"@id":"https:\/\/www.eltriangle.eu\/es\/#website"},"primaryImageOfPage":{"@id":"https:\/\/www.eltriangle.eu\/es\/2023\/08\/01\/condenado-a-95-anos-de-carcel-el-hombre-juzgado-por-el-triple-crimen-en-ciutat-vella-en-enero-del-2020\/#primaryimage"},"image":{"@id":"https:\/\/www.eltriangle.eu\/es\/2023\/08\/01\/condenado-a-95-anos-de-carcel-el-hombre-juzgado-por-el-triple-crimen-en-ciutat-vella-en-enero-del-2020\/#primaryimage"},"thumbnailUrl":"https:\/\/www.eltriangle.eu\/wp-content\/uploads\/2023\/07\/judici-pel-triple-crim-de-ciutat-vella-el-gener-del-2020.jpg","datePublished":"2023-08-01T16:33:58+00:00","dateModified":"2023-08-01T16:34:53+00:00","description":"La Audiencia de Barcelona ha condenado a 95 a\u00f1os de c\u00e1rcel al hombre juzgado por el triple crimen en Ciutat Vella en enero del 2020. El juez le ha","breadcrumb":{"@id":"https:\/\/www.eltriangle.eu\/es\/2023\/08\/01\/condenado-a-95-anos-de-carcel-el-hombre-juzgado-por-el-triple-crimen-en-ciutat-vella-en-enero-del-2020\/#breadcrumb"},"inLanguage":"es","potentialAction":[{"@type":"ReadAction","target":["https:\/\/www.eltriangle.eu\/es\/2023\/08\/01\/condenado-a-95-anos-de-carcel-el-hombre-juzgado-por-el-triple-crimen-en-ciutat-vella-en-enero-del-2020\/"]}]},{"@type":"ImageObject","inLanguage":"es","@id":"https:\/\/www.eltriangle.eu\/es\/2023\/08\/01\/condenado-a-95-anos-de-carcel-el-hombre-juzgado-por-el-triple-crimen-en-ciutat-vella-en-enero-del-2020\/#primaryimage","url":"https:\/\/www.eltriangle.eu\/wp-content\/uploads\/2023\/07\/judici-pel-triple-crim-de-ciutat-vella-el-gener-del-2020.jpg","contentUrl":"https:\/\/www.eltriangle.eu\/wp-content\/uploads\/2023\/07\/judici-pel-triple-crim-de-ciutat-vella-el-gener-del-2020.jpg","width":1200,"height":800,"caption":"Judici pel triple crim de Ciutat Vella el gener del 2020"},{"@type":"BreadcrumbList","@id":"https:\/\/www.eltriangle.eu\/es\/2023\/08\/01\/condenado-a-95-anos-de-carcel-el-hombre-juzgado-por-el-triple-crimen-en-ciutat-vella-en-enero-del-2020\/#breadcrumb","itemListElement":[{"@type":"ListItem","position":1,"name":"Portada","item":"https:\/\/www.eltriangle.eu\/es\/"},{"@type":"ListItem","position":2,"name":"Condenado a 95 a\u00f1os de c\u00e1rcel el hombre juzgado por el triple crimen en Ciutat Vella en 2020"}]},{"@type":"WebSite","@id":"https:\/\/www.eltriangle.eu\/es\/#website","url":"https:\/\/www.eltriangle.eu\/es\/","name":"El Triangle","description":"El Triangle \u00e9s un Diari d&#039;informaci\u00f3 general, editat a Catalunya i escrit en llengua catalana, especialitzat en investigaci\u00f3 period\u00edstica","publisher":{"@id":"https:\/\/www.eltriangle.eu\/es\/#organization"},"potentialAction":[{"@type":"SearchAction","target":{"@type":"EntryPoint","urlTemplate":"https:\/\/www.eltriangle.eu\/es\/?s={search_term_string}"},"query-input":{"@type":"PropertyValueSpecification","valueRequired":true,"valueName":"search_term_string"}}],"inLanguage":"es"},{"@type":["Organization","NewsMediaOrganization"],"@id":"https:\/\/www.eltriangle.eu\/es\/#organization","name":"El Triangle","url":"https:\/\/www.eltriangle.eu\/es\/","logo":{"@type":"ImageObject","inLanguage":"es","@id":"https:\/\/www.eltriangle.eu\/es\/#\/schema\/logo\/image\/","url":"https:\/\/www.eltriangle.eu\/wp-content\/uploads\/2020\/11\/triangle_logo-ajustado.jpg","contentUrl":"https:\/\/www.eltriangle.eu\/wp-content\/uploads\/2020\/11\/triangle_logo-ajustado.jpg","width":521,"height":92,"caption":"El Triangle"},"image":{"@id":"https:\/\/www.eltriangle.eu\/es\/#\/schema\/logo\/image\/"},"sameAs":["https:\/\/www.facebook.com\/El-Triangle-Diari-101787399020302","https:\/\/x.com\/El_Triangle","https:\/\/www.youtube.com\/channel\/UCTIjmYEMYSpdGonuAgNhbcg"]},{"@type":"Person","@id":"https:\/\/www.eltriangle.eu\/es\/#\/schema\/person\/df9cb61ef0b061092c35cf7a8636dfc6","name":"xavier","image":{"@type":"ImageObject","inLanguage":"es","@id":"\/\/www.gravatar.com\/avatar\/70cc50ebe4287089b363a6a3c8fa3e72?s=96&#038;r=g&#038;d=mm","url":"\/\/www.gravatar.com\/avatar\/70cc50ebe4287089b363a6a3c8fa3e72?s=96&#038;r=g&#038;d=mm","contentUrl":"\/\/www.gravatar.com\/avatar\/70cc50ebe4287089b363a6a3c8fa3e72?s=96&#038;r=g&#038;d=mm","caption":"xavier"},"url":"https:\/\/www.eltriangle.eu\/es\/author\/xavier\/"},{"@type":"SiteNavigationElement","@id":"https:\/\/www.eltriangle.eu\/es\/#site-navigation","cssSelector":[".cib-main-menu"]},{"@type":"WPHeader","@id":"https:\/\/www.eltriangle.eu\/es\/#header","cssSelector":[".cib-header"]},{"@type":"WPFooter","@id":"https:\/\/www.eltriangle.eu\/es\/#footer","cssSelector":[".cib-footer"]}]}},"amp_enabled":true,"_links":{"self":[{"href":"https:\/\/www.eltriangle.eu\/es\/wp-json\/wp\/v2\/posts\/209761","targetHints":{"allow":["GET"]}}],"collection":[{"href":"https:\/\/www.eltriangle.eu\/es\/wp-json\/wp\/v2\/posts"}],"about":[{"href":"https:\/\/www.eltriangle.eu\/es\/wp-json\/wp\/v2\/types\/post"}],"author":[{"embeddable":true,"href":"https:\/\/www.eltriangle.eu\/es\/wp-json\/wp\/v2\/users\/97"}],"replies":[{"embeddable":true,"href":"https:\/\/www.eltriangle.eu\/es\/wp-json\/wp\/v2\/comments?post=209761"}],"version-history":[{"count":0,"href":"https:\/\/www.eltriangle.eu\/es\/wp-json\/wp\/v2\/posts\/209761\/revisions"}],"wp:featuredmedia":[{"embeddable":true,"href":"https:\/\/www.eltriangle.eu\/es\/wp-json\/wp\/v2\/media\/206396"}],"wp:attachment":[{"href":"https:\/\/www.eltriangle.eu\/es\/wp-json\/wp\/v2\/media?parent=209761"}],"wp:term":[{"taxonomy":"category","embeddable":true,"href":"https:\/\/www.eltriangle.eu\/es\/wp-json\/wp\/v2\/categories?post=209761"},{"taxonomy":"post_tag","embeddable":true,"href":"https:\/\/www.eltriangle.eu\/es\/wp-json\/wp\/v2\/tags?post=209761"}],"curies":[{"name":"wp","href":"https:\/\/api.w.org\/{rel}","templated":true}]}}