{"id":206664,"date":"2023-07-19T09:45:07","date_gmt":"2023-07-19T07:45:07","guid":{"rendered":null},"modified":"2023-07-19T09:45:07","modified_gmt":"2023-07-19T07:45:07","slug":"noche-tropical-en-cataluna-e-incluso-torrida-en-ponent-las-terres-de-lebre-y-la-costa-central-sur","status":"publish","type":"post","link":"https:\/\/www.eltriangle.eu\/es\/2023\/07\/19\/noche-tropical-en-cataluna-e-incluso-torrida-en-ponent-las-terres-de-lebre-y-la-costa-central-sur\/","title":{"rendered":"Noche tropical en Catalu\u00f1a e incluso t\u00f3rrida en Ponent, las Terres de l&#8217;Ebre y la costa central-sur"},"content":{"rendered":"<p>El calor ha sido el gran protagonista de la noche y madrugada de este mi\u00e9rcoles en todo el territorio de Catalunya. Seg\u00fan el <strong>Servicio Meteorol\u00f3gico de Catalu\u00f1a<\/strong> (SMC), la noche ha sido tropical en muchos puntos, con valores por encima de los 20 grados, e incluso t\u00f3rrida en lugares donde el term\u00f3metro se ha situado por encima de los 25 grados. Las cifras m\u00e1s elevadas se han registrado en zonas de Ponent, como Vilanova de Mei\u00e0, en la comarca de la Noguera, y donde se han logrado los 26,5, o en T\u00e0rrega (26,4).<\/p>\n<p>La noche tambi\u00e9n ha sido especialmente dura en las Terres de l&#8217;Ebre, donde las estaciones de la Illa de Buda y la de Alcanar, han registrado 26,6 y 26,4 grados; y en la costa central y sur. En esta \u00e1rea son remarcables los 26,5 grados del centro de Barcelona o los 26,3 de Tarragona. Todo ello despu\u00e9s de la ola de calor que desde martes y hasta este mi\u00e9rcoles est\u00e1 afectando q toda Catalu\u00f1a.<\/p>\n<p>Durante la jornada de martes el pantano de Darnius Boadella y la localidad de Navata (ambos en el Alt Empord\u00e0) lograron la temperatura m\u00e1s alta en Catalu\u00f1a desde que hay datos oficiales, seg\u00fan el SMC. En concreto, en estos <strong>dos puntos del Alt Empord\u00e0 se han logrado los 45,1 grados<\/strong>, 1,3 puntos m\u00e1s que la cifra hasta ahora m\u00e1s alta, la grabada en Alcarr\u00e0s (Segri\u00e0) en 2019 con 43,8 grados.<\/p>\n<p>Con todo, seg\u00fan la <strong>Agencia Estatal de Meteorolog\u00eda<\/strong> (Aemet), se habr\u00eda producido al menos una cifra que superar\u00eda la de Darnius y Navata. A pesar de que se trata de un dato provisional, sit\u00faa el term\u00f3metro <strong>en Figueres, a las tres de la tarde, hasta los 45,2 grados<\/strong>. El calor, pero, se dej\u00f3 notar en la mayor parte de Catalu\u00f1a. Varios lugares superaron los registros que hasta ahora ten\u00eda el SMC.<\/p>\n<p>En Angl\u00e8s (Selva) llegaron a los 44,8, en Art\u00e9s (Bages) a los 44,4 y en Banyoles a los 44,2. Castellnou de Seana (Pla d&#8217;Urgell) cerraba la lista de municipios que llegaron a los 44 grados, con 44 exactos.<\/p>\n<p>La previsi\u00f3n meteorol\u00f3gica de cara en los pr\u00f3ximos d\u00edas indica, seg\u00fan el SMC, un desplazamiento hacia latitudes m\u00e1s bajas de la dorsal anticicl\u00f3nica. Esto, a\u00f1ade el ente, tiene que comportar la retirada de la masa de aire c\u00e1lida y seca, que ha facilitado este episodio de temperaturas elevadas.<\/p>\n<p>As\u00ed, el SMC afirma que la temperatura iniciar\u00e1 un descenso a partir de este mi\u00e9rcoles en gran parte del interior, a pesar de que todav\u00eda se podr\u00e1n superar los umbrales de calor intenso (de 39 a 40 grados) especialmente en las comarcas de Ponent.<\/p>\n","protected":false},"excerpt":{"rendered":"<p>El calor ha sido el gran protagonista de la noche y madrugada de este mi\u00e9rcoles en todo el territorio de Catalunya. Seg\u00fan el Servicio Meteorol\u00f3gico de Catalu\u00f1a (SMC), la noche ha sido tropical en muchos puntos, con valores por encima de los 20 grados, e incluso t\u00f3rrida en lugares donde el term\u00f3metro se ha situado &#8230; <a title=\"Noche tropical en Catalu\u00f1a e incluso t\u00f3rrida en Ponent, las Terres de l&#8217;Ebre y la costa central-sur\" class=\"read-more\" href=\"https:\/\/www.eltriangle.eu\/es\/2023\/07\/19\/noche-tropical-en-cataluna-e-incluso-torrida-en-ponent-las-terres-de-lebre-y-la-costa-central-sur\/\" aria-label=\"Leer m\u00e1s sobre Noche tropical en Catalu\u00f1a e incluso t\u00f3rrida en Ponent, las Terres de l&#8217;Ebre y la costa central-sur\">Leer m\u00e1s<\/a><\/p>\n","protected":false},"author":190,"featured_media":206659,"comment_status":"open","ping_status":"closed","sticky":false,"template":"","format":"standard","meta":{"_acf_changed":false,"pmpro_default_level":"","footnotes":""},"categories":[24,76,94],"tags":[3482,1011,3481],"class_list":["post-206664","post","type-post","status-publish","format-standard","has-post-thumbnail","hentry","category-actualidad","category-en-la-calle","category-medio-ambiente","tag-agencia-estatal-de-meteorologia-es","tag-ola-de-calor","tag-servicio-meteorologico-de-cataluna","lh_instant_articles-syndicate-yes","pmpro-has-access"],"acf":[],"yoast_head":"<!-- This site is optimized with the Yoast SEO plugin v27.4 - https:\/\/yoast.com\/product\/yoast-seo-wordpress\/ -->\n<title>Noche tropical en Catalu\u00f1a e incluso t\u00f3rrida en Ponent, las Terres de l&#039;Ebre y la costa central-sur - El Triangle<\/title>\n<meta name=\"description\" content=\"El calor ha sido el gran protagonista de la noche y madrugada de este mi\u00e9rcoles en todo el territorio de Catalunya. Seg\u00fan el Servicio Meteorol\u00f3gico de\" class=\"yoast-seo-meta-tag\" \/>\n<meta name=\"robots\" content=\"index, follow, max-snippet:-1, max-image-preview:large, max-video-preview:-1\" \/>\n<link rel=\"canonical\" href=\"https:\/\/www.eltriangle.eu\/es\/2023\/07\/19\/noche-tropical-en-cataluna-e-incluso-torrida-en-ponent-las-terres-de-lebre-y-la-costa-central-sur\/\" class=\"yoast-seo-meta-tag\" \/>\n<meta property=\"og:locale\" content=\"es_ES\" class=\"yoast-seo-meta-tag\" \/>\n<meta property=\"og:type\" content=\"article\" class=\"yoast-seo-meta-tag\" \/>\n<meta property=\"og:title\" content=\"Noche tropical en Catalu\u00f1a e incluso t\u00f3rrida en Ponent, las Terres de l&#039;Ebre y la costa central-sur - El Triangle\" class=\"yoast-seo-meta-tag\" \/>\n<meta property=\"og:description\" content=\"El calor ha sido el gran protagonista de la noche y madrugada de este mi\u00e9rcoles en todo el territorio de Catalunya. Seg\u00fan el Servicio Meteorol\u00f3gico de\" class=\"yoast-seo-meta-tag\" \/>\n<meta property=\"og:url\" content=\"https:\/\/www.eltriangle.eu\/es\/2023\/07\/19\/noche-tropical-en-cataluna-e-incluso-torrida-en-ponent-las-terres-de-lebre-y-la-costa-central-sur\/\" class=\"yoast-seo-meta-tag\" \/>\n<meta property=\"og:site_name\" content=\"El Triangle\" class=\"yoast-seo-meta-tag\" \/>\n<meta property=\"article:publisher\" content=\"https:\/\/www.facebook.com\/El-Triangle-Diari-101787399020302\" class=\"yoast-seo-meta-tag\" \/>\n<meta property=\"article:published_time\" content=\"2023-07-19T07:45:07+00:00\" class=\"yoast-seo-meta-tag\" \/>\n<meta property=\"og:image\" content=\"https:\/\/www.eltriangle.eu\/wp-content\/uploads\/2023\/07\/onada-de-calor.jpg\" class=\"yoast-seo-meta-tag\" \/>\n\t<meta property=\"og:image:width\" content=\"1200\" class=\"yoast-seo-meta-tag\" \/>\n\t<meta property=\"og:image:height\" content=\"800\" class=\"yoast-seo-meta-tag\" \/>\n\t<meta property=\"og:image:type\" content=\"image\/jpeg\" class=\"yoast-seo-meta-tag\" \/>\n<meta name=\"author\" content=\"Redacci\u00f3 \/ Ag\u00e8ncies\" class=\"yoast-seo-meta-tag\" \/>\n<meta name=\"twitter:card\" content=\"summary_large_image\" class=\"yoast-seo-meta-tag\" \/>\n<meta name=\"twitter:creator\" content=\"@El_Triangle\" class=\"yoast-seo-meta-tag\" \/>\n<meta name=\"twitter:site\" content=\"@El_Triangle\" class=\"yoast-seo-meta-tag\" \/>\n<meta name=\"twitter:label1\" content=\"Escrito por\" class=\"yoast-seo-meta-tag\" \/>\n\t<meta name=\"twitter:data1\" content=\"Redacci\u00f3 \/ Ag\u00e8ncies\" class=\"yoast-seo-meta-tag\" \/>\n\t<meta name=\"twitter:label2\" content=\"Tiempo de lectura\" class=\"yoast-seo-meta-tag\" \/>\n\t<meta name=\"twitter:data2\" content=\"2 minutos\" class=\"yoast-seo-meta-tag\" \/>\n<script type=\"application\/ld+json\" class=\"yoast-schema-graph\">{\"@context\":\"https:\\\/\\\/schema.org\",\"@graph\":[{\"@type\":\"NewsArticle\",\"@id\":\"https:\\\/\\\/www.eltriangle.eu\\\/es\\\/2023\\\/07\\\/19\\\/noche-tropical-en-cataluna-e-incluso-torrida-en-ponent-las-terres-de-lebre-y-la-costa-central-sur\\\/#article\",\"isPartOf\":{\"@id\":\"https:\\\/\\\/www.eltriangle.eu\\\/es\\\/2023\\\/07\\\/19\\\/noche-tropical-en-cataluna-e-incluso-torrida-en-ponent-las-terres-de-lebre-y-la-costa-central-sur\\\/\"},\"author\":{\"name\":\"Redacci\u00f3 \\\/ Ag\u00e8ncies\",\"@id\":\"https:\\\/\\\/www.eltriangle.eu\\\/es\\\/#\\\/schema\\\/person\\\/64856baeb85b6977ea0d14f347aa650f\"},\"headline\":\"Noche tropical en Catalu\u00f1a e incluso t\u00f3rrida en Ponent, las Terres de l&#8217;Ebre y la costa central-sur\",\"datePublished\":\"2023-07-19T07:45:07+00:00\",\"mainEntityOfPage\":{\"@id\":\"https:\\\/\\\/www.eltriangle.eu\\\/es\\\/2023\\\/07\\\/19\\\/noche-tropical-en-cataluna-e-incluso-torrida-en-ponent-las-terres-de-lebre-y-la-costa-central-sur\\\/\"},\"wordCount\":480,\"commentCount\":0,\"publisher\":{\"@id\":\"https:\\\/\\\/www.eltriangle.eu\\\/es\\\/#organization\"},\"image\":{\"@id\":\"https:\\\/\\\/www.eltriangle.eu\\\/es\\\/2023\\\/07\\\/19\\\/noche-tropical-en-cataluna-e-incluso-torrida-en-ponent-las-terres-de-lebre-y-la-costa-central-sur\\\/#primaryimage\"},\"thumbnailUrl\":\"https:\\\/\\\/www.eltriangle.eu\\\/wp-content\\\/uploads\\\/2023\\\/07\\\/onada-de-calor.jpg\",\"keywords\":[\"Agencia Estatal de Meteorolog\u00eda\",\"ola de calor\",\"Servicio Meteorol\u00f3gico de Catalu\u00f1a\"],\"articleSection\":[\"Actualidad\",\"En la calle\",\"Medio ambiente\"],\"inLanguage\":\"es\",\"potentialAction\":[{\"@type\":\"CommentAction\",\"name\":\"Comment\",\"target\":[\"https:\\\/\\\/www.eltriangle.eu\\\/es\\\/2023\\\/07\\\/19\\\/noche-tropical-en-cataluna-e-incluso-torrida-en-ponent-las-terres-de-lebre-y-la-costa-central-sur\\\/#respond\"]}]},{\"@type\":\"WebPage\",\"@id\":\"https:\\\/\\\/www.eltriangle.eu\\\/es\\\/2023\\\/07\\\/19\\\/noche-tropical-en-cataluna-e-incluso-torrida-en-ponent-las-terres-de-lebre-y-la-costa-central-sur\\\/\",\"url\":\"https:\\\/\\\/www.eltriangle.eu\\\/es\\\/2023\\\/07\\\/19\\\/noche-tropical-en-cataluna-e-incluso-torrida-en-ponent-las-terres-de-lebre-y-la-costa-central-sur\\\/\",\"name\":\"Noche tropical en Catalu\u00f1a e incluso t\u00f3rrida en Ponent, las Terres de l'Ebre y la costa central-sur - El Triangle\",\"isPartOf\":{\"@id\":\"https:\\\/\\\/www.eltriangle.eu\\\/es\\\/#website\"},\"primaryImageOfPage\":{\"@id\":\"https:\\\/\\\/www.eltriangle.eu\\\/es\\\/2023\\\/07\\\/19\\\/noche-tropical-en-cataluna-e-incluso-torrida-en-ponent-las-terres-de-lebre-y-la-costa-central-sur\\\/#primaryimage\"},\"image\":{\"@id\":\"https:\\\/\\\/www.eltriangle.eu\\\/es\\\/2023\\\/07\\\/19\\\/noche-tropical-en-cataluna-e-incluso-torrida-en-ponent-las-terres-de-lebre-y-la-costa-central-sur\\\/#primaryimage\"},\"thumbnailUrl\":\"https:\\\/\\\/www.eltriangle.eu\\\/wp-content\\\/uploads\\\/2023\\\/07\\\/onada-de-calor.jpg\",\"datePublished\":\"2023-07-19T07:45:07+00:00\",\"description\":\"El calor ha sido el gran protagonista de la noche y madrugada de este mi\u00e9rcoles en todo el territorio de Catalunya. Seg\u00fan el Servicio Meteorol\u00f3gico de\",\"breadcrumb\":{\"@id\":\"https:\\\/\\\/www.eltriangle.eu\\\/es\\\/2023\\\/07\\\/19\\\/noche-tropical-en-cataluna-e-incluso-torrida-en-ponent-las-terres-de-lebre-y-la-costa-central-sur\\\/#breadcrumb\"},\"inLanguage\":\"es\",\"potentialAction\":[{\"@type\":\"ReadAction\",\"target\":[\"https:\\\/\\\/www.eltriangle.eu\\\/es\\\/2023\\\/07\\\/19\\\/noche-tropical-en-cataluna-e-incluso-torrida-en-ponent-las-terres-de-lebre-y-la-costa-central-sur\\\/\"]}]},{\"@type\":\"ImageObject\",\"inLanguage\":\"es\",\"@id\":\"https:\\\/\\\/www.eltriangle.eu\\\/es\\\/2023\\\/07\\\/19\\\/noche-tropical-en-cataluna-e-incluso-torrida-en-ponent-las-terres-de-lebre-y-la-costa-central-sur\\\/#primaryimage\",\"url\":\"https:\\\/\\\/www.eltriangle.eu\\\/wp-content\\\/uploads\\\/2023\\\/07\\\/onada-de-calor.jpg\",\"contentUrl\":\"https:\\\/\\\/www.eltriangle.eu\\\/wp-content\\\/uploads\\\/2023\\\/07\\\/onada-de-calor.jpg\",\"width\":1200,\"height\":800},{\"@type\":\"BreadcrumbList\",\"@id\":\"https:\\\/\\\/www.eltriangle.eu\\\/es\\\/2023\\\/07\\\/19\\\/noche-tropical-en-cataluna-e-incluso-torrida-en-ponent-las-terres-de-lebre-y-la-costa-central-sur\\\/#breadcrumb\",\"itemListElement\":[{\"@type\":\"ListItem\",\"position\":1,\"name\":\"Portada\",\"item\":\"https:\\\/\\\/www.eltriangle.eu\\\/es\\\/\"},{\"@type\":\"ListItem\",\"position\":2,\"name\":\"Noche tropical en Catalu\u00f1a e incluso t\u00f3rrida en Ponent, las Terres de l&#8217;Ebre y la costa central-sur\"}]},{\"@type\":\"WebSite\",\"@id\":\"https:\\\/\\\/www.eltriangle.eu\\\/es\\\/#website\",\"url\":\"https:\\\/\\\/www.eltriangle.eu\\\/es\\\/\",\"name\":\"El Triangle\",\"description\":\"El Triangle \u00e9s un Diari d&#039;informaci\u00f3 general, editat a Catalunya i escrit en llengua catalana, especialitzat en investigaci\u00f3 period\u00edstica\",\"publisher\":{\"@id\":\"https:\\\/\\\/www.eltriangle.eu\\\/es\\\/#organization\"},\"potentialAction\":[{\"@type\":\"SearchAction\",\"target\":{\"@type\":\"EntryPoint\",\"urlTemplate\":\"https:\\\/\\\/www.eltriangle.eu\\\/es\\\/?s={search_term_string}\"},\"query-input\":{\"@type\":\"PropertyValueSpecification\",\"valueRequired\":true,\"valueName\":\"search_term_string\"}}],\"inLanguage\":\"es\"},{\"@type\":[\"Organization\",\"NewsMediaOrganization\"],\"@id\":\"https:\\\/\\\/www.eltriangle.eu\\\/es\\\/#organization\",\"name\":\"El Triangle\",\"url\":\"https:\\\/\\\/www.eltriangle.eu\\\/es\\\/\",\"logo\":{\"@type\":\"ImageObject\",\"inLanguage\":\"es\",\"@id\":\"https:\\\/\\\/www.eltriangle.eu\\\/es\\\/#\\\/schema\\\/logo\\\/image\\\/\",\"url\":\"https:\\\/\\\/www.eltriangle.eu\\\/wp-content\\\/uploads\\\/2020\\\/11\\\/triangle_logo-ajustado.jpg\",\"contentUrl\":\"https:\\\/\\\/www.eltriangle.eu\\\/wp-content\\\/uploads\\\/2020\\\/11\\\/triangle_logo-ajustado.jpg\",\"width\":521,\"height\":92,\"caption\":\"El Triangle\"},\"image\":{\"@id\":\"https:\\\/\\\/www.eltriangle.eu\\\/es\\\/#\\\/schema\\\/logo\\\/image\\\/\"},\"sameAs\":[\"https:\\\/\\\/www.facebook.com\\\/El-Triangle-Diari-101787399020302\",\"https:\\\/\\\/x.com\\\/El_Triangle\",\"https:\\\/\\\/www.youtube.com\\\/channel\\\/UCTIjmYEMYSpdGonuAgNhbcg\"]},{\"@type\":\"Person\",\"@id\":\"https:\\\/\\\/www.eltriangle.eu\\\/es\\\/#\\\/schema\\\/person\\\/64856baeb85b6977ea0d14f347aa650f\",\"name\":\"Redacci\u00f3 \\\/ Ag\u00e8ncies\",\"image\":{\"@type\":\"ImageObject\",\"inLanguage\":\"es\",\"@id\":\"\\\/\\\/www.gravatar.com\\\/avatar\\\/351b28574babbd1ad908587a8fb19654?s=96&#038;r=g&#038;d=mm\",\"url\":\"\\\/\\\/www.gravatar.com\\\/avatar\\\/351b28574babbd1ad908587a8fb19654?s=96&#038;r=g&#038;d=mm\",\"contentUrl\":\"\\\/\\\/www.gravatar.com\\\/avatar\\\/351b28574babbd1ad908587a8fb19654?s=96&#038;r=g&#038;d=mm\",\"caption\":\"Redacci\u00f3 \\\/ Ag\u00e8ncies\"},\"url\":\"https:\\\/\\\/www.eltriangle.eu\\\/es\\\/author\\\/redaccioagencies\\\/\"},{\"@type\":\"SiteNavigationElement\",\"@id\":\"https:\\\/\\\/www.eltriangle.eu\\\/es\\\/#site-navigation\",\"cssSelector\":[\".cib-main-menu\"]},{\"@type\":\"WPHeader\",\"@id\":\"https:\\\/\\\/www.eltriangle.eu\\\/es\\\/#header\",\"cssSelector\":[\".cib-header\"]},{\"@type\":\"WPFooter\",\"@id\":\"https:\\\/\\\/www.eltriangle.eu\\\/es\\\/#footer\",\"cssSelector\":[\".cib-footer\"]}]}<\/script>\n<!-- \/ Yoast SEO plugin. -->","yoast_head_json":{"title":"Noche tropical en Catalu\u00f1a e incluso t\u00f3rrida en Ponent, las Terres de l'Ebre y la costa central-sur - El Triangle","description":"El calor ha sido el gran protagonista de la noche y madrugada de este mi\u00e9rcoles en todo el territorio de Catalunya. Seg\u00fan el Servicio Meteorol\u00f3gico de","robots":{"index":"index","follow":"follow","max-snippet":"max-snippet:-1","max-image-preview":"max-image-preview:large","max-video-preview":"max-video-preview:-1"},"canonical":"https:\/\/www.eltriangle.eu\/es\/2023\/07\/19\/noche-tropical-en-cataluna-e-incluso-torrida-en-ponent-las-terres-de-lebre-y-la-costa-central-sur\/","og_locale":"es_ES","og_type":"article","og_title":"Noche tropical en Catalu\u00f1a e incluso t\u00f3rrida en Ponent, las Terres de l'Ebre y la costa central-sur - El Triangle","og_description":"El calor ha sido el gran protagonista de la noche y madrugada de este mi\u00e9rcoles en todo el territorio de Catalunya. Seg\u00fan el Servicio Meteorol\u00f3gico de","og_url":"https:\/\/www.eltriangle.eu\/es\/2023\/07\/19\/noche-tropical-en-cataluna-e-incluso-torrida-en-ponent-las-terres-de-lebre-y-la-costa-central-sur\/","og_site_name":"El Triangle","article_publisher":"https:\/\/www.facebook.com\/El-Triangle-Diari-101787399020302","article_published_time":"2023-07-19T07:45:07+00:00","og_image":[{"width":1200,"height":800,"url":"https:\/\/www.eltriangle.eu\/wp-content\/uploads\/2023\/07\/onada-de-calor.jpg","type":"image\/jpeg"}],"author":"Redacci\u00f3 \/ Ag\u00e8ncies","twitter_card":"summary_large_image","twitter_creator":"@El_Triangle","twitter_site":"@El_Triangle","twitter_misc":{"Escrito por":"Redacci\u00f3 \/ Ag\u00e8ncies","Tiempo de lectura":"2 minutos"},"schema":{"@context":"https:\/\/schema.org","@graph":[{"@type":"NewsArticle","@id":"https:\/\/www.eltriangle.eu\/es\/2023\/07\/19\/noche-tropical-en-cataluna-e-incluso-torrida-en-ponent-las-terres-de-lebre-y-la-costa-central-sur\/#article","isPartOf":{"@id":"https:\/\/www.eltriangle.eu\/es\/2023\/07\/19\/noche-tropical-en-cataluna-e-incluso-torrida-en-ponent-las-terres-de-lebre-y-la-costa-central-sur\/"},"author":{"name":"Redacci\u00f3 \/ Ag\u00e8ncies","@id":"https:\/\/www.eltriangle.eu\/es\/#\/schema\/person\/64856baeb85b6977ea0d14f347aa650f"},"headline":"Noche tropical en Catalu\u00f1a e incluso t\u00f3rrida en Ponent, las Terres de l&#8217;Ebre y la costa central-sur","datePublished":"2023-07-19T07:45:07+00:00","mainEntityOfPage":{"@id":"https:\/\/www.eltriangle.eu\/es\/2023\/07\/19\/noche-tropical-en-cataluna-e-incluso-torrida-en-ponent-las-terres-de-lebre-y-la-costa-central-sur\/"},"wordCount":480,"commentCount":0,"publisher":{"@id":"https:\/\/www.eltriangle.eu\/es\/#organization"},"image":{"@id":"https:\/\/www.eltriangle.eu\/es\/2023\/07\/19\/noche-tropical-en-cataluna-e-incluso-torrida-en-ponent-las-terres-de-lebre-y-la-costa-central-sur\/#primaryimage"},"thumbnailUrl":"https:\/\/www.eltriangle.eu\/wp-content\/uploads\/2023\/07\/onada-de-calor.jpg","keywords":["Agencia Estatal de Meteorolog\u00eda","ola de calor","Servicio Meteorol\u00f3gico de Catalu\u00f1a"],"articleSection":["Actualidad","En la calle","Medio ambiente"],"inLanguage":"es","potentialAction":[{"@type":"CommentAction","name":"Comment","target":["https:\/\/www.eltriangle.eu\/es\/2023\/07\/19\/noche-tropical-en-cataluna-e-incluso-torrida-en-ponent-las-terres-de-lebre-y-la-costa-central-sur\/#respond"]}]},{"@type":"WebPage","@id":"https:\/\/www.eltriangle.eu\/es\/2023\/07\/19\/noche-tropical-en-cataluna-e-incluso-torrida-en-ponent-las-terres-de-lebre-y-la-costa-central-sur\/","url":"https:\/\/www.eltriangle.eu\/es\/2023\/07\/19\/noche-tropical-en-cataluna-e-incluso-torrida-en-ponent-las-terres-de-lebre-y-la-costa-central-sur\/","name":"Noche tropical en Catalu\u00f1a e incluso t\u00f3rrida en Ponent, las Terres de l'Ebre y la costa central-sur - El Triangle","isPartOf":{"@id":"https:\/\/www.eltriangle.eu\/es\/#website"},"primaryImageOfPage":{"@id":"https:\/\/www.eltriangle.eu\/es\/2023\/07\/19\/noche-tropical-en-cataluna-e-incluso-torrida-en-ponent-las-terres-de-lebre-y-la-costa-central-sur\/#primaryimage"},"image":{"@id":"https:\/\/www.eltriangle.eu\/es\/2023\/07\/19\/noche-tropical-en-cataluna-e-incluso-torrida-en-ponent-las-terres-de-lebre-y-la-costa-central-sur\/#primaryimage"},"thumbnailUrl":"https:\/\/www.eltriangle.eu\/wp-content\/uploads\/2023\/07\/onada-de-calor.jpg","datePublished":"2023-07-19T07:45:07+00:00","description":"El calor ha sido el gran protagonista de la noche y madrugada de este mi\u00e9rcoles en todo el territorio de Catalunya. Seg\u00fan el Servicio Meteorol\u00f3gico de","breadcrumb":{"@id":"https:\/\/www.eltriangle.eu\/es\/2023\/07\/19\/noche-tropical-en-cataluna-e-incluso-torrida-en-ponent-las-terres-de-lebre-y-la-costa-central-sur\/#breadcrumb"},"inLanguage":"es","potentialAction":[{"@type":"ReadAction","target":["https:\/\/www.eltriangle.eu\/es\/2023\/07\/19\/noche-tropical-en-cataluna-e-incluso-torrida-en-ponent-las-terres-de-lebre-y-la-costa-central-sur\/"]}]},{"@type":"ImageObject","inLanguage":"es","@id":"https:\/\/www.eltriangle.eu\/es\/2023\/07\/19\/noche-tropical-en-cataluna-e-incluso-torrida-en-ponent-las-terres-de-lebre-y-la-costa-central-sur\/#primaryimage","url":"https:\/\/www.eltriangle.eu\/wp-content\/uploads\/2023\/07\/onada-de-calor.jpg","contentUrl":"https:\/\/www.eltriangle.eu\/wp-content\/uploads\/2023\/07\/onada-de-calor.jpg","width":1200,"height":800},{"@type":"BreadcrumbList","@id":"https:\/\/www.eltriangle.eu\/es\/2023\/07\/19\/noche-tropical-en-cataluna-e-incluso-torrida-en-ponent-las-terres-de-lebre-y-la-costa-central-sur\/#breadcrumb","itemListElement":[{"@type":"ListItem","position":1,"name":"Portada","item":"https:\/\/www.eltriangle.eu\/es\/"},{"@type":"ListItem","position":2,"name":"Noche tropical en Catalu\u00f1a e incluso t\u00f3rrida en Ponent, las Terres de l&#8217;Ebre y la costa central-sur"}]},{"@type":"WebSite","@id":"https:\/\/www.eltriangle.eu\/es\/#website","url":"https:\/\/www.eltriangle.eu\/es\/","name":"El Triangle","description":"El Triangle \u00e9s un Diari d&#039;informaci\u00f3 general, editat a Catalunya i escrit en llengua catalana, especialitzat en investigaci\u00f3 period\u00edstica","publisher":{"@id":"https:\/\/www.eltriangle.eu\/es\/#organization"},"potentialAction":[{"@type":"SearchAction","target":{"@type":"EntryPoint","urlTemplate":"https:\/\/www.eltriangle.eu\/es\/?s={search_term_string}"},"query-input":{"@type":"PropertyValueSpecification","valueRequired":true,"valueName":"search_term_string"}}],"inLanguage":"es"},{"@type":["Organization","NewsMediaOrganization"],"@id":"https:\/\/www.eltriangle.eu\/es\/#organization","name":"El Triangle","url":"https:\/\/www.eltriangle.eu\/es\/","logo":{"@type":"ImageObject","inLanguage":"es","@id":"https:\/\/www.eltriangle.eu\/es\/#\/schema\/logo\/image\/","url":"https:\/\/www.eltriangle.eu\/wp-content\/uploads\/2020\/11\/triangle_logo-ajustado.jpg","contentUrl":"https:\/\/www.eltriangle.eu\/wp-content\/uploads\/2020\/11\/triangle_logo-ajustado.jpg","width":521,"height":92,"caption":"El Triangle"},"image":{"@id":"https:\/\/www.eltriangle.eu\/es\/#\/schema\/logo\/image\/"},"sameAs":["https:\/\/www.facebook.com\/El-Triangle-Diari-101787399020302","https:\/\/x.com\/El_Triangle","https:\/\/www.youtube.com\/channel\/UCTIjmYEMYSpdGonuAgNhbcg"]},{"@type":"Person","@id":"https:\/\/www.eltriangle.eu\/es\/#\/schema\/person\/64856baeb85b6977ea0d14f347aa650f","name":"Redacci\u00f3 \/ Ag\u00e8ncies","image":{"@type":"ImageObject","inLanguage":"es","@id":"\/\/www.gravatar.com\/avatar\/351b28574babbd1ad908587a8fb19654?s=96&#038;r=g&#038;d=mm","url":"\/\/www.gravatar.com\/avatar\/351b28574babbd1ad908587a8fb19654?s=96&#038;r=g&#038;d=mm","contentUrl":"\/\/www.gravatar.com\/avatar\/351b28574babbd1ad908587a8fb19654?s=96&#038;r=g&#038;d=mm","caption":"Redacci\u00f3 \/ Ag\u00e8ncies"},"url":"https:\/\/www.eltriangle.eu\/es\/author\/redaccioagencies\/"},{"@type":"SiteNavigationElement","@id":"https:\/\/www.eltriangle.eu\/es\/#site-navigation","cssSelector":[".cib-main-menu"]},{"@type":"WPHeader","@id":"https:\/\/www.eltriangle.eu\/es\/#header","cssSelector":[".cib-header"]},{"@type":"WPFooter","@id":"https:\/\/www.eltriangle.eu\/es\/#footer","cssSelector":[".cib-footer"]}]}},"amp_enabled":true,"_links":{"self":[{"href":"https:\/\/www.eltriangle.eu\/es\/wp-json\/wp\/v2\/posts\/206664","targetHints":{"allow":["GET"]}}],"collection":[{"href":"https:\/\/www.eltriangle.eu\/es\/wp-json\/wp\/v2\/posts"}],"about":[{"href":"https:\/\/www.eltriangle.eu\/es\/wp-json\/wp\/v2\/types\/post"}],"author":[{"embeddable":true,"href":"https:\/\/www.eltriangle.eu\/es\/wp-json\/wp\/v2\/users\/190"}],"replies":[{"embeddable":true,"href":"https:\/\/www.eltriangle.eu\/es\/wp-json\/wp\/v2\/comments?post=206664"}],"version-history":[{"count":0,"href":"https:\/\/www.eltriangle.eu\/es\/wp-json\/wp\/v2\/posts\/206664\/revisions"}],"wp:featuredmedia":[{"embeddable":true,"href":"https:\/\/www.eltriangle.eu\/es\/wp-json\/wp\/v2\/media\/206659"}],"wp:attachment":[{"href":"https:\/\/www.eltriangle.eu\/es\/wp-json\/wp\/v2\/media?parent=206664"}],"wp:term":[{"taxonomy":"category","embeddable":true,"href":"https:\/\/www.eltriangle.eu\/es\/wp-json\/wp\/v2\/categories?post=206664"},{"taxonomy":"post_tag","embeddable":true,"href":"https:\/\/www.eltriangle.eu\/es\/wp-json\/wp\/v2\/tags?post=206664"}],"curies":[{"name":"wp","href":"https:\/\/api.w.org\/{rel}","templated":true}]}}