{"id":206575,"date":"2023-07-18T19:55:36","date_gmt":"2023-07-18T17:55:36","guid":{"rendered":null},"modified":"2023-07-18T20:10:53","modified_gmt":"2023-07-18T18:10:53","slug":"record-de-temperatura-en-cataluna-darnius-y-navata-llegan-a-los-451-grados","status":"publish","type":"post","link":"https:\/\/www.eltriangle.eu\/es\/2023\/07\/18\/record-de-temperatura-en-cataluna-darnius-y-navata-llegan-a-los-451-grados\/","title":{"rendered":"R\u00e9cord de temperatura en Catalu\u00f1a: Darnius y Navata llegan a los 45,1 grados"},"content":{"rendered":"<p>El pantano de Darnius Boadella y la localidad de Navata (ambos en la comarca Alt Empord\u00e0) han registrado este martes <strong>la temperatura m\u00e1s alta en Catalu\u00f1a<\/strong> desde que hay datos oficiales. En concreto, en estos dos puntos del Alt Empord\u00e0 se han alcanzado los <strong>45,1 grados<\/strong>, 1,3 puntos m\u00e1s que la cifra hasta ahora m\u00e1s alta, la registrada en Alcarr\u00e0s (Segri\u00e0) en 2019, con 43,8 grados. El bochorno, sin embargo, se ha dejado notar y no solo Darnius ha superado el r\u00e9cord que hab\u00eda hasta ahora: en Angl\u00e8s (Selva) han llegado a los 44,8, en Art\u00e9s (Bages) a los 44,4 y en Banyoles a los 44,2. Castellnou de Seana (Pla d&#8217;Urgell) cerraba a las cinco de la tarde la lista de municipios que hoy han llegado a los 44 grados.<\/p>\n<p>Hay dos municipios que no han llegado a los 44 grados por d\u00e9cimas, que son la Bisbal d&#8217;Empord\u00e0 -donde el term\u00f3metro ha subido hasta los 43,8- y \u00d2dena (Anoia) con 43,7. En Santa Coloma de Farners se ha llegado hasta los 43,6 y en T\u00e0rrega a los 43,5. En paralelo, el <strong>Servicio Meteorol\u00f3gico de Catalu\u00f1a (SMC)<\/strong> ha indicado que 31 estaciones del total de 115 de la Red de Estaciones Autom\u00e1ticas que gestiona con m\u00e1s de 20 a\u00f1os de datos han registrado hoy su r\u00e9cord absoluto.<\/p>\n<p>Adem\u00e1s de las ya mencionadas, entre las 31 estaciones tambi\u00e9n est\u00e1n la de Alfarr\u00e0s (Segri\u00e0) con 43 grados, la de Torroella de Fluvi\u00e0 (Alt Empord\u00e0) con 43 grados, la de Vilanova del Vall\u00e8s (Vall\u00e8s Oriental) con 42,8 grados, la de Golm\u00e9s (Pla d&#8217;Urgell) con 42,7 grados, la de Espolla (Alt Empord\u00e0) con 42,4, la de Sant Mart\u00ed de Riucorb (Urgell) con 42,3, la de los Hostalets de Pierola (Anoia) con 42,2, la del Canoso (Segarra) con 42,1 o la de Albesa (Noguera) con 42 grados.<\/p>\n","protected":false},"excerpt":{"rendered":"<p>El pantano de Darnius Boadella y la localidad de Navata (ambos en la comarca Alt Empord\u00e0) han registrado este martes la temperatura m\u00e1s alta en Catalu\u00f1a desde que hay datos oficiales. En concreto, en estos dos puntos del Alt Empord\u00e0 se han alcanzado los 45,1 grados, 1,3 puntos m\u00e1s que la cifra hasta ahora m\u00e1s &#8230; <a title=\"R\u00e9cord de temperatura en Catalu\u00f1a: Darnius y Navata llegan a los 45,1 grados\" class=\"read-more\" href=\"https:\/\/www.eltriangle.eu\/es\/2023\/07\/18\/record-de-temperatura-en-cataluna-darnius-y-navata-llegan-a-los-451-grados\/\" aria-label=\"Leer m\u00e1s sobre R\u00e9cord de temperatura en Catalu\u00f1a: Darnius y Navata llegan a los 45,1 grados\">Leer m\u00e1s<\/a><\/p>\n","protected":false},"author":179,"featured_media":206572,"comment_status":"open","ping_status":"closed","sticky":false,"template":"","format":"standard","meta":{"_acf_changed":false,"pmpro_default_level":"","footnotes":""},"categories":[24,76,94],"tags":[1990,1011],"class_list":["post-206575","post","type-post","status-publish","format-standard","has-post-thumbnail","hentry","category-actualidad","category-en-la-calle","category-medio-ambiente","tag-meteocat-es","tag-ola-de-calor","lh_instant_articles-syndicate-yes","pmpro-has-access"],"acf":[],"yoast_head":"<!-- This site is optimized with the Yoast SEO plugin v27.4 - https:\/\/yoast.com\/product\/yoast-seo-wordpress\/ -->\n<title>R\u00e9cord de temperatura en Catalu\u00f1a: Darnius y Navata llegan a los 45,1 grados - El Triangle<\/title>\n<meta name=\"description\" content=\"El pantano de Darnius Boadella y la localidad de Navata (ambos en la comarca Alt Empord\u00e0) han registrado este martes la temperatura m\u00e1s alta en Catalu\u00f1a\" class=\"yoast-seo-meta-tag\" \/>\n<meta name=\"robots\" content=\"index, follow, max-snippet:-1, max-image-preview:large, max-video-preview:-1\" \/>\n<link rel=\"canonical\" href=\"https:\/\/www.eltriangle.eu\/es\/2023\/07\/18\/record-de-temperatura-en-cataluna-darnius-y-navata-llegan-a-los-451-grados\/\" class=\"yoast-seo-meta-tag\" \/>\n<meta property=\"og:locale\" content=\"es_ES\" class=\"yoast-seo-meta-tag\" \/>\n<meta property=\"og:type\" content=\"article\" class=\"yoast-seo-meta-tag\" \/>\n<meta property=\"og:title\" content=\"R\u00e9cord de temperatura en Catalu\u00f1a: Darnius y Navata llegan a los 45,1 grados - El Triangle\" class=\"yoast-seo-meta-tag\" \/>\n<meta property=\"og:description\" content=\"El pantano de Darnius Boadella y la localidad de Navata (ambos en la comarca Alt Empord\u00e0) han registrado este martes la temperatura m\u00e1s alta en Catalu\u00f1a\" class=\"yoast-seo-meta-tag\" \/>\n<meta property=\"og:url\" content=\"https:\/\/www.eltriangle.eu\/es\/2023\/07\/18\/record-de-temperatura-en-cataluna-darnius-y-navata-llegan-a-los-451-grados\/\" class=\"yoast-seo-meta-tag\" \/>\n<meta property=\"og:site_name\" content=\"El Triangle\" class=\"yoast-seo-meta-tag\" \/>\n<meta property=\"article:publisher\" content=\"https:\/\/www.facebook.com\/El-Triangle-Diari-101787399020302\" class=\"yoast-seo-meta-tag\" \/>\n<meta property=\"article:published_time\" content=\"2023-07-18T17:55:36+00:00\" class=\"yoast-seo-meta-tag\" \/>\n<meta property=\"article:modified_time\" content=\"2023-07-18T18:10:53+00:00\" class=\"yoast-seo-meta-tag\" \/>\n<meta property=\"og:image\" content=\"https:\/\/www.eltriangle.eu\/wp-content\/uploads\/2023\/07\/1c3165c6-1007-43eb-970f-7679678b258f-e1689695683762.jpg\" class=\"yoast-seo-meta-tag\" \/>\n\t<meta property=\"og:image:width\" content=\"1200\" class=\"yoast-seo-meta-tag\" \/>\n\t<meta property=\"og:image:height\" content=\"800\" class=\"yoast-seo-meta-tag\" \/>\n\t<meta property=\"og:image:type\" content=\"image\/jpeg\" class=\"yoast-seo-meta-tag\" \/>\n<meta name=\"author\" content=\"Redacci\u00f3 \/ ACN\" class=\"yoast-seo-meta-tag\" \/>\n<meta name=\"twitter:card\" content=\"summary_large_image\" class=\"yoast-seo-meta-tag\" \/>\n<meta name=\"twitter:creator\" content=\"@El_Triangle\" class=\"yoast-seo-meta-tag\" \/>\n<meta name=\"twitter:site\" content=\"@El_Triangle\" class=\"yoast-seo-meta-tag\" \/>\n<meta name=\"twitter:label1\" content=\"Escrito por\" class=\"yoast-seo-meta-tag\" \/>\n\t<meta name=\"twitter:data1\" content=\"Redacci\u00f3 \/ ACN\" class=\"yoast-seo-meta-tag\" \/>\n\t<meta name=\"twitter:label2\" content=\"Tiempo de lectura\" class=\"yoast-seo-meta-tag\" \/>\n\t<meta name=\"twitter:data2\" content=\"2 minutos\" class=\"yoast-seo-meta-tag\" \/>\n<script type=\"application\/ld+json\" class=\"yoast-schema-graph\">{\"@context\":\"https:\\\/\\\/schema.org\",\"@graph\":[{\"@type\":\"NewsArticle\",\"@id\":\"https:\\\/\\\/www.eltriangle.eu\\\/es\\\/2023\\\/07\\\/18\\\/record-de-temperatura-en-cataluna-darnius-y-navata-llegan-a-los-451-grados\\\/#article\",\"isPartOf\":{\"@id\":\"https:\\\/\\\/www.eltriangle.eu\\\/es\\\/2023\\\/07\\\/18\\\/record-de-temperatura-en-cataluna-darnius-y-navata-llegan-a-los-451-grados\\\/\"},\"author\":{\"name\":\"Redacci\u00f3 \\\/ ACN\",\"@id\":\"https:\\\/\\\/www.eltriangle.eu\\\/es\\\/#\\\/schema\\\/person\\\/6e5938f06dd4dcd413779558fbf437d9\"},\"headline\":\"R\u00e9cord de temperatura en Catalu\u00f1a: Darnius y Navata llegan a los 45,1 grados\",\"datePublished\":\"2023-07-18T17:55:36+00:00\",\"dateModified\":\"2023-07-18T18:10:53+00:00\",\"mainEntityOfPage\":{\"@id\":\"https:\\\/\\\/www.eltriangle.eu\\\/es\\\/2023\\\/07\\\/18\\\/record-de-temperatura-en-cataluna-darnius-y-navata-llegan-a-los-451-grados\\\/\"},\"wordCount\":318,\"commentCount\":0,\"publisher\":{\"@id\":\"https:\\\/\\\/www.eltriangle.eu\\\/es\\\/#organization\"},\"image\":{\"@id\":\"https:\\\/\\\/www.eltriangle.eu\\\/es\\\/2023\\\/07\\\/18\\\/record-de-temperatura-en-cataluna-darnius-y-navata-llegan-a-los-451-grados\\\/#primaryimage\"},\"thumbnailUrl\":\"https:\\\/\\\/www.eltriangle.eu\\\/wp-content\\\/uploads\\\/2023\\\/07\\\/1c3165c6-1007-43eb-970f-7679678b258f-e1689695683762.jpg\",\"keywords\":[\"Meteocat\",\"ola de calor\"],\"articleSection\":[\"Actualidad\",\"En la calle\",\"Medio ambiente\"],\"inLanguage\":\"es\",\"potentialAction\":[{\"@type\":\"CommentAction\",\"name\":\"Comment\",\"target\":[\"https:\\\/\\\/www.eltriangle.eu\\\/es\\\/2023\\\/07\\\/18\\\/record-de-temperatura-en-cataluna-darnius-y-navata-llegan-a-los-451-grados\\\/#respond\"]}]},{\"@type\":\"WebPage\",\"@id\":\"https:\\\/\\\/www.eltriangle.eu\\\/es\\\/2023\\\/07\\\/18\\\/record-de-temperatura-en-cataluna-darnius-y-navata-llegan-a-los-451-grados\\\/\",\"url\":\"https:\\\/\\\/www.eltriangle.eu\\\/es\\\/2023\\\/07\\\/18\\\/record-de-temperatura-en-cataluna-darnius-y-navata-llegan-a-los-451-grados\\\/\",\"name\":\"R\u00e9cord de temperatura en Catalu\u00f1a: Darnius y Navata llegan a los 45,1 grados - El Triangle\",\"isPartOf\":{\"@id\":\"https:\\\/\\\/www.eltriangle.eu\\\/es\\\/#website\"},\"primaryImageOfPage\":{\"@id\":\"https:\\\/\\\/www.eltriangle.eu\\\/es\\\/2023\\\/07\\\/18\\\/record-de-temperatura-en-cataluna-darnius-y-navata-llegan-a-los-451-grados\\\/#primaryimage\"},\"image\":{\"@id\":\"https:\\\/\\\/www.eltriangle.eu\\\/es\\\/2023\\\/07\\\/18\\\/record-de-temperatura-en-cataluna-darnius-y-navata-llegan-a-los-451-grados\\\/#primaryimage\"},\"thumbnailUrl\":\"https:\\\/\\\/www.eltriangle.eu\\\/wp-content\\\/uploads\\\/2023\\\/07\\\/1c3165c6-1007-43eb-970f-7679678b258f-e1689695683762.jpg\",\"datePublished\":\"2023-07-18T17:55:36+00:00\",\"dateModified\":\"2023-07-18T18:10:53+00:00\",\"description\":\"El pantano de Darnius Boadella y la localidad de Navata (ambos en la comarca Alt Empord\u00e0) han registrado este martes la temperatura m\u00e1s alta en Catalu\u00f1a\",\"breadcrumb\":{\"@id\":\"https:\\\/\\\/www.eltriangle.eu\\\/es\\\/2023\\\/07\\\/18\\\/record-de-temperatura-en-cataluna-darnius-y-navata-llegan-a-los-451-grados\\\/#breadcrumb\"},\"inLanguage\":\"es\",\"potentialAction\":[{\"@type\":\"ReadAction\",\"target\":[\"https:\\\/\\\/www.eltriangle.eu\\\/es\\\/2023\\\/07\\\/18\\\/record-de-temperatura-en-cataluna-darnius-y-navata-llegan-a-los-451-grados\\\/\"]}]},{\"@type\":\"ImageObject\",\"inLanguage\":\"es\",\"@id\":\"https:\\\/\\\/www.eltriangle.eu\\\/es\\\/2023\\\/07\\\/18\\\/record-de-temperatura-en-cataluna-darnius-y-navata-llegan-a-los-451-grados\\\/#primaryimage\",\"url\":\"https:\\\/\\\/www.eltriangle.eu\\\/wp-content\\\/uploads\\\/2023\\\/07\\\/1c3165c6-1007-43eb-970f-7679678b258f-e1689695683762.jpg\",\"contentUrl\":\"https:\\\/\\\/www.eltriangle.eu\\\/wp-content\\\/uploads\\\/2023\\\/07\\\/1c3165c6-1007-43eb-970f-7679678b258f-e1689695683762.jpg\",\"width\":1200,\"height\":800,\"caption\":\"Una mujer abanic\u00e1ndose en la sombra (ACN)\"},{\"@type\":\"BreadcrumbList\",\"@id\":\"https:\\\/\\\/www.eltriangle.eu\\\/es\\\/2023\\\/07\\\/18\\\/record-de-temperatura-en-cataluna-darnius-y-navata-llegan-a-los-451-grados\\\/#breadcrumb\",\"itemListElement\":[{\"@type\":\"ListItem\",\"position\":1,\"name\":\"Portada\",\"item\":\"https:\\\/\\\/www.eltriangle.eu\\\/es\\\/\"},{\"@type\":\"ListItem\",\"position\":2,\"name\":\"R\u00e9cord de temperatura en Catalu\u00f1a: Darnius y Navata llegan a los 45,1 grados\"}]},{\"@type\":\"WebSite\",\"@id\":\"https:\\\/\\\/www.eltriangle.eu\\\/es\\\/#website\",\"url\":\"https:\\\/\\\/www.eltriangle.eu\\\/es\\\/\",\"name\":\"El Triangle\",\"description\":\"El Triangle \u00e9s un Diari d&#039;informaci\u00f3 general, editat a Catalunya i escrit en llengua catalana, especialitzat en investigaci\u00f3 period\u00edstica\",\"publisher\":{\"@id\":\"https:\\\/\\\/www.eltriangle.eu\\\/es\\\/#organization\"},\"potentialAction\":[{\"@type\":\"SearchAction\",\"target\":{\"@type\":\"EntryPoint\",\"urlTemplate\":\"https:\\\/\\\/www.eltriangle.eu\\\/es\\\/?s={search_term_string}\"},\"query-input\":{\"@type\":\"PropertyValueSpecification\",\"valueRequired\":true,\"valueName\":\"search_term_string\"}}],\"inLanguage\":\"es\"},{\"@type\":[\"Organization\",\"NewsMediaOrganization\"],\"@id\":\"https:\\\/\\\/www.eltriangle.eu\\\/es\\\/#organization\",\"name\":\"El Triangle\",\"url\":\"https:\\\/\\\/www.eltriangle.eu\\\/es\\\/\",\"logo\":{\"@type\":\"ImageObject\",\"inLanguage\":\"es\",\"@id\":\"https:\\\/\\\/www.eltriangle.eu\\\/es\\\/#\\\/schema\\\/logo\\\/image\\\/\",\"url\":\"https:\\\/\\\/www.eltriangle.eu\\\/wp-content\\\/uploads\\\/2020\\\/11\\\/triangle_logo-ajustado.jpg\",\"contentUrl\":\"https:\\\/\\\/www.eltriangle.eu\\\/wp-content\\\/uploads\\\/2020\\\/11\\\/triangle_logo-ajustado.jpg\",\"width\":521,\"height\":92,\"caption\":\"El Triangle\"},\"image\":{\"@id\":\"https:\\\/\\\/www.eltriangle.eu\\\/es\\\/#\\\/schema\\\/logo\\\/image\\\/\"},\"sameAs\":[\"https:\\\/\\\/www.facebook.com\\\/El-Triangle-Diari-101787399020302\",\"https:\\\/\\\/x.com\\\/El_Triangle\",\"https:\\\/\\\/www.youtube.com\\\/channel\\\/UCTIjmYEMYSpdGonuAgNhbcg\"]},{\"@type\":\"Person\",\"@id\":\"https:\\\/\\\/www.eltriangle.eu\\\/es\\\/#\\\/schema\\\/person\\\/6e5938f06dd4dcd413779558fbf437d9\",\"name\":\"Redacci\u00f3 \\\/ ACN\",\"image\":{\"@type\":\"ImageObject\",\"inLanguage\":\"es\",\"@id\":\"\\\/\\\/www.gravatar.com\\\/avatar\\\/a5bc366245a614da74d9f8d49d1b53bf?s=96&#038;r=g&#038;d=mm\",\"url\":\"\\\/\\\/www.gravatar.com\\\/avatar\\\/a5bc366245a614da74d9f8d49d1b53bf?s=96&#038;r=g&#038;d=mm\",\"contentUrl\":\"\\\/\\\/www.gravatar.com\\\/avatar\\\/a5bc366245a614da74d9f8d49d1b53bf?s=96&#038;r=g&#038;d=mm\",\"caption\":\"Redacci\u00f3 \\\/ ACN\"},\"url\":\"https:\\\/\\\/www.eltriangle.eu\\\/es\\\/author\\\/redaccioacn\\\/\"},{\"@type\":\"SiteNavigationElement\",\"@id\":\"https:\\\/\\\/www.eltriangle.eu\\\/es\\\/#site-navigation\",\"cssSelector\":[\".cib-main-menu\"]},{\"@type\":\"WPHeader\",\"@id\":\"https:\\\/\\\/www.eltriangle.eu\\\/es\\\/#header\",\"cssSelector\":[\".cib-header\"]},{\"@type\":\"WPFooter\",\"@id\":\"https:\\\/\\\/www.eltriangle.eu\\\/es\\\/#footer\",\"cssSelector\":[\".cib-footer\"]}]}<\/script>\n<!-- \/ Yoast SEO plugin. -->","yoast_head_json":{"title":"R\u00e9cord de temperatura en Catalu\u00f1a: Darnius y Navata llegan a los 45,1 grados - El Triangle","description":"El pantano de Darnius Boadella y la localidad de Navata (ambos en la comarca Alt Empord\u00e0) han registrado este martes la temperatura m\u00e1s alta en Catalu\u00f1a","robots":{"index":"index","follow":"follow","max-snippet":"max-snippet:-1","max-image-preview":"max-image-preview:large","max-video-preview":"max-video-preview:-1"},"canonical":"https:\/\/www.eltriangle.eu\/es\/2023\/07\/18\/record-de-temperatura-en-cataluna-darnius-y-navata-llegan-a-los-451-grados\/","og_locale":"es_ES","og_type":"article","og_title":"R\u00e9cord de temperatura en Catalu\u00f1a: Darnius y Navata llegan a los 45,1 grados - El Triangle","og_description":"El pantano de Darnius Boadella y la localidad de Navata (ambos en la comarca Alt Empord\u00e0) han registrado este martes la temperatura m\u00e1s alta en Catalu\u00f1a","og_url":"https:\/\/www.eltriangle.eu\/es\/2023\/07\/18\/record-de-temperatura-en-cataluna-darnius-y-navata-llegan-a-los-451-grados\/","og_site_name":"El Triangle","article_publisher":"https:\/\/www.facebook.com\/El-Triangle-Diari-101787399020302","article_published_time":"2023-07-18T17:55:36+00:00","article_modified_time":"2023-07-18T18:10:53+00:00","og_image":[{"width":1200,"height":800,"url":"https:\/\/www.eltriangle.eu\/wp-content\/uploads\/2023\/07\/1c3165c6-1007-43eb-970f-7679678b258f-e1689695683762.jpg","type":"image\/jpeg"}],"author":"Redacci\u00f3 \/ ACN","twitter_card":"summary_large_image","twitter_creator":"@El_Triangle","twitter_site":"@El_Triangle","twitter_misc":{"Escrito por":"Redacci\u00f3 \/ ACN","Tiempo de lectura":"2 minutos"},"schema":{"@context":"https:\/\/schema.org","@graph":[{"@type":"NewsArticle","@id":"https:\/\/www.eltriangle.eu\/es\/2023\/07\/18\/record-de-temperatura-en-cataluna-darnius-y-navata-llegan-a-los-451-grados\/#article","isPartOf":{"@id":"https:\/\/www.eltriangle.eu\/es\/2023\/07\/18\/record-de-temperatura-en-cataluna-darnius-y-navata-llegan-a-los-451-grados\/"},"author":{"name":"Redacci\u00f3 \/ ACN","@id":"https:\/\/www.eltriangle.eu\/es\/#\/schema\/person\/6e5938f06dd4dcd413779558fbf437d9"},"headline":"R\u00e9cord de temperatura en Catalu\u00f1a: Darnius y Navata llegan a los 45,1 grados","datePublished":"2023-07-18T17:55:36+00:00","dateModified":"2023-07-18T18:10:53+00:00","mainEntityOfPage":{"@id":"https:\/\/www.eltriangle.eu\/es\/2023\/07\/18\/record-de-temperatura-en-cataluna-darnius-y-navata-llegan-a-los-451-grados\/"},"wordCount":318,"commentCount":0,"publisher":{"@id":"https:\/\/www.eltriangle.eu\/es\/#organization"},"image":{"@id":"https:\/\/www.eltriangle.eu\/es\/2023\/07\/18\/record-de-temperatura-en-cataluna-darnius-y-navata-llegan-a-los-451-grados\/#primaryimage"},"thumbnailUrl":"https:\/\/www.eltriangle.eu\/wp-content\/uploads\/2023\/07\/1c3165c6-1007-43eb-970f-7679678b258f-e1689695683762.jpg","keywords":["Meteocat","ola de calor"],"articleSection":["Actualidad","En la calle","Medio ambiente"],"inLanguage":"es","potentialAction":[{"@type":"CommentAction","name":"Comment","target":["https:\/\/www.eltriangle.eu\/es\/2023\/07\/18\/record-de-temperatura-en-cataluna-darnius-y-navata-llegan-a-los-451-grados\/#respond"]}]},{"@type":"WebPage","@id":"https:\/\/www.eltriangle.eu\/es\/2023\/07\/18\/record-de-temperatura-en-cataluna-darnius-y-navata-llegan-a-los-451-grados\/","url":"https:\/\/www.eltriangle.eu\/es\/2023\/07\/18\/record-de-temperatura-en-cataluna-darnius-y-navata-llegan-a-los-451-grados\/","name":"R\u00e9cord de temperatura en Catalu\u00f1a: Darnius y Navata llegan a los 45,1 grados - El Triangle","isPartOf":{"@id":"https:\/\/www.eltriangle.eu\/es\/#website"},"primaryImageOfPage":{"@id":"https:\/\/www.eltriangle.eu\/es\/2023\/07\/18\/record-de-temperatura-en-cataluna-darnius-y-navata-llegan-a-los-451-grados\/#primaryimage"},"image":{"@id":"https:\/\/www.eltriangle.eu\/es\/2023\/07\/18\/record-de-temperatura-en-cataluna-darnius-y-navata-llegan-a-los-451-grados\/#primaryimage"},"thumbnailUrl":"https:\/\/www.eltriangle.eu\/wp-content\/uploads\/2023\/07\/1c3165c6-1007-43eb-970f-7679678b258f-e1689695683762.jpg","datePublished":"2023-07-18T17:55:36+00:00","dateModified":"2023-07-18T18:10:53+00:00","description":"El pantano de Darnius Boadella y la localidad de Navata (ambos en la comarca Alt Empord\u00e0) han registrado este martes la temperatura m\u00e1s alta en Catalu\u00f1a","breadcrumb":{"@id":"https:\/\/www.eltriangle.eu\/es\/2023\/07\/18\/record-de-temperatura-en-cataluna-darnius-y-navata-llegan-a-los-451-grados\/#breadcrumb"},"inLanguage":"es","potentialAction":[{"@type":"ReadAction","target":["https:\/\/www.eltriangle.eu\/es\/2023\/07\/18\/record-de-temperatura-en-cataluna-darnius-y-navata-llegan-a-los-451-grados\/"]}]},{"@type":"ImageObject","inLanguage":"es","@id":"https:\/\/www.eltriangle.eu\/es\/2023\/07\/18\/record-de-temperatura-en-cataluna-darnius-y-navata-llegan-a-los-451-grados\/#primaryimage","url":"https:\/\/www.eltriangle.eu\/wp-content\/uploads\/2023\/07\/1c3165c6-1007-43eb-970f-7679678b258f-e1689695683762.jpg","contentUrl":"https:\/\/www.eltriangle.eu\/wp-content\/uploads\/2023\/07\/1c3165c6-1007-43eb-970f-7679678b258f-e1689695683762.jpg","width":1200,"height":800,"caption":"Una mujer abanic\u00e1ndose en la sombra (ACN)"},{"@type":"BreadcrumbList","@id":"https:\/\/www.eltriangle.eu\/es\/2023\/07\/18\/record-de-temperatura-en-cataluna-darnius-y-navata-llegan-a-los-451-grados\/#breadcrumb","itemListElement":[{"@type":"ListItem","position":1,"name":"Portada","item":"https:\/\/www.eltriangle.eu\/es\/"},{"@type":"ListItem","position":2,"name":"R\u00e9cord de temperatura en Catalu\u00f1a: Darnius y Navata llegan a los 45,1 grados"}]},{"@type":"WebSite","@id":"https:\/\/www.eltriangle.eu\/es\/#website","url":"https:\/\/www.eltriangle.eu\/es\/","name":"El Triangle","description":"El Triangle \u00e9s un Diari d&#039;informaci\u00f3 general, editat a Catalunya i escrit en llengua catalana, especialitzat en investigaci\u00f3 period\u00edstica","publisher":{"@id":"https:\/\/www.eltriangle.eu\/es\/#organization"},"potentialAction":[{"@type":"SearchAction","target":{"@type":"EntryPoint","urlTemplate":"https:\/\/www.eltriangle.eu\/es\/?s={search_term_string}"},"query-input":{"@type":"PropertyValueSpecification","valueRequired":true,"valueName":"search_term_string"}}],"inLanguage":"es"},{"@type":["Organization","NewsMediaOrganization"],"@id":"https:\/\/www.eltriangle.eu\/es\/#organization","name":"El Triangle","url":"https:\/\/www.eltriangle.eu\/es\/","logo":{"@type":"ImageObject","inLanguage":"es","@id":"https:\/\/www.eltriangle.eu\/es\/#\/schema\/logo\/image\/","url":"https:\/\/www.eltriangle.eu\/wp-content\/uploads\/2020\/11\/triangle_logo-ajustado.jpg","contentUrl":"https:\/\/www.eltriangle.eu\/wp-content\/uploads\/2020\/11\/triangle_logo-ajustado.jpg","width":521,"height":92,"caption":"El Triangle"},"image":{"@id":"https:\/\/www.eltriangle.eu\/es\/#\/schema\/logo\/image\/"},"sameAs":["https:\/\/www.facebook.com\/El-Triangle-Diari-101787399020302","https:\/\/x.com\/El_Triangle","https:\/\/www.youtube.com\/channel\/UCTIjmYEMYSpdGonuAgNhbcg"]},{"@type":"Person","@id":"https:\/\/www.eltriangle.eu\/es\/#\/schema\/person\/6e5938f06dd4dcd413779558fbf437d9","name":"Redacci\u00f3 \/ ACN","image":{"@type":"ImageObject","inLanguage":"es","@id":"\/\/www.gravatar.com\/avatar\/a5bc366245a614da74d9f8d49d1b53bf?s=96&#038;r=g&#038;d=mm","url":"\/\/www.gravatar.com\/avatar\/a5bc366245a614da74d9f8d49d1b53bf?s=96&#038;r=g&#038;d=mm","contentUrl":"\/\/www.gravatar.com\/avatar\/a5bc366245a614da74d9f8d49d1b53bf?s=96&#038;r=g&#038;d=mm","caption":"Redacci\u00f3 \/ ACN"},"url":"https:\/\/www.eltriangle.eu\/es\/author\/redaccioacn\/"},{"@type":"SiteNavigationElement","@id":"https:\/\/www.eltriangle.eu\/es\/#site-navigation","cssSelector":[".cib-main-menu"]},{"@type":"WPHeader","@id":"https:\/\/www.eltriangle.eu\/es\/#header","cssSelector":[".cib-header"]},{"@type":"WPFooter","@id":"https:\/\/www.eltriangle.eu\/es\/#footer","cssSelector":[".cib-footer"]}]}},"amp_enabled":true,"_links":{"self":[{"href":"https:\/\/www.eltriangle.eu\/es\/wp-json\/wp\/v2\/posts\/206575","targetHints":{"allow":["GET"]}}],"collection":[{"href":"https:\/\/www.eltriangle.eu\/es\/wp-json\/wp\/v2\/posts"}],"about":[{"href":"https:\/\/www.eltriangle.eu\/es\/wp-json\/wp\/v2\/types\/post"}],"author":[{"embeddable":true,"href":"https:\/\/www.eltriangle.eu\/es\/wp-json\/wp\/v2\/users\/179"}],"replies":[{"embeddable":true,"href":"https:\/\/www.eltriangle.eu\/es\/wp-json\/wp\/v2\/comments?post=206575"}],"version-history":[{"count":0,"href":"https:\/\/www.eltriangle.eu\/es\/wp-json\/wp\/v2\/posts\/206575\/revisions"}],"wp:featuredmedia":[{"embeddable":true,"href":"https:\/\/www.eltriangle.eu\/es\/wp-json\/wp\/v2\/media\/206572"}],"wp:attachment":[{"href":"https:\/\/www.eltriangle.eu\/es\/wp-json\/wp\/v2\/media?parent=206575"}],"wp:term":[{"taxonomy":"category","embeddable":true,"href":"https:\/\/www.eltriangle.eu\/es\/wp-json\/wp\/v2\/categories?post=206575"},{"taxonomy":"post_tag","embeddable":true,"href":"https:\/\/www.eltriangle.eu\/es\/wp-json\/wp\/v2\/tags?post=206575"}],"curies":[{"name":"wp","href":"https:\/\/api.w.org\/{rel}","templated":true}]}}